{"id":116743,"date":"2024-06-16T14:00:21","date_gmt":"2024-06-16T17:00:21","guid":{"rendered":"https:\/\/redenoticiaz.com.br\/litoralsp\/?p=116743"},"modified":"2024-06-15T13:27:21","modified_gmt":"2024-06-15T16:27:21","slug":"bacteria-presente-na-boca-e-responsavel-por-ate-80-dos-casos-de-endocardite","status":"publish","type":"post","link":"https:\/\/redenoticiaz.com.br\/litoralsp\/2024\/06\/16\/bacteria-presente-na-boca-e-responsavel-por-ate-80-dos-casos-de-endocardite","title":{"rendered":"Bact\u00e9ria presente na boca \u00e9 respons\u00e1vel por at\u00e9 80% dos casos de endocardite"},"content":{"rendered":"<p>O cora\u00e7\u00e3o tamb\u00e9m \u00e9 assunto de odontologia. Por conta disso, \u00e9 importante saber o que causa, o que \u00e9, quais s\u00e3o as causas e como \u00e9 poss\u00edvel evitar a endocardite bacteriana. Ela \u00e9 uma infec\u00e7\u00e3o bacteriana, que pode ocorrer nas estruturas internas do cora\u00e7\u00e3o, afetando, principalmente, as v\u00e1lvulas card\u00edacas.<\/p>\n<p>De acordo com a revis\u00e3o do\u00a0<a href=\"https:\/\/www.pathologyoutlines.com\/topic\/heartnontumorinfecendocarditis.html\">Pathology Outlines<\/a>, a bact\u00e9ria estreptococos \u00e9 respons\u00e1vel por 50% a 80% dos casos de endocardite infecciosa. Essa bact\u00e9ria \u00e9 normalmente encontrada no trato aerodigestivo superior, podendo se disseminar por extra\u00e7\u00e3o de dente, m\u00e1 higiene bucal ou durante a cirurgia de retirada da amigdala. O risco de desenvolver endocardite \u00e9 maior entre as pessoas com cardiopatias (doen\u00e7as do cora\u00e7\u00e3o).<\/p>\n<p>Entre os sintomas de endocardite infecciosa est\u00e3o febre, perda do apetite, suor noturno, falta de ar. \u00c9 uma doen\u00e7a que pode colocar a vida em risco, portanto, em caso de suspeita \u00e9 muito importante buscar atendimento hospitalar para se confirmado o diagn\u00f3stico, iniciar o tratamento.<\/p>\n<p>O que muitos n\u00e3o sabem \u00e9 que uma das principais causas dessa infec\u00e7\u00e3o \u00e9 a realiza\u00e7\u00e3o de tratamentos dent\u00e1rios, especialmente em pacientes que j\u00e1 apresentam algum tipo de cardiopatia, sem os devidos cuidados, como a utiliza\u00e7\u00e3o pr\u00e9via de antibi\u00f3tico antes do tratamento. \u201cEssa medida previne infec\u00e7\u00f5es na corrente sangu\u00ednea que podem levar bact\u00e9rias at\u00e9 o cora\u00e7\u00e3o provocando a endocardite\u201d, informa o dentista S\u00e9rgio Kignel, doutor em Diagn\u00f3stico Bucal, professor titular da disciplina de Semiologia do Centro Universit\u00e1rio Herminio Ometto (UNIARARAS) e diretor da Cl\u00ednica S\u00e9rgio Kignel.<\/p>\n<p>O especialista explica que, na cavidade bucal, coexistem bact\u00e9rias, v\u00edrus e fungos. Al\u00e9m disso \u00e9 uma ambiente sujeito a sangramentos que podem ser causados por problemas na gengiva, na escova\u00e7\u00e3o, no uso do fio dental e at\u00e9 mesmo ao mastigar um alimento. Todas essas situa\u00e7\u00f5es podem gerar uma oportunidade de uma das bact\u00e9rias da boca penetrar na corrente sangu\u00ednea. \u201cNenhuma outra regi\u00e3o do corpo tem mais possibilidade de uma bact\u00e9ria penetrar no organismo do que a boca\u201d, diz. Mas \u00e9 claro que nem todas as pessoas que machucam a boca ser\u00e3o acometidas por endocardite. O grupo de risco para endocardite \u00e9 composto por pessoas que j\u00e1 apresentam algum tipo de cardiopatia.<\/p>\n<p>Portanto para esses pacientes, o tratamento dent\u00e1rio deve ser feito, mas precisa obedecer cuidados que evitam esse risco. Esses cuidados, explica Kignel, variam de acordo com o paciente e o dentista precisa levar em conta as recomenda\u00e7\u00f5es do cardiologista. Em linhas gerais, a utiliza\u00e7\u00e3o de antibi\u00f3tico profil\u00e1tico antes do tratamento \u00e9 o suficiente para garantir a seguran\u00e7a do paciente. H\u00e1 alguns m\u00e9dicos que prescrevem uma dose antes e outra depois do tratamento. As varia\u00e7\u00f5es da terap\u00eautica tamb\u00e9m acontecem de acordo com o procedimento que o paciente vai fazer: tratar uma c\u00e1rie, uma limpeza dos dentes, uma extra\u00e7\u00e3o, uma cirurgia. Excetuando os cuidados com antibi\u00f3tico, os demais procedimentos da odontologia s\u00e3o os de praxe, com anestesia e demais\u00a0 interven\u00e7\u00f5es necess\u00e1rias.<\/p>\n<p>A medida mais importante para esses pacientes \u00e9 a individualiza\u00e7\u00e3o do risco, afirma Kignel. \u201cAtendi um paciente com cardiopatia que estava h\u00e1 dois anos sem vir ao dentista e apresentava um problema de gengiva. Ele tomou o antibi\u00f3tico profil\u00e1tico, fez a limpeza e pedi para retornar em seis meses para nova avalia\u00e7\u00e3o. Se tudo estiver muito bem, volta em nove meses. \u00c9 um paciente que precisa de um acompanhamento mais frequente\u201d, afirma.<\/p>\n<p><b>LEIA MAIS<\/b><\/p>\n<p><a href=\"https:\/\/redenoticiaz.com.br\/blog\/2024\/06\/15\/o-que-da-para-comprar-com-o-premio-da-quina-de-sao-joao-estimado-em-r220-milhoes\">O que d\u00e1 para comprar com o pr\u00eamio da Quina de S\u00e3o Jo\u00e3o estimado em R$220 milh\u00f5es?<\/a><\/p>\n<p><a href=\"https:\/\/redenoticiaz.com.br\/blog\/2024\/06\/15\/cetesb-abre-275-vagas-de-estagios-em-parceria-com-a-ciee\">Cetesb abre 275 vagas de est\u00e1gios em parceria com a CIEE<\/a><\/p>\n<p>&nbsp;<\/p>\n<p>&nbsp;<\/p>\n<p>&nbsp;<\/p>\n","protected":false},"excerpt":{"rendered":"<p>O cora\u00e7\u00e3o tamb\u00e9m \u00e9 assunto de odontologia. Por conta disso, \u00e9 importante saber o que causa, o que \u00e9, quais s\u00e3o as causas e como \u00e9 poss\u00edvel evitar a endocardite bacteriana. Ela \u00e9 uma infec\u00e7\u00e3o bacteriana, que pode ocorrer nas estruturas internas do cora\u00e7\u00e3o, afetando, principalmente, as v\u00e1lvulas card\u00edacas. De acordo com a revis\u00e3o do\u00a0Pathology &hellip;<\/p>\n","protected":false},"author":30,"featured_media":116744,"comment_status":"open","ping_status":"closed","sticky":false,"template":"","format":"standard","meta":{"footnotes":""},"categories":[23],"tags":[65168,67505,68378],"class_list":["post-116743","post","type-post","status-publish","format-standard","has-post-thumbnail","hentry","category-saude","tag-bacteria","tag-boca","tag-endocardite"],"yoast_head":"<!-- This site is optimized with the Yoast SEO plugin v27.5 - https:\/\/yoast.com\/product\/yoast-seo-wordpress\/ -->\n<title>Bact\u00e9ria presente na boca \u00e9 respons\u00e1vel por at\u00e9 80% dos casos de endocardite - Litoral SP<\/title>\n<meta name=\"description\" content=\"O cora\u00e7\u00e3o tamb\u00e9m \u00e9 assunto de odontologia. Por conta disso, \u00e9 importante saber o que causa, o que \u00e9, quais s\u00e3o as causas e como \u00e9 poss\u00edvel evitar a endocardite bacteriana.\" \/>\n<meta name=\"robots\" content=\"index, follow, max-snippet:-1, max-image-preview:large, max-video-preview:-1\" \/>\n<link rel=\"canonical\" href=\"https:\/\/redenoticiaz.com.br\/litoralsp\/2024\/06\/16\/bacteria-presente-na-boca-e-responsavel-por-ate-80-dos-casos-de-endocardite\" \/>\n<meta property=\"og:locale\" content=\"pt_BR\" \/>\n<meta property=\"og:type\" content=\"article\" \/>\n<meta property=\"og:title\" content=\"Bact\u00e9ria presente na boca \u00e9 respons\u00e1vel por at\u00e9 80% dos casos de endocardite - Litoral SP\" \/>\n<meta property=\"og:description\" content=\"O cora\u00e7\u00e3o tamb\u00e9m \u00e9 assunto de odontologia. Por conta disso, \u00e9 importante saber o que causa, o que \u00e9, quais s\u00e3o as causas e como \u00e9 poss\u00edvel evitar a endocardite bacteriana.\" \/>\n<meta property=\"og:url\" content=\"https:\/\/redenoticiaz.com.br\/litoralsp\/2024\/06\/16\/bacteria-presente-na-boca-e-responsavel-por-ate-80-dos-casos-de-endocardite\" \/>\n<meta property=\"og:site_name\" content=\"Litoral SP\" \/>\n<meta property=\"article:published_time\" content=\"2024-06-16T17:00:21+00:00\" \/>\n<meta property=\"og:image\" content=\"https:\/\/redenoticiaz.com.br\/litoralsp\/wp-content\/uploads\/sites\/3\/2024\/06\/22a60227c38625eaaff2ac2b21229707_medium.jpg?v=1718468794\" \/>\n\t<meta property=\"og:image:width\" content=\"300\" \/>\n\t<meta property=\"og:image:height\" content=\"232\" \/>\n\t<meta property=\"og:image:type\" content=\"image\/jpeg\" \/>\n<meta name=\"author\" content=\"Carina Reifonas\" \/>\n<meta name=\"twitter:card\" content=\"summary_large_image\" \/>\n<meta name=\"twitter:label1\" content=\"Escrito por\" \/>\n\t<meta name=\"twitter:data1\" content=\"Carina Reifonas\" \/>\n\t<meta name=\"twitter:label2\" content=\"Est. tempo de leitura\" \/>\n\t<meta name=\"twitter:data2\" content=\"4 minutos\" \/>\n<script type=\"application\/ld+json\" class=\"yoast-schema-graph\">{\"@context\":\"https:\\\/\\\/schema.org\",\"@graph\":[{\"@type\":\"Article\",\"@id\":\"https:\\\/\\\/redenoticiaz.com.br\\\/litoralsp\\\/2024\\\/06\\\/16\\\/bacteria-presente-na-boca-e-responsavel-por-ate-80-dos-casos-de-endocardite#article\",\"isPartOf\":{\"@id\":\"https:\\\/\\\/redenoticiaz.com.br\\\/litoralsp\\\/2024\\\/06\\\/16\\\/bacteria-presente-na-boca-e-responsavel-por-ate-80-dos-casos-de-endocardite\"},\"author\":{\"name\":\"Carina Reifonas\",\"@id\":\"https:\\\/\\\/redenoticiaz.com.br\\\/litoralsp\\\/#\\\/schema\\\/person\\\/1f84d6e94e6a62d2d81199d7503e9e90\"},\"headline\":\"Bact\u00e9ria presente na boca \u00e9 respons\u00e1vel por at\u00e9 80% dos casos de endocardite\",\"datePublished\":\"2024-06-16T17:00:21+00:00\",\"mainEntityOfPage\":{\"@id\":\"https:\\\/\\\/redenoticiaz.com.br\\\/litoralsp\\\/2024\\\/06\\\/16\\\/bacteria-presente-na-boca-e-responsavel-por-ate-80-dos-casos-de-endocardite\"},\"wordCount\":640,\"commentCount\":0,\"publisher\":{\"@id\":\"https:\\\/\\\/redenoticiaz.com.br\\\/litoralsp\\\/#organization\"},\"image\":{\"@id\":\"https:\\\/\\\/redenoticiaz.com.br\\\/litoralsp\\\/2024\\\/06\\\/16\\\/bacteria-presente-na-boca-e-responsavel-por-ate-80-dos-casos-de-endocardite#primaryimage\"},\"thumbnailUrl\":\"https:\\\/\\\/redenoticiaz.com.br\\\/litoralsp\\\/wp-content\\\/uploads\\\/sites\\\/3\\\/2024\\\/06\\\/22a60227c38625eaaff2ac2b21229707_medium.jpg?v=1718468794\",\"keywords\":[\"bact\u00e9ria\",\"Boca\",\"endocardite\"],\"articleSection\":[\"Sa\u00fade\"],\"inLanguage\":\"pt-BR\",\"potentialAction\":[{\"@type\":\"CommentAction\",\"name\":\"Comment\",\"target\":[\"https:\\\/\\\/redenoticiaz.com.br\\\/litoralsp\\\/2024\\\/06\\\/16\\\/bacteria-presente-na-boca-e-responsavel-por-ate-80-dos-casos-de-endocardite#respond\"]}]},{\"@type\":\"WebPage\",\"@id\":\"https:\\\/\\\/redenoticiaz.com.br\\\/litoralsp\\\/2024\\\/06\\\/16\\\/bacteria-presente-na-boca-e-responsavel-por-ate-80-dos-casos-de-endocardite\",\"url\":\"https:\\\/\\\/redenoticiaz.com.br\\\/litoralsp\\\/2024\\\/06\\\/16\\\/bacteria-presente-na-boca-e-responsavel-por-ate-80-dos-casos-de-endocardite\",\"name\":\"Bact\u00e9ria presente na boca \u00e9 respons\u00e1vel por at\u00e9 80% dos casos de endocardite - Litoral SP\",\"isPartOf\":{\"@id\":\"https:\\\/\\\/redenoticiaz.com.br\\\/litoralsp\\\/#website\"},\"primaryImageOfPage\":{\"@id\":\"https:\\\/\\\/redenoticiaz.com.br\\\/litoralsp\\\/2024\\\/06\\\/16\\\/bacteria-presente-na-boca-e-responsavel-por-ate-80-dos-casos-de-endocardite#primaryimage\"},\"image\":{\"@id\":\"https:\\\/\\\/redenoticiaz.com.br\\\/litoralsp\\\/2024\\\/06\\\/16\\\/bacteria-presente-na-boca-e-responsavel-por-ate-80-dos-casos-de-endocardite#primaryimage\"},\"thumbnailUrl\":\"https:\\\/\\\/redenoticiaz.com.br\\\/litoralsp\\\/wp-content\\\/uploads\\\/sites\\\/3\\\/2024\\\/06\\\/22a60227c38625eaaff2ac2b21229707_medium.jpg?v=1718468794\",\"datePublished\":\"2024-06-16T17:00:21+00:00\",\"description\":\"O cora\u00e7\u00e3o tamb\u00e9m \u00e9 assunto de odontologia. Por conta disso, \u00e9 importante saber o que causa, o que \u00e9, quais s\u00e3o as causas e como \u00e9 poss\u00edvel evitar a endocardite bacteriana.\",\"inLanguage\":\"pt-BR\",\"potentialAction\":[{\"@type\":\"ReadAction\",\"target\":[\"https:\\\/\\\/redenoticiaz.com.br\\\/litoralsp\\\/2024\\\/06\\\/16\\\/bacteria-presente-na-boca-e-responsavel-por-ate-80-dos-casos-de-endocardite\"]}]},{\"@type\":\"ImageObject\",\"inLanguage\":\"pt-BR\",\"@id\":\"https:\\\/\\\/redenoticiaz.com.br\\\/litoralsp\\\/2024\\\/06\\\/16\\\/bacteria-presente-na-boca-e-responsavel-por-ate-80-dos-casos-de-endocardite#primaryimage\",\"url\":\"https:\\\/\\\/redenoticiaz.com.br\\\/litoralsp\\\/wp-content\\\/uploads\\\/sites\\\/3\\\/2024\\\/06\\\/22a60227c38625eaaff2ac2b21229707_medium.jpg?v=1718468794\",\"contentUrl\":\"https:\\\/\\\/redenoticiaz.com.br\\\/litoralsp\\\/wp-content\\\/uploads\\\/sites\\\/3\\\/2024\\\/06\\\/22a60227c38625eaaff2ac2b21229707_medium.jpg?v=1718468794\",\"width\":300,\"height\":232},{\"@type\":\"WebSite\",\"@id\":\"https:\\\/\\\/redenoticiaz.com.br\\\/litoralsp\\\/#website\",\"url\":\"https:\\\/\\\/redenoticiaz.com.br\\\/litoralsp\\\/\",\"name\":\"Litoral SP\",\"description\":\"Rede NoticiaZ\",\"publisher\":{\"@id\":\"https:\\\/\\\/redenoticiaz.com.br\\\/litoralsp\\\/#organization\"},\"potentialAction\":[{\"@type\":\"SearchAction\",\"target\":{\"@type\":\"EntryPoint\",\"urlTemplate\":\"https:\\\/\\\/redenoticiaz.com.br\\\/litoralsp\\\/?s={search_term_string}\"},\"query-input\":{\"@type\":\"PropertyValueSpecification\",\"valueRequired\":true,\"valueName\":\"search_term_string\"}}],\"inLanguage\":\"pt-BR\"},{\"@type\":\"Organization\",\"@id\":\"https:\\\/\\\/redenoticiaz.com.br\\\/litoralsp\\\/#organization\",\"name\":\"Litoral SP\",\"url\":\"https:\\\/\\\/redenoticiaz.com.br\\\/litoralsp\\\/\",\"logo\":{\"@type\":\"ImageObject\",\"inLanguage\":\"pt-BR\",\"@id\":\"https:\\\/\\\/redenoticiaz.com.br\\\/litoralsp\\\/#\\\/schema\\\/logo\\\/image\\\/\",\"url\":\"https:\\\/\\\/redenoticiaz.com.br\\\/litoralsp\\\/wp-content\\\/uploads\\\/sites\\\/3\\\/2020\\\/11\\\/logo.jpg\",\"contentUrl\":\"https:\\\/\\\/redenoticiaz.com.br\\\/litoralsp\\\/wp-content\\\/uploads\\\/sites\\\/3\\\/2020\\\/11\\\/logo.jpg\",\"width\":400,\"height\":250,\"caption\":\"Litoral SP\"},\"image\":{\"@id\":\"https:\\\/\\\/redenoticiaz.com.br\\\/litoralsp\\\/#\\\/schema\\\/logo\\\/image\\\/\"}},{\"@type\":\"Person\",\"@id\":\"https:\\\/\\\/redenoticiaz.com.br\\\/litoralsp\\\/#\\\/schema\\\/person\\\/1f84d6e94e6a62d2d81199d7503e9e90\",\"name\":\"Carina Reifonas\",\"image\":{\"@type\":\"ImageObject\",\"inLanguage\":\"pt-BR\",\"@id\":\"https:\\\/\\\/secure.gravatar.com\\\/avatar\\\/04c59859b23696cf867715880f81d5c037e60109730bdb4e6670ec2a2245bc97?s=96&d=mm&r=g\",\"url\":\"https:\\\/\\\/secure.gravatar.com\\\/avatar\\\/04c59859b23696cf867715880f81d5c037e60109730bdb4e6670ec2a2245bc97?s=96&d=mm&r=g\",\"contentUrl\":\"https:\\\/\\\/secure.gravatar.com\\\/avatar\\\/04c59859b23696cf867715880f81d5c037e60109730bdb4e6670ec2a2245bc97?s=96&d=mm&r=g\",\"caption\":\"Carina Reifonas\"},\"url\":\"https:\\\/\\\/redenoticiaz.com.br\\\/litoralsp\\\/author\\\/carinareifonas\"}]}<\/script>\n<!-- \/ Yoast SEO plugin. -->","yoast_head_json":{"title":"Bact\u00e9ria presente na boca \u00e9 respons\u00e1vel por at\u00e9 80% dos casos de endocardite - Litoral SP","description":"O cora\u00e7\u00e3o tamb\u00e9m \u00e9 assunto de odontologia. Por conta disso, \u00e9 importante saber o que causa, o que \u00e9, quais s\u00e3o as causas e como \u00e9 poss\u00edvel evitar a endocardite bacteriana.","robots":{"index":"index","follow":"follow","max-snippet":"max-snippet:-1","max-image-preview":"max-image-preview:large","max-video-preview":"max-video-preview:-1"},"canonical":"https:\/\/redenoticiaz.com.br\/litoralsp\/2024\/06\/16\/bacteria-presente-na-boca-e-responsavel-por-ate-80-dos-casos-de-endocardite","og_locale":"pt_BR","og_type":"article","og_title":"Bact\u00e9ria presente na boca \u00e9 respons\u00e1vel por at\u00e9 80% dos casos de endocardite - Litoral SP","og_description":"O cora\u00e7\u00e3o tamb\u00e9m \u00e9 assunto de odontologia. Por conta disso, \u00e9 importante saber o que causa, o que \u00e9, quais s\u00e3o as causas e como \u00e9 poss\u00edvel evitar a endocardite bacteriana.","og_url":"https:\/\/redenoticiaz.com.br\/litoralsp\/2024\/06\/16\/bacteria-presente-na-boca-e-responsavel-por-ate-80-dos-casos-de-endocardite","og_site_name":"Litoral SP","article_published_time":"2024-06-16T17:00:21+00:00","og_image":[{"width":300,"height":232,"url":"https:\/\/redenoticiaz.com.br\/litoralsp\/wp-content\/uploads\/sites\/3\/2024\/06\/22a60227c38625eaaff2ac2b21229707_medium.jpg?v=1718468794","type":"image\/jpeg"}],"author":"Carina Reifonas","twitter_card":"summary_large_image","twitter_misc":{"Escrito por":"Carina Reifonas","Est. tempo de leitura":"4 minutos"},"schema":{"@context":"https:\/\/schema.org","@graph":[{"@type":"Article","@id":"https:\/\/redenoticiaz.com.br\/litoralsp\/2024\/06\/16\/bacteria-presente-na-boca-e-responsavel-por-ate-80-dos-casos-de-endocardite#article","isPartOf":{"@id":"https:\/\/redenoticiaz.com.br\/litoralsp\/2024\/06\/16\/bacteria-presente-na-boca-e-responsavel-por-ate-80-dos-casos-de-endocardite"},"author":{"name":"Carina Reifonas","@id":"https:\/\/redenoticiaz.com.br\/litoralsp\/#\/schema\/person\/1f84d6e94e6a62d2d81199d7503e9e90"},"headline":"Bact\u00e9ria presente na boca \u00e9 respons\u00e1vel por at\u00e9 80% dos casos de endocardite","datePublished":"2024-06-16T17:00:21+00:00","mainEntityOfPage":{"@id":"https:\/\/redenoticiaz.com.br\/litoralsp\/2024\/06\/16\/bacteria-presente-na-boca-e-responsavel-por-ate-80-dos-casos-de-endocardite"},"wordCount":640,"commentCount":0,"publisher":{"@id":"https:\/\/redenoticiaz.com.br\/litoralsp\/#organization"},"image":{"@id":"https:\/\/redenoticiaz.com.br\/litoralsp\/2024\/06\/16\/bacteria-presente-na-boca-e-responsavel-por-ate-80-dos-casos-de-endocardite#primaryimage"},"thumbnailUrl":"https:\/\/redenoticiaz.com.br\/litoralsp\/wp-content\/uploads\/sites\/3\/2024\/06\/22a60227c38625eaaff2ac2b21229707_medium.jpg?v=1718468794","keywords":["bact\u00e9ria","Boca","endocardite"],"articleSection":["Sa\u00fade"],"inLanguage":"pt-BR","potentialAction":[{"@type":"CommentAction","name":"Comment","target":["https:\/\/redenoticiaz.com.br\/litoralsp\/2024\/06\/16\/bacteria-presente-na-boca-e-responsavel-por-ate-80-dos-casos-de-endocardite#respond"]}]},{"@type":"WebPage","@id":"https:\/\/redenoticiaz.com.br\/litoralsp\/2024\/06\/16\/bacteria-presente-na-boca-e-responsavel-por-ate-80-dos-casos-de-endocardite","url":"https:\/\/redenoticiaz.com.br\/litoralsp\/2024\/06\/16\/bacteria-presente-na-boca-e-responsavel-por-ate-80-dos-casos-de-endocardite","name":"Bact\u00e9ria presente na boca \u00e9 respons\u00e1vel por at\u00e9 80% dos casos de endocardite - Litoral SP","isPartOf":{"@id":"https:\/\/redenoticiaz.com.br\/litoralsp\/#website"},"primaryImageOfPage":{"@id":"https:\/\/redenoticiaz.com.br\/litoralsp\/2024\/06\/16\/bacteria-presente-na-boca-e-responsavel-por-ate-80-dos-casos-de-endocardite#primaryimage"},"image":{"@id":"https:\/\/redenoticiaz.com.br\/litoralsp\/2024\/06\/16\/bacteria-presente-na-boca-e-responsavel-por-ate-80-dos-casos-de-endocardite#primaryimage"},"thumbnailUrl":"https:\/\/redenoticiaz.com.br\/litoralsp\/wp-content\/uploads\/sites\/3\/2024\/06\/22a60227c38625eaaff2ac2b21229707_medium.jpg?v=1718468794","datePublished":"2024-06-16T17:00:21+00:00","description":"O cora\u00e7\u00e3o tamb\u00e9m \u00e9 assunto de odontologia. Por conta disso, \u00e9 importante saber o que causa, o que \u00e9, quais s\u00e3o as causas e como \u00e9 poss\u00edvel evitar a endocardite bacteriana.","inLanguage":"pt-BR","potentialAction":[{"@type":"ReadAction","target":["https:\/\/redenoticiaz.com.br\/litoralsp\/2024\/06\/16\/bacteria-presente-na-boca-e-responsavel-por-ate-80-dos-casos-de-endocardite"]}]},{"@type":"ImageObject","inLanguage":"pt-BR","@id":"https:\/\/redenoticiaz.com.br\/litoralsp\/2024\/06\/16\/bacteria-presente-na-boca-e-responsavel-por-ate-80-dos-casos-de-endocardite#primaryimage","url":"https:\/\/redenoticiaz.com.br\/litoralsp\/wp-content\/uploads\/sites\/3\/2024\/06\/22a60227c38625eaaff2ac2b21229707_medium.jpg?v=1718468794","contentUrl":"https:\/\/redenoticiaz.com.br\/litoralsp\/wp-content\/uploads\/sites\/3\/2024\/06\/22a60227c38625eaaff2ac2b21229707_medium.jpg?v=1718468794","width":300,"height":232},{"@type":"WebSite","@id":"https:\/\/redenoticiaz.com.br\/litoralsp\/#website","url":"https:\/\/redenoticiaz.com.br\/litoralsp\/","name":"Litoral SP","description":"Rede NoticiaZ","publisher":{"@id":"https:\/\/redenoticiaz.com.br\/litoralsp\/#organization"},"potentialAction":[{"@type":"SearchAction","target":{"@type":"EntryPoint","urlTemplate":"https:\/\/redenoticiaz.com.br\/litoralsp\/?s={search_term_string}"},"query-input":{"@type":"PropertyValueSpecification","valueRequired":true,"valueName":"search_term_string"}}],"inLanguage":"pt-BR"},{"@type":"Organization","@id":"https:\/\/redenoticiaz.com.br\/litoralsp\/#organization","name":"Litoral SP","url":"https:\/\/redenoticiaz.com.br\/litoralsp\/","logo":{"@type":"ImageObject","inLanguage":"pt-BR","@id":"https:\/\/redenoticiaz.com.br\/litoralsp\/#\/schema\/logo\/image\/","url":"https:\/\/redenoticiaz.com.br\/litoralsp\/wp-content\/uploads\/sites\/3\/2020\/11\/logo.jpg","contentUrl":"https:\/\/redenoticiaz.com.br\/litoralsp\/wp-content\/uploads\/sites\/3\/2020\/11\/logo.jpg","width":400,"height":250,"caption":"Litoral SP"},"image":{"@id":"https:\/\/redenoticiaz.com.br\/litoralsp\/#\/schema\/logo\/image\/"}},{"@type":"Person","@id":"https:\/\/redenoticiaz.com.br\/litoralsp\/#\/schema\/person\/1f84d6e94e6a62d2d81199d7503e9e90","name":"Carina Reifonas","image":{"@type":"ImageObject","inLanguage":"pt-BR","@id":"https:\/\/secure.gravatar.com\/avatar\/04c59859b23696cf867715880f81d5c037e60109730bdb4e6670ec2a2245bc97?s=96&d=mm&r=g","url":"https:\/\/secure.gravatar.com\/avatar\/04c59859b23696cf867715880f81d5c037e60109730bdb4e6670ec2a2245bc97?s=96&d=mm&r=g","contentUrl":"https:\/\/secure.gravatar.com\/avatar\/04c59859b23696cf867715880f81d5c037e60109730bdb4e6670ec2a2245bc97?s=96&d=mm&r=g","caption":"Carina Reifonas"},"url":"https:\/\/redenoticiaz.com.br\/litoralsp\/author\/carinareifonas"}]}},"_links":{"self":[{"href":"https:\/\/redenoticiaz.com.br\/litoralsp\/wp-json\/wp\/v2\/posts\/116743","targetHints":{"allow":["GET"]}}],"collection":[{"href":"https:\/\/redenoticiaz.com.br\/litoralsp\/wp-json\/wp\/v2\/posts"}],"about":[{"href":"https:\/\/redenoticiaz.com.br\/litoralsp\/wp-json\/wp\/v2\/types\/post"}],"author":[{"embeddable":true,"href":"https:\/\/redenoticiaz.com.br\/litoralsp\/wp-json\/wp\/v2\/users\/30"}],"replies":[{"embeddable":true,"href":"https:\/\/redenoticiaz.com.br\/litoralsp\/wp-json\/wp\/v2\/comments?post=116743"}],"version-history":[{"count":1,"href":"https:\/\/redenoticiaz.com.br\/litoralsp\/wp-json\/wp\/v2\/posts\/116743\/revisions"}],"predecessor-version":[{"id":116750,"href":"https:\/\/redenoticiaz.com.br\/litoralsp\/wp-json\/wp\/v2\/posts\/116743\/revisions\/116750"}],"wp:featuredmedia":[{"embeddable":true,"href":"https:\/\/redenoticiaz.com.br\/litoralsp\/wp-json\/wp\/v2\/media\/116744"}],"wp:attachment":[{"href":"https:\/\/redenoticiaz.com.br\/litoralsp\/wp-json\/wp\/v2\/media?parent=116743"}],"wp:term":[{"taxonomy":"category","embeddable":true,"href":"https:\/\/redenoticiaz.com.br\/litoralsp\/wp-json\/wp\/v2\/categories?post=116743"},{"taxonomy":"post_tag","embeddable":true,"href":"https:\/\/redenoticiaz.com.br\/litoralsp\/wp-json\/wp\/v2\/tags?post=116743"}],"curies":[{"name":"wp","href":"https:\/\/api.w.org\/{rel}","templated":true}]}}