{"id":116897,"date":"2024-06-29T10:00:33","date_gmt":"2024-06-29T13:00:33","guid":{"rendered":"https:\/\/redenoticiaz.com.br\/litoralsp\/?p=116897"},"modified":"2024-06-25T17:08:38","modified_gmt":"2024-06-25T20:08:38","slug":"governo-de-sp-faz-convenio-com-365-cidades-e-reforca-acoes-para-alfabetizacao-na-idade-certa","status":"publish","type":"post","link":"https:\/\/redenoticiaz.com.br\/litoralsp\/2024\/06\/29\/governo-de-sp-faz-convenio-com-365-cidades-e-reforca-acoes-para-alfabetizacao-na-idade-certa","title":{"rendered":"Governo de SP faz conv\u00eanio com 365 cidades e refor\u00e7a a\u00e7\u00f5es para alfabetiza\u00e7\u00e3o na idade certa"},"content":{"rendered":"<p class=\"v1ql-align-justify\">O governador em exerc\u00edcio Felicio Ramuth autorizou, o conv\u00eanio com 365 cidades paulistas para aprimorar o desenvolvimento da flu\u00eancia leitora no processo de alfabetiza\u00e7\u00e3o em sala de aula na rede municipal de ensino, com o acesso a uma ferramenta j\u00e1 utilizada nas 1.324 unidades de anos iniciais da rede estadual.\u00a0 A a\u00e7\u00e3o vai beneficiar cerca de 1 milh\u00e3o de alunos e integra uma nova etapa do programa Alfabetiza Juntos SP, que objetiva atingir a alfabetiza\u00e7\u00e3o de crian\u00e7as aos sete anos de idade at\u00e9 2026 em todo estado.<\/p>\n<p class=\"v1ql-align-justify\">&#8220;Assim que assumimos, percebemos que era preciso inovar. E essa nova din\u00e2mica passa a fazer parte do dia a dia das salas de aula de S\u00e3o Paulo, com mais uma ferramenta transformadora e que ser\u00e1 muito importante para conseguirmos atingir a meta de 90% de alfabetiza\u00e7\u00e3o no estado at\u00e9 2026&#8221;, afirmou Felicio. &#8220;E esses s\u00e3o apenas os primeiros passos de uma s\u00e9rie de a\u00e7\u00f5es conjuntas que pretendemos fazer entre a rede estadual de ensino e a rede municipal para avan\u00e7ar no cuidado e no desenvolvimento dos nossos alunos&#8221;, acrescentou.<\/p>\n<p class=\"v1ql-align-justify\">A formaliza\u00e7\u00e3o da iniciativa ocorreu em cerim\u00f4nia na sede da Secretaria da Educa\u00e7\u00e3o, na Pra\u00e7a da Rep\u00fablica, em S\u00e3o Paulo, e reuniu o secret\u00e1rio da Educa\u00e7\u00e3o, Renato Feder, prefeitos e secret\u00e1rios da educa\u00e7\u00e3o das cidades parceiras do programa Alfabetiza Juntos SP.<\/p>\n<p class=\"v1ql-align-justify\">\n<p class=\"v1ql-align-justify\">A parceria com as prefeituras permite acesso das unidades de ensino de anos iniciais, professores e alunos \u00e0 plataforma Elefante Letrado, com um acervo de cerca de 500 livros infantis em l\u00edngua portuguesa e l\u00edngua inglesa e outras funcionalidades, como a aplica\u00e7\u00e3o de provas online de flu\u00eancia leitora, para todos os anos do Ensino Fundamental.\u00a0 Na rede estadual, 600 mil estudantes j\u00e1 usam a ferramenta.<\/p>\n<p class=\"v1ql-align-justify\">Durante o evento, o secret\u00e1rio Feder anunciou a previs\u00e3o de pagamento de R$ 300 milh\u00f5es \u00e0s escolas que alcan\u00e7arem metas de avalia\u00e7\u00e3o a partir deste ano, medidas por meio do Saresp (Sistema de Avalia\u00e7\u00e3o de Rendimento Escolar do Estado de S\u00e3o Paulo). Ele destacou, ainda, o trabalho em conjunto com a Undime, a Uni\u00e3o de Dirigentes Municipais da Educa\u00e7\u00e3o, para o andamento do programa.<\/p>\n<p class=\"v1ql-align-justify\">\n<p class=\"v1ql-align-justify\">&#8220;O Estado est\u00e1 trabalhando para estar mais pr\u00f3ximo das prefeituras e hoje demos um passo importante e pr\u00e1tico dessa uni\u00e3o. Com as 365 prefeituras que passam a integrar essa parceria e ter acesso \u00e0 ferramenta do Alfabetiza Juntos SP, alcan\u00e7aremos mais 1 milh\u00e3o de estudantes, al\u00e9m das quase 600 mil crian\u00e7as que est\u00e3o matriculadas nos anos iniciais das nossas escolas estaduais&#8221;, conta o secret\u00e1rio Renato Feder.<\/p>\n<p class=\"v1ql-align-justify\">\n<p class=\"v1ql-align-justify\"><strong>24,4 milh\u00f5es de livros lidos\u00a0<\/strong><\/p>\n<p class=\"v1ql-align-justify\">Para desenvolver a compet\u00eancia leitora, as crian\u00e7as t\u00eam acesso a cerca de 500 t\u00edtulos liter\u00e1rios no sistema operacional, que podem ser acessados por meio de tablets e computadores das escolas ou at\u00e9 mesmo do celular dos pais e respons\u00e1veis. O acervo do programa \u00e9 um apoio e complemento ao processo de leitura que acontece em\u00a0 todas as salas de aula, e pode ser apresentado de duas formas: para leitura e audi\u00e7\u00e3o.\u00a0 Al\u00e9m da ferramenta, todas as classes de anos iniciais\u00a0 da rede estadual t\u00eam estantes de livros f\u00edsicos em sala de aula, para que o acesso aos materiais seja amplo e constante.<\/p>\n<p class=\"v1ql-align-justify\">\n<p class=\"v1ql-align-justify\">At\u00e9 o \u00faltimo fim de semana, 24,4 milh\u00f5es de livros j\u00e1 foram lidos pelos pequenos leitores da rede estadual na aplica\u00e7\u00e3o Elefante Letrado. Os dois t\u00edtulos mais lidos s\u00e3o &#8220;Alfabeto Ilustrado &#8211; Letra A&#8221;, com mais de 444,9 mil leituras, e &#8220;A Galinha do Vizinho&#8221;, com 434,2 mil leituras. Para seguir a leitura, \u00e9 preciso que os estudantes respondam a perguntas que s\u00e3o disponibilizadas com o intuito de verificar a flu\u00eancia e compreens\u00e3o do texto.<\/p>\n<p class=\"v1ql-align-justify\">\n<p class=\"v1ql-align-justify\"><strong>Flu\u00eancia leitora da Educa\u00e7\u00e3o\u00a0<\/strong><\/p>\n<p class=\"v1ql-align-justify\">\n<p class=\"v1ql-align-justify\">Al\u00e9m da forma\u00e7\u00e3o de professores e uso de materiais did\u00e1ticos espec\u00edficos do programa, o Alfabetiza Juntos SP aplica duas avalia\u00e7\u00f5es de Flu\u00eancia Leitora anuais para estudantes do 2\u00ba ano do Ensino Fundamental \u2014 voltadas \u00e0 rede estadual e aos munic\u00edpios parceiros. Com a ferramenta de leitura online Elefante Letrado, ser\u00e1 poss\u00edvel ampliar o teste para os 3\u00ba, 4\u00ba e 5\u00ba anos com acesso imediato ao resultado e um mapa do desenvolvimento de cada aluno e de sua sala de aula.<\/p>\n<p class=\"v1ql-align-justify\">\n<p class=\"v1ql-align-justify\">No teste, os estudantes devem ler um texto e o \u00e1udio \u00e9 disponibilizado em uma \u00e1rea de trabalho exclusiva do professor regente de sala. A ferramenta oferece ao docente a compara\u00e7\u00e3o entre o texto original e o teste de cada aluno e os classifica, a partir da flu\u00eancia e tempo de leitura, entre os n\u00edveis abaixo do b\u00e1sico, b\u00e1sico, adequado e avan\u00e7ado.<\/p>\n<p>LEIA MAIS<\/p>\n<p><a href=\"https:\/\/redenoticiaz.com.br\/blog\/2024\/06\/25\/denuncia-leva-a-localizacao-de-drogas-em-area-verde\">Den\u00fancia leva \u00e0 localiza\u00e7\u00e3o de drogas em \u00e1rea verde<\/a><\/p>\n<p><a href=\"https:\/\/redenoticiaz.com.br\/blog\/2024\/06\/25\/corrupcao-nao-e-maior-desafio-em-combate-a-trafico-de-animais-silvestres\">Corrup\u00e7\u00e3o n\u00e3o \u00e9 maior desafio em combate \u00e0 tr\u00e1fico de animais silvestres<\/a><\/p>\n<p>&nbsp;<\/p>\n","protected":false},"excerpt":{"rendered":"<p>O governador em exerc\u00edcio Felicio Ramuth autorizou, o conv\u00eanio com 365 cidades paulistas para aprimorar o desenvolvimento da flu\u00eancia leitora no processo de alfabetiza\u00e7\u00e3o em sala de aula na rede municipal de ensino, com o acesso a uma ferramenta j\u00e1 utilizada nas 1.324 unidades de anos iniciais da rede estadual.\u00a0 A a\u00e7\u00e3o vai beneficiar cerca &hellip;<\/p>\n","protected":false},"author":30,"featured_media":116898,"comment_status":"open","ping_status":"closed","sticky":false,"template":"","format":"standard","meta":{"footnotes":""},"categories":[44],"tags":[120,1152,47484],"class_list":["post-116897","post","type-post","status-publish","format-standard","has-post-thumbnail","hentry","category-educacao","tag-educacao","tag-governo-de-sao-paulo","tag-leitura"],"yoast_head":"<!-- This site is optimized with the Yoast SEO plugin v27.4 - https:\/\/yoast.com\/product\/yoast-seo-wordpress\/ -->\n<title>Governo de SP faz conv\u00eanio com 365 cidades e refor\u00e7a a\u00e7\u00f5es para alfabetiza\u00e7\u00e3o na idade certa - Litoral SP<\/title>\n<meta name=\"description\" content=\"O governador em exerc\u00edcio Felicio Ramuth autorizou, o conv\u00eanio com 365 cidades paulistas para aprimorar o desenvolvimento da flu\u00eancia leitora\" \/>\n<meta name=\"robots\" content=\"index, follow, max-snippet:-1, max-image-preview:large, max-video-preview:-1\" \/>\n<link rel=\"canonical\" href=\"https:\/\/redenoticiaz.com.br\/litoralsp\/2024\/06\/29\/governo-de-sp-faz-convenio-com-365-cidades-e-reforca-acoes-para-alfabetizacao-na-idade-certa\" \/>\n<meta property=\"og:locale\" content=\"pt_BR\" \/>\n<meta property=\"og:type\" content=\"article\" \/>\n<meta property=\"og:title\" content=\"Governo de SP faz conv\u00eanio com 365 cidades e refor\u00e7a a\u00e7\u00f5es para alfabetiza\u00e7\u00e3o na idade certa - Litoral SP\" \/>\n<meta property=\"og:description\" content=\"O governador em exerc\u00edcio Felicio Ramuth autorizou, o conv\u00eanio com 365 cidades paulistas para aprimorar o desenvolvimento da flu\u00eancia leitora\" \/>\n<meta property=\"og:url\" content=\"https:\/\/redenoticiaz.com.br\/litoralsp\/2024\/06\/29\/governo-de-sp-faz-convenio-com-365-cidades-e-reforca-acoes-para-alfabetizacao-na-idade-certa\" \/>\n<meta property=\"og:site_name\" content=\"Litoral SP\" \/>\n<meta property=\"article:published_time\" content=\"2024-06-29T13:00:33+00:00\" \/>\n<meta property=\"og:image\" content=\"https:\/\/redenoticiaz.com.br\/litoralsp\/wp-content\/uploads\/sites\/3\/2024\/06\/ff08bd36-d6d0-4224-a6db-6887e6e7d276-scaled.jpg?v=1719346010\" \/>\n\t<meta property=\"og:image:width\" content=\"1623\" \/>\n\t<meta property=\"og:image:height\" content=\"1080\" \/>\n\t<meta property=\"og:image:type\" content=\"image\/jpeg\" \/>\n<meta name=\"author\" content=\"Carina Reifonas\" \/>\n<meta name=\"twitter:card\" content=\"summary_large_image\" \/>\n<meta name=\"twitter:label1\" content=\"Escrito por\" \/>\n\t<meta name=\"twitter:data1\" content=\"Carina Reifonas\" \/>\n\t<meta name=\"twitter:label2\" content=\"Est. tempo de leitura\" \/>\n\t<meta name=\"twitter:data2\" content=\"5 minutos\" \/>\n<script type=\"application\/ld+json\" class=\"yoast-schema-graph\">{\"@context\":\"https:\\\/\\\/schema.org\",\"@graph\":[{\"@type\":\"Article\",\"@id\":\"https:\\\/\\\/redenoticiaz.com.br\\\/litoralsp\\\/2024\\\/06\\\/29\\\/governo-de-sp-faz-convenio-com-365-cidades-e-reforca-acoes-para-alfabetizacao-na-idade-certa#article\",\"isPartOf\":{\"@id\":\"https:\\\/\\\/redenoticiaz.com.br\\\/litoralsp\\\/2024\\\/06\\\/29\\\/governo-de-sp-faz-convenio-com-365-cidades-e-reforca-acoes-para-alfabetizacao-na-idade-certa\"},\"author\":{\"name\":\"Carina Reifonas\",\"@id\":\"https:\\\/\\\/redenoticiaz.com.br\\\/litoralsp\\\/#\\\/schema\\\/person\\\/1f84d6e94e6a62d2d81199d7503e9e90\"},\"headline\":\"Governo de SP faz conv\u00eanio com 365 cidades e refor\u00e7a a\u00e7\u00f5es para alfabetiza\u00e7\u00e3o na idade certa\",\"datePublished\":\"2024-06-29T13:00:33+00:00\",\"mainEntityOfPage\":{\"@id\":\"https:\\\/\\\/redenoticiaz.com.br\\\/litoralsp\\\/2024\\\/06\\\/29\\\/governo-de-sp-faz-convenio-com-365-cidades-e-reforca-acoes-para-alfabetizacao-na-idade-certa\"},\"wordCount\":838,\"commentCount\":0,\"publisher\":{\"@id\":\"https:\\\/\\\/redenoticiaz.com.br\\\/litoralsp\\\/#organization\"},\"image\":{\"@id\":\"https:\\\/\\\/redenoticiaz.com.br\\\/litoralsp\\\/2024\\\/06\\\/29\\\/governo-de-sp-faz-convenio-com-365-cidades-e-reforca-acoes-para-alfabetizacao-na-idade-certa#primaryimage\"},\"thumbnailUrl\":\"https:\\\/\\\/redenoticiaz.com.br\\\/litoralsp\\\/wp-content\\\/uploads\\\/sites\\\/3\\\/2024\\\/06\\\/ff08bd36-d6d0-4224-a6db-6887e6e7d276-scaled.jpg?v=1719346010\",\"keywords\":[\"educa\u00e7\u00e3o\",\"Governo de S\u00e3o Paulo\",\"LEITURA\"],\"articleSection\":[\"Educa\u00e7\u00e3o\"],\"inLanguage\":\"pt-BR\",\"potentialAction\":[{\"@type\":\"CommentAction\",\"name\":\"Comment\",\"target\":[\"https:\\\/\\\/redenoticiaz.com.br\\\/litoralsp\\\/2024\\\/06\\\/29\\\/governo-de-sp-faz-convenio-com-365-cidades-e-reforca-acoes-para-alfabetizacao-na-idade-certa#respond\"]}]},{\"@type\":\"WebPage\",\"@id\":\"https:\\\/\\\/redenoticiaz.com.br\\\/litoralsp\\\/2024\\\/06\\\/29\\\/governo-de-sp-faz-convenio-com-365-cidades-e-reforca-acoes-para-alfabetizacao-na-idade-certa\",\"url\":\"https:\\\/\\\/redenoticiaz.com.br\\\/litoralsp\\\/2024\\\/06\\\/29\\\/governo-de-sp-faz-convenio-com-365-cidades-e-reforca-acoes-para-alfabetizacao-na-idade-certa\",\"name\":\"Governo de SP faz conv\u00eanio com 365 cidades e refor\u00e7a a\u00e7\u00f5es para alfabetiza\u00e7\u00e3o na idade certa - Litoral SP\",\"isPartOf\":{\"@id\":\"https:\\\/\\\/redenoticiaz.com.br\\\/litoralsp\\\/#website\"},\"primaryImageOfPage\":{\"@id\":\"https:\\\/\\\/redenoticiaz.com.br\\\/litoralsp\\\/2024\\\/06\\\/29\\\/governo-de-sp-faz-convenio-com-365-cidades-e-reforca-acoes-para-alfabetizacao-na-idade-certa#primaryimage\"},\"image\":{\"@id\":\"https:\\\/\\\/redenoticiaz.com.br\\\/litoralsp\\\/2024\\\/06\\\/29\\\/governo-de-sp-faz-convenio-com-365-cidades-e-reforca-acoes-para-alfabetizacao-na-idade-certa#primaryimage\"},\"thumbnailUrl\":\"https:\\\/\\\/redenoticiaz.com.br\\\/litoralsp\\\/wp-content\\\/uploads\\\/sites\\\/3\\\/2024\\\/06\\\/ff08bd36-d6d0-4224-a6db-6887e6e7d276-scaled.jpg?v=1719346010\",\"datePublished\":\"2024-06-29T13:00:33+00:00\",\"description\":\"O governador em exerc\u00edcio Felicio Ramuth autorizou, o conv\u00eanio com 365 cidades paulistas para aprimorar o desenvolvimento da flu\u00eancia leitora\",\"inLanguage\":\"pt-BR\",\"potentialAction\":[{\"@type\":\"ReadAction\",\"target\":[\"https:\\\/\\\/redenoticiaz.com.br\\\/litoralsp\\\/2024\\\/06\\\/29\\\/governo-de-sp-faz-convenio-com-365-cidades-e-reforca-acoes-para-alfabetizacao-na-idade-certa\"]}]},{\"@type\":\"ImageObject\",\"inLanguage\":\"pt-BR\",\"@id\":\"https:\\\/\\\/redenoticiaz.com.br\\\/litoralsp\\\/2024\\\/06\\\/29\\\/governo-de-sp-faz-convenio-com-365-cidades-e-reforca-acoes-para-alfabetizacao-na-idade-certa#primaryimage\",\"url\":\"https:\\\/\\\/redenoticiaz.com.br\\\/litoralsp\\\/wp-content\\\/uploads\\\/sites\\\/3\\\/2024\\\/06\\\/ff08bd36-d6d0-4224-a6db-6887e6e7d276-scaled.jpg?v=1719346010\",\"contentUrl\":\"https:\\\/\\\/redenoticiaz.com.br\\\/litoralsp\\\/wp-content\\\/uploads\\\/sites\\\/3\\\/2024\\\/06\\\/ff08bd36-d6d0-4224-a6db-6887e6e7d276-scaled.jpg?v=1719346010\",\"width\":1623,\"height\":1080},{\"@type\":\"WebSite\",\"@id\":\"https:\\\/\\\/redenoticiaz.com.br\\\/litoralsp\\\/#website\",\"url\":\"https:\\\/\\\/redenoticiaz.com.br\\\/litoralsp\\\/\",\"name\":\"Litoral SP\",\"description\":\"Rede NoticiaZ\",\"publisher\":{\"@id\":\"https:\\\/\\\/redenoticiaz.com.br\\\/litoralsp\\\/#organization\"},\"potentialAction\":[{\"@type\":\"SearchAction\",\"target\":{\"@type\":\"EntryPoint\",\"urlTemplate\":\"https:\\\/\\\/redenoticiaz.com.br\\\/litoralsp\\\/?s={search_term_string}\"},\"query-input\":{\"@type\":\"PropertyValueSpecification\",\"valueRequired\":true,\"valueName\":\"search_term_string\"}}],\"inLanguage\":\"pt-BR\"},{\"@type\":\"Organization\",\"@id\":\"https:\\\/\\\/redenoticiaz.com.br\\\/litoralsp\\\/#organization\",\"name\":\"Litoral SP\",\"url\":\"https:\\\/\\\/redenoticiaz.com.br\\\/litoralsp\\\/\",\"logo\":{\"@type\":\"ImageObject\",\"inLanguage\":\"pt-BR\",\"@id\":\"https:\\\/\\\/redenoticiaz.com.br\\\/litoralsp\\\/#\\\/schema\\\/logo\\\/image\\\/\",\"url\":\"https:\\\/\\\/redenoticiaz.com.br\\\/litoralsp\\\/wp-content\\\/uploads\\\/sites\\\/3\\\/2020\\\/11\\\/logo.jpg\",\"contentUrl\":\"https:\\\/\\\/redenoticiaz.com.br\\\/litoralsp\\\/wp-content\\\/uploads\\\/sites\\\/3\\\/2020\\\/11\\\/logo.jpg\",\"width\":400,\"height\":250,\"caption\":\"Litoral SP\"},\"image\":{\"@id\":\"https:\\\/\\\/redenoticiaz.com.br\\\/litoralsp\\\/#\\\/schema\\\/logo\\\/image\\\/\"}},{\"@type\":\"Person\",\"@id\":\"https:\\\/\\\/redenoticiaz.com.br\\\/litoralsp\\\/#\\\/schema\\\/person\\\/1f84d6e94e6a62d2d81199d7503e9e90\",\"name\":\"Carina Reifonas\",\"image\":{\"@type\":\"ImageObject\",\"inLanguage\":\"pt-BR\",\"@id\":\"https:\\\/\\\/secure.gravatar.com\\\/avatar\\\/04c59859b23696cf867715880f81d5c037e60109730bdb4e6670ec2a2245bc97?s=96&d=mm&r=g\",\"url\":\"https:\\\/\\\/secure.gravatar.com\\\/avatar\\\/04c59859b23696cf867715880f81d5c037e60109730bdb4e6670ec2a2245bc97?s=96&d=mm&r=g\",\"contentUrl\":\"https:\\\/\\\/secure.gravatar.com\\\/avatar\\\/04c59859b23696cf867715880f81d5c037e60109730bdb4e6670ec2a2245bc97?s=96&d=mm&r=g\",\"caption\":\"Carina Reifonas\"},\"url\":\"https:\\\/\\\/redenoticiaz.com.br\\\/litoralsp\\\/author\\\/carinareifonas\"}]}<\/script>\n<!-- \/ Yoast SEO plugin. -->","yoast_head_json":{"title":"Governo de SP faz conv\u00eanio com 365 cidades e refor\u00e7a a\u00e7\u00f5es para alfabetiza\u00e7\u00e3o na idade certa - Litoral SP","description":"O governador em exerc\u00edcio Felicio Ramuth autorizou, o conv\u00eanio com 365 cidades paulistas para aprimorar o desenvolvimento da flu\u00eancia leitora","robots":{"index":"index","follow":"follow","max-snippet":"max-snippet:-1","max-image-preview":"max-image-preview:large","max-video-preview":"max-video-preview:-1"},"canonical":"https:\/\/redenoticiaz.com.br\/litoralsp\/2024\/06\/29\/governo-de-sp-faz-convenio-com-365-cidades-e-reforca-acoes-para-alfabetizacao-na-idade-certa","og_locale":"pt_BR","og_type":"article","og_title":"Governo de SP faz conv\u00eanio com 365 cidades e refor\u00e7a a\u00e7\u00f5es para alfabetiza\u00e7\u00e3o na idade certa - Litoral SP","og_description":"O governador em exerc\u00edcio Felicio Ramuth autorizou, o conv\u00eanio com 365 cidades paulistas para aprimorar o desenvolvimento da flu\u00eancia leitora","og_url":"https:\/\/redenoticiaz.com.br\/litoralsp\/2024\/06\/29\/governo-de-sp-faz-convenio-com-365-cidades-e-reforca-acoes-para-alfabetizacao-na-idade-certa","og_site_name":"Litoral SP","article_published_time":"2024-06-29T13:00:33+00:00","og_image":[{"width":1623,"height":1080,"url":"https:\/\/redenoticiaz.com.br\/litoralsp\/wp-content\/uploads\/sites\/3\/2024\/06\/ff08bd36-d6d0-4224-a6db-6887e6e7d276-scaled.jpg?v=1719346010","type":"image\/jpeg"}],"author":"Carina Reifonas","twitter_card":"summary_large_image","twitter_misc":{"Escrito por":"Carina Reifonas","Est. tempo de leitura":"5 minutos"},"schema":{"@context":"https:\/\/schema.org","@graph":[{"@type":"Article","@id":"https:\/\/redenoticiaz.com.br\/litoralsp\/2024\/06\/29\/governo-de-sp-faz-convenio-com-365-cidades-e-reforca-acoes-para-alfabetizacao-na-idade-certa#article","isPartOf":{"@id":"https:\/\/redenoticiaz.com.br\/litoralsp\/2024\/06\/29\/governo-de-sp-faz-convenio-com-365-cidades-e-reforca-acoes-para-alfabetizacao-na-idade-certa"},"author":{"name":"Carina Reifonas","@id":"https:\/\/redenoticiaz.com.br\/litoralsp\/#\/schema\/person\/1f84d6e94e6a62d2d81199d7503e9e90"},"headline":"Governo de SP faz conv\u00eanio com 365 cidades e refor\u00e7a a\u00e7\u00f5es para alfabetiza\u00e7\u00e3o na idade certa","datePublished":"2024-06-29T13:00:33+00:00","mainEntityOfPage":{"@id":"https:\/\/redenoticiaz.com.br\/litoralsp\/2024\/06\/29\/governo-de-sp-faz-convenio-com-365-cidades-e-reforca-acoes-para-alfabetizacao-na-idade-certa"},"wordCount":838,"commentCount":0,"publisher":{"@id":"https:\/\/redenoticiaz.com.br\/litoralsp\/#organization"},"image":{"@id":"https:\/\/redenoticiaz.com.br\/litoralsp\/2024\/06\/29\/governo-de-sp-faz-convenio-com-365-cidades-e-reforca-acoes-para-alfabetizacao-na-idade-certa#primaryimage"},"thumbnailUrl":"https:\/\/redenoticiaz.com.br\/litoralsp\/wp-content\/uploads\/sites\/3\/2024\/06\/ff08bd36-d6d0-4224-a6db-6887e6e7d276-scaled.jpg?v=1719346010","keywords":["educa\u00e7\u00e3o","Governo de S\u00e3o Paulo","LEITURA"],"articleSection":["Educa\u00e7\u00e3o"],"inLanguage":"pt-BR","potentialAction":[{"@type":"CommentAction","name":"Comment","target":["https:\/\/redenoticiaz.com.br\/litoralsp\/2024\/06\/29\/governo-de-sp-faz-convenio-com-365-cidades-e-reforca-acoes-para-alfabetizacao-na-idade-certa#respond"]}]},{"@type":"WebPage","@id":"https:\/\/redenoticiaz.com.br\/litoralsp\/2024\/06\/29\/governo-de-sp-faz-convenio-com-365-cidades-e-reforca-acoes-para-alfabetizacao-na-idade-certa","url":"https:\/\/redenoticiaz.com.br\/litoralsp\/2024\/06\/29\/governo-de-sp-faz-convenio-com-365-cidades-e-reforca-acoes-para-alfabetizacao-na-idade-certa","name":"Governo de SP faz conv\u00eanio com 365 cidades e refor\u00e7a a\u00e7\u00f5es para alfabetiza\u00e7\u00e3o na idade certa - Litoral SP","isPartOf":{"@id":"https:\/\/redenoticiaz.com.br\/litoralsp\/#website"},"primaryImageOfPage":{"@id":"https:\/\/redenoticiaz.com.br\/litoralsp\/2024\/06\/29\/governo-de-sp-faz-convenio-com-365-cidades-e-reforca-acoes-para-alfabetizacao-na-idade-certa#primaryimage"},"image":{"@id":"https:\/\/redenoticiaz.com.br\/litoralsp\/2024\/06\/29\/governo-de-sp-faz-convenio-com-365-cidades-e-reforca-acoes-para-alfabetizacao-na-idade-certa#primaryimage"},"thumbnailUrl":"https:\/\/redenoticiaz.com.br\/litoralsp\/wp-content\/uploads\/sites\/3\/2024\/06\/ff08bd36-d6d0-4224-a6db-6887e6e7d276-scaled.jpg?v=1719346010","datePublished":"2024-06-29T13:00:33+00:00","description":"O governador em exerc\u00edcio Felicio Ramuth autorizou, o conv\u00eanio com 365 cidades paulistas para aprimorar o desenvolvimento da flu\u00eancia leitora","inLanguage":"pt-BR","potentialAction":[{"@type":"ReadAction","target":["https:\/\/redenoticiaz.com.br\/litoralsp\/2024\/06\/29\/governo-de-sp-faz-convenio-com-365-cidades-e-reforca-acoes-para-alfabetizacao-na-idade-certa"]}]},{"@type":"ImageObject","inLanguage":"pt-BR","@id":"https:\/\/redenoticiaz.com.br\/litoralsp\/2024\/06\/29\/governo-de-sp-faz-convenio-com-365-cidades-e-reforca-acoes-para-alfabetizacao-na-idade-certa#primaryimage","url":"https:\/\/redenoticiaz.com.br\/litoralsp\/wp-content\/uploads\/sites\/3\/2024\/06\/ff08bd36-d6d0-4224-a6db-6887e6e7d276-scaled.jpg?v=1719346010","contentUrl":"https:\/\/redenoticiaz.com.br\/litoralsp\/wp-content\/uploads\/sites\/3\/2024\/06\/ff08bd36-d6d0-4224-a6db-6887e6e7d276-scaled.jpg?v=1719346010","width":1623,"height":1080},{"@type":"WebSite","@id":"https:\/\/redenoticiaz.com.br\/litoralsp\/#website","url":"https:\/\/redenoticiaz.com.br\/litoralsp\/","name":"Litoral SP","description":"Rede NoticiaZ","publisher":{"@id":"https:\/\/redenoticiaz.com.br\/litoralsp\/#organization"},"potentialAction":[{"@type":"SearchAction","target":{"@type":"EntryPoint","urlTemplate":"https:\/\/redenoticiaz.com.br\/litoralsp\/?s={search_term_string}"},"query-input":{"@type":"PropertyValueSpecification","valueRequired":true,"valueName":"search_term_string"}}],"inLanguage":"pt-BR"},{"@type":"Organization","@id":"https:\/\/redenoticiaz.com.br\/litoralsp\/#organization","name":"Litoral SP","url":"https:\/\/redenoticiaz.com.br\/litoralsp\/","logo":{"@type":"ImageObject","inLanguage":"pt-BR","@id":"https:\/\/redenoticiaz.com.br\/litoralsp\/#\/schema\/logo\/image\/","url":"https:\/\/redenoticiaz.com.br\/litoralsp\/wp-content\/uploads\/sites\/3\/2020\/11\/logo.jpg","contentUrl":"https:\/\/redenoticiaz.com.br\/litoralsp\/wp-content\/uploads\/sites\/3\/2020\/11\/logo.jpg","width":400,"height":250,"caption":"Litoral SP"},"image":{"@id":"https:\/\/redenoticiaz.com.br\/litoralsp\/#\/schema\/logo\/image\/"}},{"@type":"Person","@id":"https:\/\/redenoticiaz.com.br\/litoralsp\/#\/schema\/person\/1f84d6e94e6a62d2d81199d7503e9e90","name":"Carina Reifonas","image":{"@type":"ImageObject","inLanguage":"pt-BR","@id":"https:\/\/secure.gravatar.com\/avatar\/04c59859b23696cf867715880f81d5c037e60109730bdb4e6670ec2a2245bc97?s=96&d=mm&r=g","url":"https:\/\/secure.gravatar.com\/avatar\/04c59859b23696cf867715880f81d5c037e60109730bdb4e6670ec2a2245bc97?s=96&d=mm&r=g","contentUrl":"https:\/\/secure.gravatar.com\/avatar\/04c59859b23696cf867715880f81d5c037e60109730bdb4e6670ec2a2245bc97?s=96&d=mm&r=g","caption":"Carina Reifonas"},"url":"https:\/\/redenoticiaz.com.br\/litoralsp\/author\/carinareifonas"}]}},"_links":{"self":[{"href":"https:\/\/redenoticiaz.com.br\/litoralsp\/wp-json\/wp\/v2\/posts\/116897","targetHints":{"allow":["GET"]}}],"collection":[{"href":"https:\/\/redenoticiaz.com.br\/litoralsp\/wp-json\/wp\/v2\/posts"}],"about":[{"href":"https:\/\/redenoticiaz.com.br\/litoralsp\/wp-json\/wp\/v2\/types\/post"}],"author":[{"embeddable":true,"href":"https:\/\/redenoticiaz.com.br\/litoralsp\/wp-json\/wp\/v2\/users\/30"}],"replies":[{"embeddable":true,"href":"https:\/\/redenoticiaz.com.br\/litoralsp\/wp-json\/wp\/v2\/comments?post=116897"}],"version-history":[{"count":1,"href":"https:\/\/redenoticiaz.com.br\/litoralsp\/wp-json\/wp\/v2\/posts\/116897\/revisions"}],"predecessor-version":[{"id":116971,"href":"https:\/\/redenoticiaz.com.br\/litoralsp\/wp-json\/wp\/v2\/posts\/116897\/revisions\/116971"}],"wp:featuredmedia":[{"embeddable":true,"href":"https:\/\/redenoticiaz.com.br\/litoralsp\/wp-json\/wp\/v2\/media\/116898"}],"wp:attachment":[{"href":"https:\/\/redenoticiaz.com.br\/litoralsp\/wp-json\/wp\/v2\/media?parent=116897"}],"wp:term":[{"taxonomy":"category","embeddable":true,"href":"https:\/\/redenoticiaz.com.br\/litoralsp\/wp-json\/wp\/v2\/categories?post=116897"},{"taxonomy":"post_tag","embeddable":true,"href":"https:\/\/redenoticiaz.com.br\/litoralsp\/wp-json\/wp\/v2\/tags?post=116897"}],"curies":[{"name":"wp","href":"https:\/\/api.w.org\/{rel}","templated":true}]}}