{"id":116933,"date":"2024-06-27T18:30:26","date_gmt":"2024-06-27T21:30:26","guid":{"rendered":"https:\/\/redenoticiaz.com.br\/litoralsp\/?p=116933"},"modified":"2024-06-27T16:51:49","modified_gmt":"2024-06-27T19:51:49","slug":"homem-e-preso-em-flagrante-por-trafico-de-drogas","status":"publish","type":"post","link":"https:\/\/redenoticiaz.com.br\/litoralsp\/2024\/06\/27\/homem-e-preso-em-flagrante-por-trafico-de-drogas","title":{"rendered":"Homem \u00e9 preso em flagrante por tr\u00e1fico de drogas"},"content":{"rendered":"<p>Com a ajuda das c\u00e2meras do Centro de Controle Operacional (CCO) da Prefeitura, guardas municipais de Santos conseguiram prender em flagrante um homem de 26 anos por tr\u00e1fico de drogas na orla.<\/p>\n<p>Equipes das Rondas Ostensivas Municipais (Romu), da GCM, realizavam patrulhamento na orla da Pompeia, na noite do \u00faltimo dia 25, quando identificaram um indiv\u00edduo sentado e, ao avistar a viatura, saiu correndo em dire\u00e7\u00e3o \u00e0 faixa de areia.<\/p>\n<p>Nas imagens, \u00e9 poss\u00edvel identificar o suspeito tentando se esconder na ponte do canal 2 e, logo depois, fugindo dos agentes municipais em dire\u00e7\u00e3o aos quiosques. Outros guardas chegaram para o apoio e o suspeito acabou sendo alcan\u00e7ado e preso metros \u00e0 frente.<\/p>\n<p>Durante busca pessoal, foi localizada em sua posse uma sacola contendo 15 eppendorfs (tubos), um inv\u00f3lucro de coca\u00edna, dez trouxas de maconha e R$ 10 em esp\u00e9cie.<\/p>\n<p>O acusado foi encaminhado \u00e0 Central de Pol\u00edcia Judici\u00e1ria (CPJ) de Santos, onde foi elaborado boletim de ocorr\u00eancia por tr\u00e1fico de drogas, ficando \u00e0 disposi\u00e7\u00e3o da justi\u00e7a.<\/p>\n<p>Leia mais<\/p>\n<p><a href=\"https:\/\/redenoticiaz.com.br\/litoralsp\/2024\/06\/24\/parque-valongo-sera-inaugurado-no-dia-5-de-julho-em-santos\">Parque Valongo ser\u00e1 inaugurado no dia 5 de julho em Santos<\/a><\/p>\n<p><a href=\"https:\/\/redenoticiaz.com.br\/litoralsp\/2024\/06\/18\/ministerio-publico-denuncia-homem-que-matou-idoso-com-voadora-em-santos\">Minist\u00e9rio p\u00fablico denuncia homem que matou idoso com \u2018voadora\u2019 em Santos<\/a><\/p>\n","protected":false},"excerpt":{"rendered":"<p>Com a ajuda das c\u00e2meras do Centro de Controle Operacional (CCO) da Prefeitura, guardas municipais de Santos conseguiram prender em flagrante um homem de 26 anos por tr\u00e1fico de drogas na orla. Equipes das Rondas Ostensivas Municipais (Romu), da GCM, realizavam patrulhamento na orla da Pompeia, na noite do \u00faltimo dia 25, quando identificaram um &hellip;<\/p>\n","protected":false},"author":12,"featured_media":116934,"comment_status":"open","ping_status":"closed","sticky":false,"template":"","format":"standard","meta":{"footnotes":""},"categories":[10,180],"tags":[72,50717,68409],"class_list":["post-116933","post","type-post","status-publish","format-standard","has-post-thumbnail","hentry","category-policia","category-santos","tag-drogas","tag-orla-de-santos","tag-trafic-o-de-drogas"],"yoast_head":"<!-- This site is optimized with the Yoast SEO plugin v27.4 - https:\/\/yoast.com\/product\/yoast-seo-wordpress\/ -->\n<title>Homem \u00e9 preso em flagrante por tr\u00e1fico de drogas - Litoral SP<\/title>\n<meta name=\"description\" content=\"Com a ajuda das c\u00e2meras do Centro de Controle Operacional (CCO) da Prefeitura, guardas municipais de Santos conseguiram prender em flagrante um homem de 26 anos por tr\u00e1fico de drogas na orla.\" \/>\n<meta name=\"robots\" content=\"index, follow, max-snippet:-1, max-image-preview:large, max-video-preview:-1\" \/>\n<link rel=\"canonical\" href=\"https:\/\/redenoticiaz.com.br\/litoralsp\/2024\/06\/27\/homem-e-preso-em-flagrante-por-trafico-de-drogas\" \/>\n<meta property=\"og:locale\" content=\"pt_BR\" \/>\n<meta property=\"og:type\" content=\"article\" \/>\n<meta property=\"og:title\" content=\"Homem \u00e9 preso em flagrante por tr\u00e1fico de drogas - Litoral SP\" \/>\n<meta property=\"og:description\" content=\"Com a ajuda das c\u00e2meras do Centro de Controle Operacional (CCO) da Prefeitura, guardas municipais de Santos conseguiram prender em flagrante um homem de 26 anos por tr\u00e1fico de drogas na orla.\" \/>\n<meta property=\"og:url\" content=\"https:\/\/redenoticiaz.com.br\/litoralsp\/2024\/06\/27\/homem-e-preso-em-flagrante-por-trafico-de-drogas\" \/>\n<meta property=\"og:site_name\" content=\"Litoral SP\" \/>\n<meta property=\"article:published_time\" content=\"2024-06-27T21:30:26+00:00\" \/>\n<meta property=\"og:image\" content=\"https:\/\/redenoticiaz.com.br\/litoralsp\/wp-content\/uploads\/sites\/3\/2024\/06\/whatsapp_image_2024-06-26_at_08.11.39.jpeg\" \/>\n\t<meta property=\"og:image:width\" content=\"1400\" \/>\n\t<meta property=\"og:image:height\" content=\"991\" \/>\n\t<meta property=\"og:image:type\" content=\"image\/jpeg\" \/>\n<meta name=\"author\" content=\"Gustavo Silva\" \/>\n<meta name=\"twitter:card\" content=\"summary_large_image\" \/>\n<meta name=\"twitter:label1\" content=\"Escrito por\" \/>\n\t<meta name=\"twitter:data1\" content=\"Gustavo Silva\" \/>\n\t<meta name=\"twitter:label2\" content=\"Est. tempo de leitura\" \/>\n\t<meta name=\"twitter:data2\" content=\"2 minutos\" \/>\n<script type=\"application\/ld+json\" class=\"yoast-schema-graph\">{\"@context\":\"https:\\\/\\\/schema.org\",\"@graph\":[{\"@type\":\"Article\",\"@id\":\"https:\\\/\\\/redenoticiaz.com.br\\\/litoralsp\\\/2024\\\/06\\\/27\\\/homem-e-preso-em-flagrante-por-trafico-de-drogas#article\",\"isPartOf\":{\"@id\":\"https:\\\/\\\/redenoticiaz.com.br\\\/litoralsp\\\/2024\\\/06\\\/27\\\/homem-e-preso-em-flagrante-por-trafico-de-drogas\"},\"author\":{\"name\":\"Gustavo Silva\",\"@id\":\"https:\\\/\\\/redenoticiaz.com.br\\\/litoralsp\\\/#\\\/schema\\\/person\\\/16057b37a3c0ee6b096d7f887c566e2e\"},\"headline\":\"Homem \u00e9 preso em flagrante por tr\u00e1fico de drogas\",\"datePublished\":\"2024-06-27T21:30:26+00:00\",\"mainEntityOfPage\":{\"@id\":\"https:\\\/\\\/redenoticiaz.com.br\\\/litoralsp\\\/2024\\\/06\\\/27\\\/homem-e-preso-em-flagrante-por-trafico-de-drogas\"},\"wordCount\":207,\"commentCount\":0,\"publisher\":{\"@id\":\"https:\\\/\\\/redenoticiaz.com.br\\\/litoralsp\\\/#organization\"},\"image\":{\"@id\":\"https:\\\/\\\/redenoticiaz.com.br\\\/litoralsp\\\/2024\\\/06\\\/27\\\/homem-e-preso-em-flagrante-por-trafico-de-drogas#primaryimage\"},\"thumbnailUrl\":\"https:\\\/\\\/redenoticiaz.com.br\\\/litoralsp\\\/wp-content\\\/uploads\\\/sites\\\/3\\\/2024\\\/06\\\/whatsapp_image_2024-06-26_at_08.11.39.jpeg\",\"keywords\":[\"drogas\",\"ORLA DE SANTOS\",\"tr\u00e1fic o de drogas\"],\"articleSection\":[\"Pol\u00edcia\",\"Santos\"],\"inLanguage\":\"pt-BR\",\"potentialAction\":[{\"@type\":\"CommentAction\",\"name\":\"Comment\",\"target\":[\"https:\\\/\\\/redenoticiaz.com.br\\\/litoralsp\\\/2024\\\/06\\\/27\\\/homem-e-preso-em-flagrante-por-trafico-de-drogas#respond\"]}]},{\"@type\":\"WebPage\",\"@id\":\"https:\\\/\\\/redenoticiaz.com.br\\\/litoralsp\\\/2024\\\/06\\\/27\\\/homem-e-preso-em-flagrante-por-trafico-de-drogas\",\"url\":\"https:\\\/\\\/redenoticiaz.com.br\\\/litoralsp\\\/2024\\\/06\\\/27\\\/homem-e-preso-em-flagrante-por-trafico-de-drogas\",\"name\":\"Homem \u00e9 preso em flagrante por tr\u00e1fico de drogas - Litoral SP\",\"isPartOf\":{\"@id\":\"https:\\\/\\\/redenoticiaz.com.br\\\/litoralsp\\\/#website\"},\"primaryImageOfPage\":{\"@id\":\"https:\\\/\\\/redenoticiaz.com.br\\\/litoralsp\\\/2024\\\/06\\\/27\\\/homem-e-preso-em-flagrante-por-trafico-de-drogas#primaryimage\"},\"image\":{\"@id\":\"https:\\\/\\\/redenoticiaz.com.br\\\/litoralsp\\\/2024\\\/06\\\/27\\\/homem-e-preso-em-flagrante-por-trafico-de-drogas#primaryimage\"},\"thumbnailUrl\":\"https:\\\/\\\/redenoticiaz.com.br\\\/litoralsp\\\/wp-content\\\/uploads\\\/sites\\\/3\\\/2024\\\/06\\\/whatsapp_image_2024-06-26_at_08.11.39.jpeg\",\"datePublished\":\"2024-06-27T21:30:26+00:00\",\"description\":\"Com a ajuda das c\u00e2meras do Centro de Controle Operacional (CCO) da Prefeitura, guardas municipais de Santos conseguiram prender em flagrante um homem de 26 anos por tr\u00e1fico de drogas na orla.\",\"inLanguage\":\"pt-BR\",\"potentialAction\":[{\"@type\":\"ReadAction\",\"target\":[\"https:\\\/\\\/redenoticiaz.com.br\\\/litoralsp\\\/2024\\\/06\\\/27\\\/homem-e-preso-em-flagrante-por-trafico-de-drogas\"]}]},{\"@type\":\"ImageObject\",\"inLanguage\":\"pt-BR\",\"@id\":\"https:\\\/\\\/redenoticiaz.com.br\\\/litoralsp\\\/2024\\\/06\\\/27\\\/homem-e-preso-em-flagrante-por-trafico-de-drogas#primaryimage\",\"url\":\"https:\\\/\\\/redenoticiaz.com.br\\\/litoralsp\\\/wp-content\\\/uploads\\\/sites\\\/3\\\/2024\\\/06\\\/whatsapp_image_2024-06-26_at_08.11.39.jpeg\",\"contentUrl\":\"https:\\\/\\\/redenoticiaz.com.br\\\/litoralsp\\\/wp-content\\\/uploads\\\/sites\\\/3\\\/2024\\\/06\\\/whatsapp_image_2024-06-26_at_08.11.39.jpeg\",\"width\":1400,\"height\":991},{\"@type\":\"WebSite\",\"@id\":\"https:\\\/\\\/redenoticiaz.com.br\\\/litoralsp\\\/#website\",\"url\":\"https:\\\/\\\/redenoticiaz.com.br\\\/litoralsp\\\/\",\"name\":\"Litoral SP\",\"description\":\"Rede NoticiaZ\",\"publisher\":{\"@id\":\"https:\\\/\\\/redenoticiaz.com.br\\\/litoralsp\\\/#organization\"},\"potentialAction\":[{\"@type\":\"SearchAction\",\"target\":{\"@type\":\"EntryPoint\",\"urlTemplate\":\"https:\\\/\\\/redenoticiaz.com.br\\\/litoralsp\\\/?s={search_term_string}\"},\"query-input\":{\"@type\":\"PropertyValueSpecification\",\"valueRequired\":true,\"valueName\":\"search_term_string\"}}],\"inLanguage\":\"pt-BR\"},{\"@type\":\"Organization\",\"@id\":\"https:\\\/\\\/redenoticiaz.com.br\\\/litoralsp\\\/#organization\",\"name\":\"Litoral SP\",\"url\":\"https:\\\/\\\/redenoticiaz.com.br\\\/litoralsp\\\/\",\"logo\":{\"@type\":\"ImageObject\",\"inLanguage\":\"pt-BR\",\"@id\":\"https:\\\/\\\/redenoticiaz.com.br\\\/litoralsp\\\/#\\\/schema\\\/logo\\\/image\\\/\",\"url\":\"https:\\\/\\\/redenoticiaz.com.br\\\/litoralsp\\\/wp-content\\\/uploads\\\/sites\\\/3\\\/2020\\\/11\\\/logo.jpg\",\"contentUrl\":\"https:\\\/\\\/redenoticiaz.com.br\\\/litoralsp\\\/wp-content\\\/uploads\\\/sites\\\/3\\\/2020\\\/11\\\/logo.jpg\",\"width\":400,\"height\":250,\"caption\":\"Litoral SP\"},\"image\":{\"@id\":\"https:\\\/\\\/redenoticiaz.com.br\\\/litoralsp\\\/#\\\/schema\\\/logo\\\/image\\\/\"}},{\"@type\":\"Person\",\"@id\":\"https:\\\/\\\/redenoticiaz.com.br\\\/litoralsp\\\/#\\\/schema\\\/person\\\/16057b37a3c0ee6b096d7f887c566e2e\",\"name\":\"Gustavo Silva\",\"image\":{\"@type\":\"ImageObject\",\"inLanguage\":\"pt-BR\",\"@id\":\"https:\\\/\\\/secure.gravatar.com\\\/avatar\\\/3ee4e82f93b26de0a7cf4ea5eb7893da637ed6bb0c9170c58065944c56e28a33?s=96&d=mm&r=g\",\"url\":\"https:\\\/\\\/secure.gravatar.com\\\/avatar\\\/3ee4e82f93b26de0a7cf4ea5eb7893da637ed6bb0c9170c58065944c56e28a33?s=96&d=mm&r=g\",\"contentUrl\":\"https:\\\/\\\/secure.gravatar.com\\\/avatar\\\/3ee4e82f93b26de0a7cf4ea5eb7893da637ed6bb0c9170c58065944c56e28a33?s=96&d=mm&r=g\",\"caption\":\"Gustavo Silva\"},\"url\":\"https:\\\/\\\/redenoticiaz.com.br\\\/litoralsp\\\/author\\\/gustavosilva\"}]}<\/script>\n<!-- \/ Yoast SEO plugin. -->","yoast_head_json":{"title":"Homem \u00e9 preso em flagrante por tr\u00e1fico de drogas - Litoral SP","description":"Com a ajuda das c\u00e2meras do Centro de Controle Operacional (CCO) da Prefeitura, guardas municipais de Santos conseguiram prender em flagrante um homem de 26 anos por tr\u00e1fico de drogas na orla.","robots":{"index":"index","follow":"follow","max-snippet":"max-snippet:-1","max-image-preview":"max-image-preview:large","max-video-preview":"max-video-preview:-1"},"canonical":"https:\/\/redenoticiaz.com.br\/litoralsp\/2024\/06\/27\/homem-e-preso-em-flagrante-por-trafico-de-drogas","og_locale":"pt_BR","og_type":"article","og_title":"Homem \u00e9 preso em flagrante por tr\u00e1fico de drogas - Litoral SP","og_description":"Com a ajuda das c\u00e2meras do Centro de Controle Operacional (CCO) da Prefeitura, guardas municipais de Santos conseguiram prender em flagrante um homem de 26 anos por tr\u00e1fico de drogas na orla.","og_url":"https:\/\/redenoticiaz.com.br\/litoralsp\/2024\/06\/27\/homem-e-preso-em-flagrante-por-trafico-de-drogas","og_site_name":"Litoral SP","article_published_time":"2024-06-27T21:30:26+00:00","og_image":[{"width":1400,"height":991,"url":"https:\/\/redenoticiaz.com.br\/litoralsp\/wp-content\/uploads\/sites\/3\/2024\/06\/whatsapp_image_2024-06-26_at_08.11.39.jpeg","type":"image\/jpeg"}],"author":"Gustavo Silva","twitter_card":"summary_large_image","twitter_misc":{"Escrito por":"Gustavo Silva","Est. tempo de leitura":"2 minutos"},"schema":{"@context":"https:\/\/schema.org","@graph":[{"@type":"Article","@id":"https:\/\/redenoticiaz.com.br\/litoralsp\/2024\/06\/27\/homem-e-preso-em-flagrante-por-trafico-de-drogas#article","isPartOf":{"@id":"https:\/\/redenoticiaz.com.br\/litoralsp\/2024\/06\/27\/homem-e-preso-em-flagrante-por-trafico-de-drogas"},"author":{"name":"Gustavo Silva","@id":"https:\/\/redenoticiaz.com.br\/litoralsp\/#\/schema\/person\/16057b37a3c0ee6b096d7f887c566e2e"},"headline":"Homem \u00e9 preso em flagrante por tr\u00e1fico de drogas","datePublished":"2024-06-27T21:30:26+00:00","mainEntityOfPage":{"@id":"https:\/\/redenoticiaz.com.br\/litoralsp\/2024\/06\/27\/homem-e-preso-em-flagrante-por-trafico-de-drogas"},"wordCount":207,"commentCount":0,"publisher":{"@id":"https:\/\/redenoticiaz.com.br\/litoralsp\/#organization"},"image":{"@id":"https:\/\/redenoticiaz.com.br\/litoralsp\/2024\/06\/27\/homem-e-preso-em-flagrante-por-trafico-de-drogas#primaryimage"},"thumbnailUrl":"https:\/\/redenoticiaz.com.br\/litoralsp\/wp-content\/uploads\/sites\/3\/2024\/06\/whatsapp_image_2024-06-26_at_08.11.39.jpeg","keywords":["drogas","ORLA DE SANTOS","tr\u00e1fic o de drogas"],"articleSection":["Pol\u00edcia","Santos"],"inLanguage":"pt-BR","potentialAction":[{"@type":"CommentAction","name":"Comment","target":["https:\/\/redenoticiaz.com.br\/litoralsp\/2024\/06\/27\/homem-e-preso-em-flagrante-por-trafico-de-drogas#respond"]}]},{"@type":"WebPage","@id":"https:\/\/redenoticiaz.com.br\/litoralsp\/2024\/06\/27\/homem-e-preso-em-flagrante-por-trafico-de-drogas","url":"https:\/\/redenoticiaz.com.br\/litoralsp\/2024\/06\/27\/homem-e-preso-em-flagrante-por-trafico-de-drogas","name":"Homem \u00e9 preso em flagrante por tr\u00e1fico de drogas - Litoral SP","isPartOf":{"@id":"https:\/\/redenoticiaz.com.br\/litoralsp\/#website"},"primaryImageOfPage":{"@id":"https:\/\/redenoticiaz.com.br\/litoralsp\/2024\/06\/27\/homem-e-preso-em-flagrante-por-trafico-de-drogas#primaryimage"},"image":{"@id":"https:\/\/redenoticiaz.com.br\/litoralsp\/2024\/06\/27\/homem-e-preso-em-flagrante-por-trafico-de-drogas#primaryimage"},"thumbnailUrl":"https:\/\/redenoticiaz.com.br\/litoralsp\/wp-content\/uploads\/sites\/3\/2024\/06\/whatsapp_image_2024-06-26_at_08.11.39.jpeg","datePublished":"2024-06-27T21:30:26+00:00","description":"Com a ajuda das c\u00e2meras do Centro de Controle Operacional (CCO) da Prefeitura, guardas municipais de Santos conseguiram prender em flagrante um homem de 26 anos por tr\u00e1fico de drogas na orla.","inLanguage":"pt-BR","potentialAction":[{"@type":"ReadAction","target":["https:\/\/redenoticiaz.com.br\/litoralsp\/2024\/06\/27\/homem-e-preso-em-flagrante-por-trafico-de-drogas"]}]},{"@type":"ImageObject","inLanguage":"pt-BR","@id":"https:\/\/redenoticiaz.com.br\/litoralsp\/2024\/06\/27\/homem-e-preso-em-flagrante-por-trafico-de-drogas#primaryimage","url":"https:\/\/redenoticiaz.com.br\/litoralsp\/wp-content\/uploads\/sites\/3\/2024\/06\/whatsapp_image_2024-06-26_at_08.11.39.jpeg","contentUrl":"https:\/\/redenoticiaz.com.br\/litoralsp\/wp-content\/uploads\/sites\/3\/2024\/06\/whatsapp_image_2024-06-26_at_08.11.39.jpeg","width":1400,"height":991},{"@type":"WebSite","@id":"https:\/\/redenoticiaz.com.br\/litoralsp\/#website","url":"https:\/\/redenoticiaz.com.br\/litoralsp\/","name":"Litoral SP","description":"Rede NoticiaZ","publisher":{"@id":"https:\/\/redenoticiaz.com.br\/litoralsp\/#organization"},"potentialAction":[{"@type":"SearchAction","target":{"@type":"EntryPoint","urlTemplate":"https:\/\/redenoticiaz.com.br\/litoralsp\/?s={search_term_string}"},"query-input":{"@type":"PropertyValueSpecification","valueRequired":true,"valueName":"search_term_string"}}],"inLanguage":"pt-BR"},{"@type":"Organization","@id":"https:\/\/redenoticiaz.com.br\/litoralsp\/#organization","name":"Litoral SP","url":"https:\/\/redenoticiaz.com.br\/litoralsp\/","logo":{"@type":"ImageObject","inLanguage":"pt-BR","@id":"https:\/\/redenoticiaz.com.br\/litoralsp\/#\/schema\/logo\/image\/","url":"https:\/\/redenoticiaz.com.br\/litoralsp\/wp-content\/uploads\/sites\/3\/2020\/11\/logo.jpg","contentUrl":"https:\/\/redenoticiaz.com.br\/litoralsp\/wp-content\/uploads\/sites\/3\/2020\/11\/logo.jpg","width":400,"height":250,"caption":"Litoral SP"},"image":{"@id":"https:\/\/redenoticiaz.com.br\/litoralsp\/#\/schema\/logo\/image\/"}},{"@type":"Person","@id":"https:\/\/redenoticiaz.com.br\/litoralsp\/#\/schema\/person\/16057b37a3c0ee6b096d7f887c566e2e","name":"Gustavo Silva","image":{"@type":"ImageObject","inLanguage":"pt-BR","@id":"https:\/\/secure.gravatar.com\/avatar\/3ee4e82f93b26de0a7cf4ea5eb7893da637ed6bb0c9170c58065944c56e28a33?s=96&d=mm&r=g","url":"https:\/\/secure.gravatar.com\/avatar\/3ee4e82f93b26de0a7cf4ea5eb7893da637ed6bb0c9170c58065944c56e28a33?s=96&d=mm&r=g","contentUrl":"https:\/\/secure.gravatar.com\/avatar\/3ee4e82f93b26de0a7cf4ea5eb7893da637ed6bb0c9170c58065944c56e28a33?s=96&d=mm&r=g","caption":"Gustavo Silva"},"url":"https:\/\/redenoticiaz.com.br\/litoralsp\/author\/gustavosilva"}]}},"_links":{"self":[{"href":"https:\/\/redenoticiaz.com.br\/litoralsp\/wp-json\/wp\/v2\/posts\/116933","targetHints":{"allow":["GET"]}}],"collection":[{"href":"https:\/\/redenoticiaz.com.br\/litoralsp\/wp-json\/wp\/v2\/posts"}],"about":[{"href":"https:\/\/redenoticiaz.com.br\/litoralsp\/wp-json\/wp\/v2\/types\/post"}],"author":[{"embeddable":true,"href":"https:\/\/redenoticiaz.com.br\/litoralsp\/wp-json\/wp\/v2\/users\/12"}],"replies":[{"embeddable":true,"href":"https:\/\/redenoticiaz.com.br\/litoralsp\/wp-json\/wp\/v2\/comments?post=116933"}],"version-history":[{"count":1,"href":"https:\/\/redenoticiaz.com.br\/litoralsp\/wp-json\/wp\/v2\/posts\/116933\/revisions"}],"predecessor-version":[{"id":116935,"href":"https:\/\/redenoticiaz.com.br\/litoralsp\/wp-json\/wp\/v2\/posts\/116933\/revisions\/116935"}],"wp:featuredmedia":[{"embeddable":true,"href":"https:\/\/redenoticiaz.com.br\/litoralsp\/wp-json\/wp\/v2\/media\/116934"}],"wp:attachment":[{"href":"https:\/\/redenoticiaz.com.br\/litoralsp\/wp-json\/wp\/v2\/media?parent=116933"}],"wp:term":[{"taxonomy":"category","embeddable":true,"href":"https:\/\/redenoticiaz.com.br\/litoralsp\/wp-json\/wp\/v2\/categories?post=116933"},{"taxonomy":"post_tag","embeddable":true,"href":"https:\/\/redenoticiaz.com.br\/litoralsp\/wp-json\/wp\/v2\/tags?post=116933"}],"curies":[{"name":"wp","href":"https:\/\/api.w.org\/{rel}","templated":true}]}}