{"id":117088,"date":"2024-07-08T11:44:04","date_gmt":"2024-07-08T14:44:04","guid":{"rendered":"https:\/\/redenoticiaz.com.br\/litoralsp\/2024\/07\/08\/integrante-de-faccao-na-bahia-e-preso-no-allianz-park-apos-ser-flagrado-em-reconhecimento-facial"},"modified":"2024-07-08T11:44:04","modified_gmt":"2024-07-08T14:44:04","slug":"integrante-de-faccao-na-bahia-e-preso-no-allianz-park-apos-ser-flagrado-em-reconhecimento-facial","status":"publish","type":"post","link":"https:\/\/redenoticiaz.com.br\/litoralsp\/2024\/07\/08\/integrante-de-faccao-na-bahia-e-preso-no-allianz-park-apos-ser-flagrado-em-reconhecimento-facial","title":{"rendered":"Integrante de fac\u00e7\u00e3o na Bahia \u00e9 preso no Allianz Park ap\u00f3s ser flagrado em reconhecimento facial"},"content":{"rendered":"<p>Policiais militares do 2\u00b0 Batalh\u00e3o de Choque prenderam neste domingo (7) um integrante de fac\u00e7\u00e3o criminosa da Bahia que era procurado pela Justi\u00e7a. A pris\u00e3o aconteceu durante a partida entre Palmeiras e Bahia, no est\u00e1dio Allianz Park, com aux\u00edlio do sistema Muralha Paulista.<\/p>\n<div><\/div>\n<div>Agentes do setor de intelig\u00eancia da Pol\u00edcia Militar apuraram que o criminoso poderia assistir ao jogo e montaram uma opera\u00e7\u00e3o para prend\u00ea-lo.<\/div>\n<div><\/div>\n<div>Conhecido como R6, o homem de 26 anos foi reconhecido pelas c\u00e2meras usadas pela PM para identificar foragidos da Justi\u00e7a durante eventos no est\u00e1dio.<\/div>\n<div><\/div>\n<div>Ele tem passagem por tr\u00e1fico de drogas e foi denunciado pelo Minist\u00e9rio P\u00fablico da Bahia em abril do ano passado com outros 22 criminosos apontados pelo \u00f3rg\u00e3o como &#8220;vendedores, olheiros, entregadores e gerentes do tr\u00e1fico de drogas&#8221;.<\/div>\n<div><\/div>\n<div>Leia mais<\/div>\n<div><\/div>\n","protected":false},"excerpt":{"rendered":"<p>Policiais militares do 2\u00b0 Batalh\u00e3o de Choque prenderam neste domingo (7) um integrante de fac\u00e7\u00e3o criminosa da Bahia que era procurado pela Justi\u00e7a. A pris\u00e3o aconteceu durante a partida entre Palmeiras e Bahia, no est\u00e1dio Allianz Park, com aux\u00edlio do sistema Muralha Paulista. Agentes do setor de intelig\u00eancia da Pol\u00edcia Militar apuraram que o criminoso &hellip;<\/p>\n","protected":false},"author":12,"featured_media":117089,"comment_status":"open","ping_status":"closed","sticky":false,"template":"","format":"standard","meta":{"footnotes":""},"categories":[10],"tags":[],"class_list":["post-117088","post","type-post","status-publish","format-standard","has-post-thumbnail","hentry","category-policia"],"yoast_head":"<!-- This site is optimized with the Yoast SEO plugin v27.5 - https:\/\/yoast.com\/product\/yoast-seo-wordpress\/ -->\n<title>Integrante de fac\u00e7\u00e3o na Bahia \u00e9 preso no Allianz Park ap\u00f3s ser flagrado em reconhecimento facial - Litoral SP<\/title>\n<meta name=\"description\" content=\"Policiais militares do 2\u00b0 Batalh\u00e3o de Choque prenderam neste domingo (7) um integrante de fac\u00e7\u00e3o criminosa da Bahia que era procurado pela Justi\u00e7a.\" \/>\n<meta name=\"robots\" content=\"index, follow, max-snippet:-1, max-image-preview:large, max-video-preview:-1\" \/>\n<link rel=\"canonical\" href=\"https:\/\/redenoticiaz.com.br\/litoralsp\/2024\/07\/08\/integrante-de-faccao-na-bahia-e-preso-no-allianz-park-apos-ser-flagrado-em-reconhecimento-facial\" \/>\n<meta property=\"og:locale\" content=\"pt_BR\" \/>\n<meta property=\"og:type\" content=\"article\" \/>\n<meta property=\"og:title\" content=\"Integrante de fac\u00e7\u00e3o na Bahia \u00e9 preso no Allianz Park ap\u00f3s ser flagrado em reconhecimento facial - Litoral SP\" \/>\n<meta property=\"og:description\" content=\"Policiais militares do 2\u00b0 Batalh\u00e3o de Choque prenderam neste domingo (7) um integrante de fac\u00e7\u00e3o criminosa da Bahia que era procurado pela Justi\u00e7a.\" \/>\n<meta property=\"og:url\" content=\"https:\/\/redenoticiaz.com.br\/litoralsp\/2024\/07\/08\/integrante-de-faccao-na-bahia-e-preso-no-allianz-park-apos-ser-flagrado-em-reconhecimento-facial\" \/>\n<meta property=\"og:site_name\" content=\"Litoral SP\" \/>\n<meta property=\"article:published_time\" content=\"2024-07-08T14:44:04+00:00\" \/>\n<meta property=\"og:image\" content=\"https:\/\/redenoticiaz.com.br\/litoralsp\/wp-content\/uploads\/sites\/3\/2024\/07\/policia.jpg?v=1704821799\" \/>\n\t<meta property=\"og:image:width\" content=\"557\" \/>\n\t<meta property=\"og:image:height\" content=\"334\" \/>\n\t<meta property=\"og:image:type\" content=\"image\/jpeg\" \/>\n<meta name=\"author\" content=\"Gustavo Silva\" \/>\n<meta name=\"twitter:card\" content=\"summary_large_image\" \/>\n<meta name=\"twitter:label1\" content=\"Escrito por\" \/>\n\t<meta name=\"twitter:data1\" content=\"Gustavo Silva\" \/>\n\t<meta name=\"twitter:label2\" content=\"Est. tempo de leitura\" \/>\n\t<meta name=\"twitter:data2\" content=\"1 minuto\" \/>\n<script type=\"application\/ld+json\" class=\"yoast-schema-graph\">{\"@context\":\"https:\\\/\\\/schema.org\",\"@graph\":[{\"@type\":\"Article\",\"@id\":\"https:\\\/\\\/redenoticiaz.com.br\\\/litoralsp\\\/2024\\\/07\\\/08\\\/integrante-de-faccao-na-bahia-e-preso-no-allianz-park-apos-ser-flagrado-em-reconhecimento-facial#article\",\"isPartOf\":{\"@id\":\"https:\\\/\\\/redenoticiaz.com.br\\\/litoralsp\\\/2024\\\/07\\\/08\\\/integrante-de-faccao-na-bahia-e-preso-no-allianz-park-apos-ser-flagrado-em-reconhecimento-facial\"},\"author\":{\"name\":\"Gustavo Silva\",\"@id\":\"https:\\\/\\\/redenoticiaz.com.br\\\/litoralsp\\\/#\\\/schema\\\/person\\\/16057b37a3c0ee6b096d7f887c566e2e\"},\"headline\":\"Integrante de fac\u00e7\u00e3o na Bahia \u00e9 preso no Allianz Park ap\u00f3s ser flagrado em reconhecimento facial\",\"datePublished\":\"2024-07-08T14:44:04+00:00\",\"mainEntityOfPage\":{\"@id\":\"https:\\\/\\\/redenoticiaz.com.br\\\/litoralsp\\\/2024\\\/07\\\/08\\\/integrante-de-faccao-na-bahia-e-preso-no-allianz-park-apos-ser-flagrado-em-reconhecimento-facial\"},\"wordCount\":159,\"commentCount\":0,\"publisher\":{\"@id\":\"https:\\\/\\\/redenoticiaz.com.br\\\/litoralsp\\\/#organization\"},\"image\":{\"@id\":\"https:\\\/\\\/redenoticiaz.com.br\\\/litoralsp\\\/2024\\\/07\\\/08\\\/integrante-de-faccao-na-bahia-e-preso-no-allianz-park-apos-ser-flagrado-em-reconhecimento-facial#primaryimage\"},\"thumbnailUrl\":\"https:\\\/\\\/redenoticiaz.com.br\\\/litoralsp\\\/wp-content\\\/uploads\\\/sites\\\/3\\\/2024\\\/07\\\/policia.jpg?v=1704821799\",\"articleSection\":[\"Pol\u00edcia\"],\"inLanguage\":\"pt-BR\",\"potentialAction\":[{\"@type\":\"CommentAction\",\"name\":\"Comment\",\"target\":[\"https:\\\/\\\/redenoticiaz.com.br\\\/litoralsp\\\/2024\\\/07\\\/08\\\/integrante-de-faccao-na-bahia-e-preso-no-allianz-park-apos-ser-flagrado-em-reconhecimento-facial#respond\"]}]},{\"@type\":\"WebPage\",\"@id\":\"https:\\\/\\\/redenoticiaz.com.br\\\/litoralsp\\\/2024\\\/07\\\/08\\\/integrante-de-faccao-na-bahia-e-preso-no-allianz-park-apos-ser-flagrado-em-reconhecimento-facial\",\"url\":\"https:\\\/\\\/redenoticiaz.com.br\\\/litoralsp\\\/2024\\\/07\\\/08\\\/integrante-de-faccao-na-bahia-e-preso-no-allianz-park-apos-ser-flagrado-em-reconhecimento-facial\",\"name\":\"Integrante de fac\u00e7\u00e3o na Bahia \u00e9 preso no Allianz Park ap\u00f3s ser flagrado em reconhecimento facial - Litoral SP\",\"isPartOf\":{\"@id\":\"https:\\\/\\\/redenoticiaz.com.br\\\/litoralsp\\\/#website\"},\"primaryImageOfPage\":{\"@id\":\"https:\\\/\\\/redenoticiaz.com.br\\\/litoralsp\\\/2024\\\/07\\\/08\\\/integrante-de-faccao-na-bahia-e-preso-no-allianz-park-apos-ser-flagrado-em-reconhecimento-facial#primaryimage\"},\"image\":{\"@id\":\"https:\\\/\\\/redenoticiaz.com.br\\\/litoralsp\\\/2024\\\/07\\\/08\\\/integrante-de-faccao-na-bahia-e-preso-no-allianz-park-apos-ser-flagrado-em-reconhecimento-facial#primaryimage\"},\"thumbnailUrl\":\"https:\\\/\\\/redenoticiaz.com.br\\\/litoralsp\\\/wp-content\\\/uploads\\\/sites\\\/3\\\/2024\\\/07\\\/policia.jpg?v=1704821799\",\"datePublished\":\"2024-07-08T14:44:04+00:00\",\"description\":\"Policiais militares do 2\u00b0 Batalh\u00e3o de Choque prenderam neste domingo (7) um integrante de fac\u00e7\u00e3o criminosa da Bahia que era procurado pela Justi\u00e7a.\",\"inLanguage\":\"pt-BR\",\"potentialAction\":[{\"@type\":\"ReadAction\",\"target\":[\"https:\\\/\\\/redenoticiaz.com.br\\\/litoralsp\\\/2024\\\/07\\\/08\\\/integrante-de-faccao-na-bahia-e-preso-no-allianz-park-apos-ser-flagrado-em-reconhecimento-facial\"]}]},{\"@type\":\"ImageObject\",\"inLanguage\":\"pt-BR\",\"@id\":\"https:\\\/\\\/redenoticiaz.com.br\\\/litoralsp\\\/2024\\\/07\\\/08\\\/integrante-de-faccao-na-bahia-e-preso-no-allianz-park-apos-ser-flagrado-em-reconhecimento-facial#primaryimage\",\"url\":\"https:\\\/\\\/redenoticiaz.com.br\\\/litoralsp\\\/wp-content\\\/uploads\\\/sites\\\/3\\\/2024\\\/07\\\/policia.jpg?v=1704821799\",\"contentUrl\":\"https:\\\/\\\/redenoticiaz.com.br\\\/litoralsp\\\/wp-content\\\/uploads\\\/sites\\\/3\\\/2024\\\/07\\\/policia.jpg?v=1704821799\",\"width\":557,\"height\":334},{\"@type\":\"WebSite\",\"@id\":\"https:\\\/\\\/redenoticiaz.com.br\\\/litoralsp\\\/#website\",\"url\":\"https:\\\/\\\/redenoticiaz.com.br\\\/litoralsp\\\/\",\"name\":\"Litoral SP\",\"description\":\"Rede NoticiaZ\",\"publisher\":{\"@id\":\"https:\\\/\\\/redenoticiaz.com.br\\\/litoralsp\\\/#organization\"},\"potentialAction\":[{\"@type\":\"SearchAction\",\"target\":{\"@type\":\"EntryPoint\",\"urlTemplate\":\"https:\\\/\\\/redenoticiaz.com.br\\\/litoralsp\\\/?s={search_term_string}\"},\"query-input\":{\"@type\":\"PropertyValueSpecification\",\"valueRequired\":true,\"valueName\":\"search_term_string\"}}],\"inLanguage\":\"pt-BR\"},{\"@type\":\"Organization\",\"@id\":\"https:\\\/\\\/redenoticiaz.com.br\\\/litoralsp\\\/#organization\",\"name\":\"Litoral SP\",\"url\":\"https:\\\/\\\/redenoticiaz.com.br\\\/litoralsp\\\/\",\"logo\":{\"@type\":\"ImageObject\",\"inLanguage\":\"pt-BR\",\"@id\":\"https:\\\/\\\/redenoticiaz.com.br\\\/litoralsp\\\/#\\\/schema\\\/logo\\\/image\\\/\",\"url\":\"https:\\\/\\\/redenoticiaz.com.br\\\/litoralsp\\\/wp-content\\\/uploads\\\/sites\\\/3\\\/2020\\\/11\\\/logo.jpg\",\"contentUrl\":\"https:\\\/\\\/redenoticiaz.com.br\\\/litoralsp\\\/wp-content\\\/uploads\\\/sites\\\/3\\\/2020\\\/11\\\/logo.jpg\",\"width\":400,\"height\":250,\"caption\":\"Litoral SP\"},\"image\":{\"@id\":\"https:\\\/\\\/redenoticiaz.com.br\\\/litoralsp\\\/#\\\/schema\\\/logo\\\/image\\\/\"}},{\"@type\":\"Person\",\"@id\":\"https:\\\/\\\/redenoticiaz.com.br\\\/litoralsp\\\/#\\\/schema\\\/person\\\/16057b37a3c0ee6b096d7f887c566e2e\",\"name\":\"Gustavo Silva\",\"image\":{\"@type\":\"ImageObject\",\"inLanguage\":\"pt-BR\",\"@id\":\"https:\\\/\\\/secure.gravatar.com\\\/avatar\\\/3ee4e82f93b26de0a7cf4ea5eb7893da637ed6bb0c9170c58065944c56e28a33?s=96&d=mm&r=g\",\"url\":\"https:\\\/\\\/secure.gravatar.com\\\/avatar\\\/3ee4e82f93b26de0a7cf4ea5eb7893da637ed6bb0c9170c58065944c56e28a33?s=96&d=mm&r=g\",\"contentUrl\":\"https:\\\/\\\/secure.gravatar.com\\\/avatar\\\/3ee4e82f93b26de0a7cf4ea5eb7893da637ed6bb0c9170c58065944c56e28a33?s=96&d=mm&r=g\",\"caption\":\"Gustavo Silva\"},\"url\":\"https:\\\/\\\/redenoticiaz.com.br\\\/litoralsp\\\/author\\\/gustavosilva\"}]}<\/script>\n<!-- \/ Yoast SEO plugin. -->","yoast_head_json":{"title":"Integrante de fac\u00e7\u00e3o na Bahia \u00e9 preso no Allianz Park ap\u00f3s ser flagrado em reconhecimento facial - Litoral SP","description":"Policiais militares do 2\u00b0 Batalh\u00e3o de Choque prenderam neste domingo (7) um integrante de fac\u00e7\u00e3o criminosa da Bahia que era procurado pela Justi\u00e7a.","robots":{"index":"index","follow":"follow","max-snippet":"max-snippet:-1","max-image-preview":"max-image-preview:large","max-video-preview":"max-video-preview:-1"},"canonical":"https:\/\/redenoticiaz.com.br\/litoralsp\/2024\/07\/08\/integrante-de-faccao-na-bahia-e-preso-no-allianz-park-apos-ser-flagrado-em-reconhecimento-facial","og_locale":"pt_BR","og_type":"article","og_title":"Integrante de fac\u00e7\u00e3o na Bahia \u00e9 preso no Allianz Park ap\u00f3s ser flagrado em reconhecimento facial - Litoral SP","og_description":"Policiais militares do 2\u00b0 Batalh\u00e3o de Choque prenderam neste domingo (7) um integrante de fac\u00e7\u00e3o criminosa da Bahia que era procurado pela Justi\u00e7a.","og_url":"https:\/\/redenoticiaz.com.br\/litoralsp\/2024\/07\/08\/integrante-de-faccao-na-bahia-e-preso-no-allianz-park-apos-ser-flagrado-em-reconhecimento-facial","og_site_name":"Litoral SP","article_published_time":"2024-07-08T14:44:04+00:00","og_image":[{"width":557,"height":334,"url":"https:\/\/redenoticiaz.com.br\/litoralsp\/wp-content\/uploads\/sites\/3\/2024\/07\/policia.jpg?v=1704821799","type":"image\/jpeg"}],"author":"Gustavo Silva","twitter_card":"summary_large_image","twitter_misc":{"Escrito por":"Gustavo Silva","Est. tempo de leitura":"1 minuto"},"schema":{"@context":"https:\/\/schema.org","@graph":[{"@type":"Article","@id":"https:\/\/redenoticiaz.com.br\/litoralsp\/2024\/07\/08\/integrante-de-faccao-na-bahia-e-preso-no-allianz-park-apos-ser-flagrado-em-reconhecimento-facial#article","isPartOf":{"@id":"https:\/\/redenoticiaz.com.br\/litoralsp\/2024\/07\/08\/integrante-de-faccao-na-bahia-e-preso-no-allianz-park-apos-ser-flagrado-em-reconhecimento-facial"},"author":{"name":"Gustavo Silva","@id":"https:\/\/redenoticiaz.com.br\/litoralsp\/#\/schema\/person\/16057b37a3c0ee6b096d7f887c566e2e"},"headline":"Integrante de fac\u00e7\u00e3o na Bahia \u00e9 preso no Allianz Park ap\u00f3s ser flagrado em reconhecimento facial","datePublished":"2024-07-08T14:44:04+00:00","mainEntityOfPage":{"@id":"https:\/\/redenoticiaz.com.br\/litoralsp\/2024\/07\/08\/integrante-de-faccao-na-bahia-e-preso-no-allianz-park-apos-ser-flagrado-em-reconhecimento-facial"},"wordCount":159,"commentCount":0,"publisher":{"@id":"https:\/\/redenoticiaz.com.br\/litoralsp\/#organization"},"image":{"@id":"https:\/\/redenoticiaz.com.br\/litoralsp\/2024\/07\/08\/integrante-de-faccao-na-bahia-e-preso-no-allianz-park-apos-ser-flagrado-em-reconhecimento-facial#primaryimage"},"thumbnailUrl":"https:\/\/redenoticiaz.com.br\/litoralsp\/wp-content\/uploads\/sites\/3\/2024\/07\/policia.jpg?v=1704821799","articleSection":["Pol\u00edcia"],"inLanguage":"pt-BR","potentialAction":[{"@type":"CommentAction","name":"Comment","target":["https:\/\/redenoticiaz.com.br\/litoralsp\/2024\/07\/08\/integrante-de-faccao-na-bahia-e-preso-no-allianz-park-apos-ser-flagrado-em-reconhecimento-facial#respond"]}]},{"@type":"WebPage","@id":"https:\/\/redenoticiaz.com.br\/litoralsp\/2024\/07\/08\/integrante-de-faccao-na-bahia-e-preso-no-allianz-park-apos-ser-flagrado-em-reconhecimento-facial","url":"https:\/\/redenoticiaz.com.br\/litoralsp\/2024\/07\/08\/integrante-de-faccao-na-bahia-e-preso-no-allianz-park-apos-ser-flagrado-em-reconhecimento-facial","name":"Integrante de fac\u00e7\u00e3o na Bahia \u00e9 preso no Allianz Park ap\u00f3s ser flagrado em reconhecimento facial - Litoral SP","isPartOf":{"@id":"https:\/\/redenoticiaz.com.br\/litoralsp\/#website"},"primaryImageOfPage":{"@id":"https:\/\/redenoticiaz.com.br\/litoralsp\/2024\/07\/08\/integrante-de-faccao-na-bahia-e-preso-no-allianz-park-apos-ser-flagrado-em-reconhecimento-facial#primaryimage"},"image":{"@id":"https:\/\/redenoticiaz.com.br\/litoralsp\/2024\/07\/08\/integrante-de-faccao-na-bahia-e-preso-no-allianz-park-apos-ser-flagrado-em-reconhecimento-facial#primaryimage"},"thumbnailUrl":"https:\/\/redenoticiaz.com.br\/litoralsp\/wp-content\/uploads\/sites\/3\/2024\/07\/policia.jpg?v=1704821799","datePublished":"2024-07-08T14:44:04+00:00","description":"Policiais militares do 2\u00b0 Batalh\u00e3o de Choque prenderam neste domingo (7) um integrante de fac\u00e7\u00e3o criminosa da Bahia que era procurado pela Justi\u00e7a.","inLanguage":"pt-BR","potentialAction":[{"@type":"ReadAction","target":["https:\/\/redenoticiaz.com.br\/litoralsp\/2024\/07\/08\/integrante-de-faccao-na-bahia-e-preso-no-allianz-park-apos-ser-flagrado-em-reconhecimento-facial"]}]},{"@type":"ImageObject","inLanguage":"pt-BR","@id":"https:\/\/redenoticiaz.com.br\/litoralsp\/2024\/07\/08\/integrante-de-faccao-na-bahia-e-preso-no-allianz-park-apos-ser-flagrado-em-reconhecimento-facial#primaryimage","url":"https:\/\/redenoticiaz.com.br\/litoralsp\/wp-content\/uploads\/sites\/3\/2024\/07\/policia.jpg?v=1704821799","contentUrl":"https:\/\/redenoticiaz.com.br\/litoralsp\/wp-content\/uploads\/sites\/3\/2024\/07\/policia.jpg?v=1704821799","width":557,"height":334},{"@type":"WebSite","@id":"https:\/\/redenoticiaz.com.br\/litoralsp\/#website","url":"https:\/\/redenoticiaz.com.br\/litoralsp\/","name":"Litoral SP","description":"Rede NoticiaZ","publisher":{"@id":"https:\/\/redenoticiaz.com.br\/litoralsp\/#organization"},"potentialAction":[{"@type":"SearchAction","target":{"@type":"EntryPoint","urlTemplate":"https:\/\/redenoticiaz.com.br\/litoralsp\/?s={search_term_string}"},"query-input":{"@type":"PropertyValueSpecification","valueRequired":true,"valueName":"search_term_string"}}],"inLanguage":"pt-BR"},{"@type":"Organization","@id":"https:\/\/redenoticiaz.com.br\/litoralsp\/#organization","name":"Litoral SP","url":"https:\/\/redenoticiaz.com.br\/litoralsp\/","logo":{"@type":"ImageObject","inLanguage":"pt-BR","@id":"https:\/\/redenoticiaz.com.br\/litoralsp\/#\/schema\/logo\/image\/","url":"https:\/\/redenoticiaz.com.br\/litoralsp\/wp-content\/uploads\/sites\/3\/2020\/11\/logo.jpg","contentUrl":"https:\/\/redenoticiaz.com.br\/litoralsp\/wp-content\/uploads\/sites\/3\/2020\/11\/logo.jpg","width":400,"height":250,"caption":"Litoral SP"},"image":{"@id":"https:\/\/redenoticiaz.com.br\/litoralsp\/#\/schema\/logo\/image\/"}},{"@type":"Person","@id":"https:\/\/redenoticiaz.com.br\/litoralsp\/#\/schema\/person\/16057b37a3c0ee6b096d7f887c566e2e","name":"Gustavo Silva","image":{"@type":"ImageObject","inLanguage":"pt-BR","@id":"https:\/\/secure.gravatar.com\/avatar\/3ee4e82f93b26de0a7cf4ea5eb7893da637ed6bb0c9170c58065944c56e28a33?s=96&d=mm&r=g","url":"https:\/\/secure.gravatar.com\/avatar\/3ee4e82f93b26de0a7cf4ea5eb7893da637ed6bb0c9170c58065944c56e28a33?s=96&d=mm&r=g","contentUrl":"https:\/\/secure.gravatar.com\/avatar\/3ee4e82f93b26de0a7cf4ea5eb7893da637ed6bb0c9170c58065944c56e28a33?s=96&d=mm&r=g","caption":"Gustavo Silva"},"url":"https:\/\/redenoticiaz.com.br\/litoralsp\/author\/gustavosilva"}]}},"_links":{"self":[{"href":"https:\/\/redenoticiaz.com.br\/litoralsp\/wp-json\/wp\/v2\/posts\/117088","targetHints":{"allow":["GET"]}}],"collection":[{"href":"https:\/\/redenoticiaz.com.br\/litoralsp\/wp-json\/wp\/v2\/posts"}],"about":[{"href":"https:\/\/redenoticiaz.com.br\/litoralsp\/wp-json\/wp\/v2\/types\/post"}],"author":[{"embeddable":true,"href":"https:\/\/redenoticiaz.com.br\/litoralsp\/wp-json\/wp\/v2\/users\/12"}],"replies":[{"embeddable":true,"href":"https:\/\/redenoticiaz.com.br\/litoralsp\/wp-json\/wp\/v2\/comments?post=117088"}],"version-history":[{"count":0,"href":"https:\/\/redenoticiaz.com.br\/litoralsp\/wp-json\/wp\/v2\/posts\/117088\/revisions"}],"wp:featuredmedia":[{"embeddable":true,"href":"https:\/\/redenoticiaz.com.br\/litoralsp\/wp-json\/wp\/v2\/media\/117089"}],"wp:attachment":[{"href":"https:\/\/redenoticiaz.com.br\/litoralsp\/wp-json\/wp\/v2\/media?parent=117088"}],"wp:term":[{"taxonomy":"category","embeddable":true,"href":"https:\/\/redenoticiaz.com.br\/litoralsp\/wp-json\/wp\/v2\/categories?post=117088"},{"taxonomy":"post_tag","embeddable":true,"href":"https:\/\/redenoticiaz.com.br\/litoralsp\/wp-json\/wp\/v2\/tags?post=117088"}],"curies":[{"name":"wp","href":"https:\/\/api.w.org\/{rel}","templated":true}]}}