{"id":11714,"date":"2021-07-22T15:22:10","date_gmt":"2021-07-22T18:22:10","guid":{"rendered":"https:\/\/redenoticiaz.com.br\/litoralsp\/?p=11714"},"modified":"2021-07-22T15:22:29","modified_gmt":"2021-07-22T18:22:29","slug":"homem-usa-barra-de-ferro-para-agredir-cao-de-vizinha","status":"publish","type":"post","link":"https:\/\/redenoticiaz.com.br\/litoralsp\/2021\/07\/22\/homem-usa-barra-de-ferro-para-agredir-cao-de-vizinha","title":{"rendered":"Homem usa barra de ferro para agredir c\u00e3o de vizinha"},"content":{"rendered":"<p>Circularam imagens nas redes sociais de um homem agredindo um <strong>cachorro<\/strong> em <a href=\"https:\/\/www.praiagrande.sp.gov.br\/HomePortal-.asp?cd_pagina=71\">Praia Grande<\/a>. O animal pertencia a uma vizinha e ele usou uma barra de ferro para bater no animal. A dona, que \u00e9 uma jovem de 18 anos fez a den\u00fancia na Pol\u00edcia Civil, que iniciou as investiga\u00e7\u00f5es.<\/p>\n<p>O crime aconteceu no bairro Ocian e as imagens causaram revoltas nas redes sociais. O homem \u00e9 visto desferindo v\u00e1rios golpes com a barra no animal, e cachorros que pertencem ao respons\u00e1vel pela agress\u00e3o tamb\u00e9m o atacando.<\/p>\n<p>O motivo para a agress\u00e3o contra o c\u00e3o foi porque o animal saiu da casa depois que a irm\u00e3 da dona deixou a porta aberta. Nessa hora o cachorro come\u00e7ou a latir constantemente contra os outros c\u00e3es. Em seguida uma vizinha que mora nesta casa, uma idosa de 60 anos, teria deixado os cinco animais dela sa\u00edrem, momento em que eles come\u00e7aram a brigar com o outro c\u00e3o na rua.<\/p>\n<p>Na sequ\u00eancia, o filho da idosa saiu da resid\u00eancia com um cabo de ferro e passou a agredir o animal da vizinha. O c\u00e3o teve um ferimento na orelha e gemendo de dor. Ele ainda vai passar por um veterin\u00e1rio, para uma avalia\u00e7\u00e3o mais precisa, para ver se houve algum machucado interno. A jovem foi at\u00e9 a delegacia, junto com a vizinha de 60 anos, que deu um outro depoimento. Segundo o relato da idosa \u00e0 pol\u00edcia, o c\u00e3o &#8220;latia descontroladamente&#8221; no port\u00e3o da resid\u00eancia dela, amea\u00e7ando morder os outros cinco animais dela.<\/p>\n<h3>Depoimentos conflitantes<\/h3>\n<div class=\"content-ads content-ads--reveal\" data-block-type=\"ads\" data-block-id=\"12\"><\/div>\n<div class=\"mc-column content-text active-extra-styles \" data-block-type=\"unstyled\" data-block-weight=\"80\" data-block-id=\"13\">\n<p class=\"content-text__container \" data-track-category=\"Link no Texto\" data-track-links=\"\">A idosa ainda contou na delegacia que o cachorro de Juliana estaria machucando os cinco dela, momento em que ela teria pegado um cabo de vassoura e desferido golpes contra ele. Apesar de confessar ter batido, ela nega que o cabo fosse de ferro. A vizinha afirma que o filho saiu em seguida e pegou o cabo de vassoura para dispersar os animais. Ela finalizou alegando que o homem parou com os golpes no momento em que eles se soltaram.<\/p>\n<div class=\"mc-column content-text active-extra-styles \" data-block-type=\"unstyled\" data-block-weight=\"69\" data-block-id=\"15\">\n<p class=\"content-text__container \" data-track-category=\"Link no Texto\" data-track-links=\"\">Devido \u00e0s diferen\u00e7as entre os depoimentos das duas partes durante a elabora\u00e7\u00e3o da den\u00fancia, o boletim de ocorr\u00eancia foi registrado de duas maneiras: como pr\u00e1tica de maus-tratos (pela agress\u00e3o ao animal) e por omiss\u00e3o de cautela na guarda e condu\u00e7\u00e3o de animal (que a idosa alegou se referindo \u00e0 vizinha). O cabo de ferro foi apreendido pela pol\u00edcia no 1\u00ba Distrito Policial de Praia Grande, que conduz as investiga\u00e7\u00f5es.<\/p>\n<\/div>\n<div class=\"mc-column content-text active-extra-styles \" data-block-type=\"unstyled\" data-block-weight=\"33\" data-block-id=\"16\">\n<p class=\"content-text__container \" data-track-category=\"Link no Texto\" data-track-links=\"\">O homem flagrado agredindo o cachorro ainda n\u00e3o foi ouvido na delegacia.<\/p>\n<p data-track-category=\"Link no Texto\" data-track-links=\"\"><strong>LEIA TAMB\u00c9M<\/strong><\/p>\n<p data-track-category=\"Link no Texto\" data-track-links=\"\"><a href=\"https:\/\/redenoticiaz.com.br\/litoralsp\/2021\/07\/21\/video-aves-em-cativeiro-rendem-multa-de-quase-r-500-mil\">V\u00cdDEO \u2013 Aves em cativeiro rendem multa de quase R$ 500 mil<\/a><\/p>\n<\/div>\n<\/div>\n","protected":false},"excerpt":{"rendered":"<p>Circularam imagens nas redes sociais de um homem agredindo um cachorro em Praia Grande. O animal pertencia a uma vizinha e ele usou uma barra de ferro para bater no animal. A dona, que \u00e9 uma jovem de 18 anos fez a den\u00fancia na Pol\u00edcia Civil, que iniciou as investiga\u00e7\u00f5es. O crime aconteceu no bairro &hellip;<\/p>\n","protected":false},"author":6,"featured_media":11715,"comment_status":"open","ping_status":"closed","sticky":false,"template":"","format":"standard","meta":{"footnotes":""},"categories":[10,182],"tags":[28336,28335,28334,1762,1101],"class_list":["post-11714","post","type-post","status-publish","format-standard","has-post-thumbnail","hentry","category-policia","category-praia-grande","tag-cachorro-agredido","tag-homem-agride-cao","tag-ocian","tag-policia-civil","tag-praia-grande"],"yoast_head":"<!-- This site is optimized with the Yoast SEO plugin v27.5 - https:\/\/yoast.com\/product\/yoast-seo-wordpress\/ -->\n<title>Homem usa barra de ferro para agredir c\u00e3o de vizinha - Litoral SP<\/title>\n<meta name=\"description\" content=\"Circularam imagens nas redes sociais de um homem agredindo um cachorro em Praia Grande. O animal pertencia a uma vizinha\" \/>\n<meta name=\"robots\" content=\"index, follow, max-snippet:-1, max-image-preview:large, max-video-preview:-1\" \/>\n<link rel=\"canonical\" href=\"https:\/\/redenoticiaz.com.br\/litoralsp\/2021\/07\/22\/homem-usa-barra-de-ferro-para-agredir-cao-de-vizinha\" \/>\n<meta property=\"og:locale\" content=\"pt_BR\" \/>\n<meta property=\"og:type\" content=\"article\" \/>\n<meta property=\"og:title\" content=\"Homem usa barra de ferro para agredir c\u00e3o de vizinha - Litoral SP\" \/>\n<meta property=\"og:description\" content=\"Circularam imagens nas redes sociais de um homem agredindo um cachorro em Praia Grande. O animal pertencia a uma vizinha\" \/>\n<meta property=\"og:url\" content=\"https:\/\/redenoticiaz.com.br\/litoralsp\/2021\/07\/22\/homem-usa-barra-de-ferro-para-agredir-cao-de-vizinha\" \/>\n<meta property=\"og:site_name\" content=\"Litoral SP\" \/>\n<meta property=\"article:published_time\" content=\"2021-07-22T18:22:10+00:00\" \/>\n<meta property=\"article:modified_time\" content=\"2021-07-22T18:22:29+00:00\" \/>\n<meta property=\"og:image\" content=\"https:\/\/redenoticiaz.com.br\/litoralsp\/wp-content\/uploads\/sites\/3\/2021\/07\/agressaodogframe.jpg\" \/>\n\t<meta property=\"og:image:width\" content=\"1000\" \/>\n\t<meta property=\"og:image:height\" content=\"764\" \/>\n\t<meta property=\"og:image:type\" content=\"image\/jpeg\" \/>\n<meta name=\"author\" content=\"Leonardo Francisco\" \/>\n<meta name=\"twitter:card\" content=\"summary_large_image\" \/>\n<meta name=\"twitter:label1\" content=\"Escrito por\" \/>\n\t<meta name=\"twitter:data1\" content=\"Leonardo Francisco\" \/>\n\t<meta name=\"twitter:label2\" content=\"Est. tempo de leitura\" \/>\n\t<meta name=\"twitter:data2\" content=\"2 minutos\" \/>\n<script type=\"application\/ld+json\" class=\"yoast-schema-graph\">{\"@context\":\"https:\\\/\\\/schema.org\",\"@graph\":[{\"@type\":\"Article\",\"@id\":\"https:\\\/\\\/redenoticiaz.com.br\\\/litoralsp\\\/2021\\\/07\\\/22\\\/homem-usa-barra-de-ferro-para-agredir-cao-de-vizinha#article\",\"isPartOf\":{\"@id\":\"https:\\\/\\\/redenoticiaz.com.br\\\/litoralsp\\\/2021\\\/07\\\/22\\\/homem-usa-barra-de-ferro-para-agredir-cao-de-vizinha\"},\"author\":{\"name\":\"Leonardo Francisco\",\"@id\":\"https:\\\/\\\/redenoticiaz.com.br\\\/litoralsp\\\/#\\\/schema\\\/person\\\/0f0b8a5bdafefe82841e07ae8d81ecb3\"},\"headline\":\"Homem usa barra de ferro para agredir c\u00e3o de vizinha\",\"datePublished\":\"2021-07-22T18:22:10+00:00\",\"dateModified\":\"2021-07-22T18:22:29+00:00\",\"mainEntityOfPage\":{\"@id\":\"https:\\\/\\\/redenoticiaz.com.br\\\/litoralsp\\\/2021\\\/07\\\/22\\\/homem-usa-barra-de-ferro-para-agredir-cao-de-vizinha\"},\"wordCount\":465,\"commentCount\":0,\"publisher\":{\"@id\":\"https:\\\/\\\/redenoticiaz.com.br\\\/litoralsp\\\/#organization\"},\"image\":{\"@id\":\"https:\\\/\\\/redenoticiaz.com.br\\\/litoralsp\\\/2021\\\/07\\\/22\\\/homem-usa-barra-de-ferro-para-agredir-cao-de-vizinha#primaryimage\"},\"thumbnailUrl\":\"https:\\\/\\\/redenoticiaz.com.br\\\/litoralsp\\\/wp-content\\\/uploads\\\/sites\\\/3\\\/2021\\\/07\\\/agressaodogframe.jpg\",\"keywords\":[\"CACHORRO AGREDIDO\",\"HOMEM AGRIDE C\u00c3O\",\"OCIAN\",\"POL\u00cdCIA CIVIL\",\"PRAIA GRANDE\"],\"articleSection\":[\"Pol\u00edcia\",\"Praia Grande\"],\"inLanguage\":\"pt-BR\",\"potentialAction\":[{\"@type\":\"CommentAction\",\"name\":\"Comment\",\"target\":[\"https:\\\/\\\/redenoticiaz.com.br\\\/litoralsp\\\/2021\\\/07\\\/22\\\/homem-usa-barra-de-ferro-para-agredir-cao-de-vizinha#respond\"]}]},{\"@type\":\"WebPage\",\"@id\":\"https:\\\/\\\/redenoticiaz.com.br\\\/litoralsp\\\/2021\\\/07\\\/22\\\/homem-usa-barra-de-ferro-para-agredir-cao-de-vizinha\",\"url\":\"https:\\\/\\\/redenoticiaz.com.br\\\/litoralsp\\\/2021\\\/07\\\/22\\\/homem-usa-barra-de-ferro-para-agredir-cao-de-vizinha\",\"name\":\"Homem usa barra de ferro para agredir c\u00e3o de vizinha - Litoral SP\",\"isPartOf\":{\"@id\":\"https:\\\/\\\/redenoticiaz.com.br\\\/litoralsp\\\/#website\"},\"primaryImageOfPage\":{\"@id\":\"https:\\\/\\\/redenoticiaz.com.br\\\/litoralsp\\\/2021\\\/07\\\/22\\\/homem-usa-barra-de-ferro-para-agredir-cao-de-vizinha#primaryimage\"},\"image\":{\"@id\":\"https:\\\/\\\/redenoticiaz.com.br\\\/litoralsp\\\/2021\\\/07\\\/22\\\/homem-usa-barra-de-ferro-para-agredir-cao-de-vizinha#primaryimage\"},\"thumbnailUrl\":\"https:\\\/\\\/redenoticiaz.com.br\\\/litoralsp\\\/wp-content\\\/uploads\\\/sites\\\/3\\\/2021\\\/07\\\/agressaodogframe.jpg\",\"datePublished\":\"2021-07-22T18:22:10+00:00\",\"dateModified\":\"2021-07-22T18:22:29+00:00\",\"description\":\"Circularam imagens nas redes sociais de um homem agredindo um cachorro em Praia Grande. O animal pertencia a uma vizinha\",\"inLanguage\":\"pt-BR\",\"potentialAction\":[{\"@type\":\"ReadAction\",\"target\":[\"https:\\\/\\\/redenoticiaz.com.br\\\/litoralsp\\\/2021\\\/07\\\/22\\\/homem-usa-barra-de-ferro-para-agredir-cao-de-vizinha\"]}]},{\"@type\":\"ImageObject\",\"inLanguage\":\"pt-BR\",\"@id\":\"https:\\\/\\\/redenoticiaz.com.br\\\/litoralsp\\\/2021\\\/07\\\/22\\\/homem-usa-barra-de-ferro-para-agredir-cao-de-vizinha#primaryimage\",\"url\":\"https:\\\/\\\/redenoticiaz.com.br\\\/litoralsp\\\/wp-content\\\/uploads\\\/sites\\\/3\\\/2021\\\/07\\\/agressaodogframe.jpg\",\"contentUrl\":\"https:\\\/\\\/redenoticiaz.com.br\\\/litoralsp\\\/wp-content\\\/uploads\\\/sites\\\/3\\\/2021\\\/07\\\/agressaodogframe.jpg\",\"width\":1000,\"height\":764,\"caption\":\"Cr\u00e9ditos: Reprodu\u00e7\u00e3o\\\/Praia Grande Mil Grau\"},{\"@type\":\"WebSite\",\"@id\":\"https:\\\/\\\/redenoticiaz.com.br\\\/litoralsp\\\/#website\",\"url\":\"https:\\\/\\\/redenoticiaz.com.br\\\/litoralsp\\\/\",\"name\":\"Litoral SP\",\"description\":\"Rede NoticiaZ\",\"publisher\":{\"@id\":\"https:\\\/\\\/redenoticiaz.com.br\\\/litoralsp\\\/#organization\"},\"potentialAction\":[{\"@type\":\"SearchAction\",\"target\":{\"@type\":\"EntryPoint\",\"urlTemplate\":\"https:\\\/\\\/redenoticiaz.com.br\\\/litoralsp\\\/?s={search_term_string}\"},\"query-input\":{\"@type\":\"PropertyValueSpecification\",\"valueRequired\":true,\"valueName\":\"search_term_string\"}}],\"inLanguage\":\"pt-BR\"},{\"@type\":\"Organization\",\"@id\":\"https:\\\/\\\/redenoticiaz.com.br\\\/litoralsp\\\/#organization\",\"name\":\"Litoral SP\",\"url\":\"https:\\\/\\\/redenoticiaz.com.br\\\/litoralsp\\\/\",\"logo\":{\"@type\":\"ImageObject\",\"inLanguage\":\"pt-BR\",\"@id\":\"https:\\\/\\\/redenoticiaz.com.br\\\/litoralsp\\\/#\\\/schema\\\/logo\\\/image\\\/\",\"url\":\"https:\\\/\\\/redenoticiaz.com.br\\\/litoralsp\\\/wp-content\\\/uploads\\\/sites\\\/3\\\/2020\\\/11\\\/logo.jpg\",\"contentUrl\":\"https:\\\/\\\/redenoticiaz.com.br\\\/litoralsp\\\/wp-content\\\/uploads\\\/sites\\\/3\\\/2020\\\/11\\\/logo.jpg\",\"width\":400,\"height\":250,\"caption\":\"Litoral SP\"},\"image\":{\"@id\":\"https:\\\/\\\/redenoticiaz.com.br\\\/litoralsp\\\/#\\\/schema\\\/logo\\\/image\\\/\"}},{\"@type\":\"Person\",\"@id\":\"https:\\\/\\\/redenoticiaz.com.br\\\/litoralsp\\\/#\\\/schema\\\/person\\\/0f0b8a5bdafefe82841e07ae8d81ecb3\",\"name\":\"Leonardo Francisco\",\"image\":{\"@type\":\"ImageObject\",\"inLanguage\":\"pt-BR\",\"@id\":\"https:\\\/\\\/secure.gravatar.com\\\/avatar\\\/a7358cb406a99b682ec6df1e77e31ae82e63601f6784e8a3df411d72b37864da?s=96&d=mm&r=g\",\"url\":\"https:\\\/\\\/secure.gravatar.com\\\/avatar\\\/a7358cb406a99b682ec6df1e77e31ae82e63601f6784e8a3df411d72b37864da?s=96&d=mm&r=g\",\"contentUrl\":\"https:\\\/\\\/secure.gravatar.com\\\/avatar\\\/a7358cb406a99b682ec6df1e77e31ae82e63601f6784e8a3df411d72b37864da?s=96&d=mm&r=g\",\"caption\":\"Leonardo Francisco\"},\"url\":\"https:\\\/\\\/redenoticiaz.com.br\\\/litoralsp\\\/author\\\/leonardo-francisco\"}]}<\/script>\n<!-- \/ Yoast SEO plugin. -->","yoast_head_json":{"title":"Homem usa barra de ferro para agredir c\u00e3o de vizinha - Litoral SP","description":"Circularam imagens nas redes sociais de um homem agredindo um cachorro em Praia Grande. O animal pertencia a uma vizinha","robots":{"index":"index","follow":"follow","max-snippet":"max-snippet:-1","max-image-preview":"max-image-preview:large","max-video-preview":"max-video-preview:-1"},"canonical":"https:\/\/redenoticiaz.com.br\/litoralsp\/2021\/07\/22\/homem-usa-barra-de-ferro-para-agredir-cao-de-vizinha","og_locale":"pt_BR","og_type":"article","og_title":"Homem usa barra de ferro para agredir c\u00e3o de vizinha - Litoral SP","og_description":"Circularam imagens nas redes sociais de um homem agredindo um cachorro em Praia Grande. O animal pertencia a uma vizinha","og_url":"https:\/\/redenoticiaz.com.br\/litoralsp\/2021\/07\/22\/homem-usa-barra-de-ferro-para-agredir-cao-de-vizinha","og_site_name":"Litoral SP","article_published_time":"2021-07-22T18:22:10+00:00","article_modified_time":"2021-07-22T18:22:29+00:00","og_image":[{"width":1000,"height":764,"url":"https:\/\/redenoticiaz.com.br\/litoralsp\/wp-content\/uploads\/sites\/3\/2021\/07\/agressaodogframe.jpg","type":"image\/jpeg"}],"author":"Leonardo Francisco","twitter_card":"summary_large_image","twitter_misc":{"Escrito por":"Leonardo Francisco","Est. tempo de leitura":"2 minutos"},"schema":{"@context":"https:\/\/schema.org","@graph":[{"@type":"Article","@id":"https:\/\/redenoticiaz.com.br\/litoralsp\/2021\/07\/22\/homem-usa-barra-de-ferro-para-agredir-cao-de-vizinha#article","isPartOf":{"@id":"https:\/\/redenoticiaz.com.br\/litoralsp\/2021\/07\/22\/homem-usa-barra-de-ferro-para-agredir-cao-de-vizinha"},"author":{"name":"Leonardo Francisco","@id":"https:\/\/redenoticiaz.com.br\/litoralsp\/#\/schema\/person\/0f0b8a5bdafefe82841e07ae8d81ecb3"},"headline":"Homem usa barra de ferro para agredir c\u00e3o de vizinha","datePublished":"2021-07-22T18:22:10+00:00","dateModified":"2021-07-22T18:22:29+00:00","mainEntityOfPage":{"@id":"https:\/\/redenoticiaz.com.br\/litoralsp\/2021\/07\/22\/homem-usa-barra-de-ferro-para-agredir-cao-de-vizinha"},"wordCount":465,"commentCount":0,"publisher":{"@id":"https:\/\/redenoticiaz.com.br\/litoralsp\/#organization"},"image":{"@id":"https:\/\/redenoticiaz.com.br\/litoralsp\/2021\/07\/22\/homem-usa-barra-de-ferro-para-agredir-cao-de-vizinha#primaryimage"},"thumbnailUrl":"https:\/\/redenoticiaz.com.br\/litoralsp\/wp-content\/uploads\/sites\/3\/2021\/07\/agressaodogframe.jpg","keywords":["CACHORRO AGREDIDO","HOMEM AGRIDE C\u00c3O","OCIAN","POL\u00cdCIA CIVIL","PRAIA GRANDE"],"articleSection":["Pol\u00edcia","Praia Grande"],"inLanguage":"pt-BR","potentialAction":[{"@type":"CommentAction","name":"Comment","target":["https:\/\/redenoticiaz.com.br\/litoralsp\/2021\/07\/22\/homem-usa-barra-de-ferro-para-agredir-cao-de-vizinha#respond"]}]},{"@type":"WebPage","@id":"https:\/\/redenoticiaz.com.br\/litoralsp\/2021\/07\/22\/homem-usa-barra-de-ferro-para-agredir-cao-de-vizinha","url":"https:\/\/redenoticiaz.com.br\/litoralsp\/2021\/07\/22\/homem-usa-barra-de-ferro-para-agredir-cao-de-vizinha","name":"Homem usa barra de ferro para agredir c\u00e3o de vizinha - Litoral SP","isPartOf":{"@id":"https:\/\/redenoticiaz.com.br\/litoralsp\/#website"},"primaryImageOfPage":{"@id":"https:\/\/redenoticiaz.com.br\/litoralsp\/2021\/07\/22\/homem-usa-barra-de-ferro-para-agredir-cao-de-vizinha#primaryimage"},"image":{"@id":"https:\/\/redenoticiaz.com.br\/litoralsp\/2021\/07\/22\/homem-usa-barra-de-ferro-para-agredir-cao-de-vizinha#primaryimage"},"thumbnailUrl":"https:\/\/redenoticiaz.com.br\/litoralsp\/wp-content\/uploads\/sites\/3\/2021\/07\/agressaodogframe.jpg","datePublished":"2021-07-22T18:22:10+00:00","dateModified":"2021-07-22T18:22:29+00:00","description":"Circularam imagens nas redes sociais de um homem agredindo um cachorro em Praia Grande. O animal pertencia a uma vizinha","inLanguage":"pt-BR","potentialAction":[{"@type":"ReadAction","target":["https:\/\/redenoticiaz.com.br\/litoralsp\/2021\/07\/22\/homem-usa-barra-de-ferro-para-agredir-cao-de-vizinha"]}]},{"@type":"ImageObject","inLanguage":"pt-BR","@id":"https:\/\/redenoticiaz.com.br\/litoralsp\/2021\/07\/22\/homem-usa-barra-de-ferro-para-agredir-cao-de-vizinha#primaryimage","url":"https:\/\/redenoticiaz.com.br\/litoralsp\/wp-content\/uploads\/sites\/3\/2021\/07\/agressaodogframe.jpg","contentUrl":"https:\/\/redenoticiaz.com.br\/litoralsp\/wp-content\/uploads\/sites\/3\/2021\/07\/agressaodogframe.jpg","width":1000,"height":764,"caption":"Cr\u00e9ditos: Reprodu\u00e7\u00e3o\/Praia Grande Mil Grau"},{"@type":"WebSite","@id":"https:\/\/redenoticiaz.com.br\/litoralsp\/#website","url":"https:\/\/redenoticiaz.com.br\/litoralsp\/","name":"Litoral SP","description":"Rede NoticiaZ","publisher":{"@id":"https:\/\/redenoticiaz.com.br\/litoralsp\/#organization"},"potentialAction":[{"@type":"SearchAction","target":{"@type":"EntryPoint","urlTemplate":"https:\/\/redenoticiaz.com.br\/litoralsp\/?s={search_term_string}"},"query-input":{"@type":"PropertyValueSpecification","valueRequired":true,"valueName":"search_term_string"}}],"inLanguage":"pt-BR"},{"@type":"Organization","@id":"https:\/\/redenoticiaz.com.br\/litoralsp\/#organization","name":"Litoral SP","url":"https:\/\/redenoticiaz.com.br\/litoralsp\/","logo":{"@type":"ImageObject","inLanguage":"pt-BR","@id":"https:\/\/redenoticiaz.com.br\/litoralsp\/#\/schema\/logo\/image\/","url":"https:\/\/redenoticiaz.com.br\/litoralsp\/wp-content\/uploads\/sites\/3\/2020\/11\/logo.jpg","contentUrl":"https:\/\/redenoticiaz.com.br\/litoralsp\/wp-content\/uploads\/sites\/3\/2020\/11\/logo.jpg","width":400,"height":250,"caption":"Litoral SP"},"image":{"@id":"https:\/\/redenoticiaz.com.br\/litoralsp\/#\/schema\/logo\/image\/"}},{"@type":"Person","@id":"https:\/\/redenoticiaz.com.br\/litoralsp\/#\/schema\/person\/0f0b8a5bdafefe82841e07ae8d81ecb3","name":"Leonardo Francisco","image":{"@type":"ImageObject","inLanguage":"pt-BR","@id":"https:\/\/secure.gravatar.com\/avatar\/a7358cb406a99b682ec6df1e77e31ae82e63601f6784e8a3df411d72b37864da?s=96&d=mm&r=g","url":"https:\/\/secure.gravatar.com\/avatar\/a7358cb406a99b682ec6df1e77e31ae82e63601f6784e8a3df411d72b37864da?s=96&d=mm&r=g","contentUrl":"https:\/\/secure.gravatar.com\/avatar\/a7358cb406a99b682ec6df1e77e31ae82e63601f6784e8a3df411d72b37864da?s=96&d=mm&r=g","caption":"Leonardo Francisco"},"url":"https:\/\/redenoticiaz.com.br\/litoralsp\/author\/leonardo-francisco"}]}},"_links":{"self":[{"href":"https:\/\/redenoticiaz.com.br\/litoralsp\/wp-json\/wp\/v2\/posts\/11714","targetHints":{"allow":["GET"]}}],"collection":[{"href":"https:\/\/redenoticiaz.com.br\/litoralsp\/wp-json\/wp\/v2\/posts"}],"about":[{"href":"https:\/\/redenoticiaz.com.br\/litoralsp\/wp-json\/wp\/v2\/types\/post"}],"author":[{"embeddable":true,"href":"https:\/\/redenoticiaz.com.br\/litoralsp\/wp-json\/wp\/v2\/users\/6"}],"replies":[{"embeddable":true,"href":"https:\/\/redenoticiaz.com.br\/litoralsp\/wp-json\/wp\/v2\/comments?post=11714"}],"version-history":[{"count":1,"href":"https:\/\/redenoticiaz.com.br\/litoralsp\/wp-json\/wp\/v2\/posts\/11714\/revisions"}],"predecessor-version":[{"id":11716,"href":"https:\/\/redenoticiaz.com.br\/litoralsp\/wp-json\/wp\/v2\/posts\/11714\/revisions\/11716"}],"wp:featuredmedia":[{"embeddable":true,"href":"https:\/\/redenoticiaz.com.br\/litoralsp\/wp-json\/wp\/v2\/media\/11715"}],"wp:attachment":[{"href":"https:\/\/redenoticiaz.com.br\/litoralsp\/wp-json\/wp\/v2\/media?parent=11714"}],"wp:term":[{"taxonomy":"category","embeddable":true,"href":"https:\/\/redenoticiaz.com.br\/litoralsp\/wp-json\/wp\/v2\/categories?post=11714"},{"taxonomy":"post_tag","embeddable":true,"href":"https:\/\/redenoticiaz.com.br\/litoralsp\/wp-json\/wp\/v2\/tags?post=11714"}],"curies":[{"name":"wp","href":"https:\/\/api.w.org\/{rel}","templated":true}]}}