{"id":117150,"date":"2024-07-12T18:30:20","date_gmt":"2024-07-12T21:30:20","guid":{"rendered":"https:\/\/redenoticiaz.com.br\/litoralsp\/?p=117150"},"modified":"2024-07-12T13:14:30","modified_gmt":"2024-07-12T16:14:30","slug":"jovem-de-21-anos-afirma-ter-sido-perseguida-por-motorista-de-app","status":"publish","type":"post","link":"https:\/\/redenoticiaz.com.br\/litoralsp\/2024\/07\/12\/jovem-de-21-anos-afirma-ter-sido-perseguida-por-motorista-de-app","title":{"rendered":"Jovem de 21 anos afirma ter sido perseguida por motorista de app"},"content":{"rendered":"<div id=\"chunk-40coh\">\n<div class=\"mc-column content-text active-extra-styles \" data-block-type=\"unstyled\" data-block-weight=\"66\" data-block-id=\"2\">\n<p data-track-category=\"Link no Texto\" data-track-links=\"\" data-mrf-recirculation=\"Article links\">Uma jovem de 21 anos afirma ter sido perseguida por um motorista de aplicativo na cidade de Santos.<\/p>\n<p data-track-category=\"Link no Texto\" data-track-links=\"\" data-mrf-recirculation=\"Article links\">De acordo com as informa\u00e7\u00f5es, o caso teria acontecido em dezembro ap\u00f3s uma corrida. Ela afirma que durante o trajeto o homem puxou conversa diversas vezes.<\/p>\n<p data-track-category=\"Link no Texto\" data-track-links=\"\" data-mrf-recirculation=\"Article links\">Ainda de acordo com as informa\u00e7\u00f5es, ap\u00f3s a encontrar em uma rede social ele passou a elogi\u00e1-la e chegou a mandar v\u00eddeo se masturbando.<\/p>\n<p data-track-category=\"Link no Texto\" data-track-links=\"\" data-mrf-recirculation=\"Article links\">Sendo assim, a v\u00edtima trabalha como professora e saiu da Ponta da Praia com destino \u00e0 Avenida Conselheiro N\u00e9bias.<\/p>\n<p data-track-category=\"Link no Texto\" data-track-links=\"\" data-mrf-recirculation=\"Article links\">Por fim, o homem teria contado que tinha sido tra\u00eddo pela ex-namorada e que estava desanimado.<\/p>\n<div id=\"chunk-752k0\">\n<div class=\"mc-column content-text active-extra-styles \" data-block-type=\"unstyled\" data-block-weight=\"37\" data-block-id=\"31\">\n<p class=\" content-text__container \" data-track-category=\"Link no Texto\" data-track-links=\"\" data-mrf-recirculation=\"Article links\">A Secretaria de Seguran\u00e7a P\u00fablica do Estado de S\u00e3o Paulo (SSP-SP) confirmou o registro do caso como\u00a0<strong>persegui\u00e7\u00e3o\u00a0<\/strong>e\u00a0<strong>importuna\u00e7\u00e3o sexual<\/strong>\u00a0na Delegacia do Guaruj\u00e1, mas afirmou que detalhes ser\u00e3o preservados devido \u00e0 natureza da ocorr\u00eancia.<\/p>\n<\/div>\n<\/div>\n<div id=\"chunk-ddrou\">\n<div class=\"mc-column content-text active-extra-styles \" data-block-type=\"unstyled\" data-block-weight=\"36\" data-block-id=\"32\">\n<p class=\" content-text__container \" data-track-category=\"Link no Texto\" data-track-links=\"\" data-mrf-recirculation=\"Article links\">Em nota, a Uber disse que considera inaceit\u00e1vel qualquer comportamento abusivo contra mulheres e acredita na import\u00e2ncia de combater e denunciar casos de ass\u00e9dio e viol\u00eancia. O motorista teve a\u00a0<strong>conta desativada<\/strong>\u00a0da plataforma.<\/p>\n<p data-track-category=\"Link no Texto\" data-track-links=\"\" data-mrf-recirculation=\"Article links\"><strong>Leia mais<\/strong><\/p>\n<p data-track-category=\"Link no Texto\" data-track-links=\"\" data-mrf-recirculation=\"Article links\"><a href=\"https:\/\/redenoticiaz.com.br\/litoralsp\/2024\/07\/11\/paulo-alexandre-barbosa-teria-usado-funcionarios-da-cohab-para-campanha\">Paulo Alexandre Barbosa teria usado funcion\u00e1rios da Cohab para campanha<\/a><\/p>\n<p data-track-category=\"Link no Texto\" data-track-links=\"\" data-mrf-recirculation=\"Article links\"><a href=\"https:\/\/redenoticiaz.com.br\/litoralsp\/2024\/07\/11\/amigos-do-bem-vejas-as-vagas-disponiveis\">Amigos do Bem: veja as vagas dispon\u00edveis<\/a><\/p>\n<\/div>\n<\/div>\n<\/div>\n<\/div>\n","protected":false},"excerpt":{"rendered":"<p>Uma jovem de 21 anos afirma ter sido perseguida por um motorista de aplicativo na cidade de Santos. De acordo com as informa\u00e7\u00f5es, o caso teria acontecido em dezembro ap\u00f3s uma corrida. Ela afirma que durante o trajeto o homem puxou conversa diversas vezes. Ainda de acordo com as informa\u00e7\u00f5es, ap\u00f3s a encontrar em uma &hellip;<\/p>\n","protected":false},"author":12,"featured_media":117151,"comment_status":"open","ping_status":"closed","sticky":false,"template":"","format":"standard","meta":{"footnotes":""},"categories":[10,180],"tags":[44179,7598,986],"class_list":["post-117150","post","type-post","status-publish","format-standard","has-post-thumbnail","hentry","category-policia","category-santos","tag-assedio","tag-jovem","tag-santos"],"yoast_head":"<!-- This site is optimized with the Yoast SEO plugin v27.4 - https:\/\/yoast.com\/product\/yoast-seo-wordpress\/ -->\n<title>Jovem de 21 anos afirma ter sido perseguida por motorista de app - Litoral SP<\/title>\n<meta name=\"description\" content=\"De acordo com as informa\u00e7\u00f5es, o caso teria acontecido em dezembro ap\u00f3s uma corrida. Ela afirma que durante o trajeto o homem puxou conversa diversas vezes.\" \/>\n<meta name=\"robots\" content=\"index, follow, max-snippet:-1, max-image-preview:large, max-video-preview:-1\" \/>\n<link rel=\"canonical\" href=\"https:\/\/redenoticiaz.com.br\/litoralsp\/2024\/07\/12\/jovem-de-21-anos-afirma-ter-sido-perseguida-por-motorista-de-app\" \/>\n<meta property=\"og:locale\" content=\"pt_BR\" \/>\n<meta property=\"og:type\" content=\"article\" \/>\n<meta property=\"og:title\" content=\"Jovem de 21 anos afirma ter sido perseguida por motorista de app - Litoral SP\" \/>\n<meta property=\"og:description\" content=\"De acordo com as informa\u00e7\u00f5es, o caso teria acontecido em dezembro ap\u00f3s uma corrida. Ela afirma que durante o trajeto o homem puxou conversa diversas vezes.\" \/>\n<meta property=\"og:url\" content=\"https:\/\/redenoticiaz.com.br\/litoralsp\/2024\/07\/12\/jovem-de-21-anos-afirma-ter-sido-perseguida-por-motorista-de-app\" \/>\n<meta property=\"og:site_name\" content=\"Litoral SP\" \/>\n<meta property=\"article:published_time\" content=\"2024-07-12T21:30:20+00:00\" \/>\n<meta property=\"og:image\" content=\"https:\/\/redenoticiaz.com.br\/litoralsp\/wp-content\/uploads\/sites\/3\/2024\/07\/kkc.jpg\" \/>\n\t<meta property=\"og:image:width\" content=\"560\" \/>\n\t<meta property=\"og:image:height\" content=\"320\" \/>\n\t<meta property=\"og:image:type\" content=\"image\/jpeg\" \/>\n<meta name=\"author\" content=\"Gustavo Silva\" \/>\n<meta name=\"twitter:card\" content=\"summary_large_image\" \/>\n<meta name=\"twitter:label1\" content=\"Escrito por\" \/>\n\t<meta name=\"twitter:data1\" content=\"Gustavo Silva\" \/>\n\t<meta name=\"twitter:label2\" content=\"Est. tempo de leitura\" \/>\n\t<meta name=\"twitter:data2\" content=\"2 minutos\" \/>\n<script type=\"application\/ld+json\" class=\"yoast-schema-graph\">{\"@context\":\"https:\\\/\\\/schema.org\",\"@graph\":[{\"@type\":\"Article\",\"@id\":\"https:\\\/\\\/redenoticiaz.com.br\\\/litoralsp\\\/2024\\\/07\\\/12\\\/jovem-de-21-anos-afirma-ter-sido-perseguida-por-motorista-de-app#article\",\"isPartOf\":{\"@id\":\"https:\\\/\\\/redenoticiaz.com.br\\\/litoralsp\\\/2024\\\/07\\\/12\\\/jovem-de-21-anos-afirma-ter-sido-perseguida-por-motorista-de-app\"},\"author\":{\"name\":\"Gustavo Silva\",\"@id\":\"https:\\\/\\\/redenoticiaz.com.br\\\/litoralsp\\\/#\\\/schema\\\/person\\\/16057b37a3c0ee6b096d7f887c566e2e\"},\"headline\":\"Jovem de 21 anos afirma ter sido perseguida por motorista de app\",\"datePublished\":\"2024-07-12T21:30:20+00:00\",\"mainEntityOfPage\":{\"@id\":\"https:\\\/\\\/redenoticiaz.com.br\\\/litoralsp\\\/2024\\\/07\\\/12\\\/jovem-de-21-anos-afirma-ter-sido-perseguida-por-motorista-de-app\"},\"wordCount\":222,\"commentCount\":0,\"publisher\":{\"@id\":\"https:\\\/\\\/redenoticiaz.com.br\\\/litoralsp\\\/#organization\"},\"image\":{\"@id\":\"https:\\\/\\\/redenoticiaz.com.br\\\/litoralsp\\\/2024\\\/07\\\/12\\\/jovem-de-21-anos-afirma-ter-sido-perseguida-por-motorista-de-app#primaryimage\"},\"thumbnailUrl\":\"https:\\\/\\\/redenoticiaz.com.br\\\/litoralsp\\\/wp-content\\\/uploads\\\/sites\\\/3\\\/2024\\\/07\\\/kkc.jpg\",\"keywords\":[\"ASS\u00c9DIO\",\"JOVEM\",\"Santos\"],\"articleSection\":[\"Pol\u00edcia\",\"Santos\"],\"inLanguage\":\"pt-BR\",\"potentialAction\":[{\"@type\":\"CommentAction\",\"name\":\"Comment\",\"target\":[\"https:\\\/\\\/redenoticiaz.com.br\\\/litoralsp\\\/2024\\\/07\\\/12\\\/jovem-de-21-anos-afirma-ter-sido-perseguida-por-motorista-de-app#respond\"]}]},{\"@type\":\"WebPage\",\"@id\":\"https:\\\/\\\/redenoticiaz.com.br\\\/litoralsp\\\/2024\\\/07\\\/12\\\/jovem-de-21-anos-afirma-ter-sido-perseguida-por-motorista-de-app\",\"url\":\"https:\\\/\\\/redenoticiaz.com.br\\\/litoralsp\\\/2024\\\/07\\\/12\\\/jovem-de-21-anos-afirma-ter-sido-perseguida-por-motorista-de-app\",\"name\":\"Jovem de 21 anos afirma ter sido perseguida por motorista de app - Litoral SP\",\"isPartOf\":{\"@id\":\"https:\\\/\\\/redenoticiaz.com.br\\\/litoralsp\\\/#website\"},\"primaryImageOfPage\":{\"@id\":\"https:\\\/\\\/redenoticiaz.com.br\\\/litoralsp\\\/2024\\\/07\\\/12\\\/jovem-de-21-anos-afirma-ter-sido-perseguida-por-motorista-de-app#primaryimage\"},\"image\":{\"@id\":\"https:\\\/\\\/redenoticiaz.com.br\\\/litoralsp\\\/2024\\\/07\\\/12\\\/jovem-de-21-anos-afirma-ter-sido-perseguida-por-motorista-de-app#primaryimage\"},\"thumbnailUrl\":\"https:\\\/\\\/redenoticiaz.com.br\\\/litoralsp\\\/wp-content\\\/uploads\\\/sites\\\/3\\\/2024\\\/07\\\/kkc.jpg\",\"datePublished\":\"2024-07-12T21:30:20+00:00\",\"description\":\"De acordo com as informa\u00e7\u00f5es, o caso teria acontecido em dezembro ap\u00f3s uma corrida. Ela afirma que durante o trajeto o homem puxou conversa diversas vezes.\",\"inLanguage\":\"pt-BR\",\"potentialAction\":[{\"@type\":\"ReadAction\",\"target\":[\"https:\\\/\\\/redenoticiaz.com.br\\\/litoralsp\\\/2024\\\/07\\\/12\\\/jovem-de-21-anos-afirma-ter-sido-perseguida-por-motorista-de-app\"]}]},{\"@type\":\"ImageObject\",\"inLanguage\":\"pt-BR\",\"@id\":\"https:\\\/\\\/redenoticiaz.com.br\\\/litoralsp\\\/2024\\\/07\\\/12\\\/jovem-de-21-anos-afirma-ter-sido-perseguida-por-motorista-de-app#primaryimage\",\"url\":\"https:\\\/\\\/redenoticiaz.com.br\\\/litoralsp\\\/wp-content\\\/uploads\\\/sites\\\/3\\\/2024\\\/07\\\/kkc.jpg\",\"contentUrl\":\"https:\\\/\\\/redenoticiaz.com.br\\\/litoralsp\\\/wp-content\\\/uploads\\\/sites\\\/3\\\/2024\\\/07\\\/kkc.jpg\",\"width\":560,\"height\":320},{\"@type\":\"WebSite\",\"@id\":\"https:\\\/\\\/redenoticiaz.com.br\\\/litoralsp\\\/#website\",\"url\":\"https:\\\/\\\/redenoticiaz.com.br\\\/litoralsp\\\/\",\"name\":\"Litoral SP\",\"description\":\"Rede NoticiaZ\",\"publisher\":{\"@id\":\"https:\\\/\\\/redenoticiaz.com.br\\\/litoralsp\\\/#organization\"},\"potentialAction\":[{\"@type\":\"SearchAction\",\"target\":{\"@type\":\"EntryPoint\",\"urlTemplate\":\"https:\\\/\\\/redenoticiaz.com.br\\\/litoralsp\\\/?s={search_term_string}\"},\"query-input\":{\"@type\":\"PropertyValueSpecification\",\"valueRequired\":true,\"valueName\":\"search_term_string\"}}],\"inLanguage\":\"pt-BR\"},{\"@type\":\"Organization\",\"@id\":\"https:\\\/\\\/redenoticiaz.com.br\\\/litoralsp\\\/#organization\",\"name\":\"Litoral SP\",\"url\":\"https:\\\/\\\/redenoticiaz.com.br\\\/litoralsp\\\/\",\"logo\":{\"@type\":\"ImageObject\",\"inLanguage\":\"pt-BR\",\"@id\":\"https:\\\/\\\/redenoticiaz.com.br\\\/litoralsp\\\/#\\\/schema\\\/logo\\\/image\\\/\",\"url\":\"https:\\\/\\\/redenoticiaz.com.br\\\/litoralsp\\\/wp-content\\\/uploads\\\/sites\\\/3\\\/2020\\\/11\\\/logo.jpg\",\"contentUrl\":\"https:\\\/\\\/redenoticiaz.com.br\\\/litoralsp\\\/wp-content\\\/uploads\\\/sites\\\/3\\\/2020\\\/11\\\/logo.jpg\",\"width\":400,\"height\":250,\"caption\":\"Litoral SP\"},\"image\":{\"@id\":\"https:\\\/\\\/redenoticiaz.com.br\\\/litoralsp\\\/#\\\/schema\\\/logo\\\/image\\\/\"}},{\"@type\":\"Person\",\"@id\":\"https:\\\/\\\/redenoticiaz.com.br\\\/litoralsp\\\/#\\\/schema\\\/person\\\/16057b37a3c0ee6b096d7f887c566e2e\",\"name\":\"Gustavo Silva\",\"image\":{\"@type\":\"ImageObject\",\"inLanguage\":\"pt-BR\",\"@id\":\"https:\\\/\\\/secure.gravatar.com\\\/avatar\\\/3ee4e82f93b26de0a7cf4ea5eb7893da637ed6bb0c9170c58065944c56e28a33?s=96&d=mm&r=g\",\"url\":\"https:\\\/\\\/secure.gravatar.com\\\/avatar\\\/3ee4e82f93b26de0a7cf4ea5eb7893da637ed6bb0c9170c58065944c56e28a33?s=96&d=mm&r=g\",\"contentUrl\":\"https:\\\/\\\/secure.gravatar.com\\\/avatar\\\/3ee4e82f93b26de0a7cf4ea5eb7893da637ed6bb0c9170c58065944c56e28a33?s=96&d=mm&r=g\",\"caption\":\"Gustavo Silva\"},\"url\":\"https:\\\/\\\/redenoticiaz.com.br\\\/litoralsp\\\/author\\\/gustavosilva\"}]}<\/script>\n<!-- \/ Yoast SEO plugin. -->","yoast_head_json":{"title":"Jovem de 21 anos afirma ter sido perseguida por motorista de app - Litoral SP","description":"De acordo com as informa\u00e7\u00f5es, o caso teria acontecido em dezembro ap\u00f3s uma corrida. Ela afirma que durante o trajeto o homem puxou conversa diversas vezes.","robots":{"index":"index","follow":"follow","max-snippet":"max-snippet:-1","max-image-preview":"max-image-preview:large","max-video-preview":"max-video-preview:-1"},"canonical":"https:\/\/redenoticiaz.com.br\/litoralsp\/2024\/07\/12\/jovem-de-21-anos-afirma-ter-sido-perseguida-por-motorista-de-app","og_locale":"pt_BR","og_type":"article","og_title":"Jovem de 21 anos afirma ter sido perseguida por motorista de app - Litoral SP","og_description":"De acordo com as informa\u00e7\u00f5es, o caso teria acontecido em dezembro ap\u00f3s uma corrida. Ela afirma que durante o trajeto o homem puxou conversa diversas vezes.","og_url":"https:\/\/redenoticiaz.com.br\/litoralsp\/2024\/07\/12\/jovem-de-21-anos-afirma-ter-sido-perseguida-por-motorista-de-app","og_site_name":"Litoral SP","article_published_time":"2024-07-12T21:30:20+00:00","og_image":[{"width":560,"height":320,"url":"https:\/\/redenoticiaz.com.br\/litoralsp\/wp-content\/uploads\/sites\/3\/2024\/07\/kkc.jpg","type":"image\/jpeg"}],"author":"Gustavo Silva","twitter_card":"summary_large_image","twitter_misc":{"Escrito por":"Gustavo Silva","Est. tempo de leitura":"2 minutos"},"schema":{"@context":"https:\/\/schema.org","@graph":[{"@type":"Article","@id":"https:\/\/redenoticiaz.com.br\/litoralsp\/2024\/07\/12\/jovem-de-21-anos-afirma-ter-sido-perseguida-por-motorista-de-app#article","isPartOf":{"@id":"https:\/\/redenoticiaz.com.br\/litoralsp\/2024\/07\/12\/jovem-de-21-anos-afirma-ter-sido-perseguida-por-motorista-de-app"},"author":{"name":"Gustavo Silva","@id":"https:\/\/redenoticiaz.com.br\/litoralsp\/#\/schema\/person\/16057b37a3c0ee6b096d7f887c566e2e"},"headline":"Jovem de 21 anos afirma ter sido perseguida por motorista de app","datePublished":"2024-07-12T21:30:20+00:00","mainEntityOfPage":{"@id":"https:\/\/redenoticiaz.com.br\/litoralsp\/2024\/07\/12\/jovem-de-21-anos-afirma-ter-sido-perseguida-por-motorista-de-app"},"wordCount":222,"commentCount":0,"publisher":{"@id":"https:\/\/redenoticiaz.com.br\/litoralsp\/#organization"},"image":{"@id":"https:\/\/redenoticiaz.com.br\/litoralsp\/2024\/07\/12\/jovem-de-21-anos-afirma-ter-sido-perseguida-por-motorista-de-app#primaryimage"},"thumbnailUrl":"https:\/\/redenoticiaz.com.br\/litoralsp\/wp-content\/uploads\/sites\/3\/2024\/07\/kkc.jpg","keywords":["ASS\u00c9DIO","JOVEM","Santos"],"articleSection":["Pol\u00edcia","Santos"],"inLanguage":"pt-BR","potentialAction":[{"@type":"CommentAction","name":"Comment","target":["https:\/\/redenoticiaz.com.br\/litoralsp\/2024\/07\/12\/jovem-de-21-anos-afirma-ter-sido-perseguida-por-motorista-de-app#respond"]}]},{"@type":"WebPage","@id":"https:\/\/redenoticiaz.com.br\/litoralsp\/2024\/07\/12\/jovem-de-21-anos-afirma-ter-sido-perseguida-por-motorista-de-app","url":"https:\/\/redenoticiaz.com.br\/litoralsp\/2024\/07\/12\/jovem-de-21-anos-afirma-ter-sido-perseguida-por-motorista-de-app","name":"Jovem de 21 anos afirma ter sido perseguida por motorista de app - Litoral SP","isPartOf":{"@id":"https:\/\/redenoticiaz.com.br\/litoralsp\/#website"},"primaryImageOfPage":{"@id":"https:\/\/redenoticiaz.com.br\/litoralsp\/2024\/07\/12\/jovem-de-21-anos-afirma-ter-sido-perseguida-por-motorista-de-app#primaryimage"},"image":{"@id":"https:\/\/redenoticiaz.com.br\/litoralsp\/2024\/07\/12\/jovem-de-21-anos-afirma-ter-sido-perseguida-por-motorista-de-app#primaryimage"},"thumbnailUrl":"https:\/\/redenoticiaz.com.br\/litoralsp\/wp-content\/uploads\/sites\/3\/2024\/07\/kkc.jpg","datePublished":"2024-07-12T21:30:20+00:00","description":"De acordo com as informa\u00e7\u00f5es, o caso teria acontecido em dezembro ap\u00f3s uma corrida. Ela afirma que durante o trajeto o homem puxou conversa diversas vezes.","inLanguage":"pt-BR","potentialAction":[{"@type":"ReadAction","target":["https:\/\/redenoticiaz.com.br\/litoralsp\/2024\/07\/12\/jovem-de-21-anos-afirma-ter-sido-perseguida-por-motorista-de-app"]}]},{"@type":"ImageObject","inLanguage":"pt-BR","@id":"https:\/\/redenoticiaz.com.br\/litoralsp\/2024\/07\/12\/jovem-de-21-anos-afirma-ter-sido-perseguida-por-motorista-de-app#primaryimage","url":"https:\/\/redenoticiaz.com.br\/litoralsp\/wp-content\/uploads\/sites\/3\/2024\/07\/kkc.jpg","contentUrl":"https:\/\/redenoticiaz.com.br\/litoralsp\/wp-content\/uploads\/sites\/3\/2024\/07\/kkc.jpg","width":560,"height":320},{"@type":"WebSite","@id":"https:\/\/redenoticiaz.com.br\/litoralsp\/#website","url":"https:\/\/redenoticiaz.com.br\/litoralsp\/","name":"Litoral SP","description":"Rede NoticiaZ","publisher":{"@id":"https:\/\/redenoticiaz.com.br\/litoralsp\/#organization"},"potentialAction":[{"@type":"SearchAction","target":{"@type":"EntryPoint","urlTemplate":"https:\/\/redenoticiaz.com.br\/litoralsp\/?s={search_term_string}"},"query-input":{"@type":"PropertyValueSpecification","valueRequired":true,"valueName":"search_term_string"}}],"inLanguage":"pt-BR"},{"@type":"Organization","@id":"https:\/\/redenoticiaz.com.br\/litoralsp\/#organization","name":"Litoral SP","url":"https:\/\/redenoticiaz.com.br\/litoralsp\/","logo":{"@type":"ImageObject","inLanguage":"pt-BR","@id":"https:\/\/redenoticiaz.com.br\/litoralsp\/#\/schema\/logo\/image\/","url":"https:\/\/redenoticiaz.com.br\/litoralsp\/wp-content\/uploads\/sites\/3\/2020\/11\/logo.jpg","contentUrl":"https:\/\/redenoticiaz.com.br\/litoralsp\/wp-content\/uploads\/sites\/3\/2020\/11\/logo.jpg","width":400,"height":250,"caption":"Litoral SP"},"image":{"@id":"https:\/\/redenoticiaz.com.br\/litoralsp\/#\/schema\/logo\/image\/"}},{"@type":"Person","@id":"https:\/\/redenoticiaz.com.br\/litoralsp\/#\/schema\/person\/16057b37a3c0ee6b096d7f887c566e2e","name":"Gustavo Silva","image":{"@type":"ImageObject","inLanguage":"pt-BR","@id":"https:\/\/secure.gravatar.com\/avatar\/3ee4e82f93b26de0a7cf4ea5eb7893da637ed6bb0c9170c58065944c56e28a33?s=96&d=mm&r=g","url":"https:\/\/secure.gravatar.com\/avatar\/3ee4e82f93b26de0a7cf4ea5eb7893da637ed6bb0c9170c58065944c56e28a33?s=96&d=mm&r=g","contentUrl":"https:\/\/secure.gravatar.com\/avatar\/3ee4e82f93b26de0a7cf4ea5eb7893da637ed6bb0c9170c58065944c56e28a33?s=96&d=mm&r=g","caption":"Gustavo Silva"},"url":"https:\/\/redenoticiaz.com.br\/litoralsp\/author\/gustavosilva"}]}},"_links":{"self":[{"href":"https:\/\/redenoticiaz.com.br\/litoralsp\/wp-json\/wp\/v2\/posts\/117150","targetHints":{"allow":["GET"]}}],"collection":[{"href":"https:\/\/redenoticiaz.com.br\/litoralsp\/wp-json\/wp\/v2\/posts"}],"about":[{"href":"https:\/\/redenoticiaz.com.br\/litoralsp\/wp-json\/wp\/v2\/types\/post"}],"author":[{"embeddable":true,"href":"https:\/\/redenoticiaz.com.br\/litoralsp\/wp-json\/wp\/v2\/users\/12"}],"replies":[{"embeddable":true,"href":"https:\/\/redenoticiaz.com.br\/litoralsp\/wp-json\/wp\/v2\/comments?post=117150"}],"version-history":[{"count":1,"href":"https:\/\/redenoticiaz.com.br\/litoralsp\/wp-json\/wp\/v2\/posts\/117150\/revisions"}],"predecessor-version":[{"id":117152,"href":"https:\/\/redenoticiaz.com.br\/litoralsp\/wp-json\/wp\/v2\/posts\/117150\/revisions\/117152"}],"wp:featuredmedia":[{"embeddable":true,"href":"https:\/\/redenoticiaz.com.br\/litoralsp\/wp-json\/wp\/v2\/media\/117151"}],"wp:attachment":[{"href":"https:\/\/redenoticiaz.com.br\/litoralsp\/wp-json\/wp\/v2\/media?parent=117150"}],"wp:term":[{"taxonomy":"category","embeddable":true,"href":"https:\/\/redenoticiaz.com.br\/litoralsp\/wp-json\/wp\/v2\/categories?post=117150"},{"taxonomy":"post_tag","embeddable":true,"href":"https:\/\/redenoticiaz.com.br\/litoralsp\/wp-json\/wp\/v2\/tags?post=117150"}],"curies":[{"name":"wp","href":"https:\/\/api.w.org\/{rel}","templated":true}]}}