{"id":117153,"date":"2024-07-12T13:31:39","date_gmt":"2024-07-12T16:31:39","guid":{"rendered":"https:\/\/redenoticiaz.com.br\/litoralsp\/2024\/07\/12\/unilever-oportunidade-exclusiva-para-pcd"},"modified":"2024-07-12T13:31:39","modified_gmt":"2024-07-12T16:31:39","slug":"unilever-oportunidade-exclusiva-para-pcd","status":"publish","type":"post","link":"https:\/\/redenoticiaz.com.br\/litoralsp\/2024\/07\/12\/unilever-oportunidade-exclusiva-para-pcd","title":{"rendered":"Unilever &#8211; Oportunidade exclusiva para PCD"},"content":{"rendered":"<p>A Unilever, uma das maiores empresas de bens de consumo do mundo, est\u00e1 \u00e0 procura de um Promotor de Vendas dedicado e talentoso para se juntar \u00e0 nossa equipe em S\u00e3o Paulo. Esta vaga \u00e9 exclusiva para pessoas com defici\u00eancia (PCD), refletindo nosso compromisso com a diversidade e inclus\u00e3o.<\/p>\n<p>Responsabilidade:<\/p>\n<p>Visitas a clientes<\/p>\n<p>Habilidade de influ\u00eancia sob o cliente<\/p>\n<p>Garantir e manter a limpeza dos refrigeradores nos pontos de vendas<\/p>\n<p>Manter o layout dos refrigeradores e organiza\u00e7\u00e3o conforme diretriz de execu\u00e7\u00e3o das categorias.<\/p>\n<p>Cumprimento todas as normas e regras de seguran\u00e7a estabelecidas.<\/p>\n<p>Requisitos:<\/p>\n<p>Ensino M\u00e9dio completo<\/p>\n<p>Desej\u00e1vel Habilita\u00e7\u00e3o B<\/p>\n<p>Desej\u00e1vel experi\u00eancia em vendas ou merchandising<\/p>\n<p>Inscreva-se, <a href=\"https:\/\/www.vagas.com.br\/vagas\/v2657036\/promotor-de-vendas-exclusiva-pcd-sao-paulo\">AQUI<\/a>.<\/p>\n<p>LEIA MAIS<\/p>\n<p><a href=\"https:\/\/redenoticiaz.com.br\/blog\/2024\/07\/12\/supergasbras-oferece-vagas-em-diversas-regioes-do-brasil\">Supergasbras oferece vagas em diversas regi\u00f5es do Brasil<\/a><\/p>\n<p><a href=\"https:\/\/redenoticiaz.com.br\/blog\/2024\/07\/11\/amigos-do-bem-vejas-as-vagas-disponiveis\">Amigos do Bem: veja as vagas dispon\u00edveis<\/a><\/p>\n<p>&nbsp;<\/p>\n","protected":false},"excerpt":{"rendered":"<p>A Unilever, uma das maiores empresas de bens de consumo do mundo, est\u00e1 \u00e0 procura de um Promotor de Vendas dedicado e talentoso para se juntar \u00e0 nossa equipe em S\u00e3o Paulo. Esta vaga \u00e9 exclusiva para pessoas com defici\u00eancia (PCD), refletindo nosso compromisso com a diversidade e inclus\u00e3o. Responsabilidade: Visitas a clientes Habilidade de &hellip;<\/p>\n","protected":false},"author":30,"featured_media":115787,"comment_status":"open","ping_status":"closed","sticky":false,"template":"","format":"standard","meta":{"footnotes":""},"categories":[67963],"tags":[68433,22019],"class_list":["post-117153","post","type-post","status-publish","format-standard","has-post-thumbnail","hentry","category-emprego","tag-unilever","tag-vagas"],"yoast_head":"<!-- This site is optimized with the Yoast SEO plugin v27.5 - https:\/\/yoast.com\/product\/yoast-seo-wordpress\/ -->\n<title>Unilever - Oportunidade exclusiva para PCD - Litoral SP<\/title>\n<meta name=\"description\" content=\"A Unilever, uma das maiores empresas de bens de consumo do mundo, est\u00e1 \u00e0 procura de um Promotor de Vendas dedicado e talentoso.\" \/>\n<meta name=\"robots\" content=\"index, follow, max-snippet:-1, max-image-preview:large, max-video-preview:-1\" \/>\n<link rel=\"canonical\" href=\"https:\/\/redenoticiaz.com.br\/litoralsp\/2024\/07\/12\/unilever-oportunidade-exclusiva-para-pcd\" \/>\n<meta property=\"og:locale\" content=\"pt_BR\" \/>\n<meta property=\"og:type\" content=\"article\" \/>\n<meta property=\"og:title\" content=\"Unilever - Oportunidade exclusiva para PCD - Litoral SP\" \/>\n<meta property=\"og:description\" content=\"A Unilever, uma das maiores empresas de bens de consumo do mundo, est\u00e1 \u00e0 procura de um Promotor de Vendas dedicado e talentoso.\" \/>\n<meta property=\"og:url\" content=\"https:\/\/redenoticiaz.com.br\/litoralsp\/2024\/07\/12\/unilever-oportunidade-exclusiva-para-pcd\" \/>\n<meta property=\"og:site_name\" content=\"Litoral SP\" \/>\n<meta property=\"article:published_time\" content=\"2024-07-12T16:31:39+00:00\" \/>\n<meta property=\"og:image\" content=\"https:\/\/redenoticiaz.com.br\/litoralsp\/wp-content\/uploads\/sites\/3\/2024\/04\/Captura-de-tela-2024-04-19-130722.png?v=1713543805\" \/>\n\t<meta property=\"og:image:width\" content=\"413\" \/>\n\t<meta property=\"og:image:height\" content=\"337\" \/>\n\t<meta property=\"og:image:type\" content=\"image\/png\" \/>\n<meta name=\"author\" content=\"Carina Reifonas\" \/>\n<meta name=\"twitter:card\" content=\"summary_large_image\" \/>\n<meta name=\"twitter:label1\" content=\"Escrito por\" \/>\n\t<meta name=\"twitter:data1\" content=\"Carina Reifonas\" \/>\n\t<meta name=\"twitter:label2\" content=\"Est. tempo de leitura\" \/>\n\t<meta name=\"twitter:data2\" content=\"1 minuto\" \/>\n<script type=\"application\/ld+json\" class=\"yoast-schema-graph\">{\"@context\":\"https:\\\/\\\/schema.org\",\"@graph\":[{\"@type\":\"Article\",\"@id\":\"https:\\\/\\\/redenoticiaz.com.br\\\/litoralsp\\\/2024\\\/07\\\/12\\\/unilever-oportunidade-exclusiva-para-pcd#article\",\"isPartOf\":{\"@id\":\"https:\\\/\\\/redenoticiaz.com.br\\\/litoralsp\\\/2024\\\/07\\\/12\\\/unilever-oportunidade-exclusiva-para-pcd\"},\"author\":{\"name\":\"Carina Reifonas\",\"@id\":\"https:\\\/\\\/redenoticiaz.com.br\\\/litoralsp\\\/#\\\/schema\\\/person\\\/1f84d6e94e6a62d2d81199d7503e9e90\"},\"headline\":\"Unilever &#8211; Oportunidade exclusiva para PCD\",\"datePublished\":\"2024-07-12T16:31:39+00:00\",\"mainEntityOfPage\":{\"@id\":\"https:\\\/\\\/redenoticiaz.com.br\\\/litoralsp\\\/2024\\\/07\\\/12\\\/unilever-oportunidade-exclusiva-para-pcd\"},\"wordCount\":142,\"commentCount\":0,\"publisher\":{\"@id\":\"https:\\\/\\\/redenoticiaz.com.br\\\/litoralsp\\\/#organization\"},\"image\":{\"@id\":\"https:\\\/\\\/redenoticiaz.com.br\\\/litoralsp\\\/2024\\\/07\\\/12\\\/unilever-oportunidade-exclusiva-para-pcd#primaryimage\"},\"thumbnailUrl\":\"https:\\\/\\\/redenoticiaz.com.br\\\/litoralsp\\\/wp-content\\\/uploads\\\/sites\\\/3\\\/2024\\\/04\\\/Captura-de-tela-2024-04-19-130722.png?v=1713543805\",\"keywords\":[\"Unilever\",\"VAGAS\"],\"articleSection\":[\"Emprego\"],\"inLanguage\":\"pt-BR\",\"potentialAction\":[{\"@type\":\"CommentAction\",\"name\":\"Comment\",\"target\":[\"https:\\\/\\\/redenoticiaz.com.br\\\/litoralsp\\\/2024\\\/07\\\/12\\\/unilever-oportunidade-exclusiva-para-pcd#respond\"]}]},{\"@type\":\"WebPage\",\"@id\":\"https:\\\/\\\/redenoticiaz.com.br\\\/litoralsp\\\/2024\\\/07\\\/12\\\/unilever-oportunidade-exclusiva-para-pcd\",\"url\":\"https:\\\/\\\/redenoticiaz.com.br\\\/litoralsp\\\/2024\\\/07\\\/12\\\/unilever-oportunidade-exclusiva-para-pcd\",\"name\":\"Unilever - Oportunidade exclusiva para PCD - Litoral SP\",\"isPartOf\":{\"@id\":\"https:\\\/\\\/redenoticiaz.com.br\\\/litoralsp\\\/#website\"},\"primaryImageOfPage\":{\"@id\":\"https:\\\/\\\/redenoticiaz.com.br\\\/litoralsp\\\/2024\\\/07\\\/12\\\/unilever-oportunidade-exclusiva-para-pcd#primaryimage\"},\"image\":{\"@id\":\"https:\\\/\\\/redenoticiaz.com.br\\\/litoralsp\\\/2024\\\/07\\\/12\\\/unilever-oportunidade-exclusiva-para-pcd#primaryimage\"},\"thumbnailUrl\":\"https:\\\/\\\/redenoticiaz.com.br\\\/litoralsp\\\/wp-content\\\/uploads\\\/sites\\\/3\\\/2024\\\/04\\\/Captura-de-tela-2024-04-19-130722.png?v=1713543805\",\"datePublished\":\"2024-07-12T16:31:39+00:00\",\"description\":\"A Unilever, uma das maiores empresas de bens de consumo do mundo, est\u00e1 \u00e0 procura de um Promotor de Vendas dedicado e talentoso.\",\"inLanguage\":\"pt-BR\",\"potentialAction\":[{\"@type\":\"ReadAction\",\"target\":[\"https:\\\/\\\/redenoticiaz.com.br\\\/litoralsp\\\/2024\\\/07\\\/12\\\/unilever-oportunidade-exclusiva-para-pcd\"]}]},{\"@type\":\"ImageObject\",\"inLanguage\":\"pt-BR\",\"@id\":\"https:\\\/\\\/redenoticiaz.com.br\\\/litoralsp\\\/2024\\\/07\\\/12\\\/unilever-oportunidade-exclusiva-para-pcd#primaryimage\",\"url\":\"https:\\\/\\\/redenoticiaz.com.br\\\/litoralsp\\\/wp-content\\\/uploads\\\/sites\\\/3\\\/2024\\\/04\\\/Captura-de-tela-2024-04-19-130722.png?v=1713543805\",\"contentUrl\":\"https:\\\/\\\/redenoticiaz.com.br\\\/litoralsp\\\/wp-content\\\/uploads\\\/sites\\\/3\\\/2024\\\/04\\\/Captura-de-tela-2024-04-19-130722.png?v=1713543805\",\"width\":413,\"height\":337},{\"@type\":\"WebSite\",\"@id\":\"https:\\\/\\\/redenoticiaz.com.br\\\/litoralsp\\\/#website\",\"url\":\"https:\\\/\\\/redenoticiaz.com.br\\\/litoralsp\\\/\",\"name\":\"Litoral SP\",\"description\":\"Rede NoticiaZ\",\"publisher\":{\"@id\":\"https:\\\/\\\/redenoticiaz.com.br\\\/litoralsp\\\/#organization\"},\"potentialAction\":[{\"@type\":\"SearchAction\",\"target\":{\"@type\":\"EntryPoint\",\"urlTemplate\":\"https:\\\/\\\/redenoticiaz.com.br\\\/litoralsp\\\/?s={search_term_string}\"},\"query-input\":{\"@type\":\"PropertyValueSpecification\",\"valueRequired\":true,\"valueName\":\"search_term_string\"}}],\"inLanguage\":\"pt-BR\"},{\"@type\":\"Organization\",\"@id\":\"https:\\\/\\\/redenoticiaz.com.br\\\/litoralsp\\\/#organization\",\"name\":\"Litoral SP\",\"url\":\"https:\\\/\\\/redenoticiaz.com.br\\\/litoralsp\\\/\",\"logo\":{\"@type\":\"ImageObject\",\"inLanguage\":\"pt-BR\",\"@id\":\"https:\\\/\\\/redenoticiaz.com.br\\\/litoralsp\\\/#\\\/schema\\\/logo\\\/image\\\/\",\"url\":\"https:\\\/\\\/redenoticiaz.com.br\\\/litoralsp\\\/wp-content\\\/uploads\\\/sites\\\/3\\\/2020\\\/11\\\/logo.jpg\",\"contentUrl\":\"https:\\\/\\\/redenoticiaz.com.br\\\/litoralsp\\\/wp-content\\\/uploads\\\/sites\\\/3\\\/2020\\\/11\\\/logo.jpg\",\"width\":400,\"height\":250,\"caption\":\"Litoral SP\"},\"image\":{\"@id\":\"https:\\\/\\\/redenoticiaz.com.br\\\/litoralsp\\\/#\\\/schema\\\/logo\\\/image\\\/\"}},{\"@type\":\"Person\",\"@id\":\"https:\\\/\\\/redenoticiaz.com.br\\\/litoralsp\\\/#\\\/schema\\\/person\\\/1f84d6e94e6a62d2d81199d7503e9e90\",\"name\":\"Carina Reifonas\",\"image\":{\"@type\":\"ImageObject\",\"inLanguage\":\"pt-BR\",\"@id\":\"https:\\\/\\\/secure.gravatar.com\\\/avatar\\\/04c59859b23696cf867715880f81d5c037e60109730bdb4e6670ec2a2245bc97?s=96&d=mm&r=g\",\"url\":\"https:\\\/\\\/secure.gravatar.com\\\/avatar\\\/04c59859b23696cf867715880f81d5c037e60109730bdb4e6670ec2a2245bc97?s=96&d=mm&r=g\",\"contentUrl\":\"https:\\\/\\\/secure.gravatar.com\\\/avatar\\\/04c59859b23696cf867715880f81d5c037e60109730bdb4e6670ec2a2245bc97?s=96&d=mm&r=g\",\"caption\":\"Carina Reifonas\"},\"url\":\"https:\\\/\\\/redenoticiaz.com.br\\\/litoralsp\\\/author\\\/carinareifonas\"}]}<\/script>\n<!-- \/ Yoast SEO plugin. -->","yoast_head_json":{"title":"Unilever - Oportunidade exclusiva para PCD - Litoral SP","description":"A Unilever, uma das maiores empresas de bens de consumo do mundo, est\u00e1 \u00e0 procura de um Promotor de Vendas dedicado e talentoso.","robots":{"index":"index","follow":"follow","max-snippet":"max-snippet:-1","max-image-preview":"max-image-preview:large","max-video-preview":"max-video-preview:-1"},"canonical":"https:\/\/redenoticiaz.com.br\/litoralsp\/2024\/07\/12\/unilever-oportunidade-exclusiva-para-pcd","og_locale":"pt_BR","og_type":"article","og_title":"Unilever - Oportunidade exclusiva para PCD - Litoral SP","og_description":"A Unilever, uma das maiores empresas de bens de consumo do mundo, est\u00e1 \u00e0 procura de um Promotor de Vendas dedicado e talentoso.","og_url":"https:\/\/redenoticiaz.com.br\/litoralsp\/2024\/07\/12\/unilever-oportunidade-exclusiva-para-pcd","og_site_name":"Litoral SP","article_published_time":"2024-07-12T16:31:39+00:00","og_image":[{"width":413,"height":337,"url":"https:\/\/redenoticiaz.com.br\/litoralsp\/wp-content\/uploads\/sites\/3\/2024\/04\/Captura-de-tela-2024-04-19-130722.png?v=1713543805","type":"image\/png"}],"author":"Carina Reifonas","twitter_card":"summary_large_image","twitter_misc":{"Escrito por":"Carina Reifonas","Est. tempo de leitura":"1 minuto"},"schema":{"@context":"https:\/\/schema.org","@graph":[{"@type":"Article","@id":"https:\/\/redenoticiaz.com.br\/litoralsp\/2024\/07\/12\/unilever-oportunidade-exclusiva-para-pcd#article","isPartOf":{"@id":"https:\/\/redenoticiaz.com.br\/litoralsp\/2024\/07\/12\/unilever-oportunidade-exclusiva-para-pcd"},"author":{"name":"Carina Reifonas","@id":"https:\/\/redenoticiaz.com.br\/litoralsp\/#\/schema\/person\/1f84d6e94e6a62d2d81199d7503e9e90"},"headline":"Unilever &#8211; Oportunidade exclusiva para PCD","datePublished":"2024-07-12T16:31:39+00:00","mainEntityOfPage":{"@id":"https:\/\/redenoticiaz.com.br\/litoralsp\/2024\/07\/12\/unilever-oportunidade-exclusiva-para-pcd"},"wordCount":142,"commentCount":0,"publisher":{"@id":"https:\/\/redenoticiaz.com.br\/litoralsp\/#organization"},"image":{"@id":"https:\/\/redenoticiaz.com.br\/litoralsp\/2024\/07\/12\/unilever-oportunidade-exclusiva-para-pcd#primaryimage"},"thumbnailUrl":"https:\/\/redenoticiaz.com.br\/litoralsp\/wp-content\/uploads\/sites\/3\/2024\/04\/Captura-de-tela-2024-04-19-130722.png?v=1713543805","keywords":["Unilever","VAGAS"],"articleSection":["Emprego"],"inLanguage":"pt-BR","potentialAction":[{"@type":"CommentAction","name":"Comment","target":["https:\/\/redenoticiaz.com.br\/litoralsp\/2024\/07\/12\/unilever-oportunidade-exclusiva-para-pcd#respond"]}]},{"@type":"WebPage","@id":"https:\/\/redenoticiaz.com.br\/litoralsp\/2024\/07\/12\/unilever-oportunidade-exclusiva-para-pcd","url":"https:\/\/redenoticiaz.com.br\/litoralsp\/2024\/07\/12\/unilever-oportunidade-exclusiva-para-pcd","name":"Unilever - Oportunidade exclusiva para PCD - Litoral SP","isPartOf":{"@id":"https:\/\/redenoticiaz.com.br\/litoralsp\/#website"},"primaryImageOfPage":{"@id":"https:\/\/redenoticiaz.com.br\/litoralsp\/2024\/07\/12\/unilever-oportunidade-exclusiva-para-pcd#primaryimage"},"image":{"@id":"https:\/\/redenoticiaz.com.br\/litoralsp\/2024\/07\/12\/unilever-oportunidade-exclusiva-para-pcd#primaryimage"},"thumbnailUrl":"https:\/\/redenoticiaz.com.br\/litoralsp\/wp-content\/uploads\/sites\/3\/2024\/04\/Captura-de-tela-2024-04-19-130722.png?v=1713543805","datePublished":"2024-07-12T16:31:39+00:00","description":"A Unilever, uma das maiores empresas de bens de consumo do mundo, est\u00e1 \u00e0 procura de um Promotor de Vendas dedicado e talentoso.","inLanguage":"pt-BR","potentialAction":[{"@type":"ReadAction","target":["https:\/\/redenoticiaz.com.br\/litoralsp\/2024\/07\/12\/unilever-oportunidade-exclusiva-para-pcd"]}]},{"@type":"ImageObject","inLanguage":"pt-BR","@id":"https:\/\/redenoticiaz.com.br\/litoralsp\/2024\/07\/12\/unilever-oportunidade-exclusiva-para-pcd#primaryimage","url":"https:\/\/redenoticiaz.com.br\/litoralsp\/wp-content\/uploads\/sites\/3\/2024\/04\/Captura-de-tela-2024-04-19-130722.png?v=1713543805","contentUrl":"https:\/\/redenoticiaz.com.br\/litoralsp\/wp-content\/uploads\/sites\/3\/2024\/04\/Captura-de-tela-2024-04-19-130722.png?v=1713543805","width":413,"height":337},{"@type":"WebSite","@id":"https:\/\/redenoticiaz.com.br\/litoralsp\/#website","url":"https:\/\/redenoticiaz.com.br\/litoralsp\/","name":"Litoral SP","description":"Rede NoticiaZ","publisher":{"@id":"https:\/\/redenoticiaz.com.br\/litoralsp\/#organization"},"potentialAction":[{"@type":"SearchAction","target":{"@type":"EntryPoint","urlTemplate":"https:\/\/redenoticiaz.com.br\/litoralsp\/?s={search_term_string}"},"query-input":{"@type":"PropertyValueSpecification","valueRequired":true,"valueName":"search_term_string"}}],"inLanguage":"pt-BR"},{"@type":"Organization","@id":"https:\/\/redenoticiaz.com.br\/litoralsp\/#organization","name":"Litoral SP","url":"https:\/\/redenoticiaz.com.br\/litoralsp\/","logo":{"@type":"ImageObject","inLanguage":"pt-BR","@id":"https:\/\/redenoticiaz.com.br\/litoralsp\/#\/schema\/logo\/image\/","url":"https:\/\/redenoticiaz.com.br\/litoralsp\/wp-content\/uploads\/sites\/3\/2020\/11\/logo.jpg","contentUrl":"https:\/\/redenoticiaz.com.br\/litoralsp\/wp-content\/uploads\/sites\/3\/2020\/11\/logo.jpg","width":400,"height":250,"caption":"Litoral SP"},"image":{"@id":"https:\/\/redenoticiaz.com.br\/litoralsp\/#\/schema\/logo\/image\/"}},{"@type":"Person","@id":"https:\/\/redenoticiaz.com.br\/litoralsp\/#\/schema\/person\/1f84d6e94e6a62d2d81199d7503e9e90","name":"Carina Reifonas","image":{"@type":"ImageObject","inLanguage":"pt-BR","@id":"https:\/\/secure.gravatar.com\/avatar\/04c59859b23696cf867715880f81d5c037e60109730bdb4e6670ec2a2245bc97?s=96&d=mm&r=g","url":"https:\/\/secure.gravatar.com\/avatar\/04c59859b23696cf867715880f81d5c037e60109730bdb4e6670ec2a2245bc97?s=96&d=mm&r=g","contentUrl":"https:\/\/secure.gravatar.com\/avatar\/04c59859b23696cf867715880f81d5c037e60109730bdb4e6670ec2a2245bc97?s=96&d=mm&r=g","caption":"Carina Reifonas"},"url":"https:\/\/redenoticiaz.com.br\/litoralsp\/author\/carinareifonas"}]}},"_links":{"self":[{"href":"https:\/\/redenoticiaz.com.br\/litoralsp\/wp-json\/wp\/v2\/posts\/117153","targetHints":{"allow":["GET"]}}],"collection":[{"href":"https:\/\/redenoticiaz.com.br\/litoralsp\/wp-json\/wp\/v2\/posts"}],"about":[{"href":"https:\/\/redenoticiaz.com.br\/litoralsp\/wp-json\/wp\/v2\/types\/post"}],"author":[{"embeddable":true,"href":"https:\/\/redenoticiaz.com.br\/litoralsp\/wp-json\/wp\/v2\/users\/30"}],"replies":[{"embeddable":true,"href":"https:\/\/redenoticiaz.com.br\/litoralsp\/wp-json\/wp\/v2\/comments?post=117153"}],"version-history":[{"count":0,"href":"https:\/\/redenoticiaz.com.br\/litoralsp\/wp-json\/wp\/v2\/posts\/117153\/revisions"}],"wp:featuredmedia":[{"embeddable":true,"href":"https:\/\/redenoticiaz.com.br\/litoralsp\/wp-json\/wp\/v2\/media\/115787"}],"wp:attachment":[{"href":"https:\/\/redenoticiaz.com.br\/litoralsp\/wp-json\/wp\/v2\/media?parent=117153"}],"wp:term":[{"taxonomy":"category","embeddable":true,"href":"https:\/\/redenoticiaz.com.br\/litoralsp\/wp-json\/wp\/v2\/categories?post=117153"},{"taxonomy":"post_tag","embeddable":true,"href":"https:\/\/redenoticiaz.com.br\/litoralsp\/wp-json\/wp\/v2\/tags?post=117153"}],"curies":[{"name":"wp","href":"https:\/\/api.w.org\/{rel}","templated":true}]}}