{"id":117163,"date":"2024-07-13T13:00:56","date_gmt":"2024-07-13T16:00:56","guid":{"rendered":"https:\/\/redenoticiaz.com.br\/litoralsp\/?p=117163"},"modified":"2024-07-12T16:44:42","modified_gmt":"2024-07-12T19:44:42","slug":"ferias-e-livros-oito-dicas-que-irao-surpreender","status":"publish","type":"post","link":"https:\/\/redenoticiaz.com.br\/litoralsp\/2024\/07\/13\/ferias-e-livros-oito-dicas-que-irao-surpreender","title":{"rendered":"F\u00e9rias e livros: oito dicas que ir\u00e3o surpreender"},"content":{"rendered":"<div>\n<div>\n<p>O aprendizado \u00e9 o que h\u00e1 de mais significativo para um ser-humano, ainda mais quando relacionamos a tarefa ao lazer. O h\u00e1bito de ler engaja, amadurece, traz o poder de escolha e de fala, qualidades importantes a serem estimuladas durante o ensino.<\/p>\n<p>Diante disso, por que n\u00e3o fazer uma leitura prazerosa nessas f\u00e9rias? E para que os \u00e1vidos leitores n\u00e3o percam quais s\u00e3o as obras que est\u00e3o em alta de acordo com a fase escolar, aqui est\u00e1 uma lista com oito dicas para crian\u00e7as, jovens e adultos.<\/p>\n<p><strong>Pr\u00e9-escola<\/strong><\/p>\n<p><strong><img loading=\"lazy\" decoding=\"async\" src=\"https:\/\/files.pressmanager.net\/clientes\/64a8e8d576d3505a7823819ae1fa6eb7\/imagens\/2024\/07\/01\/2df8ac1d2018028bf5a4fa8089ea1496_medium.jpg\" width=\"91\" height=\"114\" align=\"left\" hspace=\"10\" vspace=\"10\" \/><\/strong><\/p>\n<p><strong>&#8211;\u00a0 Bichos de A a Z:<\/strong>\u00a0aprender sobre a fauna \u00e9 um processo extremamente prazeroso, e quando unimos incr\u00edveis poemas rimados e desenhos incr\u00edveis, fica mais f\u00e1cil ainda. \u00c9 esta a premissa desta obra do poeta\u00a0<strong>George Gimenes<\/strong>, que desafiar\u00e1 \u00e0s crian\u00e7as a identificar e conhecer 26 animais de acordo com o alfabeto. (<strong>Tudo! Editora<\/strong>) (Onde encontrar:\u00a0<a href=\"https:\/\/www.amazon.com.br\/dp\/6560070107\" target=\"_blank\" rel=\"noopener noreferrer\"><strong>Amazon<\/strong><\/a>)<\/p>\n<p><strong><img loading=\"lazy\" decoding=\"async\" src=\"https:\/\/files.pressmanager.net\/clientes\/64a8e8d576d3505a7823819ae1fa6eb7\/imagens\/2024\/07\/01\/fe304c7fdd49939aeea1ccccedd00470_medium.jpg\" width=\"109\" height=\"109\" align=\"right\" hspace=\"10\" vspace=\"10\" \/>&#8211; 1,2,3 vamos contar:<\/strong>\u00a0\u00e9 com ilustra\u00e7\u00f5es coloridas e rimas divertidas que\u00a0<strong>Ma\u00edra Lot Micales,\u00a0<\/strong>autora de Coc\u00f4, Xixi e Pum, um dos mais vendidos livros sobre desfralde no pa\u00eds, facilita a memoriza\u00e7\u00e3o dos n\u00fameros para crian\u00e7as em alfabetiza\u00e7\u00e3o. A forma l\u00fadica e descontra\u00edda, com certeza, far\u00e1 com que os pequenos saiam contando tudo por a\u00ed. (Editora:\u00a0<strong>Caminho suave<\/strong>) (Onde encontrar:\u00a0<a href=\"https:\/\/www.amazon.com.br\/1-2-3-vamos-contar\/dp\/6586742382\" target=\"_blank\" rel=\"noopener noreferrer\"><strong>Amazon<\/strong><\/a>)<\/p>\n<p>&nbsp;<\/p>\n<p><strong>Ensino Fundamental<\/strong><\/p>\n<p><strong><img loading=\"lazy\" decoding=\"async\" src=\"https:\/\/files.pressmanager.net\/clientes\/64a8e8d576d3505a7823819ae1fa6eb7\/imagens\/2024\/07\/01\/9ed6c470cd5ad8ed7f1550a73b6d14ce_medium.jpg\" width=\"87\" height=\"134\" align=\"left\" hspace=\"10\" vspace=\"10\" \/>&#8211; Chama a Bebel:\u00a0<\/strong>quando a protagonista, de apenas 15 anos, deixa a m\u00e3e e o av\u00f4 no interior para morar com os tios na capital a fim de concluir os estudos, n\u00e3o imagina o que a espera. Al\u00e9m das escadas, um obst\u00e1culo di\u00e1rio para sua cadeira de rodas, ela precisa lidar com a saudade da fam\u00edlia, coment\u00e1rios \u00e1speros da tia e uma colega da classe que al\u00e9m de capacitista \u00e9 filha do \u201cdono da cidade\u201d e rainha da raz\u00e3o.\u00a0Logo de cara, Bebel mostra aos alunos e professores da nova escola que \u00e9 uma l\u00edder nata e, quando o assunto \u00e9 sustentabilidade e preserva\u00e7\u00e3o do planeta, ningu\u00e9m melhor do que ela, uma admiradora da ativista Greta Thunberg. (<strong>Citadel Grupo Editorial<\/strong>) (Onde encontrar:\u00a0<a href=\"https:\/\/www.amazon.com.br\/Chama-Bebel-Paulo-Nascimento\/dp\/6550472555\/ref=sr_1_1?__mk_pt_BR=%C3%85M%C3%85%C5%BD%C3%95%C3%91&amp;crid=39URLLC63TSBF&amp;keywords=chama+a+bebel&amp;qid=1704894037&amp;sprefix=chama+a+bebel%2Caps%2C220&amp;sr=8-1\" target=\"_blank\" rel=\"noopener noreferrer\"><strong>Amazon<\/strong><\/a>)<\/p>\n<p><strong><img loading=\"lazy\" decoding=\"async\" src=\"https:\/\/files.pressmanager.net\/clientes\/64a8e8d576d3505a7823819ae1fa6eb7\/imagens\/2024\/07\/01\/97f277f07b190eb0234656f514e797c0_medium.jpg\" width=\"85\" height=\"105\" align=\"right\" hspace=\"10\" vspace=\"10\" \/>&#8211; Minha Enciclop\u00e9dia dos Porqu\u00eas:\u00a0<\/strong>junto com o aprendizado, vem a temida fase dos \u201cporqu\u00eas\u201d. Para facilitar a vida dos pais, estimular a leitura e a iniciativa de buscar suas solu\u00e7\u00f5es, Louise Vercors escreveu esta obra com respostas criativas e ilustradas. (<strong>VR Editora<\/strong>) (Onde encontrar:\u00a0<a href=\"https:\/\/www.amazon.com.br\/Minha-enciclop%C3%A9dia-porqu%C3%AAs-Louise-Vercors\/dp\/8550704377?hvadid=647522177944&amp;hvpos=&amp;hvnetw=g&amp;hvrand=9652200706709062420&amp;hvpone=&amp;hvptwo=&amp;hvqmt=&amp;hvdev=c&amp;hvdvcmdl=&amp;hvlocint=&amp;hvlocphy=1001773&amp;hvtargid=pla-2212098887019&amp;psc=1&amp;mcid=fe13041f2f61351abb218cbaa11e638f&amp;linkCode=sl1&amp;tag=gabicuerba20-20&amp;linkId=9d7c5038fda47cc4c63b923f053dc51c&amp;language=pt_BR&amp;ref_=as_li_ss_tl\" target=\"_blank\" rel=\"noopener noreferrer\"><strong>Amazon<\/strong><\/a>)<\/p>\n<p>&nbsp;<\/p>\n<p>&nbsp;<\/p>\n<p><strong>Ensino M\u00e9dio<\/strong><\/p>\n<p><strong><img loading=\"lazy\" decoding=\"async\" src=\"https:\/\/files.pressmanager.net\/clientes\/64a8e8d576d3505a7823819ae1fa6eb7\/imagens\/2024\/07\/01\/1c5d7a3cde58489141915302b1766304_medium.jpg\" width=\"97\" height=\"145\" align=\"left\" hspace=\"10\" vspace=\"10\" \/>&#8211; As Sete Maravilhas do Ser Humano:<\/strong>\u00a0esta aventura filos\u00f3fica conduz jovens em jornada de transforma\u00e7\u00e3o. O professor de filosofia\u00a0<strong>Yuri Barcellos Galli<\/strong>\u00a0criou um romance tem base na teoria da Constitui\u00e7\u00e3o Septen\u00e1ria, conceito filos\u00f3fico que ilustra a complexidade da natureza humana e demostra como diferentes aspectos da exist\u00eancia interagem entre si. Uma \u00f3tima obra de autoconhecimento para quem est\u00e1 na fase que provavelmente decidir\u00e1 o resto de sua vida. (<strong>Hanoi Editora<\/strong>) (Onde encontrar:\u00a0<a href=\"https:\/\/loja.hanoieditora.com.br\/sete-maravilhas\" target=\"_blank\" rel=\"noopener noreferrer\"><strong>Hanoi<\/strong><\/a>)<\/p>\n<p><strong><img loading=\"lazy\" decoding=\"async\" src=\"https:\/\/files.pressmanager.net\/clientes\/64a8e8d576d3505a7823819ae1fa6eb7\/imagens\/2024\/07\/01\/fabb7a6e1c513a1542da2831d8443f9c_medium.jpg\" width=\"82\" height=\"123\" align=\"right\" hspace=\"10\" vspace=\"10\" \/>&#8211; Op\u00fasculo Humanit\u00e1rio:<\/strong>\u00a0leitura obrigat\u00f3ria para o vestibular Fuvest 2026 a 2029, N\u00edsia Floresta defende a import\u00e2ncia da educa\u00e7\u00e3o feminina. Afinal, para a autora, o desenvolvimento de uma na\u00e7\u00e3o estava intrinsecamente ligado ao papel que a mulher ocupava na sociedade. Da condi\u00e7\u00e3o feminina na Antiguidade \u00e0 situa\u00e7\u00e3o brasileira do s\u00e9culo XIX, a escritora tra\u00e7a um panorama hist\u00f3rico do lugar da mulher no \u00e2mbito social. (Editora:\u00a0<strong>Via Leitura<\/strong>) (Onde encontrar:\u00a0<a href=\"https:\/\/www.amazon.com.br\/Op%C3%BAsculo-humanit%C3%A1rio-Conselhos-minha-filha\/dp\/6587034527\/ref=sr_1_1?__mk_pt_BR=%C3%85M%C3%85%C5%BD%C3%95%C3%91&amp;sr=8-1\" target=\"_blank\" rel=\"noopener noreferrer\"><strong>Amazon<\/strong><\/a>)<\/p>\n<p>&nbsp;<\/p>\n<p><strong>Faculdade<\/strong><\/p>\n<p><strong><img loading=\"lazy\" decoding=\"async\" src=\"https:\/\/files.pressmanager.net\/clientes\/64a8e8d576d3505a7823819ae1fa6eb7\/imagens\/2024\/07\/01\/c42c08916ae7e321db248185d343d73c_medium.jpg\" width=\"100\" height=\"155\" align=\"left\" hspace=\"10\" vspace=\"10\" \/>&#8211; O Livro secreto do Escritor:<\/strong>\u00a0N\u00e3o importa a \u00e1rea que seguir, escrever um livro ir\u00e1 levar a carreira a outro patamar. Nesta obra, a jornalista e CEO do Grupo LC, Lilian Cardoso, mergulha nos bastidores da literatura ao marketing digital; prop\u00f5e exerc\u00edcios para tra\u00e7ar a personalidade na escrita e marca pessoal; e todos os outros caminhos para chegar \u00e0 publica\u00e7\u00e3o. Um verdadeiro guia de storytelling e uma aula completa do mercado liter\u00e1rio. (Citadel Grup\u00f3 Editorial) (Onde encontrar:\u00a0<strong><a href=\"https:\/\/www.amazon.com.br\/livro-secreto-do-escritor\/dp\/6550472539\/ref=sr_1_1?adgrpid=152106445578&amp;dib=eyJ2IjoiMSJ9._INu4_2RYfATKeKmvGpArXxRxDdQscpew_wSXKDmjkyAmH99_Gw-7xu2rOFxD4LEqc97rK1NwttmAmie_QFoYgOEC_6uzHcq9k74qy_Lj-bo_959VdUyoewhGcqAB5kNWbyqFP8w5Z3e_kb9Nz4a_AKBvZ-gFcoUVXAO1yeyH6TxQOJrmG-ID9jFsIhLrRsbI1LNWpowNae92cMHMjwLHXCR-R1Yy4DZrskYOGDZzXQ-K059YRXTw67SxLVlcVbPLeyCve_Qi0uuqPaKbdho-8CisqLEJJUxEdCTZ1tGOtM.lWnA0MwpSY_Bc5nXDz_EKixvEKn0f98_-n-DNJ9BVk4&amp;dib_tag=se&amp;gad_source=1&amp;hvadid=664971024930&amp;hvdev=c&amp;hvlocphy=1032141&amp;hvnetw=g&amp;hvqmt=e&amp;hvrand=16174625394489334872&amp;hvtargid=kwd-2217709746901&amp;hydadcr=5728_13215267&amp;keywords=o+livro+secreto+do+escritor&amp;qid=1719836306&amp;sr=8-1\" target=\"_blank\" rel=\"noopener noreferrer\">Amazon<\/a><\/strong>)<\/p>\n<p><strong><img loading=\"lazy\" decoding=\"async\" src=\"https:\/\/files.pressmanager.net\/clientes\/64a8e8d576d3505a7823819ae1fa6eb7\/imagens\/2024\/07\/01\/e1bf9d09ec1bc52bf1cb5c7873f544f0_medium.jpg\" width=\"92\" height=\"135\" align=\"right\" hspace=\"10\" vspace=\"10\" \/>&#8211; O Imortal Machado de Assis \u2013 Autor de Si Mesmo:<\/strong>\u00a0nesta obra de\u00a0<strong>Adelmo Marcos Rossi,<\/strong>\u00a0os leitores compreender\u00e3o como o escritor de \u201cMem\u00f3rias p\u00f3stumas de Br\u00e1s Cubas\u201d (1881) fundou uma esp\u00e9cie de psicologia sob a forma de literatura. Enquanto Sigmund Freud foi fundamental para a \u00e1rea da ci\u00eancia, a obra machadiana pode n\u00e3o ter criado esse instrumental, mas apresentou a psicologia e as tramas da mente por meio da fic\u00e7\u00e3o.\u00a0Com um jeito divertido, ir\u00f4nico e incisivo de escrever, Machado de Assis analisou a sociedade, as emo\u00e7\u00f5es humanas e a complexidade da mente de uma forma t\u00e3o profunda que ele nem sequer poderia imaginar quantos conceitos citados por ele seriam descobertos anos depois por Sigmund Freud. (Onde encontrar:\u00a0<strong><a href=\"https:\/\/amazon.com.br\/Imortal-Machado-Assis-Autor-mesmo\/dp\/6500977262\" target=\"_blank\" rel=\"noopener noreferrer\">Amazon<\/a><\/strong>)<\/p>\n<p>LEIA MAIS<\/p>\n<p><a href=\"https:\/\/redenoticiaz.com.br\/blog\/2024\/07\/07\/5-dicas-de-passeios-diferentes-para-as-ferias-escolares\">5 dicas de passeios diferentes para as f\u00e9rias escolares<\/a><\/p>\n<p><a href=\"https:\/\/redenoticiaz.com.br\/blog\/2023\/07\/16\/5-series-e-filmes-para-maratonar-nas-ferias\">5 s\u00e9ries e filmes para maratonar nas f\u00e9rias<\/a><\/p>\n<p>&nbsp;<\/p>\n<\/div>\n<\/div>\n<p>&nbsp;<\/p>\n","protected":false},"excerpt":{"rendered":"<p>O aprendizado \u00e9 o que h\u00e1 de mais significativo para um ser-humano, ainda mais quando relacionamos a tarefa ao lazer. O h\u00e1bito de ler engaja, amadurece, traz o poder de escolha e de fala, qualidades importantes a serem estimuladas durante o ensino. Diante disso, por que n\u00e3o fazer uma leitura prazerosa nessas f\u00e9rias? E para &hellip;<\/p>\n","protected":false},"author":1,"featured_media":117164,"comment_status":"open","ping_status":"closed","sticky":false,"template":"","format":"standard","meta":{"footnotes":""},"categories":[44],"tags":[9561,40213],"class_list":["post-117163","post","type-post","status-publish","format-standard","has-post-thumbnail","hentry","category-educacao","tag-ferias","tag-livros"],"yoast_head":"<!-- This site is optimized with the Yoast SEO plugin v27.4 - https:\/\/yoast.com\/product\/yoast-seo-wordpress\/ -->\n<title>F\u00e9rias e livros: oito dicas que ir\u00e3o surpreender - Litoral SP<\/title>\n<meta name=\"description\" content=\"O aprendizado \u00e9 o que h\u00e1 de mais significativo para um ser-humano, ainda mais quando relacionamos a tarefa ao lazer.\" \/>\n<meta name=\"robots\" content=\"index, follow, max-snippet:-1, max-image-preview:large, max-video-preview:-1\" \/>\n<link rel=\"canonical\" href=\"https:\/\/redenoticiaz.com.br\/litoralsp\/2024\/07\/13\/ferias-e-livros-oito-dicas-que-irao-surpreender\" \/>\n<meta property=\"og:locale\" content=\"pt_BR\" \/>\n<meta property=\"og:type\" content=\"article\" \/>\n<meta property=\"og:title\" content=\"F\u00e9rias e livros: oito dicas que ir\u00e3o surpreender - Litoral SP\" \/>\n<meta property=\"og:description\" content=\"O aprendizado \u00e9 o que h\u00e1 de mais significativo para um ser-humano, ainda mais quando relacionamos a tarefa ao lazer.\" \/>\n<meta property=\"og:url\" content=\"https:\/\/redenoticiaz.com.br\/litoralsp\/2024\/07\/13\/ferias-e-livros-oito-dicas-que-irao-surpreender\" \/>\n<meta property=\"og:site_name\" content=\"Litoral SP\" \/>\n<meta property=\"article:published_time\" content=\"2024-07-13T16:00:56+00:00\" \/>\n<meta property=\"og:image\" content=\"https:\/\/redenoticiaz.com.br\/litoralsp\/wp-content\/uploads\/sites\/3\/2024\/07\/livros-1280x575-1.jpg?v=1595900288\" \/>\n\t<meta property=\"og:image:width\" content=\"1024\" \/>\n\t<meta property=\"og:image:height\" content=\"460\" \/>\n\t<meta property=\"og:image:type\" content=\"image\/jpeg\" \/>\n<meta name=\"author\" content=\"stella\" \/>\n<meta name=\"twitter:card\" content=\"summary_large_image\" \/>\n<meta name=\"twitter:label1\" content=\"Escrito por\" \/>\n\t<meta name=\"twitter:data1\" content=\"stella\" \/>\n\t<meta name=\"twitter:label2\" content=\"Est. tempo de leitura\" \/>\n\t<meta name=\"twitter:data2\" content=\"6 minutos\" \/>\n<script type=\"application\/ld+json\" class=\"yoast-schema-graph\">{\"@context\":\"https:\\\/\\\/schema.org\",\"@graph\":[{\"@type\":\"Article\",\"@id\":\"https:\\\/\\\/redenoticiaz.com.br\\\/litoralsp\\\/2024\\\/07\\\/13\\\/ferias-e-livros-oito-dicas-que-irao-surpreender#article\",\"isPartOf\":{\"@id\":\"https:\\\/\\\/redenoticiaz.com.br\\\/litoralsp\\\/2024\\\/07\\\/13\\\/ferias-e-livros-oito-dicas-que-irao-surpreender\"},\"author\":{\"name\":\"stella\",\"@id\":\"https:\\\/\\\/redenoticiaz.com.br\\\/litoralsp\\\/#\\\/schema\\\/person\\\/3e761b461b1f72cfcedfedd5918f9409\"},\"headline\":\"F\u00e9rias e livros: oito dicas que ir\u00e3o surpreender\",\"datePublished\":\"2024-07-13T16:00:56+00:00\",\"mainEntityOfPage\":{\"@id\":\"https:\\\/\\\/redenoticiaz.com.br\\\/litoralsp\\\/2024\\\/07\\\/13\\\/ferias-e-livros-oito-dicas-que-irao-surpreender\"},\"wordCount\":821,\"commentCount\":0,\"publisher\":{\"@id\":\"https:\\\/\\\/redenoticiaz.com.br\\\/litoralsp\\\/#organization\"},\"image\":{\"@id\":\"https:\\\/\\\/redenoticiaz.com.br\\\/litoralsp\\\/2024\\\/07\\\/13\\\/ferias-e-livros-oito-dicas-que-irao-surpreender#primaryimage\"},\"thumbnailUrl\":\"https:\\\/\\\/redenoticiaz.com.br\\\/litoralsp\\\/wp-content\\\/uploads\\\/sites\\\/3\\\/2024\\\/07\\\/livros-1280x575-1.jpg?v=1595900288\",\"keywords\":[\"F\u00c9RIAS\",\"LIVROS\"],\"articleSection\":[\"Educa\u00e7\u00e3o\"],\"inLanguage\":\"pt-BR\",\"potentialAction\":[{\"@type\":\"CommentAction\",\"name\":\"Comment\",\"target\":[\"https:\\\/\\\/redenoticiaz.com.br\\\/litoralsp\\\/2024\\\/07\\\/13\\\/ferias-e-livros-oito-dicas-que-irao-surpreender#respond\"]}]},{\"@type\":\"WebPage\",\"@id\":\"https:\\\/\\\/redenoticiaz.com.br\\\/litoralsp\\\/2024\\\/07\\\/13\\\/ferias-e-livros-oito-dicas-que-irao-surpreender\",\"url\":\"https:\\\/\\\/redenoticiaz.com.br\\\/litoralsp\\\/2024\\\/07\\\/13\\\/ferias-e-livros-oito-dicas-que-irao-surpreender\",\"name\":\"F\u00e9rias e livros: oito dicas que ir\u00e3o surpreender - Litoral SP\",\"isPartOf\":{\"@id\":\"https:\\\/\\\/redenoticiaz.com.br\\\/litoralsp\\\/#website\"},\"primaryImageOfPage\":{\"@id\":\"https:\\\/\\\/redenoticiaz.com.br\\\/litoralsp\\\/2024\\\/07\\\/13\\\/ferias-e-livros-oito-dicas-que-irao-surpreender#primaryimage\"},\"image\":{\"@id\":\"https:\\\/\\\/redenoticiaz.com.br\\\/litoralsp\\\/2024\\\/07\\\/13\\\/ferias-e-livros-oito-dicas-que-irao-surpreender#primaryimage\"},\"thumbnailUrl\":\"https:\\\/\\\/redenoticiaz.com.br\\\/litoralsp\\\/wp-content\\\/uploads\\\/sites\\\/3\\\/2024\\\/07\\\/livros-1280x575-1.jpg?v=1595900288\",\"datePublished\":\"2024-07-13T16:00:56+00:00\",\"description\":\"O aprendizado \u00e9 o que h\u00e1 de mais significativo para um ser-humano, ainda mais quando relacionamos a tarefa ao lazer.\",\"inLanguage\":\"pt-BR\",\"potentialAction\":[{\"@type\":\"ReadAction\",\"target\":[\"https:\\\/\\\/redenoticiaz.com.br\\\/litoralsp\\\/2024\\\/07\\\/13\\\/ferias-e-livros-oito-dicas-que-irao-surpreender\"]}]},{\"@type\":\"ImageObject\",\"inLanguage\":\"pt-BR\",\"@id\":\"https:\\\/\\\/redenoticiaz.com.br\\\/litoralsp\\\/2024\\\/07\\\/13\\\/ferias-e-livros-oito-dicas-que-irao-surpreender#primaryimage\",\"url\":\"https:\\\/\\\/redenoticiaz.com.br\\\/litoralsp\\\/wp-content\\\/uploads\\\/sites\\\/3\\\/2024\\\/07\\\/livros-1280x575-1.jpg?v=1595900288\",\"contentUrl\":\"https:\\\/\\\/redenoticiaz.com.br\\\/litoralsp\\\/wp-content\\\/uploads\\\/sites\\\/3\\\/2024\\\/07\\\/livros-1280x575-1.jpg?v=1595900288\",\"width\":1024,\"height\":460,\"caption\":\"Programa\u00e7\u00e3o da Festa Liter\u00e1ria de Jundia\u00ed \u00e9 divulgada\"},{\"@type\":\"WebSite\",\"@id\":\"https:\\\/\\\/redenoticiaz.com.br\\\/litoralsp\\\/#website\",\"url\":\"https:\\\/\\\/redenoticiaz.com.br\\\/litoralsp\\\/\",\"name\":\"Litoral SP\",\"description\":\"Rede NoticiaZ\",\"publisher\":{\"@id\":\"https:\\\/\\\/redenoticiaz.com.br\\\/litoralsp\\\/#organization\"},\"potentialAction\":[{\"@type\":\"SearchAction\",\"target\":{\"@type\":\"EntryPoint\",\"urlTemplate\":\"https:\\\/\\\/redenoticiaz.com.br\\\/litoralsp\\\/?s={search_term_string}\"},\"query-input\":{\"@type\":\"PropertyValueSpecification\",\"valueRequired\":true,\"valueName\":\"search_term_string\"}}],\"inLanguage\":\"pt-BR\"},{\"@type\":\"Organization\",\"@id\":\"https:\\\/\\\/redenoticiaz.com.br\\\/litoralsp\\\/#organization\",\"name\":\"Litoral SP\",\"url\":\"https:\\\/\\\/redenoticiaz.com.br\\\/litoralsp\\\/\",\"logo\":{\"@type\":\"ImageObject\",\"inLanguage\":\"pt-BR\",\"@id\":\"https:\\\/\\\/redenoticiaz.com.br\\\/litoralsp\\\/#\\\/schema\\\/logo\\\/image\\\/\",\"url\":\"https:\\\/\\\/redenoticiaz.com.br\\\/litoralsp\\\/wp-content\\\/uploads\\\/sites\\\/3\\\/2020\\\/11\\\/logo.jpg\",\"contentUrl\":\"https:\\\/\\\/redenoticiaz.com.br\\\/litoralsp\\\/wp-content\\\/uploads\\\/sites\\\/3\\\/2020\\\/11\\\/logo.jpg\",\"width\":400,\"height\":250,\"caption\":\"Litoral SP\"},\"image\":{\"@id\":\"https:\\\/\\\/redenoticiaz.com.br\\\/litoralsp\\\/#\\\/schema\\\/logo\\\/image\\\/\"}},{\"@type\":\"Person\",\"@id\":\"https:\\\/\\\/redenoticiaz.com.br\\\/litoralsp\\\/#\\\/schema\\\/person\\\/3e761b461b1f72cfcedfedd5918f9409\",\"name\":\"stella\",\"image\":{\"@type\":\"ImageObject\",\"inLanguage\":\"pt-BR\",\"@id\":\"https:\\\/\\\/secure.gravatar.com\\\/avatar\\\/2e1fe67365a88f020701193716b43586c28ec28c121e8fbc8548fd0d6e919b7e?s=96&d=mm&r=g\",\"url\":\"https:\\\/\\\/secure.gravatar.com\\\/avatar\\\/2e1fe67365a88f020701193716b43586c28ec28c121e8fbc8548fd0d6e919b7e?s=96&d=mm&r=g\",\"contentUrl\":\"https:\\\/\\\/secure.gravatar.com\\\/avatar\\\/2e1fe67365a88f020701193716b43586c28ec28c121e8fbc8548fd0d6e919b7e?s=96&d=mm&r=g\",\"caption\":\"stella\"},\"url\":\"https:\\\/\\\/redenoticiaz.com.br\\\/litoralsp\\\/author\\\/stella\"}]}<\/script>\n<!-- \/ Yoast SEO plugin. -->","yoast_head_json":{"title":"F\u00e9rias e livros: oito dicas que ir\u00e3o surpreender - Litoral SP","description":"O aprendizado \u00e9 o que h\u00e1 de mais significativo para um ser-humano, ainda mais quando relacionamos a tarefa ao lazer.","robots":{"index":"index","follow":"follow","max-snippet":"max-snippet:-1","max-image-preview":"max-image-preview:large","max-video-preview":"max-video-preview:-1"},"canonical":"https:\/\/redenoticiaz.com.br\/litoralsp\/2024\/07\/13\/ferias-e-livros-oito-dicas-que-irao-surpreender","og_locale":"pt_BR","og_type":"article","og_title":"F\u00e9rias e livros: oito dicas que ir\u00e3o surpreender - Litoral SP","og_description":"O aprendizado \u00e9 o que h\u00e1 de mais significativo para um ser-humano, ainda mais quando relacionamos a tarefa ao lazer.","og_url":"https:\/\/redenoticiaz.com.br\/litoralsp\/2024\/07\/13\/ferias-e-livros-oito-dicas-que-irao-surpreender","og_site_name":"Litoral SP","article_published_time":"2024-07-13T16:00:56+00:00","og_image":[{"width":1024,"height":460,"url":"https:\/\/redenoticiaz.com.br\/litoralsp\/wp-content\/uploads\/sites\/3\/2024\/07\/livros-1280x575-1.jpg?v=1595900288","type":"image\/jpeg"}],"author":"stella","twitter_card":"summary_large_image","twitter_misc":{"Escrito por":"stella","Est. tempo de leitura":"6 minutos"},"schema":{"@context":"https:\/\/schema.org","@graph":[{"@type":"Article","@id":"https:\/\/redenoticiaz.com.br\/litoralsp\/2024\/07\/13\/ferias-e-livros-oito-dicas-que-irao-surpreender#article","isPartOf":{"@id":"https:\/\/redenoticiaz.com.br\/litoralsp\/2024\/07\/13\/ferias-e-livros-oito-dicas-que-irao-surpreender"},"author":{"name":"stella","@id":"https:\/\/redenoticiaz.com.br\/litoralsp\/#\/schema\/person\/3e761b461b1f72cfcedfedd5918f9409"},"headline":"F\u00e9rias e livros: oito dicas que ir\u00e3o surpreender","datePublished":"2024-07-13T16:00:56+00:00","mainEntityOfPage":{"@id":"https:\/\/redenoticiaz.com.br\/litoralsp\/2024\/07\/13\/ferias-e-livros-oito-dicas-que-irao-surpreender"},"wordCount":821,"commentCount":0,"publisher":{"@id":"https:\/\/redenoticiaz.com.br\/litoralsp\/#organization"},"image":{"@id":"https:\/\/redenoticiaz.com.br\/litoralsp\/2024\/07\/13\/ferias-e-livros-oito-dicas-que-irao-surpreender#primaryimage"},"thumbnailUrl":"https:\/\/redenoticiaz.com.br\/litoralsp\/wp-content\/uploads\/sites\/3\/2024\/07\/livros-1280x575-1.jpg?v=1595900288","keywords":["F\u00c9RIAS","LIVROS"],"articleSection":["Educa\u00e7\u00e3o"],"inLanguage":"pt-BR","potentialAction":[{"@type":"CommentAction","name":"Comment","target":["https:\/\/redenoticiaz.com.br\/litoralsp\/2024\/07\/13\/ferias-e-livros-oito-dicas-que-irao-surpreender#respond"]}]},{"@type":"WebPage","@id":"https:\/\/redenoticiaz.com.br\/litoralsp\/2024\/07\/13\/ferias-e-livros-oito-dicas-que-irao-surpreender","url":"https:\/\/redenoticiaz.com.br\/litoralsp\/2024\/07\/13\/ferias-e-livros-oito-dicas-que-irao-surpreender","name":"F\u00e9rias e livros: oito dicas que ir\u00e3o surpreender - Litoral SP","isPartOf":{"@id":"https:\/\/redenoticiaz.com.br\/litoralsp\/#website"},"primaryImageOfPage":{"@id":"https:\/\/redenoticiaz.com.br\/litoralsp\/2024\/07\/13\/ferias-e-livros-oito-dicas-que-irao-surpreender#primaryimage"},"image":{"@id":"https:\/\/redenoticiaz.com.br\/litoralsp\/2024\/07\/13\/ferias-e-livros-oito-dicas-que-irao-surpreender#primaryimage"},"thumbnailUrl":"https:\/\/redenoticiaz.com.br\/litoralsp\/wp-content\/uploads\/sites\/3\/2024\/07\/livros-1280x575-1.jpg?v=1595900288","datePublished":"2024-07-13T16:00:56+00:00","description":"O aprendizado \u00e9 o que h\u00e1 de mais significativo para um ser-humano, ainda mais quando relacionamos a tarefa ao lazer.","inLanguage":"pt-BR","potentialAction":[{"@type":"ReadAction","target":["https:\/\/redenoticiaz.com.br\/litoralsp\/2024\/07\/13\/ferias-e-livros-oito-dicas-que-irao-surpreender"]}]},{"@type":"ImageObject","inLanguage":"pt-BR","@id":"https:\/\/redenoticiaz.com.br\/litoralsp\/2024\/07\/13\/ferias-e-livros-oito-dicas-que-irao-surpreender#primaryimage","url":"https:\/\/redenoticiaz.com.br\/litoralsp\/wp-content\/uploads\/sites\/3\/2024\/07\/livros-1280x575-1.jpg?v=1595900288","contentUrl":"https:\/\/redenoticiaz.com.br\/litoralsp\/wp-content\/uploads\/sites\/3\/2024\/07\/livros-1280x575-1.jpg?v=1595900288","width":1024,"height":460,"caption":"Programa\u00e7\u00e3o da Festa Liter\u00e1ria de Jundia\u00ed \u00e9 divulgada"},{"@type":"WebSite","@id":"https:\/\/redenoticiaz.com.br\/litoralsp\/#website","url":"https:\/\/redenoticiaz.com.br\/litoralsp\/","name":"Litoral SP","description":"Rede NoticiaZ","publisher":{"@id":"https:\/\/redenoticiaz.com.br\/litoralsp\/#organization"},"potentialAction":[{"@type":"SearchAction","target":{"@type":"EntryPoint","urlTemplate":"https:\/\/redenoticiaz.com.br\/litoralsp\/?s={search_term_string}"},"query-input":{"@type":"PropertyValueSpecification","valueRequired":true,"valueName":"search_term_string"}}],"inLanguage":"pt-BR"},{"@type":"Organization","@id":"https:\/\/redenoticiaz.com.br\/litoralsp\/#organization","name":"Litoral SP","url":"https:\/\/redenoticiaz.com.br\/litoralsp\/","logo":{"@type":"ImageObject","inLanguage":"pt-BR","@id":"https:\/\/redenoticiaz.com.br\/litoralsp\/#\/schema\/logo\/image\/","url":"https:\/\/redenoticiaz.com.br\/litoralsp\/wp-content\/uploads\/sites\/3\/2020\/11\/logo.jpg","contentUrl":"https:\/\/redenoticiaz.com.br\/litoralsp\/wp-content\/uploads\/sites\/3\/2020\/11\/logo.jpg","width":400,"height":250,"caption":"Litoral SP"},"image":{"@id":"https:\/\/redenoticiaz.com.br\/litoralsp\/#\/schema\/logo\/image\/"}},{"@type":"Person","@id":"https:\/\/redenoticiaz.com.br\/litoralsp\/#\/schema\/person\/3e761b461b1f72cfcedfedd5918f9409","name":"stella","image":{"@type":"ImageObject","inLanguage":"pt-BR","@id":"https:\/\/secure.gravatar.com\/avatar\/2e1fe67365a88f020701193716b43586c28ec28c121e8fbc8548fd0d6e919b7e?s=96&d=mm&r=g","url":"https:\/\/secure.gravatar.com\/avatar\/2e1fe67365a88f020701193716b43586c28ec28c121e8fbc8548fd0d6e919b7e?s=96&d=mm&r=g","contentUrl":"https:\/\/secure.gravatar.com\/avatar\/2e1fe67365a88f020701193716b43586c28ec28c121e8fbc8548fd0d6e919b7e?s=96&d=mm&r=g","caption":"stella"},"url":"https:\/\/redenoticiaz.com.br\/litoralsp\/author\/stella"}]}},"_links":{"self":[{"href":"https:\/\/redenoticiaz.com.br\/litoralsp\/wp-json\/wp\/v2\/posts\/117163","targetHints":{"allow":["GET"]}}],"collection":[{"href":"https:\/\/redenoticiaz.com.br\/litoralsp\/wp-json\/wp\/v2\/posts"}],"about":[{"href":"https:\/\/redenoticiaz.com.br\/litoralsp\/wp-json\/wp\/v2\/types\/post"}],"author":[{"embeddable":true,"href":"https:\/\/redenoticiaz.com.br\/litoralsp\/wp-json\/wp\/v2\/users\/1"}],"replies":[{"embeddable":true,"href":"https:\/\/redenoticiaz.com.br\/litoralsp\/wp-json\/wp\/v2\/comments?post=117163"}],"version-history":[{"count":1,"href":"https:\/\/redenoticiaz.com.br\/litoralsp\/wp-json\/wp\/v2\/posts\/117163\/revisions"}],"predecessor-version":[{"id":117173,"href":"https:\/\/redenoticiaz.com.br\/litoralsp\/wp-json\/wp\/v2\/posts\/117163\/revisions\/117173"}],"wp:featuredmedia":[{"embeddable":true,"href":"https:\/\/redenoticiaz.com.br\/litoralsp\/wp-json\/wp\/v2\/media\/117164"}],"wp:attachment":[{"href":"https:\/\/redenoticiaz.com.br\/litoralsp\/wp-json\/wp\/v2\/media?parent=117163"}],"wp:term":[{"taxonomy":"category","embeddable":true,"href":"https:\/\/redenoticiaz.com.br\/litoralsp\/wp-json\/wp\/v2\/categories?post=117163"},{"taxonomy":"post_tag","embeddable":true,"href":"https:\/\/redenoticiaz.com.br\/litoralsp\/wp-json\/wp\/v2\/tags?post=117163"}],"curies":[{"name":"wp","href":"https:\/\/api.w.org\/{rel}","templated":true}]}}