{"id":117207,"date":"2024-07-16T18:30:54","date_gmt":"2024-07-16T21:30:54","guid":{"rendered":"https:\/\/redenoticiaz.com.br\/litoralsp\/?p=117207"},"modified":"2024-07-16T17:29:28","modified_gmt":"2024-07-16T20:29:28","slug":"homem-e-preso-apos-agredir-e-arrastar-mulher-na-rodovia-dos-imigrantes","status":"publish","type":"post","link":"https:\/\/redenoticiaz.com.br\/litoralsp\/2024\/07\/16\/homem-e-preso-apos-agredir-e-arrastar-mulher-na-rodovia-dos-imigrantes","title":{"rendered":"Homem \u00e9 preso ap\u00f3s agredir e arrastar mulher na rodovia dos imigrantes"},"content":{"rendered":"<p style=\"margin: 0cm;text-align: justify;background: white\"><span style=\"font-size: 13.0pt;font-family: 'Arial',sans-serif;color: #222545\">Um homem de 31 anos foi preso por tentativa de feminic\u00eddio contra uma mulher de 42 anos, ocorrido na madrugada de ontem, na rodovia dos imigrantes, na altura de s\u00e3o vicente.<\/span><\/p>\n<p>&nbsp;<\/p>\n<p style=\"margin: 0cm;text-align: justify;background: white\"><span style=\"font-size: 13.0pt;font-family: 'Arial',sans-serif;color: #222545\">De acordo com a secretaria de seguran\u00e7a p\u00fablica do estado de s\u00e3o paulo, policias militares realizavam patrulhamento na regi\u00e3o do km 67 da imigrantes quando foram acionados para atender a ocorr\u00eancia.<\/span><\/p>\n<p>&nbsp;<\/p>\n<p style=\"margin: 0cm;text-align: justify;background: white\"><span style=\"font-size: 13.0pt;font-family: 'Arial',sans-serif;color: #222545\">Imagens que circulam nas redes sociais mostram a v\u00edtima sendo arrastada e levando chutes, al\u00e9m de pux\u00f5es de cabelo.<\/span><\/p>\n<p>&nbsp;<\/p>\n<p style=\"margin: 0cm;text-align: justify;background: white\"><span style=\"font-size: 13.0pt;font-family: 'Arial',sans-serif;color: #222545\">As agress\u00f5es cessaram com a chegada de algumas pessoas no acostamento. Ao chegarem no local, os pms avistaram a v\u00edtima desacorda no acostamento com diversos ferimentos.<\/span><\/p>\n<p>&nbsp;<\/p>\n<p style=\"margin: 0cm;text-align: justify;background: white\"><span style=\"font-size: 13.0pt;font-family: 'Arial',sans-serif;color: #222545\">A mulher foi socorrida ao pronto-socorro central, onde permanece internada. O suspeito foi preso em flagrante. A SSP informa que o caso foi registrado como tentativa de feminic\u00eddio na delegacia de s\u00e3o vicente. <\/span><\/p>\n<p>&nbsp;<\/p>\n<p style=\"margin: 0cm;text-align: justify;background: white\"><span style=\"font-size: 13.0pt;font-family: 'Arial',sans-serif;color: #222545\">Leia mais<\/span><\/p>\n<p><a href=\"https:\/\/redenoticiaz.com.br\/litoralsp\/2024\/07\/15\/fim-de-semana-tem-2-salvamentos-e-um-obito-nas-praias-do-litoral-paulista\">Fim de semana tem 2 salvamentos e um \u00f3bito nas praias do litoral paulista<\/a><\/p>\n<p><a href=\"https:\/\/redenoticiaz.com.br\/litoralsp\/2024\/07\/15\/vaga-100-home-office-na-unimed-com-salario-de-r-2-mil\">Vaga 100% home office na Unimed com sal\u00e1rio de R$ 2 mil<\/a><\/p>\n","protected":false},"excerpt":{"rendered":"<p>Um homem de 31 anos foi preso por tentativa de feminic\u00eddio contra uma mulher de 42 anos, ocorrido na madrugada de ontem, na rodovia dos imigrantes, na altura de s\u00e3o vicente. &nbsp; De acordo com a secretaria de seguran\u00e7a p\u00fablica do estado de s\u00e3o paulo, policias militares realizavam patrulhamento na regi\u00e3o do km 67 da &hellip;<\/p>\n","protected":false},"author":12,"featured_media":117208,"comment_status":"open","ping_status":"closed","sticky":false,"template":"","format":"standard","meta":{"footnotes":""},"categories":[10,180],"tags":[31216,986,33],"class_list":["post-117207","post","type-post","status-publish","format-standard","has-post-thumbnail","hentry","category-policia","category-santos","tag-imigrantes","tag-santos","tag-sao-vicente"],"yoast_head":"<!-- This site is optimized with the Yoast SEO plugin v27.4 - https:\/\/yoast.com\/product\/yoast-seo-wordpress\/ -->\n<title>Homem \u00e9 preso ap\u00f3s agredir e arrastar mulher na rodovia dos imigrantes - Litoral SP<\/title>\n<meta name=\"description\" content=\"Um homem de 31 anos foi preso por tentativa de feminic\u00eddio contra uma mulher de 42 anos, ocorrido na madrugada de ontem, na rodovia dos imigrantes, na altura de s\u00e3o vicente.\" \/>\n<meta name=\"robots\" content=\"index, follow, max-snippet:-1, max-image-preview:large, max-video-preview:-1\" \/>\n<link rel=\"canonical\" href=\"https:\/\/redenoticiaz.com.br\/litoralsp\/2024\/07\/16\/homem-e-preso-apos-agredir-e-arrastar-mulher-na-rodovia-dos-imigrantes\" \/>\n<meta property=\"og:locale\" content=\"pt_BR\" \/>\n<meta property=\"og:type\" content=\"article\" \/>\n<meta property=\"og:title\" content=\"Homem \u00e9 preso ap\u00f3s agredir e arrastar mulher na rodovia dos imigrantes - Litoral SP\" \/>\n<meta property=\"og:description\" content=\"Um homem de 31 anos foi preso por tentativa de feminic\u00eddio contra uma mulher de 42 anos, ocorrido na madrugada de ontem, na rodovia dos imigrantes, na altura de s\u00e3o vicente.\" \/>\n<meta property=\"og:url\" content=\"https:\/\/redenoticiaz.com.br\/litoralsp\/2024\/07\/16\/homem-e-preso-apos-agredir-e-arrastar-mulher-na-rodovia-dos-imigrantes\" \/>\n<meta property=\"og:site_name\" content=\"Litoral SP\" \/>\n<meta property=\"article:published_time\" content=\"2024-07-16T21:30:54+00:00\" \/>\n<meta property=\"og:image\" content=\"https:\/\/redenoticiaz.com.br\/litoralsp\/wp-content\/uploads\/sites\/3\/2024\/07\/dfe.jpg\" \/>\n\t<meta property=\"og:image:width\" content=\"566\" \/>\n\t<meta property=\"og:image:height\" content=\"370\" \/>\n\t<meta property=\"og:image:type\" content=\"image\/jpeg\" \/>\n<meta name=\"author\" content=\"Gustavo Silva\" \/>\n<meta name=\"twitter:card\" content=\"summary_large_image\" \/>\n<meta name=\"twitter:label1\" content=\"Escrito por\" \/>\n\t<meta name=\"twitter:data1\" content=\"Gustavo Silva\" \/>\n\t<meta name=\"twitter:label2\" content=\"Est. tempo de leitura\" \/>\n\t<meta name=\"twitter:data2\" content=\"1 minuto\" \/>\n<script type=\"application\/ld+json\" class=\"yoast-schema-graph\">{\"@context\":\"https:\\\/\\\/schema.org\",\"@graph\":[{\"@type\":\"Article\",\"@id\":\"https:\\\/\\\/redenoticiaz.com.br\\\/litoralsp\\\/2024\\\/07\\\/16\\\/homem-e-preso-apos-agredir-e-arrastar-mulher-na-rodovia-dos-imigrantes#article\",\"isPartOf\":{\"@id\":\"https:\\\/\\\/redenoticiaz.com.br\\\/litoralsp\\\/2024\\\/07\\\/16\\\/homem-e-preso-apos-agredir-e-arrastar-mulher-na-rodovia-dos-imigrantes\"},\"author\":{\"name\":\"Gustavo Silva\",\"@id\":\"https:\\\/\\\/redenoticiaz.com.br\\\/litoralsp\\\/#\\\/schema\\\/person\\\/16057b37a3c0ee6b096d7f887c566e2e\"},\"headline\":\"Homem \u00e9 preso ap\u00f3s agredir e arrastar mulher na rodovia dos imigrantes\",\"datePublished\":\"2024-07-16T21:30:54+00:00\",\"mainEntityOfPage\":{\"@id\":\"https:\\\/\\\/redenoticiaz.com.br\\\/litoralsp\\\/2024\\\/07\\\/16\\\/homem-e-preso-apos-agredir-e-arrastar-mulher-na-rodovia-dos-imigrantes\"},\"wordCount\":194,\"commentCount\":0,\"publisher\":{\"@id\":\"https:\\\/\\\/redenoticiaz.com.br\\\/litoralsp\\\/#organization\"},\"image\":{\"@id\":\"https:\\\/\\\/redenoticiaz.com.br\\\/litoralsp\\\/2024\\\/07\\\/16\\\/homem-e-preso-apos-agredir-e-arrastar-mulher-na-rodovia-dos-imigrantes#primaryimage\"},\"thumbnailUrl\":\"https:\\\/\\\/redenoticiaz.com.br\\\/litoralsp\\\/wp-content\\\/uploads\\\/sites\\\/3\\\/2024\\\/07\\\/dfe.jpg\",\"keywords\":[\"IMIGRANTES\",\"Santos\",\"S\u00e3o Vicente\"],\"articleSection\":[\"Pol\u00edcia\",\"Santos\"],\"inLanguage\":\"pt-BR\",\"potentialAction\":[{\"@type\":\"CommentAction\",\"name\":\"Comment\",\"target\":[\"https:\\\/\\\/redenoticiaz.com.br\\\/litoralsp\\\/2024\\\/07\\\/16\\\/homem-e-preso-apos-agredir-e-arrastar-mulher-na-rodovia-dos-imigrantes#respond\"]}]},{\"@type\":\"WebPage\",\"@id\":\"https:\\\/\\\/redenoticiaz.com.br\\\/litoralsp\\\/2024\\\/07\\\/16\\\/homem-e-preso-apos-agredir-e-arrastar-mulher-na-rodovia-dos-imigrantes\",\"url\":\"https:\\\/\\\/redenoticiaz.com.br\\\/litoralsp\\\/2024\\\/07\\\/16\\\/homem-e-preso-apos-agredir-e-arrastar-mulher-na-rodovia-dos-imigrantes\",\"name\":\"Homem \u00e9 preso ap\u00f3s agredir e arrastar mulher na rodovia dos imigrantes - Litoral SP\",\"isPartOf\":{\"@id\":\"https:\\\/\\\/redenoticiaz.com.br\\\/litoralsp\\\/#website\"},\"primaryImageOfPage\":{\"@id\":\"https:\\\/\\\/redenoticiaz.com.br\\\/litoralsp\\\/2024\\\/07\\\/16\\\/homem-e-preso-apos-agredir-e-arrastar-mulher-na-rodovia-dos-imigrantes#primaryimage\"},\"image\":{\"@id\":\"https:\\\/\\\/redenoticiaz.com.br\\\/litoralsp\\\/2024\\\/07\\\/16\\\/homem-e-preso-apos-agredir-e-arrastar-mulher-na-rodovia-dos-imigrantes#primaryimage\"},\"thumbnailUrl\":\"https:\\\/\\\/redenoticiaz.com.br\\\/litoralsp\\\/wp-content\\\/uploads\\\/sites\\\/3\\\/2024\\\/07\\\/dfe.jpg\",\"datePublished\":\"2024-07-16T21:30:54+00:00\",\"description\":\"Um homem de 31 anos foi preso por tentativa de feminic\u00eddio contra uma mulher de 42 anos, ocorrido na madrugada de ontem, na rodovia dos imigrantes, na altura de s\u00e3o vicente.\",\"inLanguage\":\"pt-BR\",\"potentialAction\":[{\"@type\":\"ReadAction\",\"target\":[\"https:\\\/\\\/redenoticiaz.com.br\\\/litoralsp\\\/2024\\\/07\\\/16\\\/homem-e-preso-apos-agredir-e-arrastar-mulher-na-rodovia-dos-imigrantes\"]}]},{\"@type\":\"ImageObject\",\"inLanguage\":\"pt-BR\",\"@id\":\"https:\\\/\\\/redenoticiaz.com.br\\\/litoralsp\\\/2024\\\/07\\\/16\\\/homem-e-preso-apos-agredir-e-arrastar-mulher-na-rodovia-dos-imigrantes#primaryimage\",\"url\":\"https:\\\/\\\/redenoticiaz.com.br\\\/litoralsp\\\/wp-content\\\/uploads\\\/sites\\\/3\\\/2024\\\/07\\\/dfe.jpg\",\"contentUrl\":\"https:\\\/\\\/redenoticiaz.com.br\\\/litoralsp\\\/wp-content\\\/uploads\\\/sites\\\/3\\\/2024\\\/07\\\/dfe.jpg\",\"width\":566,\"height\":370},{\"@type\":\"WebSite\",\"@id\":\"https:\\\/\\\/redenoticiaz.com.br\\\/litoralsp\\\/#website\",\"url\":\"https:\\\/\\\/redenoticiaz.com.br\\\/litoralsp\\\/\",\"name\":\"Litoral SP\",\"description\":\"Rede NoticiaZ\",\"publisher\":{\"@id\":\"https:\\\/\\\/redenoticiaz.com.br\\\/litoralsp\\\/#organization\"},\"potentialAction\":[{\"@type\":\"SearchAction\",\"target\":{\"@type\":\"EntryPoint\",\"urlTemplate\":\"https:\\\/\\\/redenoticiaz.com.br\\\/litoralsp\\\/?s={search_term_string}\"},\"query-input\":{\"@type\":\"PropertyValueSpecification\",\"valueRequired\":true,\"valueName\":\"search_term_string\"}}],\"inLanguage\":\"pt-BR\"},{\"@type\":\"Organization\",\"@id\":\"https:\\\/\\\/redenoticiaz.com.br\\\/litoralsp\\\/#organization\",\"name\":\"Litoral SP\",\"url\":\"https:\\\/\\\/redenoticiaz.com.br\\\/litoralsp\\\/\",\"logo\":{\"@type\":\"ImageObject\",\"inLanguage\":\"pt-BR\",\"@id\":\"https:\\\/\\\/redenoticiaz.com.br\\\/litoralsp\\\/#\\\/schema\\\/logo\\\/image\\\/\",\"url\":\"https:\\\/\\\/redenoticiaz.com.br\\\/litoralsp\\\/wp-content\\\/uploads\\\/sites\\\/3\\\/2020\\\/11\\\/logo.jpg\",\"contentUrl\":\"https:\\\/\\\/redenoticiaz.com.br\\\/litoralsp\\\/wp-content\\\/uploads\\\/sites\\\/3\\\/2020\\\/11\\\/logo.jpg\",\"width\":400,\"height\":250,\"caption\":\"Litoral SP\"},\"image\":{\"@id\":\"https:\\\/\\\/redenoticiaz.com.br\\\/litoralsp\\\/#\\\/schema\\\/logo\\\/image\\\/\"}},{\"@type\":\"Person\",\"@id\":\"https:\\\/\\\/redenoticiaz.com.br\\\/litoralsp\\\/#\\\/schema\\\/person\\\/16057b37a3c0ee6b096d7f887c566e2e\",\"name\":\"Gustavo Silva\",\"image\":{\"@type\":\"ImageObject\",\"inLanguage\":\"pt-BR\",\"@id\":\"https:\\\/\\\/secure.gravatar.com\\\/avatar\\\/3ee4e82f93b26de0a7cf4ea5eb7893da637ed6bb0c9170c58065944c56e28a33?s=96&d=mm&r=g\",\"url\":\"https:\\\/\\\/secure.gravatar.com\\\/avatar\\\/3ee4e82f93b26de0a7cf4ea5eb7893da637ed6bb0c9170c58065944c56e28a33?s=96&d=mm&r=g\",\"contentUrl\":\"https:\\\/\\\/secure.gravatar.com\\\/avatar\\\/3ee4e82f93b26de0a7cf4ea5eb7893da637ed6bb0c9170c58065944c56e28a33?s=96&d=mm&r=g\",\"caption\":\"Gustavo Silva\"},\"url\":\"https:\\\/\\\/redenoticiaz.com.br\\\/litoralsp\\\/author\\\/gustavosilva\"}]}<\/script>\n<!-- \/ Yoast SEO plugin. -->","yoast_head_json":{"title":"Homem \u00e9 preso ap\u00f3s agredir e arrastar mulher na rodovia dos imigrantes - Litoral SP","description":"Um homem de 31 anos foi preso por tentativa de feminic\u00eddio contra uma mulher de 42 anos, ocorrido na madrugada de ontem, na rodovia dos imigrantes, na altura de s\u00e3o vicente.","robots":{"index":"index","follow":"follow","max-snippet":"max-snippet:-1","max-image-preview":"max-image-preview:large","max-video-preview":"max-video-preview:-1"},"canonical":"https:\/\/redenoticiaz.com.br\/litoralsp\/2024\/07\/16\/homem-e-preso-apos-agredir-e-arrastar-mulher-na-rodovia-dos-imigrantes","og_locale":"pt_BR","og_type":"article","og_title":"Homem \u00e9 preso ap\u00f3s agredir e arrastar mulher na rodovia dos imigrantes - Litoral SP","og_description":"Um homem de 31 anos foi preso por tentativa de feminic\u00eddio contra uma mulher de 42 anos, ocorrido na madrugada de ontem, na rodovia dos imigrantes, na altura de s\u00e3o vicente.","og_url":"https:\/\/redenoticiaz.com.br\/litoralsp\/2024\/07\/16\/homem-e-preso-apos-agredir-e-arrastar-mulher-na-rodovia-dos-imigrantes","og_site_name":"Litoral SP","article_published_time":"2024-07-16T21:30:54+00:00","og_image":[{"width":566,"height":370,"url":"https:\/\/redenoticiaz.com.br\/litoralsp\/wp-content\/uploads\/sites\/3\/2024\/07\/dfe.jpg","type":"image\/jpeg"}],"author":"Gustavo Silva","twitter_card":"summary_large_image","twitter_misc":{"Escrito por":"Gustavo Silva","Est. tempo de leitura":"1 minuto"},"schema":{"@context":"https:\/\/schema.org","@graph":[{"@type":"Article","@id":"https:\/\/redenoticiaz.com.br\/litoralsp\/2024\/07\/16\/homem-e-preso-apos-agredir-e-arrastar-mulher-na-rodovia-dos-imigrantes#article","isPartOf":{"@id":"https:\/\/redenoticiaz.com.br\/litoralsp\/2024\/07\/16\/homem-e-preso-apos-agredir-e-arrastar-mulher-na-rodovia-dos-imigrantes"},"author":{"name":"Gustavo Silva","@id":"https:\/\/redenoticiaz.com.br\/litoralsp\/#\/schema\/person\/16057b37a3c0ee6b096d7f887c566e2e"},"headline":"Homem \u00e9 preso ap\u00f3s agredir e arrastar mulher na rodovia dos imigrantes","datePublished":"2024-07-16T21:30:54+00:00","mainEntityOfPage":{"@id":"https:\/\/redenoticiaz.com.br\/litoralsp\/2024\/07\/16\/homem-e-preso-apos-agredir-e-arrastar-mulher-na-rodovia-dos-imigrantes"},"wordCount":194,"commentCount":0,"publisher":{"@id":"https:\/\/redenoticiaz.com.br\/litoralsp\/#organization"},"image":{"@id":"https:\/\/redenoticiaz.com.br\/litoralsp\/2024\/07\/16\/homem-e-preso-apos-agredir-e-arrastar-mulher-na-rodovia-dos-imigrantes#primaryimage"},"thumbnailUrl":"https:\/\/redenoticiaz.com.br\/litoralsp\/wp-content\/uploads\/sites\/3\/2024\/07\/dfe.jpg","keywords":["IMIGRANTES","Santos","S\u00e3o Vicente"],"articleSection":["Pol\u00edcia","Santos"],"inLanguage":"pt-BR","potentialAction":[{"@type":"CommentAction","name":"Comment","target":["https:\/\/redenoticiaz.com.br\/litoralsp\/2024\/07\/16\/homem-e-preso-apos-agredir-e-arrastar-mulher-na-rodovia-dos-imigrantes#respond"]}]},{"@type":"WebPage","@id":"https:\/\/redenoticiaz.com.br\/litoralsp\/2024\/07\/16\/homem-e-preso-apos-agredir-e-arrastar-mulher-na-rodovia-dos-imigrantes","url":"https:\/\/redenoticiaz.com.br\/litoralsp\/2024\/07\/16\/homem-e-preso-apos-agredir-e-arrastar-mulher-na-rodovia-dos-imigrantes","name":"Homem \u00e9 preso ap\u00f3s agredir e arrastar mulher na rodovia dos imigrantes - Litoral SP","isPartOf":{"@id":"https:\/\/redenoticiaz.com.br\/litoralsp\/#website"},"primaryImageOfPage":{"@id":"https:\/\/redenoticiaz.com.br\/litoralsp\/2024\/07\/16\/homem-e-preso-apos-agredir-e-arrastar-mulher-na-rodovia-dos-imigrantes#primaryimage"},"image":{"@id":"https:\/\/redenoticiaz.com.br\/litoralsp\/2024\/07\/16\/homem-e-preso-apos-agredir-e-arrastar-mulher-na-rodovia-dos-imigrantes#primaryimage"},"thumbnailUrl":"https:\/\/redenoticiaz.com.br\/litoralsp\/wp-content\/uploads\/sites\/3\/2024\/07\/dfe.jpg","datePublished":"2024-07-16T21:30:54+00:00","description":"Um homem de 31 anos foi preso por tentativa de feminic\u00eddio contra uma mulher de 42 anos, ocorrido na madrugada de ontem, na rodovia dos imigrantes, na altura de s\u00e3o vicente.","inLanguage":"pt-BR","potentialAction":[{"@type":"ReadAction","target":["https:\/\/redenoticiaz.com.br\/litoralsp\/2024\/07\/16\/homem-e-preso-apos-agredir-e-arrastar-mulher-na-rodovia-dos-imigrantes"]}]},{"@type":"ImageObject","inLanguage":"pt-BR","@id":"https:\/\/redenoticiaz.com.br\/litoralsp\/2024\/07\/16\/homem-e-preso-apos-agredir-e-arrastar-mulher-na-rodovia-dos-imigrantes#primaryimage","url":"https:\/\/redenoticiaz.com.br\/litoralsp\/wp-content\/uploads\/sites\/3\/2024\/07\/dfe.jpg","contentUrl":"https:\/\/redenoticiaz.com.br\/litoralsp\/wp-content\/uploads\/sites\/3\/2024\/07\/dfe.jpg","width":566,"height":370},{"@type":"WebSite","@id":"https:\/\/redenoticiaz.com.br\/litoralsp\/#website","url":"https:\/\/redenoticiaz.com.br\/litoralsp\/","name":"Litoral SP","description":"Rede NoticiaZ","publisher":{"@id":"https:\/\/redenoticiaz.com.br\/litoralsp\/#organization"},"potentialAction":[{"@type":"SearchAction","target":{"@type":"EntryPoint","urlTemplate":"https:\/\/redenoticiaz.com.br\/litoralsp\/?s={search_term_string}"},"query-input":{"@type":"PropertyValueSpecification","valueRequired":true,"valueName":"search_term_string"}}],"inLanguage":"pt-BR"},{"@type":"Organization","@id":"https:\/\/redenoticiaz.com.br\/litoralsp\/#organization","name":"Litoral SP","url":"https:\/\/redenoticiaz.com.br\/litoralsp\/","logo":{"@type":"ImageObject","inLanguage":"pt-BR","@id":"https:\/\/redenoticiaz.com.br\/litoralsp\/#\/schema\/logo\/image\/","url":"https:\/\/redenoticiaz.com.br\/litoralsp\/wp-content\/uploads\/sites\/3\/2020\/11\/logo.jpg","contentUrl":"https:\/\/redenoticiaz.com.br\/litoralsp\/wp-content\/uploads\/sites\/3\/2020\/11\/logo.jpg","width":400,"height":250,"caption":"Litoral SP"},"image":{"@id":"https:\/\/redenoticiaz.com.br\/litoralsp\/#\/schema\/logo\/image\/"}},{"@type":"Person","@id":"https:\/\/redenoticiaz.com.br\/litoralsp\/#\/schema\/person\/16057b37a3c0ee6b096d7f887c566e2e","name":"Gustavo Silva","image":{"@type":"ImageObject","inLanguage":"pt-BR","@id":"https:\/\/secure.gravatar.com\/avatar\/3ee4e82f93b26de0a7cf4ea5eb7893da637ed6bb0c9170c58065944c56e28a33?s=96&d=mm&r=g","url":"https:\/\/secure.gravatar.com\/avatar\/3ee4e82f93b26de0a7cf4ea5eb7893da637ed6bb0c9170c58065944c56e28a33?s=96&d=mm&r=g","contentUrl":"https:\/\/secure.gravatar.com\/avatar\/3ee4e82f93b26de0a7cf4ea5eb7893da637ed6bb0c9170c58065944c56e28a33?s=96&d=mm&r=g","caption":"Gustavo Silva"},"url":"https:\/\/redenoticiaz.com.br\/litoralsp\/author\/gustavosilva"}]}},"_links":{"self":[{"href":"https:\/\/redenoticiaz.com.br\/litoralsp\/wp-json\/wp\/v2\/posts\/117207","targetHints":{"allow":["GET"]}}],"collection":[{"href":"https:\/\/redenoticiaz.com.br\/litoralsp\/wp-json\/wp\/v2\/posts"}],"about":[{"href":"https:\/\/redenoticiaz.com.br\/litoralsp\/wp-json\/wp\/v2\/types\/post"}],"author":[{"embeddable":true,"href":"https:\/\/redenoticiaz.com.br\/litoralsp\/wp-json\/wp\/v2\/users\/12"}],"replies":[{"embeddable":true,"href":"https:\/\/redenoticiaz.com.br\/litoralsp\/wp-json\/wp\/v2\/comments?post=117207"}],"version-history":[{"count":1,"href":"https:\/\/redenoticiaz.com.br\/litoralsp\/wp-json\/wp\/v2\/posts\/117207\/revisions"}],"predecessor-version":[{"id":117209,"href":"https:\/\/redenoticiaz.com.br\/litoralsp\/wp-json\/wp\/v2\/posts\/117207\/revisions\/117209"}],"wp:featuredmedia":[{"embeddable":true,"href":"https:\/\/redenoticiaz.com.br\/litoralsp\/wp-json\/wp\/v2\/media\/117208"}],"wp:attachment":[{"href":"https:\/\/redenoticiaz.com.br\/litoralsp\/wp-json\/wp\/v2\/media?parent=117207"}],"wp:term":[{"taxonomy":"category","embeddable":true,"href":"https:\/\/redenoticiaz.com.br\/litoralsp\/wp-json\/wp\/v2\/categories?post=117207"},{"taxonomy":"post_tag","embeddable":true,"href":"https:\/\/redenoticiaz.com.br\/litoralsp\/wp-json\/wp\/v2\/tags?post=117207"}],"curies":[{"name":"wp","href":"https:\/\/api.w.org\/{rel}","templated":true}]}}