{"id":117222,"date":"2024-07-20T12:00:13","date_gmt":"2024-07-20T15:00:13","guid":{"rendered":"https:\/\/redenoticiaz.com.br\/litoralsp\/?p=117222"},"modified":"2024-07-17T16:57:37","modified_gmt":"2024-07-17T19:57:37","slug":"homem-e-condenado-na-espanha-por-ataques-racistas-a-vini-jr-e-rudiger","status":"publish","type":"post","link":"https:\/\/redenoticiaz.com.br\/litoralsp\/2024\/07\/20\/homem-e-condenado-na-espanha-por-ataques-racistas-a-vini-jr-e-rudiger","title":{"rendered":"Homem \u00e9 condenado na Espanha por ataques racistas a Vini Jr e R\u00fcdiger"},"content":{"rendered":"<p>O Real Madrid divulgou nesta quarta-feira (17) que um homem foi condenado pela Justi\u00e7a da Espanha a oito meses de pris\u00e3o por racismo, ap\u00f3s ter proferido insultos na internet contra o atacante brasileiro Vinicius J\u00fanior e o zagueiro alem\u00e3o Antonio R\u00fcdiger.<\/p>\n<p>De acordo com o clube, a senten\u00e7a do Tribunal de Instru\u00e7\u00e3o n\u00famero 5 de Parla, afirma que o acusado &#8211; cuja identidade n\u00e3o foi revelada \u2013 adotou v\u00e1rios pseud\u00f4nimos para fazer os ataques racistas e insultos contra Vini e R\u00fcdiger no f\u00f3rum da edi\u00e7\u00e3o digital do jornal Marca. Esta \u00e9 a segunda condena\u00e7\u00e3o por racismo na Espanha.<\/p>\n<blockquote><p>\u201cO acusado foi considerado culpado, especificamente, de dois crimes contra a integridade moral cometidos contra Vinicius Junior e Antonio R\u00fcdiger, ambos agravados por terem agido com motiva\u00e7\u00f5es racistas e, no caso de Antonio R\u00fcdiger, tamb\u00e9m desprezando sua religi\u00e3o\u201d, diz um trecho da\u00a0<a href=\"https:\/\/www.realmadrid.com\/es-ES\/noticias\/club\/comunicados\/comunicado-oficial-17-07-2024-sentencia-insultos-racistas\"><strong>nota oficial<\/strong><\/a>\u00a0publicada pelo Real Madrid.<\/p><\/blockquote>\n<div class=\"dnd-widget-wrapper context-cheio_8colunas type-image\">\n<div class=\"dnd-atom-rendered\">\n<div class=\"shadow overflow-hidden rounded-lg d-block w-100\"><img decoding=\"async\" class=\"flex-fill img-cover\" title=\"Reuters\/Thilo Schmuelgen\/Direitos Reservados\" src=\"https:\/\/imagens.ebc.com.br\/y7QEWwLf_JLM_ibNgDDxjPURjmc=\/754x0\/smart\/https:\/\/agenciabrasil.ebc.com.br\/sites\/default\/files\/thumbnails\/image\/2024\/07\/17\/rudiger_real_madrid_zagueiro.jpg?itok=WuU5R8nE\" alt=\"Soccer Football - Euro 2024 - Round of 16 - Germany v Denmark - Dortmund BVB Stadion, Dortmund, Germany - June 29, 2024 Germany's Antonio Rudiger reacts before Germany are awarded a penalty kick following a VAR review REUTERS\/Thilo Schmuelgen\" \/><\/div>\n<\/div>\n<div class=\"dnd-caption-wrapper\">\n<div class=\"meta\">Zagueiro alem\u00e3o Antonio R\u00fcdiger foi alvo de ataques racistas na internet, junto com o brasileiro Vini Jr., protagonizado pelo homem condenado a oito meses de pris\u00e3o por racismo\u00a0&#8211;\u00a0<strong>Reuters\/Thilo Schmuelgen\/Proibida reprodu\u00e7\u00e3o<\/strong><\/div>\n<\/div>\n<\/div>\n<p>Al\u00e9m da pris\u00e3o, o Tribunal proibiu o condenado de participar do f\u00f3rum do jornal por 20 meses. De acordo com a senten\u00e7a, \u201ca suspens\u00e3o da pena de pris\u00e3o ficou sujeita \u00e0 participa\u00e7\u00e3o do acusado em um programa de igualdade de tratamento e n\u00e3o discrimina\u00e7\u00e3o\u201d.<\/p>\n<p><a href=\"https:\/\/agenciabrasil.ebc.com.br\/internacional\/noticia\/2024-06\/espanha-condena-tres-prisao-por-insultos-racistas-contra-vini-jr\"><strong>A primeira condena\u00e7\u00e3o por racismo na Espanha ocorreu no m\u00eas passado,\u00a0<\/strong><\/a>referente ao ataque racista contra Vini Jr no est\u00e1dio Mestalla em maio de 2023, quando o brasileiro foi xingado de \u201cmacaco\u201d durante o confronto entre Real e Val\u00eancia. A Justi\u00e7a condenou tr\u00eas torcedores do Val\u00eancia a oito meses de pris\u00e3o, a pagamento de multas e tamb\u00e9m os proibiu de frequentar est\u00e1dio de futebol por dois anos.<\/p>\n<p>Leia mais<\/p>\n<p style=\"text-align: left\"><a href=\"https:\/\/redenoticiaz.com.br\/blog\/2024\/02\/24\/agressao-e-racismo-em-unidade-de-saude-em-cabreuva\">Agress\u00e3o e racismo em unidade de sa\u00fade em Cabre\u00fava<\/a><\/p>\n<p><a href=\"https:\/\/redenoticiaz.com.br\/blog\/2023\/05\/22\/racismo-o-maior-adversario-de-vini-jr-e-de-toda-sociedade\">Racismo: o maior advers\u00e1rio de Vini Jr. e de toda sociedade<\/a><\/p>\n","protected":false},"excerpt":{"rendered":"<p>O Real Madrid divulgou nesta quarta-feira (17) que um homem foi condenado pela Justi\u00e7a da Espanha a oito meses de pris\u00e3o por racismo, ap\u00f3s ter proferido insultos na internet contra o atacante brasileiro Vinicius J\u00fanior e o zagueiro alem\u00e3o Antonio R\u00fcdiger. De acordo com o clube, a senten\u00e7a do Tribunal de Instru\u00e7\u00e3o n\u00famero 5 de &hellip;<\/p>\n","protected":false},"author":12,"featured_media":110309,"comment_status":"open","ping_status":"closed","sticky":false,"template":"","format":"standard","meta":{"footnotes":""},"categories":[22],"tags":[68443,1665,65761],"class_list":["post-117222","post","type-post","status-publish","format-standard","has-post-thumbnail","hentry","category-justica","tag-futebol-racismo","tag-racismo","tag-vini-jr"],"yoast_head":"<!-- This site is optimized with the Yoast SEO plugin v27.5 - https:\/\/yoast.com\/product\/yoast-seo-wordpress\/ -->\n<title>Homem \u00e9 condenado na Espanha por ataques racistas a Vini Jr e R\u00fcdiger - Litoral SP<\/title>\n<meta name=\"description\" content=\"O Real Madrid divulgou nesta quarta-feira (17) que um homem foi condenado pela Justi\u00e7a da Espanha a oito meses de pris\u00e3o por racismo, ap\u00f3s ter proferido insultos na internet contra o atacante brasileiro Vinicius J\u00fanior e o zagueiro alem\u00e3o Antonio R\u00fcdiger.\" \/>\n<meta name=\"robots\" content=\"index, follow, max-snippet:-1, max-image-preview:large, max-video-preview:-1\" \/>\n<link rel=\"canonical\" href=\"https:\/\/redenoticiaz.com.br\/litoralsp\/2024\/07\/20\/homem-e-condenado-na-espanha-por-ataques-racistas-a-vini-jr-e-rudiger\" \/>\n<meta property=\"og:locale\" content=\"pt_BR\" \/>\n<meta property=\"og:type\" content=\"article\" \/>\n<meta property=\"og:title\" content=\"Homem \u00e9 condenado na Espanha por ataques racistas a Vini Jr e R\u00fcdiger - Litoral SP\" \/>\n<meta property=\"og:description\" content=\"O Real Madrid divulgou nesta quarta-feira (17) que um homem foi condenado pela Justi\u00e7a da Espanha a oito meses de pris\u00e3o por racismo, ap\u00f3s ter proferido insultos na internet contra o atacante brasileiro Vinicius J\u00fanior e o zagueiro alem\u00e3o Antonio R\u00fcdiger.\" \/>\n<meta property=\"og:url\" content=\"https:\/\/redenoticiaz.com.br\/litoralsp\/2024\/07\/20\/homem-e-condenado-na-espanha-por-ataques-racistas-a-vini-jr-e-rudiger\" \/>\n<meta property=\"og:site_name\" content=\"Litoral SP\" \/>\n<meta property=\"article:published_time\" content=\"2024-07-20T15:00:13+00:00\" \/>\n<meta property=\"og:image\" content=\"https:\/\/redenoticiaz.com.br\/litoralsp\/wp-content\/uploads\/sites\/3\/2023\/09\/vini_jr_mundial_de_clubes.jpg?v=1694132945\" \/>\n\t<meta property=\"og:image:width\" content=\"1170\" \/>\n\t<meta property=\"og:image:height\" content=\"700\" \/>\n\t<meta property=\"og:image:type\" content=\"image\/jpeg\" \/>\n<meta name=\"author\" content=\"Gustavo Silva\" \/>\n<meta name=\"twitter:card\" content=\"summary_large_image\" \/>\n<meta name=\"twitter:label1\" content=\"Escrito por\" \/>\n\t<meta name=\"twitter:data1\" content=\"Gustavo Silva\" \/>\n\t<meta name=\"twitter:label2\" content=\"Est. tempo de leitura\" \/>\n\t<meta name=\"twitter:data2\" content=\"2 minutos\" \/>\n<script type=\"application\/ld+json\" class=\"yoast-schema-graph\">{\"@context\":\"https:\\\/\\\/schema.org\",\"@graph\":[{\"@type\":\"Article\",\"@id\":\"https:\\\/\\\/redenoticiaz.com.br\\\/litoralsp\\\/2024\\\/07\\\/20\\\/homem-e-condenado-na-espanha-por-ataques-racistas-a-vini-jr-e-rudiger#article\",\"isPartOf\":{\"@id\":\"https:\\\/\\\/redenoticiaz.com.br\\\/litoralsp\\\/2024\\\/07\\\/20\\\/homem-e-condenado-na-espanha-por-ataques-racistas-a-vini-jr-e-rudiger\"},\"author\":{\"name\":\"Gustavo Silva\",\"@id\":\"https:\\\/\\\/redenoticiaz.com.br\\\/litoralsp\\\/#\\\/schema\\\/person\\\/16057b37a3c0ee6b096d7f887c566e2e\"},\"headline\":\"Homem \u00e9 condenado na Espanha por ataques racistas a Vini Jr e R\u00fcdiger\",\"datePublished\":\"2024-07-20T15:00:13+00:00\",\"mainEntityOfPage\":{\"@id\":\"https:\\\/\\\/redenoticiaz.com.br\\\/litoralsp\\\/2024\\\/07\\\/20\\\/homem-e-condenado-na-espanha-por-ataques-racistas-a-vini-jr-e-rudiger\"},\"wordCount\":367,\"commentCount\":0,\"publisher\":{\"@id\":\"https:\\\/\\\/redenoticiaz.com.br\\\/litoralsp\\\/#organization\"},\"image\":{\"@id\":\"https:\\\/\\\/redenoticiaz.com.br\\\/litoralsp\\\/2024\\\/07\\\/20\\\/homem-e-condenado-na-espanha-por-ataques-racistas-a-vini-jr-e-rudiger#primaryimage\"},\"thumbnailUrl\":\"https:\\\/\\\/redenoticiaz.com.br\\\/litoralsp\\\/wp-content\\\/uploads\\\/sites\\\/3\\\/2023\\\/09\\\/vini_jr_mundial_de_clubes.jpg?v=1694132945\",\"keywords\":[\"futebol racismo\",\"RACISMO\",\"Vini Jr\"],\"articleSection\":[\"Justi\u00e7a\"],\"inLanguage\":\"pt-BR\",\"potentialAction\":[{\"@type\":\"CommentAction\",\"name\":\"Comment\",\"target\":[\"https:\\\/\\\/redenoticiaz.com.br\\\/litoralsp\\\/2024\\\/07\\\/20\\\/homem-e-condenado-na-espanha-por-ataques-racistas-a-vini-jr-e-rudiger#respond\"]}]},{\"@type\":\"WebPage\",\"@id\":\"https:\\\/\\\/redenoticiaz.com.br\\\/litoralsp\\\/2024\\\/07\\\/20\\\/homem-e-condenado-na-espanha-por-ataques-racistas-a-vini-jr-e-rudiger\",\"url\":\"https:\\\/\\\/redenoticiaz.com.br\\\/litoralsp\\\/2024\\\/07\\\/20\\\/homem-e-condenado-na-espanha-por-ataques-racistas-a-vini-jr-e-rudiger\",\"name\":\"Homem \u00e9 condenado na Espanha por ataques racistas a Vini Jr e R\u00fcdiger - Litoral SP\",\"isPartOf\":{\"@id\":\"https:\\\/\\\/redenoticiaz.com.br\\\/litoralsp\\\/#website\"},\"primaryImageOfPage\":{\"@id\":\"https:\\\/\\\/redenoticiaz.com.br\\\/litoralsp\\\/2024\\\/07\\\/20\\\/homem-e-condenado-na-espanha-por-ataques-racistas-a-vini-jr-e-rudiger#primaryimage\"},\"image\":{\"@id\":\"https:\\\/\\\/redenoticiaz.com.br\\\/litoralsp\\\/2024\\\/07\\\/20\\\/homem-e-condenado-na-espanha-por-ataques-racistas-a-vini-jr-e-rudiger#primaryimage\"},\"thumbnailUrl\":\"https:\\\/\\\/redenoticiaz.com.br\\\/litoralsp\\\/wp-content\\\/uploads\\\/sites\\\/3\\\/2023\\\/09\\\/vini_jr_mundial_de_clubes.jpg?v=1694132945\",\"datePublished\":\"2024-07-20T15:00:13+00:00\",\"description\":\"O Real Madrid divulgou nesta quarta-feira (17) que um homem foi condenado pela Justi\u00e7a da Espanha a oito meses de pris\u00e3o por racismo, ap\u00f3s ter proferido insultos na internet contra o atacante brasileiro Vinicius J\u00fanior e o zagueiro alem\u00e3o Antonio R\u00fcdiger.\",\"inLanguage\":\"pt-BR\",\"potentialAction\":[{\"@type\":\"ReadAction\",\"target\":[\"https:\\\/\\\/redenoticiaz.com.br\\\/litoralsp\\\/2024\\\/07\\\/20\\\/homem-e-condenado-na-espanha-por-ataques-racistas-a-vini-jr-e-rudiger\"]}]},{\"@type\":\"ImageObject\",\"inLanguage\":\"pt-BR\",\"@id\":\"https:\\\/\\\/redenoticiaz.com.br\\\/litoralsp\\\/2024\\\/07\\\/20\\\/homem-e-condenado-na-espanha-por-ataques-racistas-a-vini-jr-e-rudiger#primaryimage\",\"url\":\"https:\\\/\\\/redenoticiaz.com.br\\\/litoralsp\\\/wp-content\\\/uploads\\\/sites\\\/3\\\/2023\\\/09\\\/vini_jr_mundial_de_clubes.jpg?v=1694132945\",\"contentUrl\":\"https:\\\/\\\/redenoticiaz.com.br\\\/litoralsp\\\/wp-content\\\/uploads\\\/sites\\\/3\\\/2023\\\/09\\\/vini_jr_mundial_de_clubes.jpg?v=1694132945\",\"width\":1170,\"height\":700,\"caption\":\"Vini Jr e Debinha est\u00e3o entre os finalistas ao pr\u00eamio Bola de Ouro\"},{\"@type\":\"WebSite\",\"@id\":\"https:\\\/\\\/redenoticiaz.com.br\\\/litoralsp\\\/#website\",\"url\":\"https:\\\/\\\/redenoticiaz.com.br\\\/litoralsp\\\/\",\"name\":\"Litoral SP\",\"description\":\"Rede NoticiaZ\",\"publisher\":{\"@id\":\"https:\\\/\\\/redenoticiaz.com.br\\\/litoralsp\\\/#organization\"},\"potentialAction\":[{\"@type\":\"SearchAction\",\"target\":{\"@type\":\"EntryPoint\",\"urlTemplate\":\"https:\\\/\\\/redenoticiaz.com.br\\\/litoralsp\\\/?s={search_term_string}\"},\"query-input\":{\"@type\":\"PropertyValueSpecification\",\"valueRequired\":true,\"valueName\":\"search_term_string\"}}],\"inLanguage\":\"pt-BR\"},{\"@type\":\"Organization\",\"@id\":\"https:\\\/\\\/redenoticiaz.com.br\\\/litoralsp\\\/#organization\",\"name\":\"Litoral SP\",\"url\":\"https:\\\/\\\/redenoticiaz.com.br\\\/litoralsp\\\/\",\"logo\":{\"@type\":\"ImageObject\",\"inLanguage\":\"pt-BR\",\"@id\":\"https:\\\/\\\/redenoticiaz.com.br\\\/litoralsp\\\/#\\\/schema\\\/logo\\\/image\\\/\",\"url\":\"https:\\\/\\\/redenoticiaz.com.br\\\/litoralsp\\\/wp-content\\\/uploads\\\/sites\\\/3\\\/2020\\\/11\\\/logo.jpg\",\"contentUrl\":\"https:\\\/\\\/redenoticiaz.com.br\\\/litoralsp\\\/wp-content\\\/uploads\\\/sites\\\/3\\\/2020\\\/11\\\/logo.jpg\",\"width\":400,\"height\":250,\"caption\":\"Litoral SP\"},\"image\":{\"@id\":\"https:\\\/\\\/redenoticiaz.com.br\\\/litoralsp\\\/#\\\/schema\\\/logo\\\/image\\\/\"}},{\"@type\":\"Person\",\"@id\":\"https:\\\/\\\/redenoticiaz.com.br\\\/litoralsp\\\/#\\\/schema\\\/person\\\/16057b37a3c0ee6b096d7f887c566e2e\",\"name\":\"Gustavo Silva\",\"image\":{\"@type\":\"ImageObject\",\"inLanguage\":\"pt-BR\",\"@id\":\"https:\\\/\\\/secure.gravatar.com\\\/avatar\\\/3ee4e82f93b26de0a7cf4ea5eb7893da637ed6bb0c9170c58065944c56e28a33?s=96&d=mm&r=g\",\"url\":\"https:\\\/\\\/secure.gravatar.com\\\/avatar\\\/3ee4e82f93b26de0a7cf4ea5eb7893da637ed6bb0c9170c58065944c56e28a33?s=96&d=mm&r=g\",\"contentUrl\":\"https:\\\/\\\/secure.gravatar.com\\\/avatar\\\/3ee4e82f93b26de0a7cf4ea5eb7893da637ed6bb0c9170c58065944c56e28a33?s=96&d=mm&r=g\",\"caption\":\"Gustavo Silva\"},\"url\":\"https:\\\/\\\/redenoticiaz.com.br\\\/litoralsp\\\/author\\\/gustavosilva\"}]}<\/script>\n<!-- \/ Yoast SEO plugin. -->","yoast_head_json":{"title":"Homem \u00e9 condenado na Espanha por ataques racistas a Vini Jr e R\u00fcdiger - Litoral SP","description":"O Real Madrid divulgou nesta quarta-feira (17) que um homem foi condenado pela Justi\u00e7a da Espanha a oito meses de pris\u00e3o por racismo, ap\u00f3s ter proferido insultos na internet contra o atacante brasileiro Vinicius J\u00fanior e o zagueiro alem\u00e3o Antonio R\u00fcdiger.","robots":{"index":"index","follow":"follow","max-snippet":"max-snippet:-1","max-image-preview":"max-image-preview:large","max-video-preview":"max-video-preview:-1"},"canonical":"https:\/\/redenoticiaz.com.br\/litoralsp\/2024\/07\/20\/homem-e-condenado-na-espanha-por-ataques-racistas-a-vini-jr-e-rudiger","og_locale":"pt_BR","og_type":"article","og_title":"Homem \u00e9 condenado na Espanha por ataques racistas a Vini Jr e R\u00fcdiger - Litoral SP","og_description":"O Real Madrid divulgou nesta quarta-feira (17) que um homem foi condenado pela Justi\u00e7a da Espanha a oito meses de pris\u00e3o por racismo, ap\u00f3s ter proferido insultos na internet contra o atacante brasileiro Vinicius J\u00fanior e o zagueiro alem\u00e3o Antonio R\u00fcdiger.","og_url":"https:\/\/redenoticiaz.com.br\/litoralsp\/2024\/07\/20\/homem-e-condenado-na-espanha-por-ataques-racistas-a-vini-jr-e-rudiger","og_site_name":"Litoral SP","article_published_time":"2024-07-20T15:00:13+00:00","og_image":[{"width":1170,"height":700,"url":"https:\/\/redenoticiaz.com.br\/litoralsp\/wp-content\/uploads\/sites\/3\/2023\/09\/vini_jr_mundial_de_clubes.jpg?v=1694132945","type":"image\/jpeg"}],"author":"Gustavo Silva","twitter_card":"summary_large_image","twitter_misc":{"Escrito por":"Gustavo Silva","Est. tempo de leitura":"2 minutos"},"schema":{"@context":"https:\/\/schema.org","@graph":[{"@type":"Article","@id":"https:\/\/redenoticiaz.com.br\/litoralsp\/2024\/07\/20\/homem-e-condenado-na-espanha-por-ataques-racistas-a-vini-jr-e-rudiger#article","isPartOf":{"@id":"https:\/\/redenoticiaz.com.br\/litoralsp\/2024\/07\/20\/homem-e-condenado-na-espanha-por-ataques-racistas-a-vini-jr-e-rudiger"},"author":{"name":"Gustavo Silva","@id":"https:\/\/redenoticiaz.com.br\/litoralsp\/#\/schema\/person\/16057b37a3c0ee6b096d7f887c566e2e"},"headline":"Homem \u00e9 condenado na Espanha por ataques racistas a Vini Jr e R\u00fcdiger","datePublished":"2024-07-20T15:00:13+00:00","mainEntityOfPage":{"@id":"https:\/\/redenoticiaz.com.br\/litoralsp\/2024\/07\/20\/homem-e-condenado-na-espanha-por-ataques-racistas-a-vini-jr-e-rudiger"},"wordCount":367,"commentCount":0,"publisher":{"@id":"https:\/\/redenoticiaz.com.br\/litoralsp\/#organization"},"image":{"@id":"https:\/\/redenoticiaz.com.br\/litoralsp\/2024\/07\/20\/homem-e-condenado-na-espanha-por-ataques-racistas-a-vini-jr-e-rudiger#primaryimage"},"thumbnailUrl":"https:\/\/redenoticiaz.com.br\/litoralsp\/wp-content\/uploads\/sites\/3\/2023\/09\/vini_jr_mundial_de_clubes.jpg?v=1694132945","keywords":["futebol racismo","RACISMO","Vini Jr"],"articleSection":["Justi\u00e7a"],"inLanguage":"pt-BR","potentialAction":[{"@type":"CommentAction","name":"Comment","target":["https:\/\/redenoticiaz.com.br\/litoralsp\/2024\/07\/20\/homem-e-condenado-na-espanha-por-ataques-racistas-a-vini-jr-e-rudiger#respond"]}]},{"@type":"WebPage","@id":"https:\/\/redenoticiaz.com.br\/litoralsp\/2024\/07\/20\/homem-e-condenado-na-espanha-por-ataques-racistas-a-vini-jr-e-rudiger","url":"https:\/\/redenoticiaz.com.br\/litoralsp\/2024\/07\/20\/homem-e-condenado-na-espanha-por-ataques-racistas-a-vini-jr-e-rudiger","name":"Homem \u00e9 condenado na Espanha por ataques racistas a Vini Jr e R\u00fcdiger - Litoral SP","isPartOf":{"@id":"https:\/\/redenoticiaz.com.br\/litoralsp\/#website"},"primaryImageOfPage":{"@id":"https:\/\/redenoticiaz.com.br\/litoralsp\/2024\/07\/20\/homem-e-condenado-na-espanha-por-ataques-racistas-a-vini-jr-e-rudiger#primaryimage"},"image":{"@id":"https:\/\/redenoticiaz.com.br\/litoralsp\/2024\/07\/20\/homem-e-condenado-na-espanha-por-ataques-racistas-a-vini-jr-e-rudiger#primaryimage"},"thumbnailUrl":"https:\/\/redenoticiaz.com.br\/litoralsp\/wp-content\/uploads\/sites\/3\/2023\/09\/vini_jr_mundial_de_clubes.jpg?v=1694132945","datePublished":"2024-07-20T15:00:13+00:00","description":"O Real Madrid divulgou nesta quarta-feira (17) que um homem foi condenado pela Justi\u00e7a da Espanha a oito meses de pris\u00e3o por racismo, ap\u00f3s ter proferido insultos na internet contra o atacante brasileiro Vinicius J\u00fanior e o zagueiro alem\u00e3o Antonio R\u00fcdiger.","inLanguage":"pt-BR","potentialAction":[{"@type":"ReadAction","target":["https:\/\/redenoticiaz.com.br\/litoralsp\/2024\/07\/20\/homem-e-condenado-na-espanha-por-ataques-racistas-a-vini-jr-e-rudiger"]}]},{"@type":"ImageObject","inLanguage":"pt-BR","@id":"https:\/\/redenoticiaz.com.br\/litoralsp\/2024\/07\/20\/homem-e-condenado-na-espanha-por-ataques-racistas-a-vini-jr-e-rudiger#primaryimage","url":"https:\/\/redenoticiaz.com.br\/litoralsp\/wp-content\/uploads\/sites\/3\/2023\/09\/vini_jr_mundial_de_clubes.jpg?v=1694132945","contentUrl":"https:\/\/redenoticiaz.com.br\/litoralsp\/wp-content\/uploads\/sites\/3\/2023\/09\/vini_jr_mundial_de_clubes.jpg?v=1694132945","width":1170,"height":700,"caption":"Vini Jr e Debinha est\u00e3o entre os finalistas ao pr\u00eamio Bola de Ouro"},{"@type":"WebSite","@id":"https:\/\/redenoticiaz.com.br\/litoralsp\/#website","url":"https:\/\/redenoticiaz.com.br\/litoralsp\/","name":"Litoral SP","description":"Rede NoticiaZ","publisher":{"@id":"https:\/\/redenoticiaz.com.br\/litoralsp\/#organization"},"potentialAction":[{"@type":"SearchAction","target":{"@type":"EntryPoint","urlTemplate":"https:\/\/redenoticiaz.com.br\/litoralsp\/?s={search_term_string}"},"query-input":{"@type":"PropertyValueSpecification","valueRequired":true,"valueName":"search_term_string"}}],"inLanguage":"pt-BR"},{"@type":"Organization","@id":"https:\/\/redenoticiaz.com.br\/litoralsp\/#organization","name":"Litoral SP","url":"https:\/\/redenoticiaz.com.br\/litoralsp\/","logo":{"@type":"ImageObject","inLanguage":"pt-BR","@id":"https:\/\/redenoticiaz.com.br\/litoralsp\/#\/schema\/logo\/image\/","url":"https:\/\/redenoticiaz.com.br\/litoralsp\/wp-content\/uploads\/sites\/3\/2020\/11\/logo.jpg","contentUrl":"https:\/\/redenoticiaz.com.br\/litoralsp\/wp-content\/uploads\/sites\/3\/2020\/11\/logo.jpg","width":400,"height":250,"caption":"Litoral SP"},"image":{"@id":"https:\/\/redenoticiaz.com.br\/litoralsp\/#\/schema\/logo\/image\/"}},{"@type":"Person","@id":"https:\/\/redenoticiaz.com.br\/litoralsp\/#\/schema\/person\/16057b37a3c0ee6b096d7f887c566e2e","name":"Gustavo Silva","image":{"@type":"ImageObject","inLanguage":"pt-BR","@id":"https:\/\/secure.gravatar.com\/avatar\/3ee4e82f93b26de0a7cf4ea5eb7893da637ed6bb0c9170c58065944c56e28a33?s=96&d=mm&r=g","url":"https:\/\/secure.gravatar.com\/avatar\/3ee4e82f93b26de0a7cf4ea5eb7893da637ed6bb0c9170c58065944c56e28a33?s=96&d=mm&r=g","contentUrl":"https:\/\/secure.gravatar.com\/avatar\/3ee4e82f93b26de0a7cf4ea5eb7893da637ed6bb0c9170c58065944c56e28a33?s=96&d=mm&r=g","caption":"Gustavo Silva"},"url":"https:\/\/redenoticiaz.com.br\/litoralsp\/author\/gustavosilva"}]}},"_links":{"self":[{"href":"https:\/\/redenoticiaz.com.br\/litoralsp\/wp-json\/wp\/v2\/posts\/117222","targetHints":{"allow":["GET"]}}],"collection":[{"href":"https:\/\/redenoticiaz.com.br\/litoralsp\/wp-json\/wp\/v2\/posts"}],"about":[{"href":"https:\/\/redenoticiaz.com.br\/litoralsp\/wp-json\/wp\/v2\/types\/post"}],"author":[{"embeddable":true,"href":"https:\/\/redenoticiaz.com.br\/litoralsp\/wp-json\/wp\/v2\/users\/12"}],"replies":[{"embeddable":true,"href":"https:\/\/redenoticiaz.com.br\/litoralsp\/wp-json\/wp\/v2\/comments?post=117222"}],"version-history":[{"count":1,"href":"https:\/\/redenoticiaz.com.br\/litoralsp\/wp-json\/wp\/v2\/posts\/117222\/revisions"}],"predecessor-version":[{"id":117256,"href":"https:\/\/redenoticiaz.com.br\/litoralsp\/wp-json\/wp\/v2\/posts\/117222\/revisions\/117256"}],"wp:featuredmedia":[{"embeddable":true,"href":"https:\/\/redenoticiaz.com.br\/litoralsp\/wp-json\/wp\/v2\/media\/110309"}],"wp:attachment":[{"href":"https:\/\/redenoticiaz.com.br\/litoralsp\/wp-json\/wp\/v2\/media?parent=117222"}],"wp:term":[{"taxonomy":"category","embeddable":true,"href":"https:\/\/redenoticiaz.com.br\/litoralsp\/wp-json\/wp\/v2\/categories?post=117222"},{"taxonomy":"post_tag","embeddable":true,"href":"https:\/\/redenoticiaz.com.br\/litoralsp\/wp-json\/wp\/v2\/tags?post=117222"}],"curies":[{"name":"wp","href":"https:\/\/api.w.org\/{rel}","templated":true}]}}