{"id":117281,"date":"2024-07-23T13:31:07","date_gmt":"2024-07-23T16:31:07","guid":{"rendered":"https:\/\/redenoticiaz.com.br\/litoralsp\/2024\/07\/23\/unilever-vaga-exclusiva-para-pcd"},"modified":"2024-07-23T13:31:07","modified_gmt":"2024-07-23T16:31:07","slug":"unilever-vaga-exclusiva-para-pcd","status":"publish","type":"post","link":"https:\/\/redenoticiaz.com.br\/litoralsp\/2024\/07\/23\/unilever-vaga-exclusiva-para-pcd","title":{"rendered":"Unilever &#8211; Vaga exclusiva para PCD"},"content":{"rendered":"<p><strong>Unilever<\/strong> valoriza a diversidade e a inclus\u00e3o em nosso ambiente de trabalho. Se voc\u00ea busca uma oportunidade para mostrar seu talento, temos vagas exclusivas para voc\u00ea!<\/p>\n<p><strong>Detalhes da vaga<\/strong><br \/>\nResponsabilidade:Visitas a clientesHabilidade de influ\u00eancia sob o clienteGarantir e manter a limpeza dos refrigeradores nos pontos de vendasManter o layout dos refrigeradores e organiza\u00e7\u00e3o conforme diretriz de execu\u00e7\u00e3o das categorias.Cumprimento todas as normas e regras de seguran\u00e7a estabelecidas.Requisitos:Ensino M\u00e9dio completoDesej\u00e1vel Habilita\u00e7\u00e3o BDesej\u00e1vel experi\u00eancia em vendas ou merchandising<\/p>\n<p><strong>Requisitos<\/strong><br \/>\nEscolaridade min\u00edma<br \/>\nEnsino M\u00e9dio (2o. Grau) completo<\/p>\n<p><a href=\"https:\/\/trabalheconosco.vagas.com.br\/unilever\/oportunidade\/promotor-de-vendas-exclusiva-pcd-sao-paulo\/2657036\" rel=\"noreferrer\">\ud83d\udd17 Inscreva-se Agora!<\/a><\/p>\n<p>A Unilever \u00e9 uma empresa comprometida com a inclus\u00e3o e a valoriza\u00e7\u00e3o de todos os profissionais. Venha fazer parte de uma equipe que acredita no poder da diversidade!<\/p>\n<p>LEIA MAIS<\/p>\n<p><a href=\"https:\/\/redenoticiaz.com.br\/blog\/2024\/07\/22\/prefeitura-lanca-servico-de-acolhimento-emergencial-para-pessoas-em-situacao-de-rua\">Prefeitura lan\u00e7a servi\u00e7o de acolhimento emergencial para pessoas em situa\u00e7\u00e3o de rua<\/a><\/p>\n<p><a href=\"https:\/\/redenoticiaz.com.br\/blog\/2024\/07\/22\/bombeiros-controlam-principio-de-incendio-em-estabelecimento-comercial\">Bombeiros controlam princ\u00edpio de inc\u00eandio em estabelecimento comercial<\/a><\/p>\n","protected":false},"excerpt":{"rendered":"<p>Unilever valoriza a diversidade e a inclus\u00e3o em nosso ambiente de trabalho. Se voc\u00ea busca uma oportunidade para mostrar seu talento, temos vagas exclusivas para voc\u00ea! Detalhes da vaga Responsabilidade:Visitas a clientesHabilidade de influ\u00eancia sob o clienteGarantir e manter a limpeza dos refrigeradores nos pontos de vendasManter o layout dos refrigeradores e organiza\u00e7\u00e3o conforme diretriz &hellip;<\/p>\n","protected":false},"author":30,"featured_media":115787,"comment_status":"open","ping_status":"closed","sticky":false,"template":"","format":"standard","meta":{"footnotes":""},"categories":[67963],"tags":[51240,68433,59141],"class_list":["post-117281","post","type-post","status-publish","format-standard","has-post-thumbnail","hentry","category-emprego","tag-pcd","tag-unilever","tag-vaga"],"yoast_head":"<!-- This site is optimized with the Yoast SEO plugin v27.5 - https:\/\/yoast.com\/product\/yoast-seo-wordpress\/ -->\n<title>Unilever - Vaga exclusiva para PCD - Litoral SP<\/title>\n<meta name=\"description\" content=\"Unilever valoriza a diversidade e a inclus\u00e3o em nosso ambiente de trabalho. Se voc\u00ea busca uma oportunidade para mostrar seu talento, temos vagas exclusivas para voc\u00ea!\" \/>\n<meta name=\"robots\" content=\"index, follow, max-snippet:-1, max-image-preview:large, max-video-preview:-1\" \/>\n<link rel=\"canonical\" href=\"https:\/\/redenoticiaz.com.br\/litoralsp\/2024\/07\/23\/unilever-vaga-exclusiva-para-pcd\" \/>\n<meta property=\"og:locale\" content=\"pt_BR\" \/>\n<meta property=\"og:type\" content=\"article\" \/>\n<meta property=\"og:title\" content=\"Unilever - Vaga exclusiva para PCD - Litoral SP\" \/>\n<meta property=\"og:description\" content=\"Unilever valoriza a diversidade e a inclus\u00e3o em nosso ambiente de trabalho. Se voc\u00ea busca uma oportunidade para mostrar seu talento, temos vagas exclusivas para voc\u00ea!\" \/>\n<meta property=\"og:url\" content=\"https:\/\/redenoticiaz.com.br\/litoralsp\/2024\/07\/23\/unilever-vaga-exclusiva-para-pcd\" \/>\n<meta property=\"og:site_name\" content=\"Litoral SP\" \/>\n<meta property=\"article:published_time\" content=\"2024-07-23T16:31:07+00:00\" \/>\n<meta property=\"og:image\" content=\"https:\/\/redenoticiaz.com.br\/litoralsp\/wp-content\/uploads\/sites\/3\/2024\/04\/Captura-de-tela-2024-04-19-130722.png?v=1713543805\" \/>\n\t<meta property=\"og:image:width\" content=\"413\" \/>\n\t<meta property=\"og:image:height\" content=\"337\" \/>\n\t<meta property=\"og:image:type\" content=\"image\/png\" \/>\n<meta name=\"author\" content=\"Carina Reifonas\" \/>\n<meta name=\"twitter:card\" content=\"summary_large_image\" \/>\n<meta name=\"twitter:label1\" content=\"Escrito por\" \/>\n\t<meta name=\"twitter:data1\" content=\"Carina Reifonas\" \/>\n\t<meta name=\"twitter:label2\" content=\"Est. tempo de leitura\" \/>\n\t<meta name=\"twitter:data2\" content=\"1 minuto\" \/>\n<script type=\"application\/ld+json\" class=\"yoast-schema-graph\">{\"@context\":\"https:\\\/\\\/schema.org\",\"@graph\":[{\"@type\":\"Article\",\"@id\":\"https:\\\/\\\/redenoticiaz.com.br\\\/litoralsp\\\/2024\\\/07\\\/23\\\/unilever-vaga-exclusiva-para-pcd#article\",\"isPartOf\":{\"@id\":\"https:\\\/\\\/redenoticiaz.com.br\\\/litoralsp\\\/2024\\\/07\\\/23\\\/unilever-vaga-exclusiva-para-pcd\"},\"author\":{\"name\":\"Carina Reifonas\",\"@id\":\"https:\\\/\\\/redenoticiaz.com.br\\\/litoralsp\\\/#\\\/schema\\\/person\\\/1f84d6e94e6a62d2d81199d7503e9e90\"},\"headline\":\"Unilever &#8211; Vaga exclusiva para PCD\",\"datePublished\":\"2024-07-23T16:31:07+00:00\",\"mainEntityOfPage\":{\"@id\":\"https:\\\/\\\/redenoticiaz.com.br\\\/litoralsp\\\/2024\\\/07\\\/23\\\/unilever-vaga-exclusiva-para-pcd\"},\"wordCount\":164,\"commentCount\":0,\"publisher\":{\"@id\":\"https:\\\/\\\/redenoticiaz.com.br\\\/litoralsp\\\/#organization\"},\"image\":{\"@id\":\"https:\\\/\\\/redenoticiaz.com.br\\\/litoralsp\\\/2024\\\/07\\\/23\\\/unilever-vaga-exclusiva-para-pcd#primaryimage\"},\"thumbnailUrl\":\"https:\\\/\\\/redenoticiaz.com.br\\\/litoralsp\\\/wp-content\\\/uploads\\\/sites\\\/3\\\/2024\\\/04\\\/Captura-de-tela-2024-04-19-130722.png?v=1713543805\",\"keywords\":[\"PCD\",\"Unilever\",\"VAGA\"],\"articleSection\":[\"Emprego\"],\"inLanguage\":\"pt-BR\",\"potentialAction\":[{\"@type\":\"CommentAction\",\"name\":\"Comment\",\"target\":[\"https:\\\/\\\/redenoticiaz.com.br\\\/litoralsp\\\/2024\\\/07\\\/23\\\/unilever-vaga-exclusiva-para-pcd#respond\"]}]},{\"@type\":\"WebPage\",\"@id\":\"https:\\\/\\\/redenoticiaz.com.br\\\/litoralsp\\\/2024\\\/07\\\/23\\\/unilever-vaga-exclusiva-para-pcd\",\"url\":\"https:\\\/\\\/redenoticiaz.com.br\\\/litoralsp\\\/2024\\\/07\\\/23\\\/unilever-vaga-exclusiva-para-pcd\",\"name\":\"Unilever - Vaga exclusiva para PCD - Litoral SP\",\"isPartOf\":{\"@id\":\"https:\\\/\\\/redenoticiaz.com.br\\\/litoralsp\\\/#website\"},\"primaryImageOfPage\":{\"@id\":\"https:\\\/\\\/redenoticiaz.com.br\\\/litoralsp\\\/2024\\\/07\\\/23\\\/unilever-vaga-exclusiva-para-pcd#primaryimage\"},\"image\":{\"@id\":\"https:\\\/\\\/redenoticiaz.com.br\\\/litoralsp\\\/2024\\\/07\\\/23\\\/unilever-vaga-exclusiva-para-pcd#primaryimage\"},\"thumbnailUrl\":\"https:\\\/\\\/redenoticiaz.com.br\\\/litoralsp\\\/wp-content\\\/uploads\\\/sites\\\/3\\\/2024\\\/04\\\/Captura-de-tela-2024-04-19-130722.png?v=1713543805\",\"datePublished\":\"2024-07-23T16:31:07+00:00\",\"description\":\"Unilever valoriza a diversidade e a inclus\u00e3o em nosso ambiente de trabalho. Se voc\u00ea busca uma oportunidade para mostrar seu talento, temos vagas exclusivas para voc\u00ea!\",\"inLanguage\":\"pt-BR\",\"potentialAction\":[{\"@type\":\"ReadAction\",\"target\":[\"https:\\\/\\\/redenoticiaz.com.br\\\/litoralsp\\\/2024\\\/07\\\/23\\\/unilever-vaga-exclusiva-para-pcd\"]}]},{\"@type\":\"ImageObject\",\"inLanguage\":\"pt-BR\",\"@id\":\"https:\\\/\\\/redenoticiaz.com.br\\\/litoralsp\\\/2024\\\/07\\\/23\\\/unilever-vaga-exclusiva-para-pcd#primaryimage\",\"url\":\"https:\\\/\\\/redenoticiaz.com.br\\\/litoralsp\\\/wp-content\\\/uploads\\\/sites\\\/3\\\/2024\\\/04\\\/Captura-de-tela-2024-04-19-130722.png?v=1713543805\",\"contentUrl\":\"https:\\\/\\\/redenoticiaz.com.br\\\/litoralsp\\\/wp-content\\\/uploads\\\/sites\\\/3\\\/2024\\\/04\\\/Captura-de-tela-2024-04-19-130722.png?v=1713543805\",\"width\":413,\"height\":337},{\"@type\":\"WebSite\",\"@id\":\"https:\\\/\\\/redenoticiaz.com.br\\\/litoralsp\\\/#website\",\"url\":\"https:\\\/\\\/redenoticiaz.com.br\\\/litoralsp\\\/\",\"name\":\"Litoral SP\",\"description\":\"Rede NoticiaZ\",\"publisher\":{\"@id\":\"https:\\\/\\\/redenoticiaz.com.br\\\/litoralsp\\\/#organization\"},\"potentialAction\":[{\"@type\":\"SearchAction\",\"target\":{\"@type\":\"EntryPoint\",\"urlTemplate\":\"https:\\\/\\\/redenoticiaz.com.br\\\/litoralsp\\\/?s={search_term_string}\"},\"query-input\":{\"@type\":\"PropertyValueSpecification\",\"valueRequired\":true,\"valueName\":\"search_term_string\"}}],\"inLanguage\":\"pt-BR\"},{\"@type\":\"Organization\",\"@id\":\"https:\\\/\\\/redenoticiaz.com.br\\\/litoralsp\\\/#organization\",\"name\":\"Litoral SP\",\"url\":\"https:\\\/\\\/redenoticiaz.com.br\\\/litoralsp\\\/\",\"logo\":{\"@type\":\"ImageObject\",\"inLanguage\":\"pt-BR\",\"@id\":\"https:\\\/\\\/redenoticiaz.com.br\\\/litoralsp\\\/#\\\/schema\\\/logo\\\/image\\\/\",\"url\":\"https:\\\/\\\/redenoticiaz.com.br\\\/litoralsp\\\/wp-content\\\/uploads\\\/sites\\\/3\\\/2020\\\/11\\\/logo.jpg\",\"contentUrl\":\"https:\\\/\\\/redenoticiaz.com.br\\\/litoralsp\\\/wp-content\\\/uploads\\\/sites\\\/3\\\/2020\\\/11\\\/logo.jpg\",\"width\":400,\"height\":250,\"caption\":\"Litoral SP\"},\"image\":{\"@id\":\"https:\\\/\\\/redenoticiaz.com.br\\\/litoralsp\\\/#\\\/schema\\\/logo\\\/image\\\/\"}},{\"@type\":\"Person\",\"@id\":\"https:\\\/\\\/redenoticiaz.com.br\\\/litoralsp\\\/#\\\/schema\\\/person\\\/1f84d6e94e6a62d2d81199d7503e9e90\",\"name\":\"Carina Reifonas\",\"image\":{\"@type\":\"ImageObject\",\"inLanguage\":\"pt-BR\",\"@id\":\"https:\\\/\\\/secure.gravatar.com\\\/avatar\\\/04c59859b23696cf867715880f81d5c037e60109730bdb4e6670ec2a2245bc97?s=96&d=mm&r=g\",\"url\":\"https:\\\/\\\/secure.gravatar.com\\\/avatar\\\/04c59859b23696cf867715880f81d5c037e60109730bdb4e6670ec2a2245bc97?s=96&d=mm&r=g\",\"contentUrl\":\"https:\\\/\\\/secure.gravatar.com\\\/avatar\\\/04c59859b23696cf867715880f81d5c037e60109730bdb4e6670ec2a2245bc97?s=96&d=mm&r=g\",\"caption\":\"Carina Reifonas\"},\"url\":\"https:\\\/\\\/redenoticiaz.com.br\\\/litoralsp\\\/author\\\/carinareifonas\"}]}<\/script>\n<!-- \/ Yoast SEO plugin. -->","yoast_head_json":{"title":"Unilever - Vaga exclusiva para PCD - Litoral SP","description":"Unilever valoriza a diversidade e a inclus\u00e3o em nosso ambiente de trabalho. Se voc\u00ea busca uma oportunidade para mostrar seu talento, temos vagas exclusivas para voc\u00ea!","robots":{"index":"index","follow":"follow","max-snippet":"max-snippet:-1","max-image-preview":"max-image-preview:large","max-video-preview":"max-video-preview:-1"},"canonical":"https:\/\/redenoticiaz.com.br\/litoralsp\/2024\/07\/23\/unilever-vaga-exclusiva-para-pcd","og_locale":"pt_BR","og_type":"article","og_title":"Unilever - Vaga exclusiva para PCD - Litoral SP","og_description":"Unilever valoriza a diversidade e a inclus\u00e3o em nosso ambiente de trabalho. Se voc\u00ea busca uma oportunidade para mostrar seu talento, temos vagas exclusivas para voc\u00ea!","og_url":"https:\/\/redenoticiaz.com.br\/litoralsp\/2024\/07\/23\/unilever-vaga-exclusiva-para-pcd","og_site_name":"Litoral SP","article_published_time":"2024-07-23T16:31:07+00:00","og_image":[{"width":413,"height":337,"url":"https:\/\/redenoticiaz.com.br\/litoralsp\/wp-content\/uploads\/sites\/3\/2024\/04\/Captura-de-tela-2024-04-19-130722.png?v=1713543805","type":"image\/png"}],"author":"Carina Reifonas","twitter_card":"summary_large_image","twitter_misc":{"Escrito por":"Carina Reifonas","Est. tempo de leitura":"1 minuto"},"schema":{"@context":"https:\/\/schema.org","@graph":[{"@type":"Article","@id":"https:\/\/redenoticiaz.com.br\/litoralsp\/2024\/07\/23\/unilever-vaga-exclusiva-para-pcd#article","isPartOf":{"@id":"https:\/\/redenoticiaz.com.br\/litoralsp\/2024\/07\/23\/unilever-vaga-exclusiva-para-pcd"},"author":{"name":"Carina Reifonas","@id":"https:\/\/redenoticiaz.com.br\/litoralsp\/#\/schema\/person\/1f84d6e94e6a62d2d81199d7503e9e90"},"headline":"Unilever &#8211; Vaga exclusiva para PCD","datePublished":"2024-07-23T16:31:07+00:00","mainEntityOfPage":{"@id":"https:\/\/redenoticiaz.com.br\/litoralsp\/2024\/07\/23\/unilever-vaga-exclusiva-para-pcd"},"wordCount":164,"commentCount":0,"publisher":{"@id":"https:\/\/redenoticiaz.com.br\/litoralsp\/#organization"},"image":{"@id":"https:\/\/redenoticiaz.com.br\/litoralsp\/2024\/07\/23\/unilever-vaga-exclusiva-para-pcd#primaryimage"},"thumbnailUrl":"https:\/\/redenoticiaz.com.br\/litoralsp\/wp-content\/uploads\/sites\/3\/2024\/04\/Captura-de-tela-2024-04-19-130722.png?v=1713543805","keywords":["PCD","Unilever","VAGA"],"articleSection":["Emprego"],"inLanguage":"pt-BR","potentialAction":[{"@type":"CommentAction","name":"Comment","target":["https:\/\/redenoticiaz.com.br\/litoralsp\/2024\/07\/23\/unilever-vaga-exclusiva-para-pcd#respond"]}]},{"@type":"WebPage","@id":"https:\/\/redenoticiaz.com.br\/litoralsp\/2024\/07\/23\/unilever-vaga-exclusiva-para-pcd","url":"https:\/\/redenoticiaz.com.br\/litoralsp\/2024\/07\/23\/unilever-vaga-exclusiva-para-pcd","name":"Unilever - Vaga exclusiva para PCD - Litoral SP","isPartOf":{"@id":"https:\/\/redenoticiaz.com.br\/litoralsp\/#website"},"primaryImageOfPage":{"@id":"https:\/\/redenoticiaz.com.br\/litoralsp\/2024\/07\/23\/unilever-vaga-exclusiva-para-pcd#primaryimage"},"image":{"@id":"https:\/\/redenoticiaz.com.br\/litoralsp\/2024\/07\/23\/unilever-vaga-exclusiva-para-pcd#primaryimage"},"thumbnailUrl":"https:\/\/redenoticiaz.com.br\/litoralsp\/wp-content\/uploads\/sites\/3\/2024\/04\/Captura-de-tela-2024-04-19-130722.png?v=1713543805","datePublished":"2024-07-23T16:31:07+00:00","description":"Unilever valoriza a diversidade e a inclus\u00e3o em nosso ambiente de trabalho. Se voc\u00ea busca uma oportunidade para mostrar seu talento, temos vagas exclusivas para voc\u00ea!","inLanguage":"pt-BR","potentialAction":[{"@type":"ReadAction","target":["https:\/\/redenoticiaz.com.br\/litoralsp\/2024\/07\/23\/unilever-vaga-exclusiva-para-pcd"]}]},{"@type":"ImageObject","inLanguage":"pt-BR","@id":"https:\/\/redenoticiaz.com.br\/litoralsp\/2024\/07\/23\/unilever-vaga-exclusiva-para-pcd#primaryimage","url":"https:\/\/redenoticiaz.com.br\/litoralsp\/wp-content\/uploads\/sites\/3\/2024\/04\/Captura-de-tela-2024-04-19-130722.png?v=1713543805","contentUrl":"https:\/\/redenoticiaz.com.br\/litoralsp\/wp-content\/uploads\/sites\/3\/2024\/04\/Captura-de-tela-2024-04-19-130722.png?v=1713543805","width":413,"height":337},{"@type":"WebSite","@id":"https:\/\/redenoticiaz.com.br\/litoralsp\/#website","url":"https:\/\/redenoticiaz.com.br\/litoralsp\/","name":"Litoral SP","description":"Rede NoticiaZ","publisher":{"@id":"https:\/\/redenoticiaz.com.br\/litoralsp\/#organization"},"potentialAction":[{"@type":"SearchAction","target":{"@type":"EntryPoint","urlTemplate":"https:\/\/redenoticiaz.com.br\/litoralsp\/?s={search_term_string}"},"query-input":{"@type":"PropertyValueSpecification","valueRequired":true,"valueName":"search_term_string"}}],"inLanguage":"pt-BR"},{"@type":"Organization","@id":"https:\/\/redenoticiaz.com.br\/litoralsp\/#organization","name":"Litoral SP","url":"https:\/\/redenoticiaz.com.br\/litoralsp\/","logo":{"@type":"ImageObject","inLanguage":"pt-BR","@id":"https:\/\/redenoticiaz.com.br\/litoralsp\/#\/schema\/logo\/image\/","url":"https:\/\/redenoticiaz.com.br\/litoralsp\/wp-content\/uploads\/sites\/3\/2020\/11\/logo.jpg","contentUrl":"https:\/\/redenoticiaz.com.br\/litoralsp\/wp-content\/uploads\/sites\/3\/2020\/11\/logo.jpg","width":400,"height":250,"caption":"Litoral SP"},"image":{"@id":"https:\/\/redenoticiaz.com.br\/litoralsp\/#\/schema\/logo\/image\/"}},{"@type":"Person","@id":"https:\/\/redenoticiaz.com.br\/litoralsp\/#\/schema\/person\/1f84d6e94e6a62d2d81199d7503e9e90","name":"Carina Reifonas","image":{"@type":"ImageObject","inLanguage":"pt-BR","@id":"https:\/\/secure.gravatar.com\/avatar\/04c59859b23696cf867715880f81d5c037e60109730bdb4e6670ec2a2245bc97?s=96&d=mm&r=g","url":"https:\/\/secure.gravatar.com\/avatar\/04c59859b23696cf867715880f81d5c037e60109730bdb4e6670ec2a2245bc97?s=96&d=mm&r=g","contentUrl":"https:\/\/secure.gravatar.com\/avatar\/04c59859b23696cf867715880f81d5c037e60109730bdb4e6670ec2a2245bc97?s=96&d=mm&r=g","caption":"Carina Reifonas"},"url":"https:\/\/redenoticiaz.com.br\/litoralsp\/author\/carinareifonas"}]}},"_links":{"self":[{"href":"https:\/\/redenoticiaz.com.br\/litoralsp\/wp-json\/wp\/v2\/posts\/117281","targetHints":{"allow":["GET"]}}],"collection":[{"href":"https:\/\/redenoticiaz.com.br\/litoralsp\/wp-json\/wp\/v2\/posts"}],"about":[{"href":"https:\/\/redenoticiaz.com.br\/litoralsp\/wp-json\/wp\/v2\/types\/post"}],"author":[{"embeddable":true,"href":"https:\/\/redenoticiaz.com.br\/litoralsp\/wp-json\/wp\/v2\/users\/30"}],"replies":[{"embeddable":true,"href":"https:\/\/redenoticiaz.com.br\/litoralsp\/wp-json\/wp\/v2\/comments?post=117281"}],"version-history":[{"count":0,"href":"https:\/\/redenoticiaz.com.br\/litoralsp\/wp-json\/wp\/v2\/posts\/117281\/revisions"}],"wp:featuredmedia":[{"embeddable":true,"href":"https:\/\/redenoticiaz.com.br\/litoralsp\/wp-json\/wp\/v2\/media\/115787"}],"wp:attachment":[{"href":"https:\/\/redenoticiaz.com.br\/litoralsp\/wp-json\/wp\/v2\/media?parent=117281"}],"wp:term":[{"taxonomy":"category","embeddable":true,"href":"https:\/\/redenoticiaz.com.br\/litoralsp\/wp-json\/wp\/v2\/categories?post=117281"},{"taxonomy":"post_tag","embeddable":true,"href":"https:\/\/redenoticiaz.com.br\/litoralsp\/wp-json\/wp\/v2\/tags?post=117281"}],"curies":[{"name":"wp","href":"https:\/\/api.w.org\/{rel}","templated":true}]}}