{"id":117282,"date":"2024-07-23T18:00:41","date_gmt":"2024-07-23T21:00:41","guid":{"rendered":"https:\/\/redenoticiaz.com.br\/litoralsp\/?p=117282"},"modified":"2024-07-23T16:09:25","modified_gmt":"2024-07-23T19:09:25","slug":"escolas-de-samba-de-santos-repartirao-verba-de-r-24-milhoes-para-o-carnaval-2025","status":"publish","type":"post","link":"https:\/\/redenoticiaz.com.br\/litoralsp\/2024\/07\/23\/escolas-de-samba-de-santos-repartirao-verba-de-r-24-milhoes-para-o-carnaval-2025","title":{"rendered":"Escolas de samba de Santos repartir\u00e3o verba de R$ 2,4 milh\u00f5es para o Carnaval 2025"},"content":{"rendered":"<p>A prefeitura de santos repartir\u00e1 uma subven\u00e7\u00e3o de cerca de r$ 2,4 milh\u00f5es para as 15 escolas de samba que desfilar\u00e3o no carnaval de 2025, entre os dias 21 e 22 de fevereiro.<\/p>\n<p>De acordo com o decreto publicado ontem no di\u00e1rio oficial, as agremia\u00e7\u00f5es ter\u00e3o at\u00e9 o pr\u00f3ximo dia 29 para apresentar os respectivos planos de trabalho, documentos e certid\u00f5es exigidas pela administra\u00e7\u00e3o municipal para solicita\u00e7\u00e3o do termo de fomento.<\/p>\n<p>Do montante total, r$ 216 mil ser\u00e3o destinados para cada escola do grupo especial, sendo elas: bandeirantes do sabo\u00f3, mocidade amazonense, x-9, real mocidade, independ\u00eancia, unidos dos morros, uni\u00e3o imperial e sangue jovem.<\/p>\n<p>J\u00e1 as escolas imperatriz alvinegra, vila mathias, zona noroeste, brasil, drag\u00f5es do castelo, padre paulo e imp\u00e9rio da vila, do grupo de acesso, receber\u00e3o r$ 108 mil.<\/p>\n<p>Os repasses, que dever\u00e3o ser pagos em parcela \u00fanica, aumentaram em 20% na compara\u00e7\u00e3o com a \u00faltima edi\u00e7\u00e3o, quando as escolas da elite garantiram r$ 180 mil e as do acesso r$ 90 mil.<\/p>\n<p>Leia mais<\/p>\n<p><a href=\"https:\/\/redenoticiaz.com.br\/litoralsp\/2024\/07\/22\/homem-e-preso-com-crack-supermaconha-e-replica-de-fuzil-em-itanhaem\">Homem \u00e9 preso com crack, \u201csupermaconha\u201d e r\u00e9plica de fuzil em Itanha\u00e9m<\/a><\/p>\n<p><a href=\"https:\/\/redenoticiaz.com.br\/litoralsp\/2024\/07\/22\/atrasos-no-abastecimento-no-porto-de-santos-geram-reclamacoes-de-prejuizo-de-r-28-milhoes-petrobras-nega\">Atrasos no abastecimento no porto de Santos geram reclama\u00e7\u00f5es de preju\u00edzo de r$ 28 milh\u00f5es; petrobras nega<\/a><\/p>\n","protected":false},"excerpt":{"rendered":"<p>A prefeitura de santos repartir\u00e1 uma subven\u00e7\u00e3o de cerca de r$ 2,4 milh\u00f5es para as 15 escolas de samba que desfilar\u00e3o no carnaval de 2025, entre os dias 21 e 22 de fevereiro. De acordo com o decreto publicado ontem no di\u00e1rio oficial, as agremia\u00e7\u00f5es ter\u00e3o at\u00e9 o pr\u00f3ximo dia 29 para apresentar os respectivos &hellip;<\/p>\n","protected":false},"author":12,"featured_media":100766,"comment_status":"open","ping_status":"closed","sticky":false,"template":"","format":"standard","meta":{"footnotes":""},"categories":[2001,180],"tags":[10252,988,986],"class_list":["post-117282","post","type-post","status-publish","format-standard","has-post-thumbnail","hentry","category-cultura-e-musica","category-santos","tag-carnaval","tag-prefeitura","tag-santos"],"yoast_head":"<!-- This site is optimized with the Yoast SEO plugin v27.5 - https:\/\/yoast.com\/product\/yoast-seo-wordpress\/ -->\n<title>Escolas de samba de Santos repartir\u00e3o verba de R$ 2,4 milh\u00f5es para o Carnaval 2025 - Litoral SP<\/title>\n<meta name=\"description\" content=\"A prefeitura de santos repartir\u00e1 uma subven\u00e7\u00e3o de cerca de r$ 2,4 milh\u00f5es para as 15 escolas de samba que desfilar\u00e3o no carnaval de 2025, entre os dias 21 e 22 de fevereiro.\" \/>\n<meta name=\"robots\" content=\"index, follow, max-snippet:-1, max-image-preview:large, max-video-preview:-1\" \/>\n<link rel=\"canonical\" href=\"https:\/\/redenoticiaz.com.br\/litoralsp\/2024\/07\/23\/escolas-de-samba-de-santos-repartirao-verba-de-r-24-milhoes-para-o-carnaval-2025\" \/>\n<meta property=\"og:locale\" content=\"pt_BR\" \/>\n<meta property=\"og:type\" content=\"article\" \/>\n<meta property=\"og:title\" content=\"Escolas de samba de Santos repartir\u00e3o verba de R$ 2,4 milh\u00f5es para o Carnaval 2025 - Litoral SP\" \/>\n<meta property=\"og:description\" content=\"A prefeitura de santos repartir\u00e1 uma subven\u00e7\u00e3o de cerca de r$ 2,4 milh\u00f5es para as 15 escolas de samba que desfilar\u00e3o no carnaval de 2025, entre os dias 21 e 22 de fevereiro.\" \/>\n<meta property=\"og:url\" content=\"https:\/\/redenoticiaz.com.br\/litoralsp\/2024\/07\/23\/escolas-de-samba-de-santos-repartirao-verba-de-r-24-milhoes-para-o-carnaval-2025\" \/>\n<meta property=\"og:site_name\" content=\"Litoral SP\" \/>\n<meta property=\"article:published_time\" content=\"2024-07-23T21:00:41+00:00\" \/>\n<meta property=\"og:image\" content=\"https:\/\/redenoticiaz.com.br\/litoralsp\/wp-content\/uploads\/sites\/3\/2023\/02\/unidos-2.jpg\" \/>\n\t<meta property=\"og:image:width\" content=\"895\" \/>\n\t<meta property=\"og:image:height\" content=\"598\" \/>\n\t<meta property=\"og:image:type\" content=\"image\/jpeg\" \/>\n<meta name=\"author\" content=\"Gustavo Silva\" \/>\n<meta name=\"twitter:card\" content=\"summary_large_image\" \/>\n<meta name=\"twitter:label1\" content=\"Escrito por\" \/>\n\t<meta name=\"twitter:data1\" content=\"Gustavo Silva\" \/>\n\t<meta name=\"twitter:label2\" content=\"Est. tempo de leitura\" \/>\n\t<meta name=\"twitter:data2\" content=\"2 minutos\" \/>\n<script type=\"application\/ld+json\" class=\"yoast-schema-graph\">{\"@context\":\"https:\\\/\\\/schema.org\",\"@graph\":[{\"@type\":\"Article\",\"@id\":\"https:\\\/\\\/redenoticiaz.com.br\\\/litoralsp\\\/2024\\\/07\\\/23\\\/escolas-de-samba-de-santos-repartirao-verba-de-r-24-milhoes-para-o-carnaval-2025#article\",\"isPartOf\":{\"@id\":\"https:\\\/\\\/redenoticiaz.com.br\\\/litoralsp\\\/2024\\\/07\\\/23\\\/escolas-de-samba-de-santos-repartirao-verba-de-r-24-milhoes-para-o-carnaval-2025\"},\"author\":{\"name\":\"Gustavo Silva\",\"@id\":\"https:\\\/\\\/redenoticiaz.com.br\\\/litoralsp\\\/#\\\/schema\\\/person\\\/16057b37a3c0ee6b096d7f887c566e2e\"},\"headline\":\"Escolas de samba de Santos repartir\u00e3o verba de R$ 2,4 milh\u00f5es para o Carnaval 2025\",\"datePublished\":\"2024-07-23T21:00:41+00:00\",\"mainEntityOfPage\":{\"@id\":\"https:\\\/\\\/redenoticiaz.com.br\\\/litoralsp\\\/2024\\\/07\\\/23\\\/escolas-de-samba-de-santos-repartirao-verba-de-r-24-milhoes-para-o-carnaval-2025\"},\"wordCount\":222,\"commentCount\":0,\"publisher\":{\"@id\":\"https:\\\/\\\/redenoticiaz.com.br\\\/litoralsp\\\/#organization\"},\"image\":{\"@id\":\"https:\\\/\\\/redenoticiaz.com.br\\\/litoralsp\\\/2024\\\/07\\\/23\\\/escolas-de-samba-de-santos-repartirao-verba-de-r-24-milhoes-para-o-carnaval-2025#primaryimage\"},\"thumbnailUrl\":\"https:\\\/\\\/redenoticiaz.com.br\\\/litoralsp\\\/wp-content\\\/uploads\\\/sites\\\/3\\\/2023\\\/02\\\/unidos-2.jpg\",\"keywords\":[\"CARNAVAL\",\"PREFEITURA\",\"Santos\"],\"articleSection\":[\"Cultura e M\u00fasica\",\"Santos\"],\"inLanguage\":\"pt-BR\",\"potentialAction\":[{\"@type\":\"CommentAction\",\"name\":\"Comment\",\"target\":[\"https:\\\/\\\/redenoticiaz.com.br\\\/litoralsp\\\/2024\\\/07\\\/23\\\/escolas-de-samba-de-santos-repartirao-verba-de-r-24-milhoes-para-o-carnaval-2025#respond\"]}]},{\"@type\":\"WebPage\",\"@id\":\"https:\\\/\\\/redenoticiaz.com.br\\\/litoralsp\\\/2024\\\/07\\\/23\\\/escolas-de-samba-de-santos-repartirao-verba-de-r-24-milhoes-para-o-carnaval-2025\",\"url\":\"https:\\\/\\\/redenoticiaz.com.br\\\/litoralsp\\\/2024\\\/07\\\/23\\\/escolas-de-samba-de-santos-repartirao-verba-de-r-24-milhoes-para-o-carnaval-2025\",\"name\":\"Escolas de samba de Santos repartir\u00e3o verba de R$ 2,4 milh\u00f5es para o Carnaval 2025 - Litoral SP\",\"isPartOf\":{\"@id\":\"https:\\\/\\\/redenoticiaz.com.br\\\/litoralsp\\\/#website\"},\"primaryImageOfPage\":{\"@id\":\"https:\\\/\\\/redenoticiaz.com.br\\\/litoralsp\\\/2024\\\/07\\\/23\\\/escolas-de-samba-de-santos-repartirao-verba-de-r-24-milhoes-para-o-carnaval-2025#primaryimage\"},\"image\":{\"@id\":\"https:\\\/\\\/redenoticiaz.com.br\\\/litoralsp\\\/2024\\\/07\\\/23\\\/escolas-de-samba-de-santos-repartirao-verba-de-r-24-milhoes-para-o-carnaval-2025#primaryimage\"},\"thumbnailUrl\":\"https:\\\/\\\/redenoticiaz.com.br\\\/litoralsp\\\/wp-content\\\/uploads\\\/sites\\\/3\\\/2023\\\/02\\\/unidos-2.jpg\",\"datePublished\":\"2024-07-23T21:00:41+00:00\",\"description\":\"A prefeitura de santos repartir\u00e1 uma subven\u00e7\u00e3o de cerca de r$ 2,4 milh\u00f5es para as 15 escolas de samba que desfilar\u00e3o no carnaval de 2025, entre os dias 21 e 22 de fevereiro.\",\"inLanguage\":\"pt-BR\",\"potentialAction\":[{\"@type\":\"ReadAction\",\"target\":[\"https:\\\/\\\/redenoticiaz.com.br\\\/litoralsp\\\/2024\\\/07\\\/23\\\/escolas-de-samba-de-santos-repartirao-verba-de-r-24-milhoes-para-o-carnaval-2025\"]}]},{\"@type\":\"ImageObject\",\"inLanguage\":\"pt-BR\",\"@id\":\"https:\\\/\\\/redenoticiaz.com.br\\\/litoralsp\\\/2024\\\/07\\\/23\\\/escolas-de-samba-de-santos-repartirao-verba-de-r-24-milhoes-para-o-carnaval-2025#primaryimage\",\"url\":\"https:\\\/\\\/redenoticiaz.com.br\\\/litoralsp\\\/wp-content\\\/uploads\\\/sites\\\/3\\\/2023\\\/02\\\/unidos-2.jpg\",\"contentUrl\":\"https:\\\/\\\/redenoticiaz.com.br\\\/litoralsp\\\/wp-content\\\/uploads\\\/sites\\\/3\\\/2023\\\/02\\\/unidos-2.jpg\",\"width\":895,\"height\":598},{\"@type\":\"WebSite\",\"@id\":\"https:\\\/\\\/redenoticiaz.com.br\\\/litoralsp\\\/#website\",\"url\":\"https:\\\/\\\/redenoticiaz.com.br\\\/litoralsp\\\/\",\"name\":\"Litoral SP\",\"description\":\"Rede NoticiaZ\",\"publisher\":{\"@id\":\"https:\\\/\\\/redenoticiaz.com.br\\\/litoralsp\\\/#organization\"},\"potentialAction\":[{\"@type\":\"SearchAction\",\"target\":{\"@type\":\"EntryPoint\",\"urlTemplate\":\"https:\\\/\\\/redenoticiaz.com.br\\\/litoralsp\\\/?s={search_term_string}\"},\"query-input\":{\"@type\":\"PropertyValueSpecification\",\"valueRequired\":true,\"valueName\":\"search_term_string\"}}],\"inLanguage\":\"pt-BR\"},{\"@type\":\"Organization\",\"@id\":\"https:\\\/\\\/redenoticiaz.com.br\\\/litoralsp\\\/#organization\",\"name\":\"Litoral SP\",\"url\":\"https:\\\/\\\/redenoticiaz.com.br\\\/litoralsp\\\/\",\"logo\":{\"@type\":\"ImageObject\",\"inLanguage\":\"pt-BR\",\"@id\":\"https:\\\/\\\/redenoticiaz.com.br\\\/litoralsp\\\/#\\\/schema\\\/logo\\\/image\\\/\",\"url\":\"https:\\\/\\\/redenoticiaz.com.br\\\/litoralsp\\\/wp-content\\\/uploads\\\/sites\\\/3\\\/2020\\\/11\\\/logo.jpg\",\"contentUrl\":\"https:\\\/\\\/redenoticiaz.com.br\\\/litoralsp\\\/wp-content\\\/uploads\\\/sites\\\/3\\\/2020\\\/11\\\/logo.jpg\",\"width\":400,\"height\":250,\"caption\":\"Litoral SP\"},\"image\":{\"@id\":\"https:\\\/\\\/redenoticiaz.com.br\\\/litoralsp\\\/#\\\/schema\\\/logo\\\/image\\\/\"}},{\"@type\":\"Person\",\"@id\":\"https:\\\/\\\/redenoticiaz.com.br\\\/litoralsp\\\/#\\\/schema\\\/person\\\/16057b37a3c0ee6b096d7f887c566e2e\",\"name\":\"Gustavo Silva\",\"image\":{\"@type\":\"ImageObject\",\"inLanguage\":\"pt-BR\",\"@id\":\"https:\\\/\\\/secure.gravatar.com\\\/avatar\\\/3ee4e82f93b26de0a7cf4ea5eb7893da637ed6bb0c9170c58065944c56e28a33?s=96&d=mm&r=g\",\"url\":\"https:\\\/\\\/secure.gravatar.com\\\/avatar\\\/3ee4e82f93b26de0a7cf4ea5eb7893da637ed6bb0c9170c58065944c56e28a33?s=96&d=mm&r=g\",\"contentUrl\":\"https:\\\/\\\/secure.gravatar.com\\\/avatar\\\/3ee4e82f93b26de0a7cf4ea5eb7893da637ed6bb0c9170c58065944c56e28a33?s=96&d=mm&r=g\",\"caption\":\"Gustavo Silva\"},\"url\":\"https:\\\/\\\/redenoticiaz.com.br\\\/litoralsp\\\/author\\\/gustavosilva\"}]}<\/script>\n<!-- \/ Yoast SEO plugin. -->","yoast_head_json":{"title":"Escolas de samba de Santos repartir\u00e3o verba de R$ 2,4 milh\u00f5es para o Carnaval 2025 - Litoral SP","description":"A prefeitura de santos repartir\u00e1 uma subven\u00e7\u00e3o de cerca de r$ 2,4 milh\u00f5es para as 15 escolas de samba que desfilar\u00e3o no carnaval de 2025, entre os dias 21 e 22 de fevereiro.","robots":{"index":"index","follow":"follow","max-snippet":"max-snippet:-1","max-image-preview":"max-image-preview:large","max-video-preview":"max-video-preview:-1"},"canonical":"https:\/\/redenoticiaz.com.br\/litoralsp\/2024\/07\/23\/escolas-de-samba-de-santos-repartirao-verba-de-r-24-milhoes-para-o-carnaval-2025","og_locale":"pt_BR","og_type":"article","og_title":"Escolas de samba de Santos repartir\u00e3o verba de R$ 2,4 milh\u00f5es para o Carnaval 2025 - Litoral SP","og_description":"A prefeitura de santos repartir\u00e1 uma subven\u00e7\u00e3o de cerca de r$ 2,4 milh\u00f5es para as 15 escolas de samba que desfilar\u00e3o no carnaval de 2025, entre os dias 21 e 22 de fevereiro.","og_url":"https:\/\/redenoticiaz.com.br\/litoralsp\/2024\/07\/23\/escolas-de-samba-de-santos-repartirao-verba-de-r-24-milhoes-para-o-carnaval-2025","og_site_name":"Litoral SP","article_published_time":"2024-07-23T21:00:41+00:00","og_image":[{"width":895,"height":598,"url":"https:\/\/redenoticiaz.com.br\/litoralsp\/wp-content\/uploads\/sites\/3\/2023\/02\/unidos-2.jpg","type":"image\/jpeg"}],"author":"Gustavo Silva","twitter_card":"summary_large_image","twitter_misc":{"Escrito por":"Gustavo Silva","Est. tempo de leitura":"2 minutos"},"schema":{"@context":"https:\/\/schema.org","@graph":[{"@type":"Article","@id":"https:\/\/redenoticiaz.com.br\/litoralsp\/2024\/07\/23\/escolas-de-samba-de-santos-repartirao-verba-de-r-24-milhoes-para-o-carnaval-2025#article","isPartOf":{"@id":"https:\/\/redenoticiaz.com.br\/litoralsp\/2024\/07\/23\/escolas-de-samba-de-santos-repartirao-verba-de-r-24-milhoes-para-o-carnaval-2025"},"author":{"name":"Gustavo Silva","@id":"https:\/\/redenoticiaz.com.br\/litoralsp\/#\/schema\/person\/16057b37a3c0ee6b096d7f887c566e2e"},"headline":"Escolas de samba de Santos repartir\u00e3o verba de R$ 2,4 milh\u00f5es para o Carnaval 2025","datePublished":"2024-07-23T21:00:41+00:00","mainEntityOfPage":{"@id":"https:\/\/redenoticiaz.com.br\/litoralsp\/2024\/07\/23\/escolas-de-samba-de-santos-repartirao-verba-de-r-24-milhoes-para-o-carnaval-2025"},"wordCount":222,"commentCount":0,"publisher":{"@id":"https:\/\/redenoticiaz.com.br\/litoralsp\/#organization"},"image":{"@id":"https:\/\/redenoticiaz.com.br\/litoralsp\/2024\/07\/23\/escolas-de-samba-de-santos-repartirao-verba-de-r-24-milhoes-para-o-carnaval-2025#primaryimage"},"thumbnailUrl":"https:\/\/redenoticiaz.com.br\/litoralsp\/wp-content\/uploads\/sites\/3\/2023\/02\/unidos-2.jpg","keywords":["CARNAVAL","PREFEITURA","Santos"],"articleSection":["Cultura e M\u00fasica","Santos"],"inLanguage":"pt-BR","potentialAction":[{"@type":"CommentAction","name":"Comment","target":["https:\/\/redenoticiaz.com.br\/litoralsp\/2024\/07\/23\/escolas-de-samba-de-santos-repartirao-verba-de-r-24-milhoes-para-o-carnaval-2025#respond"]}]},{"@type":"WebPage","@id":"https:\/\/redenoticiaz.com.br\/litoralsp\/2024\/07\/23\/escolas-de-samba-de-santos-repartirao-verba-de-r-24-milhoes-para-o-carnaval-2025","url":"https:\/\/redenoticiaz.com.br\/litoralsp\/2024\/07\/23\/escolas-de-samba-de-santos-repartirao-verba-de-r-24-milhoes-para-o-carnaval-2025","name":"Escolas de samba de Santos repartir\u00e3o verba de R$ 2,4 milh\u00f5es para o Carnaval 2025 - Litoral SP","isPartOf":{"@id":"https:\/\/redenoticiaz.com.br\/litoralsp\/#website"},"primaryImageOfPage":{"@id":"https:\/\/redenoticiaz.com.br\/litoralsp\/2024\/07\/23\/escolas-de-samba-de-santos-repartirao-verba-de-r-24-milhoes-para-o-carnaval-2025#primaryimage"},"image":{"@id":"https:\/\/redenoticiaz.com.br\/litoralsp\/2024\/07\/23\/escolas-de-samba-de-santos-repartirao-verba-de-r-24-milhoes-para-o-carnaval-2025#primaryimage"},"thumbnailUrl":"https:\/\/redenoticiaz.com.br\/litoralsp\/wp-content\/uploads\/sites\/3\/2023\/02\/unidos-2.jpg","datePublished":"2024-07-23T21:00:41+00:00","description":"A prefeitura de santos repartir\u00e1 uma subven\u00e7\u00e3o de cerca de r$ 2,4 milh\u00f5es para as 15 escolas de samba que desfilar\u00e3o no carnaval de 2025, entre os dias 21 e 22 de fevereiro.","inLanguage":"pt-BR","potentialAction":[{"@type":"ReadAction","target":["https:\/\/redenoticiaz.com.br\/litoralsp\/2024\/07\/23\/escolas-de-samba-de-santos-repartirao-verba-de-r-24-milhoes-para-o-carnaval-2025"]}]},{"@type":"ImageObject","inLanguage":"pt-BR","@id":"https:\/\/redenoticiaz.com.br\/litoralsp\/2024\/07\/23\/escolas-de-samba-de-santos-repartirao-verba-de-r-24-milhoes-para-o-carnaval-2025#primaryimage","url":"https:\/\/redenoticiaz.com.br\/litoralsp\/wp-content\/uploads\/sites\/3\/2023\/02\/unidos-2.jpg","contentUrl":"https:\/\/redenoticiaz.com.br\/litoralsp\/wp-content\/uploads\/sites\/3\/2023\/02\/unidos-2.jpg","width":895,"height":598},{"@type":"WebSite","@id":"https:\/\/redenoticiaz.com.br\/litoralsp\/#website","url":"https:\/\/redenoticiaz.com.br\/litoralsp\/","name":"Litoral SP","description":"Rede NoticiaZ","publisher":{"@id":"https:\/\/redenoticiaz.com.br\/litoralsp\/#organization"},"potentialAction":[{"@type":"SearchAction","target":{"@type":"EntryPoint","urlTemplate":"https:\/\/redenoticiaz.com.br\/litoralsp\/?s={search_term_string}"},"query-input":{"@type":"PropertyValueSpecification","valueRequired":true,"valueName":"search_term_string"}}],"inLanguage":"pt-BR"},{"@type":"Organization","@id":"https:\/\/redenoticiaz.com.br\/litoralsp\/#organization","name":"Litoral SP","url":"https:\/\/redenoticiaz.com.br\/litoralsp\/","logo":{"@type":"ImageObject","inLanguage":"pt-BR","@id":"https:\/\/redenoticiaz.com.br\/litoralsp\/#\/schema\/logo\/image\/","url":"https:\/\/redenoticiaz.com.br\/litoralsp\/wp-content\/uploads\/sites\/3\/2020\/11\/logo.jpg","contentUrl":"https:\/\/redenoticiaz.com.br\/litoralsp\/wp-content\/uploads\/sites\/3\/2020\/11\/logo.jpg","width":400,"height":250,"caption":"Litoral SP"},"image":{"@id":"https:\/\/redenoticiaz.com.br\/litoralsp\/#\/schema\/logo\/image\/"}},{"@type":"Person","@id":"https:\/\/redenoticiaz.com.br\/litoralsp\/#\/schema\/person\/16057b37a3c0ee6b096d7f887c566e2e","name":"Gustavo Silva","image":{"@type":"ImageObject","inLanguage":"pt-BR","@id":"https:\/\/secure.gravatar.com\/avatar\/3ee4e82f93b26de0a7cf4ea5eb7893da637ed6bb0c9170c58065944c56e28a33?s=96&d=mm&r=g","url":"https:\/\/secure.gravatar.com\/avatar\/3ee4e82f93b26de0a7cf4ea5eb7893da637ed6bb0c9170c58065944c56e28a33?s=96&d=mm&r=g","contentUrl":"https:\/\/secure.gravatar.com\/avatar\/3ee4e82f93b26de0a7cf4ea5eb7893da637ed6bb0c9170c58065944c56e28a33?s=96&d=mm&r=g","caption":"Gustavo Silva"},"url":"https:\/\/redenoticiaz.com.br\/litoralsp\/author\/gustavosilva"}]}},"_links":{"self":[{"href":"https:\/\/redenoticiaz.com.br\/litoralsp\/wp-json\/wp\/v2\/posts\/117282","targetHints":{"allow":["GET"]}}],"collection":[{"href":"https:\/\/redenoticiaz.com.br\/litoralsp\/wp-json\/wp\/v2\/posts"}],"about":[{"href":"https:\/\/redenoticiaz.com.br\/litoralsp\/wp-json\/wp\/v2\/types\/post"}],"author":[{"embeddable":true,"href":"https:\/\/redenoticiaz.com.br\/litoralsp\/wp-json\/wp\/v2\/users\/12"}],"replies":[{"embeddable":true,"href":"https:\/\/redenoticiaz.com.br\/litoralsp\/wp-json\/wp\/v2\/comments?post=117282"}],"version-history":[{"count":1,"href":"https:\/\/redenoticiaz.com.br\/litoralsp\/wp-json\/wp\/v2\/posts\/117282\/revisions"}],"predecessor-version":[{"id":117283,"href":"https:\/\/redenoticiaz.com.br\/litoralsp\/wp-json\/wp\/v2\/posts\/117282\/revisions\/117283"}],"wp:featuredmedia":[{"embeddable":true,"href":"https:\/\/redenoticiaz.com.br\/litoralsp\/wp-json\/wp\/v2\/media\/100766"}],"wp:attachment":[{"href":"https:\/\/redenoticiaz.com.br\/litoralsp\/wp-json\/wp\/v2\/media?parent=117282"}],"wp:term":[{"taxonomy":"category","embeddable":true,"href":"https:\/\/redenoticiaz.com.br\/litoralsp\/wp-json\/wp\/v2\/categories?post=117282"},{"taxonomy":"post_tag","embeddable":true,"href":"https:\/\/redenoticiaz.com.br\/litoralsp\/wp-json\/wp\/v2\/tags?post=117282"}],"curies":[{"name":"wp","href":"https:\/\/api.w.org\/{rel}","templated":true}]}}