{"id":117287,"date":"2024-07-23T19:00:00","date_gmt":"2024-07-23T22:00:00","guid":{"rendered":"https:\/\/redenoticiaz.com.br\/litoralsp\/?p=117287"},"modified":"2024-07-23T16:38:25","modified_gmt":"2024-07-23T19:38:25","slug":"policia-ambiental-realiza-apreensao-de-duas-redes-de-pesca-irregulares","status":"publish","type":"post","link":"https:\/\/redenoticiaz.com.br\/litoralsp\/2024\/07\/23\/policia-ambiental-realiza-apreensao-de-duas-redes-de-pesca-irregulares","title":{"rendered":"Pol\u00edcia Ambiental realiza apreens\u00e3o de duas redes de pesca irregulares"},"content":{"rendered":"<p>Os flagrantes ocorreram nas proximidades do Farol da Moela, pelo munic\u00edpio de Guaruj\u00e1, onde os Policiais Militares apreenderam 550 metros de redes de pesca.<\/p>\n<p>De acordo com as informa\u00e7\u00f5es, Policias Militares localizaram duas redes de emalhe de superf\u00edcie (boiada), variando entre 200 e 350 metros cada, totalizando 550 metros de petrechos irregulares, conforme a legisla\u00e7\u00e3o pesqueira vigente.<\/p>\n<p>Ainda de acordo com as informa\u00e7\u00f5es, solicitado as documenta\u00e7\u00f5es pertinentes, na primeira embarca\u00e7\u00e3o, o pescador n\u00e3o possu\u00eda as documenta\u00e7\u00f5es de pesca.<\/p>\n<p>O mesmo foi autuado no total de R$ 2.000,00 em multa, apreens\u00e3o de 200 metros de rede e uma embarca\u00e7\u00e3o de fibra, onde no momento n\u00e3o havia nenhum pescado.<\/p>\n<p>Sendo assim, na segunda embarca\u00e7\u00e3o, o pescador tamb\u00e9m n\u00e3o possu\u00eda as documenta\u00e7\u00f5es necess\u00e1rias para o ato, sendo autuado no total de 3.200,00 em multa, apreens\u00e3o de 30 kg de pescados diversos.<\/p>\n<p>Por fim, o\u00a0pescado foi doado ao Lar de Idosos Eno Greg\u00f3rio.<\/p>\n<p><strong>Leia mais<\/strong><\/p>\n<p><a href=\"https:\/\/redenoticiaz.com.br\/litoralsp\/2024\/07\/08\/acusado-de-matar-a-propria-mae-em-guaruja-e-preso-em-belo-horizonte-bh-3-anos-apos-o-crime\">Acusado de matar a pr\u00f3pria m\u00e3e em Guaruj\u00e1 \u00e9 preso em Belo Horizonte (BH) 3 anos ap\u00f3s o crime<\/a><\/p>\n<p><a href=\"https:\/\/redenoticiaz.com.br\/litoralsp\/2024\/07\/05\/policia-federal-apreende-130kg-de-cocaina-em-guaruja\">Pol\u00edcia Federal apreende 130kg de coca\u00edna em Guaruj\u00e1<\/a><\/p>\n","protected":false},"excerpt":{"rendered":"<p>Os flagrantes ocorreram nas proximidades do Farol da Moela, pelo munic\u00edpio de Guaruj\u00e1, onde os Policiais Militares apreenderam 550 metros de redes de pesca. De acordo com as informa\u00e7\u00f5es, Policias Militares localizaram duas redes de emalhe de superf\u00edcie (boiada), variando entre 200 e 350 metros cada, totalizando 550 metros de petrechos irregulares, conforme a legisla\u00e7\u00e3o &hellip;<\/p>\n","protected":false},"author":12,"featured_media":117288,"comment_status":"open","ping_status":"closed","sticky":false,"template":"","format":"standard","meta":{"footnotes":""},"categories":[187,10],"tags":[6426,11703,23143],"class_list":["post-117287","post","type-post","status-publish","format-standard","has-post-thumbnail","hentry","category-guaruja","category-policia","tag-guaruja-2","tag-pesca-irregular","tag-policia-2"],"yoast_head":"<!-- This site is optimized with the Yoast SEO plugin v27.5 - https:\/\/yoast.com\/product\/yoast-seo-wordpress\/ -->\n<title>Pol\u00edcia Ambiental realiza apreens\u00e3o de duas redes de pesca irregulares - Litoral SP<\/title>\n<meta name=\"description\" content=\"Os flagrantes ocorreram nas proximidades do Farol da Moela, pelo munic\u00edpio de Guaruj\u00e1, onde os Policiais Militares apreenderam 550 metros de redes de pesca.\" \/>\n<meta name=\"robots\" content=\"index, follow, max-snippet:-1, max-image-preview:large, max-video-preview:-1\" \/>\n<link rel=\"canonical\" href=\"https:\/\/redenoticiaz.com.br\/litoralsp\/2024\/07\/23\/policia-ambiental-realiza-apreensao-de-duas-redes-de-pesca-irregulares\" \/>\n<meta property=\"og:locale\" content=\"pt_BR\" \/>\n<meta property=\"og:type\" content=\"article\" \/>\n<meta property=\"og:title\" content=\"Pol\u00edcia Ambiental realiza apreens\u00e3o de duas redes de pesca irregulares - Litoral SP\" \/>\n<meta property=\"og:description\" content=\"Os flagrantes ocorreram nas proximidades do Farol da Moela, pelo munic\u00edpio de Guaruj\u00e1, onde os Policiais Militares apreenderam 550 metros de redes de pesca.\" \/>\n<meta property=\"og:url\" content=\"https:\/\/redenoticiaz.com.br\/litoralsp\/2024\/07\/23\/policia-ambiental-realiza-apreensao-de-duas-redes-de-pesca-irregulares\" \/>\n<meta property=\"og:site_name\" content=\"Litoral SP\" \/>\n<meta property=\"article:published_time\" content=\"2024-07-23T22:00:00+00:00\" \/>\n<meta property=\"og:image\" content=\"https:\/\/redenoticiaz.com.br\/litoralsp\/wp-content\/uploads\/sites\/3\/2024\/07\/WhatsApp-Image-2024-07-22-at-12.24.32.jpeg\" \/>\n\t<meta property=\"og:image:width\" content=\"1280\" \/>\n\t<meta property=\"og:image:height\" content=\"960\" \/>\n\t<meta property=\"og:image:type\" content=\"image\/jpeg\" \/>\n<meta name=\"author\" content=\"Gustavo Silva\" \/>\n<meta name=\"twitter:card\" content=\"summary_large_image\" \/>\n<meta name=\"twitter:label1\" content=\"Escrito por\" \/>\n\t<meta name=\"twitter:data1\" content=\"Gustavo Silva\" \/>\n\t<meta name=\"twitter:label2\" content=\"Est. tempo de leitura\" \/>\n\t<meta name=\"twitter:data2\" content=\"1 minuto\" \/>\n<script type=\"application\/ld+json\" class=\"yoast-schema-graph\">{\"@context\":\"https:\\\/\\\/schema.org\",\"@graph\":[{\"@type\":\"Article\",\"@id\":\"https:\\\/\\\/redenoticiaz.com.br\\\/litoralsp\\\/2024\\\/07\\\/23\\\/policia-ambiental-realiza-apreensao-de-duas-redes-de-pesca-irregulares#article\",\"isPartOf\":{\"@id\":\"https:\\\/\\\/redenoticiaz.com.br\\\/litoralsp\\\/2024\\\/07\\\/23\\\/policia-ambiental-realiza-apreensao-de-duas-redes-de-pesca-irregulares\"},\"author\":{\"name\":\"Gustavo Silva\",\"@id\":\"https:\\\/\\\/redenoticiaz.com.br\\\/litoralsp\\\/#\\\/schema\\\/person\\\/16057b37a3c0ee6b096d7f887c566e2e\"},\"headline\":\"Pol\u00edcia Ambiental realiza apreens\u00e3o de duas redes de pesca irregulares\",\"datePublished\":\"2024-07-23T22:00:00+00:00\",\"mainEntityOfPage\":{\"@id\":\"https:\\\/\\\/redenoticiaz.com.br\\\/litoralsp\\\/2024\\\/07\\\/23\\\/policia-ambiental-realiza-apreensao-de-duas-redes-de-pesca-irregulares\"},\"wordCount\":207,\"commentCount\":0,\"publisher\":{\"@id\":\"https:\\\/\\\/redenoticiaz.com.br\\\/litoralsp\\\/#organization\"},\"image\":{\"@id\":\"https:\\\/\\\/redenoticiaz.com.br\\\/litoralsp\\\/2024\\\/07\\\/23\\\/policia-ambiental-realiza-apreensao-de-duas-redes-de-pesca-irregulares#primaryimage\"},\"thumbnailUrl\":\"https:\\\/\\\/redenoticiaz.com.br\\\/litoralsp\\\/wp-content\\\/uploads\\\/sites\\\/3\\\/2024\\\/07\\\/WhatsApp-Image-2024-07-22-at-12.24.32.jpeg\",\"keywords\":[\"Guaruj\u00e1\",\"PESCA IRREGULAR\",\"POL\u00cdCIA\"],\"articleSection\":[\"Guaruj\u00e1\",\"Pol\u00edcia\"],\"inLanguage\":\"pt-BR\",\"potentialAction\":[{\"@type\":\"CommentAction\",\"name\":\"Comment\",\"target\":[\"https:\\\/\\\/redenoticiaz.com.br\\\/litoralsp\\\/2024\\\/07\\\/23\\\/policia-ambiental-realiza-apreensao-de-duas-redes-de-pesca-irregulares#respond\"]}]},{\"@type\":\"WebPage\",\"@id\":\"https:\\\/\\\/redenoticiaz.com.br\\\/litoralsp\\\/2024\\\/07\\\/23\\\/policia-ambiental-realiza-apreensao-de-duas-redes-de-pesca-irregulares\",\"url\":\"https:\\\/\\\/redenoticiaz.com.br\\\/litoralsp\\\/2024\\\/07\\\/23\\\/policia-ambiental-realiza-apreensao-de-duas-redes-de-pesca-irregulares\",\"name\":\"Pol\u00edcia Ambiental realiza apreens\u00e3o de duas redes de pesca irregulares - Litoral SP\",\"isPartOf\":{\"@id\":\"https:\\\/\\\/redenoticiaz.com.br\\\/litoralsp\\\/#website\"},\"primaryImageOfPage\":{\"@id\":\"https:\\\/\\\/redenoticiaz.com.br\\\/litoralsp\\\/2024\\\/07\\\/23\\\/policia-ambiental-realiza-apreensao-de-duas-redes-de-pesca-irregulares#primaryimage\"},\"image\":{\"@id\":\"https:\\\/\\\/redenoticiaz.com.br\\\/litoralsp\\\/2024\\\/07\\\/23\\\/policia-ambiental-realiza-apreensao-de-duas-redes-de-pesca-irregulares#primaryimage\"},\"thumbnailUrl\":\"https:\\\/\\\/redenoticiaz.com.br\\\/litoralsp\\\/wp-content\\\/uploads\\\/sites\\\/3\\\/2024\\\/07\\\/WhatsApp-Image-2024-07-22-at-12.24.32.jpeg\",\"datePublished\":\"2024-07-23T22:00:00+00:00\",\"description\":\"Os flagrantes ocorreram nas proximidades do Farol da Moela, pelo munic\u00edpio de Guaruj\u00e1, onde os Policiais Militares apreenderam 550 metros de redes de pesca.\",\"inLanguage\":\"pt-BR\",\"potentialAction\":[{\"@type\":\"ReadAction\",\"target\":[\"https:\\\/\\\/redenoticiaz.com.br\\\/litoralsp\\\/2024\\\/07\\\/23\\\/policia-ambiental-realiza-apreensao-de-duas-redes-de-pesca-irregulares\"]}]},{\"@type\":\"ImageObject\",\"inLanguage\":\"pt-BR\",\"@id\":\"https:\\\/\\\/redenoticiaz.com.br\\\/litoralsp\\\/2024\\\/07\\\/23\\\/policia-ambiental-realiza-apreensao-de-duas-redes-de-pesca-irregulares#primaryimage\",\"url\":\"https:\\\/\\\/redenoticiaz.com.br\\\/litoralsp\\\/wp-content\\\/uploads\\\/sites\\\/3\\\/2024\\\/07\\\/WhatsApp-Image-2024-07-22-at-12.24.32.jpeg\",\"contentUrl\":\"https:\\\/\\\/redenoticiaz.com.br\\\/litoralsp\\\/wp-content\\\/uploads\\\/sites\\\/3\\\/2024\\\/07\\\/WhatsApp-Image-2024-07-22-at-12.24.32.jpeg\",\"width\":1280,\"height\":960},{\"@type\":\"WebSite\",\"@id\":\"https:\\\/\\\/redenoticiaz.com.br\\\/litoralsp\\\/#website\",\"url\":\"https:\\\/\\\/redenoticiaz.com.br\\\/litoralsp\\\/\",\"name\":\"Litoral SP\",\"description\":\"Rede NoticiaZ\",\"publisher\":{\"@id\":\"https:\\\/\\\/redenoticiaz.com.br\\\/litoralsp\\\/#organization\"},\"potentialAction\":[{\"@type\":\"SearchAction\",\"target\":{\"@type\":\"EntryPoint\",\"urlTemplate\":\"https:\\\/\\\/redenoticiaz.com.br\\\/litoralsp\\\/?s={search_term_string}\"},\"query-input\":{\"@type\":\"PropertyValueSpecification\",\"valueRequired\":true,\"valueName\":\"search_term_string\"}}],\"inLanguage\":\"pt-BR\"},{\"@type\":\"Organization\",\"@id\":\"https:\\\/\\\/redenoticiaz.com.br\\\/litoralsp\\\/#organization\",\"name\":\"Litoral SP\",\"url\":\"https:\\\/\\\/redenoticiaz.com.br\\\/litoralsp\\\/\",\"logo\":{\"@type\":\"ImageObject\",\"inLanguage\":\"pt-BR\",\"@id\":\"https:\\\/\\\/redenoticiaz.com.br\\\/litoralsp\\\/#\\\/schema\\\/logo\\\/image\\\/\",\"url\":\"https:\\\/\\\/redenoticiaz.com.br\\\/litoralsp\\\/wp-content\\\/uploads\\\/sites\\\/3\\\/2020\\\/11\\\/logo.jpg\",\"contentUrl\":\"https:\\\/\\\/redenoticiaz.com.br\\\/litoralsp\\\/wp-content\\\/uploads\\\/sites\\\/3\\\/2020\\\/11\\\/logo.jpg\",\"width\":400,\"height\":250,\"caption\":\"Litoral SP\"},\"image\":{\"@id\":\"https:\\\/\\\/redenoticiaz.com.br\\\/litoralsp\\\/#\\\/schema\\\/logo\\\/image\\\/\"}},{\"@type\":\"Person\",\"@id\":\"https:\\\/\\\/redenoticiaz.com.br\\\/litoralsp\\\/#\\\/schema\\\/person\\\/16057b37a3c0ee6b096d7f887c566e2e\",\"name\":\"Gustavo Silva\",\"image\":{\"@type\":\"ImageObject\",\"inLanguage\":\"pt-BR\",\"@id\":\"https:\\\/\\\/secure.gravatar.com\\\/avatar\\\/3ee4e82f93b26de0a7cf4ea5eb7893da637ed6bb0c9170c58065944c56e28a33?s=96&d=mm&r=g\",\"url\":\"https:\\\/\\\/secure.gravatar.com\\\/avatar\\\/3ee4e82f93b26de0a7cf4ea5eb7893da637ed6bb0c9170c58065944c56e28a33?s=96&d=mm&r=g\",\"contentUrl\":\"https:\\\/\\\/secure.gravatar.com\\\/avatar\\\/3ee4e82f93b26de0a7cf4ea5eb7893da637ed6bb0c9170c58065944c56e28a33?s=96&d=mm&r=g\",\"caption\":\"Gustavo Silva\"},\"url\":\"https:\\\/\\\/redenoticiaz.com.br\\\/litoralsp\\\/author\\\/gustavosilva\"}]}<\/script>\n<!-- \/ Yoast SEO plugin. -->","yoast_head_json":{"title":"Pol\u00edcia Ambiental realiza apreens\u00e3o de duas redes de pesca irregulares - Litoral SP","description":"Os flagrantes ocorreram nas proximidades do Farol da Moela, pelo munic\u00edpio de Guaruj\u00e1, onde os Policiais Militares apreenderam 550 metros de redes de pesca.","robots":{"index":"index","follow":"follow","max-snippet":"max-snippet:-1","max-image-preview":"max-image-preview:large","max-video-preview":"max-video-preview:-1"},"canonical":"https:\/\/redenoticiaz.com.br\/litoralsp\/2024\/07\/23\/policia-ambiental-realiza-apreensao-de-duas-redes-de-pesca-irregulares","og_locale":"pt_BR","og_type":"article","og_title":"Pol\u00edcia Ambiental realiza apreens\u00e3o de duas redes de pesca irregulares - Litoral SP","og_description":"Os flagrantes ocorreram nas proximidades do Farol da Moela, pelo munic\u00edpio de Guaruj\u00e1, onde os Policiais Militares apreenderam 550 metros de redes de pesca.","og_url":"https:\/\/redenoticiaz.com.br\/litoralsp\/2024\/07\/23\/policia-ambiental-realiza-apreensao-de-duas-redes-de-pesca-irregulares","og_site_name":"Litoral SP","article_published_time":"2024-07-23T22:00:00+00:00","og_image":[{"width":1280,"height":960,"url":"https:\/\/redenoticiaz.com.br\/litoralsp\/wp-content\/uploads\/sites\/3\/2024\/07\/WhatsApp-Image-2024-07-22-at-12.24.32.jpeg","type":"image\/jpeg"}],"author":"Gustavo Silva","twitter_card":"summary_large_image","twitter_misc":{"Escrito por":"Gustavo Silva","Est. tempo de leitura":"1 minuto"},"schema":{"@context":"https:\/\/schema.org","@graph":[{"@type":"Article","@id":"https:\/\/redenoticiaz.com.br\/litoralsp\/2024\/07\/23\/policia-ambiental-realiza-apreensao-de-duas-redes-de-pesca-irregulares#article","isPartOf":{"@id":"https:\/\/redenoticiaz.com.br\/litoralsp\/2024\/07\/23\/policia-ambiental-realiza-apreensao-de-duas-redes-de-pesca-irregulares"},"author":{"name":"Gustavo Silva","@id":"https:\/\/redenoticiaz.com.br\/litoralsp\/#\/schema\/person\/16057b37a3c0ee6b096d7f887c566e2e"},"headline":"Pol\u00edcia Ambiental realiza apreens\u00e3o de duas redes de pesca irregulares","datePublished":"2024-07-23T22:00:00+00:00","mainEntityOfPage":{"@id":"https:\/\/redenoticiaz.com.br\/litoralsp\/2024\/07\/23\/policia-ambiental-realiza-apreensao-de-duas-redes-de-pesca-irregulares"},"wordCount":207,"commentCount":0,"publisher":{"@id":"https:\/\/redenoticiaz.com.br\/litoralsp\/#organization"},"image":{"@id":"https:\/\/redenoticiaz.com.br\/litoralsp\/2024\/07\/23\/policia-ambiental-realiza-apreensao-de-duas-redes-de-pesca-irregulares#primaryimage"},"thumbnailUrl":"https:\/\/redenoticiaz.com.br\/litoralsp\/wp-content\/uploads\/sites\/3\/2024\/07\/WhatsApp-Image-2024-07-22-at-12.24.32.jpeg","keywords":["Guaruj\u00e1","PESCA IRREGULAR","POL\u00cdCIA"],"articleSection":["Guaruj\u00e1","Pol\u00edcia"],"inLanguage":"pt-BR","potentialAction":[{"@type":"CommentAction","name":"Comment","target":["https:\/\/redenoticiaz.com.br\/litoralsp\/2024\/07\/23\/policia-ambiental-realiza-apreensao-de-duas-redes-de-pesca-irregulares#respond"]}]},{"@type":"WebPage","@id":"https:\/\/redenoticiaz.com.br\/litoralsp\/2024\/07\/23\/policia-ambiental-realiza-apreensao-de-duas-redes-de-pesca-irregulares","url":"https:\/\/redenoticiaz.com.br\/litoralsp\/2024\/07\/23\/policia-ambiental-realiza-apreensao-de-duas-redes-de-pesca-irregulares","name":"Pol\u00edcia Ambiental realiza apreens\u00e3o de duas redes de pesca irregulares - Litoral SP","isPartOf":{"@id":"https:\/\/redenoticiaz.com.br\/litoralsp\/#website"},"primaryImageOfPage":{"@id":"https:\/\/redenoticiaz.com.br\/litoralsp\/2024\/07\/23\/policia-ambiental-realiza-apreensao-de-duas-redes-de-pesca-irregulares#primaryimage"},"image":{"@id":"https:\/\/redenoticiaz.com.br\/litoralsp\/2024\/07\/23\/policia-ambiental-realiza-apreensao-de-duas-redes-de-pesca-irregulares#primaryimage"},"thumbnailUrl":"https:\/\/redenoticiaz.com.br\/litoralsp\/wp-content\/uploads\/sites\/3\/2024\/07\/WhatsApp-Image-2024-07-22-at-12.24.32.jpeg","datePublished":"2024-07-23T22:00:00+00:00","description":"Os flagrantes ocorreram nas proximidades do Farol da Moela, pelo munic\u00edpio de Guaruj\u00e1, onde os Policiais Militares apreenderam 550 metros de redes de pesca.","inLanguage":"pt-BR","potentialAction":[{"@type":"ReadAction","target":["https:\/\/redenoticiaz.com.br\/litoralsp\/2024\/07\/23\/policia-ambiental-realiza-apreensao-de-duas-redes-de-pesca-irregulares"]}]},{"@type":"ImageObject","inLanguage":"pt-BR","@id":"https:\/\/redenoticiaz.com.br\/litoralsp\/2024\/07\/23\/policia-ambiental-realiza-apreensao-de-duas-redes-de-pesca-irregulares#primaryimage","url":"https:\/\/redenoticiaz.com.br\/litoralsp\/wp-content\/uploads\/sites\/3\/2024\/07\/WhatsApp-Image-2024-07-22-at-12.24.32.jpeg","contentUrl":"https:\/\/redenoticiaz.com.br\/litoralsp\/wp-content\/uploads\/sites\/3\/2024\/07\/WhatsApp-Image-2024-07-22-at-12.24.32.jpeg","width":1280,"height":960},{"@type":"WebSite","@id":"https:\/\/redenoticiaz.com.br\/litoralsp\/#website","url":"https:\/\/redenoticiaz.com.br\/litoralsp\/","name":"Litoral SP","description":"Rede NoticiaZ","publisher":{"@id":"https:\/\/redenoticiaz.com.br\/litoralsp\/#organization"},"potentialAction":[{"@type":"SearchAction","target":{"@type":"EntryPoint","urlTemplate":"https:\/\/redenoticiaz.com.br\/litoralsp\/?s={search_term_string}"},"query-input":{"@type":"PropertyValueSpecification","valueRequired":true,"valueName":"search_term_string"}}],"inLanguage":"pt-BR"},{"@type":"Organization","@id":"https:\/\/redenoticiaz.com.br\/litoralsp\/#organization","name":"Litoral SP","url":"https:\/\/redenoticiaz.com.br\/litoralsp\/","logo":{"@type":"ImageObject","inLanguage":"pt-BR","@id":"https:\/\/redenoticiaz.com.br\/litoralsp\/#\/schema\/logo\/image\/","url":"https:\/\/redenoticiaz.com.br\/litoralsp\/wp-content\/uploads\/sites\/3\/2020\/11\/logo.jpg","contentUrl":"https:\/\/redenoticiaz.com.br\/litoralsp\/wp-content\/uploads\/sites\/3\/2020\/11\/logo.jpg","width":400,"height":250,"caption":"Litoral SP"},"image":{"@id":"https:\/\/redenoticiaz.com.br\/litoralsp\/#\/schema\/logo\/image\/"}},{"@type":"Person","@id":"https:\/\/redenoticiaz.com.br\/litoralsp\/#\/schema\/person\/16057b37a3c0ee6b096d7f887c566e2e","name":"Gustavo Silva","image":{"@type":"ImageObject","inLanguage":"pt-BR","@id":"https:\/\/secure.gravatar.com\/avatar\/3ee4e82f93b26de0a7cf4ea5eb7893da637ed6bb0c9170c58065944c56e28a33?s=96&d=mm&r=g","url":"https:\/\/secure.gravatar.com\/avatar\/3ee4e82f93b26de0a7cf4ea5eb7893da637ed6bb0c9170c58065944c56e28a33?s=96&d=mm&r=g","contentUrl":"https:\/\/secure.gravatar.com\/avatar\/3ee4e82f93b26de0a7cf4ea5eb7893da637ed6bb0c9170c58065944c56e28a33?s=96&d=mm&r=g","caption":"Gustavo Silva"},"url":"https:\/\/redenoticiaz.com.br\/litoralsp\/author\/gustavosilva"}]}},"_links":{"self":[{"href":"https:\/\/redenoticiaz.com.br\/litoralsp\/wp-json\/wp\/v2\/posts\/117287","targetHints":{"allow":["GET"]}}],"collection":[{"href":"https:\/\/redenoticiaz.com.br\/litoralsp\/wp-json\/wp\/v2\/posts"}],"about":[{"href":"https:\/\/redenoticiaz.com.br\/litoralsp\/wp-json\/wp\/v2\/types\/post"}],"author":[{"embeddable":true,"href":"https:\/\/redenoticiaz.com.br\/litoralsp\/wp-json\/wp\/v2\/users\/12"}],"replies":[{"embeddable":true,"href":"https:\/\/redenoticiaz.com.br\/litoralsp\/wp-json\/wp\/v2\/comments?post=117287"}],"version-history":[{"count":1,"href":"https:\/\/redenoticiaz.com.br\/litoralsp\/wp-json\/wp\/v2\/posts\/117287\/revisions"}],"predecessor-version":[{"id":117289,"href":"https:\/\/redenoticiaz.com.br\/litoralsp\/wp-json\/wp\/v2\/posts\/117287\/revisions\/117289"}],"wp:featuredmedia":[{"embeddable":true,"href":"https:\/\/redenoticiaz.com.br\/litoralsp\/wp-json\/wp\/v2\/media\/117288"}],"wp:attachment":[{"href":"https:\/\/redenoticiaz.com.br\/litoralsp\/wp-json\/wp\/v2\/media?parent=117287"}],"wp:term":[{"taxonomy":"category","embeddable":true,"href":"https:\/\/redenoticiaz.com.br\/litoralsp\/wp-json\/wp\/v2\/categories?post=117287"},{"taxonomy":"post_tag","embeddable":true,"href":"https:\/\/redenoticiaz.com.br\/litoralsp\/wp-json\/wp\/v2\/tags?post=117287"}],"curies":[{"name":"wp","href":"https:\/\/api.w.org\/{rel}","templated":true}]}}