{"id":117304,"date":"2024-07-27T16:00:00","date_gmt":"2024-07-27T19:00:00","guid":{"rendered":"https:\/\/redenoticiaz.com.br\/litoralsp\/?p=117304"},"modified":"2024-07-24T18:01:03","modified_gmt":"2024-07-24T21:01:03","slug":"julho-verde-alerta-para-o-perigo-do-diagnostico-tardio-do-cancer-de-cabeca-e-pescoco","status":"publish","type":"post","link":"https:\/\/redenoticiaz.com.br\/litoralsp\/2024\/07\/27\/julho-verde-alerta-para-o-perigo-do-diagnostico-tardio-do-cancer-de-cabeca-e-pescoco","title":{"rendered":"Julho Verde alerta para o perigo do diagn\u00f3stico tardio do c\u00e2ncer de cabe\u00e7a e pesco\u00e7o"},"content":{"rendered":"<p>A incid\u00eancia do c\u00e2ncer de cabe\u00e7a e pesco\u00e7o vem acendendo um alerta importante sobre o estilo de vida moderno. Por abranger um grupo de c\u00e2nceres que afetam regi\u00f5es como a boca, faringe, laringe, gl\u00e2ndulas salivares, tireoide, cavidade nasal e os seios paranasais, o tabagismo e o alcoolismo aparecem como principais fatores de risco evit\u00e1veis desses tumores, que tem sido diagnosticados de maneira expressiva no Brasil, mas ainda de forma tardia. Por esse motivo, o m\u00eas de julho recebe o la\u00e7o verde e celebra no dia 27 o Dia Mundial de Conscientiza\u00e7\u00e3o do C\u00e2ncer de Cabe\u00e7a e Pesco\u00e7o.<\/p>\n<p>\ud83d\udcf2\u00a0<a href=\"https:\/\/chat.whatsapp.com\/IZvl6ywXD9K5Zh7loxWKGE\">Junte-se ao canal de empregos do Rede Noticias WhatsApp<\/a><\/p>\n<p>\ud83d\udcf2Siga nossas redes sociais no\u00a0<a href=\"https:\/\/www.instagram.com\/redenoticiaz\/\">Instagram<\/a>\u00a0e\u00a0<a href=\"https:\/\/www.facebook.com\/p\/Rede-Noticiaz-100063557592062\/?_rdr\">Facebook<\/a>\u00a0para ficar por dentro de todas as novidades e atualiza\u00e7\u00f5es!<\/p>\n<p>O c\u00e2ncer de cabe\u00e7a e pesco\u00e7o representa uma porcentagem significativa dos casos de c\u00e2ncer no Brasil. Dados do Instituto Nacional do C\u00e2ncer (INCA), apontam 15 mil novos casos por ano de c\u00e2ncer de boca e 7 mil de c\u00e2ncer de laringe. A mortalidade do c\u00e2ncer de cabe\u00e7a e pesco\u00e7o apresenta uma alta taxa, especialmente quando diagnosticado em est\u00e1gios avan\u00e7ados.<\/p>\n<p>Segundo o INCA, a mortalidade desses c\u00e2nceres \u00e9 preocupante devido ao diagn\u00f3stico tardio e \u00e0 falta de acesso a tratamentos adequados. David Pinheiro Cunha, oncologista cl\u00ednico e s\u00f3cio do Grupo SOnHe, explica que esse tipo de c\u00e2ncer \u00e9 diagnosticado por meio de exame cl\u00ednico, geralmente feito por dentistas ou m\u00e9dicos, seguido de bi\u00f3psia para confirma\u00e7\u00e3o da suspeita e exames de imagem, para avalia\u00e7\u00e3o da extens\u00e3o da doen\u00e7a. Segundo ele, o que dificulta o tratamento \u00e9 a demora no diagn\u00f3stico.<\/p>\n<p>\u201cN\u00e3o \u00e9 em todo lugar que as pessoas t\u00eam acesso regular aos m\u00e9dicos e dentistas. Em grande parte do Brasil, muitas delas s\u00f3 procuram os especialistas quando apresentam sintomas graves. Al\u00e9m disso, o servi\u00e7o p\u00fablico \u00e9 carente de profissionais capacitados para diagnosticar e tratar pacientes com c\u00e2ncer\u201d, alerta o oncologista.<\/p>\n<p>Se o diagn\u00f3stico \u00e9 uma barreira, o tratamento desse tipo de c\u00e2ncer \u00e9 ainda mais desafiador, uma vez que exige cirurgia e tratamento com radio e quimioterapia \u2013 e terapias que nem sempre est\u00e3o dispon\u00edveis no SUS -, al\u00e9m de suporte ao paciente, com o acesso \u00e0 fonoaudiologia, nutri\u00e7\u00e3o adequada e acompanhamento psicol\u00f3gico. \u201cO paciente fica bastante abalado com o tratamento, porque s\u00e3o regi\u00f5es que comprometem a fala, a alimenta\u00e7\u00e3o e a socializa\u00e7\u00e3o de maneira geral. \u00c9 fundamental cuidar desse lado, para garantir a autoestima e a confian\u00e7a do paciente\u201d, explica o m\u00e9dico.<\/p>\n<p>O c\u00e2ncer de cabe\u00e7a e pesco\u00e7o tem como principal fator de risco o tabagismo, seguido do consumo de \u00e1lcool. Al\u00e9m desses fatores, a infec\u00e7\u00e3o pelo v\u00edrus HPV \u00e9 bastante associada ao c\u00e2ncer de orofaringe e a m\u00e1 higiene oral pode contribuir o desenvolvimento de c\u00e2ncer nessas regi\u00f5es. Sendo assim, \u00e9 fundamental conscientizar a popula\u00e7\u00e3o para a mudan\u00e7a de h\u00e1bitos. \u201cA combina\u00e7\u00e3o de cigarro e \u00e1lcool \u00e9 bomb\u00e1stica para todo e qualquer organismo e \u00e9 preciso investir muito na educa\u00e7\u00e3o para que as pessoas compreendam o perigo desses maus h\u00e1bitos\u201d, alerta David Pinheiro Cunha.<\/p>\n<p>A jornada da preven\u00e7\u00e3o ao tratamento do c\u00e2ncer de cabe\u00e7a e pesco\u00e7o no Brasil envolve uma abordagem multifacetada, que inclui mudan\u00e7as de comportamento, melhoria do acesso aos servi\u00e7os de sa\u00fade e o desenvolvimento de estrat\u00e9gias de tratamento personalizadas. A conscientiza\u00e7\u00e3o e a educa\u00e7\u00e3o cont\u00ednuas s\u00e3o cruciais para reduzir a incid\u00eancia e melhorar os resultados para os pacientes.<\/p>\n<p>LEIA MAIS<\/p>\n<p><a href=\"https:\/\/redenoticiaz.com.br\/blog\/2024\/07\/24\/video-cliente-mostra-o-penis-no-balcao-de-estabelecimento-em-jundiai\">V\u00cdDEO \u2013 Cliente mostra o p\u00eanis no balc\u00e3o de estabelecimento em Jundia\u00ed<\/a><\/p>\n<p><a href=\"https:\/\/redenoticiaz.com.br\/blog\/2024\/07\/24\/video-festa-julina-termina-com-grandes-shows-neste-final-de-semana\">V\u00cdDEO \u2013 Festa Julina termina com grandes shows neste final de semana<\/a><\/p>\n","protected":false},"excerpt":{"rendered":"<p>A incid\u00eancia do c\u00e2ncer de cabe\u00e7a e pesco\u00e7o vem acendendo um alerta importante sobre o estilo de vida moderno. Por abranger um grupo de c\u00e2nceres que afetam regi\u00f5es como a boca, faringe, laringe, gl\u00e2ndulas salivares, tireoide, cavidade nasal e os seios paranasais, o tabagismo e o alcoolismo aparecem como principais fatores de risco evit\u00e1veis desses &hellip;<\/p>\n","protected":false},"author":30,"featured_media":97977,"comment_status":"open","ping_status":"closed","sticky":false,"template":"","format":"standard","meta":{"footnotes":""},"categories":[23],"tags":[67505,63117,62110],"class_list":["post-117304","post","type-post","status-publish","format-standard","has-post-thumbnail","hentry","category-saude","tag-boca","tag-cancer-de-cabeca","tag-pescoco"],"yoast_head":"<!-- This site is optimized with the Yoast SEO plugin v27.4 - https:\/\/yoast.com\/product\/yoast-seo-wordpress\/ -->\n<title>Julho Verde alerta para o perigo do diagn\u00f3stico tardio do c\u00e2ncer de cabe\u00e7a e pesco\u00e7o - Litoral SP<\/title>\n<meta name=\"description\" content=\"A incid\u00eancia do c\u00e2ncer de cabe\u00e7a e pesco\u00e7o vem acendendo um alerta importante sobre o estilo de vida moderno.\" \/>\n<meta name=\"robots\" content=\"index, follow, max-snippet:-1, max-image-preview:large, max-video-preview:-1\" \/>\n<link rel=\"canonical\" href=\"https:\/\/redenoticiaz.com.br\/litoralsp\/2024\/07\/27\/julho-verde-alerta-para-o-perigo-do-diagnostico-tardio-do-cancer-de-cabeca-e-pescoco\" \/>\n<meta property=\"og:locale\" content=\"pt_BR\" \/>\n<meta property=\"og:type\" content=\"article\" \/>\n<meta property=\"og:title\" content=\"Julho Verde alerta para o perigo do diagn\u00f3stico tardio do c\u00e2ncer de cabe\u00e7a e pesco\u00e7o - Litoral SP\" \/>\n<meta property=\"og:description\" content=\"A incid\u00eancia do c\u00e2ncer de cabe\u00e7a e pesco\u00e7o vem acendendo um alerta importante sobre o estilo de vida moderno.\" \/>\n<meta property=\"og:url\" content=\"https:\/\/redenoticiaz.com.br\/litoralsp\/2024\/07\/27\/julho-verde-alerta-para-o-perigo-do-diagnostico-tardio-do-cancer-de-cabeca-e-pescoco\" \/>\n<meta property=\"og:site_name\" content=\"Litoral SP\" \/>\n<meta property=\"article:published_time\" content=\"2024-07-27T19:00:00+00:00\" \/>\n<meta property=\"og:image\" content=\"https:\/\/redenoticiaz.com.br\/litoralsp\/wp-content\/uploads\/sites\/3\/2022\/12\/laringe-pescoco-garganta-cancer-de-laringe-1664558252338_v2_900x506.jpg?v=1672442274\" \/>\n\t<meta property=\"og:image:width\" content=\"900\" \/>\n\t<meta property=\"og:image:height\" content=\"506\" \/>\n\t<meta property=\"og:image:type\" content=\"image\/jpeg\" \/>\n<meta name=\"author\" content=\"Carina Reifonas\" \/>\n<meta name=\"twitter:card\" content=\"summary_large_image\" \/>\n<meta name=\"twitter:label1\" content=\"Escrito por\" \/>\n\t<meta name=\"twitter:data1\" content=\"Carina Reifonas\" \/>\n\t<meta name=\"twitter:label2\" content=\"Est. tempo de leitura\" \/>\n\t<meta name=\"twitter:data2\" content=\"4 minutos\" \/>\n<script type=\"application\/ld+json\" class=\"yoast-schema-graph\">{\"@context\":\"https:\\\/\\\/schema.org\",\"@graph\":[{\"@type\":\"Article\",\"@id\":\"https:\\\/\\\/redenoticiaz.com.br\\\/litoralsp\\\/2024\\\/07\\\/27\\\/julho-verde-alerta-para-o-perigo-do-diagnostico-tardio-do-cancer-de-cabeca-e-pescoco#article\",\"isPartOf\":{\"@id\":\"https:\\\/\\\/redenoticiaz.com.br\\\/litoralsp\\\/2024\\\/07\\\/27\\\/julho-verde-alerta-para-o-perigo-do-diagnostico-tardio-do-cancer-de-cabeca-e-pescoco\"},\"author\":{\"name\":\"Carina Reifonas\",\"@id\":\"https:\\\/\\\/redenoticiaz.com.br\\\/litoralsp\\\/#\\\/schema\\\/person\\\/1f84d6e94e6a62d2d81199d7503e9e90\"},\"headline\":\"Julho Verde alerta para o perigo do diagn\u00f3stico tardio do c\u00e2ncer de cabe\u00e7a e pesco\u00e7o\",\"datePublished\":\"2024-07-27T19:00:00+00:00\",\"mainEntityOfPage\":{\"@id\":\"https:\\\/\\\/redenoticiaz.com.br\\\/litoralsp\\\/2024\\\/07\\\/27\\\/julho-verde-alerta-para-o-perigo-do-diagnostico-tardio-do-cancer-de-cabeca-e-pescoco\"},\"wordCount\":673,\"commentCount\":0,\"publisher\":{\"@id\":\"https:\\\/\\\/redenoticiaz.com.br\\\/litoralsp\\\/#organization\"},\"image\":{\"@id\":\"https:\\\/\\\/redenoticiaz.com.br\\\/litoralsp\\\/2024\\\/07\\\/27\\\/julho-verde-alerta-para-o-perigo-do-diagnostico-tardio-do-cancer-de-cabeca-e-pescoco#primaryimage\"},\"thumbnailUrl\":\"https:\\\/\\\/redenoticiaz.com.br\\\/litoralsp\\\/wp-content\\\/uploads\\\/sites\\\/3\\\/2022\\\/12\\\/laringe-pescoco-garganta-cancer-de-laringe-1664558252338_v2_900x506.jpg?v=1672442274\",\"keywords\":[\"Boca\",\"C\u00c2NCER DE CABE\u00c7A\",\"PESCO\u00c7O\"],\"articleSection\":[\"Sa\u00fade\"],\"inLanguage\":\"pt-BR\",\"potentialAction\":[{\"@type\":\"CommentAction\",\"name\":\"Comment\",\"target\":[\"https:\\\/\\\/redenoticiaz.com.br\\\/litoralsp\\\/2024\\\/07\\\/27\\\/julho-verde-alerta-para-o-perigo-do-diagnostico-tardio-do-cancer-de-cabeca-e-pescoco#respond\"]}]},{\"@type\":\"WebPage\",\"@id\":\"https:\\\/\\\/redenoticiaz.com.br\\\/litoralsp\\\/2024\\\/07\\\/27\\\/julho-verde-alerta-para-o-perigo-do-diagnostico-tardio-do-cancer-de-cabeca-e-pescoco\",\"url\":\"https:\\\/\\\/redenoticiaz.com.br\\\/litoralsp\\\/2024\\\/07\\\/27\\\/julho-verde-alerta-para-o-perigo-do-diagnostico-tardio-do-cancer-de-cabeca-e-pescoco\",\"name\":\"Julho Verde alerta para o perigo do diagn\u00f3stico tardio do c\u00e2ncer de cabe\u00e7a e pesco\u00e7o - Litoral SP\",\"isPartOf\":{\"@id\":\"https:\\\/\\\/redenoticiaz.com.br\\\/litoralsp\\\/#website\"},\"primaryImageOfPage\":{\"@id\":\"https:\\\/\\\/redenoticiaz.com.br\\\/litoralsp\\\/2024\\\/07\\\/27\\\/julho-verde-alerta-para-o-perigo-do-diagnostico-tardio-do-cancer-de-cabeca-e-pescoco#primaryimage\"},\"image\":{\"@id\":\"https:\\\/\\\/redenoticiaz.com.br\\\/litoralsp\\\/2024\\\/07\\\/27\\\/julho-verde-alerta-para-o-perigo-do-diagnostico-tardio-do-cancer-de-cabeca-e-pescoco#primaryimage\"},\"thumbnailUrl\":\"https:\\\/\\\/redenoticiaz.com.br\\\/litoralsp\\\/wp-content\\\/uploads\\\/sites\\\/3\\\/2022\\\/12\\\/laringe-pescoco-garganta-cancer-de-laringe-1664558252338_v2_900x506.jpg?v=1672442274\",\"datePublished\":\"2024-07-27T19:00:00+00:00\",\"description\":\"A incid\u00eancia do c\u00e2ncer de cabe\u00e7a e pesco\u00e7o vem acendendo um alerta importante sobre o estilo de vida moderno.\",\"inLanguage\":\"pt-BR\",\"potentialAction\":[{\"@type\":\"ReadAction\",\"target\":[\"https:\\\/\\\/redenoticiaz.com.br\\\/litoralsp\\\/2024\\\/07\\\/27\\\/julho-verde-alerta-para-o-perigo-do-diagnostico-tardio-do-cancer-de-cabeca-e-pescoco\"]}]},{\"@type\":\"ImageObject\",\"inLanguage\":\"pt-BR\",\"@id\":\"https:\\\/\\\/redenoticiaz.com.br\\\/litoralsp\\\/2024\\\/07\\\/27\\\/julho-verde-alerta-para-o-perigo-do-diagnostico-tardio-do-cancer-de-cabeca-e-pescoco#primaryimage\",\"url\":\"https:\\\/\\\/redenoticiaz.com.br\\\/litoralsp\\\/wp-content\\\/uploads\\\/sites\\\/3\\\/2022\\\/12\\\/laringe-pescoco-garganta-cancer-de-laringe-1664558252338_v2_900x506.jpg?v=1672442274\",\"contentUrl\":\"https:\\\/\\\/redenoticiaz.com.br\\\/litoralsp\\\/wp-content\\\/uploads\\\/sites\\\/3\\\/2022\\\/12\\\/laringe-pescoco-garganta-cancer-de-laringe-1664558252338_v2_900x506.jpg?v=1672442274\",\"width\":900,\"height\":506,\"caption\":\"Fumar aumenta em 216% o risco de desenvolver c\u00e2ncer de laringe\"},{\"@type\":\"WebSite\",\"@id\":\"https:\\\/\\\/redenoticiaz.com.br\\\/litoralsp\\\/#website\",\"url\":\"https:\\\/\\\/redenoticiaz.com.br\\\/litoralsp\\\/\",\"name\":\"Litoral SP\",\"description\":\"Rede NoticiaZ\",\"publisher\":{\"@id\":\"https:\\\/\\\/redenoticiaz.com.br\\\/litoralsp\\\/#organization\"},\"potentialAction\":[{\"@type\":\"SearchAction\",\"target\":{\"@type\":\"EntryPoint\",\"urlTemplate\":\"https:\\\/\\\/redenoticiaz.com.br\\\/litoralsp\\\/?s={search_term_string}\"},\"query-input\":{\"@type\":\"PropertyValueSpecification\",\"valueRequired\":true,\"valueName\":\"search_term_string\"}}],\"inLanguage\":\"pt-BR\"},{\"@type\":\"Organization\",\"@id\":\"https:\\\/\\\/redenoticiaz.com.br\\\/litoralsp\\\/#organization\",\"name\":\"Litoral SP\",\"url\":\"https:\\\/\\\/redenoticiaz.com.br\\\/litoralsp\\\/\",\"logo\":{\"@type\":\"ImageObject\",\"inLanguage\":\"pt-BR\",\"@id\":\"https:\\\/\\\/redenoticiaz.com.br\\\/litoralsp\\\/#\\\/schema\\\/logo\\\/image\\\/\",\"url\":\"https:\\\/\\\/redenoticiaz.com.br\\\/litoralsp\\\/wp-content\\\/uploads\\\/sites\\\/3\\\/2020\\\/11\\\/logo.jpg\",\"contentUrl\":\"https:\\\/\\\/redenoticiaz.com.br\\\/litoralsp\\\/wp-content\\\/uploads\\\/sites\\\/3\\\/2020\\\/11\\\/logo.jpg\",\"width\":400,\"height\":250,\"caption\":\"Litoral SP\"},\"image\":{\"@id\":\"https:\\\/\\\/redenoticiaz.com.br\\\/litoralsp\\\/#\\\/schema\\\/logo\\\/image\\\/\"}},{\"@type\":\"Person\",\"@id\":\"https:\\\/\\\/redenoticiaz.com.br\\\/litoralsp\\\/#\\\/schema\\\/person\\\/1f84d6e94e6a62d2d81199d7503e9e90\",\"name\":\"Carina Reifonas\",\"image\":{\"@type\":\"ImageObject\",\"inLanguage\":\"pt-BR\",\"@id\":\"https:\\\/\\\/secure.gravatar.com\\\/avatar\\\/04c59859b23696cf867715880f81d5c037e60109730bdb4e6670ec2a2245bc97?s=96&d=mm&r=g\",\"url\":\"https:\\\/\\\/secure.gravatar.com\\\/avatar\\\/04c59859b23696cf867715880f81d5c037e60109730bdb4e6670ec2a2245bc97?s=96&d=mm&r=g\",\"contentUrl\":\"https:\\\/\\\/secure.gravatar.com\\\/avatar\\\/04c59859b23696cf867715880f81d5c037e60109730bdb4e6670ec2a2245bc97?s=96&d=mm&r=g\",\"caption\":\"Carina Reifonas\"},\"url\":\"https:\\\/\\\/redenoticiaz.com.br\\\/litoralsp\\\/author\\\/carinareifonas\"}]}<\/script>\n<!-- \/ Yoast SEO plugin. -->","yoast_head_json":{"title":"Julho Verde alerta para o perigo do diagn\u00f3stico tardio do c\u00e2ncer de cabe\u00e7a e pesco\u00e7o - Litoral SP","description":"A incid\u00eancia do c\u00e2ncer de cabe\u00e7a e pesco\u00e7o vem acendendo um alerta importante sobre o estilo de vida moderno.","robots":{"index":"index","follow":"follow","max-snippet":"max-snippet:-1","max-image-preview":"max-image-preview:large","max-video-preview":"max-video-preview:-1"},"canonical":"https:\/\/redenoticiaz.com.br\/litoralsp\/2024\/07\/27\/julho-verde-alerta-para-o-perigo-do-diagnostico-tardio-do-cancer-de-cabeca-e-pescoco","og_locale":"pt_BR","og_type":"article","og_title":"Julho Verde alerta para o perigo do diagn\u00f3stico tardio do c\u00e2ncer de cabe\u00e7a e pesco\u00e7o - Litoral SP","og_description":"A incid\u00eancia do c\u00e2ncer de cabe\u00e7a e pesco\u00e7o vem acendendo um alerta importante sobre o estilo de vida moderno.","og_url":"https:\/\/redenoticiaz.com.br\/litoralsp\/2024\/07\/27\/julho-verde-alerta-para-o-perigo-do-diagnostico-tardio-do-cancer-de-cabeca-e-pescoco","og_site_name":"Litoral SP","article_published_time":"2024-07-27T19:00:00+00:00","og_image":[{"width":900,"height":506,"url":"https:\/\/redenoticiaz.com.br\/litoralsp\/wp-content\/uploads\/sites\/3\/2022\/12\/laringe-pescoco-garganta-cancer-de-laringe-1664558252338_v2_900x506.jpg?v=1672442274","type":"image\/jpeg"}],"author":"Carina Reifonas","twitter_card":"summary_large_image","twitter_misc":{"Escrito por":"Carina Reifonas","Est. tempo de leitura":"4 minutos"},"schema":{"@context":"https:\/\/schema.org","@graph":[{"@type":"Article","@id":"https:\/\/redenoticiaz.com.br\/litoralsp\/2024\/07\/27\/julho-verde-alerta-para-o-perigo-do-diagnostico-tardio-do-cancer-de-cabeca-e-pescoco#article","isPartOf":{"@id":"https:\/\/redenoticiaz.com.br\/litoralsp\/2024\/07\/27\/julho-verde-alerta-para-o-perigo-do-diagnostico-tardio-do-cancer-de-cabeca-e-pescoco"},"author":{"name":"Carina Reifonas","@id":"https:\/\/redenoticiaz.com.br\/litoralsp\/#\/schema\/person\/1f84d6e94e6a62d2d81199d7503e9e90"},"headline":"Julho Verde alerta para o perigo do diagn\u00f3stico tardio do c\u00e2ncer de cabe\u00e7a e pesco\u00e7o","datePublished":"2024-07-27T19:00:00+00:00","mainEntityOfPage":{"@id":"https:\/\/redenoticiaz.com.br\/litoralsp\/2024\/07\/27\/julho-verde-alerta-para-o-perigo-do-diagnostico-tardio-do-cancer-de-cabeca-e-pescoco"},"wordCount":673,"commentCount":0,"publisher":{"@id":"https:\/\/redenoticiaz.com.br\/litoralsp\/#organization"},"image":{"@id":"https:\/\/redenoticiaz.com.br\/litoralsp\/2024\/07\/27\/julho-verde-alerta-para-o-perigo-do-diagnostico-tardio-do-cancer-de-cabeca-e-pescoco#primaryimage"},"thumbnailUrl":"https:\/\/redenoticiaz.com.br\/litoralsp\/wp-content\/uploads\/sites\/3\/2022\/12\/laringe-pescoco-garganta-cancer-de-laringe-1664558252338_v2_900x506.jpg?v=1672442274","keywords":["Boca","C\u00c2NCER DE CABE\u00c7A","PESCO\u00c7O"],"articleSection":["Sa\u00fade"],"inLanguage":"pt-BR","potentialAction":[{"@type":"CommentAction","name":"Comment","target":["https:\/\/redenoticiaz.com.br\/litoralsp\/2024\/07\/27\/julho-verde-alerta-para-o-perigo-do-diagnostico-tardio-do-cancer-de-cabeca-e-pescoco#respond"]}]},{"@type":"WebPage","@id":"https:\/\/redenoticiaz.com.br\/litoralsp\/2024\/07\/27\/julho-verde-alerta-para-o-perigo-do-diagnostico-tardio-do-cancer-de-cabeca-e-pescoco","url":"https:\/\/redenoticiaz.com.br\/litoralsp\/2024\/07\/27\/julho-verde-alerta-para-o-perigo-do-diagnostico-tardio-do-cancer-de-cabeca-e-pescoco","name":"Julho Verde alerta para o perigo do diagn\u00f3stico tardio do c\u00e2ncer de cabe\u00e7a e pesco\u00e7o - Litoral SP","isPartOf":{"@id":"https:\/\/redenoticiaz.com.br\/litoralsp\/#website"},"primaryImageOfPage":{"@id":"https:\/\/redenoticiaz.com.br\/litoralsp\/2024\/07\/27\/julho-verde-alerta-para-o-perigo-do-diagnostico-tardio-do-cancer-de-cabeca-e-pescoco#primaryimage"},"image":{"@id":"https:\/\/redenoticiaz.com.br\/litoralsp\/2024\/07\/27\/julho-verde-alerta-para-o-perigo-do-diagnostico-tardio-do-cancer-de-cabeca-e-pescoco#primaryimage"},"thumbnailUrl":"https:\/\/redenoticiaz.com.br\/litoralsp\/wp-content\/uploads\/sites\/3\/2022\/12\/laringe-pescoco-garganta-cancer-de-laringe-1664558252338_v2_900x506.jpg?v=1672442274","datePublished":"2024-07-27T19:00:00+00:00","description":"A incid\u00eancia do c\u00e2ncer de cabe\u00e7a e pesco\u00e7o vem acendendo um alerta importante sobre o estilo de vida moderno.","inLanguage":"pt-BR","potentialAction":[{"@type":"ReadAction","target":["https:\/\/redenoticiaz.com.br\/litoralsp\/2024\/07\/27\/julho-verde-alerta-para-o-perigo-do-diagnostico-tardio-do-cancer-de-cabeca-e-pescoco"]}]},{"@type":"ImageObject","inLanguage":"pt-BR","@id":"https:\/\/redenoticiaz.com.br\/litoralsp\/2024\/07\/27\/julho-verde-alerta-para-o-perigo-do-diagnostico-tardio-do-cancer-de-cabeca-e-pescoco#primaryimage","url":"https:\/\/redenoticiaz.com.br\/litoralsp\/wp-content\/uploads\/sites\/3\/2022\/12\/laringe-pescoco-garganta-cancer-de-laringe-1664558252338_v2_900x506.jpg?v=1672442274","contentUrl":"https:\/\/redenoticiaz.com.br\/litoralsp\/wp-content\/uploads\/sites\/3\/2022\/12\/laringe-pescoco-garganta-cancer-de-laringe-1664558252338_v2_900x506.jpg?v=1672442274","width":900,"height":506,"caption":"Fumar aumenta em 216% o risco de desenvolver c\u00e2ncer de laringe"},{"@type":"WebSite","@id":"https:\/\/redenoticiaz.com.br\/litoralsp\/#website","url":"https:\/\/redenoticiaz.com.br\/litoralsp\/","name":"Litoral SP","description":"Rede NoticiaZ","publisher":{"@id":"https:\/\/redenoticiaz.com.br\/litoralsp\/#organization"},"potentialAction":[{"@type":"SearchAction","target":{"@type":"EntryPoint","urlTemplate":"https:\/\/redenoticiaz.com.br\/litoralsp\/?s={search_term_string}"},"query-input":{"@type":"PropertyValueSpecification","valueRequired":true,"valueName":"search_term_string"}}],"inLanguage":"pt-BR"},{"@type":"Organization","@id":"https:\/\/redenoticiaz.com.br\/litoralsp\/#organization","name":"Litoral SP","url":"https:\/\/redenoticiaz.com.br\/litoralsp\/","logo":{"@type":"ImageObject","inLanguage":"pt-BR","@id":"https:\/\/redenoticiaz.com.br\/litoralsp\/#\/schema\/logo\/image\/","url":"https:\/\/redenoticiaz.com.br\/litoralsp\/wp-content\/uploads\/sites\/3\/2020\/11\/logo.jpg","contentUrl":"https:\/\/redenoticiaz.com.br\/litoralsp\/wp-content\/uploads\/sites\/3\/2020\/11\/logo.jpg","width":400,"height":250,"caption":"Litoral SP"},"image":{"@id":"https:\/\/redenoticiaz.com.br\/litoralsp\/#\/schema\/logo\/image\/"}},{"@type":"Person","@id":"https:\/\/redenoticiaz.com.br\/litoralsp\/#\/schema\/person\/1f84d6e94e6a62d2d81199d7503e9e90","name":"Carina Reifonas","image":{"@type":"ImageObject","inLanguage":"pt-BR","@id":"https:\/\/secure.gravatar.com\/avatar\/04c59859b23696cf867715880f81d5c037e60109730bdb4e6670ec2a2245bc97?s=96&d=mm&r=g","url":"https:\/\/secure.gravatar.com\/avatar\/04c59859b23696cf867715880f81d5c037e60109730bdb4e6670ec2a2245bc97?s=96&d=mm&r=g","contentUrl":"https:\/\/secure.gravatar.com\/avatar\/04c59859b23696cf867715880f81d5c037e60109730bdb4e6670ec2a2245bc97?s=96&d=mm&r=g","caption":"Carina Reifonas"},"url":"https:\/\/redenoticiaz.com.br\/litoralsp\/author\/carinareifonas"}]}},"_links":{"self":[{"href":"https:\/\/redenoticiaz.com.br\/litoralsp\/wp-json\/wp\/v2\/posts\/117304","targetHints":{"allow":["GET"]}}],"collection":[{"href":"https:\/\/redenoticiaz.com.br\/litoralsp\/wp-json\/wp\/v2\/posts"}],"about":[{"href":"https:\/\/redenoticiaz.com.br\/litoralsp\/wp-json\/wp\/v2\/types\/post"}],"author":[{"embeddable":true,"href":"https:\/\/redenoticiaz.com.br\/litoralsp\/wp-json\/wp\/v2\/users\/30"}],"replies":[{"embeddable":true,"href":"https:\/\/redenoticiaz.com.br\/litoralsp\/wp-json\/wp\/v2\/comments?post=117304"}],"version-history":[{"count":1,"href":"https:\/\/redenoticiaz.com.br\/litoralsp\/wp-json\/wp\/v2\/posts\/117304\/revisions"}],"predecessor-version":[{"id":117362,"href":"https:\/\/redenoticiaz.com.br\/litoralsp\/wp-json\/wp\/v2\/posts\/117304\/revisions\/117362"}],"wp:featuredmedia":[{"embeddable":true,"href":"https:\/\/redenoticiaz.com.br\/litoralsp\/wp-json\/wp\/v2\/media\/97977"}],"wp:attachment":[{"href":"https:\/\/redenoticiaz.com.br\/litoralsp\/wp-json\/wp\/v2\/media?parent=117304"}],"wp:term":[{"taxonomy":"category","embeddable":true,"href":"https:\/\/redenoticiaz.com.br\/litoralsp\/wp-json\/wp\/v2\/categories?post=117304"},{"taxonomy":"post_tag","embeddable":true,"href":"https:\/\/redenoticiaz.com.br\/litoralsp\/wp-json\/wp\/v2\/tags?post=117304"}],"curies":[{"name":"wp","href":"https:\/\/api.w.org\/{rel}","templated":true}]}}