{"id":117314,"date":"2024-07-25T18:00:33","date_gmt":"2024-07-25T21:00:33","guid":{"rendered":"https:\/\/redenoticiaz.com.br\/litoralsp\/?p=117314"},"modified":"2024-07-25T16:11:20","modified_gmt":"2024-07-25T19:11:20","slug":"idosa-e-condenada-por-racismo-ao-comparar-auxiliar-geral-de-predio-com-macacos","status":"publish","type":"post","link":"https:\/\/redenoticiaz.com.br\/litoralsp\/2024\/07\/25\/idosa-e-condenada-por-racismo-ao-comparar-auxiliar-geral-de-predio-com-macacos","title":{"rendered":"Idosa \u00e9 condenada por racismo ao comparar auxiliar geral de pr\u00e9dio com macacos"},"content":{"rendered":"<p>Uma idosa, de 60 anos, foi condenada a 2 anos de reclus\u00e3o em regime aberto e 10 dias de multa por racismo ap\u00f3s comparar o auxiliar geral do pr\u00e9dio em que mora, em santos, com macacos que n\u00e3o ouvem, n\u00e3o enxergam e n\u00e3o falam.<\/p>\n<p>Por ser r\u00e9 prim\u00e1ria, a ju\u00edza da 3\u00aa vara criminal da cidade substituiu a priva\u00e7\u00e3o da liberdade pelo pagamento de tr\u00eas sal\u00e1rios m\u00ednimos, ou seja, R$ 4.236.<\/p>\n<p>O crime ocorreu em abril do ano passado. Na ocasi\u00e3o, a v\u00edtima, de 33 anos, estava trabalhando no edif\u00edcio, no bairro jos\u00e9 menino, quando a moradora fez uma pergunta sobre o funcionamento do elevador. Ele n\u00e3o soube responder, ocasi\u00e3o em que a mulher o ofendeu com o coment\u00e1rio racista.<\/p>\n<p>De acordo com a senten\u00e7a, a ju\u00edza carla milhomens lopes de figueiredo gon\u00e7alves de bonis reconheceu que a justificativa apresentada pela acusada nos autos &#8216;n\u00e3o se presta a afastar o dolo de ofender a honra da v\u00edtima por sua cor e ra\u00e7a&#8217;.<\/p>\n<p>Ainda de acordo com a senten\u00e7a de 18 de julho deste ano, a ju\u00edza afirmou que \u00e9 importante considerar que, pelo contexto hist\u00f3rico do pa\u00eds, o emprego da palavra &#8220;macaco&#8221; possui peso distinto quando diante de pessoas negras e brancas.<\/p>\n<p>Leia mais<\/p>\n<p><a href=\"https:\/\/redenoticiaz.com.br\/litoralsp\/2024\/07\/25\/conheca-a-goleira-do-handebol-feminino-que-esta-encantando-nas-olimpiadas\">Conhe\u00e7a a goleira do handebol feminino que est\u00e1 encantando nas Olimp\u00edadas<\/a><\/p>\n<p><a href=\"https:\/\/redenoticiaz.com.br\/litoralsp\/2024\/07\/25\/vaga-100-remota-no-grupo-fleury\">Vaga 100% remota no Grupo Fleury<\/a><\/p>\n","protected":false},"excerpt":{"rendered":"<p>Uma idosa, de 60 anos, foi condenada a 2 anos de reclus\u00e3o em regime aberto e 10 dias de multa por racismo ap\u00f3s comparar o auxiliar geral do pr\u00e9dio em que mora, em santos, com macacos que n\u00e3o ouvem, n\u00e3o enxergam e n\u00e3o falam. Por ser r\u00e9 prim\u00e1ria, a ju\u00edza da 3\u00aa vara criminal da &hellip;<\/p>\n","protected":false},"author":12,"featured_media":98364,"comment_status":"open","ping_status":"closed","sticky":false,"template":"","format":"standard","meta":{"footnotes":""},"categories":[10,180],"tags":[9613,1665,986],"class_list":["post-117314","post","type-post","status-publish","format-standard","has-post-thumbnail","hentry","category-policia","category-santos","tag-idosa","tag-racismo","tag-santos"],"yoast_head":"<!-- This site is optimized with the Yoast SEO plugin v27.5 - https:\/\/yoast.com\/product\/yoast-seo-wordpress\/ -->\n<title>Idosa \u00e9 condenada por racismo ao comparar auxiliar geral de pr\u00e9dio com macacos - Litoral SP<\/title>\n<meta name=\"description\" content=\"Uma idosa, de 60 anos, foi condenada a 2 anos de reclus\u00e3o em regime aberto e 10 dias de multa por racismo ap\u00f3s comparar o auxiliar geral do pr\u00e9dio em que mora, em santos, com macacos que n\u00e3o ouvem, n\u00e3o enxergam e n\u00e3o falam.\" \/>\n<meta name=\"robots\" content=\"index, follow, max-snippet:-1, max-image-preview:large, max-video-preview:-1\" \/>\n<link rel=\"canonical\" href=\"https:\/\/redenoticiaz.com.br\/litoralsp\/2024\/07\/25\/idosa-e-condenada-por-racismo-ao-comparar-auxiliar-geral-de-predio-com-macacos\" \/>\n<meta property=\"og:locale\" content=\"pt_BR\" \/>\n<meta property=\"og:type\" content=\"article\" \/>\n<meta property=\"og:title\" content=\"Idosa \u00e9 condenada por racismo ao comparar auxiliar geral de pr\u00e9dio com macacos - Litoral SP\" \/>\n<meta property=\"og:description\" content=\"Uma idosa, de 60 anos, foi condenada a 2 anos de reclus\u00e3o em regime aberto e 10 dias de multa por racismo ap\u00f3s comparar o auxiliar geral do pr\u00e9dio em que mora, em santos, com macacos que n\u00e3o ouvem, n\u00e3o enxergam e n\u00e3o falam.\" \/>\n<meta property=\"og:url\" content=\"https:\/\/redenoticiaz.com.br\/litoralsp\/2024\/07\/25\/idosa-e-condenada-por-racismo-ao-comparar-auxiliar-geral-de-predio-com-macacos\" \/>\n<meta property=\"og:site_name\" content=\"Litoral SP\" \/>\n<meta property=\"article:published_time\" content=\"2024-07-25T21:00:33+00:00\" \/>\n<meta property=\"og:image\" content=\"https:\/\/redenoticiaz.com.br\/litoralsp\/wp-content\/uploads\/sites\/3\/2023\/01\/racismo-no-brasil-scaled-1-scaled.jpg\" \/>\n\t<meta property=\"og:image:width\" content=\"1521\" \/>\n\t<meta property=\"og:image:height\" content=\"1080\" \/>\n\t<meta property=\"og:image:type\" content=\"image\/jpeg\" \/>\n<meta name=\"author\" content=\"Gustavo Silva\" \/>\n<meta name=\"twitter:card\" content=\"summary_large_image\" \/>\n<meta name=\"twitter:label1\" content=\"Escrito por\" \/>\n\t<meta name=\"twitter:data1\" content=\"Gustavo Silva\" \/>\n\t<meta name=\"twitter:label2\" content=\"Est. tempo de leitura\" \/>\n\t<meta name=\"twitter:data2\" content=\"2 minutos\" \/>\n<script type=\"application\/ld+json\" class=\"yoast-schema-graph\">{\"@context\":\"https:\\\/\\\/schema.org\",\"@graph\":[{\"@type\":\"Article\",\"@id\":\"https:\\\/\\\/redenoticiaz.com.br\\\/litoralsp\\\/2024\\\/07\\\/25\\\/idosa-e-condenada-por-racismo-ao-comparar-auxiliar-geral-de-predio-com-macacos#article\",\"isPartOf\":{\"@id\":\"https:\\\/\\\/redenoticiaz.com.br\\\/litoralsp\\\/2024\\\/07\\\/25\\\/idosa-e-condenada-por-racismo-ao-comparar-auxiliar-geral-de-predio-com-macacos\"},\"author\":{\"name\":\"Gustavo Silva\",\"@id\":\"https:\\\/\\\/redenoticiaz.com.br\\\/litoralsp\\\/#\\\/schema\\\/person\\\/16057b37a3c0ee6b096d7f887c566e2e\"},\"headline\":\"Idosa \u00e9 condenada por racismo ao comparar auxiliar geral de pr\u00e9dio com macacos\",\"datePublished\":\"2024-07-25T21:00:33+00:00\",\"mainEntityOfPage\":{\"@id\":\"https:\\\/\\\/redenoticiaz.com.br\\\/litoralsp\\\/2024\\\/07\\\/25\\\/idosa-e-condenada-por-racismo-ao-comparar-auxiliar-geral-de-predio-com-macacos\"},\"wordCount\":255,\"commentCount\":0,\"publisher\":{\"@id\":\"https:\\\/\\\/redenoticiaz.com.br\\\/litoralsp\\\/#organization\"},\"image\":{\"@id\":\"https:\\\/\\\/redenoticiaz.com.br\\\/litoralsp\\\/2024\\\/07\\\/25\\\/idosa-e-condenada-por-racismo-ao-comparar-auxiliar-geral-de-predio-com-macacos#primaryimage\"},\"thumbnailUrl\":\"https:\\\/\\\/redenoticiaz.com.br\\\/litoralsp\\\/wp-content\\\/uploads\\\/sites\\\/3\\\/2023\\\/01\\\/racismo-no-brasil-scaled-1-scaled.jpg\",\"keywords\":[\"IDOSA\",\"RACISMO\",\"Santos\"],\"articleSection\":[\"Pol\u00edcia\",\"Santos\"],\"inLanguage\":\"pt-BR\",\"potentialAction\":[{\"@type\":\"CommentAction\",\"name\":\"Comment\",\"target\":[\"https:\\\/\\\/redenoticiaz.com.br\\\/litoralsp\\\/2024\\\/07\\\/25\\\/idosa-e-condenada-por-racismo-ao-comparar-auxiliar-geral-de-predio-com-macacos#respond\"]}]},{\"@type\":\"WebPage\",\"@id\":\"https:\\\/\\\/redenoticiaz.com.br\\\/litoralsp\\\/2024\\\/07\\\/25\\\/idosa-e-condenada-por-racismo-ao-comparar-auxiliar-geral-de-predio-com-macacos\",\"url\":\"https:\\\/\\\/redenoticiaz.com.br\\\/litoralsp\\\/2024\\\/07\\\/25\\\/idosa-e-condenada-por-racismo-ao-comparar-auxiliar-geral-de-predio-com-macacos\",\"name\":\"Idosa \u00e9 condenada por racismo ao comparar auxiliar geral de pr\u00e9dio com macacos - Litoral SP\",\"isPartOf\":{\"@id\":\"https:\\\/\\\/redenoticiaz.com.br\\\/litoralsp\\\/#website\"},\"primaryImageOfPage\":{\"@id\":\"https:\\\/\\\/redenoticiaz.com.br\\\/litoralsp\\\/2024\\\/07\\\/25\\\/idosa-e-condenada-por-racismo-ao-comparar-auxiliar-geral-de-predio-com-macacos#primaryimage\"},\"image\":{\"@id\":\"https:\\\/\\\/redenoticiaz.com.br\\\/litoralsp\\\/2024\\\/07\\\/25\\\/idosa-e-condenada-por-racismo-ao-comparar-auxiliar-geral-de-predio-com-macacos#primaryimage\"},\"thumbnailUrl\":\"https:\\\/\\\/redenoticiaz.com.br\\\/litoralsp\\\/wp-content\\\/uploads\\\/sites\\\/3\\\/2023\\\/01\\\/racismo-no-brasil-scaled-1-scaled.jpg\",\"datePublished\":\"2024-07-25T21:00:33+00:00\",\"description\":\"Uma idosa, de 60 anos, foi condenada a 2 anos de reclus\u00e3o em regime aberto e 10 dias de multa por racismo ap\u00f3s comparar o auxiliar geral do pr\u00e9dio em que mora, em santos, com macacos que n\u00e3o ouvem, n\u00e3o enxergam e n\u00e3o falam.\",\"inLanguage\":\"pt-BR\",\"potentialAction\":[{\"@type\":\"ReadAction\",\"target\":[\"https:\\\/\\\/redenoticiaz.com.br\\\/litoralsp\\\/2024\\\/07\\\/25\\\/idosa-e-condenada-por-racismo-ao-comparar-auxiliar-geral-de-predio-com-macacos\"]}]},{\"@type\":\"ImageObject\",\"inLanguage\":\"pt-BR\",\"@id\":\"https:\\\/\\\/redenoticiaz.com.br\\\/litoralsp\\\/2024\\\/07\\\/25\\\/idosa-e-condenada-por-racismo-ao-comparar-auxiliar-geral-de-predio-com-macacos#primaryimage\",\"url\":\"https:\\\/\\\/redenoticiaz.com.br\\\/litoralsp\\\/wp-content\\\/uploads\\\/sites\\\/3\\\/2023\\\/01\\\/racismo-no-brasil-scaled-1-scaled.jpg\",\"contentUrl\":\"https:\\\/\\\/redenoticiaz.com.br\\\/litoralsp\\\/wp-content\\\/uploads\\\/sites\\\/3\\\/2023\\\/01\\\/racismo-no-brasil-scaled-1-scaled.jpg\",\"width\":1521,\"height\":1080,\"caption\":\"Cr\u00e9ditos: Reprodu\u00e7\u00e3o\"},{\"@type\":\"WebSite\",\"@id\":\"https:\\\/\\\/redenoticiaz.com.br\\\/litoralsp\\\/#website\",\"url\":\"https:\\\/\\\/redenoticiaz.com.br\\\/litoralsp\\\/\",\"name\":\"Litoral SP\",\"description\":\"Rede NoticiaZ\",\"publisher\":{\"@id\":\"https:\\\/\\\/redenoticiaz.com.br\\\/litoralsp\\\/#organization\"},\"potentialAction\":[{\"@type\":\"SearchAction\",\"target\":{\"@type\":\"EntryPoint\",\"urlTemplate\":\"https:\\\/\\\/redenoticiaz.com.br\\\/litoralsp\\\/?s={search_term_string}\"},\"query-input\":{\"@type\":\"PropertyValueSpecification\",\"valueRequired\":true,\"valueName\":\"search_term_string\"}}],\"inLanguage\":\"pt-BR\"},{\"@type\":\"Organization\",\"@id\":\"https:\\\/\\\/redenoticiaz.com.br\\\/litoralsp\\\/#organization\",\"name\":\"Litoral SP\",\"url\":\"https:\\\/\\\/redenoticiaz.com.br\\\/litoralsp\\\/\",\"logo\":{\"@type\":\"ImageObject\",\"inLanguage\":\"pt-BR\",\"@id\":\"https:\\\/\\\/redenoticiaz.com.br\\\/litoralsp\\\/#\\\/schema\\\/logo\\\/image\\\/\",\"url\":\"https:\\\/\\\/redenoticiaz.com.br\\\/litoralsp\\\/wp-content\\\/uploads\\\/sites\\\/3\\\/2020\\\/11\\\/logo.jpg\",\"contentUrl\":\"https:\\\/\\\/redenoticiaz.com.br\\\/litoralsp\\\/wp-content\\\/uploads\\\/sites\\\/3\\\/2020\\\/11\\\/logo.jpg\",\"width\":400,\"height\":250,\"caption\":\"Litoral SP\"},\"image\":{\"@id\":\"https:\\\/\\\/redenoticiaz.com.br\\\/litoralsp\\\/#\\\/schema\\\/logo\\\/image\\\/\"}},{\"@type\":\"Person\",\"@id\":\"https:\\\/\\\/redenoticiaz.com.br\\\/litoralsp\\\/#\\\/schema\\\/person\\\/16057b37a3c0ee6b096d7f887c566e2e\",\"name\":\"Gustavo Silva\",\"image\":{\"@type\":\"ImageObject\",\"inLanguage\":\"pt-BR\",\"@id\":\"https:\\\/\\\/secure.gravatar.com\\\/avatar\\\/3ee4e82f93b26de0a7cf4ea5eb7893da637ed6bb0c9170c58065944c56e28a33?s=96&d=mm&r=g\",\"url\":\"https:\\\/\\\/secure.gravatar.com\\\/avatar\\\/3ee4e82f93b26de0a7cf4ea5eb7893da637ed6bb0c9170c58065944c56e28a33?s=96&d=mm&r=g\",\"contentUrl\":\"https:\\\/\\\/secure.gravatar.com\\\/avatar\\\/3ee4e82f93b26de0a7cf4ea5eb7893da637ed6bb0c9170c58065944c56e28a33?s=96&d=mm&r=g\",\"caption\":\"Gustavo Silva\"},\"url\":\"https:\\\/\\\/redenoticiaz.com.br\\\/litoralsp\\\/author\\\/gustavosilva\"}]}<\/script>\n<!-- \/ Yoast SEO plugin. -->","yoast_head_json":{"title":"Idosa \u00e9 condenada por racismo ao comparar auxiliar geral de pr\u00e9dio com macacos - Litoral SP","description":"Uma idosa, de 60 anos, foi condenada a 2 anos de reclus\u00e3o em regime aberto e 10 dias de multa por racismo ap\u00f3s comparar o auxiliar geral do pr\u00e9dio em que mora, em santos, com macacos que n\u00e3o ouvem, n\u00e3o enxergam e n\u00e3o falam.","robots":{"index":"index","follow":"follow","max-snippet":"max-snippet:-1","max-image-preview":"max-image-preview:large","max-video-preview":"max-video-preview:-1"},"canonical":"https:\/\/redenoticiaz.com.br\/litoralsp\/2024\/07\/25\/idosa-e-condenada-por-racismo-ao-comparar-auxiliar-geral-de-predio-com-macacos","og_locale":"pt_BR","og_type":"article","og_title":"Idosa \u00e9 condenada por racismo ao comparar auxiliar geral de pr\u00e9dio com macacos - Litoral SP","og_description":"Uma idosa, de 60 anos, foi condenada a 2 anos de reclus\u00e3o em regime aberto e 10 dias de multa por racismo ap\u00f3s comparar o auxiliar geral do pr\u00e9dio em que mora, em santos, com macacos que n\u00e3o ouvem, n\u00e3o enxergam e n\u00e3o falam.","og_url":"https:\/\/redenoticiaz.com.br\/litoralsp\/2024\/07\/25\/idosa-e-condenada-por-racismo-ao-comparar-auxiliar-geral-de-predio-com-macacos","og_site_name":"Litoral SP","article_published_time":"2024-07-25T21:00:33+00:00","og_image":[{"width":1521,"height":1080,"url":"https:\/\/redenoticiaz.com.br\/litoralsp\/wp-content\/uploads\/sites\/3\/2023\/01\/racismo-no-brasil-scaled-1-scaled.jpg","type":"image\/jpeg"}],"author":"Gustavo Silva","twitter_card":"summary_large_image","twitter_misc":{"Escrito por":"Gustavo Silva","Est. tempo de leitura":"2 minutos"},"schema":{"@context":"https:\/\/schema.org","@graph":[{"@type":"Article","@id":"https:\/\/redenoticiaz.com.br\/litoralsp\/2024\/07\/25\/idosa-e-condenada-por-racismo-ao-comparar-auxiliar-geral-de-predio-com-macacos#article","isPartOf":{"@id":"https:\/\/redenoticiaz.com.br\/litoralsp\/2024\/07\/25\/idosa-e-condenada-por-racismo-ao-comparar-auxiliar-geral-de-predio-com-macacos"},"author":{"name":"Gustavo Silva","@id":"https:\/\/redenoticiaz.com.br\/litoralsp\/#\/schema\/person\/16057b37a3c0ee6b096d7f887c566e2e"},"headline":"Idosa \u00e9 condenada por racismo ao comparar auxiliar geral de pr\u00e9dio com macacos","datePublished":"2024-07-25T21:00:33+00:00","mainEntityOfPage":{"@id":"https:\/\/redenoticiaz.com.br\/litoralsp\/2024\/07\/25\/idosa-e-condenada-por-racismo-ao-comparar-auxiliar-geral-de-predio-com-macacos"},"wordCount":255,"commentCount":0,"publisher":{"@id":"https:\/\/redenoticiaz.com.br\/litoralsp\/#organization"},"image":{"@id":"https:\/\/redenoticiaz.com.br\/litoralsp\/2024\/07\/25\/idosa-e-condenada-por-racismo-ao-comparar-auxiliar-geral-de-predio-com-macacos#primaryimage"},"thumbnailUrl":"https:\/\/redenoticiaz.com.br\/litoralsp\/wp-content\/uploads\/sites\/3\/2023\/01\/racismo-no-brasil-scaled-1-scaled.jpg","keywords":["IDOSA","RACISMO","Santos"],"articleSection":["Pol\u00edcia","Santos"],"inLanguage":"pt-BR","potentialAction":[{"@type":"CommentAction","name":"Comment","target":["https:\/\/redenoticiaz.com.br\/litoralsp\/2024\/07\/25\/idosa-e-condenada-por-racismo-ao-comparar-auxiliar-geral-de-predio-com-macacos#respond"]}]},{"@type":"WebPage","@id":"https:\/\/redenoticiaz.com.br\/litoralsp\/2024\/07\/25\/idosa-e-condenada-por-racismo-ao-comparar-auxiliar-geral-de-predio-com-macacos","url":"https:\/\/redenoticiaz.com.br\/litoralsp\/2024\/07\/25\/idosa-e-condenada-por-racismo-ao-comparar-auxiliar-geral-de-predio-com-macacos","name":"Idosa \u00e9 condenada por racismo ao comparar auxiliar geral de pr\u00e9dio com macacos - Litoral SP","isPartOf":{"@id":"https:\/\/redenoticiaz.com.br\/litoralsp\/#website"},"primaryImageOfPage":{"@id":"https:\/\/redenoticiaz.com.br\/litoralsp\/2024\/07\/25\/idosa-e-condenada-por-racismo-ao-comparar-auxiliar-geral-de-predio-com-macacos#primaryimage"},"image":{"@id":"https:\/\/redenoticiaz.com.br\/litoralsp\/2024\/07\/25\/idosa-e-condenada-por-racismo-ao-comparar-auxiliar-geral-de-predio-com-macacos#primaryimage"},"thumbnailUrl":"https:\/\/redenoticiaz.com.br\/litoralsp\/wp-content\/uploads\/sites\/3\/2023\/01\/racismo-no-brasil-scaled-1-scaled.jpg","datePublished":"2024-07-25T21:00:33+00:00","description":"Uma idosa, de 60 anos, foi condenada a 2 anos de reclus\u00e3o em regime aberto e 10 dias de multa por racismo ap\u00f3s comparar o auxiliar geral do pr\u00e9dio em que mora, em santos, com macacos que n\u00e3o ouvem, n\u00e3o enxergam e n\u00e3o falam.","inLanguage":"pt-BR","potentialAction":[{"@type":"ReadAction","target":["https:\/\/redenoticiaz.com.br\/litoralsp\/2024\/07\/25\/idosa-e-condenada-por-racismo-ao-comparar-auxiliar-geral-de-predio-com-macacos"]}]},{"@type":"ImageObject","inLanguage":"pt-BR","@id":"https:\/\/redenoticiaz.com.br\/litoralsp\/2024\/07\/25\/idosa-e-condenada-por-racismo-ao-comparar-auxiliar-geral-de-predio-com-macacos#primaryimage","url":"https:\/\/redenoticiaz.com.br\/litoralsp\/wp-content\/uploads\/sites\/3\/2023\/01\/racismo-no-brasil-scaled-1-scaled.jpg","contentUrl":"https:\/\/redenoticiaz.com.br\/litoralsp\/wp-content\/uploads\/sites\/3\/2023\/01\/racismo-no-brasil-scaled-1-scaled.jpg","width":1521,"height":1080,"caption":"Cr\u00e9ditos: Reprodu\u00e7\u00e3o"},{"@type":"WebSite","@id":"https:\/\/redenoticiaz.com.br\/litoralsp\/#website","url":"https:\/\/redenoticiaz.com.br\/litoralsp\/","name":"Litoral SP","description":"Rede NoticiaZ","publisher":{"@id":"https:\/\/redenoticiaz.com.br\/litoralsp\/#organization"},"potentialAction":[{"@type":"SearchAction","target":{"@type":"EntryPoint","urlTemplate":"https:\/\/redenoticiaz.com.br\/litoralsp\/?s={search_term_string}"},"query-input":{"@type":"PropertyValueSpecification","valueRequired":true,"valueName":"search_term_string"}}],"inLanguage":"pt-BR"},{"@type":"Organization","@id":"https:\/\/redenoticiaz.com.br\/litoralsp\/#organization","name":"Litoral SP","url":"https:\/\/redenoticiaz.com.br\/litoralsp\/","logo":{"@type":"ImageObject","inLanguage":"pt-BR","@id":"https:\/\/redenoticiaz.com.br\/litoralsp\/#\/schema\/logo\/image\/","url":"https:\/\/redenoticiaz.com.br\/litoralsp\/wp-content\/uploads\/sites\/3\/2020\/11\/logo.jpg","contentUrl":"https:\/\/redenoticiaz.com.br\/litoralsp\/wp-content\/uploads\/sites\/3\/2020\/11\/logo.jpg","width":400,"height":250,"caption":"Litoral SP"},"image":{"@id":"https:\/\/redenoticiaz.com.br\/litoralsp\/#\/schema\/logo\/image\/"}},{"@type":"Person","@id":"https:\/\/redenoticiaz.com.br\/litoralsp\/#\/schema\/person\/16057b37a3c0ee6b096d7f887c566e2e","name":"Gustavo Silva","image":{"@type":"ImageObject","inLanguage":"pt-BR","@id":"https:\/\/secure.gravatar.com\/avatar\/3ee4e82f93b26de0a7cf4ea5eb7893da637ed6bb0c9170c58065944c56e28a33?s=96&d=mm&r=g","url":"https:\/\/secure.gravatar.com\/avatar\/3ee4e82f93b26de0a7cf4ea5eb7893da637ed6bb0c9170c58065944c56e28a33?s=96&d=mm&r=g","contentUrl":"https:\/\/secure.gravatar.com\/avatar\/3ee4e82f93b26de0a7cf4ea5eb7893da637ed6bb0c9170c58065944c56e28a33?s=96&d=mm&r=g","caption":"Gustavo Silva"},"url":"https:\/\/redenoticiaz.com.br\/litoralsp\/author\/gustavosilva"}]}},"_links":{"self":[{"href":"https:\/\/redenoticiaz.com.br\/litoralsp\/wp-json\/wp\/v2\/posts\/117314","targetHints":{"allow":["GET"]}}],"collection":[{"href":"https:\/\/redenoticiaz.com.br\/litoralsp\/wp-json\/wp\/v2\/posts"}],"about":[{"href":"https:\/\/redenoticiaz.com.br\/litoralsp\/wp-json\/wp\/v2\/types\/post"}],"author":[{"embeddable":true,"href":"https:\/\/redenoticiaz.com.br\/litoralsp\/wp-json\/wp\/v2\/users\/12"}],"replies":[{"embeddable":true,"href":"https:\/\/redenoticiaz.com.br\/litoralsp\/wp-json\/wp\/v2\/comments?post=117314"}],"version-history":[{"count":2,"href":"https:\/\/redenoticiaz.com.br\/litoralsp\/wp-json\/wp\/v2\/posts\/117314\/revisions"}],"predecessor-version":[{"id":117316,"href":"https:\/\/redenoticiaz.com.br\/litoralsp\/wp-json\/wp\/v2\/posts\/117314\/revisions\/117316"}],"wp:featuredmedia":[{"embeddable":true,"href":"https:\/\/redenoticiaz.com.br\/litoralsp\/wp-json\/wp\/v2\/media\/98364"}],"wp:attachment":[{"href":"https:\/\/redenoticiaz.com.br\/litoralsp\/wp-json\/wp\/v2\/media?parent=117314"}],"wp:term":[{"taxonomy":"category","embeddable":true,"href":"https:\/\/redenoticiaz.com.br\/litoralsp\/wp-json\/wp\/v2\/categories?post=117314"},{"taxonomy":"post_tag","embeddable":true,"href":"https:\/\/redenoticiaz.com.br\/litoralsp\/wp-json\/wp\/v2\/tags?post=117314"}],"curies":[{"name":"wp","href":"https:\/\/api.w.org\/{rel}","templated":true}]}}