{"id":11738,"date":"2021-07-23T13:38:12","date_gmt":"2021-07-23T16:38:12","guid":{"rendered":"https:\/\/redenoticiaz.com.br\/litoralsp\/?p=11738"},"modified":"2021-07-23T13:38:42","modified_gmt":"2021-07-23T16:38:42","slug":"cubatao-tem-um-unico-posto-para-aplicar-a-segunda-dose-da-vacina-contra-a-covid-19","status":"publish","type":"post","link":"https:\/\/redenoticiaz.com.br\/litoralsp\/2021\/07\/23\/cubatao-tem-um-unico-posto-para-aplicar-a-segunda-dose-da-vacina-contra-a-covid-19","title":{"rendered":"Cubat\u00e3o tem um \u00fanico posto para aplicar a segunda dose da vacina contra a Covid-19"},"content":{"rendered":"<p>Quem precisa tomar a <strong>segunda dose<\/strong> da vacina contra a Covid-19 em <a href=\"http:\/\/www.cubatao.sp.gov.br\/\">Cubat\u00e3o<\/a>, ter\u00e1 apenas um posto de vacina\u00e7\u00e3o. A popula\u00e7\u00e3o deve ir at\u00e9 o Centro Esportivo Pita, na Vila Nova para a imuniza\u00e7\u00e3o. O ciclo vacinal precisa ser completa.<\/p>\n<p>A Prefeitura de Cubat\u00e3o explica que esta medida serve para eliminar as filas e aglomera\u00e7\u00f5es nas unidades de sa\u00fade. Os locais, al\u00e9m de vacinarem contra o coronav\u00edrus, tamb\u00e9m s\u00e3o usadas para a imuniza\u00e7\u00e3o contra a gripe.<\/p>\n<p>O endere\u00e7o do Centro Esportivo Pita fica na Rua Arlindo Leandro, 13, entre 9h e 15h. Al\u00e9m de documento com foto, CPF e comprovante de resid\u00eancia, o morador dever\u00e1 comparecer ao local com o cart\u00e3o de vacina\u00e7\u00e3o, comprovando a aplica\u00e7\u00e3o da primeira dose do imunizante.<\/p>\n<div class=\"mc-column content-text active-extra-styles\" data-block-type=\"raw\" data-block-weight=\"3\" data-block-id=\"5\">\n<div class=\"content-intertitle\">\n<h2>Vacina\u00e7\u00e3o em Cubat\u00e3o<\/h2>\n<\/div>\n<\/div>\n<div class=\"mc-column content-text active-extra-styles \" data-block-type=\"unstyled\" data-block-weight=\"45\" data-block-id=\"6\">\n<p class=\"content-text__container \" data-track-category=\"Link no Texto\" data-track-links=\"\">Atualmente, a cidade est\u00e1 imunizando pessoas com idade entre 27 e 31 anos em dez unidades de sa\u00fade. Elas funcionar\u00e3o das 8h30 \u00e0s 16h, mas somente para primeiras doses. Para ser imunizado, \u00e9 necess\u00e1rio levar documento com foto e comprovante de resid\u00eancia.<\/p>\n<\/div>\n<div class=\"mc-column content-text active-extra-styles\" data-block-type=\"raw\" data-block-weight=\"5\" data-block-id=\"7\">\n<div class=\"content-intertitle\">\n<h2>Confira os locais de vacina\u00e7\u00e3o:<\/h2>\n<p><strong>UBS<\/strong><\/p>\n<ul>\n<li>Jardim Casqueiro (Rua Espanha, s\/n\u00ba);<\/li>\n<li>Vila Nova (Rua S\u00e3o Jo\u00e3o, 185);<\/li>\n<li>Jardim 31 de Mar\u00e7o (Rua Ant\u00f4nio Sim\u00f5es de Almeida, s\/n\u00ba);<\/li>\n<\/ul>\n<p><strong>USF<\/strong><\/p>\n<\/div>\n<\/div>\n<div class=\"mc-column content-text active-extra-styles\" data-block-type=\"raw\" data-block-weight=\"87\" data-block-id=\"8\">\n<ul class=\"content-unordered-list\">\n<li>Jardim Nova Rep\u00fablica-Bols\u00e3o 8 (Avenida Deputado Esmeraldo Tarqu\u00ednio, s\/n\u00ba);<\/li>\n<li>M\u00e1rio Covas (Rua das Palmas, 128, Vila Natal);<\/li>\n<li>Vila dos Pescadores (Rua Santa J\u00falia, s\/n\u00ba);<\/li>\n<li>Cota 200 (2\u00aa Passarela da Via Anchieta km 50, s\/n\u00ba);<\/li>\n<li>Cota 95 (Faixa do Oleoduto, s\/n\u00ba, Pinhal do Miranda);<\/li>\n<li>Vale Verde (Rua Vereador Paulo Enos, s\/n\u00ba);<\/li>\n<li>Ilha Caraguat\u00e1 (Rua Fued Farah, s\/n\u00ba).<\/li>\n<\/ul>\n<p><strong>LEIA TAMB\u00c9M<\/strong><\/p>\n<p><a href=\"https:\/\/redenoticiaz.com.br\/litoralsp\/2021\/07\/22\/contrato-de-compra-da-sputnik-v-e-rescindido-pelo-ministerio-da-saude\">Contrato de compra da Sputnik V \u00e9 rescindido pelo Minist\u00e9rio da Sa\u00fade<\/a><\/p>\n<\/div>\n","protected":false},"excerpt":{"rendered":"<p>Quem precisa tomar a segunda dose da vacina contra a Covid-19 em Cubat\u00e3o, ter\u00e1 apenas um posto de vacina\u00e7\u00e3o. A popula\u00e7\u00e3o deve ir at\u00e9 o Centro Esportivo Pita, na Vila Nova para a imuniza\u00e7\u00e3o. O ciclo vacinal precisa ser completa. A Prefeitura de Cubat\u00e3o explica que esta medida serve para eliminar as filas e aglomera\u00e7\u00f5es &hellip;<\/p>\n","protected":false},"author":6,"featured_media":6855,"comment_status":"open","ping_status":"closed","sticky":false,"template":"","format":"standard","meta":{"footnotes":""},"categories":[186,23],"tags":[28389,1024,96,11479,17082],"class_list":["post-11738","post","type-post","status-publish","format-standard","has-post-thumbnail","hentry","category-cubatao","category-saude","tag-centro-esportivo-pita","tag-cubatao","tag-saude","tag-segunda-dose","tag-vacina-contra-a-covid-19"],"yoast_head":"<!-- This site is optimized with the Yoast SEO plugin v28.4 - https:\/\/yoast.com\/product\/yoast-seo-wordpress\/ -->\n<title>Cubat\u00e3o tem um \u00fanico posto para aplicar a segunda dose da vacina contra a Covid-19 - Litoral SP<\/title>\n<meta name=\"description\" content=\"Quem precisa tomar a segunda dose da vacina contra a Covid-19 em Cubat\u00e3o, ter\u00e1 apenas um posto de vacina\u00e7\u00e3o. A popula\u00e7\u00e3o\" \/>\n<meta name=\"robots\" content=\"index, follow, max-snippet:-1, max-image-preview:large, max-video-preview:-1\" \/>\n<link rel=\"canonical\" href=\"https:\/\/redenoticiaz.com.br\/litoralsp\/2021\/07\/23\/cubatao-tem-um-unico-posto-para-aplicar-a-segunda-dose-da-vacina-contra-a-covid-19\" \/>\n<meta property=\"og:locale\" content=\"pt_BR\" \/>\n<meta property=\"og:type\" content=\"article\" \/>\n<meta property=\"og:title\" content=\"Cubat\u00e3o tem um \u00fanico posto para aplicar a segunda dose da vacina contra a Covid-19 - Litoral SP\" \/>\n<meta property=\"og:description\" content=\"Quem precisa tomar a segunda dose da vacina contra a Covid-19 em Cubat\u00e3o, ter\u00e1 apenas um posto de vacina\u00e7\u00e3o. A popula\u00e7\u00e3o\" \/>\n<meta property=\"og:url\" content=\"https:\/\/redenoticiaz.com.br\/litoralsp\/2021\/07\/23\/cubatao-tem-um-unico-posto-para-aplicar-a-segunda-dose-da-vacina-contra-a-covid-19\" \/>\n<meta property=\"og:site_name\" content=\"Litoral SP\" \/>\n<meta property=\"article:published_time\" content=\"2021-07-23T16:38:12+00:00\" \/>\n<meta property=\"article:modified_time\" content=\"2021-07-23T16:38:42+00:00\" \/>\n<meta property=\"og:image\" content=\"https:\/\/redenoticiaz.com.br\/litoralsp\/wp-content\/uploads\/sites\/3\/2021\/04\/vacina-1.jpeg\" \/>\n\t<meta property=\"og:image:width\" content=\"984\" \/>\n\t<meta property=\"og:image:height\" content=\"364\" \/>\n\t<meta property=\"og:image:type\" content=\"image\/jpeg\" \/>\n<meta name=\"author\" content=\"Leonardo Francisco\" \/>\n<meta name=\"twitter:card\" content=\"summary_large_image\" \/>\n<meta name=\"twitter:label1\" content=\"Escrito por\" \/>\n\t<meta name=\"twitter:data1\" content=\"Leonardo Francisco\" \/>\n\t<meta name=\"twitter:label2\" content=\"Est. tempo de leitura\" \/>\n\t<meta name=\"twitter:data2\" content=\"1 minuto\" \/>\n<script type=\"application\/ld+json\" class=\"yoast-schema-graph\">{\"@context\":\"https:\\\/\\\/schema.org\",\"@graph\":[{\"@type\":\"Article\",\"@id\":\"https:\\\/\\\/redenoticiaz.com.br\\\/litoralsp\\\/2021\\\/07\\\/23\\\/cubatao-tem-um-unico-posto-para-aplicar-a-segunda-dose-da-vacina-contra-a-covid-19#article\",\"isPartOf\":{\"@id\":\"https:\\\/\\\/redenoticiaz.com.br\\\/litoralsp\\\/2021\\\/07\\\/23\\\/cubatao-tem-um-unico-posto-para-aplicar-a-segunda-dose-da-vacina-contra-a-covid-19\"},\"author\":{\"name\":\"Leonardo Francisco\",\"@id\":\"https:\\\/\\\/redenoticiaz.com.br\\\/litoralsp\\\/#\\\/schema\\\/person\\\/0f0b8a5bdafefe82841e07ae8d81ecb3\"},\"headline\":\"Cubat\u00e3o tem um \u00fanico posto para aplicar a segunda dose da vacina contra a Covid-19\",\"datePublished\":\"2021-07-23T16:38:12+00:00\",\"dateModified\":\"2021-07-23T16:38:42+00:00\",\"mainEntityOfPage\":{\"@id\":\"https:\\\/\\\/redenoticiaz.com.br\\\/litoralsp\\\/2021\\\/07\\\/23\\\/cubatao-tem-um-unico-posto-para-aplicar-a-segunda-dose-da-vacina-contra-a-covid-19\"},\"wordCount\":313,\"commentCount\":0,\"publisher\":{\"@id\":\"https:\\\/\\\/redenoticiaz.com.br\\\/litoralsp\\\/#organization\"},\"image\":{\"@id\":\"https:\\\/\\\/redenoticiaz.com.br\\\/litoralsp\\\/2021\\\/07\\\/23\\\/cubatao-tem-um-unico-posto-para-aplicar-a-segunda-dose-da-vacina-contra-a-covid-19#primaryimage\"},\"thumbnailUrl\":\"https:\\\/\\\/redenoticiaz.com.br\\\/litoralsp\\\/wp-content\\\/uploads\\\/sites\\\/3\\\/2021\\\/04\\\/vacina-1.jpeg\",\"keywords\":[\"CENTRO ESPORTIVO PITA\",\"CUBAT\u00c3O\",\"saude\",\"SEGUNDA DOSE\",\"VACINA CONTRA A COVID-19\"],\"articleSection\":[\"Cubat\u00e3o\",\"Sa\u00fade\"],\"inLanguage\":\"pt-BR\",\"potentialAction\":[{\"@type\":\"CommentAction\",\"name\":\"Comment\",\"target\":[\"https:\\\/\\\/redenoticiaz.com.br\\\/litoralsp\\\/2021\\\/07\\\/23\\\/cubatao-tem-um-unico-posto-para-aplicar-a-segunda-dose-da-vacina-contra-a-covid-19#respond\"]}]},{\"@type\":\"WebPage\",\"@id\":\"https:\\\/\\\/redenoticiaz.com.br\\\/litoralsp\\\/2021\\\/07\\\/23\\\/cubatao-tem-um-unico-posto-para-aplicar-a-segunda-dose-da-vacina-contra-a-covid-19\",\"url\":\"https:\\\/\\\/redenoticiaz.com.br\\\/litoralsp\\\/2021\\\/07\\\/23\\\/cubatao-tem-um-unico-posto-para-aplicar-a-segunda-dose-da-vacina-contra-a-covid-19\",\"name\":\"Cubat\u00e3o tem um \u00fanico posto para aplicar a segunda dose da vacina contra a Covid-19 - Litoral SP\",\"isPartOf\":{\"@id\":\"https:\\\/\\\/redenoticiaz.com.br\\\/litoralsp\\\/#website\"},\"primaryImageOfPage\":{\"@id\":\"https:\\\/\\\/redenoticiaz.com.br\\\/litoralsp\\\/2021\\\/07\\\/23\\\/cubatao-tem-um-unico-posto-para-aplicar-a-segunda-dose-da-vacina-contra-a-covid-19#primaryimage\"},\"image\":{\"@id\":\"https:\\\/\\\/redenoticiaz.com.br\\\/litoralsp\\\/2021\\\/07\\\/23\\\/cubatao-tem-um-unico-posto-para-aplicar-a-segunda-dose-da-vacina-contra-a-covid-19#primaryimage\"},\"thumbnailUrl\":\"https:\\\/\\\/redenoticiaz.com.br\\\/litoralsp\\\/wp-content\\\/uploads\\\/sites\\\/3\\\/2021\\\/04\\\/vacina-1.jpeg\",\"datePublished\":\"2021-07-23T16:38:12+00:00\",\"dateModified\":\"2021-07-23T16:38:42+00:00\",\"description\":\"Quem precisa tomar a segunda dose da vacina contra a Covid-19 em Cubat\u00e3o, ter\u00e1 apenas um posto de vacina\u00e7\u00e3o. A popula\u00e7\u00e3o\",\"inLanguage\":\"pt-BR\",\"potentialAction\":[{\"@type\":\"ReadAction\",\"target\":[\"https:\\\/\\\/redenoticiaz.com.br\\\/litoralsp\\\/2021\\\/07\\\/23\\\/cubatao-tem-um-unico-posto-para-aplicar-a-segunda-dose-da-vacina-contra-a-covid-19\"]}]},{\"@type\":\"ImageObject\",\"inLanguage\":\"pt-BR\",\"@id\":\"https:\\\/\\\/redenoticiaz.com.br\\\/litoralsp\\\/2021\\\/07\\\/23\\\/cubatao-tem-um-unico-posto-para-aplicar-a-segunda-dose-da-vacina-contra-a-covid-19#primaryimage\",\"url\":\"https:\\\/\\\/redenoticiaz.com.br\\\/litoralsp\\\/wp-content\\\/uploads\\\/sites\\\/3\\\/2021\\\/04\\\/vacina-1.jpeg\",\"contentUrl\":\"https:\\\/\\\/redenoticiaz.com.br\\\/litoralsp\\\/wp-content\\\/uploads\\\/sites\\\/3\\\/2021\\\/04\\\/vacina-1.jpeg\",\"width\":984,\"height\":364,\"caption\":\"Cr\u00e9ditos: Divulga\u00e7\u00e3o\\\/Prefeitura de Cubat\u00e3o.\"},{\"@type\":\"WebSite\",\"@id\":\"https:\\\/\\\/redenoticiaz.com.br\\\/litoralsp\\\/#website\",\"url\":\"https:\\\/\\\/redenoticiaz.com.br\\\/litoralsp\\\/\",\"name\":\"Litoral SP\",\"description\":\"Rede NoticiaZ\",\"publisher\":{\"@id\":\"https:\\\/\\\/redenoticiaz.com.br\\\/litoralsp\\\/#organization\"},\"potentialAction\":[{\"@type\":\"SearchAction\",\"target\":{\"@type\":\"EntryPoint\",\"urlTemplate\":\"https:\\\/\\\/redenoticiaz.com.br\\\/litoralsp\\\/?s={search_term_string}\"},\"query-input\":{\"@type\":\"PropertyValueSpecification\",\"valueRequired\":true,\"valueName\":\"search_term_string\"}}],\"inLanguage\":\"pt-BR\"},{\"@type\":\"Organization\",\"@id\":\"https:\\\/\\\/redenoticiaz.com.br\\\/litoralsp\\\/#organization\",\"name\":\"Litoral SP\",\"url\":\"https:\\\/\\\/redenoticiaz.com.br\\\/litoralsp\\\/\",\"logo\":{\"@type\":\"ImageObject\",\"inLanguage\":\"pt-BR\",\"@id\":\"https:\\\/\\\/redenoticiaz.com.br\\\/litoralsp\\\/#\\\/schema\\\/logo\\\/image\\\/\",\"url\":\"https:\\\/\\\/redenoticiaz.com.br\\\/litoralsp\\\/wp-content\\\/uploads\\\/sites\\\/3\\\/2020\\\/11\\\/logo.jpg\",\"contentUrl\":\"https:\\\/\\\/redenoticiaz.com.br\\\/litoralsp\\\/wp-content\\\/uploads\\\/sites\\\/3\\\/2020\\\/11\\\/logo.jpg\",\"width\":400,\"height\":250,\"caption\":\"Litoral SP\"},\"image\":{\"@id\":\"https:\\\/\\\/redenoticiaz.com.br\\\/litoralsp\\\/#\\\/schema\\\/logo\\\/image\\\/\"}},{\"@type\":\"Person\",\"@id\":\"https:\\\/\\\/redenoticiaz.com.br\\\/litoralsp\\\/#\\\/schema\\\/person\\\/0f0b8a5bdafefe82841e07ae8d81ecb3\",\"name\":\"Leonardo Francisco\",\"image\":{\"@type\":\"ImageObject\",\"inLanguage\":\"pt-BR\",\"@id\":\"https:\\\/\\\/secure.gravatar.com\\\/avatar\\\/a7358cb406a99b682ec6df1e77e31ae82e63601f6784e8a3df411d72b37864da?s=96&d=mm&r=g\",\"url\":\"https:\\\/\\\/secure.gravatar.com\\\/avatar\\\/a7358cb406a99b682ec6df1e77e31ae82e63601f6784e8a3df411d72b37864da?s=96&d=mm&r=g\",\"contentUrl\":\"https:\\\/\\\/secure.gravatar.com\\\/avatar\\\/a7358cb406a99b682ec6df1e77e31ae82e63601f6784e8a3df411d72b37864da?s=96&d=mm&r=g\",\"caption\":\"Leonardo Francisco\"},\"url\":\"https:\\\/\\\/redenoticiaz.com.br\\\/litoralsp\\\/author\\\/leonardo-francisco\"}]}<\/script>\n<!-- \/ Yoast SEO plugin. -->","yoast_head_json":{"title":"Cubat\u00e3o tem um \u00fanico posto para aplicar a segunda dose da vacina contra a Covid-19 - Litoral SP","description":"Quem precisa tomar a segunda dose da vacina contra a Covid-19 em Cubat\u00e3o, ter\u00e1 apenas um posto de vacina\u00e7\u00e3o. A popula\u00e7\u00e3o","robots":{"index":"index","follow":"follow","max-snippet":"max-snippet:-1","max-image-preview":"max-image-preview:large","max-video-preview":"max-video-preview:-1"},"canonical":"https:\/\/redenoticiaz.com.br\/litoralsp\/2021\/07\/23\/cubatao-tem-um-unico-posto-para-aplicar-a-segunda-dose-da-vacina-contra-a-covid-19","og_locale":"pt_BR","og_type":"article","og_title":"Cubat\u00e3o tem um \u00fanico posto para aplicar a segunda dose da vacina contra a Covid-19 - Litoral SP","og_description":"Quem precisa tomar a segunda dose da vacina contra a Covid-19 em Cubat\u00e3o, ter\u00e1 apenas um posto de vacina\u00e7\u00e3o. A popula\u00e7\u00e3o","og_url":"https:\/\/redenoticiaz.com.br\/litoralsp\/2021\/07\/23\/cubatao-tem-um-unico-posto-para-aplicar-a-segunda-dose-da-vacina-contra-a-covid-19","og_site_name":"Litoral SP","article_published_time":"2021-07-23T16:38:12+00:00","article_modified_time":"2021-07-23T16:38:42+00:00","og_image":[{"width":984,"height":364,"url":"https:\/\/redenoticiaz.com.br\/litoralsp\/wp-content\/uploads\/sites\/3\/2021\/04\/vacina-1.jpeg","type":"image\/jpeg"}],"author":"Leonardo Francisco","twitter_card":"summary_large_image","twitter_misc":{"Escrito por":"Leonardo Francisco","Est. tempo de leitura":"1 minuto"},"schema":{"@context":"https:\/\/schema.org","@graph":[{"@type":"Article","@id":"https:\/\/redenoticiaz.com.br\/litoralsp\/2021\/07\/23\/cubatao-tem-um-unico-posto-para-aplicar-a-segunda-dose-da-vacina-contra-a-covid-19#article","isPartOf":{"@id":"https:\/\/redenoticiaz.com.br\/litoralsp\/2021\/07\/23\/cubatao-tem-um-unico-posto-para-aplicar-a-segunda-dose-da-vacina-contra-a-covid-19"},"author":{"name":"Leonardo Francisco","@id":"https:\/\/redenoticiaz.com.br\/litoralsp\/#\/schema\/person\/0f0b8a5bdafefe82841e07ae8d81ecb3"},"headline":"Cubat\u00e3o tem um \u00fanico posto para aplicar a segunda dose da vacina contra a Covid-19","datePublished":"2021-07-23T16:38:12+00:00","dateModified":"2021-07-23T16:38:42+00:00","mainEntityOfPage":{"@id":"https:\/\/redenoticiaz.com.br\/litoralsp\/2021\/07\/23\/cubatao-tem-um-unico-posto-para-aplicar-a-segunda-dose-da-vacina-contra-a-covid-19"},"wordCount":313,"commentCount":0,"publisher":{"@id":"https:\/\/redenoticiaz.com.br\/litoralsp\/#organization"},"image":{"@id":"https:\/\/redenoticiaz.com.br\/litoralsp\/2021\/07\/23\/cubatao-tem-um-unico-posto-para-aplicar-a-segunda-dose-da-vacina-contra-a-covid-19#primaryimage"},"thumbnailUrl":"https:\/\/redenoticiaz.com.br\/litoralsp\/wp-content\/uploads\/sites\/3\/2021\/04\/vacina-1.jpeg","keywords":["CENTRO ESPORTIVO PITA","CUBAT\u00c3O","saude","SEGUNDA DOSE","VACINA CONTRA A COVID-19"],"articleSection":["Cubat\u00e3o","Sa\u00fade"],"inLanguage":"pt-BR","potentialAction":[{"@type":"CommentAction","name":"Comment","target":["https:\/\/redenoticiaz.com.br\/litoralsp\/2021\/07\/23\/cubatao-tem-um-unico-posto-para-aplicar-a-segunda-dose-da-vacina-contra-a-covid-19#respond"]}]},{"@type":"WebPage","@id":"https:\/\/redenoticiaz.com.br\/litoralsp\/2021\/07\/23\/cubatao-tem-um-unico-posto-para-aplicar-a-segunda-dose-da-vacina-contra-a-covid-19","url":"https:\/\/redenoticiaz.com.br\/litoralsp\/2021\/07\/23\/cubatao-tem-um-unico-posto-para-aplicar-a-segunda-dose-da-vacina-contra-a-covid-19","name":"Cubat\u00e3o tem um \u00fanico posto para aplicar a segunda dose da vacina contra a Covid-19 - Litoral SP","isPartOf":{"@id":"https:\/\/redenoticiaz.com.br\/litoralsp\/#website"},"primaryImageOfPage":{"@id":"https:\/\/redenoticiaz.com.br\/litoralsp\/2021\/07\/23\/cubatao-tem-um-unico-posto-para-aplicar-a-segunda-dose-da-vacina-contra-a-covid-19#primaryimage"},"image":{"@id":"https:\/\/redenoticiaz.com.br\/litoralsp\/2021\/07\/23\/cubatao-tem-um-unico-posto-para-aplicar-a-segunda-dose-da-vacina-contra-a-covid-19#primaryimage"},"thumbnailUrl":"https:\/\/redenoticiaz.com.br\/litoralsp\/wp-content\/uploads\/sites\/3\/2021\/04\/vacina-1.jpeg","datePublished":"2021-07-23T16:38:12+00:00","dateModified":"2021-07-23T16:38:42+00:00","description":"Quem precisa tomar a segunda dose da vacina contra a Covid-19 em Cubat\u00e3o, ter\u00e1 apenas um posto de vacina\u00e7\u00e3o. A popula\u00e7\u00e3o","inLanguage":"pt-BR","potentialAction":[{"@type":"ReadAction","target":["https:\/\/redenoticiaz.com.br\/litoralsp\/2021\/07\/23\/cubatao-tem-um-unico-posto-para-aplicar-a-segunda-dose-da-vacina-contra-a-covid-19"]}]},{"@type":"ImageObject","inLanguage":"pt-BR","@id":"https:\/\/redenoticiaz.com.br\/litoralsp\/2021\/07\/23\/cubatao-tem-um-unico-posto-para-aplicar-a-segunda-dose-da-vacina-contra-a-covid-19#primaryimage","url":"https:\/\/redenoticiaz.com.br\/litoralsp\/wp-content\/uploads\/sites\/3\/2021\/04\/vacina-1.jpeg","contentUrl":"https:\/\/redenoticiaz.com.br\/litoralsp\/wp-content\/uploads\/sites\/3\/2021\/04\/vacina-1.jpeg","width":984,"height":364,"caption":"Cr\u00e9ditos: Divulga\u00e7\u00e3o\/Prefeitura de Cubat\u00e3o."},{"@type":"WebSite","@id":"https:\/\/redenoticiaz.com.br\/litoralsp\/#website","url":"https:\/\/redenoticiaz.com.br\/litoralsp\/","name":"Litoral SP","description":"Rede NoticiaZ","publisher":{"@id":"https:\/\/redenoticiaz.com.br\/litoralsp\/#organization"},"potentialAction":[{"@type":"SearchAction","target":{"@type":"EntryPoint","urlTemplate":"https:\/\/redenoticiaz.com.br\/litoralsp\/?s={search_term_string}"},"query-input":{"@type":"PropertyValueSpecification","valueRequired":true,"valueName":"search_term_string"}}],"inLanguage":"pt-BR"},{"@type":"Organization","@id":"https:\/\/redenoticiaz.com.br\/litoralsp\/#organization","name":"Litoral SP","url":"https:\/\/redenoticiaz.com.br\/litoralsp\/","logo":{"@type":"ImageObject","inLanguage":"pt-BR","@id":"https:\/\/redenoticiaz.com.br\/litoralsp\/#\/schema\/logo\/image\/","url":"https:\/\/redenoticiaz.com.br\/litoralsp\/wp-content\/uploads\/sites\/3\/2020\/11\/logo.jpg","contentUrl":"https:\/\/redenoticiaz.com.br\/litoralsp\/wp-content\/uploads\/sites\/3\/2020\/11\/logo.jpg","width":400,"height":250,"caption":"Litoral SP"},"image":{"@id":"https:\/\/redenoticiaz.com.br\/litoralsp\/#\/schema\/logo\/image\/"}},{"@type":"Person","@id":"https:\/\/redenoticiaz.com.br\/litoralsp\/#\/schema\/person\/0f0b8a5bdafefe82841e07ae8d81ecb3","name":"Leonardo Francisco","image":{"@type":"ImageObject","inLanguage":"pt-BR","@id":"https:\/\/secure.gravatar.com\/avatar\/a7358cb406a99b682ec6df1e77e31ae82e63601f6784e8a3df411d72b37864da?s=96&d=mm&r=g","url":"https:\/\/secure.gravatar.com\/avatar\/a7358cb406a99b682ec6df1e77e31ae82e63601f6784e8a3df411d72b37864da?s=96&d=mm&r=g","contentUrl":"https:\/\/secure.gravatar.com\/avatar\/a7358cb406a99b682ec6df1e77e31ae82e63601f6784e8a3df411d72b37864da?s=96&d=mm&r=g","caption":"Leonardo Francisco"},"url":"https:\/\/redenoticiaz.com.br\/litoralsp\/author\/leonardo-francisco"}]}},"_links":{"self":[{"href":"https:\/\/redenoticiaz.com.br\/litoralsp\/wp-json\/wp\/v2\/posts\/11738","targetHints":{"allow":["GET"]}}],"collection":[{"href":"https:\/\/redenoticiaz.com.br\/litoralsp\/wp-json\/wp\/v2\/posts"}],"about":[{"href":"https:\/\/redenoticiaz.com.br\/litoralsp\/wp-json\/wp\/v2\/types\/post"}],"author":[{"embeddable":true,"href":"https:\/\/redenoticiaz.com.br\/litoralsp\/wp-json\/wp\/v2\/users\/6"}],"replies":[{"embeddable":true,"href":"https:\/\/redenoticiaz.com.br\/litoralsp\/wp-json\/wp\/v2\/comments?post=11738"}],"version-history":[{"count":1,"href":"https:\/\/redenoticiaz.com.br\/litoralsp\/wp-json\/wp\/v2\/posts\/11738\/revisions"}],"predecessor-version":[{"id":11739,"href":"https:\/\/redenoticiaz.com.br\/litoralsp\/wp-json\/wp\/v2\/posts\/11738\/revisions\/11739"}],"wp:featuredmedia":[{"embeddable":true,"href":"https:\/\/redenoticiaz.com.br\/litoralsp\/wp-json\/wp\/v2\/media\/6855"}],"wp:attachment":[{"href":"https:\/\/redenoticiaz.com.br\/litoralsp\/wp-json\/wp\/v2\/media?parent=11738"}],"wp:term":[{"taxonomy":"category","embeddable":true,"href":"https:\/\/redenoticiaz.com.br\/litoralsp\/wp-json\/wp\/v2\/categories?post=11738"},{"taxonomy":"post_tag","embeddable":true,"href":"https:\/\/redenoticiaz.com.br\/litoralsp\/wp-json\/wp\/v2\/tags?post=11738"}],"curies":[{"name":"wp","href":"https:\/\/api.w.org\/{rel}","templated":true}]}}