{"id":11740,"date":"2021-07-23T13:52:30","date_gmt":"2021-07-23T16:52:30","guid":{"rendered":"https:\/\/redenoticiaz.com.br\/litoralsp\/?p=11740"},"modified":"2021-07-23T13:53:27","modified_gmt":"2021-07-23T16:53:27","slug":"jovens-entre-24-e-25-sao-vacinados-no-guaruja","status":"publish","type":"post","link":"https:\/\/redenoticiaz.com.br\/litoralsp\/2021\/07\/23\/jovens-entre-24-e-25-sao-vacinados-no-guaruja","title":{"rendered":"Jovens entre 24 e 25 s\u00e3o vacinados no Guaruj\u00e1"},"content":{"rendered":"<p>A partir desta sexta-feira (23), a juventude de <a href=\"https:\/\/www.guaruja.sp.gov.br\/\">Guaruj\u00e1<\/a> poder\u00e1 ser vacinada contra a Covid-19. A prefeitura informa que os <strong>jovens entre 24 e 25 anos<\/strong> devem ser imunizados e a cidade antecipa o calend\u00e1rio, em rela\u00e7\u00e3o ao Plano Estadual de Imuniza\u00e7\u00e3o.<\/p>\n<p>Segundo a administra\u00e7\u00e3o, a expectativa \u00e9 de vacinar aproximadamente 11 mil pessoas que est\u00e3o nesta faixa et\u00e1ria. S\u00f3 que para receber a vacina \u00e9 necess\u00e1rio apresentar um documento com foto, CPF e comprovante de resid\u00eancia na Cidade.<\/p>\n<p data-raofz=\"17\">A Prefeitura de Guaruj\u00e1 informa que seguir\u00e1 promovendo antecipa\u00e7\u00f5es de faixas et\u00e1rias, de acordo com a disponibilidade e constantes entregas de imunizantes por parte do Governo do Estado. Mas existe a expectativa de incluir toda a popula\u00e7\u00e3o adulta na campanha at\u00e9 o final deste m\u00eas.<\/p>\n<p data-raofz=\"17\">A vacina\u00e7\u00e3o contra a Covid-19 acontece no Gin\u00e1sio Guaib\u00ea, localizada na Avenida Santos Dumont, 420, Santo Ant\u00f4nio. O local \u00e9 usado exclusivamente para o atendimento das primeiras doses. Tamb\u00e9m por conta da entrada dos mais jovens no p\u00fablico-alvo, o posto do Guaib\u00ea recebeu um hor\u00e1rio alternativo para vacina\u00e7\u00e3o. Todas as segundas e quintas-feiras, o funcionamento dele \u00e9 das 13 \u00e0s 19 horas. Nas ter\u00e7as, quartas e sextas, fica aberto igual aos demais postos, das 9 \u00e0s 15 horas.<\/p>\n<h3 data-raofz=\"17\"><strong>Segunda dose<\/strong><\/h3>\n<p data-raofz=\"17\">J\u00e1 a segunda dose da vacina est\u00e3o sendo aplicadas nas Unidades B\u00e1sicas de Sa\u00fade (UBSs) Morrinhos e Pae Car\u00e1 e Unidades de Sa\u00fade da Fam\u00edlia (Usafas) Perequ\u00ea, Las Palmas e Boa Esperan\u00e7a. Elas funcionam das 9 \u00e0s 15 horas.<\/p>\n<p data-raofz=\"17\">Todas elas contam com os imunizantes CoronaVac e Astrazeneca\/Oxford\/Fiocruz, os \u00fanicos que j\u00e1 t\u00eam p\u00fablico apto a receber a segunda dose. O cadastro pr\u00e9vio no site do <a href=\"https:\/\/www.vacinaja.sp.gov.br\/\">VacinaJ\u00e1<\/a> \u00e9 fundamental para agilizar o atendimento na hora da imuniza\u00e7\u00e3o.<\/p>\n<p data-raofz=\"17\">A inscri\u00e7\u00e3o pode ser feita pelo pr\u00f3prio candidato \u00e0 imuniza\u00e7\u00e3o ou por algum familiar. Completar o passo a passo e levar o formul\u00e1rio devidamente preenchido diminui consideravelmente o tempo de atendimento no posto de vacina\u00e7\u00e3o desde a chegada at\u00e9 o momento de sair de l\u00e1 com a vacina no bra\u00e7o e o comprovante nas m\u00e3os.<\/p>\n<p data-raofz=\"17\"><strong>LEIA TAMB\u00c9M<\/strong><\/p>\n<p data-raofz=\"17\"><a href=\"https:\/\/redenoticiaz.com.br\/litoralsp\/2021\/07\/23\/cubatao-tem-um-unico-posto-para-aplicar-a-segunda-dose-da-vacina-contra-a-covid-19\">Cubat\u00e3o tem um \u00fanico posto para aplicar a segunda dose da vacina contra a Covid-19<\/a><\/p>\n","protected":false},"excerpt":{"rendered":"<p>A partir desta sexta-feira (23), a juventude de Guaruj\u00e1 poder\u00e1 ser vacinada contra a Covid-19. A prefeitura informa que os jovens entre 24 e 25 anos devem ser imunizados e a cidade antecipa o calend\u00e1rio, em rela\u00e7\u00e3o ao Plano Estadual de Imuniza\u00e7\u00e3o. Segundo a administra\u00e7\u00e3o, a expectativa \u00e9 de vacinar aproximadamente 11 mil pessoas que &hellip;<\/p>\n","protected":false},"author":6,"featured_media":11741,"comment_status":"open","ping_status":"closed","sticky":false,"template":"","format":"standard","meta":{"footnotes":""},"categories":[187,23],"tags":[28391,24907,1006,9702,96,17082],"class_list":["post-11740","post","type-post","status-publish","format-standard","has-post-thumbnail","hentry","category-guaruja","category-saude","tag-24-e-25-anos","tag-calendario-antecipado","tag-guaruja","tag-jovens","tag-saude","tag-vacina-contra-a-covid-19"],"yoast_head":"<!-- This site is optimized with the Yoast SEO plugin v28.4 - https:\/\/yoast.com\/product\/yoast-seo-wordpress\/ -->\n<title>Jovens entre 24 e 25 s\u00e3o vacinados no Guaruj\u00e1 - Litoral SP<\/title>\n<meta name=\"description\" content=\"a juventude de Guaruj\u00e1 poder\u00e1 ser vacinada contra a Covid-19. A prefeitura informa que os jovens entre 24 e 25 anos\" \/>\n<meta name=\"robots\" content=\"index, follow, max-snippet:-1, max-image-preview:large, max-video-preview:-1\" \/>\n<link rel=\"canonical\" href=\"https:\/\/redenoticiaz.com.br\/litoralsp\/2021\/07\/23\/jovens-entre-24-e-25-sao-vacinados-no-guaruja\" \/>\n<meta property=\"og:locale\" content=\"pt_BR\" \/>\n<meta property=\"og:type\" content=\"article\" \/>\n<meta property=\"og:title\" content=\"Jovens entre 24 e 25 s\u00e3o vacinados no Guaruj\u00e1 - Litoral SP\" \/>\n<meta property=\"og:description\" content=\"a juventude de Guaruj\u00e1 poder\u00e1 ser vacinada contra a Covid-19. A prefeitura informa que os jovens entre 24 e 25 anos\" \/>\n<meta property=\"og:url\" content=\"https:\/\/redenoticiaz.com.br\/litoralsp\/2021\/07\/23\/jovens-entre-24-e-25-sao-vacinados-no-guaruja\" \/>\n<meta property=\"og:site_name\" content=\"Litoral SP\" \/>\n<meta property=\"article:published_time\" content=\"2021-07-23T16:52:30+00:00\" \/>\n<meta property=\"article:modified_time\" content=\"2021-07-23T16:53:27+00:00\" \/>\n<meta property=\"og:image\" content=\"https:\/\/redenoticiaz.com.br\/litoralsp\/wp-content\/uploads\/sites\/3\/2021\/07\/vacina-guaru-1.jpg\" \/>\n\t<meta property=\"og:image:width\" content=\"1440\" \/>\n\t<meta property=\"og:image:height\" content=\"1080\" \/>\n\t<meta property=\"og:image:type\" content=\"image\/jpeg\" \/>\n<meta name=\"author\" content=\"Leonardo Francisco\" \/>\n<meta name=\"twitter:card\" content=\"summary_large_image\" \/>\n<meta name=\"twitter:label1\" content=\"Escrito por\" \/>\n\t<meta name=\"twitter:data1\" content=\"Leonardo Francisco\" \/>\n\t<meta name=\"twitter:label2\" content=\"Est. tempo de leitura\" \/>\n\t<meta name=\"twitter:data2\" content=\"2 minutos\" \/>\n<script type=\"application\/ld+json\" class=\"yoast-schema-graph\">{\"@context\":\"https:\\\/\\\/schema.org\",\"@graph\":[{\"@type\":\"Article\",\"@id\":\"https:\\\/\\\/redenoticiaz.com.br\\\/litoralsp\\\/2021\\\/07\\\/23\\\/jovens-entre-24-e-25-sao-vacinados-no-guaruja#article\",\"isPartOf\":{\"@id\":\"https:\\\/\\\/redenoticiaz.com.br\\\/litoralsp\\\/2021\\\/07\\\/23\\\/jovens-entre-24-e-25-sao-vacinados-no-guaruja\"},\"author\":{\"name\":\"Leonardo Francisco\",\"@id\":\"https:\\\/\\\/redenoticiaz.com.br\\\/litoralsp\\\/#\\\/schema\\\/person\\\/0f0b8a5bdafefe82841e07ae8d81ecb3\"},\"headline\":\"Jovens entre 24 e 25 s\u00e3o vacinados no Guaruj\u00e1\",\"datePublished\":\"2021-07-23T16:52:30+00:00\",\"dateModified\":\"2021-07-23T16:53:27+00:00\",\"mainEntityOfPage\":{\"@id\":\"https:\\\/\\\/redenoticiaz.com.br\\\/litoralsp\\\/2021\\\/07\\\/23\\\/jovens-entre-24-e-25-sao-vacinados-no-guaruja\"},\"wordCount\":385,\"commentCount\":0,\"publisher\":{\"@id\":\"https:\\\/\\\/redenoticiaz.com.br\\\/litoralsp\\\/#organization\"},\"image\":{\"@id\":\"https:\\\/\\\/redenoticiaz.com.br\\\/litoralsp\\\/2021\\\/07\\\/23\\\/jovens-entre-24-e-25-sao-vacinados-no-guaruja#primaryimage\"},\"thumbnailUrl\":\"https:\\\/\\\/redenoticiaz.com.br\\\/litoralsp\\\/wp-content\\\/uploads\\\/sites\\\/3\\\/2021\\\/07\\\/vacina-guaru-1.jpg\",\"keywords\":[\"24 E 25 ANOS\",\"CALEND\u00c1RIO ANTECIPADO\",\"GUARUJ\u00c1\",\"JOVENS\",\"saude\",\"VACINA CONTRA A COVID-19\"],\"articleSection\":[\"Guaruj\u00e1\",\"Sa\u00fade\"],\"inLanguage\":\"pt-BR\",\"potentialAction\":[{\"@type\":\"CommentAction\",\"name\":\"Comment\",\"target\":[\"https:\\\/\\\/redenoticiaz.com.br\\\/litoralsp\\\/2021\\\/07\\\/23\\\/jovens-entre-24-e-25-sao-vacinados-no-guaruja#respond\"]}]},{\"@type\":\"WebPage\",\"@id\":\"https:\\\/\\\/redenoticiaz.com.br\\\/litoralsp\\\/2021\\\/07\\\/23\\\/jovens-entre-24-e-25-sao-vacinados-no-guaruja\",\"url\":\"https:\\\/\\\/redenoticiaz.com.br\\\/litoralsp\\\/2021\\\/07\\\/23\\\/jovens-entre-24-e-25-sao-vacinados-no-guaruja\",\"name\":\"Jovens entre 24 e 25 s\u00e3o vacinados no Guaruj\u00e1 - Litoral SP\",\"isPartOf\":{\"@id\":\"https:\\\/\\\/redenoticiaz.com.br\\\/litoralsp\\\/#website\"},\"primaryImageOfPage\":{\"@id\":\"https:\\\/\\\/redenoticiaz.com.br\\\/litoralsp\\\/2021\\\/07\\\/23\\\/jovens-entre-24-e-25-sao-vacinados-no-guaruja#primaryimage\"},\"image\":{\"@id\":\"https:\\\/\\\/redenoticiaz.com.br\\\/litoralsp\\\/2021\\\/07\\\/23\\\/jovens-entre-24-e-25-sao-vacinados-no-guaruja#primaryimage\"},\"thumbnailUrl\":\"https:\\\/\\\/redenoticiaz.com.br\\\/litoralsp\\\/wp-content\\\/uploads\\\/sites\\\/3\\\/2021\\\/07\\\/vacina-guaru-1.jpg\",\"datePublished\":\"2021-07-23T16:52:30+00:00\",\"dateModified\":\"2021-07-23T16:53:27+00:00\",\"description\":\"a juventude de Guaruj\u00e1 poder\u00e1 ser vacinada contra a Covid-19. A prefeitura informa que os jovens entre 24 e 25 anos\",\"inLanguage\":\"pt-BR\",\"potentialAction\":[{\"@type\":\"ReadAction\",\"target\":[\"https:\\\/\\\/redenoticiaz.com.br\\\/litoralsp\\\/2021\\\/07\\\/23\\\/jovens-entre-24-e-25-sao-vacinados-no-guaruja\"]}]},{\"@type\":\"ImageObject\",\"inLanguage\":\"pt-BR\",\"@id\":\"https:\\\/\\\/redenoticiaz.com.br\\\/litoralsp\\\/2021\\\/07\\\/23\\\/jovens-entre-24-e-25-sao-vacinados-no-guaruja#primaryimage\",\"url\":\"https:\\\/\\\/redenoticiaz.com.br\\\/litoralsp\\\/wp-content\\\/uploads\\\/sites\\\/3\\\/2021\\\/07\\\/vacina-guaru-1.jpg\",\"contentUrl\":\"https:\\\/\\\/redenoticiaz.com.br\\\/litoralsp\\\/wp-content\\\/uploads\\\/sites\\\/3\\\/2021\\\/07\\\/vacina-guaru-1.jpg\",\"width\":1440,\"height\":1080,\"caption\":\"Cr\u00e9ditos: Divulga\u00e7\u00e3o\\\/Prefeitura de Guaruj\u00e1.\"},{\"@type\":\"WebSite\",\"@id\":\"https:\\\/\\\/redenoticiaz.com.br\\\/litoralsp\\\/#website\",\"url\":\"https:\\\/\\\/redenoticiaz.com.br\\\/litoralsp\\\/\",\"name\":\"Litoral SP\",\"description\":\"Rede NoticiaZ\",\"publisher\":{\"@id\":\"https:\\\/\\\/redenoticiaz.com.br\\\/litoralsp\\\/#organization\"},\"potentialAction\":[{\"@type\":\"SearchAction\",\"target\":{\"@type\":\"EntryPoint\",\"urlTemplate\":\"https:\\\/\\\/redenoticiaz.com.br\\\/litoralsp\\\/?s={search_term_string}\"},\"query-input\":{\"@type\":\"PropertyValueSpecification\",\"valueRequired\":true,\"valueName\":\"search_term_string\"}}],\"inLanguage\":\"pt-BR\"},{\"@type\":\"Organization\",\"@id\":\"https:\\\/\\\/redenoticiaz.com.br\\\/litoralsp\\\/#organization\",\"name\":\"Litoral SP\",\"url\":\"https:\\\/\\\/redenoticiaz.com.br\\\/litoralsp\\\/\",\"logo\":{\"@type\":\"ImageObject\",\"inLanguage\":\"pt-BR\",\"@id\":\"https:\\\/\\\/redenoticiaz.com.br\\\/litoralsp\\\/#\\\/schema\\\/logo\\\/image\\\/\",\"url\":\"https:\\\/\\\/redenoticiaz.com.br\\\/litoralsp\\\/wp-content\\\/uploads\\\/sites\\\/3\\\/2020\\\/11\\\/logo.jpg\",\"contentUrl\":\"https:\\\/\\\/redenoticiaz.com.br\\\/litoralsp\\\/wp-content\\\/uploads\\\/sites\\\/3\\\/2020\\\/11\\\/logo.jpg\",\"width\":400,\"height\":250,\"caption\":\"Litoral SP\"},\"image\":{\"@id\":\"https:\\\/\\\/redenoticiaz.com.br\\\/litoralsp\\\/#\\\/schema\\\/logo\\\/image\\\/\"}},{\"@type\":\"Person\",\"@id\":\"https:\\\/\\\/redenoticiaz.com.br\\\/litoralsp\\\/#\\\/schema\\\/person\\\/0f0b8a5bdafefe82841e07ae8d81ecb3\",\"name\":\"Leonardo Francisco\",\"image\":{\"@type\":\"ImageObject\",\"inLanguage\":\"pt-BR\",\"@id\":\"https:\\\/\\\/secure.gravatar.com\\\/avatar\\\/a7358cb406a99b682ec6df1e77e31ae82e63601f6784e8a3df411d72b37864da?s=96&d=mm&r=g\",\"url\":\"https:\\\/\\\/secure.gravatar.com\\\/avatar\\\/a7358cb406a99b682ec6df1e77e31ae82e63601f6784e8a3df411d72b37864da?s=96&d=mm&r=g\",\"contentUrl\":\"https:\\\/\\\/secure.gravatar.com\\\/avatar\\\/a7358cb406a99b682ec6df1e77e31ae82e63601f6784e8a3df411d72b37864da?s=96&d=mm&r=g\",\"caption\":\"Leonardo Francisco\"},\"url\":\"https:\\\/\\\/redenoticiaz.com.br\\\/litoralsp\\\/author\\\/leonardo-francisco\"}]}<\/script>\n<!-- \/ Yoast SEO plugin. -->","yoast_head_json":{"title":"Jovens entre 24 e 25 s\u00e3o vacinados no Guaruj\u00e1 - Litoral SP","description":"a juventude de Guaruj\u00e1 poder\u00e1 ser vacinada contra a Covid-19. A prefeitura informa que os jovens entre 24 e 25 anos","robots":{"index":"index","follow":"follow","max-snippet":"max-snippet:-1","max-image-preview":"max-image-preview:large","max-video-preview":"max-video-preview:-1"},"canonical":"https:\/\/redenoticiaz.com.br\/litoralsp\/2021\/07\/23\/jovens-entre-24-e-25-sao-vacinados-no-guaruja","og_locale":"pt_BR","og_type":"article","og_title":"Jovens entre 24 e 25 s\u00e3o vacinados no Guaruj\u00e1 - Litoral SP","og_description":"a juventude de Guaruj\u00e1 poder\u00e1 ser vacinada contra a Covid-19. A prefeitura informa que os jovens entre 24 e 25 anos","og_url":"https:\/\/redenoticiaz.com.br\/litoralsp\/2021\/07\/23\/jovens-entre-24-e-25-sao-vacinados-no-guaruja","og_site_name":"Litoral SP","article_published_time":"2021-07-23T16:52:30+00:00","article_modified_time":"2021-07-23T16:53:27+00:00","og_image":[{"width":1440,"height":1080,"url":"https:\/\/redenoticiaz.com.br\/litoralsp\/wp-content\/uploads\/sites\/3\/2021\/07\/vacina-guaru-1.jpg","type":"image\/jpeg"}],"author":"Leonardo Francisco","twitter_card":"summary_large_image","twitter_misc":{"Escrito por":"Leonardo Francisco","Est. tempo de leitura":"2 minutos"},"schema":{"@context":"https:\/\/schema.org","@graph":[{"@type":"Article","@id":"https:\/\/redenoticiaz.com.br\/litoralsp\/2021\/07\/23\/jovens-entre-24-e-25-sao-vacinados-no-guaruja#article","isPartOf":{"@id":"https:\/\/redenoticiaz.com.br\/litoralsp\/2021\/07\/23\/jovens-entre-24-e-25-sao-vacinados-no-guaruja"},"author":{"name":"Leonardo Francisco","@id":"https:\/\/redenoticiaz.com.br\/litoralsp\/#\/schema\/person\/0f0b8a5bdafefe82841e07ae8d81ecb3"},"headline":"Jovens entre 24 e 25 s\u00e3o vacinados no Guaruj\u00e1","datePublished":"2021-07-23T16:52:30+00:00","dateModified":"2021-07-23T16:53:27+00:00","mainEntityOfPage":{"@id":"https:\/\/redenoticiaz.com.br\/litoralsp\/2021\/07\/23\/jovens-entre-24-e-25-sao-vacinados-no-guaruja"},"wordCount":385,"commentCount":0,"publisher":{"@id":"https:\/\/redenoticiaz.com.br\/litoralsp\/#organization"},"image":{"@id":"https:\/\/redenoticiaz.com.br\/litoralsp\/2021\/07\/23\/jovens-entre-24-e-25-sao-vacinados-no-guaruja#primaryimage"},"thumbnailUrl":"https:\/\/redenoticiaz.com.br\/litoralsp\/wp-content\/uploads\/sites\/3\/2021\/07\/vacina-guaru-1.jpg","keywords":["24 E 25 ANOS","CALEND\u00c1RIO ANTECIPADO","GUARUJ\u00c1","JOVENS","saude","VACINA CONTRA A COVID-19"],"articleSection":["Guaruj\u00e1","Sa\u00fade"],"inLanguage":"pt-BR","potentialAction":[{"@type":"CommentAction","name":"Comment","target":["https:\/\/redenoticiaz.com.br\/litoralsp\/2021\/07\/23\/jovens-entre-24-e-25-sao-vacinados-no-guaruja#respond"]}]},{"@type":"WebPage","@id":"https:\/\/redenoticiaz.com.br\/litoralsp\/2021\/07\/23\/jovens-entre-24-e-25-sao-vacinados-no-guaruja","url":"https:\/\/redenoticiaz.com.br\/litoralsp\/2021\/07\/23\/jovens-entre-24-e-25-sao-vacinados-no-guaruja","name":"Jovens entre 24 e 25 s\u00e3o vacinados no Guaruj\u00e1 - Litoral SP","isPartOf":{"@id":"https:\/\/redenoticiaz.com.br\/litoralsp\/#website"},"primaryImageOfPage":{"@id":"https:\/\/redenoticiaz.com.br\/litoralsp\/2021\/07\/23\/jovens-entre-24-e-25-sao-vacinados-no-guaruja#primaryimage"},"image":{"@id":"https:\/\/redenoticiaz.com.br\/litoralsp\/2021\/07\/23\/jovens-entre-24-e-25-sao-vacinados-no-guaruja#primaryimage"},"thumbnailUrl":"https:\/\/redenoticiaz.com.br\/litoralsp\/wp-content\/uploads\/sites\/3\/2021\/07\/vacina-guaru-1.jpg","datePublished":"2021-07-23T16:52:30+00:00","dateModified":"2021-07-23T16:53:27+00:00","description":"a juventude de Guaruj\u00e1 poder\u00e1 ser vacinada contra a Covid-19. A prefeitura informa que os jovens entre 24 e 25 anos","inLanguage":"pt-BR","potentialAction":[{"@type":"ReadAction","target":["https:\/\/redenoticiaz.com.br\/litoralsp\/2021\/07\/23\/jovens-entre-24-e-25-sao-vacinados-no-guaruja"]}]},{"@type":"ImageObject","inLanguage":"pt-BR","@id":"https:\/\/redenoticiaz.com.br\/litoralsp\/2021\/07\/23\/jovens-entre-24-e-25-sao-vacinados-no-guaruja#primaryimage","url":"https:\/\/redenoticiaz.com.br\/litoralsp\/wp-content\/uploads\/sites\/3\/2021\/07\/vacina-guaru-1.jpg","contentUrl":"https:\/\/redenoticiaz.com.br\/litoralsp\/wp-content\/uploads\/sites\/3\/2021\/07\/vacina-guaru-1.jpg","width":1440,"height":1080,"caption":"Cr\u00e9ditos: Divulga\u00e7\u00e3o\/Prefeitura de Guaruj\u00e1."},{"@type":"WebSite","@id":"https:\/\/redenoticiaz.com.br\/litoralsp\/#website","url":"https:\/\/redenoticiaz.com.br\/litoralsp\/","name":"Litoral SP","description":"Rede NoticiaZ","publisher":{"@id":"https:\/\/redenoticiaz.com.br\/litoralsp\/#organization"},"potentialAction":[{"@type":"SearchAction","target":{"@type":"EntryPoint","urlTemplate":"https:\/\/redenoticiaz.com.br\/litoralsp\/?s={search_term_string}"},"query-input":{"@type":"PropertyValueSpecification","valueRequired":true,"valueName":"search_term_string"}}],"inLanguage":"pt-BR"},{"@type":"Organization","@id":"https:\/\/redenoticiaz.com.br\/litoralsp\/#organization","name":"Litoral SP","url":"https:\/\/redenoticiaz.com.br\/litoralsp\/","logo":{"@type":"ImageObject","inLanguage":"pt-BR","@id":"https:\/\/redenoticiaz.com.br\/litoralsp\/#\/schema\/logo\/image\/","url":"https:\/\/redenoticiaz.com.br\/litoralsp\/wp-content\/uploads\/sites\/3\/2020\/11\/logo.jpg","contentUrl":"https:\/\/redenoticiaz.com.br\/litoralsp\/wp-content\/uploads\/sites\/3\/2020\/11\/logo.jpg","width":400,"height":250,"caption":"Litoral SP"},"image":{"@id":"https:\/\/redenoticiaz.com.br\/litoralsp\/#\/schema\/logo\/image\/"}},{"@type":"Person","@id":"https:\/\/redenoticiaz.com.br\/litoralsp\/#\/schema\/person\/0f0b8a5bdafefe82841e07ae8d81ecb3","name":"Leonardo Francisco","image":{"@type":"ImageObject","inLanguage":"pt-BR","@id":"https:\/\/secure.gravatar.com\/avatar\/a7358cb406a99b682ec6df1e77e31ae82e63601f6784e8a3df411d72b37864da?s=96&d=mm&r=g","url":"https:\/\/secure.gravatar.com\/avatar\/a7358cb406a99b682ec6df1e77e31ae82e63601f6784e8a3df411d72b37864da?s=96&d=mm&r=g","contentUrl":"https:\/\/secure.gravatar.com\/avatar\/a7358cb406a99b682ec6df1e77e31ae82e63601f6784e8a3df411d72b37864da?s=96&d=mm&r=g","caption":"Leonardo Francisco"},"url":"https:\/\/redenoticiaz.com.br\/litoralsp\/author\/leonardo-francisco"}]}},"_links":{"self":[{"href":"https:\/\/redenoticiaz.com.br\/litoralsp\/wp-json\/wp\/v2\/posts\/11740","targetHints":{"allow":["GET"]}}],"collection":[{"href":"https:\/\/redenoticiaz.com.br\/litoralsp\/wp-json\/wp\/v2\/posts"}],"about":[{"href":"https:\/\/redenoticiaz.com.br\/litoralsp\/wp-json\/wp\/v2\/types\/post"}],"author":[{"embeddable":true,"href":"https:\/\/redenoticiaz.com.br\/litoralsp\/wp-json\/wp\/v2\/users\/6"}],"replies":[{"embeddable":true,"href":"https:\/\/redenoticiaz.com.br\/litoralsp\/wp-json\/wp\/v2\/comments?post=11740"}],"version-history":[{"count":1,"href":"https:\/\/redenoticiaz.com.br\/litoralsp\/wp-json\/wp\/v2\/posts\/11740\/revisions"}],"predecessor-version":[{"id":11742,"href":"https:\/\/redenoticiaz.com.br\/litoralsp\/wp-json\/wp\/v2\/posts\/11740\/revisions\/11742"}],"wp:featuredmedia":[{"embeddable":true,"href":"https:\/\/redenoticiaz.com.br\/litoralsp\/wp-json\/wp\/v2\/media\/11741"}],"wp:attachment":[{"href":"https:\/\/redenoticiaz.com.br\/litoralsp\/wp-json\/wp\/v2\/media?parent=11740"}],"wp:term":[{"taxonomy":"category","embeddable":true,"href":"https:\/\/redenoticiaz.com.br\/litoralsp\/wp-json\/wp\/v2\/categories?post=11740"},{"taxonomy":"post_tag","embeddable":true,"href":"https:\/\/redenoticiaz.com.br\/litoralsp\/wp-json\/wp\/v2\/tags?post=11740"}],"curies":[{"name":"wp","href":"https:\/\/api.w.org\/{rel}","templated":true}]}}