{"id":117401,"date":"2024-08-01T10:43:28","date_gmt":"2024-08-01T13:43:28","guid":{"rendered":"https:\/\/redenoticiaz.com.br\/litoralsp\/2024\/08\/01\/programa-de-estagio-stellantis-2024-confira"},"modified":"2024-08-01T10:43:28","modified_gmt":"2024-08-01T13:43:28","slug":"programa-de-estagio-stellantis-2024-confira","status":"publish","type":"post","link":"https:\/\/redenoticiaz.com.br\/litoralsp\/2024\/08\/01\/programa-de-estagio-stellantis-2024-confira","title":{"rendered":"Programa de Est\u00e1gio Stellantis 2024; confira"},"content":{"rendered":"<div class=\"flex flex-grow flex-col max-w-full\">\n<div class=\"min-h-[20px] text-message flex w-full flex-col items-end gap-2 whitespace-pre-wrap break-words [.text-message+&amp;]:mt-5 overflow-x-auto\" dir=\"auto\" data-message-author-role=\"assistant\" data-message-id=\"4f89a85c-2512-435c-8900-004a493bd1e1\">\n<div class=\"flex w-full flex-col gap-1 empty:hidden first:pt-[3px]\">\n<div class=\"markdown prose w-full break-words dark:prose-invert light\">\n<p>Na Stellantis, fazemos parte de uma hist\u00f3ria \u00fanica na ind\u00fastria automotiva. Nasceu da fus\u00e3o entre a Fiat Chrysler Automobiles e o Grupo PSA em 2021, unindo marcas ic\u00f4nicas como Fiat, Jeep e Peugeot. Estamos empenhados em liderar a transforma\u00e7\u00e3o do setor, focando em inova\u00e7\u00e3o, qualidade e sustentabilidade.<\/p>\n<p>Cada ve\u00edculo que criamos reflete nosso compromisso com a excel\u00eancia, moldando o futuro da mobilidade com solu\u00e7\u00f5es avan\u00e7adas e experi\u00eancias de condu\u00e7\u00e3o excepcionais.<\/p>\n<p><strong>O Programa de Est\u00e1gio Stellantis 2024 \u00e9 a sua oportunidade de se desenvolver integralmente e sair pronto(a) para o mercado de trabalho!<\/strong><\/p>\n<p>Nosso objetivo \u00e9 incentivar o desenvolvimento de estudantes por meio de uma jornada de aprendizado focada em sua forma\u00e7\u00e3o profissional. Se voc\u00ea \u00e9 um estudante motivado, com paix\u00e3o por desafios e desejo de crescimento, essa \u00e9 a oportunidade ideal para voc\u00ea.<\/p>\n<p><strong>Requisitos\/Experi\u00eancias:<\/strong><\/p>\n<ul>\n<li>Estar cursando: Administra\u00e7\u00e3o, Artes Visuais, Ci\u00eancia de Dados, Ci\u00eancias Cont\u00e1beis, Com\u00e9rcio Exterior, Comunica\u00e7\u00e3o Social, Design de Produto, Direito, Economia, Engenharias (Automotiva, de Controle e Automa\u00e7\u00e3o, de Produ\u00e7\u00e3o, de Sistemas, El\u00e9trica, Eletroeletr\u00f4nica, Mec\u00e2nica ou Mecatr\u00f4nica), Estat\u00edstica, Finan\u00e7as, Gest\u00e3o de Projetos, Jornalismo, Log\u00edstica, Marketing, Matem\u00e1tica, Pedagogia, Publicidade e Propaganda, Rela\u00e7\u00f5es Internacionais, Sistemas de Informa\u00e7\u00e3o, An\u00e1lise e Desenvolvimento de Sistemas, Ci\u00eancia da Computa\u00e7\u00e3o, Ci\u00eancias Humanas, Ci\u00eancias Sociais, Design Gr\u00e1fico, Engenharia Ambiental, Engenharia da Computa\u00e7\u00e3o, Engenharia de Materiais, Engenharia de Seguran\u00e7a, Engenharia de Software, Engenharia de Telecomunica\u00e7\u00f5es, Engenharia Metal\u00fargica, Engenharia Qu\u00edmica, Psicologia, Rela\u00e7\u00f5es P\u00fablicas.<\/li>\n<li>Ter disponibilidade para trabalhar em:\n<ul>\n<li>Ita\u00fana\/MG e Porto Real\/RJ: das 07h \u00e0s 14h<\/li>\n<li>S\u00e3o Paulo\/SP: das 09h \u00e0s 16h<\/li>\n<li>Belo Horizonte\/MG, Betim\/MG, Bras\u00edlia\/DF, Goiana\/PE, Jaboat\u00e3o\/PE, Nova Lima\/MG e Recife\/PE: das 08h \u00e0s 15h<\/li>\n<\/ul>\n<\/li>\n<li>Ter previs\u00e3o de forma\u00e7\u00e3o nos seguintes per\u00edodos, conforme modalidade de curso:\n<ul>\n<li>Gradua\u00e7\u00e3o de 4 anos: 12\/2025 a 12\/2026<\/li>\n<li>Gradua\u00e7\u00e3o de 5 anos: 12\/2025 a 12\/2027<\/li>\n<li>Gradua\u00e7\u00e3o Tecn\u00f3logo: 12\/2025 a 06\/2026<\/li>\n<\/ul>\n<\/li>\n<\/ul>\n<p>Se voc\u00ea est\u00e1 pronto para dar o pr\u00f3ximo passo na sua carreira e deseja fazer parte de uma empresa que valoriza a inova\u00e7\u00e3o e a excel\u00eancia, inscreva-se no <a href=\"https:\/\/vagas.recrutamentointeligente.net\/stellantis\/detalhe\/programa-de-estagio-regular---2024---2--semestre\/R35176?utm_source=&amp;utm_medium=&amp;utm_campaign=&amp;utm_id=&amp;utm_term=&amp;utm_content=%20\">Programa de Est\u00e1gio Stellantis 2024.\u00a0\u00a0<\/a><\/p>\n<p>LEIA MAIS<\/p>\n<p><a href=\"https:\/\/redenoticiaz.com.br\/blog\/2024\/08\/01\/vagas-de-emprego-na-coca-cola-em-jundiai-ainda-estao-abertas\">Vagas de emprego na Coca-Cola em Jundia\u00ed ainda est\u00e3o abertas<\/a><\/p>\n<p><a href=\"https:\/\/redenoticiaz.com.br\/blog\/2024\/07\/31\/homem-suspeito-de-furtar-cestas-basicas-em-jundiai-e-preso\">Homem suspeito de furtar cestas b\u00e1sicas em Jundia\u00ed \u00e9 preso<\/a><\/p>\n<\/div>\n<\/div>\n<\/div>\n<\/div>\n<p>&nbsp;<\/p>\n","protected":false},"excerpt":{"rendered":"<p>Na Stellantis, fazemos parte de uma hist\u00f3ria \u00fanica na ind\u00fastria automotiva. Nasceu da fus\u00e3o entre a Fiat Chrysler Automobiles e o Grupo PSA em 2021, unindo marcas ic\u00f4nicas como Fiat, Jeep e Peugeot. Estamos empenhados em liderar a transforma\u00e7\u00e3o do setor, focando em inova\u00e7\u00e3o, qualidade e sustentabilidade. Cada ve\u00edculo que criamos reflete nosso compromisso com &hellip;<\/p>\n","protected":false},"author":30,"featured_media":105553,"comment_status":"open","ping_status":"closed","sticky":false,"template":"","format":"standard","meta":{"footnotes":""},"categories":[67963],"tags":[52032,68482],"class_list":["post-117401","post","type-post","status-publish","format-standard","has-post-thumbnail","hentry","category-emprego","tag-estagio","tag-stellantis"],"yoast_head":"<!-- This site is optimized with the Yoast SEO plugin v27.5 - https:\/\/yoast.com\/product\/yoast-seo-wordpress\/ -->\n<title>Programa de Est\u00e1gio Stellantis 2024; confira - Litoral SP<\/title>\n<meta name=\"description\" content=\"Na Stellantis, unindo marcas ic\u00f4nicas como Fiat, Jeep e Peugeot. Estamos empenhados em liderar a transforma\u00e7\u00e3o do setor, focando em inova\u00e7\u00e3o, qualidade e sustentabilidade.\" \/>\n<meta name=\"robots\" content=\"index, follow, max-snippet:-1, max-image-preview:large, max-video-preview:-1\" \/>\n<link rel=\"canonical\" href=\"https:\/\/redenoticiaz.com.br\/litoralsp\/2024\/08\/01\/programa-de-estagio-stellantis-2024-confira\" \/>\n<meta property=\"og:locale\" content=\"pt_BR\" \/>\n<meta property=\"og:type\" content=\"article\" \/>\n<meta property=\"og:title\" content=\"Programa de Est\u00e1gio Stellantis 2024; confira - Litoral SP\" \/>\n<meta property=\"og:description\" content=\"Na Stellantis, unindo marcas ic\u00f4nicas como Fiat, Jeep e Peugeot. Estamos empenhados em liderar a transforma\u00e7\u00e3o do setor, focando em inova\u00e7\u00e3o, qualidade e sustentabilidade.\" \/>\n<meta property=\"og:url\" content=\"https:\/\/redenoticiaz.com.br\/litoralsp\/2024\/08\/01\/programa-de-estagio-stellantis-2024-confira\" \/>\n<meta property=\"og:site_name\" content=\"Litoral SP\" \/>\n<meta property=\"article:published_time\" content=\"2024-08-01T13:43:28+00:00\" \/>\n<meta property=\"og:image\" content=\"https:\/\/redenoticiaz.com.br\/litoralsp\/wp-content\/uploads\/sites\/3\/2023\/05\/curriculo-para-estagio-555x370-1.jpg?v=1683822864\" \/>\n\t<meta property=\"og:image:width\" content=\"555\" \/>\n\t<meta property=\"og:image:height\" content=\"370\" \/>\n\t<meta property=\"og:image:type\" content=\"image\/jpeg\" \/>\n<meta name=\"author\" content=\"Carina Reifonas\" \/>\n<meta name=\"twitter:card\" content=\"summary_large_image\" \/>\n<meta name=\"twitter:label1\" content=\"Escrito por\" \/>\n\t<meta name=\"twitter:data1\" content=\"Carina Reifonas\" \/>\n\t<meta name=\"twitter:label2\" content=\"Est. tempo de leitura\" \/>\n\t<meta name=\"twitter:data2\" content=\"3 minutos\" \/>\n<script type=\"application\/ld+json\" class=\"yoast-schema-graph\">{\"@context\":\"https:\\\/\\\/schema.org\",\"@graph\":[{\"@type\":\"Article\",\"@id\":\"https:\\\/\\\/redenoticiaz.com.br\\\/litoralsp\\\/2024\\\/08\\\/01\\\/programa-de-estagio-stellantis-2024-confira#article\",\"isPartOf\":{\"@id\":\"https:\\\/\\\/redenoticiaz.com.br\\\/litoralsp\\\/2024\\\/08\\\/01\\\/programa-de-estagio-stellantis-2024-confira\"},\"author\":{\"name\":\"Carina Reifonas\",\"@id\":\"https:\\\/\\\/redenoticiaz.com.br\\\/litoralsp\\\/#\\\/schema\\\/person\\\/1f84d6e94e6a62d2d81199d7503e9e90\"},\"headline\":\"Programa de Est\u00e1gio Stellantis 2024; confira\",\"datePublished\":\"2024-08-01T13:43:28+00:00\",\"mainEntityOfPage\":{\"@id\":\"https:\\\/\\\/redenoticiaz.com.br\\\/litoralsp\\\/2024\\\/08\\\/01\\\/programa-de-estagio-stellantis-2024-confira\"},\"wordCount\":410,\"commentCount\":0,\"publisher\":{\"@id\":\"https:\\\/\\\/redenoticiaz.com.br\\\/litoralsp\\\/#organization\"},\"image\":{\"@id\":\"https:\\\/\\\/redenoticiaz.com.br\\\/litoralsp\\\/2024\\\/08\\\/01\\\/programa-de-estagio-stellantis-2024-confira#primaryimage\"},\"thumbnailUrl\":\"https:\\\/\\\/redenoticiaz.com.br\\\/litoralsp\\\/wp-content\\\/uploads\\\/sites\\\/3\\\/2023\\\/05\\\/curriculo-para-estagio-555x370-1.jpg?v=1683822864\",\"keywords\":[\"EST\u00c1GIO\",\"Stellantis\"],\"articleSection\":[\"Emprego\"],\"inLanguage\":\"pt-BR\",\"potentialAction\":[{\"@type\":\"CommentAction\",\"name\":\"Comment\",\"target\":[\"https:\\\/\\\/redenoticiaz.com.br\\\/litoralsp\\\/2024\\\/08\\\/01\\\/programa-de-estagio-stellantis-2024-confira#respond\"]}]},{\"@type\":\"WebPage\",\"@id\":\"https:\\\/\\\/redenoticiaz.com.br\\\/litoralsp\\\/2024\\\/08\\\/01\\\/programa-de-estagio-stellantis-2024-confira\",\"url\":\"https:\\\/\\\/redenoticiaz.com.br\\\/litoralsp\\\/2024\\\/08\\\/01\\\/programa-de-estagio-stellantis-2024-confira\",\"name\":\"Programa de Est\u00e1gio Stellantis 2024; confira - Litoral SP\",\"isPartOf\":{\"@id\":\"https:\\\/\\\/redenoticiaz.com.br\\\/litoralsp\\\/#website\"},\"primaryImageOfPage\":{\"@id\":\"https:\\\/\\\/redenoticiaz.com.br\\\/litoralsp\\\/2024\\\/08\\\/01\\\/programa-de-estagio-stellantis-2024-confira#primaryimage\"},\"image\":{\"@id\":\"https:\\\/\\\/redenoticiaz.com.br\\\/litoralsp\\\/2024\\\/08\\\/01\\\/programa-de-estagio-stellantis-2024-confira#primaryimage\"},\"thumbnailUrl\":\"https:\\\/\\\/redenoticiaz.com.br\\\/litoralsp\\\/wp-content\\\/uploads\\\/sites\\\/3\\\/2023\\\/05\\\/curriculo-para-estagio-555x370-1.jpg?v=1683822864\",\"datePublished\":\"2024-08-01T13:43:28+00:00\",\"description\":\"Na Stellantis, unindo marcas ic\u00f4nicas como Fiat, Jeep e Peugeot. Estamos empenhados em liderar a transforma\u00e7\u00e3o do setor, focando em inova\u00e7\u00e3o, qualidade e sustentabilidade.\",\"inLanguage\":\"pt-BR\",\"potentialAction\":[{\"@type\":\"ReadAction\",\"target\":[\"https:\\\/\\\/redenoticiaz.com.br\\\/litoralsp\\\/2024\\\/08\\\/01\\\/programa-de-estagio-stellantis-2024-confira\"]}]},{\"@type\":\"ImageObject\",\"inLanguage\":\"pt-BR\",\"@id\":\"https:\\\/\\\/redenoticiaz.com.br\\\/litoralsp\\\/2024\\\/08\\\/01\\\/programa-de-estagio-stellantis-2024-confira#primaryimage\",\"url\":\"https:\\\/\\\/redenoticiaz.com.br\\\/litoralsp\\\/wp-content\\\/uploads\\\/sites\\\/3\\\/2023\\\/05\\\/curriculo-para-estagio-555x370-1.jpg?v=1683822864\",\"contentUrl\":\"https:\\\/\\\/redenoticiaz.com.br\\\/litoralsp\\\/wp-content\\\/uploads\\\/sites\\\/3\\\/2023\\\/05\\\/curriculo-para-estagio-555x370-1.jpg?v=1683822864\",\"width\":555,\"height\":370,\"caption\":\"Cr\u00e9ditos: Divulga\u00e7\u00e3o\\\/Vagas.com\"},{\"@type\":\"WebSite\",\"@id\":\"https:\\\/\\\/redenoticiaz.com.br\\\/litoralsp\\\/#website\",\"url\":\"https:\\\/\\\/redenoticiaz.com.br\\\/litoralsp\\\/\",\"name\":\"Litoral SP\",\"description\":\"Rede NoticiaZ\",\"publisher\":{\"@id\":\"https:\\\/\\\/redenoticiaz.com.br\\\/litoralsp\\\/#organization\"},\"potentialAction\":[{\"@type\":\"SearchAction\",\"target\":{\"@type\":\"EntryPoint\",\"urlTemplate\":\"https:\\\/\\\/redenoticiaz.com.br\\\/litoralsp\\\/?s={search_term_string}\"},\"query-input\":{\"@type\":\"PropertyValueSpecification\",\"valueRequired\":true,\"valueName\":\"search_term_string\"}}],\"inLanguage\":\"pt-BR\"},{\"@type\":\"Organization\",\"@id\":\"https:\\\/\\\/redenoticiaz.com.br\\\/litoralsp\\\/#organization\",\"name\":\"Litoral SP\",\"url\":\"https:\\\/\\\/redenoticiaz.com.br\\\/litoralsp\\\/\",\"logo\":{\"@type\":\"ImageObject\",\"inLanguage\":\"pt-BR\",\"@id\":\"https:\\\/\\\/redenoticiaz.com.br\\\/litoralsp\\\/#\\\/schema\\\/logo\\\/image\\\/\",\"url\":\"https:\\\/\\\/redenoticiaz.com.br\\\/litoralsp\\\/wp-content\\\/uploads\\\/sites\\\/3\\\/2020\\\/11\\\/logo.jpg\",\"contentUrl\":\"https:\\\/\\\/redenoticiaz.com.br\\\/litoralsp\\\/wp-content\\\/uploads\\\/sites\\\/3\\\/2020\\\/11\\\/logo.jpg\",\"width\":400,\"height\":250,\"caption\":\"Litoral SP\"},\"image\":{\"@id\":\"https:\\\/\\\/redenoticiaz.com.br\\\/litoralsp\\\/#\\\/schema\\\/logo\\\/image\\\/\"}},{\"@type\":\"Person\",\"@id\":\"https:\\\/\\\/redenoticiaz.com.br\\\/litoralsp\\\/#\\\/schema\\\/person\\\/1f84d6e94e6a62d2d81199d7503e9e90\",\"name\":\"Carina Reifonas\",\"image\":{\"@type\":\"ImageObject\",\"inLanguage\":\"pt-BR\",\"@id\":\"https:\\\/\\\/secure.gravatar.com\\\/avatar\\\/04c59859b23696cf867715880f81d5c037e60109730bdb4e6670ec2a2245bc97?s=96&d=mm&r=g\",\"url\":\"https:\\\/\\\/secure.gravatar.com\\\/avatar\\\/04c59859b23696cf867715880f81d5c037e60109730bdb4e6670ec2a2245bc97?s=96&d=mm&r=g\",\"contentUrl\":\"https:\\\/\\\/secure.gravatar.com\\\/avatar\\\/04c59859b23696cf867715880f81d5c037e60109730bdb4e6670ec2a2245bc97?s=96&d=mm&r=g\",\"caption\":\"Carina Reifonas\"},\"url\":\"https:\\\/\\\/redenoticiaz.com.br\\\/litoralsp\\\/author\\\/carinareifonas\"}]}<\/script>\n<!-- \/ Yoast SEO plugin. -->","yoast_head_json":{"title":"Programa de Est\u00e1gio Stellantis 2024; confira - Litoral SP","description":"Na Stellantis, unindo marcas ic\u00f4nicas como Fiat, Jeep e Peugeot. Estamos empenhados em liderar a transforma\u00e7\u00e3o do setor, focando em inova\u00e7\u00e3o, qualidade e sustentabilidade.","robots":{"index":"index","follow":"follow","max-snippet":"max-snippet:-1","max-image-preview":"max-image-preview:large","max-video-preview":"max-video-preview:-1"},"canonical":"https:\/\/redenoticiaz.com.br\/litoralsp\/2024\/08\/01\/programa-de-estagio-stellantis-2024-confira","og_locale":"pt_BR","og_type":"article","og_title":"Programa de Est\u00e1gio Stellantis 2024; confira - Litoral SP","og_description":"Na Stellantis, unindo marcas ic\u00f4nicas como Fiat, Jeep e Peugeot. Estamos empenhados em liderar a transforma\u00e7\u00e3o do setor, focando em inova\u00e7\u00e3o, qualidade e sustentabilidade.","og_url":"https:\/\/redenoticiaz.com.br\/litoralsp\/2024\/08\/01\/programa-de-estagio-stellantis-2024-confira","og_site_name":"Litoral SP","article_published_time":"2024-08-01T13:43:28+00:00","og_image":[{"width":555,"height":370,"url":"https:\/\/redenoticiaz.com.br\/litoralsp\/wp-content\/uploads\/sites\/3\/2023\/05\/curriculo-para-estagio-555x370-1.jpg?v=1683822864","type":"image\/jpeg"}],"author":"Carina Reifonas","twitter_card":"summary_large_image","twitter_misc":{"Escrito por":"Carina Reifonas","Est. tempo de leitura":"3 minutos"},"schema":{"@context":"https:\/\/schema.org","@graph":[{"@type":"Article","@id":"https:\/\/redenoticiaz.com.br\/litoralsp\/2024\/08\/01\/programa-de-estagio-stellantis-2024-confira#article","isPartOf":{"@id":"https:\/\/redenoticiaz.com.br\/litoralsp\/2024\/08\/01\/programa-de-estagio-stellantis-2024-confira"},"author":{"name":"Carina Reifonas","@id":"https:\/\/redenoticiaz.com.br\/litoralsp\/#\/schema\/person\/1f84d6e94e6a62d2d81199d7503e9e90"},"headline":"Programa de Est\u00e1gio Stellantis 2024; confira","datePublished":"2024-08-01T13:43:28+00:00","mainEntityOfPage":{"@id":"https:\/\/redenoticiaz.com.br\/litoralsp\/2024\/08\/01\/programa-de-estagio-stellantis-2024-confira"},"wordCount":410,"commentCount":0,"publisher":{"@id":"https:\/\/redenoticiaz.com.br\/litoralsp\/#organization"},"image":{"@id":"https:\/\/redenoticiaz.com.br\/litoralsp\/2024\/08\/01\/programa-de-estagio-stellantis-2024-confira#primaryimage"},"thumbnailUrl":"https:\/\/redenoticiaz.com.br\/litoralsp\/wp-content\/uploads\/sites\/3\/2023\/05\/curriculo-para-estagio-555x370-1.jpg?v=1683822864","keywords":["EST\u00c1GIO","Stellantis"],"articleSection":["Emprego"],"inLanguage":"pt-BR","potentialAction":[{"@type":"CommentAction","name":"Comment","target":["https:\/\/redenoticiaz.com.br\/litoralsp\/2024\/08\/01\/programa-de-estagio-stellantis-2024-confira#respond"]}]},{"@type":"WebPage","@id":"https:\/\/redenoticiaz.com.br\/litoralsp\/2024\/08\/01\/programa-de-estagio-stellantis-2024-confira","url":"https:\/\/redenoticiaz.com.br\/litoralsp\/2024\/08\/01\/programa-de-estagio-stellantis-2024-confira","name":"Programa de Est\u00e1gio Stellantis 2024; confira - Litoral SP","isPartOf":{"@id":"https:\/\/redenoticiaz.com.br\/litoralsp\/#website"},"primaryImageOfPage":{"@id":"https:\/\/redenoticiaz.com.br\/litoralsp\/2024\/08\/01\/programa-de-estagio-stellantis-2024-confira#primaryimage"},"image":{"@id":"https:\/\/redenoticiaz.com.br\/litoralsp\/2024\/08\/01\/programa-de-estagio-stellantis-2024-confira#primaryimage"},"thumbnailUrl":"https:\/\/redenoticiaz.com.br\/litoralsp\/wp-content\/uploads\/sites\/3\/2023\/05\/curriculo-para-estagio-555x370-1.jpg?v=1683822864","datePublished":"2024-08-01T13:43:28+00:00","description":"Na Stellantis, unindo marcas ic\u00f4nicas como Fiat, Jeep e Peugeot. Estamos empenhados em liderar a transforma\u00e7\u00e3o do setor, focando em inova\u00e7\u00e3o, qualidade e sustentabilidade.","inLanguage":"pt-BR","potentialAction":[{"@type":"ReadAction","target":["https:\/\/redenoticiaz.com.br\/litoralsp\/2024\/08\/01\/programa-de-estagio-stellantis-2024-confira"]}]},{"@type":"ImageObject","inLanguage":"pt-BR","@id":"https:\/\/redenoticiaz.com.br\/litoralsp\/2024\/08\/01\/programa-de-estagio-stellantis-2024-confira#primaryimage","url":"https:\/\/redenoticiaz.com.br\/litoralsp\/wp-content\/uploads\/sites\/3\/2023\/05\/curriculo-para-estagio-555x370-1.jpg?v=1683822864","contentUrl":"https:\/\/redenoticiaz.com.br\/litoralsp\/wp-content\/uploads\/sites\/3\/2023\/05\/curriculo-para-estagio-555x370-1.jpg?v=1683822864","width":555,"height":370,"caption":"Cr\u00e9ditos: Divulga\u00e7\u00e3o\/Vagas.com"},{"@type":"WebSite","@id":"https:\/\/redenoticiaz.com.br\/litoralsp\/#website","url":"https:\/\/redenoticiaz.com.br\/litoralsp\/","name":"Litoral SP","description":"Rede NoticiaZ","publisher":{"@id":"https:\/\/redenoticiaz.com.br\/litoralsp\/#organization"},"potentialAction":[{"@type":"SearchAction","target":{"@type":"EntryPoint","urlTemplate":"https:\/\/redenoticiaz.com.br\/litoralsp\/?s={search_term_string}"},"query-input":{"@type":"PropertyValueSpecification","valueRequired":true,"valueName":"search_term_string"}}],"inLanguage":"pt-BR"},{"@type":"Organization","@id":"https:\/\/redenoticiaz.com.br\/litoralsp\/#organization","name":"Litoral SP","url":"https:\/\/redenoticiaz.com.br\/litoralsp\/","logo":{"@type":"ImageObject","inLanguage":"pt-BR","@id":"https:\/\/redenoticiaz.com.br\/litoralsp\/#\/schema\/logo\/image\/","url":"https:\/\/redenoticiaz.com.br\/litoralsp\/wp-content\/uploads\/sites\/3\/2020\/11\/logo.jpg","contentUrl":"https:\/\/redenoticiaz.com.br\/litoralsp\/wp-content\/uploads\/sites\/3\/2020\/11\/logo.jpg","width":400,"height":250,"caption":"Litoral SP"},"image":{"@id":"https:\/\/redenoticiaz.com.br\/litoralsp\/#\/schema\/logo\/image\/"}},{"@type":"Person","@id":"https:\/\/redenoticiaz.com.br\/litoralsp\/#\/schema\/person\/1f84d6e94e6a62d2d81199d7503e9e90","name":"Carina Reifonas","image":{"@type":"ImageObject","inLanguage":"pt-BR","@id":"https:\/\/secure.gravatar.com\/avatar\/04c59859b23696cf867715880f81d5c037e60109730bdb4e6670ec2a2245bc97?s=96&d=mm&r=g","url":"https:\/\/secure.gravatar.com\/avatar\/04c59859b23696cf867715880f81d5c037e60109730bdb4e6670ec2a2245bc97?s=96&d=mm&r=g","contentUrl":"https:\/\/secure.gravatar.com\/avatar\/04c59859b23696cf867715880f81d5c037e60109730bdb4e6670ec2a2245bc97?s=96&d=mm&r=g","caption":"Carina Reifonas"},"url":"https:\/\/redenoticiaz.com.br\/litoralsp\/author\/carinareifonas"}]}},"_links":{"self":[{"href":"https:\/\/redenoticiaz.com.br\/litoralsp\/wp-json\/wp\/v2\/posts\/117401","targetHints":{"allow":["GET"]}}],"collection":[{"href":"https:\/\/redenoticiaz.com.br\/litoralsp\/wp-json\/wp\/v2\/posts"}],"about":[{"href":"https:\/\/redenoticiaz.com.br\/litoralsp\/wp-json\/wp\/v2\/types\/post"}],"author":[{"embeddable":true,"href":"https:\/\/redenoticiaz.com.br\/litoralsp\/wp-json\/wp\/v2\/users\/30"}],"replies":[{"embeddable":true,"href":"https:\/\/redenoticiaz.com.br\/litoralsp\/wp-json\/wp\/v2\/comments?post=117401"}],"version-history":[{"count":0,"href":"https:\/\/redenoticiaz.com.br\/litoralsp\/wp-json\/wp\/v2\/posts\/117401\/revisions"}],"wp:featuredmedia":[{"embeddable":true,"href":"https:\/\/redenoticiaz.com.br\/litoralsp\/wp-json\/wp\/v2\/media\/105553"}],"wp:attachment":[{"href":"https:\/\/redenoticiaz.com.br\/litoralsp\/wp-json\/wp\/v2\/media?parent=117401"}],"wp:term":[{"taxonomy":"category","embeddable":true,"href":"https:\/\/redenoticiaz.com.br\/litoralsp\/wp-json\/wp\/v2\/categories?post=117401"},{"taxonomy":"post_tag","embeddable":true,"href":"https:\/\/redenoticiaz.com.br\/litoralsp\/wp-json\/wp\/v2\/tags?post=117401"}],"curies":[{"name":"wp","href":"https:\/\/api.w.org\/{rel}","templated":true}]}}