{"id":117580,"date":"2024-08-09T10:58:18","date_gmt":"2024-08-09T13:58:18","guid":{"rendered":"https:\/\/redenoticiaz.com.br\/litoralsp\/2024\/08\/09\/isaquias-queiroz-conquista-a-prata-em-paris-2024"},"modified":"2024-08-09T10:58:18","modified_gmt":"2024-08-09T13:58:18","slug":"isaquias-queiroz-conquista-a-prata-em-paris-2024","status":"publish","type":"post","link":"https:\/\/redenoticiaz.com.br\/litoralsp\/2024\/08\/09\/isaquias-queiroz-conquista-a-prata-em-paris-2024","title":{"rendered":"Isaquias Queiroz conquista a prata em Paris 2024"},"content":{"rendered":"<p>Isaquias Queiroz conquistou sua quinta medalha ol\u00edmpica, uma prata no C1 1000m em Paris 2024, se igualando a Robert Scheidt e Torben Grael como o segundo atleta brasileiro com mais medalhas ol\u00edmpicas.<\/p>\n<p>Ele ficou atr\u00e1s apenas de Rebeca Andrade, que tem seis. Ap\u00f3s uma decep\u00e7\u00e3o no C2 500m, Isaquias se recuperou na competi\u00e7\u00e3o individual.<\/p>\n<p>\ud83d\udcf2\u00a0<a href=\"https:\/\/chat.whatsapp.com\/IZvl6ywXD9K5Zh7loxWKGE\">Junte-se ao canal de empregos do Rede Noticias WhatsApp<\/a><\/p>\n<p>Nascido em Ubaitaba, Bahia, Isaquias superou uma inf\u00e2ncia dif\u00edcil e acidentes graves, incluindo a perda de um rim, para se tornar o maior nome da canoagem velocidade do Brasil.<\/p>\n<p>\ud83d\udcf2Siga nossas redes sociais no\u00a0<a href=\"https:\/\/www.instagram.com\/redenoticiaz\/\">Instagram<\/a>\u00a0e\u00a0<a href=\"https:\/\/www.facebook.com\/p\/Rede-Noticiaz-100063557592062\/?_rdr\">Facebook<\/a>\u00a0para ficar por dentro de todas as novidades e atualiza\u00e7\u00f5es!<\/p>\n<p>LEIA MAIS<\/p>\n<p><a href=\"https:\/\/redenoticiaz.com.br\/blog\/2024\/08\/08\/edival-pontes-conquista-bronze-para-o-brasil-no-taekwondo\">Edival Pontes conquista bronze para o Brasil no taekwondo<\/a><\/p>\n<p><a href=\"https:\/\/redenoticiaz.com.br\/blog\/2024\/08\/08\/frente-fria-deve-deverrubar-temperaturas-em-jundiai\">Frente fria deve deverrubar temperaturas<\/a><\/p>\n","protected":false},"excerpt":{"rendered":"<p>Isaquias Queiroz conquistou sua quinta medalha ol\u00edmpica, uma prata no C1 1000m em Paris 2024, se igualando a Robert Scheidt e Torben Grael como o segundo atleta brasileiro com mais medalhas ol\u00edmpicas. Ele ficou atr\u00e1s apenas de Rebeca Andrade, que tem seis. Ap\u00f3s uma decep\u00e7\u00e3o no C2 500m, Isaquias se recuperou na competi\u00e7\u00e3o individual. \ud83d\udcf2\u00a0Junte-se &hellip;<\/p>\n","protected":false},"author":30,"featured_media":117581,"comment_status":"open","ping_status":"closed","sticky":false,"template":"","format":"standard","meta":{"footnotes":""},"categories":[28092],"tags":[29571,29606],"class_list":["post-117580","post","type-post","status-publish","format-standard","has-post-thumbnail","hentry","category-olimpiadas","tag-canoagem","tag-isaquias-queiroz"],"yoast_head":"<!-- This site is optimized with the Yoast SEO plugin v27.4 - https:\/\/yoast.com\/product\/yoast-seo-wordpress\/ -->\n<title>Isaquias Queiroz conquista a prata em Paris 2024 - Litoral SP<\/title>\n<meta name=\"description\" content=\"Isaquias Queiroz conquistou sua quinta medalha ol\u00edmpica, uma prata no C1 1000m em Paris 2024, se igualando a Robert Scheidt e Torben Grael.\" \/>\n<meta name=\"robots\" content=\"index, follow, max-snippet:-1, max-image-preview:large, max-video-preview:-1\" \/>\n<link rel=\"canonical\" href=\"https:\/\/redenoticiaz.com.br\/litoralsp\/2024\/08\/09\/isaquias-queiroz-conquista-a-prata-em-paris-2024\" \/>\n<meta property=\"og:locale\" content=\"pt_BR\" \/>\n<meta property=\"og:type\" content=\"article\" \/>\n<meta property=\"og:title\" content=\"Isaquias Queiroz conquista a prata em Paris 2024 - Litoral SP\" \/>\n<meta property=\"og:description\" content=\"Isaquias Queiroz conquistou sua quinta medalha ol\u00edmpica, uma prata no C1 1000m em Paris 2024, se igualando a Robert Scheidt e Torben Grael.\" \/>\n<meta property=\"og:url\" content=\"https:\/\/redenoticiaz.com.br\/litoralsp\/2024\/08\/09\/isaquias-queiroz-conquista-a-prata-em-paris-2024\" \/>\n<meta property=\"og:site_name\" content=\"Litoral SP\" \/>\n<meta property=\"article:published_time\" content=\"2024-08-09T13:58:18+00:00\" \/>\n<meta property=\"og:image\" content=\"https:\/\/redenoticiaz.com.br\/litoralsp\/wp-content\/uploads\/sites\/3\/2024\/08\/Captura-de-tela-2024-08-09-105211.png?v=1723211855\" \/>\n\t<meta property=\"og:image:width\" content=\"628\" \/>\n\t<meta property=\"og:image:height\" content=\"342\" \/>\n\t<meta property=\"og:image:type\" content=\"image\/png\" \/>\n<meta name=\"author\" content=\"Carina Reifonas\" \/>\n<meta name=\"twitter:card\" content=\"summary_large_image\" \/>\n<meta name=\"twitter:label1\" content=\"Escrito por\" \/>\n\t<meta name=\"twitter:data1\" content=\"Carina Reifonas\" \/>\n\t<meta name=\"twitter:label2\" content=\"Est. tempo de leitura\" \/>\n\t<meta name=\"twitter:data2\" content=\"1 minuto\" \/>\n<script type=\"application\/ld+json\" class=\"yoast-schema-graph\">{\"@context\":\"https:\\\/\\\/schema.org\",\"@graph\":[{\"@type\":\"Article\",\"@id\":\"https:\\\/\\\/redenoticiaz.com.br\\\/litoralsp\\\/2024\\\/08\\\/09\\\/isaquias-queiroz-conquista-a-prata-em-paris-2024#article\",\"isPartOf\":{\"@id\":\"https:\\\/\\\/redenoticiaz.com.br\\\/litoralsp\\\/2024\\\/08\\\/09\\\/isaquias-queiroz-conquista-a-prata-em-paris-2024\"},\"author\":{\"name\":\"Carina Reifonas\",\"@id\":\"https:\\\/\\\/redenoticiaz.com.br\\\/litoralsp\\\/#\\\/schema\\\/person\\\/1f84d6e94e6a62d2d81199d7503e9e90\"},\"headline\":\"Isaquias Queiroz conquista a prata em Paris 2024\",\"datePublished\":\"2024-08-09T13:58:18+00:00\",\"mainEntityOfPage\":{\"@id\":\"https:\\\/\\\/redenoticiaz.com.br\\\/litoralsp\\\/2024\\\/08\\\/09\\\/isaquias-queiroz-conquista-a-prata-em-paris-2024\"},\"wordCount\":141,\"commentCount\":0,\"publisher\":{\"@id\":\"https:\\\/\\\/redenoticiaz.com.br\\\/litoralsp\\\/#organization\"},\"image\":{\"@id\":\"https:\\\/\\\/redenoticiaz.com.br\\\/litoralsp\\\/2024\\\/08\\\/09\\\/isaquias-queiroz-conquista-a-prata-em-paris-2024#primaryimage\"},\"thumbnailUrl\":\"https:\\\/\\\/redenoticiaz.com.br\\\/litoralsp\\\/wp-content\\\/uploads\\\/sites\\\/3\\\/2024\\\/08\\\/Captura-de-tela-2024-08-09-105211.png?v=1723211855\",\"keywords\":[\"canoagem\",\"ISAQUIAS QUEIROZ\"],\"articleSection\":[\"Olimp\u00edadas\"],\"inLanguage\":\"pt-BR\",\"potentialAction\":[{\"@type\":\"CommentAction\",\"name\":\"Comment\",\"target\":[\"https:\\\/\\\/redenoticiaz.com.br\\\/litoralsp\\\/2024\\\/08\\\/09\\\/isaquias-queiroz-conquista-a-prata-em-paris-2024#respond\"]}]},{\"@type\":\"WebPage\",\"@id\":\"https:\\\/\\\/redenoticiaz.com.br\\\/litoralsp\\\/2024\\\/08\\\/09\\\/isaquias-queiroz-conquista-a-prata-em-paris-2024\",\"url\":\"https:\\\/\\\/redenoticiaz.com.br\\\/litoralsp\\\/2024\\\/08\\\/09\\\/isaquias-queiroz-conquista-a-prata-em-paris-2024\",\"name\":\"Isaquias Queiroz conquista a prata em Paris 2024 - Litoral SP\",\"isPartOf\":{\"@id\":\"https:\\\/\\\/redenoticiaz.com.br\\\/litoralsp\\\/#website\"},\"primaryImageOfPage\":{\"@id\":\"https:\\\/\\\/redenoticiaz.com.br\\\/litoralsp\\\/2024\\\/08\\\/09\\\/isaquias-queiroz-conquista-a-prata-em-paris-2024#primaryimage\"},\"image\":{\"@id\":\"https:\\\/\\\/redenoticiaz.com.br\\\/litoralsp\\\/2024\\\/08\\\/09\\\/isaquias-queiroz-conquista-a-prata-em-paris-2024#primaryimage\"},\"thumbnailUrl\":\"https:\\\/\\\/redenoticiaz.com.br\\\/litoralsp\\\/wp-content\\\/uploads\\\/sites\\\/3\\\/2024\\\/08\\\/Captura-de-tela-2024-08-09-105211.png?v=1723211855\",\"datePublished\":\"2024-08-09T13:58:18+00:00\",\"description\":\"Isaquias Queiroz conquistou sua quinta medalha ol\u00edmpica, uma prata no C1 1000m em Paris 2024, se igualando a Robert Scheidt e Torben Grael.\",\"inLanguage\":\"pt-BR\",\"potentialAction\":[{\"@type\":\"ReadAction\",\"target\":[\"https:\\\/\\\/redenoticiaz.com.br\\\/litoralsp\\\/2024\\\/08\\\/09\\\/isaquias-queiroz-conquista-a-prata-em-paris-2024\"]}]},{\"@type\":\"ImageObject\",\"inLanguage\":\"pt-BR\",\"@id\":\"https:\\\/\\\/redenoticiaz.com.br\\\/litoralsp\\\/2024\\\/08\\\/09\\\/isaquias-queiroz-conquista-a-prata-em-paris-2024#primaryimage\",\"url\":\"https:\\\/\\\/redenoticiaz.com.br\\\/litoralsp\\\/wp-content\\\/uploads\\\/sites\\\/3\\\/2024\\\/08\\\/Captura-de-tela-2024-08-09-105211.png?v=1723211855\",\"contentUrl\":\"https:\\\/\\\/redenoticiaz.com.br\\\/litoralsp\\\/wp-content\\\/uploads\\\/sites\\\/3\\\/2024\\\/08\\\/Captura-de-tela-2024-08-09-105211.png?v=1723211855\",\"width\":628,\"height\":342},{\"@type\":\"WebSite\",\"@id\":\"https:\\\/\\\/redenoticiaz.com.br\\\/litoralsp\\\/#website\",\"url\":\"https:\\\/\\\/redenoticiaz.com.br\\\/litoralsp\\\/\",\"name\":\"Litoral SP\",\"description\":\"Rede NoticiaZ\",\"publisher\":{\"@id\":\"https:\\\/\\\/redenoticiaz.com.br\\\/litoralsp\\\/#organization\"},\"potentialAction\":[{\"@type\":\"SearchAction\",\"target\":{\"@type\":\"EntryPoint\",\"urlTemplate\":\"https:\\\/\\\/redenoticiaz.com.br\\\/litoralsp\\\/?s={search_term_string}\"},\"query-input\":{\"@type\":\"PropertyValueSpecification\",\"valueRequired\":true,\"valueName\":\"search_term_string\"}}],\"inLanguage\":\"pt-BR\"},{\"@type\":\"Organization\",\"@id\":\"https:\\\/\\\/redenoticiaz.com.br\\\/litoralsp\\\/#organization\",\"name\":\"Litoral SP\",\"url\":\"https:\\\/\\\/redenoticiaz.com.br\\\/litoralsp\\\/\",\"logo\":{\"@type\":\"ImageObject\",\"inLanguage\":\"pt-BR\",\"@id\":\"https:\\\/\\\/redenoticiaz.com.br\\\/litoralsp\\\/#\\\/schema\\\/logo\\\/image\\\/\",\"url\":\"https:\\\/\\\/redenoticiaz.com.br\\\/litoralsp\\\/wp-content\\\/uploads\\\/sites\\\/3\\\/2020\\\/11\\\/logo.jpg\",\"contentUrl\":\"https:\\\/\\\/redenoticiaz.com.br\\\/litoralsp\\\/wp-content\\\/uploads\\\/sites\\\/3\\\/2020\\\/11\\\/logo.jpg\",\"width\":400,\"height\":250,\"caption\":\"Litoral SP\"},\"image\":{\"@id\":\"https:\\\/\\\/redenoticiaz.com.br\\\/litoralsp\\\/#\\\/schema\\\/logo\\\/image\\\/\"}},{\"@type\":\"Person\",\"@id\":\"https:\\\/\\\/redenoticiaz.com.br\\\/litoralsp\\\/#\\\/schema\\\/person\\\/1f84d6e94e6a62d2d81199d7503e9e90\",\"name\":\"Carina Reifonas\",\"image\":{\"@type\":\"ImageObject\",\"inLanguage\":\"pt-BR\",\"@id\":\"https:\\\/\\\/secure.gravatar.com\\\/avatar\\\/04c59859b23696cf867715880f81d5c037e60109730bdb4e6670ec2a2245bc97?s=96&d=mm&r=g\",\"url\":\"https:\\\/\\\/secure.gravatar.com\\\/avatar\\\/04c59859b23696cf867715880f81d5c037e60109730bdb4e6670ec2a2245bc97?s=96&d=mm&r=g\",\"contentUrl\":\"https:\\\/\\\/secure.gravatar.com\\\/avatar\\\/04c59859b23696cf867715880f81d5c037e60109730bdb4e6670ec2a2245bc97?s=96&d=mm&r=g\",\"caption\":\"Carina Reifonas\"},\"url\":\"https:\\\/\\\/redenoticiaz.com.br\\\/litoralsp\\\/author\\\/carinareifonas\"}]}<\/script>\n<!-- \/ Yoast SEO plugin. -->","yoast_head_json":{"title":"Isaquias Queiroz conquista a prata em Paris 2024 - Litoral SP","description":"Isaquias Queiroz conquistou sua quinta medalha ol\u00edmpica, uma prata no C1 1000m em Paris 2024, se igualando a Robert Scheidt e Torben Grael.","robots":{"index":"index","follow":"follow","max-snippet":"max-snippet:-1","max-image-preview":"max-image-preview:large","max-video-preview":"max-video-preview:-1"},"canonical":"https:\/\/redenoticiaz.com.br\/litoralsp\/2024\/08\/09\/isaquias-queiroz-conquista-a-prata-em-paris-2024","og_locale":"pt_BR","og_type":"article","og_title":"Isaquias Queiroz conquista a prata em Paris 2024 - Litoral SP","og_description":"Isaquias Queiroz conquistou sua quinta medalha ol\u00edmpica, uma prata no C1 1000m em Paris 2024, se igualando a Robert Scheidt e Torben Grael.","og_url":"https:\/\/redenoticiaz.com.br\/litoralsp\/2024\/08\/09\/isaquias-queiroz-conquista-a-prata-em-paris-2024","og_site_name":"Litoral SP","article_published_time":"2024-08-09T13:58:18+00:00","og_image":[{"width":628,"height":342,"url":"https:\/\/redenoticiaz.com.br\/litoralsp\/wp-content\/uploads\/sites\/3\/2024\/08\/Captura-de-tela-2024-08-09-105211.png?v=1723211855","type":"image\/png"}],"author":"Carina Reifonas","twitter_card":"summary_large_image","twitter_misc":{"Escrito por":"Carina Reifonas","Est. tempo de leitura":"1 minuto"},"schema":{"@context":"https:\/\/schema.org","@graph":[{"@type":"Article","@id":"https:\/\/redenoticiaz.com.br\/litoralsp\/2024\/08\/09\/isaquias-queiroz-conquista-a-prata-em-paris-2024#article","isPartOf":{"@id":"https:\/\/redenoticiaz.com.br\/litoralsp\/2024\/08\/09\/isaquias-queiroz-conquista-a-prata-em-paris-2024"},"author":{"name":"Carina Reifonas","@id":"https:\/\/redenoticiaz.com.br\/litoralsp\/#\/schema\/person\/1f84d6e94e6a62d2d81199d7503e9e90"},"headline":"Isaquias Queiroz conquista a prata em Paris 2024","datePublished":"2024-08-09T13:58:18+00:00","mainEntityOfPage":{"@id":"https:\/\/redenoticiaz.com.br\/litoralsp\/2024\/08\/09\/isaquias-queiroz-conquista-a-prata-em-paris-2024"},"wordCount":141,"commentCount":0,"publisher":{"@id":"https:\/\/redenoticiaz.com.br\/litoralsp\/#organization"},"image":{"@id":"https:\/\/redenoticiaz.com.br\/litoralsp\/2024\/08\/09\/isaquias-queiroz-conquista-a-prata-em-paris-2024#primaryimage"},"thumbnailUrl":"https:\/\/redenoticiaz.com.br\/litoralsp\/wp-content\/uploads\/sites\/3\/2024\/08\/Captura-de-tela-2024-08-09-105211.png?v=1723211855","keywords":["canoagem","ISAQUIAS QUEIROZ"],"articleSection":["Olimp\u00edadas"],"inLanguage":"pt-BR","potentialAction":[{"@type":"CommentAction","name":"Comment","target":["https:\/\/redenoticiaz.com.br\/litoralsp\/2024\/08\/09\/isaquias-queiroz-conquista-a-prata-em-paris-2024#respond"]}]},{"@type":"WebPage","@id":"https:\/\/redenoticiaz.com.br\/litoralsp\/2024\/08\/09\/isaquias-queiroz-conquista-a-prata-em-paris-2024","url":"https:\/\/redenoticiaz.com.br\/litoralsp\/2024\/08\/09\/isaquias-queiroz-conquista-a-prata-em-paris-2024","name":"Isaquias Queiroz conquista a prata em Paris 2024 - Litoral SP","isPartOf":{"@id":"https:\/\/redenoticiaz.com.br\/litoralsp\/#website"},"primaryImageOfPage":{"@id":"https:\/\/redenoticiaz.com.br\/litoralsp\/2024\/08\/09\/isaquias-queiroz-conquista-a-prata-em-paris-2024#primaryimage"},"image":{"@id":"https:\/\/redenoticiaz.com.br\/litoralsp\/2024\/08\/09\/isaquias-queiroz-conquista-a-prata-em-paris-2024#primaryimage"},"thumbnailUrl":"https:\/\/redenoticiaz.com.br\/litoralsp\/wp-content\/uploads\/sites\/3\/2024\/08\/Captura-de-tela-2024-08-09-105211.png?v=1723211855","datePublished":"2024-08-09T13:58:18+00:00","description":"Isaquias Queiroz conquistou sua quinta medalha ol\u00edmpica, uma prata no C1 1000m em Paris 2024, se igualando a Robert Scheidt e Torben Grael.","inLanguage":"pt-BR","potentialAction":[{"@type":"ReadAction","target":["https:\/\/redenoticiaz.com.br\/litoralsp\/2024\/08\/09\/isaquias-queiroz-conquista-a-prata-em-paris-2024"]}]},{"@type":"ImageObject","inLanguage":"pt-BR","@id":"https:\/\/redenoticiaz.com.br\/litoralsp\/2024\/08\/09\/isaquias-queiroz-conquista-a-prata-em-paris-2024#primaryimage","url":"https:\/\/redenoticiaz.com.br\/litoralsp\/wp-content\/uploads\/sites\/3\/2024\/08\/Captura-de-tela-2024-08-09-105211.png?v=1723211855","contentUrl":"https:\/\/redenoticiaz.com.br\/litoralsp\/wp-content\/uploads\/sites\/3\/2024\/08\/Captura-de-tela-2024-08-09-105211.png?v=1723211855","width":628,"height":342},{"@type":"WebSite","@id":"https:\/\/redenoticiaz.com.br\/litoralsp\/#website","url":"https:\/\/redenoticiaz.com.br\/litoralsp\/","name":"Litoral SP","description":"Rede NoticiaZ","publisher":{"@id":"https:\/\/redenoticiaz.com.br\/litoralsp\/#organization"},"potentialAction":[{"@type":"SearchAction","target":{"@type":"EntryPoint","urlTemplate":"https:\/\/redenoticiaz.com.br\/litoralsp\/?s={search_term_string}"},"query-input":{"@type":"PropertyValueSpecification","valueRequired":true,"valueName":"search_term_string"}}],"inLanguage":"pt-BR"},{"@type":"Organization","@id":"https:\/\/redenoticiaz.com.br\/litoralsp\/#organization","name":"Litoral SP","url":"https:\/\/redenoticiaz.com.br\/litoralsp\/","logo":{"@type":"ImageObject","inLanguage":"pt-BR","@id":"https:\/\/redenoticiaz.com.br\/litoralsp\/#\/schema\/logo\/image\/","url":"https:\/\/redenoticiaz.com.br\/litoralsp\/wp-content\/uploads\/sites\/3\/2020\/11\/logo.jpg","contentUrl":"https:\/\/redenoticiaz.com.br\/litoralsp\/wp-content\/uploads\/sites\/3\/2020\/11\/logo.jpg","width":400,"height":250,"caption":"Litoral SP"},"image":{"@id":"https:\/\/redenoticiaz.com.br\/litoralsp\/#\/schema\/logo\/image\/"}},{"@type":"Person","@id":"https:\/\/redenoticiaz.com.br\/litoralsp\/#\/schema\/person\/1f84d6e94e6a62d2d81199d7503e9e90","name":"Carina Reifonas","image":{"@type":"ImageObject","inLanguage":"pt-BR","@id":"https:\/\/secure.gravatar.com\/avatar\/04c59859b23696cf867715880f81d5c037e60109730bdb4e6670ec2a2245bc97?s=96&d=mm&r=g","url":"https:\/\/secure.gravatar.com\/avatar\/04c59859b23696cf867715880f81d5c037e60109730bdb4e6670ec2a2245bc97?s=96&d=mm&r=g","contentUrl":"https:\/\/secure.gravatar.com\/avatar\/04c59859b23696cf867715880f81d5c037e60109730bdb4e6670ec2a2245bc97?s=96&d=mm&r=g","caption":"Carina Reifonas"},"url":"https:\/\/redenoticiaz.com.br\/litoralsp\/author\/carinareifonas"}]}},"_links":{"self":[{"href":"https:\/\/redenoticiaz.com.br\/litoralsp\/wp-json\/wp\/v2\/posts\/117580","targetHints":{"allow":["GET"]}}],"collection":[{"href":"https:\/\/redenoticiaz.com.br\/litoralsp\/wp-json\/wp\/v2\/posts"}],"about":[{"href":"https:\/\/redenoticiaz.com.br\/litoralsp\/wp-json\/wp\/v2\/types\/post"}],"author":[{"embeddable":true,"href":"https:\/\/redenoticiaz.com.br\/litoralsp\/wp-json\/wp\/v2\/users\/30"}],"replies":[{"embeddable":true,"href":"https:\/\/redenoticiaz.com.br\/litoralsp\/wp-json\/wp\/v2\/comments?post=117580"}],"version-history":[{"count":1,"href":"https:\/\/redenoticiaz.com.br\/litoralsp\/wp-json\/wp\/v2\/posts\/117580\/revisions"}],"predecessor-version":[{"id":117582,"href":"https:\/\/redenoticiaz.com.br\/litoralsp\/wp-json\/wp\/v2\/posts\/117580\/revisions\/117582"}],"wp:featuredmedia":[{"embeddable":true,"href":"https:\/\/redenoticiaz.com.br\/litoralsp\/wp-json\/wp\/v2\/media\/117581"}],"wp:attachment":[{"href":"https:\/\/redenoticiaz.com.br\/litoralsp\/wp-json\/wp\/v2\/media?parent=117580"}],"wp:term":[{"taxonomy":"category","embeddable":true,"href":"https:\/\/redenoticiaz.com.br\/litoralsp\/wp-json\/wp\/v2\/categories?post=117580"},{"taxonomy":"post_tag","embeddable":true,"href":"https:\/\/redenoticiaz.com.br\/litoralsp\/wp-json\/wp\/v2\/tags?post=117580"}],"curies":[{"name":"wp","href":"https:\/\/api.w.org\/{rel}","templated":true}]}}