{"id":117591,"date":"2024-08-09T14:05:39","date_gmt":"2024-08-09T17:05:39","guid":{"rendered":"https:\/\/redenoticiaz.com.br\/litoralsp\/2024\/08\/09\/video-aviao-cai-em-vinhedo"},"modified":"2024-08-09T15:23:34","modified_gmt":"2024-08-09T18:23:34","slug":"video-aviao-cai-em-vinhedo","status":"publish","type":"post","link":"https:\/\/redenoticiaz.com.br\/litoralsp\/2024\/08\/09\/video-aviao-cai-em-vinhedo","title":{"rendered":"V\u00cdDEO \u2013 Avi\u00e3o cai em Vinhedo"},"content":{"rendered":"<p style=\"text-align: left\">Um avi\u00e3o, que partiu de Cascavel (PR) com destino ao Aeroporto Internacional de Guarulhos, caiu em uma \u00e1rea residencial de Vinhedo, interior de S\u00e3o Paulo.<\/p>\n<p>Segundo as primeiras informa\u00e7\u00f5es, o avi\u00e3o bimotor de passageiros, modelo ATR-72, que saiu de Cascavel (PR) com destino ao Aeroporto Internacional de Guarulhos (SP), caiu em uma \u00e1rea residencial. O ATR-72, conforme especificado pela ANAC, tem capacidade para 68 passageiros.<\/p>\n<p>Servi\u00e7os de emerg\u00eancia, incluindo o Corpo de Bombeiros, a Defesa Civil e a Pol\u00edcia Militar, est\u00e3o no local para gerenciar a situa\u00e7\u00e3o.<\/p>\n<p>At\u00e9 o momento, n\u00e3o h\u00e1 informa\u00e7\u00f5es detalhadas sobre as causas do acidente, condi\u00e7\u00f5es dos passageiros e da tripula\u00e7\u00e3o.<\/p>\n<div class=\"wp-playlist wp-video-playlist wp-playlist-light\">\n\t\t<video controls=\"controls\" preload=\"none\" width=\"640\"\n\t\t height=\"1131\"\t><\/video>\n\t<div class=\"wp-playlist-next\"><\/div>\n\t<div class=\"wp-playlist-prev\"><\/div>\n\t<noscript>\n\t<ol>\n\t\t<li><a href='https:\/\/redenoticiaz.com.br\/litoralsp\/wp-content\/uploads\/sites\/3\/2024\/08\/WhatsApp-Video-2024-08-09-at-14.57.27.mp4'>WhatsApp Video 2024-08-09 at 14.57.27<\/a><\/li><li><a href='https:\/\/redenoticiaz.com.br\/litoralsp\/wp-content\/uploads\/sites\/3\/2024\/08\/Video-do-WhatsApp-de-2024-08-09-as-13.49.16_1257e827.mp4'>V\u00eddeo do WhatsApp de 2024-08-09 \u00e0(s) 13.49.16_1257e827<\/a><\/li><li><a href='https:\/\/redenoticiaz.com.br\/litoralsp\/wp-content\/uploads\/sites\/3\/2024\/08\/Video-do-WhatsApp-de-2024-08-09-as-13.49.17_75450164.mp4'>V\u00eddeo do WhatsApp de 2024-08-09 \u00e0(s) 13.49.17_75450164<\/a><\/li><li><a href='https:\/\/redenoticiaz.com.br\/litoralsp\/wp-content\/uploads\/sites\/3\/2024\/08\/Video-do-WhatsApp-de-2024-08-09-as-13.49.17_f4aa55f3.mp4'>V\u00eddeo do WhatsApp de 2024-08-09 \u00e0(s) 13.49.17_f4aa55f3<\/a><\/li>\t<\/ol>\n\t<\/noscript>\n\t<script type=\"application\/json\" class=\"wp-playlist-script\">{\"type\":\"video\",\"tracklist\":true,\"tracknumbers\":true,\"images\":true,\"artists\":true,\"tracks\":[{\"src\":\"https:\/\/redenoticiaz.com.br\/litoralsp\/wp-content\/uploads\/sites\/3\/2024\/08\/WhatsApp-Video-2024-08-09-at-14.57.27.mp4\",\"type\":\"video\/mp4\",\"title\":\"WhatsApp Video 2024-08-09 at 14.57.27\",\"caption\":\"\",\"description\":\"\",\"meta\":{\"length_formatted\":\"0:06\"},\"dimensions\":{\"original\":{\"width\":480,\"height\":848},\"resized\":{\"width\":640,\"height\":1131}},\"image\":{\"src\":\"https:\/\/redenoticiaz.com.br\/litoralsp\/wp-includes\/images\/media\/video.svg\",\"width\":48,\"height\":64},\"thumb\":{\"src\":\"https:\/\/redenoticiaz.com.br\/litoralsp\/wp-includes\/images\/media\/video.svg\",\"width\":48,\"height\":64}},{\"src\":\"https:\/\/redenoticiaz.com.br\/litoralsp\/wp-content\/uploads\/sites\/3\/2024\/08\/Video-do-WhatsApp-de-2024-08-09-as-13.49.16_1257e827.mp4\",\"type\":\"video\/mp4\",\"title\":\"V\\u00eddeo do WhatsApp de 2024-08-09 \\u00e0(s) 13.49.16_1257e827\",\"caption\":\"\",\"description\":\"\",\"meta\":{\"length_formatted\":\"0:10\"},\"dimensions\":{\"original\":{\"width\":480,\"height\":864},\"resized\":{\"width\":640,\"height\":1152}},\"image\":{\"src\":\"https:\/\/redenoticiaz.com.br\/litoralsp\/wp-includes\/images\/media\/video.svg\",\"width\":48,\"height\":64},\"thumb\":{\"src\":\"https:\/\/redenoticiaz.com.br\/litoralsp\/wp-includes\/images\/media\/video.svg\",\"width\":48,\"height\":64}},{\"src\":\"https:\/\/redenoticiaz.com.br\/litoralsp\/wp-content\/uploads\/sites\/3\/2024\/08\/Video-do-WhatsApp-de-2024-08-09-as-13.49.17_75450164.mp4\",\"type\":\"video\/mp4\",\"title\":\"V\\u00eddeo do WhatsApp de 2024-08-09 \\u00e0(s) 13.49.17_75450164\",\"caption\":\"\",\"description\":\"\",\"meta\":{\"length_formatted\":\"0:08\"},\"dimensions\":{\"original\":{\"width\":848,\"height\":480},\"resized\":{\"width\":640,\"height\":362}},\"image\":{\"src\":\"https:\/\/redenoticiaz.com.br\/litoralsp\/wp-includes\/images\/media\/video.svg\",\"width\":48,\"height\":64},\"thumb\":{\"src\":\"https:\/\/redenoticiaz.com.br\/litoralsp\/wp-includes\/images\/media\/video.svg\",\"width\":48,\"height\":64}},{\"src\":\"https:\/\/redenoticiaz.com.br\/litoralsp\/wp-content\/uploads\/sites\/3\/2024\/08\/Video-do-WhatsApp-de-2024-08-09-as-13.49.17_f4aa55f3.mp4\",\"type\":\"video\/mp4\",\"title\":\"V\\u00eddeo do WhatsApp de 2024-08-09 \\u00e0(s) 13.49.17_f4aa55f3\",\"caption\":\"\",\"description\":\"\",\"meta\":{\"length_formatted\":\"0:09\"},\"dimensions\":{\"original\":{\"width\":480,\"height\":848},\"resized\":{\"width\":640,\"height\":1131}},\"image\":{\"src\":\"https:\/\/redenoticiaz.com.br\/litoralsp\/wp-includes\/images\/media\/video.svg\",\"width\":48,\"height\":64},\"thumb\":{\"src\":\"https:\/\/redenoticiaz.com.br\/litoralsp\/wp-includes\/images\/media\/video.svg\",\"width\":48,\"height\":64}}]}<\/script>\n<\/div>\n\t\n<p><span style=\"font-size: 24px;font-weight: bold\">Nota FAB<\/span><\/p>\n<div id=\"chunk-ab9ju\">\n<div class=\"mc-column content-text active-extra-styles\" data-block-type=\"raw\" data-block-weight=\"2\" data-block-id=\"25\">\n<p><em>A For\u00e7a A\u00e9rea Brasileira (FAB) informa que, por meio do Centro de Investiga\u00e7\u00e3o e Preven\u00e7\u00e3o de Acidentes Aeron\u00e1uticos (CENIPA), foi acionada para atuar na ocorr\u00eancia da queda da aeronave da Passaredo, de matr\u00edcula PTB 2283, registrada na tarde desta sexta-feira (09\/08), em Vinhedo (SP).<\/em><\/p>\n<\/div>\n<\/div>\n<div id=\"chunk-cnlcg\">\n<div class=\"mc-column content-text active-extra-styles \" data-block-type=\"unstyled\" data-block-weight=\"36\" data-block-id=\"27\">\n<p class=\" content-text__container \" data-track-category=\"Link no Texto\" data-track-links=\"\" data-mrf-recirculation=\"Article links\"><em>Investigadores do CENIPA e do Quarto Servi\u00e7o Regional de Investiga\u00e7\u00e3o e Preven\u00e7\u00e3o de Acidentes Aeron\u00e1uticos (SERIPA IV), \u00f3rg\u00e3o regional do Centro, localizados em S\u00e3o Paulo, j\u00e1 est\u00e3o a caminho para realizar a A\u00e7\u00e3o Inicial da ocorr\u00eancia.<\/em><\/p>\n<\/div>\n<\/div>\n<div id=\"chunk-blmsp\">\n<div class=\"mc-column content-text active-extra-styles\" data-block-type=\"raw\" data-block-weight=\"3\" data-block-id=\"28\">\n<p class=\"content-text__container\" data-mrf-recirculation=\"Article links\"><span style=\"font-size: 24px;font-weight: bold\">Nota companhia a\u00e9rea<\/span><\/p>\n<p><em>A VOEPASS Linhas A\u00e9reas informa a ocorr\u00eancia de um acidente envolvendo o voo 2283- avi\u00e3o PS &#8211; VPB, nesta ter\u00e7a-feira, dia 09 de agosto, na regi\u00e3o de Vinhedo\/SP. A aeronave decolou de <\/em><a class=\"\" href=\"https:\/\/g1.globo.com\/ce\/ceara\/cidade\/cascavel-ce\/\" data-mrf-link=\"https:\/\/g1.globo.com\/ce\/ceara\/cidade\/cascavel-ce\/\"><em>Cascavel<\/em><\/a><em>\/PR com destino ao Aeroporto de\u00a0<\/em><a class=\"\" href=\"https:\/\/g1.globo.com\/sp\/sao-paulo\/cidade\/guarulhos\/\" data-mrf-link=\"https:\/\/g1.globo.com\/sp\/sao-paulo\/cidade\/guarulhos\/\"><em>Guarulhos<\/em><\/a><em>, com 58 passageiros e 4 tripulantes a bordo.<\/em><\/p>\n<\/div>\n<\/div>\n<div id=\"chunk-421s3\">\n<div class=\"content-ads content-ads--reveal\" data-block-type=\"ads\" data-block-id=\"30\">\n<div id=\"banner_materia__c7d567df-a7fc-4954-95bf-e09ed9bbf5e3\" class=\"tag-manager-publicidade-container mc-has-reveal mc-has-ad-lazyload\" data-id=\"banner_materia__c7d567df-a7fc-4954-95bf-e09ed9bbf5e3\">\n<div id=\"google_ads_iframe_\/95377733\/tvg_G1\/Sua_Regiao&gt;Sudeste&gt;Sao_Paulo_(Campinas)_8__container__\" style=\"margin: auto;padding: 0px;border: 0pt none;font: inherit;vertical-align: baseline;text-align: center;width: 970px;height: 0px\"><\/div>\n<\/div>\n<\/div>\n<\/div>\n<div id=\"chunk-312fj\">\n<div class=\"mc-column content-text active-extra-styles \" data-block-type=\"unstyled\" data-block-weight=\"31\" data-block-id=\"31\">\n<p class=\" content-text__container \" data-track-category=\"Link no Texto\" data-track-links=\"\" data-mrf-recirculation=\"Article links\"><em>A VOEPASS acionou todos os meios para apoiar os envolvidos. N\u00e3o h\u00e1 ainda confirma\u00e7\u00e3o de como ocorreu o acidente e nem da situa\u00e7\u00e3o atual das pessoas que estavam a bordo.<\/em><\/p>\n<\/div>\n<\/div>\n<div id=\"chunk-29mna\">\n<div class=\"mc-column content-text active-extra-styles \" data-block-type=\"unstyled\" data-block-weight=\"19\" data-block-id=\"32\">\n<p class=\" content-text__container \" data-track-category=\"Link no Texto\" data-track-links=\"\" data-mrf-recirculation=\"Article links\"><em>A Companhia est\u00e1 prestando, pelo telefone 0800 9419712, dispon\u00edvel 24h, informa\u00e7\u00f5es a todos os seus passageiros, familiares e colaboradores.<\/em><\/p>\n<div id=\"chunk-5pegk\">\n<div class=\"mc-column content-text active-extra-styles\" data-block-type=\"raw\" data-block-weight=\"4\" data-block-id=\"33\">\n<div class=\"content-intertitle\">\n<h2>Nota aeroporto de Cascavel<\/h2>\n<\/div>\n<p>&nbsp;<\/p>\n<\/div>\n<\/div>\n<div id=\"chunk-2dcvc\">\n<div class=\"mc-column content-text active-extra-styles \" data-block-type=\"unstyled\" data-block-weight=\"26\" data-block-id=\"34\">\n<p class=\" content-text__container \" data-track-category=\"Link no Texto\" data-track-links=\"\" data-mrf-recirculation=\"Article links\"><em>A gest\u00e3o do Aeroporto Regional de Cascavel informa que aguarda informa\u00e7\u00f5es da companhia a\u00e9rea Passaredo que, no momento, \u00e9 o \u00fanico \u00f3rg\u00e3o que det\u00e9m informa\u00e7\u00f5es oficiais.<\/em><\/p>\n<\/div>\n<\/div>\n<div id=\"chunk-er0oh\">\n<div class=\"mc-column content-text active-extra-styles \" data-block-type=\"unstyled\" data-block-weight=\"23\" data-block-id=\"35\">\n<p class=\" content-text__container \" data-track-category=\"Link no Texto\" data-track-links=\"\" data-mrf-recirculation=\"Article links\"><em>Uma opera\u00e7\u00e3o padr\u00e3o de emerg\u00eancia regida pela equipe do Aeroporto est\u00e1 em curso para entrar em contato com as fam\u00edlias de poss\u00edveis v\u00edtimas.<\/em><\/p>\n<\/div>\n<\/div>\n<div id=\"chunk-aokic\">\n<div class=\"mc-column content-text active-extra-styles \" data-block-type=\"unstyled\" data-block-weight=\"24\" data-block-id=\"36\">\n<p class=\" content-text__container \" data-track-category=\"Link no Texto\" data-track-links=\"\" data-mrf-recirculation=\"Article links\"><em>A aeronave que saiu do Aeroporto Regional de Cascavel com destino a Guarulhos, caiu cidade de Vinhedo, S\u00e3o Paulo, na tarde desta sexta-feira (9).<\/em><\/p>\n<p data-track-category=\"Link no Texto\" data-track-links=\"\" data-mrf-recirculation=\"Article links\">Leia mais<\/p>\n<p data-track-category=\"Link no Texto\" data-track-links=\"\" data-mrf-recirculation=\"Article links\"><a href=\"https:\/\/redenoticiaz.com.br\/blog\/2024\/08\/09\/brasil-nao-se-preocupa-com-derrotas-passadas-diz-tecnico-athur-elias\">V\u00cdDEO \u2013 Avi\u00e3o cai em Vinhedo<\/a><\/p>\n<p data-track-category=\"Link no Texto\" data-track-links=\"\" data-mrf-recirculation=\"Article links\"><a href=\"https:\/\/redenoticiaz.com.br\/blog\/2024\/08\/09\/babi-domingos-fica-em-10o-na-final-individual-da-ginastica-artistica\">Brasil n\u00e3o se preocupa com derrotas passadas, diz t\u00e9cnico Athur Elias<\/a><\/p>\n<\/div>\n<\/div>\n<\/div>\n<\/div>\n","protected":false},"excerpt":{"rendered":"<p>Um avi\u00e3o, que partiu de Cascavel (PR) com destino ao Aeroporto Internacional de Guarulhos, caiu em uma \u00e1rea residencial de Vinhedo, interior de S\u00e3o Paulo. Segundo as primeiras informa\u00e7\u00f5es, o avi\u00e3o bimotor de passageiros, modelo ATR-72, que saiu de Cascavel (PR) com destino ao Aeroporto Internacional de Guarulhos (SP), caiu em uma \u00e1rea residencial. O &hellip;<\/p>\n","protected":false},"author":30,"featured_media":117592,"comment_status":"open","ping_status":"closed","sticky":false,"template":"","format":"standard","meta":{"footnotes":""},"categories":[10,68528],"tags":[8488,68529,60],"class_list":["post-117591","post","type-post","status-publish","format-standard","has-post-thumbnail","hentry","category-policia","category-vinhedo","tag-aviao","tag-caiu","tag-vinhedo"],"yoast_head":"<!-- This site is optimized with the Yoast SEO plugin v27.4 - https:\/\/yoast.com\/product\/yoast-seo-wordpress\/ -->\n<title>V\u00cdDEO \u2013 Avi\u00e3o cai em Vinhedo - Litoral SP<\/title>\n<meta name=\"description\" content=\"Um avi\u00e3o, que partiu de Cascavel com destino ao Aeroporto Internacional de Guarulhos, caiu em uma \u00e1rea residencial de Vinhedo, interior de S\u00e3o Paulo.\" \/>\n<meta name=\"robots\" content=\"index, follow, max-snippet:-1, max-image-preview:large, max-video-preview:-1\" \/>\n<link rel=\"canonical\" href=\"https:\/\/redenoticiaz.com.br\/litoralsp\/2024\/08\/09\/video-aviao-cai-em-vinhedo\" \/>\n<meta property=\"og:locale\" content=\"pt_BR\" \/>\n<meta property=\"og:type\" content=\"article\" \/>\n<meta property=\"og:title\" content=\"V\u00cdDEO \u2013 Avi\u00e3o cai em Vinhedo - Litoral SP\" \/>\n<meta property=\"og:description\" content=\"Um avi\u00e3o, que partiu de Cascavel com destino ao Aeroporto Internacional de Guarulhos, caiu em uma \u00e1rea residencial de Vinhedo, interior de S\u00e3o Paulo.\" \/>\n<meta property=\"og:url\" content=\"https:\/\/redenoticiaz.com.br\/litoralsp\/2024\/08\/09\/video-aviao-cai-em-vinhedo\" \/>\n<meta property=\"og:site_name\" content=\"Litoral SP\" \/>\n<meta property=\"article:published_time\" content=\"2024-08-09T17:05:39+00:00\" \/>\n<meta property=\"article:modified_time\" content=\"2024-08-09T18:23:34+00:00\" \/>\n<meta property=\"og:image\" content=\"https:\/\/redenoticiaz.com.br\/litoralsp\/wp-content\/uploads\/sites\/3\/2024\/08\/Captura-de-tela-2024-08-09-140445.png?v=1723223095\" \/>\n\t<meta property=\"og:image:width\" content=\"569\" \/>\n\t<meta property=\"og:image:height\" content=\"416\" \/>\n\t<meta property=\"og:image:type\" content=\"image\/png\" \/>\n<meta name=\"author\" content=\"Carina Reifonas\" \/>\n<meta name=\"twitter:card\" content=\"summary_large_image\" \/>\n<meta name=\"twitter:label1\" content=\"Escrito por\" \/>\n\t<meta name=\"twitter:data1\" content=\"Carina Reifonas\" \/>\n\t<meta name=\"twitter:label2\" content=\"Est. tempo de leitura\" \/>\n\t<meta name=\"twitter:data2\" content=\"3 minutos\" \/>\n<script type=\"application\/ld+json\" class=\"yoast-schema-graph\">{\"@context\":\"https:\\\/\\\/schema.org\",\"@graph\":[{\"@type\":\"Article\",\"@id\":\"https:\\\/\\\/redenoticiaz.com.br\\\/litoralsp\\\/2024\\\/08\\\/09\\\/video-aviao-cai-em-vinhedo#article\",\"isPartOf\":{\"@id\":\"https:\\\/\\\/redenoticiaz.com.br\\\/litoralsp\\\/2024\\\/08\\\/09\\\/video-aviao-cai-em-vinhedo\"},\"author\":{\"name\":\"Carina Reifonas\",\"@id\":\"https:\\\/\\\/redenoticiaz.com.br\\\/litoralsp\\\/#\\\/schema\\\/person\\\/1f84d6e94e6a62d2d81199d7503e9e90\"},\"headline\":\"V\u00cdDEO \u2013 Avi\u00e3o cai em Vinhedo\",\"datePublished\":\"2024-08-09T17:05:39+00:00\",\"dateModified\":\"2024-08-09T18:23:34+00:00\",\"mainEntityOfPage\":{\"@id\":\"https:\\\/\\\/redenoticiaz.com.br\\\/litoralsp\\\/2024\\\/08\\\/09\\\/video-aviao-cai-em-vinhedo\"},\"wordCount\":442,\"commentCount\":0,\"publisher\":{\"@id\":\"https:\\\/\\\/redenoticiaz.com.br\\\/litoralsp\\\/#organization\"},\"image\":{\"@id\":\"https:\\\/\\\/redenoticiaz.com.br\\\/litoralsp\\\/2024\\\/08\\\/09\\\/video-aviao-cai-em-vinhedo#primaryimage\"},\"thumbnailUrl\":\"https:\\\/\\\/redenoticiaz.com.br\\\/litoralsp\\\/wp-content\\\/uploads\\\/sites\\\/3\\\/2024\\\/08\\\/Captura-de-tela-2024-08-09-140445.png?v=1723223095\",\"keywords\":[\"AVI\u00c3O\",\"Caiu\",\"vinhedo\"],\"articleSection\":[\"Pol\u00edcia\",\"Vinhedo\"],\"inLanguage\":\"pt-BR\",\"potentialAction\":[{\"@type\":\"CommentAction\",\"name\":\"Comment\",\"target\":[\"https:\\\/\\\/redenoticiaz.com.br\\\/litoralsp\\\/2024\\\/08\\\/09\\\/video-aviao-cai-em-vinhedo#respond\"]}]},{\"@type\":\"WebPage\",\"@id\":\"https:\\\/\\\/redenoticiaz.com.br\\\/litoralsp\\\/2024\\\/08\\\/09\\\/video-aviao-cai-em-vinhedo\",\"url\":\"https:\\\/\\\/redenoticiaz.com.br\\\/litoralsp\\\/2024\\\/08\\\/09\\\/video-aviao-cai-em-vinhedo\",\"name\":\"V\u00cdDEO \u2013 Avi\u00e3o cai em Vinhedo - Litoral SP\",\"isPartOf\":{\"@id\":\"https:\\\/\\\/redenoticiaz.com.br\\\/litoralsp\\\/#website\"},\"primaryImageOfPage\":{\"@id\":\"https:\\\/\\\/redenoticiaz.com.br\\\/litoralsp\\\/2024\\\/08\\\/09\\\/video-aviao-cai-em-vinhedo#primaryimage\"},\"image\":{\"@id\":\"https:\\\/\\\/redenoticiaz.com.br\\\/litoralsp\\\/2024\\\/08\\\/09\\\/video-aviao-cai-em-vinhedo#primaryimage\"},\"thumbnailUrl\":\"https:\\\/\\\/redenoticiaz.com.br\\\/litoralsp\\\/wp-content\\\/uploads\\\/sites\\\/3\\\/2024\\\/08\\\/Captura-de-tela-2024-08-09-140445.png?v=1723223095\",\"datePublished\":\"2024-08-09T17:05:39+00:00\",\"dateModified\":\"2024-08-09T18:23:34+00:00\",\"description\":\"Um avi\u00e3o, que partiu de Cascavel com destino ao Aeroporto Internacional de Guarulhos, caiu em uma \u00e1rea residencial de Vinhedo, interior de S\u00e3o Paulo.\",\"inLanguage\":\"pt-BR\",\"potentialAction\":[{\"@type\":\"ReadAction\",\"target\":[\"https:\\\/\\\/redenoticiaz.com.br\\\/litoralsp\\\/2024\\\/08\\\/09\\\/video-aviao-cai-em-vinhedo\"]}]},{\"@type\":\"ImageObject\",\"inLanguage\":\"pt-BR\",\"@id\":\"https:\\\/\\\/redenoticiaz.com.br\\\/litoralsp\\\/2024\\\/08\\\/09\\\/video-aviao-cai-em-vinhedo#primaryimage\",\"url\":\"https:\\\/\\\/redenoticiaz.com.br\\\/litoralsp\\\/wp-content\\\/uploads\\\/sites\\\/3\\\/2024\\\/08\\\/Captura-de-tela-2024-08-09-140445.png?v=1723223095\",\"contentUrl\":\"https:\\\/\\\/redenoticiaz.com.br\\\/litoralsp\\\/wp-content\\\/uploads\\\/sites\\\/3\\\/2024\\\/08\\\/Captura-de-tela-2024-08-09-140445.png?v=1723223095\",\"width\":569,\"height\":416},{\"@type\":\"WebSite\",\"@id\":\"https:\\\/\\\/redenoticiaz.com.br\\\/litoralsp\\\/#website\",\"url\":\"https:\\\/\\\/redenoticiaz.com.br\\\/litoralsp\\\/\",\"name\":\"Litoral SP\",\"description\":\"Rede NoticiaZ\",\"publisher\":{\"@id\":\"https:\\\/\\\/redenoticiaz.com.br\\\/litoralsp\\\/#organization\"},\"potentialAction\":[{\"@type\":\"SearchAction\",\"target\":{\"@type\":\"EntryPoint\",\"urlTemplate\":\"https:\\\/\\\/redenoticiaz.com.br\\\/litoralsp\\\/?s={search_term_string}\"},\"query-input\":{\"@type\":\"PropertyValueSpecification\",\"valueRequired\":true,\"valueName\":\"search_term_string\"}}],\"inLanguage\":\"pt-BR\"},{\"@type\":\"Organization\",\"@id\":\"https:\\\/\\\/redenoticiaz.com.br\\\/litoralsp\\\/#organization\",\"name\":\"Litoral SP\",\"url\":\"https:\\\/\\\/redenoticiaz.com.br\\\/litoralsp\\\/\",\"logo\":{\"@type\":\"ImageObject\",\"inLanguage\":\"pt-BR\",\"@id\":\"https:\\\/\\\/redenoticiaz.com.br\\\/litoralsp\\\/#\\\/schema\\\/logo\\\/image\\\/\",\"url\":\"https:\\\/\\\/redenoticiaz.com.br\\\/litoralsp\\\/wp-content\\\/uploads\\\/sites\\\/3\\\/2020\\\/11\\\/logo.jpg\",\"contentUrl\":\"https:\\\/\\\/redenoticiaz.com.br\\\/litoralsp\\\/wp-content\\\/uploads\\\/sites\\\/3\\\/2020\\\/11\\\/logo.jpg\",\"width\":400,\"height\":250,\"caption\":\"Litoral SP\"},\"image\":{\"@id\":\"https:\\\/\\\/redenoticiaz.com.br\\\/litoralsp\\\/#\\\/schema\\\/logo\\\/image\\\/\"}},{\"@type\":\"Person\",\"@id\":\"https:\\\/\\\/redenoticiaz.com.br\\\/litoralsp\\\/#\\\/schema\\\/person\\\/1f84d6e94e6a62d2d81199d7503e9e90\",\"name\":\"Carina Reifonas\",\"image\":{\"@type\":\"ImageObject\",\"inLanguage\":\"pt-BR\",\"@id\":\"https:\\\/\\\/secure.gravatar.com\\\/avatar\\\/04c59859b23696cf867715880f81d5c037e60109730bdb4e6670ec2a2245bc97?s=96&d=mm&r=g\",\"url\":\"https:\\\/\\\/secure.gravatar.com\\\/avatar\\\/04c59859b23696cf867715880f81d5c037e60109730bdb4e6670ec2a2245bc97?s=96&d=mm&r=g\",\"contentUrl\":\"https:\\\/\\\/secure.gravatar.com\\\/avatar\\\/04c59859b23696cf867715880f81d5c037e60109730bdb4e6670ec2a2245bc97?s=96&d=mm&r=g\",\"caption\":\"Carina Reifonas\"},\"url\":\"https:\\\/\\\/redenoticiaz.com.br\\\/litoralsp\\\/author\\\/carinareifonas\"}]}<\/script>\n<!-- \/ Yoast SEO plugin. -->","yoast_head_json":{"title":"V\u00cdDEO \u2013 Avi\u00e3o cai em Vinhedo - Litoral SP","description":"Um avi\u00e3o, que partiu de Cascavel com destino ao Aeroporto Internacional de Guarulhos, caiu em uma \u00e1rea residencial de Vinhedo, interior de S\u00e3o Paulo.","robots":{"index":"index","follow":"follow","max-snippet":"max-snippet:-1","max-image-preview":"max-image-preview:large","max-video-preview":"max-video-preview:-1"},"canonical":"https:\/\/redenoticiaz.com.br\/litoralsp\/2024\/08\/09\/video-aviao-cai-em-vinhedo","og_locale":"pt_BR","og_type":"article","og_title":"V\u00cdDEO \u2013 Avi\u00e3o cai em Vinhedo - Litoral SP","og_description":"Um avi\u00e3o, que partiu de Cascavel com destino ao Aeroporto Internacional de Guarulhos, caiu em uma \u00e1rea residencial de Vinhedo, interior de S\u00e3o Paulo.","og_url":"https:\/\/redenoticiaz.com.br\/litoralsp\/2024\/08\/09\/video-aviao-cai-em-vinhedo","og_site_name":"Litoral SP","article_published_time":"2024-08-09T17:05:39+00:00","article_modified_time":"2024-08-09T18:23:34+00:00","og_image":[{"width":569,"height":416,"url":"https:\/\/redenoticiaz.com.br\/litoralsp\/wp-content\/uploads\/sites\/3\/2024\/08\/Captura-de-tela-2024-08-09-140445.png?v=1723223095","type":"image\/png"}],"author":"Carina Reifonas","twitter_card":"summary_large_image","twitter_misc":{"Escrito por":"Carina Reifonas","Est. tempo de leitura":"3 minutos"},"schema":{"@context":"https:\/\/schema.org","@graph":[{"@type":"Article","@id":"https:\/\/redenoticiaz.com.br\/litoralsp\/2024\/08\/09\/video-aviao-cai-em-vinhedo#article","isPartOf":{"@id":"https:\/\/redenoticiaz.com.br\/litoralsp\/2024\/08\/09\/video-aviao-cai-em-vinhedo"},"author":{"name":"Carina Reifonas","@id":"https:\/\/redenoticiaz.com.br\/litoralsp\/#\/schema\/person\/1f84d6e94e6a62d2d81199d7503e9e90"},"headline":"V\u00cdDEO \u2013 Avi\u00e3o cai em Vinhedo","datePublished":"2024-08-09T17:05:39+00:00","dateModified":"2024-08-09T18:23:34+00:00","mainEntityOfPage":{"@id":"https:\/\/redenoticiaz.com.br\/litoralsp\/2024\/08\/09\/video-aviao-cai-em-vinhedo"},"wordCount":442,"commentCount":0,"publisher":{"@id":"https:\/\/redenoticiaz.com.br\/litoralsp\/#organization"},"image":{"@id":"https:\/\/redenoticiaz.com.br\/litoralsp\/2024\/08\/09\/video-aviao-cai-em-vinhedo#primaryimage"},"thumbnailUrl":"https:\/\/redenoticiaz.com.br\/litoralsp\/wp-content\/uploads\/sites\/3\/2024\/08\/Captura-de-tela-2024-08-09-140445.png?v=1723223095","keywords":["AVI\u00c3O","Caiu","vinhedo"],"articleSection":["Pol\u00edcia","Vinhedo"],"inLanguage":"pt-BR","potentialAction":[{"@type":"CommentAction","name":"Comment","target":["https:\/\/redenoticiaz.com.br\/litoralsp\/2024\/08\/09\/video-aviao-cai-em-vinhedo#respond"]}]},{"@type":"WebPage","@id":"https:\/\/redenoticiaz.com.br\/litoralsp\/2024\/08\/09\/video-aviao-cai-em-vinhedo","url":"https:\/\/redenoticiaz.com.br\/litoralsp\/2024\/08\/09\/video-aviao-cai-em-vinhedo","name":"V\u00cdDEO \u2013 Avi\u00e3o cai em Vinhedo - Litoral SP","isPartOf":{"@id":"https:\/\/redenoticiaz.com.br\/litoralsp\/#website"},"primaryImageOfPage":{"@id":"https:\/\/redenoticiaz.com.br\/litoralsp\/2024\/08\/09\/video-aviao-cai-em-vinhedo#primaryimage"},"image":{"@id":"https:\/\/redenoticiaz.com.br\/litoralsp\/2024\/08\/09\/video-aviao-cai-em-vinhedo#primaryimage"},"thumbnailUrl":"https:\/\/redenoticiaz.com.br\/litoralsp\/wp-content\/uploads\/sites\/3\/2024\/08\/Captura-de-tela-2024-08-09-140445.png?v=1723223095","datePublished":"2024-08-09T17:05:39+00:00","dateModified":"2024-08-09T18:23:34+00:00","description":"Um avi\u00e3o, que partiu de Cascavel com destino ao Aeroporto Internacional de Guarulhos, caiu em uma \u00e1rea residencial de Vinhedo, interior de S\u00e3o Paulo.","inLanguage":"pt-BR","potentialAction":[{"@type":"ReadAction","target":["https:\/\/redenoticiaz.com.br\/litoralsp\/2024\/08\/09\/video-aviao-cai-em-vinhedo"]}]},{"@type":"ImageObject","inLanguage":"pt-BR","@id":"https:\/\/redenoticiaz.com.br\/litoralsp\/2024\/08\/09\/video-aviao-cai-em-vinhedo#primaryimage","url":"https:\/\/redenoticiaz.com.br\/litoralsp\/wp-content\/uploads\/sites\/3\/2024\/08\/Captura-de-tela-2024-08-09-140445.png?v=1723223095","contentUrl":"https:\/\/redenoticiaz.com.br\/litoralsp\/wp-content\/uploads\/sites\/3\/2024\/08\/Captura-de-tela-2024-08-09-140445.png?v=1723223095","width":569,"height":416},{"@type":"WebSite","@id":"https:\/\/redenoticiaz.com.br\/litoralsp\/#website","url":"https:\/\/redenoticiaz.com.br\/litoralsp\/","name":"Litoral SP","description":"Rede NoticiaZ","publisher":{"@id":"https:\/\/redenoticiaz.com.br\/litoralsp\/#organization"},"potentialAction":[{"@type":"SearchAction","target":{"@type":"EntryPoint","urlTemplate":"https:\/\/redenoticiaz.com.br\/litoralsp\/?s={search_term_string}"},"query-input":{"@type":"PropertyValueSpecification","valueRequired":true,"valueName":"search_term_string"}}],"inLanguage":"pt-BR"},{"@type":"Organization","@id":"https:\/\/redenoticiaz.com.br\/litoralsp\/#organization","name":"Litoral SP","url":"https:\/\/redenoticiaz.com.br\/litoralsp\/","logo":{"@type":"ImageObject","inLanguage":"pt-BR","@id":"https:\/\/redenoticiaz.com.br\/litoralsp\/#\/schema\/logo\/image\/","url":"https:\/\/redenoticiaz.com.br\/litoralsp\/wp-content\/uploads\/sites\/3\/2020\/11\/logo.jpg","contentUrl":"https:\/\/redenoticiaz.com.br\/litoralsp\/wp-content\/uploads\/sites\/3\/2020\/11\/logo.jpg","width":400,"height":250,"caption":"Litoral SP"},"image":{"@id":"https:\/\/redenoticiaz.com.br\/litoralsp\/#\/schema\/logo\/image\/"}},{"@type":"Person","@id":"https:\/\/redenoticiaz.com.br\/litoralsp\/#\/schema\/person\/1f84d6e94e6a62d2d81199d7503e9e90","name":"Carina Reifonas","image":{"@type":"ImageObject","inLanguage":"pt-BR","@id":"https:\/\/secure.gravatar.com\/avatar\/04c59859b23696cf867715880f81d5c037e60109730bdb4e6670ec2a2245bc97?s=96&d=mm&r=g","url":"https:\/\/secure.gravatar.com\/avatar\/04c59859b23696cf867715880f81d5c037e60109730bdb4e6670ec2a2245bc97?s=96&d=mm&r=g","contentUrl":"https:\/\/secure.gravatar.com\/avatar\/04c59859b23696cf867715880f81d5c037e60109730bdb4e6670ec2a2245bc97?s=96&d=mm&r=g","caption":"Carina Reifonas"},"url":"https:\/\/redenoticiaz.com.br\/litoralsp\/author\/carinareifonas"}]}},"_links":{"self":[{"href":"https:\/\/redenoticiaz.com.br\/litoralsp\/wp-json\/wp\/v2\/posts\/117591","targetHints":{"allow":["GET"]}}],"collection":[{"href":"https:\/\/redenoticiaz.com.br\/litoralsp\/wp-json\/wp\/v2\/posts"}],"about":[{"href":"https:\/\/redenoticiaz.com.br\/litoralsp\/wp-json\/wp\/v2\/types\/post"}],"author":[{"embeddable":true,"href":"https:\/\/redenoticiaz.com.br\/litoralsp\/wp-json\/wp\/v2\/users\/30"}],"replies":[{"embeddable":true,"href":"https:\/\/redenoticiaz.com.br\/litoralsp\/wp-json\/wp\/v2\/comments?post=117591"}],"version-history":[{"count":5,"href":"https:\/\/redenoticiaz.com.br\/litoralsp\/wp-json\/wp\/v2\/posts\/117591\/revisions"}],"predecessor-version":[{"id":117603,"href":"https:\/\/redenoticiaz.com.br\/litoralsp\/wp-json\/wp\/v2\/posts\/117591\/revisions\/117603"}],"wp:featuredmedia":[{"embeddable":true,"href":"https:\/\/redenoticiaz.com.br\/litoralsp\/wp-json\/wp\/v2\/media\/117592"}],"wp:attachment":[{"href":"https:\/\/redenoticiaz.com.br\/litoralsp\/wp-json\/wp\/v2\/media?parent=117591"}],"wp:term":[{"taxonomy":"category","embeddable":true,"href":"https:\/\/redenoticiaz.com.br\/litoralsp\/wp-json\/wp\/v2\/categories?post=117591"},{"taxonomy":"post_tag","embeddable":true,"href":"https:\/\/redenoticiaz.com.br\/litoralsp\/wp-json\/wp\/v2\/tags?post=117591"}],"curies":[{"name":"wp","href":"https:\/\/api.w.org\/{rel}","templated":true}]}}