{"id":117642,"date":"2024-08-11T10:39:12","date_gmt":"2024-08-11T13:39:12","guid":{"rendered":"https:\/\/redenoticiaz.com.br\/litoralsp\/2024\/08\/11\/remocao-dos-coros-do-acidente-aereo-em-vinhedo-e-concluida-identificacao-das-vitimas-continua"},"modified":"2024-08-11T10:46:59","modified_gmt":"2024-08-11T13:46:59","slug":"remocao-dos-coros-do-acidente-aereo-em-vinhedo-e-concluida-identificacao-das-vitimas-continua","status":"publish","type":"post","link":"https:\/\/redenoticiaz.com.br\/litoralsp\/2024\/08\/11\/remocao-dos-coros-do-acidente-aereo-em-vinhedo-e-concluida-identificacao-das-vitimas-continua","title":{"rendered":"Remo\u00e7\u00e3o dos coros do acidente a\u00e9reo em Vinhedo \u00e9 conclu\u00edda; identifica\u00e7\u00e3o das v\u00edtimas continua"},"content":{"rendered":"<p>A Defesa Civil concluiu a remo\u00e7\u00e3o dos 62 corpos do <a href=\"https:\/\/redenoticiaz.com.br\/blog\/2024\/08\/09\/video-aviao-cai-em-vinhedo\">acidente a\u00e9reo em Vinhedo<\/a> neste s\u00e1bado (10). Os corpos, incluindo 34 homens e 28 mulheres, foram encaminhados ao IML Central de S\u00e3o Paulo para identifica\u00e7\u00e3o, onde uma equipe de especialistas trabalha de forma ininterrupta.<\/p>\n<p>At\u00e9 agora, 50 corpos chegaram ao IML, e 30 j\u00e1 foram necropsiados.<\/p>\n<p>As fam\u00edlias das v\u00edtimas est\u00e3o sendo atendidas em um hotel em S\u00e3o Paulo, recebendo apoio psicol\u00f3gico e orienta\u00e7\u00f5es para o processo de identifica\u00e7\u00e3o.<\/p>\n<p>LEIA MAIS<\/p>\n<p><a href=\"https:\/\/redenoticiaz.com.br\/blog\/2024\/08\/10\/companhia-aerea-confirma-62-vitima-do-acidente-em-vinhedo\">Companhia a\u00e9rea confirma 62 v\u00edtima do acidente em Vinhedo<\/a><\/p>\n<p><a href=\"https:\/\/redenoticiaz.com.br\/blog\/2024\/08\/10\/caixas-pretas-do-aviao-que-caiu-em-vinhedo-sao-recuperadas\">Caixas-pretas do avi\u00e3o que caiu em Vinhedo s\u00e3o recuperadas<\/a><\/p>\n<p>&nbsp;<\/p>\n<p>&nbsp;<\/p>\n","protected":false},"excerpt":{"rendered":"<p>A Defesa Civil concluiu a remo\u00e7\u00e3o dos 62 corpos do acidente a\u00e9reo em Vinhedo neste s\u00e1bado (10). Os corpos, incluindo 34 homens e 28 mulheres, foram encaminhados ao IML Central de S\u00e3o Paulo para identifica\u00e7\u00e3o, onde uma equipe de especialistas trabalha de forma ininterrupta. At\u00e9 agora, 50 corpos chegaram ao IML, e 30 j\u00e1 foram &hellip;<\/p>\n","protected":false},"author":30,"featured_media":117643,"comment_status":"open","ping_status":"closed","sticky":false,"template":"","format":"standard","meta":{"footnotes":""},"categories":[10],"tags":[8488,68240,9841,60],"class_list":["post-117642","post","type-post","status-publish","format-standard","has-post-thumbnail","hentry","category-policia","tag-aviao","tag-corpos","tag-iml","tag-vinhedo"],"yoast_head":"<!-- This site is optimized with the Yoast SEO plugin v27.4 - https:\/\/yoast.com\/product\/yoast-seo-wordpress\/ -->\n<title>Remo\u00e7\u00e3o dos coros do acidente a\u00e9reo em Vinhedo \u00e9 conclu\u00edda; identifica\u00e7\u00e3o das v\u00edtimas continua - Litoral SP<\/title>\n<meta name=\"description\" content=\"A Defesa Civil concluiu a remo\u00e7\u00e3o dos 62 corpos do acidente a\u00e9reo em Vinhedo neste s\u00e1bado (10). Os corpos, incluindo 34 homens e 28 mulheres...\" \/>\n<meta name=\"robots\" content=\"index, follow, max-snippet:-1, max-image-preview:large, max-video-preview:-1\" \/>\n<link rel=\"canonical\" href=\"https:\/\/redenoticiaz.com.br\/litoralsp\/2024\/08\/11\/remocao-dos-coros-do-acidente-aereo-em-vinhedo-e-concluida-identificacao-das-vitimas-continua\" \/>\n<meta property=\"og:locale\" content=\"pt_BR\" \/>\n<meta property=\"og:type\" content=\"article\" \/>\n<meta property=\"og:title\" content=\"Remo\u00e7\u00e3o dos coros do acidente a\u00e9reo em Vinhedo \u00e9 conclu\u00edda; identifica\u00e7\u00e3o das v\u00edtimas continua - Litoral SP\" \/>\n<meta property=\"og:description\" content=\"A Defesa Civil concluiu a remo\u00e7\u00e3o dos 62 corpos do acidente a\u00e9reo em Vinhedo neste s\u00e1bado (10). Os corpos, incluindo 34 homens e 28 mulheres...\" \/>\n<meta property=\"og:url\" content=\"https:\/\/redenoticiaz.com.br\/litoralsp\/2024\/08\/11\/remocao-dos-coros-do-acidente-aereo-em-vinhedo-e-concluida-identificacao-das-vitimas-continua\" \/>\n<meta property=\"og:site_name\" content=\"Litoral SP\" \/>\n<meta property=\"article:published_time\" content=\"2024-08-11T13:39:12+00:00\" \/>\n<meta property=\"article:modified_time\" content=\"2024-08-11T13:46:59+00:00\" \/>\n<meta property=\"og:image\" content=\"https:\/\/redenoticiaz.com.br\/litoralsp\/wp-content\/uploads\/sites\/3\/2024\/08\/Captura-de-tela-2024-08-11-103742.png?v=1723383482\" \/>\n\t<meta property=\"og:image:width\" content=\"515\" \/>\n\t<meta property=\"og:image:height\" content=\"439\" \/>\n\t<meta property=\"og:image:type\" content=\"image\/png\" \/>\n<meta name=\"author\" content=\"Carina Reifonas\" \/>\n<meta name=\"twitter:card\" content=\"summary_large_image\" \/>\n<meta name=\"twitter:label1\" content=\"Escrito por\" \/>\n\t<meta name=\"twitter:data1\" content=\"Carina Reifonas\" \/>\n\t<meta name=\"twitter:label2\" content=\"Est. tempo de leitura\" \/>\n\t<meta name=\"twitter:data2\" content=\"1 minuto\" \/>\n<script type=\"application\/ld+json\" class=\"yoast-schema-graph\">{\"@context\":\"https:\\\/\\\/schema.org\",\"@graph\":[{\"@type\":\"Article\",\"@id\":\"https:\\\/\\\/redenoticiaz.com.br\\\/litoralsp\\\/2024\\\/08\\\/11\\\/remocao-dos-coros-do-acidente-aereo-em-vinhedo-e-concluida-identificacao-das-vitimas-continua#article\",\"isPartOf\":{\"@id\":\"https:\\\/\\\/redenoticiaz.com.br\\\/litoralsp\\\/2024\\\/08\\\/11\\\/remocao-dos-coros-do-acidente-aereo-em-vinhedo-e-concluida-identificacao-das-vitimas-continua\"},\"author\":{\"name\":\"Carina Reifonas\",\"@id\":\"https:\\\/\\\/redenoticiaz.com.br\\\/litoralsp\\\/#\\\/schema\\\/person\\\/1f84d6e94e6a62d2d81199d7503e9e90\"},\"headline\":\"Remo\u00e7\u00e3o dos coros do acidente a\u00e9reo em Vinhedo \u00e9 conclu\u00edda; identifica\u00e7\u00e3o das v\u00edtimas continua\",\"datePublished\":\"2024-08-11T13:39:12+00:00\",\"dateModified\":\"2024-08-11T13:46:59+00:00\",\"mainEntityOfPage\":{\"@id\":\"https:\\\/\\\/redenoticiaz.com.br\\\/litoralsp\\\/2024\\\/08\\\/11\\\/remocao-dos-coros-do-acidente-aereo-em-vinhedo-e-concluida-identificacao-das-vitimas-continua\"},\"wordCount\":128,\"commentCount\":0,\"publisher\":{\"@id\":\"https:\\\/\\\/redenoticiaz.com.br\\\/litoralsp\\\/#organization\"},\"image\":{\"@id\":\"https:\\\/\\\/redenoticiaz.com.br\\\/litoralsp\\\/2024\\\/08\\\/11\\\/remocao-dos-coros-do-acidente-aereo-em-vinhedo-e-concluida-identificacao-das-vitimas-continua#primaryimage\"},\"thumbnailUrl\":\"https:\\\/\\\/redenoticiaz.com.br\\\/litoralsp\\\/wp-content\\\/uploads\\\/sites\\\/3\\\/2024\\\/08\\\/Captura-de-tela-2024-08-11-103742.png?v=1723383482\",\"keywords\":[\"AVI\u00c3O\",\"CORPOS\",\"IML\",\"vinhedo\"],\"articleSection\":[\"Pol\u00edcia\"],\"inLanguage\":\"pt-BR\",\"potentialAction\":[{\"@type\":\"CommentAction\",\"name\":\"Comment\",\"target\":[\"https:\\\/\\\/redenoticiaz.com.br\\\/litoralsp\\\/2024\\\/08\\\/11\\\/remocao-dos-coros-do-acidente-aereo-em-vinhedo-e-concluida-identificacao-das-vitimas-continua#respond\"]}]},{\"@type\":\"WebPage\",\"@id\":\"https:\\\/\\\/redenoticiaz.com.br\\\/litoralsp\\\/2024\\\/08\\\/11\\\/remocao-dos-coros-do-acidente-aereo-em-vinhedo-e-concluida-identificacao-das-vitimas-continua\",\"url\":\"https:\\\/\\\/redenoticiaz.com.br\\\/litoralsp\\\/2024\\\/08\\\/11\\\/remocao-dos-coros-do-acidente-aereo-em-vinhedo-e-concluida-identificacao-das-vitimas-continua\",\"name\":\"Remo\u00e7\u00e3o dos coros do acidente a\u00e9reo em Vinhedo \u00e9 conclu\u00edda; identifica\u00e7\u00e3o das v\u00edtimas continua - Litoral SP\",\"isPartOf\":{\"@id\":\"https:\\\/\\\/redenoticiaz.com.br\\\/litoralsp\\\/#website\"},\"primaryImageOfPage\":{\"@id\":\"https:\\\/\\\/redenoticiaz.com.br\\\/litoralsp\\\/2024\\\/08\\\/11\\\/remocao-dos-coros-do-acidente-aereo-em-vinhedo-e-concluida-identificacao-das-vitimas-continua#primaryimage\"},\"image\":{\"@id\":\"https:\\\/\\\/redenoticiaz.com.br\\\/litoralsp\\\/2024\\\/08\\\/11\\\/remocao-dos-coros-do-acidente-aereo-em-vinhedo-e-concluida-identificacao-das-vitimas-continua#primaryimage\"},\"thumbnailUrl\":\"https:\\\/\\\/redenoticiaz.com.br\\\/litoralsp\\\/wp-content\\\/uploads\\\/sites\\\/3\\\/2024\\\/08\\\/Captura-de-tela-2024-08-11-103742.png?v=1723383482\",\"datePublished\":\"2024-08-11T13:39:12+00:00\",\"dateModified\":\"2024-08-11T13:46:59+00:00\",\"description\":\"A Defesa Civil concluiu a remo\u00e7\u00e3o dos 62 corpos do acidente a\u00e9reo em Vinhedo neste s\u00e1bado (10). Os corpos, incluindo 34 homens e 28 mulheres...\",\"inLanguage\":\"pt-BR\",\"potentialAction\":[{\"@type\":\"ReadAction\",\"target\":[\"https:\\\/\\\/redenoticiaz.com.br\\\/litoralsp\\\/2024\\\/08\\\/11\\\/remocao-dos-coros-do-acidente-aereo-em-vinhedo-e-concluida-identificacao-das-vitimas-continua\"]}]},{\"@type\":\"ImageObject\",\"inLanguage\":\"pt-BR\",\"@id\":\"https:\\\/\\\/redenoticiaz.com.br\\\/litoralsp\\\/2024\\\/08\\\/11\\\/remocao-dos-coros-do-acidente-aereo-em-vinhedo-e-concluida-identificacao-das-vitimas-continua#primaryimage\",\"url\":\"https:\\\/\\\/redenoticiaz.com.br\\\/litoralsp\\\/wp-content\\\/uploads\\\/sites\\\/3\\\/2024\\\/08\\\/Captura-de-tela-2024-08-11-103742.png?v=1723383482\",\"contentUrl\":\"https:\\\/\\\/redenoticiaz.com.br\\\/litoralsp\\\/wp-content\\\/uploads\\\/sites\\\/3\\\/2024\\\/08\\\/Captura-de-tela-2024-08-11-103742.png?v=1723383482\",\"width\":515,\"height\":439},{\"@type\":\"WebSite\",\"@id\":\"https:\\\/\\\/redenoticiaz.com.br\\\/litoralsp\\\/#website\",\"url\":\"https:\\\/\\\/redenoticiaz.com.br\\\/litoralsp\\\/\",\"name\":\"Litoral SP\",\"description\":\"Rede NoticiaZ\",\"publisher\":{\"@id\":\"https:\\\/\\\/redenoticiaz.com.br\\\/litoralsp\\\/#organization\"},\"potentialAction\":[{\"@type\":\"SearchAction\",\"target\":{\"@type\":\"EntryPoint\",\"urlTemplate\":\"https:\\\/\\\/redenoticiaz.com.br\\\/litoralsp\\\/?s={search_term_string}\"},\"query-input\":{\"@type\":\"PropertyValueSpecification\",\"valueRequired\":true,\"valueName\":\"search_term_string\"}}],\"inLanguage\":\"pt-BR\"},{\"@type\":\"Organization\",\"@id\":\"https:\\\/\\\/redenoticiaz.com.br\\\/litoralsp\\\/#organization\",\"name\":\"Litoral SP\",\"url\":\"https:\\\/\\\/redenoticiaz.com.br\\\/litoralsp\\\/\",\"logo\":{\"@type\":\"ImageObject\",\"inLanguage\":\"pt-BR\",\"@id\":\"https:\\\/\\\/redenoticiaz.com.br\\\/litoralsp\\\/#\\\/schema\\\/logo\\\/image\\\/\",\"url\":\"https:\\\/\\\/redenoticiaz.com.br\\\/litoralsp\\\/wp-content\\\/uploads\\\/sites\\\/3\\\/2020\\\/11\\\/logo.jpg\",\"contentUrl\":\"https:\\\/\\\/redenoticiaz.com.br\\\/litoralsp\\\/wp-content\\\/uploads\\\/sites\\\/3\\\/2020\\\/11\\\/logo.jpg\",\"width\":400,\"height\":250,\"caption\":\"Litoral SP\"},\"image\":{\"@id\":\"https:\\\/\\\/redenoticiaz.com.br\\\/litoralsp\\\/#\\\/schema\\\/logo\\\/image\\\/\"}},{\"@type\":\"Person\",\"@id\":\"https:\\\/\\\/redenoticiaz.com.br\\\/litoralsp\\\/#\\\/schema\\\/person\\\/1f84d6e94e6a62d2d81199d7503e9e90\",\"name\":\"Carina Reifonas\",\"image\":{\"@type\":\"ImageObject\",\"inLanguage\":\"pt-BR\",\"@id\":\"https:\\\/\\\/secure.gravatar.com\\\/avatar\\\/04c59859b23696cf867715880f81d5c037e60109730bdb4e6670ec2a2245bc97?s=96&d=mm&r=g\",\"url\":\"https:\\\/\\\/secure.gravatar.com\\\/avatar\\\/04c59859b23696cf867715880f81d5c037e60109730bdb4e6670ec2a2245bc97?s=96&d=mm&r=g\",\"contentUrl\":\"https:\\\/\\\/secure.gravatar.com\\\/avatar\\\/04c59859b23696cf867715880f81d5c037e60109730bdb4e6670ec2a2245bc97?s=96&d=mm&r=g\",\"caption\":\"Carina Reifonas\"},\"url\":\"https:\\\/\\\/redenoticiaz.com.br\\\/litoralsp\\\/author\\\/carinareifonas\"}]}<\/script>\n<!-- \/ Yoast SEO plugin. -->","yoast_head_json":{"title":"Remo\u00e7\u00e3o dos coros do acidente a\u00e9reo em Vinhedo \u00e9 conclu\u00edda; identifica\u00e7\u00e3o das v\u00edtimas continua - Litoral SP","description":"A Defesa Civil concluiu a remo\u00e7\u00e3o dos 62 corpos do acidente a\u00e9reo em Vinhedo neste s\u00e1bado (10). Os corpos, incluindo 34 homens e 28 mulheres...","robots":{"index":"index","follow":"follow","max-snippet":"max-snippet:-1","max-image-preview":"max-image-preview:large","max-video-preview":"max-video-preview:-1"},"canonical":"https:\/\/redenoticiaz.com.br\/litoralsp\/2024\/08\/11\/remocao-dos-coros-do-acidente-aereo-em-vinhedo-e-concluida-identificacao-das-vitimas-continua","og_locale":"pt_BR","og_type":"article","og_title":"Remo\u00e7\u00e3o dos coros do acidente a\u00e9reo em Vinhedo \u00e9 conclu\u00edda; identifica\u00e7\u00e3o das v\u00edtimas continua - Litoral SP","og_description":"A Defesa Civil concluiu a remo\u00e7\u00e3o dos 62 corpos do acidente a\u00e9reo em Vinhedo neste s\u00e1bado (10). Os corpos, incluindo 34 homens e 28 mulheres...","og_url":"https:\/\/redenoticiaz.com.br\/litoralsp\/2024\/08\/11\/remocao-dos-coros-do-acidente-aereo-em-vinhedo-e-concluida-identificacao-das-vitimas-continua","og_site_name":"Litoral SP","article_published_time":"2024-08-11T13:39:12+00:00","article_modified_time":"2024-08-11T13:46:59+00:00","og_image":[{"width":515,"height":439,"url":"https:\/\/redenoticiaz.com.br\/litoralsp\/wp-content\/uploads\/sites\/3\/2024\/08\/Captura-de-tela-2024-08-11-103742.png?v=1723383482","type":"image\/png"}],"author":"Carina Reifonas","twitter_card":"summary_large_image","twitter_misc":{"Escrito por":"Carina Reifonas","Est. tempo de leitura":"1 minuto"},"schema":{"@context":"https:\/\/schema.org","@graph":[{"@type":"Article","@id":"https:\/\/redenoticiaz.com.br\/litoralsp\/2024\/08\/11\/remocao-dos-coros-do-acidente-aereo-em-vinhedo-e-concluida-identificacao-das-vitimas-continua#article","isPartOf":{"@id":"https:\/\/redenoticiaz.com.br\/litoralsp\/2024\/08\/11\/remocao-dos-coros-do-acidente-aereo-em-vinhedo-e-concluida-identificacao-das-vitimas-continua"},"author":{"name":"Carina Reifonas","@id":"https:\/\/redenoticiaz.com.br\/litoralsp\/#\/schema\/person\/1f84d6e94e6a62d2d81199d7503e9e90"},"headline":"Remo\u00e7\u00e3o dos coros do acidente a\u00e9reo em Vinhedo \u00e9 conclu\u00edda; identifica\u00e7\u00e3o das v\u00edtimas continua","datePublished":"2024-08-11T13:39:12+00:00","dateModified":"2024-08-11T13:46:59+00:00","mainEntityOfPage":{"@id":"https:\/\/redenoticiaz.com.br\/litoralsp\/2024\/08\/11\/remocao-dos-coros-do-acidente-aereo-em-vinhedo-e-concluida-identificacao-das-vitimas-continua"},"wordCount":128,"commentCount":0,"publisher":{"@id":"https:\/\/redenoticiaz.com.br\/litoralsp\/#organization"},"image":{"@id":"https:\/\/redenoticiaz.com.br\/litoralsp\/2024\/08\/11\/remocao-dos-coros-do-acidente-aereo-em-vinhedo-e-concluida-identificacao-das-vitimas-continua#primaryimage"},"thumbnailUrl":"https:\/\/redenoticiaz.com.br\/litoralsp\/wp-content\/uploads\/sites\/3\/2024\/08\/Captura-de-tela-2024-08-11-103742.png?v=1723383482","keywords":["AVI\u00c3O","CORPOS","IML","vinhedo"],"articleSection":["Pol\u00edcia"],"inLanguage":"pt-BR","potentialAction":[{"@type":"CommentAction","name":"Comment","target":["https:\/\/redenoticiaz.com.br\/litoralsp\/2024\/08\/11\/remocao-dos-coros-do-acidente-aereo-em-vinhedo-e-concluida-identificacao-das-vitimas-continua#respond"]}]},{"@type":"WebPage","@id":"https:\/\/redenoticiaz.com.br\/litoralsp\/2024\/08\/11\/remocao-dos-coros-do-acidente-aereo-em-vinhedo-e-concluida-identificacao-das-vitimas-continua","url":"https:\/\/redenoticiaz.com.br\/litoralsp\/2024\/08\/11\/remocao-dos-coros-do-acidente-aereo-em-vinhedo-e-concluida-identificacao-das-vitimas-continua","name":"Remo\u00e7\u00e3o dos coros do acidente a\u00e9reo em Vinhedo \u00e9 conclu\u00edda; identifica\u00e7\u00e3o das v\u00edtimas continua - Litoral SP","isPartOf":{"@id":"https:\/\/redenoticiaz.com.br\/litoralsp\/#website"},"primaryImageOfPage":{"@id":"https:\/\/redenoticiaz.com.br\/litoralsp\/2024\/08\/11\/remocao-dos-coros-do-acidente-aereo-em-vinhedo-e-concluida-identificacao-das-vitimas-continua#primaryimage"},"image":{"@id":"https:\/\/redenoticiaz.com.br\/litoralsp\/2024\/08\/11\/remocao-dos-coros-do-acidente-aereo-em-vinhedo-e-concluida-identificacao-das-vitimas-continua#primaryimage"},"thumbnailUrl":"https:\/\/redenoticiaz.com.br\/litoralsp\/wp-content\/uploads\/sites\/3\/2024\/08\/Captura-de-tela-2024-08-11-103742.png?v=1723383482","datePublished":"2024-08-11T13:39:12+00:00","dateModified":"2024-08-11T13:46:59+00:00","description":"A Defesa Civil concluiu a remo\u00e7\u00e3o dos 62 corpos do acidente a\u00e9reo em Vinhedo neste s\u00e1bado (10). Os corpos, incluindo 34 homens e 28 mulheres...","inLanguage":"pt-BR","potentialAction":[{"@type":"ReadAction","target":["https:\/\/redenoticiaz.com.br\/litoralsp\/2024\/08\/11\/remocao-dos-coros-do-acidente-aereo-em-vinhedo-e-concluida-identificacao-das-vitimas-continua"]}]},{"@type":"ImageObject","inLanguage":"pt-BR","@id":"https:\/\/redenoticiaz.com.br\/litoralsp\/2024\/08\/11\/remocao-dos-coros-do-acidente-aereo-em-vinhedo-e-concluida-identificacao-das-vitimas-continua#primaryimage","url":"https:\/\/redenoticiaz.com.br\/litoralsp\/wp-content\/uploads\/sites\/3\/2024\/08\/Captura-de-tela-2024-08-11-103742.png?v=1723383482","contentUrl":"https:\/\/redenoticiaz.com.br\/litoralsp\/wp-content\/uploads\/sites\/3\/2024\/08\/Captura-de-tela-2024-08-11-103742.png?v=1723383482","width":515,"height":439},{"@type":"WebSite","@id":"https:\/\/redenoticiaz.com.br\/litoralsp\/#website","url":"https:\/\/redenoticiaz.com.br\/litoralsp\/","name":"Litoral SP","description":"Rede NoticiaZ","publisher":{"@id":"https:\/\/redenoticiaz.com.br\/litoralsp\/#organization"},"potentialAction":[{"@type":"SearchAction","target":{"@type":"EntryPoint","urlTemplate":"https:\/\/redenoticiaz.com.br\/litoralsp\/?s={search_term_string}"},"query-input":{"@type":"PropertyValueSpecification","valueRequired":true,"valueName":"search_term_string"}}],"inLanguage":"pt-BR"},{"@type":"Organization","@id":"https:\/\/redenoticiaz.com.br\/litoralsp\/#organization","name":"Litoral SP","url":"https:\/\/redenoticiaz.com.br\/litoralsp\/","logo":{"@type":"ImageObject","inLanguage":"pt-BR","@id":"https:\/\/redenoticiaz.com.br\/litoralsp\/#\/schema\/logo\/image\/","url":"https:\/\/redenoticiaz.com.br\/litoralsp\/wp-content\/uploads\/sites\/3\/2020\/11\/logo.jpg","contentUrl":"https:\/\/redenoticiaz.com.br\/litoralsp\/wp-content\/uploads\/sites\/3\/2020\/11\/logo.jpg","width":400,"height":250,"caption":"Litoral SP"},"image":{"@id":"https:\/\/redenoticiaz.com.br\/litoralsp\/#\/schema\/logo\/image\/"}},{"@type":"Person","@id":"https:\/\/redenoticiaz.com.br\/litoralsp\/#\/schema\/person\/1f84d6e94e6a62d2d81199d7503e9e90","name":"Carina Reifonas","image":{"@type":"ImageObject","inLanguage":"pt-BR","@id":"https:\/\/secure.gravatar.com\/avatar\/04c59859b23696cf867715880f81d5c037e60109730bdb4e6670ec2a2245bc97?s=96&d=mm&r=g","url":"https:\/\/secure.gravatar.com\/avatar\/04c59859b23696cf867715880f81d5c037e60109730bdb4e6670ec2a2245bc97?s=96&d=mm&r=g","contentUrl":"https:\/\/secure.gravatar.com\/avatar\/04c59859b23696cf867715880f81d5c037e60109730bdb4e6670ec2a2245bc97?s=96&d=mm&r=g","caption":"Carina Reifonas"},"url":"https:\/\/redenoticiaz.com.br\/litoralsp\/author\/carinareifonas"}]}},"_links":{"self":[{"href":"https:\/\/redenoticiaz.com.br\/litoralsp\/wp-json\/wp\/v2\/posts\/117642","targetHints":{"allow":["GET"]}}],"collection":[{"href":"https:\/\/redenoticiaz.com.br\/litoralsp\/wp-json\/wp\/v2\/posts"}],"about":[{"href":"https:\/\/redenoticiaz.com.br\/litoralsp\/wp-json\/wp\/v2\/types\/post"}],"author":[{"embeddable":true,"href":"https:\/\/redenoticiaz.com.br\/litoralsp\/wp-json\/wp\/v2\/users\/30"}],"replies":[{"embeddable":true,"href":"https:\/\/redenoticiaz.com.br\/litoralsp\/wp-json\/wp\/v2\/comments?post=117642"}],"version-history":[{"count":4,"href":"https:\/\/redenoticiaz.com.br\/litoralsp\/wp-json\/wp\/v2\/posts\/117642\/revisions"}],"predecessor-version":[{"id":117647,"href":"https:\/\/redenoticiaz.com.br\/litoralsp\/wp-json\/wp\/v2\/posts\/117642\/revisions\/117647"}],"wp:featuredmedia":[{"embeddable":true,"href":"https:\/\/redenoticiaz.com.br\/litoralsp\/wp-json\/wp\/v2\/media\/117643"}],"wp:attachment":[{"href":"https:\/\/redenoticiaz.com.br\/litoralsp\/wp-json\/wp\/v2\/media?parent=117642"}],"wp:term":[{"taxonomy":"category","embeddable":true,"href":"https:\/\/redenoticiaz.com.br\/litoralsp\/wp-json\/wp\/v2\/categories?post=117642"},{"taxonomy":"post_tag","embeddable":true,"href":"https:\/\/redenoticiaz.com.br\/litoralsp\/wp-json\/wp\/v2\/tags?post=117642"}],"curies":[{"name":"wp","href":"https:\/\/api.w.org\/{rel}","templated":true}]}}