{"id":117714,"date":"2024-08-14T19:00:48","date_gmt":"2024-08-14T22:00:48","guid":{"rendered":"https:\/\/redenoticiaz.com.br\/litoralsp\/?p=117714"},"modified":"2024-08-14T18:41:05","modified_gmt":"2024-08-14T21:41:05","slug":"familia-de-garcom-assassinado-nao-e-encontrada-e-donos-de-restaurante-pagam-enterro","status":"publish","type":"post","link":"https:\/\/redenoticiaz.com.br\/litoralsp\/2024\/08\/14\/familia-de-garcom-assassinado-nao-e-encontrada-e-donos-de-restaurante-pagam-enterro","title":{"rendered":"Fam\u00edlia de gar\u00e7om assassinado n\u00e3o \u00e9 encontrada e donos de restaurante pagam enterro"},"content":{"rendered":"<p>O gar\u00e7om ricardo santana dos santos, morto a tiros pelo tamb\u00e9m gar\u00e7om rafael pereira da silva dentro do restaurante onde trabalhavam em Santos, foi enterrado na cidade sem a presen\u00e7a da fam\u00edlia.<\/p>\n<p>De acordo com as informa\u00e7\u00f5es, os donos do estabelecimento, que pagaram pela cerim\u00f4nia, n\u00e3o localizaram os parentes da v\u00edtima.<\/p>\n<p>O crime aconteceu no restaurante pipa, no bairro gonzaga, na noite do \u00faltimo s\u00e1bado. Rafael foi detido no dia seguinte, escondido no telhado da escola estadual professora maria dulce mendes, em s\u00e3o vicente (sp), cidade vizinha.<\/p>\n<p>O sepultamento aconteceu ontem, no cemit\u00e9rio da areia branca, na avenida nossa senhora de f\u00e1tima. Segundo o advogado octavio rolim, que representa o restaurante, os propriet\u00e1rios do com\u00e9rcio tentaram &#8220;incessantemente ter contato com os familiares&#8221; do gar\u00e7om, sem sucesso.<\/p>\n<p>Para a imprensa, o delegado titular do 7\u00ba distrito policial, jorge cruz, afirmou que o homem confessou o crime durante interrogat\u00f3rio. Ele alegou que agiu porque ricardo havia passado a m\u00e3o nas partes \u00edntimas de uma amiga dele.<\/p>\n<p>De acordo com o boletim de ocorr\u00eancia , logo ap\u00f3s o crime, rafael ainda roubou r$ 75 do caixa do estabelecimento e fugiu em seguida. O caso foi registrado na central de pol\u00edcia judici\u00e1ria de santos e \u00e9 investigado pela pol\u00edcia civil.<\/p>\n<p>Leia mais<\/p>\n<p><a href=\"https:\/\/redenoticiaz.com.br\/litoralsp\/2024\/08\/14\/mpt-critica-possivel-aumento-da-jornada-de-trabalho-de-aeronautas\">MPT critica poss\u00edvel aumento da jornada de trabalho de aeronautas<\/a><\/p>\n<p><a href=\"https:\/\/redenoticiaz.com.br\/litoralsp\/2024\/08\/13\/cavalo-morre-apos-ser-atropelado-em-sao-vicente\">Pol\u00edcia combate lavagem de dinheiro de m\u00e1fia italiana no Brasil<\/a><\/p>\n","protected":false},"excerpt":{"rendered":"<p>O gar\u00e7om ricardo santana dos santos, morto a tiros pelo tamb\u00e9m gar\u00e7om rafael pereira da silva dentro do restaurante onde trabalhavam em Santos, foi enterrado na cidade sem a presen\u00e7a da fam\u00edlia. De acordo com as informa\u00e7\u00f5es, os donos do estabelecimento, que pagaram pela cerim\u00f4nia, n\u00e3o localizaram os parentes da v\u00edtima. O crime aconteceu no &hellip;<\/p>\n","protected":false},"author":12,"featured_media":117715,"comment_status":"open","ping_status":"closed","sticky":false,"template":"","format":"standard","meta":{"footnotes":""},"categories":[10,180],"tags":[22512,7606,68537],"class_list":["post-117714","post","type-post","status-publish","format-standard","has-post-thumbnail","hentry","category-policia","category-santos","tag-enterro","tag-familia","tag-garcom"],"yoast_head":"<!-- This site is optimized with the Yoast SEO plugin v27.5 - https:\/\/yoast.com\/product\/yoast-seo-wordpress\/ -->\n<title>Fam\u00edlia de gar\u00e7om assassinado n\u00e3o \u00e9 encontrada e donos de restaurante pagam enterro - Litoral SP<\/title>\n<meta name=\"description\" content=\"O gar\u00e7om ricardo santana dos santos, morto a tiros pelo tamb\u00e9m gar\u00e7om rafael pereira da silva dentro do restaurante onde trabalhavam em santos, foi enterrado na cidade sem a presen\u00e7a da fam\u00edlia.\" \/>\n<meta name=\"robots\" content=\"index, follow, max-snippet:-1, max-image-preview:large, max-video-preview:-1\" \/>\n<link rel=\"canonical\" href=\"https:\/\/redenoticiaz.com.br\/litoralsp\/2024\/08\/14\/familia-de-garcom-assassinado-nao-e-encontrada-e-donos-de-restaurante-pagam-enterro\" \/>\n<meta property=\"og:locale\" content=\"pt_BR\" \/>\n<meta property=\"og:type\" content=\"article\" \/>\n<meta property=\"og:title\" content=\"Fam\u00edlia de gar\u00e7om assassinado n\u00e3o \u00e9 encontrada e donos de restaurante pagam enterro - Litoral SP\" \/>\n<meta property=\"og:description\" content=\"O gar\u00e7om ricardo santana dos santos, morto a tiros pelo tamb\u00e9m gar\u00e7om rafael pereira da silva dentro do restaurante onde trabalhavam em santos, foi enterrado na cidade sem a presen\u00e7a da fam\u00edlia.\" \/>\n<meta property=\"og:url\" content=\"https:\/\/redenoticiaz.com.br\/litoralsp\/2024\/08\/14\/familia-de-garcom-assassinado-nao-e-encontrada-e-donos-de-restaurante-pagam-enterro\" \/>\n<meta property=\"og:site_name\" content=\"Litoral SP\" \/>\n<meta property=\"article:published_time\" content=\"2024-08-14T22:00:48+00:00\" \/>\n<meta property=\"og:image\" content=\"https:\/\/redenoticiaz.com.br\/litoralsp\/wp-content\/uploads\/sites\/3\/2024\/08\/vdvdvd.jpg\" \/>\n\t<meta property=\"og:image:width\" content=\"568\" \/>\n\t<meta property=\"og:image:height\" content=\"377\" \/>\n\t<meta property=\"og:image:type\" content=\"image\/jpeg\" \/>\n<meta name=\"author\" content=\"Gustavo Silva\" \/>\n<meta name=\"twitter:card\" content=\"summary_large_image\" \/>\n<meta name=\"twitter:label1\" content=\"Escrito por\" \/>\n\t<meta name=\"twitter:data1\" content=\"Gustavo Silva\" \/>\n\t<meta name=\"twitter:label2\" content=\"Est. tempo de leitura\" \/>\n\t<meta name=\"twitter:data2\" content=\"2 minutos\" \/>\n<script type=\"application\/ld+json\" class=\"yoast-schema-graph\">{\"@context\":\"https:\\\/\\\/schema.org\",\"@graph\":[{\"@type\":\"Article\",\"@id\":\"https:\\\/\\\/redenoticiaz.com.br\\\/litoralsp\\\/2024\\\/08\\\/14\\\/familia-de-garcom-assassinado-nao-e-encontrada-e-donos-de-restaurante-pagam-enterro#article\",\"isPartOf\":{\"@id\":\"https:\\\/\\\/redenoticiaz.com.br\\\/litoralsp\\\/2024\\\/08\\\/14\\\/familia-de-garcom-assassinado-nao-e-encontrada-e-donos-de-restaurante-pagam-enterro\"},\"author\":{\"name\":\"Gustavo Silva\",\"@id\":\"https:\\\/\\\/redenoticiaz.com.br\\\/litoralsp\\\/#\\\/schema\\\/person\\\/16057b37a3c0ee6b096d7f887c566e2e\"},\"headline\":\"Fam\u00edlia de gar\u00e7om assassinado n\u00e3o \u00e9 encontrada e donos de restaurante pagam enterro\",\"datePublished\":\"2024-08-14T22:00:48+00:00\",\"mainEntityOfPage\":{\"@id\":\"https:\\\/\\\/redenoticiaz.com.br\\\/litoralsp\\\/2024\\\/08\\\/14\\\/familia-de-garcom-assassinado-nao-e-encontrada-e-donos-de-restaurante-pagam-enterro\"},\"wordCount\":265,\"commentCount\":0,\"publisher\":{\"@id\":\"https:\\\/\\\/redenoticiaz.com.br\\\/litoralsp\\\/#organization\"},\"image\":{\"@id\":\"https:\\\/\\\/redenoticiaz.com.br\\\/litoralsp\\\/2024\\\/08\\\/14\\\/familia-de-garcom-assassinado-nao-e-encontrada-e-donos-de-restaurante-pagam-enterro#primaryimage\"},\"thumbnailUrl\":\"https:\\\/\\\/redenoticiaz.com.br\\\/litoralsp\\\/wp-content\\\/uploads\\\/sites\\\/3\\\/2024\\\/08\\\/vdvdvd.jpg\",\"keywords\":[\"ENTERRO\",\"FAM\u00cdLIA\",\"gar\u00e7om\"],\"articleSection\":[\"Pol\u00edcia\",\"Santos\"],\"inLanguage\":\"pt-BR\",\"potentialAction\":[{\"@type\":\"CommentAction\",\"name\":\"Comment\",\"target\":[\"https:\\\/\\\/redenoticiaz.com.br\\\/litoralsp\\\/2024\\\/08\\\/14\\\/familia-de-garcom-assassinado-nao-e-encontrada-e-donos-de-restaurante-pagam-enterro#respond\"]}]},{\"@type\":\"WebPage\",\"@id\":\"https:\\\/\\\/redenoticiaz.com.br\\\/litoralsp\\\/2024\\\/08\\\/14\\\/familia-de-garcom-assassinado-nao-e-encontrada-e-donos-de-restaurante-pagam-enterro\",\"url\":\"https:\\\/\\\/redenoticiaz.com.br\\\/litoralsp\\\/2024\\\/08\\\/14\\\/familia-de-garcom-assassinado-nao-e-encontrada-e-donos-de-restaurante-pagam-enterro\",\"name\":\"Fam\u00edlia de gar\u00e7om assassinado n\u00e3o \u00e9 encontrada e donos de restaurante pagam enterro - Litoral SP\",\"isPartOf\":{\"@id\":\"https:\\\/\\\/redenoticiaz.com.br\\\/litoralsp\\\/#website\"},\"primaryImageOfPage\":{\"@id\":\"https:\\\/\\\/redenoticiaz.com.br\\\/litoralsp\\\/2024\\\/08\\\/14\\\/familia-de-garcom-assassinado-nao-e-encontrada-e-donos-de-restaurante-pagam-enterro#primaryimage\"},\"image\":{\"@id\":\"https:\\\/\\\/redenoticiaz.com.br\\\/litoralsp\\\/2024\\\/08\\\/14\\\/familia-de-garcom-assassinado-nao-e-encontrada-e-donos-de-restaurante-pagam-enterro#primaryimage\"},\"thumbnailUrl\":\"https:\\\/\\\/redenoticiaz.com.br\\\/litoralsp\\\/wp-content\\\/uploads\\\/sites\\\/3\\\/2024\\\/08\\\/vdvdvd.jpg\",\"datePublished\":\"2024-08-14T22:00:48+00:00\",\"description\":\"O gar\u00e7om ricardo santana dos santos, morto a tiros pelo tamb\u00e9m gar\u00e7om rafael pereira da silva dentro do restaurante onde trabalhavam em santos, foi enterrado na cidade sem a presen\u00e7a da fam\u00edlia.\",\"inLanguage\":\"pt-BR\",\"potentialAction\":[{\"@type\":\"ReadAction\",\"target\":[\"https:\\\/\\\/redenoticiaz.com.br\\\/litoralsp\\\/2024\\\/08\\\/14\\\/familia-de-garcom-assassinado-nao-e-encontrada-e-donos-de-restaurante-pagam-enterro\"]}]},{\"@type\":\"ImageObject\",\"inLanguage\":\"pt-BR\",\"@id\":\"https:\\\/\\\/redenoticiaz.com.br\\\/litoralsp\\\/2024\\\/08\\\/14\\\/familia-de-garcom-assassinado-nao-e-encontrada-e-donos-de-restaurante-pagam-enterro#primaryimage\",\"url\":\"https:\\\/\\\/redenoticiaz.com.br\\\/litoralsp\\\/wp-content\\\/uploads\\\/sites\\\/3\\\/2024\\\/08\\\/vdvdvd.jpg\",\"contentUrl\":\"https:\\\/\\\/redenoticiaz.com.br\\\/litoralsp\\\/wp-content\\\/uploads\\\/sites\\\/3\\\/2024\\\/08\\\/vdvdvd.jpg\",\"width\":568,\"height\":377},{\"@type\":\"WebSite\",\"@id\":\"https:\\\/\\\/redenoticiaz.com.br\\\/litoralsp\\\/#website\",\"url\":\"https:\\\/\\\/redenoticiaz.com.br\\\/litoralsp\\\/\",\"name\":\"Litoral SP\",\"description\":\"Rede NoticiaZ\",\"publisher\":{\"@id\":\"https:\\\/\\\/redenoticiaz.com.br\\\/litoralsp\\\/#organization\"},\"potentialAction\":[{\"@type\":\"SearchAction\",\"target\":{\"@type\":\"EntryPoint\",\"urlTemplate\":\"https:\\\/\\\/redenoticiaz.com.br\\\/litoralsp\\\/?s={search_term_string}\"},\"query-input\":{\"@type\":\"PropertyValueSpecification\",\"valueRequired\":true,\"valueName\":\"search_term_string\"}}],\"inLanguage\":\"pt-BR\"},{\"@type\":\"Organization\",\"@id\":\"https:\\\/\\\/redenoticiaz.com.br\\\/litoralsp\\\/#organization\",\"name\":\"Litoral SP\",\"url\":\"https:\\\/\\\/redenoticiaz.com.br\\\/litoralsp\\\/\",\"logo\":{\"@type\":\"ImageObject\",\"inLanguage\":\"pt-BR\",\"@id\":\"https:\\\/\\\/redenoticiaz.com.br\\\/litoralsp\\\/#\\\/schema\\\/logo\\\/image\\\/\",\"url\":\"https:\\\/\\\/redenoticiaz.com.br\\\/litoralsp\\\/wp-content\\\/uploads\\\/sites\\\/3\\\/2020\\\/11\\\/logo.jpg\",\"contentUrl\":\"https:\\\/\\\/redenoticiaz.com.br\\\/litoralsp\\\/wp-content\\\/uploads\\\/sites\\\/3\\\/2020\\\/11\\\/logo.jpg\",\"width\":400,\"height\":250,\"caption\":\"Litoral SP\"},\"image\":{\"@id\":\"https:\\\/\\\/redenoticiaz.com.br\\\/litoralsp\\\/#\\\/schema\\\/logo\\\/image\\\/\"}},{\"@type\":\"Person\",\"@id\":\"https:\\\/\\\/redenoticiaz.com.br\\\/litoralsp\\\/#\\\/schema\\\/person\\\/16057b37a3c0ee6b096d7f887c566e2e\",\"name\":\"Gustavo Silva\",\"image\":{\"@type\":\"ImageObject\",\"inLanguage\":\"pt-BR\",\"@id\":\"https:\\\/\\\/secure.gravatar.com\\\/avatar\\\/3ee4e82f93b26de0a7cf4ea5eb7893da637ed6bb0c9170c58065944c56e28a33?s=96&d=mm&r=g\",\"url\":\"https:\\\/\\\/secure.gravatar.com\\\/avatar\\\/3ee4e82f93b26de0a7cf4ea5eb7893da637ed6bb0c9170c58065944c56e28a33?s=96&d=mm&r=g\",\"contentUrl\":\"https:\\\/\\\/secure.gravatar.com\\\/avatar\\\/3ee4e82f93b26de0a7cf4ea5eb7893da637ed6bb0c9170c58065944c56e28a33?s=96&d=mm&r=g\",\"caption\":\"Gustavo Silva\"},\"url\":\"https:\\\/\\\/redenoticiaz.com.br\\\/litoralsp\\\/author\\\/gustavosilva\"}]}<\/script>\n<!-- \/ Yoast SEO plugin. -->","yoast_head_json":{"title":"Fam\u00edlia de gar\u00e7om assassinado n\u00e3o \u00e9 encontrada e donos de restaurante pagam enterro - Litoral SP","description":"O gar\u00e7om ricardo santana dos santos, morto a tiros pelo tamb\u00e9m gar\u00e7om rafael pereira da silva dentro do restaurante onde trabalhavam em santos, foi enterrado na cidade sem a presen\u00e7a da fam\u00edlia.","robots":{"index":"index","follow":"follow","max-snippet":"max-snippet:-1","max-image-preview":"max-image-preview:large","max-video-preview":"max-video-preview:-1"},"canonical":"https:\/\/redenoticiaz.com.br\/litoralsp\/2024\/08\/14\/familia-de-garcom-assassinado-nao-e-encontrada-e-donos-de-restaurante-pagam-enterro","og_locale":"pt_BR","og_type":"article","og_title":"Fam\u00edlia de gar\u00e7om assassinado n\u00e3o \u00e9 encontrada e donos de restaurante pagam enterro - Litoral SP","og_description":"O gar\u00e7om ricardo santana dos santos, morto a tiros pelo tamb\u00e9m gar\u00e7om rafael pereira da silva dentro do restaurante onde trabalhavam em santos, foi enterrado na cidade sem a presen\u00e7a da fam\u00edlia.","og_url":"https:\/\/redenoticiaz.com.br\/litoralsp\/2024\/08\/14\/familia-de-garcom-assassinado-nao-e-encontrada-e-donos-de-restaurante-pagam-enterro","og_site_name":"Litoral SP","article_published_time":"2024-08-14T22:00:48+00:00","og_image":[{"width":568,"height":377,"url":"https:\/\/redenoticiaz.com.br\/litoralsp\/wp-content\/uploads\/sites\/3\/2024\/08\/vdvdvd.jpg","type":"image\/jpeg"}],"author":"Gustavo Silva","twitter_card":"summary_large_image","twitter_misc":{"Escrito por":"Gustavo Silva","Est. tempo de leitura":"2 minutos"},"schema":{"@context":"https:\/\/schema.org","@graph":[{"@type":"Article","@id":"https:\/\/redenoticiaz.com.br\/litoralsp\/2024\/08\/14\/familia-de-garcom-assassinado-nao-e-encontrada-e-donos-de-restaurante-pagam-enterro#article","isPartOf":{"@id":"https:\/\/redenoticiaz.com.br\/litoralsp\/2024\/08\/14\/familia-de-garcom-assassinado-nao-e-encontrada-e-donos-de-restaurante-pagam-enterro"},"author":{"name":"Gustavo Silva","@id":"https:\/\/redenoticiaz.com.br\/litoralsp\/#\/schema\/person\/16057b37a3c0ee6b096d7f887c566e2e"},"headline":"Fam\u00edlia de gar\u00e7om assassinado n\u00e3o \u00e9 encontrada e donos de restaurante pagam enterro","datePublished":"2024-08-14T22:00:48+00:00","mainEntityOfPage":{"@id":"https:\/\/redenoticiaz.com.br\/litoralsp\/2024\/08\/14\/familia-de-garcom-assassinado-nao-e-encontrada-e-donos-de-restaurante-pagam-enterro"},"wordCount":265,"commentCount":0,"publisher":{"@id":"https:\/\/redenoticiaz.com.br\/litoralsp\/#organization"},"image":{"@id":"https:\/\/redenoticiaz.com.br\/litoralsp\/2024\/08\/14\/familia-de-garcom-assassinado-nao-e-encontrada-e-donos-de-restaurante-pagam-enterro#primaryimage"},"thumbnailUrl":"https:\/\/redenoticiaz.com.br\/litoralsp\/wp-content\/uploads\/sites\/3\/2024\/08\/vdvdvd.jpg","keywords":["ENTERRO","FAM\u00cdLIA","gar\u00e7om"],"articleSection":["Pol\u00edcia","Santos"],"inLanguage":"pt-BR","potentialAction":[{"@type":"CommentAction","name":"Comment","target":["https:\/\/redenoticiaz.com.br\/litoralsp\/2024\/08\/14\/familia-de-garcom-assassinado-nao-e-encontrada-e-donos-de-restaurante-pagam-enterro#respond"]}]},{"@type":"WebPage","@id":"https:\/\/redenoticiaz.com.br\/litoralsp\/2024\/08\/14\/familia-de-garcom-assassinado-nao-e-encontrada-e-donos-de-restaurante-pagam-enterro","url":"https:\/\/redenoticiaz.com.br\/litoralsp\/2024\/08\/14\/familia-de-garcom-assassinado-nao-e-encontrada-e-donos-de-restaurante-pagam-enterro","name":"Fam\u00edlia de gar\u00e7om assassinado n\u00e3o \u00e9 encontrada e donos de restaurante pagam enterro - Litoral SP","isPartOf":{"@id":"https:\/\/redenoticiaz.com.br\/litoralsp\/#website"},"primaryImageOfPage":{"@id":"https:\/\/redenoticiaz.com.br\/litoralsp\/2024\/08\/14\/familia-de-garcom-assassinado-nao-e-encontrada-e-donos-de-restaurante-pagam-enterro#primaryimage"},"image":{"@id":"https:\/\/redenoticiaz.com.br\/litoralsp\/2024\/08\/14\/familia-de-garcom-assassinado-nao-e-encontrada-e-donos-de-restaurante-pagam-enterro#primaryimage"},"thumbnailUrl":"https:\/\/redenoticiaz.com.br\/litoralsp\/wp-content\/uploads\/sites\/3\/2024\/08\/vdvdvd.jpg","datePublished":"2024-08-14T22:00:48+00:00","description":"O gar\u00e7om ricardo santana dos santos, morto a tiros pelo tamb\u00e9m gar\u00e7om rafael pereira da silva dentro do restaurante onde trabalhavam em santos, foi enterrado na cidade sem a presen\u00e7a da fam\u00edlia.","inLanguage":"pt-BR","potentialAction":[{"@type":"ReadAction","target":["https:\/\/redenoticiaz.com.br\/litoralsp\/2024\/08\/14\/familia-de-garcom-assassinado-nao-e-encontrada-e-donos-de-restaurante-pagam-enterro"]}]},{"@type":"ImageObject","inLanguage":"pt-BR","@id":"https:\/\/redenoticiaz.com.br\/litoralsp\/2024\/08\/14\/familia-de-garcom-assassinado-nao-e-encontrada-e-donos-de-restaurante-pagam-enterro#primaryimage","url":"https:\/\/redenoticiaz.com.br\/litoralsp\/wp-content\/uploads\/sites\/3\/2024\/08\/vdvdvd.jpg","contentUrl":"https:\/\/redenoticiaz.com.br\/litoralsp\/wp-content\/uploads\/sites\/3\/2024\/08\/vdvdvd.jpg","width":568,"height":377},{"@type":"WebSite","@id":"https:\/\/redenoticiaz.com.br\/litoralsp\/#website","url":"https:\/\/redenoticiaz.com.br\/litoralsp\/","name":"Litoral SP","description":"Rede NoticiaZ","publisher":{"@id":"https:\/\/redenoticiaz.com.br\/litoralsp\/#organization"},"potentialAction":[{"@type":"SearchAction","target":{"@type":"EntryPoint","urlTemplate":"https:\/\/redenoticiaz.com.br\/litoralsp\/?s={search_term_string}"},"query-input":{"@type":"PropertyValueSpecification","valueRequired":true,"valueName":"search_term_string"}}],"inLanguage":"pt-BR"},{"@type":"Organization","@id":"https:\/\/redenoticiaz.com.br\/litoralsp\/#organization","name":"Litoral SP","url":"https:\/\/redenoticiaz.com.br\/litoralsp\/","logo":{"@type":"ImageObject","inLanguage":"pt-BR","@id":"https:\/\/redenoticiaz.com.br\/litoralsp\/#\/schema\/logo\/image\/","url":"https:\/\/redenoticiaz.com.br\/litoralsp\/wp-content\/uploads\/sites\/3\/2020\/11\/logo.jpg","contentUrl":"https:\/\/redenoticiaz.com.br\/litoralsp\/wp-content\/uploads\/sites\/3\/2020\/11\/logo.jpg","width":400,"height":250,"caption":"Litoral SP"},"image":{"@id":"https:\/\/redenoticiaz.com.br\/litoralsp\/#\/schema\/logo\/image\/"}},{"@type":"Person","@id":"https:\/\/redenoticiaz.com.br\/litoralsp\/#\/schema\/person\/16057b37a3c0ee6b096d7f887c566e2e","name":"Gustavo Silva","image":{"@type":"ImageObject","inLanguage":"pt-BR","@id":"https:\/\/secure.gravatar.com\/avatar\/3ee4e82f93b26de0a7cf4ea5eb7893da637ed6bb0c9170c58065944c56e28a33?s=96&d=mm&r=g","url":"https:\/\/secure.gravatar.com\/avatar\/3ee4e82f93b26de0a7cf4ea5eb7893da637ed6bb0c9170c58065944c56e28a33?s=96&d=mm&r=g","contentUrl":"https:\/\/secure.gravatar.com\/avatar\/3ee4e82f93b26de0a7cf4ea5eb7893da637ed6bb0c9170c58065944c56e28a33?s=96&d=mm&r=g","caption":"Gustavo Silva"},"url":"https:\/\/redenoticiaz.com.br\/litoralsp\/author\/gustavosilva"}]}},"_links":{"self":[{"href":"https:\/\/redenoticiaz.com.br\/litoralsp\/wp-json\/wp\/v2\/posts\/117714","targetHints":{"allow":["GET"]}}],"collection":[{"href":"https:\/\/redenoticiaz.com.br\/litoralsp\/wp-json\/wp\/v2\/posts"}],"about":[{"href":"https:\/\/redenoticiaz.com.br\/litoralsp\/wp-json\/wp\/v2\/types\/post"}],"author":[{"embeddable":true,"href":"https:\/\/redenoticiaz.com.br\/litoralsp\/wp-json\/wp\/v2\/users\/12"}],"replies":[{"embeddable":true,"href":"https:\/\/redenoticiaz.com.br\/litoralsp\/wp-json\/wp\/v2\/comments?post=117714"}],"version-history":[{"count":3,"href":"https:\/\/redenoticiaz.com.br\/litoralsp\/wp-json\/wp\/v2\/posts\/117714\/revisions"}],"predecessor-version":[{"id":117720,"href":"https:\/\/redenoticiaz.com.br\/litoralsp\/wp-json\/wp\/v2\/posts\/117714\/revisions\/117720"}],"wp:featuredmedia":[{"embeddable":true,"href":"https:\/\/redenoticiaz.com.br\/litoralsp\/wp-json\/wp\/v2\/media\/117715"}],"wp:attachment":[{"href":"https:\/\/redenoticiaz.com.br\/litoralsp\/wp-json\/wp\/v2\/media?parent=117714"}],"wp:term":[{"taxonomy":"category","embeddable":true,"href":"https:\/\/redenoticiaz.com.br\/litoralsp\/wp-json\/wp\/v2\/categories?post=117714"},{"taxonomy":"post_tag","embeddable":true,"href":"https:\/\/redenoticiaz.com.br\/litoralsp\/wp-json\/wp\/v2\/tags?post=117714"}],"curies":[{"name":"wp","href":"https:\/\/api.w.org\/{rel}","templated":true}]}}