{"id":117741,"date":"2024-08-15T18:30:01","date_gmt":"2024-08-15T21:30:01","guid":{"rendered":"https:\/\/redenoticiaz.com.br\/litoralsp\/?p=117741"},"modified":"2024-08-15T17:31:58","modified_gmt":"2024-08-15T20:31:58","slug":"iml-conclui-identificacao-das-vitimas-do-acidente-aereo-em-vinhedo","status":"publish","type":"post","link":"https:\/\/redenoticiaz.com.br\/litoralsp\/2024\/08\/15\/iml-conclui-identificacao-das-vitimas-do-acidente-aereo-em-vinhedo","title":{"rendered":"IML conclui identifica\u00e7\u00e3o das v\u00edtimas do acidente a\u00e9reo em Vinhedo"},"content":{"rendered":"<div class=\"post-item-wrap\">\n<p>O Instituto M\u00e9dico Legal de S\u00e3o Paulo informou, nesta quinta-feira (15), que identificou os corpos de todas as 62 v\u00edtimas do acidente a\u00e9reo com o avi\u00e3o da Voepass. A aeronave caiu na \u00faltima sexta-feira (9), em Vinhedo (SP), e n\u00e3o deixou sobreviventes. At\u00e9 o momento, 42 corpos foram liberados aos familiares.<\/p>\n<p>Segundo o IML, para identificar as v\u00edtimas, os m\u00e9dicos-legistas usaram o reconhecimento digital na maioria dos corpos, e, em alguns casos, o hist\u00f3rico odontol\u00f3gico. N\u00e3o foi preciso realizar exames de reconhecimento de comprova\u00e7\u00e3o biol\u00f3gica por meio de DNA.<\/p>\n<p>&#8220;Toda identifica\u00e7\u00e3o prescindiu do exame complementar de DNA, porque essa\u00a0<em>expertise<\/em>\u00a0propiciou que os dados de encontro pericial nos corpos fossem objetivamente comparados com os dados preexistentes, sejam planilhas datilosc\u00f3picas ou imagens radiol\u00f3gicas pr\u00e9vias que essas v\u00edtimas j\u00e1 possu\u00edam&#8221;, informou o superintendente da Pol\u00edcia T\u00e9cnico-Cient\u00edfica, Claudinei Salom\u00e3o.<\/p>\n<p>A identifica\u00e7\u00e3o das v\u00edtimas do acidente a\u00e9reo foi feita exclusivamente no IML Central de S\u00e3o Paulo por cerca de 40 profissionais entre m\u00e9dicos e equipes de odontologia legal, antropologia e radiologia, com apoio de equipes do Instituto de Identifica\u00e7\u00e3o Ricardo Gumbleton Daunt (IIRGD).<\/p>\n<p>Leia mais<\/p>\n<p><a href=\"https:\/\/redenoticiaz.com.br\/blog\/2024\/08\/15\/aviao-de-pequeno-porte-cai-e-deixa-cinco-mortos-em-mato-grosso\">Avi\u00e3o de pequeno porte cai e deixa cinco mortos em Mato Grosso<\/a><\/p>\n<p><a href=\"https:\/\/redenoticiaz.com.br\/blog\/2024\/08\/15\/saude-negocia-compra-de-25-mil-doses-de-vacina-contra-mpox\">Sa\u00fade negocia compra de 25 mil doses de vacina contra mpox<\/a><\/p>\n<\/div>\n","protected":false},"excerpt":{"rendered":"<p>O Instituto M\u00e9dico Legal de S\u00e3o Paulo informou, nesta quinta-feira (15), que identificou os corpos de todas as 62 v\u00edtimas do acidente a\u00e9reo com o avi\u00e3o da Voepass. A aeronave caiu na \u00faltima sexta-feira (9), em Vinhedo (SP), e n\u00e3o deixou sobreviventes. At\u00e9 o momento, 42 corpos foram liberados aos familiares. Segundo o IML, para &hellip;<\/p>\n","protected":false},"author":12,"featured_media":117679,"comment_status":"open","ping_status":"closed","sticky":false,"template":"","format":"standard","meta":{"footnotes":""},"categories":[22,10],"tags":[8488,59086,9841],"class_list":["post-117741","post","type-post","status-publish","format-standard","has-post-thumbnail","hentry","category-justica","category-policia","tag-aviao","tag-dna","tag-iml"],"yoast_head":"<!-- This site is optimized with the Yoast SEO plugin v27.4 - https:\/\/yoast.com\/product\/yoast-seo-wordpress\/ -->\n<title>IML conclui identifica\u00e7\u00e3o das v\u00edtimas do acidente a\u00e9reo em Vinhedo - Litoral SP<\/title>\n<meta name=\"description\" content=\"O Instituto M\u00e9dico Legal de S\u00e3o Paulo informou, nesta quinta-feira (15), que identificou os corpos de todas as 62 v\u00edtimas do acidente a\u00e9reo com o avi\u00e3o da Voepass.\" \/>\n<meta name=\"robots\" content=\"index, follow, max-snippet:-1, max-image-preview:large, max-video-preview:-1\" \/>\n<link rel=\"canonical\" href=\"https:\/\/redenoticiaz.com.br\/litoralsp\/2024\/08\/15\/iml-conclui-identificacao-das-vitimas-do-acidente-aereo-em-vinhedo\" \/>\n<meta property=\"og:locale\" content=\"pt_BR\" \/>\n<meta property=\"og:type\" content=\"article\" \/>\n<meta property=\"og:title\" content=\"IML conclui identifica\u00e7\u00e3o das v\u00edtimas do acidente a\u00e9reo em Vinhedo - Litoral SP\" \/>\n<meta property=\"og:description\" content=\"O Instituto M\u00e9dico Legal de S\u00e3o Paulo informou, nesta quinta-feira (15), que identificou os corpos de todas as 62 v\u00edtimas do acidente a\u00e9reo com o avi\u00e3o da Voepass.\" \/>\n<meta property=\"og:url\" content=\"https:\/\/redenoticiaz.com.br\/litoralsp\/2024\/08\/15\/iml-conclui-identificacao-das-vitimas-do-acidente-aereo-em-vinhedo\" \/>\n<meta property=\"og:site_name\" content=\"Litoral SP\" \/>\n<meta property=\"article:published_time\" content=\"2024-08-15T21:30:01+00:00\" \/>\n<meta property=\"og:image\" content=\"https:\/\/redenoticiaz.com.br\/litoralsp\/wp-content\/uploads\/sites\/3\/2024\/08\/Captura-de-tela-2024-08-13-123708.png?v=1723563459\" \/>\n\t<meta property=\"og:image:width\" content=\"382\" \/>\n\t<meta property=\"og:image:height\" content=\"434\" \/>\n\t<meta property=\"og:image:type\" content=\"image\/png\" \/>\n<meta name=\"author\" content=\"Gustavo Silva\" \/>\n<meta name=\"twitter:card\" content=\"summary_large_image\" \/>\n<meta name=\"twitter:label1\" content=\"Escrito por\" \/>\n\t<meta name=\"twitter:data1\" content=\"Gustavo Silva\" \/>\n\t<meta name=\"twitter:label2\" content=\"Est. tempo de leitura\" \/>\n\t<meta name=\"twitter:data2\" content=\"2 minutos\" \/>\n<script type=\"application\/ld+json\" class=\"yoast-schema-graph\">{\"@context\":\"https:\\\/\\\/schema.org\",\"@graph\":[{\"@type\":\"Article\",\"@id\":\"https:\\\/\\\/redenoticiaz.com.br\\\/litoralsp\\\/2024\\\/08\\\/15\\\/iml-conclui-identificacao-das-vitimas-do-acidente-aereo-em-vinhedo#article\",\"isPartOf\":{\"@id\":\"https:\\\/\\\/redenoticiaz.com.br\\\/litoralsp\\\/2024\\\/08\\\/15\\\/iml-conclui-identificacao-das-vitimas-do-acidente-aereo-em-vinhedo\"},\"author\":{\"name\":\"Gustavo Silva\",\"@id\":\"https:\\\/\\\/redenoticiaz.com.br\\\/litoralsp\\\/#\\\/schema\\\/person\\\/16057b37a3c0ee6b096d7f887c566e2e\"},\"headline\":\"IML conclui identifica\u00e7\u00e3o das v\u00edtimas do acidente a\u00e9reo em Vinhedo\",\"datePublished\":\"2024-08-15T21:30:01+00:00\",\"mainEntityOfPage\":{\"@id\":\"https:\\\/\\\/redenoticiaz.com.br\\\/litoralsp\\\/2024\\\/08\\\/15\\\/iml-conclui-identificacao-das-vitimas-do-acidente-aereo-em-vinhedo\"},\"wordCount\":242,\"commentCount\":0,\"publisher\":{\"@id\":\"https:\\\/\\\/redenoticiaz.com.br\\\/litoralsp\\\/#organization\"},\"image\":{\"@id\":\"https:\\\/\\\/redenoticiaz.com.br\\\/litoralsp\\\/2024\\\/08\\\/15\\\/iml-conclui-identificacao-das-vitimas-do-acidente-aereo-em-vinhedo#primaryimage\"},\"thumbnailUrl\":\"https:\\\/\\\/redenoticiaz.com.br\\\/litoralsp\\\/wp-content\\\/uploads\\\/sites\\\/3\\\/2024\\\/08\\\/Captura-de-tela-2024-08-13-123708.png?v=1723563459\",\"keywords\":[\"AVI\u00c3O\",\"dna\",\"IML\"],\"articleSection\":[\"Justi\u00e7a\",\"Pol\u00edcia\"],\"inLanguage\":\"pt-BR\",\"potentialAction\":[{\"@type\":\"CommentAction\",\"name\":\"Comment\",\"target\":[\"https:\\\/\\\/redenoticiaz.com.br\\\/litoralsp\\\/2024\\\/08\\\/15\\\/iml-conclui-identificacao-das-vitimas-do-acidente-aereo-em-vinhedo#respond\"]}]},{\"@type\":\"WebPage\",\"@id\":\"https:\\\/\\\/redenoticiaz.com.br\\\/litoralsp\\\/2024\\\/08\\\/15\\\/iml-conclui-identificacao-das-vitimas-do-acidente-aereo-em-vinhedo\",\"url\":\"https:\\\/\\\/redenoticiaz.com.br\\\/litoralsp\\\/2024\\\/08\\\/15\\\/iml-conclui-identificacao-das-vitimas-do-acidente-aereo-em-vinhedo\",\"name\":\"IML conclui identifica\u00e7\u00e3o das v\u00edtimas do acidente a\u00e9reo em Vinhedo - Litoral SP\",\"isPartOf\":{\"@id\":\"https:\\\/\\\/redenoticiaz.com.br\\\/litoralsp\\\/#website\"},\"primaryImageOfPage\":{\"@id\":\"https:\\\/\\\/redenoticiaz.com.br\\\/litoralsp\\\/2024\\\/08\\\/15\\\/iml-conclui-identificacao-das-vitimas-do-acidente-aereo-em-vinhedo#primaryimage\"},\"image\":{\"@id\":\"https:\\\/\\\/redenoticiaz.com.br\\\/litoralsp\\\/2024\\\/08\\\/15\\\/iml-conclui-identificacao-das-vitimas-do-acidente-aereo-em-vinhedo#primaryimage\"},\"thumbnailUrl\":\"https:\\\/\\\/redenoticiaz.com.br\\\/litoralsp\\\/wp-content\\\/uploads\\\/sites\\\/3\\\/2024\\\/08\\\/Captura-de-tela-2024-08-13-123708.png?v=1723563459\",\"datePublished\":\"2024-08-15T21:30:01+00:00\",\"description\":\"O Instituto M\u00e9dico Legal de S\u00e3o Paulo informou, nesta quinta-feira (15), que identificou os corpos de todas as 62 v\u00edtimas do acidente a\u00e9reo com o avi\u00e3o da Voepass.\",\"inLanguage\":\"pt-BR\",\"potentialAction\":[{\"@type\":\"ReadAction\",\"target\":[\"https:\\\/\\\/redenoticiaz.com.br\\\/litoralsp\\\/2024\\\/08\\\/15\\\/iml-conclui-identificacao-das-vitimas-do-acidente-aereo-em-vinhedo\"]}]},{\"@type\":\"ImageObject\",\"inLanguage\":\"pt-BR\",\"@id\":\"https:\\\/\\\/redenoticiaz.com.br\\\/litoralsp\\\/2024\\\/08\\\/15\\\/iml-conclui-identificacao-das-vitimas-do-acidente-aereo-em-vinhedo#primaryimage\",\"url\":\"https:\\\/\\\/redenoticiaz.com.br\\\/litoralsp\\\/wp-content\\\/uploads\\\/sites\\\/3\\\/2024\\\/08\\\/Captura-de-tela-2024-08-13-123708.png?v=1723563459\",\"contentUrl\":\"https:\\\/\\\/redenoticiaz.com.br\\\/litoralsp\\\/wp-content\\\/uploads\\\/sites\\\/3\\\/2024\\\/08\\\/Captura-de-tela-2024-08-13-123708.png?v=1723563459\",\"width\":382,\"height\":434},{\"@type\":\"WebSite\",\"@id\":\"https:\\\/\\\/redenoticiaz.com.br\\\/litoralsp\\\/#website\",\"url\":\"https:\\\/\\\/redenoticiaz.com.br\\\/litoralsp\\\/\",\"name\":\"Litoral SP\",\"description\":\"Rede NoticiaZ\",\"publisher\":{\"@id\":\"https:\\\/\\\/redenoticiaz.com.br\\\/litoralsp\\\/#organization\"},\"potentialAction\":[{\"@type\":\"SearchAction\",\"target\":{\"@type\":\"EntryPoint\",\"urlTemplate\":\"https:\\\/\\\/redenoticiaz.com.br\\\/litoralsp\\\/?s={search_term_string}\"},\"query-input\":{\"@type\":\"PropertyValueSpecification\",\"valueRequired\":true,\"valueName\":\"search_term_string\"}}],\"inLanguage\":\"pt-BR\"},{\"@type\":\"Organization\",\"@id\":\"https:\\\/\\\/redenoticiaz.com.br\\\/litoralsp\\\/#organization\",\"name\":\"Litoral SP\",\"url\":\"https:\\\/\\\/redenoticiaz.com.br\\\/litoralsp\\\/\",\"logo\":{\"@type\":\"ImageObject\",\"inLanguage\":\"pt-BR\",\"@id\":\"https:\\\/\\\/redenoticiaz.com.br\\\/litoralsp\\\/#\\\/schema\\\/logo\\\/image\\\/\",\"url\":\"https:\\\/\\\/redenoticiaz.com.br\\\/litoralsp\\\/wp-content\\\/uploads\\\/sites\\\/3\\\/2020\\\/11\\\/logo.jpg\",\"contentUrl\":\"https:\\\/\\\/redenoticiaz.com.br\\\/litoralsp\\\/wp-content\\\/uploads\\\/sites\\\/3\\\/2020\\\/11\\\/logo.jpg\",\"width\":400,\"height\":250,\"caption\":\"Litoral SP\"},\"image\":{\"@id\":\"https:\\\/\\\/redenoticiaz.com.br\\\/litoralsp\\\/#\\\/schema\\\/logo\\\/image\\\/\"}},{\"@type\":\"Person\",\"@id\":\"https:\\\/\\\/redenoticiaz.com.br\\\/litoralsp\\\/#\\\/schema\\\/person\\\/16057b37a3c0ee6b096d7f887c566e2e\",\"name\":\"Gustavo Silva\",\"image\":{\"@type\":\"ImageObject\",\"inLanguage\":\"pt-BR\",\"@id\":\"https:\\\/\\\/secure.gravatar.com\\\/avatar\\\/3ee4e82f93b26de0a7cf4ea5eb7893da637ed6bb0c9170c58065944c56e28a33?s=96&d=mm&r=g\",\"url\":\"https:\\\/\\\/secure.gravatar.com\\\/avatar\\\/3ee4e82f93b26de0a7cf4ea5eb7893da637ed6bb0c9170c58065944c56e28a33?s=96&d=mm&r=g\",\"contentUrl\":\"https:\\\/\\\/secure.gravatar.com\\\/avatar\\\/3ee4e82f93b26de0a7cf4ea5eb7893da637ed6bb0c9170c58065944c56e28a33?s=96&d=mm&r=g\",\"caption\":\"Gustavo Silva\"},\"url\":\"https:\\\/\\\/redenoticiaz.com.br\\\/litoralsp\\\/author\\\/gustavosilva\"}]}<\/script>\n<!-- \/ Yoast SEO plugin. -->","yoast_head_json":{"title":"IML conclui identifica\u00e7\u00e3o das v\u00edtimas do acidente a\u00e9reo em Vinhedo - Litoral SP","description":"O Instituto M\u00e9dico Legal de S\u00e3o Paulo informou, nesta quinta-feira (15), que identificou os corpos de todas as 62 v\u00edtimas do acidente a\u00e9reo com o avi\u00e3o da Voepass.","robots":{"index":"index","follow":"follow","max-snippet":"max-snippet:-1","max-image-preview":"max-image-preview:large","max-video-preview":"max-video-preview:-1"},"canonical":"https:\/\/redenoticiaz.com.br\/litoralsp\/2024\/08\/15\/iml-conclui-identificacao-das-vitimas-do-acidente-aereo-em-vinhedo","og_locale":"pt_BR","og_type":"article","og_title":"IML conclui identifica\u00e7\u00e3o das v\u00edtimas do acidente a\u00e9reo em Vinhedo - Litoral SP","og_description":"O Instituto M\u00e9dico Legal de S\u00e3o Paulo informou, nesta quinta-feira (15), que identificou os corpos de todas as 62 v\u00edtimas do acidente a\u00e9reo com o avi\u00e3o da Voepass.","og_url":"https:\/\/redenoticiaz.com.br\/litoralsp\/2024\/08\/15\/iml-conclui-identificacao-das-vitimas-do-acidente-aereo-em-vinhedo","og_site_name":"Litoral SP","article_published_time":"2024-08-15T21:30:01+00:00","og_image":[{"width":382,"height":434,"url":"https:\/\/redenoticiaz.com.br\/litoralsp\/wp-content\/uploads\/sites\/3\/2024\/08\/Captura-de-tela-2024-08-13-123708.png?v=1723563459","type":"image\/png"}],"author":"Gustavo Silva","twitter_card":"summary_large_image","twitter_misc":{"Escrito por":"Gustavo Silva","Est. tempo de leitura":"2 minutos"},"schema":{"@context":"https:\/\/schema.org","@graph":[{"@type":"Article","@id":"https:\/\/redenoticiaz.com.br\/litoralsp\/2024\/08\/15\/iml-conclui-identificacao-das-vitimas-do-acidente-aereo-em-vinhedo#article","isPartOf":{"@id":"https:\/\/redenoticiaz.com.br\/litoralsp\/2024\/08\/15\/iml-conclui-identificacao-das-vitimas-do-acidente-aereo-em-vinhedo"},"author":{"name":"Gustavo Silva","@id":"https:\/\/redenoticiaz.com.br\/litoralsp\/#\/schema\/person\/16057b37a3c0ee6b096d7f887c566e2e"},"headline":"IML conclui identifica\u00e7\u00e3o das v\u00edtimas do acidente a\u00e9reo em Vinhedo","datePublished":"2024-08-15T21:30:01+00:00","mainEntityOfPage":{"@id":"https:\/\/redenoticiaz.com.br\/litoralsp\/2024\/08\/15\/iml-conclui-identificacao-das-vitimas-do-acidente-aereo-em-vinhedo"},"wordCount":242,"commentCount":0,"publisher":{"@id":"https:\/\/redenoticiaz.com.br\/litoralsp\/#organization"},"image":{"@id":"https:\/\/redenoticiaz.com.br\/litoralsp\/2024\/08\/15\/iml-conclui-identificacao-das-vitimas-do-acidente-aereo-em-vinhedo#primaryimage"},"thumbnailUrl":"https:\/\/redenoticiaz.com.br\/litoralsp\/wp-content\/uploads\/sites\/3\/2024\/08\/Captura-de-tela-2024-08-13-123708.png?v=1723563459","keywords":["AVI\u00c3O","dna","IML"],"articleSection":["Justi\u00e7a","Pol\u00edcia"],"inLanguage":"pt-BR","potentialAction":[{"@type":"CommentAction","name":"Comment","target":["https:\/\/redenoticiaz.com.br\/litoralsp\/2024\/08\/15\/iml-conclui-identificacao-das-vitimas-do-acidente-aereo-em-vinhedo#respond"]}]},{"@type":"WebPage","@id":"https:\/\/redenoticiaz.com.br\/litoralsp\/2024\/08\/15\/iml-conclui-identificacao-das-vitimas-do-acidente-aereo-em-vinhedo","url":"https:\/\/redenoticiaz.com.br\/litoralsp\/2024\/08\/15\/iml-conclui-identificacao-das-vitimas-do-acidente-aereo-em-vinhedo","name":"IML conclui identifica\u00e7\u00e3o das v\u00edtimas do acidente a\u00e9reo em Vinhedo - Litoral SP","isPartOf":{"@id":"https:\/\/redenoticiaz.com.br\/litoralsp\/#website"},"primaryImageOfPage":{"@id":"https:\/\/redenoticiaz.com.br\/litoralsp\/2024\/08\/15\/iml-conclui-identificacao-das-vitimas-do-acidente-aereo-em-vinhedo#primaryimage"},"image":{"@id":"https:\/\/redenoticiaz.com.br\/litoralsp\/2024\/08\/15\/iml-conclui-identificacao-das-vitimas-do-acidente-aereo-em-vinhedo#primaryimage"},"thumbnailUrl":"https:\/\/redenoticiaz.com.br\/litoralsp\/wp-content\/uploads\/sites\/3\/2024\/08\/Captura-de-tela-2024-08-13-123708.png?v=1723563459","datePublished":"2024-08-15T21:30:01+00:00","description":"O Instituto M\u00e9dico Legal de S\u00e3o Paulo informou, nesta quinta-feira (15), que identificou os corpos de todas as 62 v\u00edtimas do acidente a\u00e9reo com o avi\u00e3o da Voepass.","inLanguage":"pt-BR","potentialAction":[{"@type":"ReadAction","target":["https:\/\/redenoticiaz.com.br\/litoralsp\/2024\/08\/15\/iml-conclui-identificacao-das-vitimas-do-acidente-aereo-em-vinhedo"]}]},{"@type":"ImageObject","inLanguage":"pt-BR","@id":"https:\/\/redenoticiaz.com.br\/litoralsp\/2024\/08\/15\/iml-conclui-identificacao-das-vitimas-do-acidente-aereo-em-vinhedo#primaryimage","url":"https:\/\/redenoticiaz.com.br\/litoralsp\/wp-content\/uploads\/sites\/3\/2024\/08\/Captura-de-tela-2024-08-13-123708.png?v=1723563459","contentUrl":"https:\/\/redenoticiaz.com.br\/litoralsp\/wp-content\/uploads\/sites\/3\/2024\/08\/Captura-de-tela-2024-08-13-123708.png?v=1723563459","width":382,"height":434},{"@type":"WebSite","@id":"https:\/\/redenoticiaz.com.br\/litoralsp\/#website","url":"https:\/\/redenoticiaz.com.br\/litoralsp\/","name":"Litoral SP","description":"Rede NoticiaZ","publisher":{"@id":"https:\/\/redenoticiaz.com.br\/litoralsp\/#organization"},"potentialAction":[{"@type":"SearchAction","target":{"@type":"EntryPoint","urlTemplate":"https:\/\/redenoticiaz.com.br\/litoralsp\/?s={search_term_string}"},"query-input":{"@type":"PropertyValueSpecification","valueRequired":true,"valueName":"search_term_string"}}],"inLanguage":"pt-BR"},{"@type":"Organization","@id":"https:\/\/redenoticiaz.com.br\/litoralsp\/#organization","name":"Litoral SP","url":"https:\/\/redenoticiaz.com.br\/litoralsp\/","logo":{"@type":"ImageObject","inLanguage":"pt-BR","@id":"https:\/\/redenoticiaz.com.br\/litoralsp\/#\/schema\/logo\/image\/","url":"https:\/\/redenoticiaz.com.br\/litoralsp\/wp-content\/uploads\/sites\/3\/2020\/11\/logo.jpg","contentUrl":"https:\/\/redenoticiaz.com.br\/litoralsp\/wp-content\/uploads\/sites\/3\/2020\/11\/logo.jpg","width":400,"height":250,"caption":"Litoral SP"},"image":{"@id":"https:\/\/redenoticiaz.com.br\/litoralsp\/#\/schema\/logo\/image\/"}},{"@type":"Person","@id":"https:\/\/redenoticiaz.com.br\/litoralsp\/#\/schema\/person\/16057b37a3c0ee6b096d7f887c566e2e","name":"Gustavo Silva","image":{"@type":"ImageObject","inLanguage":"pt-BR","@id":"https:\/\/secure.gravatar.com\/avatar\/3ee4e82f93b26de0a7cf4ea5eb7893da637ed6bb0c9170c58065944c56e28a33?s=96&d=mm&r=g","url":"https:\/\/secure.gravatar.com\/avatar\/3ee4e82f93b26de0a7cf4ea5eb7893da637ed6bb0c9170c58065944c56e28a33?s=96&d=mm&r=g","contentUrl":"https:\/\/secure.gravatar.com\/avatar\/3ee4e82f93b26de0a7cf4ea5eb7893da637ed6bb0c9170c58065944c56e28a33?s=96&d=mm&r=g","caption":"Gustavo Silva"},"url":"https:\/\/redenoticiaz.com.br\/litoralsp\/author\/gustavosilva"}]}},"_links":{"self":[{"href":"https:\/\/redenoticiaz.com.br\/litoralsp\/wp-json\/wp\/v2\/posts\/117741","targetHints":{"allow":["GET"]}}],"collection":[{"href":"https:\/\/redenoticiaz.com.br\/litoralsp\/wp-json\/wp\/v2\/posts"}],"about":[{"href":"https:\/\/redenoticiaz.com.br\/litoralsp\/wp-json\/wp\/v2\/types\/post"}],"author":[{"embeddable":true,"href":"https:\/\/redenoticiaz.com.br\/litoralsp\/wp-json\/wp\/v2\/users\/12"}],"replies":[{"embeddable":true,"href":"https:\/\/redenoticiaz.com.br\/litoralsp\/wp-json\/wp\/v2\/comments?post=117741"}],"version-history":[{"count":1,"href":"https:\/\/redenoticiaz.com.br\/litoralsp\/wp-json\/wp\/v2\/posts\/117741\/revisions"}],"predecessor-version":[{"id":117753,"href":"https:\/\/redenoticiaz.com.br\/litoralsp\/wp-json\/wp\/v2\/posts\/117741\/revisions\/117753"}],"wp:featuredmedia":[{"embeddable":true,"href":"https:\/\/redenoticiaz.com.br\/litoralsp\/wp-json\/wp\/v2\/media\/117679"}],"wp:attachment":[{"href":"https:\/\/redenoticiaz.com.br\/litoralsp\/wp-json\/wp\/v2\/media?parent=117741"}],"wp:term":[{"taxonomy":"category","embeddable":true,"href":"https:\/\/redenoticiaz.com.br\/litoralsp\/wp-json\/wp\/v2\/categories?post=117741"},{"taxonomy":"post_tag","embeddable":true,"href":"https:\/\/redenoticiaz.com.br\/litoralsp\/wp-json\/wp\/v2\/tags?post=117741"}],"curies":[{"name":"wp","href":"https:\/\/api.w.org\/{rel}","templated":true}]}}