{"id":117852,"date":"2024-08-25T09:00:03","date_gmt":"2024-08-25T12:00:03","guid":{"rendered":"https:\/\/redenoticiaz.com.br\/litoralsp\/?p=117852"},"modified":"2024-08-22T11:40:54","modified_gmt":"2024-08-22T14:40:54","slug":"festa-de-barretos-goias-se-destaca-com-cora-pamonha-e-cachaca","status":"publish","type":"post","link":"https:\/\/redenoticiaz.com.br\/litoralsp\/2024\/08\/25\/festa-de-barretos-goias-se-destaca-com-cora-pamonha-e-cachaca","title":{"rendered":"Festa de Barretos: Goi\u00e1s se destaca com Cora, pamonha e cacha\u00e7a"},"content":{"rendered":"<p>Com estande ao lado da roda gigante e em frente ao palco Culturando, o estado de Goi\u00e1s tem sido destaque na 69\u00aa Festa do Pe\u00e3o de Barretos, que teve in\u00edcio no dia 15 e vai at\u00e9 dia 25.<\/p>\n<p>As pe\u00e7as de artesanato com poemas de Cora Coralina, natural da antiga Vila Boa, tombada Patrim\u00f4nio Mundial pela Unesco, est\u00e3o entre os artigos que encantam os visitantes. S\u00e3o quadros e almofadas com versos de Cora bordados em fina estampa.<\/p>\n<p>Na noite de domingo teve \u201cfila da pamonha\u201d, resposta a outro atrativo que s\u00e3o as degusta\u00e7\u00f5es da culin\u00e1ria de Goi\u00e1s, oferecida de hora em hora, surpreendendo assim como as cacha\u00e7as goianas que est\u00e3o apresentadas no espa\u00e7o.<\/p>\n<p>Pastelinho da Cidade de Goi\u00e1s, doces de Ner\u00f3polis, queijos de Piren\u00f3polis, flor de coco, cervejas artesanais; um rol de produtos da culin\u00e1ria do estado faz com que os pr\u00f3prios visitantes divulguem Goi\u00e1s na festa e voltem com os \u201ccuriosos\u201d das tradi\u00e7\u00f5es goianas. Destaque para a cerveja de mandioca, fruto de uma pol\u00edtica p\u00fablica do governo do estado que incentivou a produ\u00e7\u00e3o junto a cervejarias e ainda beneficiou diretamente a agricultura familiar, produtora de insumos.<\/p>\n<div id='gallery-1' class='gallery galleryid-117852 gallery-columns-3 gallery-size-medium'><figure class='gallery-item'>\n\t\t\t<div class='gallery-icon landscape'>\n\t\t\t\t<a href='https:\/\/redenoticiaz.com.br\/litoralsp\/2024\/08\/25\/festa-de-barretos-goias-se-destaca-com-cora-pamonha-e-cachaca\/whatsapp-image-2024-08-21-at-19-58-04-3'><img loading=\"lazy\" decoding=\"async\" width=\"300\" height=\"169\" src=\"https:\/\/redenoticiaz.com.br\/litoralsp\/wp-content\/uploads\/sites\/3\/2024\/08\/WhatsApp-Image-2024-08-21-at-19.58.04-3-300x169.jpeg?v=1724337233\" class=\"attachment-medium size-medium\" alt=\"\" srcset=\"https:\/\/redenoticiaz.com.br\/litoralsp\/wp-content\/uploads\/sites\/3\/2024\/08\/WhatsApp-Image-2024-08-21-at-19.58.04-3-300x169.jpeg?v=1724337233 300w, https:\/\/redenoticiaz.com.br\/litoralsp\/wp-content\/uploads\/sites\/3\/2024\/08\/WhatsApp-Image-2024-08-21-at-19.58.04-3-1024x576.jpeg?v=1724337233 1024w, https:\/\/redenoticiaz.com.br\/litoralsp\/wp-content\/uploads\/sites\/3\/2024\/08\/WhatsApp-Image-2024-08-21-at-19.58.04-3-768x432.jpeg?v=1724337233 768w, https:\/\/redenoticiaz.com.br\/litoralsp\/wp-content\/uploads\/sites\/3\/2024\/08\/WhatsApp-Image-2024-08-21-at-19.58.04-3-1536x864.jpeg?v=1724337233 1536w, https:\/\/redenoticiaz.com.br\/litoralsp\/wp-content\/uploads\/sites\/3\/2024\/08\/WhatsApp-Image-2024-08-21-at-19.58.04-3-390x220.jpeg?v=1724337233 390w, https:\/\/redenoticiaz.com.br\/litoralsp\/wp-content\/uploads\/sites\/3\/2024\/08\/WhatsApp-Image-2024-08-21-at-19.58.04-3.jpeg?v=1724337233 1600w\" sizes=\"auto, (max-width: 300px) 100vw, 300px\" \/><\/a>\n\t\t\t<\/div><\/figure><figure class='gallery-item'>\n\t\t\t<div class='gallery-icon landscape'>\n\t\t\t\t<a href='https:\/\/redenoticiaz.com.br\/litoralsp\/2024\/08\/25\/festa-de-barretos-goias-se-destaca-com-cora-pamonha-e-cachaca\/whatsapp-image-2024-08-21-at-19-58-04-2'><img loading=\"lazy\" decoding=\"async\" width=\"300\" height=\"200\" src=\"https:\/\/redenoticiaz.com.br\/litoralsp\/wp-content\/uploads\/sites\/3\/2024\/08\/WhatsApp-Image-2024-08-21-at-19.58.04-2-scaled-300x200.jpeg?v=1724337240\" class=\"attachment-medium size-medium\" alt=\"\" srcset=\"https:\/\/redenoticiaz.com.br\/litoralsp\/wp-content\/uploads\/sites\/3\/2024\/08\/WhatsApp-Image-2024-08-21-at-19.58.04-2-scaled-300x200.jpeg?v=1724337240 300w, https:\/\/redenoticiaz.com.br\/litoralsp\/wp-content\/uploads\/sites\/3\/2024\/08\/WhatsApp-Image-2024-08-21-at-19.58.04-2-scaled-1024x683.jpeg?v=1724337240 1024w, https:\/\/redenoticiaz.com.br\/litoralsp\/wp-content\/uploads\/sites\/3\/2024\/08\/WhatsApp-Image-2024-08-21-at-19.58.04-2-scaled-768x512.jpeg?v=1724337240 768w, https:\/\/redenoticiaz.com.br\/litoralsp\/wp-content\/uploads\/sites\/3\/2024\/08\/WhatsApp-Image-2024-08-21-at-19.58.04-2-scaled-1536x1025.jpeg?v=1724337240 1536w, https:\/\/redenoticiaz.com.br\/litoralsp\/wp-content\/uploads\/sites\/3\/2024\/08\/WhatsApp-Image-2024-08-21-at-19.58.04-2-scaled.jpeg?v=1724337240 1619w\" sizes=\"auto, (max-width: 300px) 100vw, 300px\" \/><\/a>\n\t\t\t<\/div><\/figure><figure class='gallery-item'>\n\t\t\t<div class='gallery-icon portrait'>\n\t\t\t\t<a href='https:\/\/redenoticiaz.com.br\/litoralsp\/2024\/08\/25\/festa-de-barretos-goias-se-destaca-com-cora-pamonha-e-cachaca\/whatsapp-image-2024-08-21-at-19-58-04'><img loading=\"lazy\" decoding=\"async\" width=\"225\" height=\"300\" src=\"https:\/\/redenoticiaz.com.br\/litoralsp\/wp-content\/uploads\/sites\/3\/2024\/08\/WhatsApp-Image-2024-08-21-at-19.58.04-225x300.jpeg?v=1724337245\" class=\"attachment-medium size-medium\" alt=\"\" srcset=\"https:\/\/redenoticiaz.com.br\/litoralsp\/wp-content\/uploads\/sites\/3\/2024\/08\/WhatsApp-Image-2024-08-21-at-19.58.04-225x300.jpeg?v=1724337245 225w, https:\/\/redenoticiaz.com.br\/litoralsp\/wp-content\/uploads\/sites\/3\/2024\/08\/WhatsApp-Image-2024-08-21-at-19.58.04-768x1024.jpeg?v=1724337245 768w, https:\/\/redenoticiaz.com.br\/litoralsp\/wp-content\/uploads\/sites\/3\/2024\/08\/WhatsApp-Image-2024-08-21-at-19.58.04.jpeg?v=1724337245 810w\" sizes=\"auto, (max-width: 225px) 100vw, 225px\" \/><\/a>\n\t\t\t<\/div><\/figure>\n\t\t<\/div>\n\n<p>Os atrativos tur\u00edsticos complementam a receita que coloca Goi\u00e1s em evid\u00eancia na lista de lugares para conhecer. Com o passaporte goiano em m\u00e3os, o p\u00fablico de Barretos conhece um raio-X do estado de Goi\u00e1s com suas cachoeiras, praias, cidades hist\u00f3ricas e todas as regi\u00f5es que enchem os olhos de quem gosta de viajar e viver novas experi\u00eancias.<\/p>\n<p>Leia mais<\/p>\n<p><a href=\"https:\/\/redenoticiaz.com.br\/blog\/2024\/08\/15\/goias-e-destaque-na-festa-do-peao-de-barretos-2024\">Goi\u00e1s \u00e9 destaque na Festa do Pe\u00e3o de Barretos 2024<\/a><\/p>\n<p><a href=\"https:\/\/redenoticiaz.com.br\/blog\/2023\/05\/14\/barretos-ira-intensificar-fiscalizacao-da-area-azul-na-cidade\">Alison dos Santos e Matheus Lima v\u00e3o \u00e0 semi dos 400m com barreiras<\/a><\/p>\n","protected":false},"excerpt":{"rendered":"<p>Com estande ao lado da roda gigante e em frente ao palco Culturando, o estado de Goi\u00e1s tem sido destaque na 69\u00aa Festa do Pe\u00e3o de Barretos, que teve in\u00edcio no dia 15 e vai at\u00e9 dia 25. As pe\u00e7as de artesanato com poemas de Cora Coralina, natural da antiga Vila Boa, tombada Patrim\u00f4nio Mundial &hellip;<\/p>\n","protected":false},"author":12,"featured_media":117856,"comment_status":"open","ping_status":"closed","sticky":false,"template":"","format":"standard","meta":{"footnotes":""},"categories":[169,2001],"tags":[12482,59034,3089],"class_list":["post-117852","post","type-post","status-publish","format-standard","has-post-thumbnail","hentry","category-cultura","category-cultura-e-musica","tag-barretos","tag-festa-do-peao","tag-goias"],"yoast_head":"<!-- This site is optimized with the Yoast SEO plugin v27.4 - https:\/\/yoast.com\/product\/yoast-seo-wordpress\/ -->\n<title>Festa de Barretos: Goi\u00e1s se destaca com Cora, pamonha e cacha\u00e7a - Litoral SP<\/title>\n<meta name=\"description\" content=\"Com estande ao lado da roda gigante e em frente ao palco Culturando, o estado de Goi\u00e1s tem sido destaque na 69\u00aa Festa do Pe\u00e3o de Barretos, que teve in\u00edcio no dia 15 e vai at\u00e9 dia 25.\" \/>\n<meta name=\"robots\" content=\"index, follow, max-snippet:-1, max-image-preview:large, max-video-preview:-1\" \/>\n<link rel=\"canonical\" href=\"https:\/\/redenoticiaz.com.br\/litoralsp\/2024\/08\/25\/festa-de-barretos-goias-se-destaca-com-cora-pamonha-e-cachaca\" \/>\n<meta property=\"og:locale\" content=\"pt_BR\" \/>\n<meta property=\"og:type\" content=\"article\" \/>\n<meta property=\"og:title\" content=\"Festa de Barretos: Goi\u00e1s se destaca com Cora, pamonha e cacha\u00e7a - Litoral SP\" \/>\n<meta property=\"og:description\" content=\"Com estande ao lado da roda gigante e em frente ao palco Culturando, o estado de Goi\u00e1s tem sido destaque na 69\u00aa Festa do Pe\u00e3o de Barretos, que teve in\u00edcio no dia 15 e vai at\u00e9 dia 25.\" \/>\n<meta property=\"og:url\" content=\"https:\/\/redenoticiaz.com.br\/litoralsp\/2024\/08\/25\/festa-de-barretos-goias-se-destaca-com-cora-pamonha-e-cachaca\" \/>\n<meta property=\"og:site_name\" content=\"Litoral SP\" \/>\n<meta property=\"article:published_time\" content=\"2024-08-25T12:00:03+00:00\" \/>\n<meta property=\"og:image\" content=\"https:\/\/redenoticiaz.com.br\/litoralsp\/wp-content\/uploads\/sites\/3\/2024\/08\/WhatsApp-Image-2024-08-21-at-19.58.04-1.jpeg?v=1724337191\" \/>\n\t<meta property=\"og:image:width\" content=\"1440\" \/>\n\t<meta property=\"og:image:height\" content=\"1080\" \/>\n\t<meta property=\"og:image:type\" content=\"image\/jpeg\" \/>\n<meta name=\"author\" content=\"Gustavo Silva\" \/>\n<meta name=\"twitter:card\" content=\"summary_large_image\" \/>\n<meta name=\"twitter:label1\" content=\"Escrito por\" \/>\n\t<meta name=\"twitter:data1\" content=\"Gustavo Silva\" \/>\n\t<meta name=\"twitter:label2\" content=\"Est. tempo de leitura\" \/>\n\t<meta name=\"twitter:data2\" content=\"2 minutos\" \/>\n<script type=\"application\/ld+json\" class=\"yoast-schema-graph\">{\"@context\":\"https:\\\/\\\/schema.org\",\"@graph\":[{\"@type\":\"Article\",\"@id\":\"https:\\\/\\\/redenoticiaz.com.br\\\/litoralsp\\\/2024\\\/08\\\/25\\\/festa-de-barretos-goias-se-destaca-com-cora-pamonha-e-cachaca#article\",\"isPartOf\":{\"@id\":\"https:\\\/\\\/redenoticiaz.com.br\\\/litoralsp\\\/2024\\\/08\\\/25\\\/festa-de-barretos-goias-se-destaca-com-cora-pamonha-e-cachaca\"},\"author\":{\"name\":\"Gustavo Silva\",\"@id\":\"https:\\\/\\\/redenoticiaz.com.br\\\/litoralsp\\\/#\\\/schema\\\/person\\\/16057b37a3c0ee6b096d7f887c566e2e\"},\"headline\":\"Festa de Barretos: Goi\u00e1s se destaca com Cora, pamonha e cacha\u00e7a\",\"datePublished\":\"2024-08-25T12:00:03+00:00\",\"mainEntityOfPage\":{\"@id\":\"https:\\\/\\\/redenoticiaz.com.br\\\/litoralsp\\\/2024\\\/08\\\/25\\\/festa-de-barretos-goias-se-destaca-com-cora-pamonha-e-cachaca\"},\"wordCount\":316,\"commentCount\":0,\"publisher\":{\"@id\":\"https:\\\/\\\/redenoticiaz.com.br\\\/litoralsp\\\/#organization\"},\"image\":{\"@id\":\"https:\\\/\\\/redenoticiaz.com.br\\\/litoralsp\\\/2024\\\/08\\\/25\\\/festa-de-barretos-goias-se-destaca-com-cora-pamonha-e-cachaca#primaryimage\"},\"thumbnailUrl\":\"https:\\\/\\\/redenoticiaz.com.br\\\/litoralsp\\\/wp-content\\\/uploads\\\/sites\\\/3\\\/2024\\\/08\\\/WhatsApp-Image-2024-08-21-at-19.58.04-1.jpeg?v=1724337191\",\"keywords\":[\"BARRETOS\",\"FESTA DO PE\u00c3O\",\"GOI\u00c1S\"],\"articleSection\":[\"Cultura\",\"Cultura e M\u00fasica\"],\"inLanguage\":\"pt-BR\",\"potentialAction\":[{\"@type\":\"CommentAction\",\"name\":\"Comment\",\"target\":[\"https:\\\/\\\/redenoticiaz.com.br\\\/litoralsp\\\/2024\\\/08\\\/25\\\/festa-de-barretos-goias-se-destaca-com-cora-pamonha-e-cachaca#respond\"]}]},{\"@type\":\"WebPage\",\"@id\":\"https:\\\/\\\/redenoticiaz.com.br\\\/litoralsp\\\/2024\\\/08\\\/25\\\/festa-de-barretos-goias-se-destaca-com-cora-pamonha-e-cachaca\",\"url\":\"https:\\\/\\\/redenoticiaz.com.br\\\/litoralsp\\\/2024\\\/08\\\/25\\\/festa-de-barretos-goias-se-destaca-com-cora-pamonha-e-cachaca\",\"name\":\"Festa de Barretos: Goi\u00e1s se destaca com Cora, pamonha e cacha\u00e7a - Litoral SP\",\"isPartOf\":{\"@id\":\"https:\\\/\\\/redenoticiaz.com.br\\\/litoralsp\\\/#website\"},\"primaryImageOfPage\":{\"@id\":\"https:\\\/\\\/redenoticiaz.com.br\\\/litoralsp\\\/2024\\\/08\\\/25\\\/festa-de-barretos-goias-se-destaca-com-cora-pamonha-e-cachaca#primaryimage\"},\"image\":{\"@id\":\"https:\\\/\\\/redenoticiaz.com.br\\\/litoralsp\\\/2024\\\/08\\\/25\\\/festa-de-barretos-goias-se-destaca-com-cora-pamonha-e-cachaca#primaryimage\"},\"thumbnailUrl\":\"https:\\\/\\\/redenoticiaz.com.br\\\/litoralsp\\\/wp-content\\\/uploads\\\/sites\\\/3\\\/2024\\\/08\\\/WhatsApp-Image-2024-08-21-at-19.58.04-1.jpeg?v=1724337191\",\"datePublished\":\"2024-08-25T12:00:03+00:00\",\"description\":\"Com estande ao lado da roda gigante e em frente ao palco Culturando, o estado de Goi\u00e1s tem sido destaque na 69\u00aa Festa do Pe\u00e3o de Barretos, que teve in\u00edcio no dia 15 e vai at\u00e9 dia 25.\",\"inLanguage\":\"pt-BR\",\"potentialAction\":[{\"@type\":\"ReadAction\",\"target\":[\"https:\\\/\\\/redenoticiaz.com.br\\\/litoralsp\\\/2024\\\/08\\\/25\\\/festa-de-barretos-goias-se-destaca-com-cora-pamonha-e-cachaca\"]}]},{\"@type\":\"ImageObject\",\"inLanguage\":\"pt-BR\",\"@id\":\"https:\\\/\\\/redenoticiaz.com.br\\\/litoralsp\\\/2024\\\/08\\\/25\\\/festa-de-barretos-goias-se-destaca-com-cora-pamonha-e-cachaca#primaryimage\",\"url\":\"https:\\\/\\\/redenoticiaz.com.br\\\/litoralsp\\\/wp-content\\\/uploads\\\/sites\\\/3\\\/2024\\\/08\\\/WhatsApp-Image-2024-08-21-at-19.58.04-1.jpeg?v=1724337191\",\"contentUrl\":\"https:\\\/\\\/redenoticiaz.com.br\\\/litoralsp\\\/wp-content\\\/uploads\\\/sites\\\/3\\\/2024\\\/08\\\/WhatsApp-Image-2024-08-21-at-19.58.04-1.jpeg?v=1724337191\",\"width\":1440,\"height\":1080},{\"@type\":\"WebSite\",\"@id\":\"https:\\\/\\\/redenoticiaz.com.br\\\/litoralsp\\\/#website\",\"url\":\"https:\\\/\\\/redenoticiaz.com.br\\\/litoralsp\\\/\",\"name\":\"Litoral SP\",\"description\":\"Rede NoticiaZ\",\"publisher\":{\"@id\":\"https:\\\/\\\/redenoticiaz.com.br\\\/litoralsp\\\/#organization\"},\"potentialAction\":[{\"@type\":\"SearchAction\",\"target\":{\"@type\":\"EntryPoint\",\"urlTemplate\":\"https:\\\/\\\/redenoticiaz.com.br\\\/litoralsp\\\/?s={search_term_string}\"},\"query-input\":{\"@type\":\"PropertyValueSpecification\",\"valueRequired\":true,\"valueName\":\"search_term_string\"}}],\"inLanguage\":\"pt-BR\"},{\"@type\":\"Organization\",\"@id\":\"https:\\\/\\\/redenoticiaz.com.br\\\/litoralsp\\\/#organization\",\"name\":\"Litoral SP\",\"url\":\"https:\\\/\\\/redenoticiaz.com.br\\\/litoralsp\\\/\",\"logo\":{\"@type\":\"ImageObject\",\"inLanguage\":\"pt-BR\",\"@id\":\"https:\\\/\\\/redenoticiaz.com.br\\\/litoralsp\\\/#\\\/schema\\\/logo\\\/image\\\/\",\"url\":\"https:\\\/\\\/redenoticiaz.com.br\\\/litoralsp\\\/wp-content\\\/uploads\\\/sites\\\/3\\\/2020\\\/11\\\/logo.jpg\",\"contentUrl\":\"https:\\\/\\\/redenoticiaz.com.br\\\/litoralsp\\\/wp-content\\\/uploads\\\/sites\\\/3\\\/2020\\\/11\\\/logo.jpg\",\"width\":400,\"height\":250,\"caption\":\"Litoral SP\"},\"image\":{\"@id\":\"https:\\\/\\\/redenoticiaz.com.br\\\/litoralsp\\\/#\\\/schema\\\/logo\\\/image\\\/\"}},{\"@type\":\"Person\",\"@id\":\"https:\\\/\\\/redenoticiaz.com.br\\\/litoralsp\\\/#\\\/schema\\\/person\\\/16057b37a3c0ee6b096d7f887c566e2e\",\"name\":\"Gustavo Silva\",\"image\":{\"@type\":\"ImageObject\",\"inLanguage\":\"pt-BR\",\"@id\":\"https:\\\/\\\/secure.gravatar.com\\\/avatar\\\/3ee4e82f93b26de0a7cf4ea5eb7893da637ed6bb0c9170c58065944c56e28a33?s=96&d=mm&r=g\",\"url\":\"https:\\\/\\\/secure.gravatar.com\\\/avatar\\\/3ee4e82f93b26de0a7cf4ea5eb7893da637ed6bb0c9170c58065944c56e28a33?s=96&d=mm&r=g\",\"contentUrl\":\"https:\\\/\\\/secure.gravatar.com\\\/avatar\\\/3ee4e82f93b26de0a7cf4ea5eb7893da637ed6bb0c9170c58065944c56e28a33?s=96&d=mm&r=g\",\"caption\":\"Gustavo Silva\"},\"url\":\"https:\\\/\\\/redenoticiaz.com.br\\\/litoralsp\\\/author\\\/gustavosilva\"}]}<\/script>\n<!-- \/ Yoast SEO plugin. -->","yoast_head_json":{"title":"Festa de Barretos: Goi\u00e1s se destaca com Cora, pamonha e cacha\u00e7a - Litoral SP","description":"Com estande ao lado da roda gigante e em frente ao palco Culturando, o estado de Goi\u00e1s tem sido destaque na 69\u00aa Festa do Pe\u00e3o de Barretos, que teve in\u00edcio no dia 15 e vai at\u00e9 dia 25.","robots":{"index":"index","follow":"follow","max-snippet":"max-snippet:-1","max-image-preview":"max-image-preview:large","max-video-preview":"max-video-preview:-1"},"canonical":"https:\/\/redenoticiaz.com.br\/litoralsp\/2024\/08\/25\/festa-de-barretos-goias-se-destaca-com-cora-pamonha-e-cachaca","og_locale":"pt_BR","og_type":"article","og_title":"Festa de Barretos: Goi\u00e1s se destaca com Cora, pamonha e cacha\u00e7a - Litoral SP","og_description":"Com estande ao lado da roda gigante e em frente ao palco Culturando, o estado de Goi\u00e1s tem sido destaque na 69\u00aa Festa do Pe\u00e3o de Barretos, que teve in\u00edcio no dia 15 e vai at\u00e9 dia 25.","og_url":"https:\/\/redenoticiaz.com.br\/litoralsp\/2024\/08\/25\/festa-de-barretos-goias-se-destaca-com-cora-pamonha-e-cachaca","og_site_name":"Litoral SP","article_published_time":"2024-08-25T12:00:03+00:00","og_image":[{"width":1440,"height":1080,"url":"https:\/\/redenoticiaz.com.br\/litoralsp\/wp-content\/uploads\/sites\/3\/2024\/08\/WhatsApp-Image-2024-08-21-at-19.58.04-1.jpeg?v=1724337191","type":"image\/jpeg"}],"author":"Gustavo Silva","twitter_card":"summary_large_image","twitter_misc":{"Escrito por":"Gustavo Silva","Est. tempo de leitura":"2 minutos"},"schema":{"@context":"https:\/\/schema.org","@graph":[{"@type":"Article","@id":"https:\/\/redenoticiaz.com.br\/litoralsp\/2024\/08\/25\/festa-de-barretos-goias-se-destaca-com-cora-pamonha-e-cachaca#article","isPartOf":{"@id":"https:\/\/redenoticiaz.com.br\/litoralsp\/2024\/08\/25\/festa-de-barretos-goias-se-destaca-com-cora-pamonha-e-cachaca"},"author":{"name":"Gustavo Silva","@id":"https:\/\/redenoticiaz.com.br\/litoralsp\/#\/schema\/person\/16057b37a3c0ee6b096d7f887c566e2e"},"headline":"Festa de Barretos: Goi\u00e1s se destaca com Cora, pamonha e cacha\u00e7a","datePublished":"2024-08-25T12:00:03+00:00","mainEntityOfPage":{"@id":"https:\/\/redenoticiaz.com.br\/litoralsp\/2024\/08\/25\/festa-de-barretos-goias-se-destaca-com-cora-pamonha-e-cachaca"},"wordCount":316,"commentCount":0,"publisher":{"@id":"https:\/\/redenoticiaz.com.br\/litoralsp\/#organization"},"image":{"@id":"https:\/\/redenoticiaz.com.br\/litoralsp\/2024\/08\/25\/festa-de-barretos-goias-se-destaca-com-cora-pamonha-e-cachaca#primaryimage"},"thumbnailUrl":"https:\/\/redenoticiaz.com.br\/litoralsp\/wp-content\/uploads\/sites\/3\/2024\/08\/WhatsApp-Image-2024-08-21-at-19.58.04-1.jpeg?v=1724337191","keywords":["BARRETOS","FESTA DO PE\u00c3O","GOI\u00c1S"],"articleSection":["Cultura","Cultura e M\u00fasica"],"inLanguage":"pt-BR","potentialAction":[{"@type":"CommentAction","name":"Comment","target":["https:\/\/redenoticiaz.com.br\/litoralsp\/2024\/08\/25\/festa-de-barretos-goias-se-destaca-com-cora-pamonha-e-cachaca#respond"]}]},{"@type":"WebPage","@id":"https:\/\/redenoticiaz.com.br\/litoralsp\/2024\/08\/25\/festa-de-barretos-goias-se-destaca-com-cora-pamonha-e-cachaca","url":"https:\/\/redenoticiaz.com.br\/litoralsp\/2024\/08\/25\/festa-de-barretos-goias-se-destaca-com-cora-pamonha-e-cachaca","name":"Festa de Barretos: Goi\u00e1s se destaca com Cora, pamonha e cacha\u00e7a - Litoral SP","isPartOf":{"@id":"https:\/\/redenoticiaz.com.br\/litoralsp\/#website"},"primaryImageOfPage":{"@id":"https:\/\/redenoticiaz.com.br\/litoralsp\/2024\/08\/25\/festa-de-barretos-goias-se-destaca-com-cora-pamonha-e-cachaca#primaryimage"},"image":{"@id":"https:\/\/redenoticiaz.com.br\/litoralsp\/2024\/08\/25\/festa-de-barretos-goias-se-destaca-com-cora-pamonha-e-cachaca#primaryimage"},"thumbnailUrl":"https:\/\/redenoticiaz.com.br\/litoralsp\/wp-content\/uploads\/sites\/3\/2024\/08\/WhatsApp-Image-2024-08-21-at-19.58.04-1.jpeg?v=1724337191","datePublished":"2024-08-25T12:00:03+00:00","description":"Com estande ao lado da roda gigante e em frente ao palco Culturando, o estado de Goi\u00e1s tem sido destaque na 69\u00aa Festa do Pe\u00e3o de Barretos, que teve in\u00edcio no dia 15 e vai at\u00e9 dia 25.","inLanguage":"pt-BR","potentialAction":[{"@type":"ReadAction","target":["https:\/\/redenoticiaz.com.br\/litoralsp\/2024\/08\/25\/festa-de-barretos-goias-se-destaca-com-cora-pamonha-e-cachaca"]}]},{"@type":"ImageObject","inLanguage":"pt-BR","@id":"https:\/\/redenoticiaz.com.br\/litoralsp\/2024\/08\/25\/festa-de-barretos-goias-se-destaca-com-cora-pamonha-e-cachaca#primaryimage","url":"https:\/\/redenoticiaz.com.br\/litoralsp\/wp-content\/uploads\/sites\/3\/2024\/08\/WhatsApp-Image-2024-08-21-at-19.58.04-1.jpeg?v=1724337191","contentUrl":"https:\/\/redenoticiaz.com.br\/litoralsp\/wp-content\/uploads\/sites\/3\/2024\/08\/WhatsApp-Image-2024-08-21-at-19.58.04-1.jpeg?v=1724337191","width":1440,"height":1080},{"@type":"WebSite","@id":"https:\/\/redenoticiaz.com.br\/litoralsp\/#website","url":"https:\/\/redenoticiaz.com.br\/litoralsp\/","name":"Litoral SP","description":"Rede NoticiaZ","publisher":{"@id":"https:\/\/redenoticiaz.com.br\/litoralsp\/#organization"},"potentialAction":[{"@type":"SearchAction","target":{"@type":"EntryPoint","urlTemplate":"https:\/\/redenoticiaz.com.br\/litoralsp\/?s={search_term_string}"},"query-input":{"@type":"PropertyValueSpecification","valueRequired":true,"valueName":"search_term_string"}}],"inLanguage":"pt-BR"},{"@type":"Organization","@id":"https:\/\/redenoticiaz.com.br\/litoralsp\/#organization","name":"Litoral SP","url":"https:\/\/redenoticiaz.com.br\/litoralsp\/","logo":{"@type":"ImageObject","inLanguage":"pt-BR","@id":"https:\/\/redenoticiaz.com.br\/litoralsp\/#\/schema\/logo\/image\/","url":"https:\/\/redenoticiaz.com.br\/litoralsp\/wp-content\/uploads\/sites\/3\/2020\/11\/logo.jpg","contentUrl":"https:\/\/redenoticiaz.com.br\/litoralsp\/wp-content\/uploads\/sites\/3\/2020\/11\/logo.jpg","width":400,"height":250,"caption":"Litoral SP"},"image":{"@id":"https:\/\/redenoticiaz.com.br\/litoralsp\/#\/schema\/logo\/image\/"}},{"@type":"Person","@id":"https:\/\/redenoticiaz.com.br\/litoralsp\/#\/schema\/person\/16057b37a3c0ee6b096d7f887c566e2e","name":"Gustavo Silva","image":{"@type":"ImageObject","inLanguage":"pt-BR","@id":"https:\/\/secure.gravatar.com\/avatar\/3ee4e82f93b26de0a7cf4ea5eb7893da637ed6bb0c9170c58065944c56e28a33?s=96&d=mm&r=g","url":"https:\/\/secure.gravatar.com\/avatar\/3ee4e82f93b26de0a7cf4ea5eb7893da637ed6bb0c9170c58065944c56e28a33?s=96&d=mm&r=g","contentUrl":"https:\/\/secure.gravatar.com\/avatar\/3ee4e82f93b26de0a7cf4ea5eb7893da637ed6bb0c9170c58065944c56e28a33?s=96&d=mm&r=g","caption":"Gustavo Silva"},"url":"https:\/\/redenoticiaz.com.br\/litoralsp\/author\/gustavosilva"}]}},"_links":{"self":[{"href":"https:\/\/redenoticiaz.com.br\/litoralsp\/wp-json\/wp\/v2\/posts\/117852","targetHints":{"allow":["GET"]}}],"collection":[{"href":"https:\/\/redenoticiaz.com.br\/litoralsp\/wp-json\/wp\/v2\/posts"}],"about":[{"href":"https:\/\/redenoticiaz.com.br\/litoralsp\/wp-json\/wp\/v2\/types\/post"}],"author":[{"embeddable":true,"href":"https:\/\/redenoticiaz.com.br\/litoralsp\/wp-json\/wp\/v2\/users\/12"}],"replies":[{"embeddable":true,"href":"https:\/\/redenoticiaz.com.br\/litoralsp\/wp-json\/wp\/v2\/comments?post=117852"}],"version-history":[{"count":3,"href":"https:\/\/redenoticiaz.com.br\/litoralsp\/wp-json\/wp\/v2\/posts\/117852\/revisions"}],"predecessor-version":[{"id":117859,"href":"https:\/\/redenoticiaz.com.br\/litoralsp\/wp-json\/wp\/v2\/posts\/117852\/revisions\/117859"}],"wp:featuredmedia":[{"embeddable":true,"href":"https:\/\/redenoticiaz.com.br\/litoralsp\/wp-json\/wp\/v2\/media\/117856"}],"wp:attachment":[{"href":"https:\/\/redenoticiaz.com.br\/litoralsp\/wp-json\/wp\/v2\/media?parent=117852"}],"wp:term":[{"taxonomy":"category","embeddable":true,"href":"https:\/\/redenoticiaz.com.br\/litoralsp\/wp-json\/wp\/v2\/categories?post=117852"},{"taxonomy":"post_tag","embeddable":true,"href":"https:\/\/redenoticiaz.com.br\/litoralsp\/wp-json\/wp\/v2\/tags?post=117852"}],"curies":[{"name":"wp","href":"https:\/\/api.w.org\/{rel}","templated":true}]}}