{"id":117888,"date":"2024-08-23T10:18:46","date_gmt":"2024-08-23T13:18:46","guid":{"rendered":"https:\/\/redenoticiaz.com.br\/litoralsp\/2024\/08\/23\/anvisa-proibe-venda-de-balas-da-dori-por-suspeita-de-contaminacao-por-salmonella"},"modified":"2024-08-23T10:18:46","modified_gmt":"2024-08-23T13:18:46","slug":"anvisa-proibe-venda-de-balas-da-dori-por-suspeita-de-contaminacao-por-salmonella","status":"publish","type":"post","link":"https:\/\/redenoticiaz.com.br\/litoralsp\/2024\/08\/23\/anvisa-proibe-venda-de-balas-da-dori-por-suspeita-de-contaminacao-por-salmonella","title":{"rendered":"Anvisa pro\u00edbe venda de balas da Dori por suspeita de contamina\u00e7\u00e3o por Salmonella"},"content":{"rendered":"<p>A Anvisa (Ag\u00eancia Nacional de Vigil\u00e2ncia Sanit\u00e1ria) determinou a proibi\u00e7\u00e3o da comercializa\u00e7\u00e3o de determinados lotes de balas da marca Dori, ap\u00f3s suspeitas de contamina\u00e7\u00e3o pela bact\u00e9ria Salmonella Muenchen. A decis\u00e3o, publicada no Di\u00e1rio Oficial da Uni\u00e3o na ter\u00e7a-feira (20), afeta produtos fabricados na unidade de Rol\u00e2ndia (PR) entre 21 de junho e 10 de julho de 2024.<\/p>\n<p>A Salmonella pode causar intoxica\u00e7\u00e3o alimentar, com sintomas como diarreia, dor abdominal e perda de apetite. Em casos graves, pode levar a infec\u00e7\u00f5es severas e at\u00e9 \u00e0 morte.<\/p>\n<p>A Dori Alimentos informou que j\u00e1 iniciou o recolhimento volunt\u00e1rio dos produtos afetados e orientou os pontos de venda a interromper imediatamente a comercializa\u00e7\u00e3o dos lotes listados. A empresa garantiu que o processo de descontamina\u00e7\u00e3o da f\u00e1brica j\u00e1 foi conclu\u00eddo e que todos os outros produtos da marca s\u00e3o seguros para consumo.<\/p>\n<p>Consumidores que adquiriram balas dos lotes indicados devem evitar o consumo e entrar em contato com o servi\u00e7o de atendimento ao cliente da Dori para orienta\u00e7\u00f5es sobre reembolso ou troca. A empresa reafirmou seu compromisso com a qualidade e a seguran\u00e7a de seus consumidores.<\/p>\n<h3>Lista dos produtos afetados:<\/h3>\n<div class=\"x11i5rnm xat24cr x1mh8g0r x1vvkbs xtlvy1s x126k92a\">\n<div dir=\"auto\"><\/div>\n<\/div>\n<div class=\"x11i5rnm xat24cr x1mh8g0r x1vvkbs xtlvy1s x126k92a\">\n<div dir=\"auto\"><span class=\"html-span xexx8yu x4uap5 x18d9i69 xkhd6sd x1hl2dhg x16tdsg8 x1vvkbs x3nfvp2 x1j61x8r x1fcty0u xdj266r xat24cr xgzva0m xhhsvwb xxymvpz xlup9mm x1kky2od\"><img loading=\"lazy\" decoding=\"async\" class=\"xz74otr\" src=\"https:\/\/static.xx.fbcdn.net\/images\/emoji.php\/v9\/t78\/1\/16\/1f36c.png\" alt=\"\ud83c\udf6c\" width=\"16\" height=\"16\" \/><\/span><strong>Bala Hortel\u00e3 Recheada<\/strong><\/div>\n<\/div>\n<div class=\"x11i5rnm xat24cr x1mh8g0r x1vvkbs xtlvy1s x126k92a\">\n<div dir=\"auto\">PRD 210624 \/ VAL 21\/06\/2026<\/div>\n<div dir=\"auto\">PRD 240624 \/ VAL 24\/06\/2026<\/div>\n<div dir=\"auto\">PRD 250624 \/ VAL 25\/06\/2026<\/div>\n<\/div>\n<div class=\"x11i5rnm xat24cr x1mh8g0r x1vvkbs xtlvy1s x126k92a\">\n<div dir=\"auto\"><strong><span class=\"html-span xexx8yu x4uap5 x18d9i69 xkhd6sd x1hl2dhg x16tdsg8 x1vvkbs x3nfvp2 x1j61x8r x1fcty0u xdj266r xat24cr xgzva0m xhhsvwb xxymvpz xlup9mm x1kky2od\"><img loading=\"lazy\" decoding=\"async\" class=\"xz74otr\" src=\"https:\/\/static.xx.fbcdn.net\/images\/emoji.php\/v9\/t78\/1\/16\/1f36c.png\" alt=\"\ud83c\udf6c\" width=\"16\" height=\"16\" \/><\/span>Bala Bolete Tutti Frutti<\/strong><\/div>\n<\/div>\n<div class=\"x11i5rnm xat24cr x1mh8g0r x1vvkbs xtlvy1s x126k92a\">\n<div dir=\"auto\">PRD 250624 \/ VAL 25\/06\/2026<\/div>\n<div dir=\"auto\">PRD 270624 \/ VAL 27\/06\/2026<\/div>\n<div dir=\"auto\">PRD 280624 \/ VAL 28\/06\/2026<\/div>\n<div dir=\"auto\">PRD 010724 \/ VAL 01\/07\/2026<\/div>\n<div dir=\"auto\">PRD 020724 \/ VAL 02\/07\/2026<\/div>\n<div dir=\"auto\">PRD 030724 \/ VAL 03\/07\/2026<\/div>\n<\/div>\n<div class=\"x11i5rnm xat24cr x1mh8g0r x1vvkbs xtlvy1s x126k92a\">\n<div dir=\"auto\"><span class=\"html-span xexx8yu x4uap5 x18d9i69 xkhd6sd x1hl2dhg x16tdsg8 x1vvkbs x3nfvp2 x1j61x8r x1fcty0u xdj266r xat24cr xgzva0m xhhsvwb xxymvpz xlup9mm x1kky2od\"><img loading=\"lazy\" decoding=\"async\" class=\"xz74otr\" src=\"https:\/\/static.xx.fbcdn.net\/images\/emoji.php\/v9\/t78\/1\/16\/1f36c.png\" alt=\"\ud83c\udf6c\" width=\"16\" height=\"16\" \/><\/span><strong>Bala Hortel\u00e3 Mint 30x600G Bala Morango Recheada<\/strong><\/div>\n<\/div>\n<div class=\"x11i5rnm xat24cr x1mh8g0r x1vvkbs xtlvy1s x126k92a\">\n<div dir=\"auto\">PRD 050724 \/VAL 05\/07\/2026<\/div>\n<div dir=\"auto\">PRD 080724 \/ VAL 08\/07\/2026<\/div>\n<div dir=\"auto\">PRD 240624 \/ VAL 24\/06\/2026<\/div>\n<div dir=\"auto\">PRD 260624 \/ VAL 26\/06\/2026<\/div>\n<div dir=\"auto\">PRD 270624 \/ VAL 27\/06\/2026<\/div>\n<div dir=\"auto\">PRD 280624 \/VAL 28\/06\/2026<\/div>\n<\/div>\n<div class=\"x11i5rnm xat24cr x1mh8g0r x1vvkbs xtlvy1s x126k92a\">\n<div dir=\"auto\"><span class=\"html-span xexx8yu x4uap5 x18d9i69 xkhd6sd x1hl2dhg x16tdsg8 x1vvkbs x3nfvp2 x1j61x8r x1fcty0u xdj266r xat24cr xgzva0m xhhsvwb xxymvpz xlup9mm x1kky2od\"><img loading=\"lazy\" decoding=\"async\" class=\"xz74otr\" src=\"https:\/\/static.xx.fbcdn.net\/images\/emoji.php\/v9\/t78\/1\/16\/1f36c.png\" alt=\"\ud83c\udf6c\" width=\"16\" height=\"16\" \/><\/span><strong>Bala Morango Recheada<\/strong><\/div>\n<\/div>\n<div class=\"x11i5rnm xat24cr x1mh8g0r x1vvkbs xtlvy1s x126k92a\">\n<div dir=\"auto\">PRD 080724 \/ VAL 08\/07\/2026<\/div>\n<div dir=\"auto\">PRD 090724 \/ VAL 09\/07\/2026<\/div>\n<div dir=\"auto\">PRD 100724 \/ VAL 10\/07\/2026<\/div>\n<\/div>\n<div class=\"x11i5rnm xat24cr x1mh8g0r x1vvkbs xtlvy1s x126k92a\">\n<div dir=\"auto\"><span class=\"html-span xexx8yu x4uap5 x18d9i69 xkhd6sd x1hl2dhg x16tdsg8 x1vvkbs x3nfvp2 x1j61x8r x1fcty0u xdj266r xat24cr xgzva0m xhhsvwb xxymvpz xlup9mm x1kky2od\"><img loading=\"lazy\" decoding=\"async\" class=\"xz74otr\" src=\"https:\/\/static.xx.fbcdn.net\/images\/emoji.php\/v9\/t78\/1\/16\/1f36c.png\" alt=\"\ud83c\udf6c\" width=\"16\" height=\"16\" \/><\/span><strong>Dori Regaliz Tijolo<\/strong><\/div>\n<\/div>\n<div class=\"x11i5rnm xat24cr x1mh8g0r x1vvkbs xtlvy1s x126k92a\">\n<div dir=\"auto\">PRD 185 \/ VAL 03\/11\/2025<\/div>\n<div dir=\"auto\">PRD 186 \/ VAL 04\/11\/2025<\/div>\n<div dir=\"auto\">PRD 187 \/ VAL 05\/11\/2025<\/div>\n<\/div>\n<div class=\"x11i5rnm xat24cr x1mh8g0r x1vvkbs xtlvy1s x126k92a\">\n<div dir=\"auto\"><span class=\"html-span xexx8yu x4uap5 x18d9i69 xkhd6sd x1hl2dhg x16tdsg8 x1vvkbs x3nfvp2 x1j61x8r x1fcty0u xdj266r xat24cr xgzva0m xhhsvwb xxymvpz xlup9mm x1kky2od\"><img loading=\"lazy\" decoding=\"async\" class=\"xz74otr\" src=\"https:\/\/static.xx.fbcdn.net\/images\/emoji.php\/v9\/t78\/1\/16\/1f36c.png\" alt=\"\ud83c\udf6c\" width=\"16\" height=\"16\" \/><\/span><strong>Bala Lua Cheia Chantilly<\/strong><\/div>\n<\/div>\n<div class=\"x11i5rnm xat24cr x1mh8g0r x1vvkbs xtlvy1s x126k92a\">\n<div dir=\"auto\">PRD 020724 \/ VAL 02\/07\/2026<\/div>\n<div dir=\"auto\">PRD 030724 \/ VAL 03\/07\/2026<\/div>\n<div dir=\"auto\">PRD 040724 \/ VAL 04\/07\/2026<\/div>\n<\/div>\n<div class=\"x11i5rnm xat24cr x1mh8g0r x1vvkbs xtlvy1s x126k92a\">\n<div dir=\"auto\"><span class=\"html-span xexx8yu x4uap5 x18d9i69 xkhd6sd x1hl2dhg x16tdsg8 x1vvkbs x3nfvp2 x1j61x8r x1fcty0u xdj266r xat24cr xgzva0m xhhsvwb xxymvpz xlup9mm x1kky2od\"><img loading=\"lazy\" decoding=\"async\" class=\"xz74otr\" src=\"https:\/\/static.xx.fbcdn.net\/images\/emoji.php\/v9\/t78\/1\/16\/1f36c.png\" alt=\"\ud83c\udf6c\" width=\"16\" height=\"16\" \/><\/span><strong>Bala Yogurte100 Morango<\/strong><\/div>\n<\/div>\n<div class=\"x11i5rnm xat24cr x1mh8g0r x1vvkbs xtlvy1s x126k92a\">\n<div dir=\"auto\">PRD 020724 \/ VAL 02\/07\/2026<\/div>\n<div dir=\"auto\">PRD 030724 \/ VAL 03\/07\/2026<\/div>\n<div dir=\"auto\">PRD 040724 \/ VAL 04\/07\/2026<\/div>\n<div dir=\"auto\">PRD 050724 \/ VAL 05\/07\/2026<\/div>\n<div dir=\"auto\">PRD 090724 \/ VAL 09\/07\/2026<\/div>\n<\/div>\n<div dir=\"auto\"><\/div>\n<div dir=\"auto\">Todos os outros produtos da Dori, incluindo produtos como os acima de outros lotes e datas de validade, s\u00e3o considerados seguros para consumo.<\/div>\n<div dir=\"auto\"><\/div>\n<div dir=\"auto\">LEIA MAIS<\/div>\n<div dir=\"auto\"><a href=\"https:\/\/redenoticiaz.com.br\/blog\/2024\/08\/22\/video-palmeirense-mostra-penis-para-torcedora-alvinegra-no-allianz-parque\">V\u00cdDEO \u2013 Palmeirense mostra p\u00eanis para torcedora alvinegra no Allianz Parque<\/a><\/div>\n<div dir=\"auto\"><a href=\"https:\/\/redenoticiaz.com.br\/blog\/2024\/08\/22\/processos-seletivos-na-eletrobras-globo-e-mais-empresas-oferecem-500-vagas\">Processos seletivos na Eletrobras, Globo e mais empresas oferecem 500 vagas<\/a><\/div>\n","protected":false},"excerpt":{"rendered":"<p>A Anvisa (Ag\u00eancia Nacional de Vigil\u00e2ncia Sanit\u00e1ria) determinou a proibi\u00e7\u00e3o da comercializa\u00e7\u00e3o de determinados lotes de balas da marca Dori, ap\u00f3s suspeitas de contamina\u00e7\u00e3o pela bact\u00e9ria Salmonella Muenchen. A decis\u00e3o, publicada no Di\u00e1rio Oficial da Uni\u00e3o na ter\u00e7a-feira (20), afeta produtos fabricados na unidade de Rol\u00e2ndia (PR) entre 21 de junho e 10 de julho &hellip;<\/p>\n","protected":false},"author":30,"featured_media":117889,"comment_status":"open","ping_status":"closed","sticky":false,"template":"","format":"standard","meta":{"footnotes":""},"categories":[23],"tags":[68585,65665],"class_list":["post-117888","post","type-post","status-publish","format-standard","has-post-thumbnail","hentry","category-saude","tag-balas-dori","tag-contaminacao"],"yoast_head":"<!-- This site is optimized with the Yoast SEO plugin v27.4 - https:\/\/yoast.com\/product\/yoast-seo-wordpress\/ -->\n<title>Anvisa pro\u00edbe venda de balas da Dori por suspeita de contamina\u00e7\u00e3o por Salmonella - Litoral SP<\/title>\n<meta name=\"description\" content=\"A Anvisa determinou a proibi\u00e7\u00e3o da comercializa\u00e7\u00e3o de determinados lotes de balas da marca Dori, ap\u00f3s suspeitas de contamina\u00e7\u00e3o.\" \/>\n<meta name=\"robots\" content=\"index, follow, max-snippet:-1, max-image-preview:large, max-video-preview:-1\" \/>\n<link rel=\"canonical\" href=\"https:\/\/redenoticiaz.com.br\/litoralsp\/2024\/08\/23\/anvisa-proibe-venda-de-balas-da-dori-por-suspeita-de-contaminacao-por-salmonella\" \/>\n<meta property=\"og:locale\" content=\"pt_BR\" \/>\n<meta property=\"og:type\" content=\"article\" \/>\n<meta property=\"og:title\" content=\"Anvisa pro\u00edbe venda de balas da Dori por suspeita de contamina\u00e7\u00e3o por Salmonella - Litoral SP\" \/>\n<meta property=\"og:description\" content=\"A Anvisa determinou a proibi\u00e7\u00e3o da comercializa\u00e7\u00e3o de determinados lotes de balas da marca Dori, ap\u00f3s suspeitas de contamina\u00e7\u00e3o.\" \/>\n<meta property=\"og:url\" content=\"https:\/\/redenoticiaz.com.br\/litoralsp\/2024\/08\/23\/anvisa-proibe-venda-de-balas-da-dori-por-suspeita-de-contaminacao-por-salmonella\" \/>\n<meta property=\"og:site_name\" content=\"Litoral SP\" \/>\n<meta property=\"article:published_time\" content=\"2024-08-23T13:18:46+00:00\" \/>\n<meta property=\"og:image\" content=\"https:\/\/redenoticiaz.com.br\/litoralsp\/wp-content\/uploads\/sites\/3\/2024\/08\/456516017_936769028467617_8888490755374825716_n.jpg?v=1724419056\" \/>\n\t<meta property=\"og:image:width\" content=\"944\" \/>\n\t<meta property=\"og:image:height\" content=\"531\" \/>\n\t<meta property=\"og:image:type\" content=\"image\/jpeg\" \/>\n<meta name=\"author\" content=\"Carina Reifonas\" \/>\n<meta name=\"twitter:card\" content=\"summary_large_image\" \/>\n<meta name=\"twitter:label1\" content=\"Escrito por\" \/>\n\t<meta name=\"twitter:data1\" content=\"Carina Reifonas\" \/>\n\t<meta name=\"twitter:label2\" content=\"Est. tempo de leitura\" \/>\n\t<meta name=\"twitter:data2\" content=\"4 minutos\" \/>\n<script type=\"application\/ld+json\" class=\"yoast-schema-graph\">{\"@context\":\"https:\\\/\\\/schema.org\",\"@graph\":[{\"@type\":\"Article\",\"@id\":\"https:\\\/\\\/redenoticiaz.com.br\\\/litoralsp\\\/2024\\\/08\\\/23\\\/anvisa-proibe-venda-de-balas-da-dori-por-suspeita-de-contaminacao-por-salmonella#article\",\"isPartOf\":{\"@id\":\"https:\\\/\\\/redenoticiaz.com.br\\\/litoralsp\\\/2024\\\/08\\\/23\\\/anvisa-proibe-venda-de-balas-da-dori-por-suspeita-de-contaminacao-por-salmonella\"},\"author\":{\"name\":\"Carina Reifonas\",\"@id\":\"https:\\\/\\\/redenoticiaz.com.br\\\/litoralsp\\\/#\\\/schema\\\/person\\\/1f84d6e94e6a62d2d81199d7503e9e90\"},\"headline\":\"Anvisa pro\u00edbe venda de balas da Dori por suspeita de contamina\u00e7\u00e3o por Salmonella\",\"datePublished\":\"2024-08-23T13:18:46+00:00\",\"mainEntityOfPage\":{\"@id\":\"https:\\\/\\\/redenoticiaz.com.br\\\/litoralsp\\\/2024\\\/08\\\/23\\\/anvisa-proibe-venda-de-balas-da-dori-por-suspeita-de-contaminacao-por-salmonella\"},\"wordCount\":353,\"commentCount\":0,\"publisher\":{\"@id\":\"https:\\\/\\\/redenoticiaz.com.br\\\/litoralsp\\\/#organization\"},\"image\":{\"@id\":\"https:\\\/\\\/redenoticiaz.com.br\\\/litoralsp\\\/2024\\\/08\\\/23\\\/anvisa-proibe-venda-de-balas-da-dori-por-suspeita-de-contaminacao-por-salmonella#primaryimage\"},\"thumbnailUrl\":\"https:\\\/\\\/redenoticiaz.com.br\\\/litoralsp\\\/wp-content\\\/uploads\\\/sites\\\/3\\\/2024\\\/08\\\/456516017_936769028467617_8888490755374825716_n.jpg?v=1724419056\",\"keywords\":[\"Balas Dori\",\"CONTAMINA\u00c7\u00c3O\"],\"articleSection\":[\"Sa\u00fade\"],\"inLanguage\":\"pt-BR\",\"potentialAction\":[{\"@type\":\"CommentAction\",\"name\":\"Comment\",\"target\":[\"https:\\\/\\\/redenoticiaz.com.br\\\/litoralsp\\\/2024\\\/08\\\/23\\\/anvisa-proibe-venda-de-balas-da-dori-por-suspeita-de-contaminacao-por-salmonella#respond\"]}]},{\"@type\":\"WebPage\",\"@id\":\"https:\\\/\\\/redenoticiaz.com.br\\\/litoralsp\\\/2024\\\/08\\\/23\\\/anvisa-proibe-venda-de-balas-da-dori-por-suspeita-de-contaminacao-por-salmonella\",\"url\":\"https:\\\/\\\/redenoticiaz.com.br\\\/litoralsp\\\/2024\\\/08\\\/23\\\/anvisa-proibe-venda-de-balas-da-dori-por-suspeita-de-contaminacao-por-salmonella\",\"name\":\"Anvisa pro\u00edbe venda de balas da Dori por suspeita de contamina\u00e7\u00e3o por Salmonella - Litoral SP\",\"isPartOf\":{\"@id\":\"https:\\\/\\\/redenoticiaz.com.br\\\/litoralsp\\\/#website\"},\"primaryImageOfPage\":{\"@id\":\"https:\\\/\\\/redenoticiaz.com.br\\\/litoralsp\\\/2024\\\/08\\\/23\\\/anvisa-proibe-venda-de-balas-da-dori-por-suspeita-de-contaminacao-por-salmonella#primaryimage\"},\"image\":{\"@id\":\"https:\\\/\\\/redenoticiaz.com.br\\\/litoralsp\\\/2024\\\/08\\\/23\\\/anvisa-proibe-venda-de-balas-da-dori-por-suspeita-de-contaminacao-por-salmonella#primaryimage\"},\"thumbnailUrl\":\"https:\\\/\\\/redenoticiaz.com.br\\\/litoralsp\\\/wp-content\\\/uploads\\\/sites\\\/3\\\/2024\\\/08\\\/456516017_936769028467617_8888490755374825716_n.jpg?v=1724419056\",\"datePublished\":\"2024-08-23T13:18:46+00:00\",\"description\":\"A Anvisa determinou a proibi\u00e7\u00e3o da comercializa\u00e7\u00e3o de determinados lotes de balas da marca Dori, ap\u00f3s suspeitas de contamina\u00e7\u00e3o.\",\"inLanguage\":\"pt-BR\",\"potentialAction\":[{\"@type\":\"ReadAction\",\"target\":[\"https:\\\/\\\/redenoticiaz.com.br\\\/litoralsp\\\/2024\\\/08\\\/23\\\/anvisa-proibe-venda-de-balas-da-dori-por-suspeita-de-contaminacao-por-salmonella\"]}]},{\"@type\":\"ImageObject\",\"inLanguage\":\"pt-BR\",\"@id\":\"https:\\\/\\\/redenoticiaz.com.br\\\/litoralsp\\\/2024\\\/08\\\/23\\\/anvisa-proibe-venda-de-balas-da-dori-por-suspeita-de-contaminacao-por-salmonella#primaryimage\",\"url\":\"https:\\\/\\\/redenoticiaz.com.br\\\/litoralsp\\\/wp-content\\\/uploads\\\/sites\\\/3\\\/2024\\\/08\\\/456516017_936769028467617_8888490755374825716_n.jpg?v=1724419056\",\"contentUrl\":\"https:\\\/\\\/redenoticiaz.com.br\\\/litoralsp\\\/wp-content\\\/uploads\\\/sites\\\/3\\\/2024\\\/08\\\/456516017_936769028467617_8888490755374825716_n.jpg?v=1724419056\",\"width\":944,\"height\":531},{\"@type\":\"WebSite\",\"@id\":\"https:\\\/\\\/redenoticiaz.com.br\\\/litoralsp\\\/#website\",\"url\":\"https:\\\/\\\/redenoticiaz.com.br\\\/litoralsp\\\/\",\"name\":\"Litoral SP\",\"description\":\"Rede NoticiaZ\",\"publisher\":{\"@id\":\"https:\\\/\\\/redenoticiaz.com.br\\\/litoralsp\\\/#organization\"},\"potentialAction\":[{\"@type\":\"SearchAction\",\"target\":{\"@type\":\"EntryPoint\",\"urlTemplate\":\"https:\\\/\\\/redenoticiaz.com.br\\\/litoralsp\\\/?s={search_term_string}\"},\"query-input\":{\"@type\":\"PropertyValueSpecification\",\"valueRequired\":true,\"valueName\":\"search_term_string\"}}],\"inLanguage\":\"pt-BR\"},{\"@type\":\"Organization\",\"@id\":\"https:\\\/\\\/redenoticiaz.com.br\\\/litoralsp\\\/#organization\",\"name\":\"Litoral SP\",\"url\":\"https:\\\/\\\/redenoticiaz.com.br\\\/litoralsp\\\/\",\"logo\":{\"@type\":\"ImageObject\",\"inLanguage\":\"pt-BR\",\"@id\":\"https:\\\/\\\/redenoticiaz.com.br\\\/litoralsp\\\/#\\\/schema\\\/logo\\\/image\\\/\",\"url\":\"https:\\\/\\\/redenoticiaz.com.br\\\/litoralsp\\\/wp-content\\\/uploads\\\/sites\\\/3\\\/2020\\\/11\\\/logo.jpg\",\"contentUrl\":\"https:\\\/\\\/redenoticiaz.com.br\\\/litoralsp\\\/wp-content\\\/uploads\\\/sites\\\/3\\\/2020\\\/11\\\/logo.jpg\",\"width\":400,\"height\":250,\"caption\":\"Litoral SP\"},\"image\":{\"@id\":\"https:\\\/\\\/redenoticiaz.com.br\\\/litoralsp\\\/#\\\/schema\\\/logo\\\/image\\\/\"}},{\"@type\":\"Person\",\"@id\":\"https:\\\/\\\/redenoticiaz.com.br\\\/litoralsp\\\/#\\\/schema\\\/person\\\/1f84d6e94e6a62d2d81199d7503e9e90\",\"name\":\"Carina Reifonas\",\"image\":{\"@type\":\"ImageObject\",\"inLanguage\":\"pt-BR\",\"@id\":\"https:\\\/\\\/secure.gravatar.com\\\/avatar\\\/04c59859b23696cf867715880f81d5c037e60109730bdb4e6670ec2a2245bc97?s=96&d=mm&r=g\",\"url\":\"https:\\\/\\\/secure.gravatar.com\\\/avatar\\\/04c59859b23696cf867715880f81d5c037e60109730bdb4e6670ec2a2245bc97?s=96&d=mm&r=g\",\"contentUrl\":\"https:\\\/\\\/secure.gravatar.com\\\/avatar\\\/04c59859b23696cf867715880f81d5c037e60109730bdb4e6670ec2a2245bc97?s=96&d=mm&r=g\",\"caption\":\"Carina Reifonas\"},\"url\":\"https:\\\/\\\/redenoticiaz.com.br\\\/litoralsp\\\/author\\\/carinareifonas\"}]}<\/script>\n<!-- \/ Yoast SEO plugin. -->","yoast_head_json":{"title":"Anvisa pro\u00edbe venda de balas da Dori por suspeita de contamina\u00e7\u00e3o por Salmonella - Litoral SP","description":"A Anvisa determinou a proibi\u00e7\u00e3o da comercializa\u00e7\u00e3o de determinados lotes de balas da marca Dori, ap\u00f3s suspeitas de contamina\u00e7\u00e3o.","robots":{"index":"index","follow":"follow","max-snippet":"max-snippet:-1","max-image-preview":"max-image-preview:large","max-video-preview":"max-video-preview:-1"},"canonical":"https:\/\/redenoticiaz.com.br\/litoralsp\/2024\/08\/23\/anvisa-proibe-venda-de-balas-da-dori-por-suspeita-de-contaminacao-por-salmonella","og_locale":"pt_BR","og_type":"article","og_title":"Anvisa pro\u00edbe venda de balas da Dori por suspeita de contamina\u00e7\u00e3o por Salmonella - Litoral SP","og_description":"A Anvisa determinou a proibi\u00e7\u00e3o da comercializa\u00e7\u00e3o de determinados lotes de balas da marca Dori, ap\u00f3s suspeitas de contamina\u00e7\u00e3o.","og_url":"https:\/\/redenoticiaz.com.br\/litoralsp\/2024\/08\/23\/anvisa-proibe-venda-de-balas-da-dori-por-suspeita-de-contaminacao-por-salmonella","og_site_name":"Litoral SP","article_published_time":"2024-08-23T13:18:46+00:00","og_image":[{"width":944,"height":531,"url":"https:\/\/redenoticiaz.com.br\/litoralsp\/wp-content\/uploads\/sites\/3\/2024\/08\/456516017_936769028467617_8888490755374825716_n.jpg?v=1724419056","type":"image\/jpeg"}],"author":"Carina Reifonas","twitter_card":"summary_large_image","twitter_misc":{"Escrito por":"Carina Reifonas","Est. tempo de leitura":"4 minutos"},"schema":{"@context":"https:\/\/schema.org","@graph":[{"@type":"Article","@id":"https:\/\/redenoticiaz.com.br\/litoralsp\/2024\/08\/23\/anvisa-proibe-venda-de-balas-da-dori-por-suspeita-de-contaminacao-por-salmonella#article","isPartOf":{"@id":"https:\/\/redenoticiaz.com.br\/litoralsp\/2024\/08\/23\/anvisa-proibe-venda-de-balas-da-dori-por-suspeita-de-contaminacao-por-salmonella"},"author":{"name":"Carina Reifonas","@id":"https:\/\/redenoticiaz.com.br\/litoralsp\/#\/schema\/person\/1f84d6e94e6a62d2d81199d7503e9e90"},"headline":"Anvisa pro\u00edbe venda de balas da Dori por suspeita de contamina\u00e7\u00e3o por Salmonella","datePublished":"2024-08-23T13:18:46+00:00","mainEntityOfPage":{"@id":"https:\/\/redenoticiaz.com.br\/litoralsp\/2024\/08\/23\/anvisa-proibe-venda-de-balas-da-dori-por-suspeita-de-contaminacao-por-salmonella"},"wordCount":353,"commentCount":0,"publisher":{"@id":"https:\/\/redenoticiaz.com.br\/litoralsp\/#organization"},"image":{"@id":"https:\/\/redenoticiaz.com.br\/litoralsp\/2024\/08\/23\/anvisa-proibe-venda-de-balas-da-dori-por-suspeita-de-contaminacao-por-salmonella#primaryimage"},"thumbnailUrl":"https:\/\/redenoticiaz.com.br\/litoralsp\/wp-content\/uploads\/sites\/3\/2024\/08\/456516017_936769028467617_8888490755374825716_n.jpg?v=1724419056","keywords":["Balas Dori","CONTAMINA\u00c7\u00c3O"],"articleSection":["Sa\u00fade"],"inLanguage":"pt-BR","potentialAction":[{"@type":"CommentAction","name":"Comment","target":["https:\/\/redenoticiaz.com.br\/litoralsp\/2024\/08\/23\/anvisa-proibe-venda-de-balas-da-dori-por-suspeita-de-contaminacao-por-salmonella#respond"]}]},{"@type":"WebPage","@id":"https:\/\/redenoticiaz.com.br\/litoralsp\/2024\/08\/23\/anvisa-proibe-venda-de-balas-da-dori-por-suspeita-de-contaminacao-por-salmonella","url":"https:\/\/redenoticiaz.com.br\/litoralsp\/2024\/08\/23\/anvisa-proibe-venda-de-balas-da-dori-por-suspeita-de-contaminacao-por-salmonella","name":"Anvisa pro\u00edbe venda de balas da Dori por suspeita de contamina\u00e7\u00e3o por Salmonella - Litoral SP","isPartOf":{"@id":"https:\/\/redenoticiaz.com.br\/litoralsp\/#website"},"primaryImageOfPage":{"@id":"https:\/\/redenoticiaz.com.br\/litoralsp\/2024\/08\/23\/anvisa-proibe-venda-de-balas-da-dori-por-suspeita-de-contaminacao-por-salmonella#primaryimage"},"image":{"@id":"https:\/\/redenoticiaz.com.br\/litoralsp\/2024\/08\/23\/anvisa-proibe-venda-de-balas-da-dori-por-suspeita-de-contaminacao-por-salmonella#primaryimage"},"thumbnailUrl":"https:\/\/redenoticiaz.com.br\/litoralsp\/wp-content\/uploads\/sites\/3\/2024\/08\/456516017_936769028467617_8888490755374825716_n.jpg?v=1724419056","datePublished":"2024-08-23T13:18:46+00:00","description":"A Anvisa determinou a proibi\u00e7\u00e3o da comercializa\u00e7\u00e3o de determinados lotes de balas da marca Dori, ap\u00f3s suspeitas de contamina\u00e7\u00e3o.","inLanguage":"pt-BR","potentialAction":[{"@type":"ReadAction","target":["https:\/\/redenoticiaz.com.br\/litoralsp\/2024\/08\/23\/anvisa-proibe-venda-de-balas-da-dori-por-suspeita-de-contaminacao-por-salmonella"]}]},{"@type":"ImageObject","inLanguage":"pt-BR","@id":"https:\/\/redenoticiaz.com.br\/litoralsp\/2024\/08\/23\/anvisa-proibe-venda-de-balas-da-dori-por-suspeita-de-contaminacao-por-salmonella#primaryimage","url":"https:\/\/redenoticiaz.com.br\/litoralsp\/wp-content\/uploads\/sites\/3\/2024\/08\/456516017_936769028467617_8888490755374825716_n.jpg?v=1724419056","contentUrl":"https:\/\/redenoticiaz.com.br\/litoralsp\/wp-content\/uploads\/sites\/3\/2024\/08\/456516017_936769028467617_8888490755374825716_n.jpg?v=1724419056","width":944,"height":531},{"@type":"WebSite","@id":"https:\/\/redenoticiaz.com.br\/litoralsp\/#website","url":"https:\/\/redenoticiaz.com.br\/litoralsp\/","name":"Litoral SP","description":"Rede NoticiaZ","publisher":{"@id":"https:\/\/redenoticiaz.com.br\/litoralsp\/#organization"},"potentialAction":[{"@type":"SearchAction","target":{"@type":"EntryPoint","urlTemplate":"https:\/\/redenoticiaz.com.br\/litoralsp\/?s={search_term_string}"},"query-input":{"@type":"PropertyValueSpecification","valueRequired":true,"valueName":"search_term_string"}}],"inLanguage":"pt-BR"},{"@type":"Organization","@id":"https:\/\/redenoticiaz.com.br\/litoralsp\/#organization","name":"Litoral SP","url":"https:\/\/redenoticiaz.com.br\/litoralsp\/","logo":{"@type":"ImageObject","inLanguage":"pt-BR","@id":"https:\/\/redenoticiaz.com.br\/litoralsp\/#\/schema\/logo\/image\/","url":"https:\/\/redenoticiaz.com.br\/litoralsp\/wp-content\/uploads\/sites\/3\/2020\/11\/logo.jpg","contentUrl":"https:\/\/redenoticiaz.com.br\/litoralsp\/wp-content\/uploads\/sites\/3\/2020\/11\/logo.jpg","width":400,"height":250,"caption":"Litoral SP"},"image":{"@id":"https:\/\/redenoticiaz.com.br\/litoralsp\/#\/schema\/logo\/image\/"}},{"@type":"Person","@id":"https:\/\/redenoticiaz.com.br\/litoralsp\/#\/schema\/person\/1f84d6e94e6a62d2d81199d7503e9e90","name":"Carina Reifonas","image":{"@type":"ImageObject","inLanguage":"pt-BR","@id":"https:\/\/secure.gravatar.com\/avatar\/04c59859b23696cf867715880f81d5c037e60109730bdb4e6670ec2a2245bc97?s=96&d=mm&r=g","url":"https:\/\/secure.gravatar.com\/avatar\/04c59859b23696cf867715880f81d5c037e60109730bdb4e6670ec2a2245bc97?s=96&d=mm&r=g","contentUrl":"https:\/\/secure.gravatar.com\/avatar\/04c59859b23696cf867715880f81d5c037e60109730bdb4e6670ec2a2245bc97?s=96&d=mm&r=g","caption":"Carina Reifonas"},"url":"https:\/\/redenoticiaz.com.br\/litoralsp\/author\/carinareifonas"}]}},"_links":{"self":[{"href":"https:\/\/redenoticiaz.com.br\/litoralsp\/wp-json\/wp\/v2\/posts\/117888","targetHints":{"allow":["GET"]}}],"collection":[{"href":"https:\/\/redenoticiaz.com.br\/litoralsp\/wp-json\/wp\/v2\/posts"}],"about":[{"href":"https:\/\/redenoticiaz.com.br\/litoralsp\/wp-json\/wp\/v2\/types\/post"}],"author":[{"embeddable":true,"href":"https:\/\/redenoticiaz.com.br\/litoralsp\/wp-json\/wp\/v2\/users\/30"}],"replies":[{"embeddable":true,"href":"https:\/\/redenoticiaz.com.br\/litoralsp\/wp-json\/wp\/v2\/comments?post=117888"}],"version-history":[{"count":0,"href":"https:\/\/redenoticiaz.com.br\/litoralsp\/wp-json\/wp\/v2\/posts\/117888\/revisions"}],"wp:featuredmedia":[{"embeddable":true,"href":"https:\/\/redenoticiaz.com.br\/litoralsp\/wp-json\/wp\/v2\/media\/117889"}],"wp:attachment":[{"href":"https:\/\/redenoticiaz.com.br\/litoralsp\/wp-json\/wp\/v2\/media?parent=117888"}],"wp:term":[{"taxonomy":"category","embeddable":true,"href":"https:\/\/redenoticiaz.com.br\/litoralsp\/wp-json\/wp\/v2\/categories?post=117888"},{"taxonomy":"post_tag","embeddable":true,"href":"https:\/\/redenoticiaz.com.br\/litoralsp\/wp-json\/wp\/v2\/tags?post=117888"}],"curies":[{"name":"wp","href":"https:\/\/api.w.org\/{rel}","templated":true}]}}