{"id":117902,"date":"2024-08-25T16:00:06","date_gmt":"2024-08-25T19:00:06","guid":{"rendered":"https:\/\/redenoticiaz.com.br\/litoralsp\/?p=117902"},"modified":"2024-08-23T16:54:33","modified_gmt":"2024-08-23T19:54:33","slug":"oms-estima-custo-de-us-135-milhoes-em-6-meses-para-conter-mpox","status":"publish","type":"post","link":"https:\/\/redenoticiaz.com.br\/litoralsp\/2024\/08\/25\/oms-estima-custo-de-us-135-milhoes-em-6-meses-para-conter-mpox","title":{"rendered":"OMS estima custo de US$ 135 milh\u00f5es em 6 meses para conter mpox"},"content":{"rendered":"<div class=\"post-item-wrap\">\n<p>O diretor-geral da Organiza\u00e7\u00e3o Mundial da Sa\u00fade (OMS), Tedros Adhanom Ghebreyesus, voltou a pedir esfor\u00e7os coordenados de maneira global para conter a epidemia de mpox.<\/p>\n<p>Ao se reunir com autoridades sanit\u00e1rias de diversos Estados-membros, ele avaliou que ser\u00e3o necess\u00e1rios US$ 135 milh\u00f5es ao longo dos pr\u00f3ximos seis meses para implementar um plano de resposta capaz de combater a dissemina\u00e7\u00e3o da doen\u00e7a.<img decoding=\"async\" src=\"https:\/\/agenciabrasil.ebc.com.br\/ebc.png?id=1609100&amp;o=node\" \/><img decoding=\"async\" src=\"https:\/\/agenciabrasil.ebc.com.br\/ebc.gif?id=1609100&amp;o=node\" \/><\/p>\n<p>\u201cPermitam-me ser claro: esta nova epidemia de mpox pode ser controlada e pode ser interrompida. Mas fazer isso requer a\u00e7\u00e3o coesa entre ag\u00eancias internacionais e parceiros, sociedade civil, pesquisadores e fabricantes, al\u00e9m dos Estados-membros\u201d, disse Tedros, ao apresentar uma vis\u00e3o geral do Plano Estrat\u00e9gico Global de Prepara\u00e7\u00e3o e Resposta \u00e0 Mpox, em Genebra.<\/p>\n<p>\u201cPara financiar esse trabalho e para interromper a epidemia o mais rapidamente poss\u00edvel, nossas estimativas iniciais s\u00e3o que o plano necessita de aproximadamente US$ 135 milh\u00f5es ao longo dos pr\u00f3ximos seis meses para combater a fase aguda da epidemia\u201d, completou o diretor-geral da OMS.<\/p>\n<h2>Migrantes<\/h2>\n<p>Na \u00faltima quarta-feira (21), a Organiza\u00e7\u00e3o Internacional para as Migra\u00e7\u00f5es (OIM) fez um apelo por US$ 18,5 bilh\u00f5es para fornecer servi\u00e7os cruciais de cuidado \u00e0 sa\u00fade para migrantes, pessoas deslocadas e pontos de acolhimento em diversas regi\u00f5es do continente africano que est\u00e3o sob risco de surtos de mpox.<\/p>\n<p>\u201cA propaga\u00e7\u00e3o da mpox pela \u00c1frica Oriental, pela regi\u00e3o do Chifre da \u00c1frica e pelo sul da \u00c1frica \u00e9 uma grande preocupa\u00e7\u00e3o, sobretudo, para migrantes vulner\u00e1veis, popula\u00e7\u00f5es que se deslocam com frequ\u00eancia e comunidades de acolhimento, muitas vezes ignoradas em crises como essa\u201d, disse a diretora-geral da entidade, Amy Pope.<\/p>\n<p>A OIM integra o sistema da Organiza\u00e7\u00e3o das Na\u00e7\u00f5es Unidas (ONU) como a principal organiza\u00e7\u00e3o intergovernamental que promove a migra\u00e7\u00e3o humana e ordenada para benef\u00edcio de todos. \u201cDevemos agir rapidamente para proteger aqueles que correm maior risco e para reduzir o impacto dessa epidemia na regi\u00e3o\u201d, completou Amy.<\/p>\n<h2>Cen\u00e1rio global<\/h2>\n<p>Pelo menos seis pa\u00edses do continente africano j\u00e1 registram casos da nova variante 1b da mpox: Rep\u00fablica Democr\u00e1tica do Congo, Uganda, Ruanda, Burundi, Qu\u00eania e Costa do Marfim confirmaram casos. Na Europa, a Su\u00e9cia confirmou um caso e, na \u00c1sia, a Indon\u00e9sia tamb\u00e9m reportou uma infec\u00e7\u00e3o pela nova variante. Em ambos os casos, os pacientes estiveram em pa\u00edses africanos onde h\u00e1 surto da doen\u00e7a.<\/p>\n<p>No caso da Tail\u00e2ndia, uma equipe de vigil\u00e2ncia sanit\u00e1ria contabilizou 43 pessoas que tiveram contato pr\u00f3ximo com o paciente, inclusive pessoas que tamb\u00e9m estiveram no continente africano, e foram orientadas a observar, ao longo dos pr\u00f3ximos 21 dias, o aparecimento de sintomas como febre, erup\u00e7\u00e3o cut\u00e2nea e g\u00e2nglios linf\u00e1ticos aumentados. Caso algum sinal da doen\u00e7a se manifeste, a recomenda\u00e7\u00e3o \u00e9 buscar atendimento m\u00e9dico.<\/p>\n<p>Na quarta-feira, o governo brasileiro informou que n\u00e3o h\u00e1 casos da nova variante da mpox registrados no pa\u00eds. Dados do Minist\u00e9rio da Sa\u00fade mostram que, em 2024, o pa\u00eds confirmou 791 casos da doen\u00e7a, mas todos da variante 2b, j\u00e1 conhecida. \u201cA prioridade agora \u00e9 refor\u00e7ar a vigil\u00e2ncia para garantir respostas r\u00e1pidas e eficazes\u201d, destacou a pasta, em nota.<\/p>\n<p>Esta semana, autoridades sanit\u00e1rias argentinas colocaram em quarentena um navio que saiu do Brasil depois que um dos tripulantes apresentou sintomas compat\u00edveis com mpox. Em nota, o Minist\u00e9rio da Sa\u00fade argentino informou que a embarca\u00e7\u00e3o\u00a0com bandeira da Lib\u00e9ria\u00a0saiu de Santos (SP) e que o tripulante em quest\u00e3o, de nacionalidade hindu, apresenta les\u00f5es cut\u00e2neas de forma predominante no tronco e no rosto e foi isolado do restante da tripula\u00e7\u00e3o.<\/p>\n<p>Ap\u00f3s exames laboratoriais, entretanto, o governo argentino confirmou que o tripulante testou positivo para varicela, doen\u00e7a popularmente conhecida como catapora e que apresenta sintomas similares aos da mpox, incluindo febre e les\u00f5es cut\u00e2neas. Com isso, a Argentina segue sem casos confirmados da nova variante identificada no continente africano.<\/p>\n<p>Leia mais<\/p>\n<p><a href=\"https:\/\/redenoticiaz.com.br\/blog\/2024\/08\/23\/jundiai-registra-queda-no-numero-de-mortes-no-transito-em-2023\">Jundia\u00ed registra queda no n\u00famero de mortes no tr\u00e2nsito em 2023<\/a><\/p>\n<p><a href=\"https:\/\/redenoticiaz.com.br\/blog\/2024\/08\/23\/idosos-sao-assaltados-dentro-da-propria-casa-em-jundiai\">Jundia\u00ed registra queda no n\u00famero de mortes no tr\u00e2nsito em 2023<\/a><\/p>\n<\/div>\n","protected":false},"excerpt":{"rendered":"<p>O diretor-geral da Organiza\u00e7\u00e3o Mundial da Sa\u00fade (OMS), Tedros Adhanom Ghebreyesus, voltou a pedir esfor\u00e7os coordenados de maneira global para conter a epidemia de mpox. Ao se reunir com autoridades sanit\u00e1rias de diversos Estados-membros, ele avaliou que ser\u00e3o necess\u00e1rios US$ 135 milh\u00f5es ao longo dos pr\u00f3ximos seis meses para implementar um plano de resposta capaz &hellip;<\/p>\n","protected":false},"author":12,"featured_media":105538,"comment_status":"open","ping_status":"closed","sticky":false,"template":"","format":"standard","meta":{"footnotes":""},"categories":[23],"tags":[65102,1722],"class_list":["post-117902","post","type-post","status-publish","format-standard","has-post-thumbnail","hentry","category-saude","tag-mpox","tag-oms"],"yoast_head":"<!-- This site is optimized with the Yoast SEO plugin v27.5 - https:\/\/yoast.com\/product\/yoast-seo-wordpress\/ -->\n<title>OMS estima custo de US$ 135 milh\u00f5es em 6 meses para conter mpox - Litoral SP<\/title>\n<meta name=\"description\" content=\"O diretor-geral da Organiza\u00e7\u00e3o Mundial da Sa\u00fade (OMS), Tedros Adhanom Ghebreyesus, voltou a pedir esfor\u00e7os coordenados de maneira global para conter a epidemia de mpox.\" \/>\n<meta name=\"robots\" content=\"index, follow, max-snippet:-1, max-image-preview:large, max-video-preview:-1\" \/>\n<link rel=\"canonical\" href=\"https:\/\/redenoticiaz.com.br\/litoralsp\/2024\/08\/25\/oms-estima-custo-de-us-135-milhoes-em-6-meses-para-conter-mpox\" \/>\n<meta property=\"og:locale\" content=\"pt_BR\" \/>\n<meta property=\"og:type\" content=\"article\" \/>\n<meta property=\"og:title\" content=\"OMS estima custo de US$ 135 milh\u00f5es em 6 meses para conter mpox - Litoral SP\" \/>\n<meta property=\"og:description\" content=\"O diretor-geral da Organiza\u00e7\u00e3o Mundial da Sa\u00fade (OMS), Tedros Adhanom Ghebreyesus, voltou a pedir esfor\u00e7os coordenados de maneira global para conter a epidemia de mpox.\" \/>\n<meta property=\"og:url\" content=\"https:\/\/redenoticiaz.com.br\/litoralsp\/2024\/08\/25\/oms-estima-custo-de-us-135-milhoes-em-6-meses-para-conter-mpox\" \/>\n<meta property=\"og:site_name\" content=\"Litoral SP\" \/>\n<meta property=\"article:published_time\" content=\"2024-08-25T19:00:06+00:00\" \/>\n<meta property=\"og:image\" content=\"https:\/\/redenoticiaz.com.br\/litoralsp\/wp-content\/uploads\/sites\/3\/2023\/05\/MPOX.jpg?v=1683819082\" \/>\n\t<meta property=\"og:image:width\" content=\"951\" \/>\n\t<meta property=\"og:image:height\" content=\"521\" \/>\n\t<meta property=\"og:image:type\" content=\"image\/jpeg\" \/>\n<meta name=\"author\" content=\"Gustavo Silva\" \/>\n<meta name=\"twitter:card\" content=\"summary_large_image\" \/>\n<meta name=\"twitter:label1\" content=\"Escrito por\" \/>\n\t<meta name=\"twitter:data1\" content=\"Gustavo Silva\" \/>\n\t<meta name=\"twitter:label2\" content=\"Est. tempo de leitura\" \/>\n\t<meta name=\"twitter:data2\" content=\"5 minutos\" \/>\n<script type=\"application\/ld+json\" class=\"yoast-schema-graph\">{\"@context\":\"https:\\\/\\\/schema.org\",\"@graph\":[{\"@type\":\"Article\",\"@id\":\"https:\\\/\\\/redenoticiaz.com.br\\\/litoralsp\\\/2024\\\/08\\\/25\\\/oms-estima-custo-de-us-135-milhoes-em-6-meses-para-conter-mpox#article\",\"isPartOf\":{\"@id\":\"https:\\\/\\\/redenoticiaz.com.br\\\/litoralsp\\\/2024\\\/08\\\/25\\\/oms-estima-custo-de-us-135-milhoes-em-6-meses-para-conter-mpox\"},\"author\":{\"name\":\"Gustavo Silva\",\"@id\":\"https:\\\/\\\/redenoticiaz.com.br\\\/litoralsp\\\/#\\\/schema\\\/person\\\/16057b37a3c0ee6b096d7f887c566e2e\"},\"headline\":\"OMS estima custo de US$ 135 milh\u00f5es em 6 meses para conter mpox\",\"datePublished\":\"2024-08-25T19:00:06+00:00\",\"mainEntityOfPage\":{\"@id\":\"https:\\\/\\\/redenoticiaz.com.br\\\/litoralsp\\\/2024\\\/08\\\/25\\\/oms-estima-custo-de-us-135-milhoes-em-6-meses-para-conter-mpox\"},\"wordCount\":722,\"commentCount\":0,\"publisher\":{\"@id\":\"https:\\\/\\\/redenoticiaz.com.br\\\/litoralsp\\\/#organization\"},\"image\":{\"@id\":\"https:\\\/\\\/redenoticiaz.com.br\\\/litoralsp\\\/2024\\\/08\\\/25\\\/oms-estima-custo-de-us-135-milhoes-em-6-meses-para-conter-mpox#primaryimage\"},\"thumbnailUrl\":\"https:\\\/\\\/redenoticiaz.com.br\\\/litoralsp\\\/wp-content\\\/uploads\\\/sites\\\/3\\\/2023\\\/05\\\/MPOX.jpg?v=1683819082\",\"keywords\":[\"MPOX\",\"OMS\"],\"articleSection\":[\"Sa\u00fade\"],\"inLanguage\":\"pt-BR\",\"potentialAction\":[{\"@type\":\"CommentAction\",\"name\":\"Comment\",\"target\":[\"https:\\\/\\\/redenoticiaz.com.br\\\/litoralsp\\\/2024\\\/08\\\/25\\\/oms-estima-custo-de-us-135-milhoes-em-6-meses-para-conter-mpox#respond\"]}]},{\"@type\":\"WebPage\",\"@id\":\"https:\\\/\\\/redenoticiaz.com.br\\\/litoralsp\\\/2024\\\/08\\\/25\\\/oms-estima-custo-de-us-135-milhoes-em-6-meses-para-conter-mpox\",\"url\":\"https:\\\/\\\/redenoticiaz.com.br\\\/litoralsp\\\/2024\\\/08\\\/25\\\/oms-estima-custo-de-us-135-milhoes-em-6-meses-para-conter-mpox\",\"name\":\"OMS estima custo de US$ 135 milh\u00f5es em 6 meses para conter mpox - Litoral SP\",\"isPartOf\":{\"@id\":\"https:\\\/\\\/redenoticiaz.com.br\\\/litoralsp\\\/#website\"},\"primaryImageOfPage\":{\"@id\":\"https:\\\/\\\/redenoticiaz.com.br\\\/litoralsp\\\/2024\\\/08\\\/25\\\/oms-estima-custo-de-us-135-milhoes-em-6-meses-para-conter-mpox#primaryimage\"},\"image\":{\"@id\":\"https:\\\/\\\/redenoticiaz.com.br\\\/litoralsp\\\/2024\\\/08\\\/25\\\/oms-estima-custo-de-us-135-milhoes-em-6-meses-para-conter-mpox#primaryimage\"},\"thumbnailUrl\":\"https:\\\/\\\/redenoticiaz.com.br\\\/litoralsp\\\/wp-content\\\/uploads\\\/sites\\\/3\\\/2023\\\/05\\\/MPOX.jpg?v=1683819082\",\"datePublished\":\"2024-08-25T19:00:06+00:00\",\"description\":\"O diretor-geral da Organiza\u00e7\u00e3o Mundial da Sa\u00fade (OMS), Tedros Adhanom Ghebreyesus, voltou a pedir esfor\u00e7os coordenados de maneira global para conter a epidemia de mpox.\",\"inLanguage\":\"pt-BR\",\"potentialAction\":[{\"@type\":\"ReadAction\",\"target\":[\"https:\\\/\\\/redenoticiaz.com.br\\\/litoralsp\\\/2024\\\/08\\\/25\\\/oms-estima-custo-de-us-135-milhoes-em-6-meses-para-conter-mpox\"]}]},{\"@type\":\"ImageObject\",\"inLanguage\":\"pt-BR\",\"@id\":\"https:\\\/\\\/redenoticiaz.com.br\\\/litoralsp\\\/2024\\\/08\\\/25\\\/oms-estima-custo-de-us-135-milhoes-em-6-meses-para-conter-mpox#primaryimage\",\"url\":\"https:\\\/\\\/redenoticiaz.com.br\\\/litoralsp\\\/wp-content\\\/uploads\\\/sites\\\/3\\\/2023\\\/05\\\/MPOX.jpg?v=1683819082\",\"contentUrl\":\"https:\\\/\\\/redenoticiaz.com.br\\\/litoralsp\\\/wp-content\\\/uploads\\\/sites\\\/3\\\/2023\\\/05\\\/MPOX.jpg?v=1683819082\",\"width\":951,\"height\":521,\"caption\":\"Cr\u00e9ditos: Divulga\u00e7\u00e3o\"},{\"@type\":\"WebSite\",\"@id\":\"https:\\\/\\\/redenoticiaz.com.br\\\/litoralsp\\\/#website\",\"url\":\"https:\\\/\\\/redenoticiaz.com.br\\\/litoralsp\\\/\",\"name\":\"Litoral SP\",\"description\":\"Rede NoticiaZ\",\"publisher\":{\"@id\":\"https:\\\/\\\/redenoticiaz.com.br\\\/litoralsp\\\/#organization\"},\"potentialAction\":[{\"@type\":\"SearchAction\",\"target\":{\"@type\":\"EntryPoint\",\"urlTemplate\":\"https:\\\/\\\/redenoticiaz.com.br\\\/litoralsp\\\/?s={search_term_string}\"},\"query-input\":{\"@type\":\"PropertyValueSpecification\",\"valueRequired\":true,\"valueName\":\"search_term_string\"}}],\"inLanguage\":\"pt-BR\"},{\"@type\":\"Organization\",\"@id\":\"https:\\\/\\\/redenoticiaz.com.br\\\/litoralsp\\\/#organization\",\"name\":\"Litoral SP\",\"url\":\"https:\\\/\\\/redenoticiaz.com.br\\\/litoralsp\\\/\",\"logo\":{\"@type\":\"ImageObject\",\"inLanguage\":\"pt-BR\",\"@id\":\"https:\\\/\\\/redenoticiaz.com.br\\\/litoralsp\\\/#\\\/schema\\\/logo\\\/image\\\/\",\"url\":\"https:\\\/\\\/redenoticiaz.com.br\\\/litoralsp\\\/wp-content\\\/uploads\\\/sites\\\/3\\\/2020\\\/11\\\/logo.jpg\",\"contentUrl\":\"https:\\\/\\\/redenoticiaz.com.br\\\/litoralsp\\\/wp-content\\\/uploads\\\/sites\\\/3\\\/2020\\\/11\\\/logo.jpg\",\"width\":400,\"height\":250,\"caption\":\"Litoral SP\"},\"image\":{\"@id\":\"https:\\\/\\\/redenoticiaz.com.br\\\/litoralsp\\\/#\\\/schema\\\/logo\\\/image\\\/\"}},{\"@type\":\"Person\",\"@id\":\"https:\\\/\\\/redenoticiaz.com.br\\\/litoralsp\\\/#\\\/schema\\\/person\\\/16057b37a3c0ee6b096d7f887c566e2e\",\"name\":\"Gustavo Silva\",\"image\":{\"@type\":\"ImageObject\",\"inLanguage\":\"pt-BR\",\"@id\":\"https:\\\/\\\/secure.gravatar.com\\\/avatar\\\/3ee4e82f93b26de0a7cf4ea5eb7893da637ed6bb0c9170c58065944c56e28a33?s=96&d=mm&r=g\",\"url\":\"https:\\\/\\\/secure.gravatar.com\\\/avatar\\\/3ee4e82f93b26de0a7cf4ea5eb7893da637ed6bb0c9170c58065944c56e28a33?s=96&d=mm&r=g\",\"contentUrl\":\"https:\\\/\\\/secure.gravatar.com\\\/avatar\\\/3ee4e82f93b26de0a7cf4ea5eb7893da637ed6bb0c9170c58065944c56e28a33?s=96&d=mm&r=g\",\"caption\":\"Gustavo Silva\"},\"url\":\"https:\\\/\\\/redenoticiaz.com.br\\\/litoralsp\\\/author\\\/gustavosilva\"}]}<\/script>\n<!-- \/ Yoast SEO plugin. -->","yoast_head_json":{"title":"OMS estima custo de US$ 135 milh\u00f5es em 6 meses para conter mpox - Litoral SP","description":"O diretor-geral da Organiza\u00e7\u00e3o Mundial da Sa\u00fade (OMS), Tedros Adhanom Ghebreyesus, voltou a pedir esfor\u00e7os coordenados de maneira global para conter a epidemia de mpox.","robots":{"index":"index","follow":"follow","max-snippet":"max-snippet:-1","max-image-preview":"max-image-preview:large","max-video-preview":"max-video-preview:-1"},"canonical":"https:\/\/redenoticiaz.com.br\/litoralsp\/2024\/08\/25\/oms-estima-custo-de-us-135-milhoes-em-6-meses-para-conter-mpox","og_locale":"pt_BR","og_type":"article","og_title":"OMS estima custo de US$ 135 milh\u00f5es em 6 meses para conter mpox - Litoral SP","og_description":"O diretor-geral da Organiza\u00e7\u00e3o Mundial da Sa\u00fade (OMS), Tedros Adhanom Ghebreyesus, voltou a pedir esfor\u00e7os coordenados de maneira global para conter a epidemia de mpox.","og_url":"https:\/\/redenoticiaz.com.br\/litoralsp\/2024\/08\/25\/oms-estima-custo-de-us-135-milhoes-em-6-meses-para-conter-mpox","og_site_name":"Litoral SP","article_published_time":"2024-08-25T19:00:06+00:00","og_image":[{"width":951,"height":521,"url":"https:\/\/redenoticiaz.com.br\/litoralsp\/wp-content\/uploads\/sites\/3\/2023\/05\/MPOX.jpg?v=1683819082","type":"image\/jpeg"}],"author":"Gustavo Silva","twitter_card":"summary_large_image","twitter_misc":{"Escrito por":"Gustavo Silva","Est. tempo de leitura":"5 minutos"},"schema":{"@context":"https:\/\/schema.org","@graph":[{"@type":"Article","@id":"https:\/\/redenoticiaz.com.br\/litoralsp\/2024\/08\/25\/oms-estima-custo-de-us-135-milhoes-em-6-meses-para-conter-mpox#article","isPartOf":{"@id":"https:\/\/redenoticiaz.com.br\/litoralsp\/2024\/08\/25\/oms-estima-custo-de-us-135-milhoes-em-6-meses-para-conter-mpox"},"author":{"name":"Gustavo Silva","@id":"https:\/\/redenoticiaz.com.br\/litoralsp\/#\/schema\/person\/16057b37a3c0ee6b096d7f887c566e2e"},"headline":"OMS estima custo de US$ 135 milh\u00f5es em 6 meses para conter mpox","datePublished":"2024-08-25T19:00:06+00:00","mainEntityOfPage":{"@id":"https:\/\/redenoticiaz.com.br\/litoralsp\/2024\/08\/25\/oms-estima-custo-de-us-135-milhoes-em-6-meses-para-conter-mpox"},"wordCount":722,"commentCount":0,"publisher":{"@id":"https:\/\/redenoticiaz.com.br\/litoralsp\/#organization"},"image":{"@id":"https:\/\/redenoticiaz.com.br\/litoralsp\/2024\/08\/25\/oms-estima-custo-de-us-135-milhoes-em-6-meses-para-conter-mpox#primaryimage"},"thumbnailUrl":"https:\/\/redenoticiaz.com.br\/litoralsp\/wp-content\/uploads\/sites\/3\/2023\/05\/MPOX.jpg?v=1683819082","keywords":["MPOX","OMS"],"articleSection":["Sa\u00fade"],"inLanguage":"pt-BR","potentialAction":[{"@type":"CommentAction","name":"Comment","target":["https:\/\/redenoticiaz.com.br\/litoralsp\/2024\/08\/25\/oms-estima-custo-de-us-135-milhoes-em-6-meses-para-conter-mpox#respond"]}]},{"@type":"WebPage","@id":"https:\/\/redenoticiaz.com.br\/litoralsp\/2024\/08\/25\/oms-estima-custo-de-us-135-milhoes-em-6-meses-para-conter-mpox","url":"https:\/\/redenoticiaz.com.br\/litoralsp\/2024\/08\/25\/oms-estima-custo-de-us-135-milhoes-em-6-meses-para-conter-mpox","name":"OMS estima custo de US$ 135 milh\u00f5es em 6 meses para conter mpox - Litoral SP","isPartOf":{"@id":"https:\/\/redenoticiaz.com.br\/litoralsp\/#website"},"primaryImageOfPage":{"@id":"https:\/\/redenoticiaz.com.br\/litoralsp\/2024\/08\/25\/oms-estima-custo-de-us-135-milhoes-em-6-meses-para-conter-mpox#primaryimage"},"image":{"@id":"https:\/\/redenoticiaz.com.br\/litoralsp\/2024\/08\/25\/oms-estima-custo-de-us-135-milhoes-em-6-meses-para-conter-mpox#primaryimage"},"thumbnailUrl":"https:\/\/redenoticiaz.com.br\/litoralsp\/wp-content\/uploads\/sites\/3\/2023\/05\/MPOX.jpg?v=1683819082","datePublished":"2024-08-25T19:00:06+00:00","description":"O diretor-geral da Organiza\u00e7\u00e3o Mundial da Sa\u00fade (OMS), Tedros Adhanom Ghebreyesus, voltou a pedir esfor\u00e7os coordenados de maneira global para conter a epidemia de mpox.","inLanguage":"pt-BR","potentialAction":[{"@type":"ReadAction","target":["https:\/\/redenoticiaz.com.br\/litoralsp\/2024\/08\/25\/oms-estima-custo-de-us-135-milhoes-em-6-meses-para-conter-mpox"]}]},{"@type":"ImageObject","inLanguage":"pt-BR","@id":"https:\/\/redenoticiaz.com.br\/litoralsp\/2024\/08\/25\/oms-estima-custo-de-us-135-milhoes-em-6-meses-para-conter-mpox#primaryimage","url":"https:\/\/redenoticiaz.com.br\/litoralsp\/wp-content\/uploads\/sites\/3\/2023\/05\/MPOX.jpg?v=1683819082","contentUrl":"https:\/\/redenoticiaz.com.br\/litoralsp\/wp-content\/uploads\/sites\/3\/2023\/05\/MPOX.jpg?v=1683819082","width":951,"height":521,"caption":"Cr\u00e9ditos: Divulga\u00e7\u00e3o"},{"@type":"WebSite","@id":"https:\/\/redenoticiaz.com.br\/litoralsp\/#website","url":"https:\/\/redenoticiaz.com.br\/litoralsp\/","name":"Litoral SP","description":"Rede NoticiaZ","publisher":{"@id":"https:\/\/redenoticiaz.com.br\/litoralsp\/#organization"},"potentialAction":[{"@type":"SearchAction","target":{"@type":"EntryPoint","urlTemplate":"https:\/\/redenoticiaz.com.br\/litoralsp\/?s={search_term_string}"},"query-input":{"@type":"PropertyValueSpecification","valueRequired":true,"valueName":"search_term_string"}}],"inLanguage":"pt-BR"},{"@type":"Organization","@id":"https:\/\/redenoticiaz.com.br\/litoralsp\/#organization","name":"Litoral SP","url":"https:\/\/redenoticiaz.com.br\/litoralsp\/","logo":{"@type":"ImageObject","inLanguage":"pt-BR","@id":"https:\/\/redenoticiaz.com.br\/litoralsp\/#\/schema\/logo\/image\/","url":"https:\/\/redenoticiaz.com.br\/litoralsp\/wp-content\/uploads\/sites\/3\/2020\/11\/logo.jpg","contentUrl":"https:\/\/redenoticiaz.com.br\/litoralsp\/wp-content\/uploads\/sites\/3\/2020\/11\/logo.jpg","width":400,"height":250,"caption":"Litoral SP"},"image":{"@id":"https:\/\/redenoticiaz.com.br\/litoralsp\/#\/schema\/logo\/image\/"}},{"@type":"Person","@id":"https:\/\/redenoticiaz.com.br\/litoralsp\/#\/schema\/person\/16057b37a3c0ee6b096d7f887c566e2e","name":"Gustavo Silva","image":{"@type":"ImageObject","inLanguage":"pt-BR","@id":"https:\/\/secure.gravatar.com\/avatar\/3ee4e82f93b26de0a7cf4ea5eb7893da637ed6bb0c9170c58065944c56e28a33?s=96&d=mm&r=g","url":"https:\/\/secure.gravatar.com\/avatar\/3ee4e82f93b26de0a7cf4ea5eb7893da637ed6bb0c9170c58065944c56e28a33?s=96&d=mm&r=g","contentUrl":"https:\/\/secure.gravatar.com\/avatar\/3ee4e82f93b26de0a7cf4ea5eb7893da637ed6bb0c9170c58065944c56e28a33?s=96&d=mm&r=g","caption":"Gustavo Silva"},"url":"https:\/\/redenoticiaz.com.br\/litoralsp\/author\/gustavosilva"}]}},"_links":{"self":[{"href":"https:\/\/redenoticiaz.com.br\/litoralsp\/wp-json\/wp\/v2\/posts\/117902","targetHints":{"allow":["GET"]}}],"collection":[{"href":"https:\/\/redenoticiaz.com.br\/litoralsp\/wp-json\/wp\/v2\/posts"}],"about":[{"href":"https:\/\/redenoticiaz.com.br\/litoralsp\/wp-json\/wp\/v2\/types\/post"}],"author":[{"embeddable":true,"href":"https:\/\/redenoticiaz.com.br\/litoralsp\/wp-json\/wp\/v2\/users\/12"}],"replies":[{"embeddable":true,"href":"https:\/\/redenoticiaz.com.br\/litoralsp\/wp-json\/wp\/v2\/comments?post=117902"}],"version-history":[{"count":1,"href":"https:\/\/redenoticiaz.com.br\/litoralsp\/wp-json\/wp\/v2\/posts\/117902\/revisions"}],"predecessor-version":[{"id":117903,"href":"https:\/\/redenoticiaz.com.br\/litoralsp\/wp-json\/wp\/v2\/posts\/117902\/revisions\/117903"}],"wp:featuredmedia":[{"embeddable":true,"href":"https:\/\/redenoticiaz.com.br\/litoralsp\/wp-json\/wp\/v2\/media\/105538"}],"wp:attachment":[{"href":"https:\/\/redenoticiaz.com.br\/litoralsp\/wp-json\/wp\/v2\/media?parent=117902"}],"wp:term":[{"taxonomy":"category","embeddable":true,"href":"https:\/\/redenoticiaz.com.br\/litoralsp\/wp-json\/wp\/v2\/categories?post=117902"},{"taxonomy":"post_tag","embeddable":true,"href":"https:\/\/redenoticiaz.com.br\/litoralsp\/wp-json\/wp\/v2\/tags?post=117902"}],"curies":[{"name":"wp","href":"https:\/\/api.w.org\/{rel}","templated":true}]}}