{"id":117919,"date":"2024-08-24T13:16:46","date_gmt":"2024-08-24T16:16:46","guid":{"rendered":"https:\/\/redenoticiaz.com.br\/litoralsp\/2024\/08\/24\/justica-eleitoral-determina-suspensao-dos-perfis-de-pablo-marcal-nas-redes-sociais"},"modified":"2024-08-24T13:16:46","modified_gmt":"2024-08-24T16:16:46","slug":"justica-eleitoral-determina-suspensao-dos-perfis-de-pablo-marcal-nas-redes-sociais","status":"publish","type":"post","link":"https:\/\/redenoticiaz.com.br\/litoralsp\/2024\/08\/24\/justica-eleitoral-determina-suspensao-dos-perfis-de-pablo-marcal-nas-redes-sociais","title":{"rendered":"Justi\u00e7a Eleitoral determina suspens\u00e3o dos perfis de Pablo Mar\u00e7al nas redes sociais"},"content":{"rendered":"<p>A Justi\u00e7a Eleitoral ordenou a suspens\u00e3o dos perfis do candidato Pablo Mar\u00e7al (PRTB) em diversas redes sociais. A decis\u00e3o, concedida em car\u00e1ter liminar, foi resultado de uma a\u00e7\u00e3o movida pelo PSB.<\/p>\n<p>Com isso, as contas do influenciador no Facebook, Instagram, Meta, TikTok e X (antigo Twitter) foram bloqueadas.<\/p>\n<p>A medida visa restringir a atua\u00e7\u00e3o de Mar\u00e7al nas plataformas durante o per\u00edodo eleitoral, conforme solicitado pelo PSB.<\/p>\n<p>LEIA MAIS<\/p>\n<p><a href=\"https:\/\/redenoticiaz.com.br\/blog\/2024\/08\/24\/mpox-a-nova-doenca-viral-que-preocupa-mas-e-diferente-da-covid-19\">Mpox: a nova doen\u00e7a viral que preocupa, mas \u00e9 diferente da Covid-19<\/a><\/p>\n<p><a href=\"https:\/\/redenoticiaz.com.br\/blog\/2024\/08\/24\/justin-e-hailey-bieber-sao-pais-nasce-o-primeiro-filho-do-casal\">Justin e Hailey Bieber s\u00e3o pais! Nasce o primeiro filho do casal<\/a><\/p>\n<p><a href=\"https:\/\/redenoticiaz.com.br\/blog\/2024\/08\/24\/ex-bbb-e-internado-as-pressas\">Ex-BBB \u00e9 internado \u00e0s pressas<\/a><\/p>\n","protected":false},"excerpt":{"rendered":"<p>A Justi\u00e7a Eleitoral ordenou a suspens\u00e3o dos perfis do candidato Pablo Mar\u00e7al (PRTB) em diversas redes sociais. A decis\u00e3o, concedida em car\u00e1ter liminar, foi resultado de uma a\u00e7\u00e3o movida pelo PSB. Com isso, as contas do influenciador no Facebook, Instagram, Meta, TikTok e X (antigo Twitter) foram bloqueadas. A medida visa restringir a atua\u00e7\u00e3o de &hellip;<\/p>\n","protected":false},"author":30,"featured_media":117920,"comment_status":"open","ping_status":"closed","sticky":false,"template":"","format":"standard","meta":{"footnotes":""},"categories":[15],"tags":[68590,9657,1907],"class_list":["post-117919","post","type-post","status-publish","format-standard","has-post-thumbnail","hentry","category-politica","tag-pablo-marcal","tag-redes-sociais","tag-suspensao"],"yoast_head":"<!-- This site is optimized with the Yoast SEO plugin v27.5 - https:\/\/yoast.com\/product\/yoast-seo-wordpress\/ -->\n<title>Justi\u00e7a Eleitoral determina suspens\u00e3o dos perfis de Pablo Mar\u00e7al nas redes sociais - Litoral SP<\/title>\n<meta name=\"description\" content=\"A Justi\u00e7a Eleitoral ordenou a suspens\u00e3o dos perfis do candidato Pablo Mar\u00e7al (PRTB) em diversas redes sociais. A decis\u00e3o, concedida em car\u00e1ter liminar...\" \/>\n<meta name=\"robots\" content=\"index, follow, max-snippet:-1, max-image-preview:large, max-video-preview:-1\" \/>\n<link rel=\"canonical\" href=\"https:\/\/redenoticiaz.com.br\/litoralsp\/2024\/08\/24\/justica-eleitoral-determina-suspensao-dos-perfis-de-pablo-marcal-nas-redes-sociais\" \/>\n<meta property=\"og:locale\" content=\"pt_BR\" \/>\n<meta property=\"og:type\" content=\"article\" \/>\n<meta property=\"og:title\" content=\"Justi\u00e7a Eleitoral determina suspens\u00e3o dos perfis de Pablo Mar\u00e7al nas redes sociais - Litoral SP\" \/>\n<meta property=\"og:description\" content=\"A Justi\u00e7a Eleitoral ordenou a suspens\u00e3o dos perfis do candidato Pablo Mar\u00e7al (PRTB) em diversas redes sociais. A decis\u00e3o, concedida em car\u00e1ter liminar...\" \/>\n<meta property=\"og:url\" content=\"https:\/\/redenoticiaz.com.br\/litoralsp\/2024\/08\/24\/justica-eleitoral-determina-suspensao-dos-perfis-de-pablo-marcal-nas-redes-sociais\" \/>\n<meta property=\"og:site_name\" content=\"Litoral SP\" \/>\n<meta property=\"article:published_time\" content=\"2024-08-24T16:16:46+00:00\" \/>\n<meta property=\"og:image\" content=\"https:\/\/redenoticiaz.com.br\/litoralsp\/wp-content\/uploads\/sites\/3\/2024\/08\/Captura-de-tela-2024-08-24-131554.png?v=1724516162\" \/>\n\t<meta property=\"og:image:width\" content=\"384\" \/>\n\t<meta property=\"og:image:height\" content=\"255\" \/>\n\t<meta property=\"og:image:type\" content=\"image\/png\" \/>\n<meta name=\"author\" content=\"Carina Reifonas\" \/>\n<meta name=\"twitter:card\" content=\"summary_large_image\" \/>\n<meta name=\"twitter:label1\" content=\"Escrito por\" \/>\n\t<meta name=\"twitter:data1\" content=\"Carina Reifonas\" \/>\n\t<meta name=\"twitter:label2\" content=\"Est. tempo de leitura\" \/>\n\t<meta name=\"twitter:data2\" content=\"1 minuto\" \/>\n<script type=\"application\/ld+json\" class=\"yoast-schema-graph\">{\"@context\":\"https:\\\/\\\/schema.org\",\"@graph\":[{\"@type\":\"Article\",\"@id\":\"https:\\\/\\\/redenoticiaz.com.br\\\/litoralsp\\\/2024\\\/08\\\/24\\\/justica-eleitoral-determina-suspensao-dos-perfis-de-pablo-marcal-nas-redes-sociais#article\",\"isPartOf\":{\"@id\":\"https:\\\/\\\/redenoticiaz.com.br\\\/litoralsp\\\/2024\\\/08\\\/24\\\/justica-eleitoral-determina-suspensao-dos-perfis-de-pablo-marcal-nas-redes-sociais\"},\"author\":{\"name\":\"Carina Reifonas\",\"@id\":\"https:\\\/\\\/redenoticiaz.com.br\\\/litoralsp\\\/#\\\/schema\\\/person\\\/1f84d6e94e6a62d2d81199d7503e9e90\"},\"headline\":\"Justi\u00e7a Eleitoral determina suspens\u00e3o dos perfis de Pablo Mar\u00e7al nas redes sociais\",\"datePublished\":\"2024-08-24T16:16:46+00:00\",\"mainEntityOfPage\":{\"@id\":\"https:\\\/\\\/redenoticiaz.com.br\\\/litoralsp\\\/2024\\\/08\\\/24\\\/justica-eleitoral-determina-suspensao-dos-perfis-de-pablo-marcal-nas-redes-sociais\"},\"wordCount\":121,\"commentCount\":0,\"publisher\":{\"@id\":\"https:\\\/\\\/redenoticiaz.com.br\\\/litoralsp\\\/#organization\"},\"image\":{\"@id\":\"https:\\\/\\\/redenoticiaz.com.br\\\/litoralsp\\\/2024\\\/08\\\/24\\\/justica-eleitoral-determina-suspensao-dos-perfis-de-pablo-marcal-nas-redes-sociais#primaryimage\"},\"thumbnailUrl\":\"https:\\\/\\\/redenoticiaz.com.br\\\/litoralsp\\\/wp-content\\\/uploads\\\/sites\\\/3\\\/2024\\\/08\\\/Captura-de-tela-2024-08-24-131554.png?v=1724516162\",\"keywords\":[\"Pablo Mar\u00e7al\",\"REDES SOCIAIS\",\"SUSPENS\u00c3O\"],\"articleSection\":[\"Pol\u00edtica\"],\"inLanguage\":\"pt-BR\",\"potentialAction\":[{\"@type\":\"CommentAction\",\"name\":\"Comment\",\"target\":[\"https:\\\/\\\/redenoticiaz.com.br\\\/litoralsp\\\/2024\\\/08\\\/24\\\/justica-eleitoral-determina-suspensao-dos-perfis-de-pablo-marcal-nas-redes-sociais#respond\"]}]},{\"@type\":\"WebPage\",\"@id\":\"https:\\\/\\\/redenoticiaz.com.br\\\/litoralsp\\\/2024\\\/08\\\/24\\\/justica-eleitoral-determina-suspensao-dos-perfis-de-pablo-marcal-nas-redes-sociais\",\"url\":\"https:\\\/\\\/redenoticiaz.com.br\\\/litoralsp\\\/2024\\\/08\\\/24\\\/justica-eleitoral-determina-suspensao-dos-perfis-de-pablo-marcal-nas-redes-sociais\",\"name\":\"Justi\u00e7a Eleitoral determina suspens\u00e3o dos perfis de Pablo Mar\u00e7al nas redes sociais - Litoral SP\",\"isPartOf\":{\"@id\":\"https:\\\/\\\/redenoticiaz.com.br\\\/litoralsp\\\/#website\"},\"primaryImageOfPage\":{\"@id\":\"https:\\\/\\\/redenoticiaz.com.br\\\/litoralsp\\\/2024\\\/08\\\/24\\\/justica-eleitoral-determina-suspensao-dos-perfis-de-pablo-marcal-nas-redes-sociais#primaryimage\"},\"image\":{\"@id\":\"https:\\\/\\\/redenoticiaz.com.br\\\/litoralsp\\\/2024\\\/08\\\/24\\\/justica-eleitoral-determina-suspensao-dos-perfis-de-pablo-marcal-nas-redes-sociais#primaryimage\"},\"thumbnailUrl\":\"https:\\\/\\\/redenoticiaz.com.br\\\/litoralsp\\\/wp-content\\\/uploads\\\/sites\\\/3\\\/2024\\\/08\\\/Captura-de-tela-2024-08-24-131554.png?v=1724516162\",\"datePublished\":\"2024-08-24T16:16:46+00:00\",\"description\":\"A Justi\u00e7a Eleitoral ordenou a suspens\u00e3o dos perfis do candidato Pablo Mar\u00e7al (PRTB) em diversas redes sociais. A decis\u00e3o, concedida em car\u00e1ter liminar...\",\"inLanguage\":\"pt-BR\",\"potentialAction\":[{\"@type\":\"ReadAction\",\"target\":[\"https:\\\/\\\/redenoticiaz.com.br\\\/litoralsp\\\/2024\\\/08\\\/24\\\/justica-eleitoral-determina-suspensao-dos-perfis-de-pablo-marcal-nas-redes-sociais\"]}]},{\"@type\":\"ImageObject\",\"inLanguage\":\"pt-BR\",\"@id\":\"https:\\\/\\\/redenoticiaz.com.br\\\/litoralsp\\\/2024\\\/08\\\/24\\\/justica-eleitoral-determina-suspensao-dos-perfis-de-pablo-marcal-nas-redes-sociais#primaryimage\",\"url\":\"https:\\\/\\\/redenoticiaz.com.br\\\/litoralsp\\\/wp-content\\\/uploads\\\/sites\\\/3\\\/2024\\\/08\\\/Captura-de-tela-2024-08-24-131554.png?v=1724516162\",\"contentUrl\":\"https:\\\/\\\/redenoticiaz.com.br\\\/litoralsp\\\/wp-content\\\/uploads\\\/sites\\\/3\\\/2024\\\/08\\\/Captura-de-tela-2024-08-24-131554.png?v=1724516162\",\"width\":384,\"height\":255},{\"@type\":\"WebSite\",\"@id\":\"https:\\\/\\\/redenoticiaz.com.br\\\/litoralsp\\\/#website\",\"url\":\"https:\\\/\\\/redenoticiaz.com.br\\\/litoralsp\\\/\",\"name\":\"Litoral SP\",\"description\":\"Rede NoticiaZ\",\"publisher\":{\"@id\":\"https:\\\/\\\/redenoticiaz.com.br\\\/litoralsp\\\/#organization\"},\"potentialAction\":[{\"@type\":\"SearchAction\",\"target\":{\"@type\":\"EntryPoint\",\"urlTemplate\":\"https:\\\/\\\/redenoticiaz.com.br\\\/litoralsp\\\/?s={search_term_string}\"},\"query-input\":{\"@type\":\"PropertyValueSpecification\",\"valueRequired\":true,\"valueName\":\"search_term_string\"}}],\"inLanguage\":\"pt-BR\"},{\"@type\":\"Organization\",\"@id\":\"https:\\\/\\\/redenoticiaz.com.br\\\/litoralsp\\\/#organization\",\"name\":\"Litoral SP\",\"url\":\"https:\\\/\\\/redenoticiaz.com.br\\\/litoralsp\\\/\",\"logo\":{\"@type\":\"ImageObject\",\"inLanguage\":\"pt-BR\",\"@id\":\"https:\\\/\\\/redenoticiaz.com.br\\\/litoralsp\\\/#\\\/schema\\\/logo\\\/image\\\/\",\"url\":\"https:\\\/\\\/redenoticiaz.com.br\\\/litoralsp\\\/wp-content\\\/uploads\\\/sites\\\/3\\\/2020\\\/11\\\/logo.jpg\",\"contentUrl\":\"https:\\\/\\\/redenoticiaz.com.br\\\/litoralsp\\\/wp-content\\\/uploads\\\/sites\\\/3\\\/2020\\\/11\\\/logo.jpg\",\"width\":400,\"height\":250,\"caption\":\"Litoral SP\"},\"image\":{\"@id\":\"https:\\\/\\\/redenoticiaz.com.br\\\/litoralsp\\\/#\\\/schema\\\/logo\\\/image\\\/\"}},{\"@type\":\"Person\",\"@id\":\"https:\\\/\\\/redenoticiaz.com.br\\\/litoralsp\\\/#\\\/schema\\\/person\\\/1f84d6e94e6a62d2d81199d7503e9e90\",\"name\":\"Carina Reifonas\",\"image\":{\"@type\":\"ImageObject\",\"inLanguage\":\"pt-BR\",\"@id\":\"https:\\\/\\\/secure.gravatar.com\\\/avatar\\\/04c59859b23696cf867715880f81d5c037e60109730bdb4e6670ec2a2245bc97?s=96&d=mm&r=g\",\"url\":\"https:\\\/\\\/secure.gravatar.com\\\/avatar\\\/04c59859b23696cf867715880f81d5c037e60109730bdb4e6670ec2a2245bc97?s=96&d=mm&r=g\",\"contentUrl\":\"https:\\\/\\\/secure.gravatar.com\\\/avatar\\\/04c59859b23696cf867715880f81d5c037e60109730bdb4e6670ec2a2245bc97?s=96&d=mm&r=g\",\"caption\":\"Carina Reifonas\"},\"url\":\"https:\\\/\\\/redenoticiaz.com.br\\\/litoralsp\\\/author\\\/carinareifonas\"}]}<\/script>\n<!-- \/ Yoast SEO plugin. -->","yoast_head_json":{"title":"Justi\u00e7a Eleitoral determina suspens\u00e3o dos perfis de Pablo Mar\u00e7al nas redes sociais - Litoral SP","description":"A Justi\u00e7a Eleitoral ordenou a suspens\u00e3o dos perfis do candidato Pablo Mar\u00e7al (PRTB) em diversas redes sociais. A decis\u00e3o, concedida em car\u00e1ter liminar...","robots":{"index":"index","follow":"follow","max-snippet":"max-snippet:-1","max-image-preview":"max-image-preview:large","max-video-preview":"max-video-preview:-1"},"canonical":"https:\/\/redenoticiaz.com.br\/litoralsp\/2024\/08\/24\/justica-eleitoral-determina-suspensao-dos-perfis-de-pablo-marcal-nas-redes-sociais","og_locale":"pt_BR","og_type":"article","og_title":"Justi\u00e7a Eleitoral determina suspens\u00e3o dos perfis de Pablo Mar\u00e7al nas redes sociais - Litoral SP","og_description":"A Justi\u00e7a Eleitoral ordenou a suspens\u00e3o dos perfis do candidato Pablo Mar\u00e7al (PRTB) em diversas redes sociais. A decis\u00e3o, concedida em car\u00e1ter liminar...","og_url":"https:\/\/redenoticiaz.com.br\/litoralsp\/2024\/08\/24\/justica-eleitoral-determina-suspensao-dos-perfis-de-pablo-marcal-nas-redes-sociais","og_site_name":"Litoral SP","article_published_time":"2024-08-24T16:16:46+00:00","og_image":[{"width":384,"height":255,"url":"https:\/\/redenoticiaz.com.br\/litoralsp\/wp-content\/uploads\/sites\/3\/2024\/08\/Captura-de-tela-2024-08-24-131554.png?v=1724516162","type":"image\/png"}],"author":"Carina Reifonas","twitter_card":"summary_large_image","twitter_misc":{"Escrito por":"Carina Reifonas","Est. tempo de leitura":"1 minuto"},"schema":{"@context":"https:\/\/schema.org","@graph":[{"@type":"Article","@id":"https:\/\/redenoticiaz.com.br\/litoralsp\/2024\/08\/24\/justica-eleitoral-determina-suspensao-dos-perfis-de-pablo-marcal-nas-redes-sociais#article","isPartOf":{"@id":"https:\/\/redenoticiaz.com.br\/litoralsp\/2024\/08\/24\/justica-eleitoral-determina-suspensao-dos-perfis-de-pablo-marcal-nas-redes-sociais"},"author":{"name":"Carina Reifonas","@id":"https:\/\/redenoticiaz.com.br\/litoralsp\/#\/schema\/person\/1f84d6e94e6a62d2d81199d7503e9e90"},"headline":"Justi\u00e7a Eleitoral determina suspens\u00e3o dos perfis de Pablo Mar\u00e7al nas redes sociais","datePublished":"2024-08-24T16:16:46+00:00","mainEntityOfPage":{"@id":"https:\/\/redenoticiaz.com.br\/litoralsp\/2024\/08\/24\/justica-eleitoral-determina-suspensao-dos-perfis-de-pablo-marcal-nas-redes-sociais"},"wordCount":121,"commentCount":0,"publisher":{"@id":"https:\/\/redenoticiaz.com.br\/litoralsp\/#organization"},"image":{"@id":"https:\/\/redenoticiaz.com.br\/litoralsp\/2024\/08\/24\/justica-eleitoral-determina-suspensao-dos-perfis-de-pablo-marcal-nas-redes-sociais#primaryimage"},"thumbnailUrl":"https:\/\/redenoticiaz.com.br\/litoralsp\/wp-content\/uploads\/sites\/3\/2024\/08\/Captura-de-tela-2024-08-24-131554.png?v=1724516162","keywords":["Pablo Mar\u00e7al","REDES SOCIAIS","SUSPENS\u00c3O"],"articleSection":["Pol\u00edtica"],"inLanguage":"pt-BR","potentialAction":[{"@type":"CommentAction","name":"Comment","target":["https:\/\/redenoticiaz.com.br\/litoralsp\/2024\/08\/24\/justica-eleitoral-determina-suspensao-dos-perfis-de-pablo-marcal-nas-redes-sociais#respond"]}]},{"@type":"WebPage","@id":"https:\/\/redenoticiaz.com.br\/litoralsp\/2024\/08\/24\/justica-eleitoral-determina-suspensao-dos-perfis-de-pablo-marcal-nas-redes-sociais","url":"https:\/\/redenoticiaz.com.br\/litoralsp\/2024\/08\/24\/justica-eleitoral-determina-suspensao-dos-perfis-de-pablo-marcal-nas-redes-sociais","name":"Justi\u00e7a Eleitoral determina suspens\u00e3o dos perfis de Pablo Mar\u00e7al nas redes sociais - Litoral SP","isPartOf":{"@id":"https:\/\/redenoticiaz.com.br\/litoralsp\/#website"},"primaryImageOfPage":{"@id":"https:\/\/redenoticiaz.com.br\/litoralsp\/2024\/08\/24\/justica-eleitoral-determina-suspensao-dos-perfis-de-pablo-marcal-nas-redes-sociais#primaryimage"},"image":{"@id":"https:\/\/redenoticiaz.com.br\/litoralsp\/2024\/08\/24\/justica-eleitoral-determina-suspensao-dos-perfis-de-pablo-marcal-nas-redes-sociais#primaryimage"},"thumbnailUrl":"https:\/\/redenoticiaz.com.br\/litoralsp\/wp-content\/uploads\/sites\/3\/2024\/08\/Captura-de-tela-2024-08-24-131554.png?v=1724516162","datePublished":"2024-08-24T16:16:46+00:00","description":"A Justi\u00e7a Eleitoral ordenou a suspens\u00e3o dos perfis do candidato Pablo Mar\u00e7al (PRTB) em diversas redes sociais. A decis\u00e3o, concedida em car\u00e1ter liminar...","inLanguage":"pt-BR","potentialAction":[{"@type":"ReadAction","target":["https:\/\/redenoticiaz.com.br\/litoralsp\/2024\/08\/24\/justica-eleitoral-determina-suspensao-dos-perfis-de-pablo-marcal-nas-redes-sociais"]}]},{"@type":"ImageObject","inLanguage":"pt-BR","@id":"https:\/\/redenoticiaz.com.br\/litoralsp\/2024\/08\/24\/justica-eleitoral-determina-suspensao-dos-perfis-de-pablo-marcal-nas-redes-sociais#primaryimage","url":"https:\/\/redenoticiaz.com.br\/litoralsp\/wp-content\/uploads\/sites\/3\/2024\/08\/Captura-de-tela-2024-08-24-131554.png?v=1724516162","contentUrl":"https:\/\/redenoticiaz.com.br\/litoralsp\/wp-content\/uploads\/sites\/3\/2024\/08\/Captura-de-tela-2024-08-24-131554.png?v=1724516162","width":384,"height":255},{"@type":"WebSite","@id":"https:\/\/redenoticiaz.com.br\/litoralsp\/#website","url":"https:\/\/redenoticiaz.com.br\/litoralsp\/","name":"Litoral SP","description":"Rede NoticiaZ","publisher":{"@id":"https:\/\/redenoticiaz.com.br\/litoralsp\/#organization"},"potentialAction":[{"@type":"SearchAction","target":{"@type":"EntryPoint","urlTemplate":"https:\/\/redenoticiaz.com.br\/litoralsp\/?s={search_term_string}"},"query-input":{"@type":"PropertyValueSpecification","valueRequired":true,"valueName":"search_term_string"}}],"inLanguage":"pt-BR"},{"@type":"Organization","@id":"https:\/\/redenoticiaz.com.br\/litoralsp\/#organization","name":"Litoral SP","url":"https:\/\/redenoticiaz.com.br\/litoralsp\/","logo":{"@type":"ImageObject","inLanguage":"pt-BR","@id":"https:\/\/redenoticiaz.com.br\/litoralsp\/#\/schema\/logo\/image\/","url":"https:\/\/redenoticiaz.com.br\/litoralsp\/wp-content\/uploads\/sites\/3\/2020\/11\/logo.jpg","contentUrl":"https:\/\/redenoticiaz.com.br\/litoralsp\/wp-content\/uploads\/sites\/3\/2020\/11\/logo.jpg","width":400,"height":250,"caption":"Litoral SP"},"image":{"@id":"https:\/\/redenoticiaz.com.br\/litoralsp\/#\/schema\/logo\/image\/"}},{"@type":"Person","@id":"https:\/\/redenoticiaz.com.br\/litoralsp\/#\/schema\/person\/1f84d6e94e6a62d2d81199d7503e9e90","name":"Carina Reifonas","image":{"@type":"ImageObject","inLanguage":"pt-BR","@id":"https:\/\/secure.gravatar.com\/avatar\/04c59859b23696cf867715880f81d5c037e60109730bdb4e6670ec2a2245bc97?s=96&d=mm&r=g","url":"https:\/\/secure.gravatar.com\/avatar\/04c59859b23696cf867715880f81d5c037e60109730bdb4e6670ec2a2245bc97?s=96&d=mm&r=g","contentUrl":"https:\/\/secure.gravatar.com\/avatar\/04c59859b23696cf867715880f81d5c037e60109730bdb4e6670ec2a2245bc97?s=96&d=mm&r=g","caption":"Carina Reifonas"},"url":"https:\/\/redenoticiaz.com.br\/litoralsp\/author\/carinareifonas"}]}},"_links":{"self":[{"href":"https:\/\/redenoticiaz.com.br\/litoralsp\/wp-json\/wp\/v2\/posts\/117919","targetHints":{"allow":["GET"]}}],"collection":[{"href":"https:\/\/redenoticiaz.com.br\/litoralsp\/wp-json\/wp\/v2\/posts"}],"about":[{"href":"https:\/\/redenoticiaz.com.br\/litoralsp\/wp-json\/wp\/v2\/types\/post"}],"author":[{"embeddable":true,"href":"https:\/\/redenoticiaz.com.br\/litoralsp\/wp-json\/wp\/v2\/users\/30"}],"replies":[{"embeddable":true,"href":"https:\/\/redenoticiaz.com.br\/litoralsp\/wp-json\/wp\/v2\/comments?post=117919"}],"version-history":[{"count":0,"href":"https:\/\/redenoticiaz.com.br\/litoralsp\/wp-json\/wp\/v2\/posts\/117919\/revisions"}],"wp:featuredmedia":[{"embeddable":true,"href":"https:\/\/redenoticiaz.com.br\/litoralsp\/wp-json\/wp\/v2\/media\/117920"}],"wp:attachment":[{"href":"https:\/\/redenoticiaz.com.br\/litoralsp\/wp-json\/wp\/v2\/media?parent=117919"}],"wp:term":[{"taxonomy":"category","embeddable":true,"href":"https:\/\/redenoticiaz.com.br\/litoralsp\/wp-json\/wp\/v2\/categories?post=117919"},{"taxonomy":"post_tag","embeddable":true,"href":"https:\/\/redenoticiaz.com.br\/litoralsp\/wp-json\/wp\/v2\/tags?post=117919"}],"curies":[{"name":"wp","href":"https:\/\/api.w.org\/{rel}","templated":true}]}}