{"id":117922,"date":"2024-08-25T09:41:47","date_gmt":"2024-08-25T12:41:47","guid":{"rendered":"https:\/\/redenoticiaz.com.br\/litoralsp\/2024\/08\/25\/policia-federal-apreende-114-kg-de-cocaina-no-porto-de-santos"},"modified":"2024-08-25T09:44:51","modified_gmt":"2024-08-25T12:44:51","slug":"policia-federal-apreende-114-kg-de-cocaina-no-porto-de-santos","status":"publish","type":"post","link":"https:\/\/redenoticiaz.com.br\/litoralsp\/2024\/08\/25\/policia-federal-apreende-114-kg-de-cocaina-no-porto-de-santos","title":{"rendered":"Pol\u00edcia Federal apreende 114 kg de coca\u00edna no Porto de Santos"},"content":{"rendered":"<p>Neste s\u00e1bado, 24 de agosto, a Pol\u00edcia Federal, em a\u00e7\u00e3o conjunta com a Pol\u00edcia Militar, apreendeu aproximadamente 114 kg de coca\u00edna no Porto de Santos, em S\u00e3o Paulo. A droga estava escondida em um compartimento submerso no casco de um navio atracado em um dos terminais portu\u00e1rios, cujo destino final seria a Europa.<\/p>\n<p><img loading=\"lazy\" decoding=\"async\" class=\"alignleft wp-image-117924 size-thumbnail\" src=\"https:\/\/redenoticiaz.com.br\/litoralsp\/wp-content\/uploads\/sites\/3\/2024\/08\/31edb263-f0d9-450e-9ad2-fb65647524eb-220x150.jpeg\" alt=\"\" width=\"220\" height=\"150\" \/>A opera\u00e7\u00e3o contou com a participa\u00e7\u00e3o de mergulhadores policiais, que foram mobilizados para retirar os volumes embalados em tabletes. O material apreendido passar\u00e1 por per\u00edcia, e um inqu\u00e9rito foi instaurado pela Delegacia da Pol\u00edcia Federal em Santos para investigar a autoria e as circunst\u00e2ncias do crime de tr\u00e1fico internacional de drogas.<\/p>\n<p>&nbsp;<\/p>\n<p>LEIA MAIS<\/p>\n<p><a href=\"https:\/\/redenoticiaz.com.br\/blog\/2024\/08\/24\/dobra-numero-de-municipios-com-candidatura-unica-a-prefeituras\">Dobra n\u00famero de munic\u00edpios com candidatura \u00fanica a prefeituras<\/a><\/p>\n<p><a href=\"https:\/\/redenoticiaz.com.br\/blog\/2024\/08\/24\/o-retorno-de-simone-biles-parte-2-ganha-data-de-estreia\">O Retorno de Simone Biles: Parte 2 ganha data de estreia<\/a><\/p>\n<p>&nbsp;<\/p>\n","protected":false},"excerpt":{"rendered":"<p>Neste s\u00e1bado, 24 de agosto, a Pol\u00edcia Federal, em a\u00e7\u00e3o conjunta com a Pol\u00edcia Militar, apreendeu aproximadamente 114 kg de coca\u00edna no Porto de Santos, em S\u00e3o Paulo. A droga estava escondida em um compartimento submerso no casco de um navio atracado em um dos terminais portu\u00e1rios, cujo destino final seria a Europa. A opera\u00e7\u00e3o &hellip;<\/p>\n","protected":false},"author":30,"featured_media":117923,"comment_status":"open","ping_status":"closed","sticky":false,"template":"","format":"standard","meta":{"footnotes":""},"categories":[10],"tags":[3213,74],"class_list":["post-117922","post","type-post","status-publish","format-standard","has-post-thumbnail","hentry","category-policia","tag-cocaina-2","tag-porto-de-santos"],"yoast_head":"<!-- This site is optimized with the Yoast SEO plugin v27.4 - https:\/\/yoast.com\/product\/yoast-seo-wordpress\/ -->\n<title>Pol\u00edcia Federal apreende 114 kg de coca\u00edna no Porto de Santos - Litoral SP<\/title>\n<meta name=\"description\" content=\"Pol\u00edcia Federal, em a\u00e7\u00e3o conjunta com a Pol\u00edcia Militar, apreendeu aproximadamente 114 kg de coca\u00edna no Porto de Santos.\" \/>\n<meta name=\"robots\" content=\"index, follow, max-snippet:-1, max-image-preview:large, max-video-preview:-1\" \/>\n<link rel=\"canonical\" href=\"https:\/\/redenoticiaz.com.br\/litoralsp\/2024\/08\/25\/policia-federal-apreende-114-kg-de-cocaina-no-porto-de-santos\" \/>\n<meta property=\"og:locale\" content=\"pt_BR\" \/>\n<meta property=\"og:type\" content=\"article\" \/>\n<meta property=\"og:title\" content=\"Pol\u00edcia Federal apreende 114 kg de coca\u00edna no Porto de Santos - Litoral SP\" \/>\n<meta property=\"og:description\" content=\"Pol\u00edcia Federal, em a\u00e7\u00e3o conjunta com a Pol\u00edcia Militar, apreendeu aproximadamente 114 kg de coca\u00edna no Porto de Santos.\" \/>\n<meta property=\"og:url\" content=\"https:\/\/redenoticiaz.com.br\/litoralsp\/2024\/08\/25\/policia-federal-apreende-114-kg-de-cocaina-no-porto-de-santos\" \/>\n<meta property=\"og:site_name\" content=\"Litoral SP\" \/>\n<meta property=\"article:published_time\" content=\"2024-08-25T12:41:47+00:00\" \/>\n<meta property=\"article:modified_time\" content=\"2024-08-25T12:44:51+00:00\" \/>\n<meta property=\"og:image\" content=\"https:\/\/redenoticiaz.com.br\/litoralsp\/wp-content\/uploads\/sites\/3\/2024\/08\/52bee120-5c90-4d9c-bbbc-4a5bc611c651.jpeg?v=1724589463\" \/>\n\t<meta property=\"og:image:width\" content=\"768\" \/>\n\t<meta property=\"og:image:height\" content=\"713\" \/>\n\t<meta property=\"og:image:type\" content=\"image\/jpeg\" \/>\n<meta name=\"author\" content=\"Carina Reifonas\" \/>\n<meta name=\"twitter:card\" content=\"summary_large_image\" \/>\n<meta name=\"twitter:label1\" content=\"Escrito por\" \/>\n\t<meta name=\"twitter:data1\" content=\"Carina Reifonas\" \/>\n\t<meta name=\"twitter:label2\" content=\"Est. tempo de leitura\" \/>\n\t<meta name=\"twitter:data2\" content=\"2 minutos\" \/>\n<script type=\"application\/ld+json\" class=\"yoast-schema-graph\">{\"@context\":\"https:\\\/\\\/schema.org\",\"@graph\":[{\"@type\":\"Article\",\"@id\":\"https:\\\/\\\/redenoticiaz.com.br\\\/litoralsp\\\/2024\\\/08\\\/25\\\/policia-federal-apreende-114-kg-de-cocaina-no-porto-de-santos#article\",\"isPartOf\":{\"@id\":\"https:\\\/\\\/redenoticiaz.com.br\\\/litoralsp\\\/2024\\\/08\\\/25\\\/policia-federal-apreende-114-kg-de-cocaina-no-porto-de-santos\"},\"author\":{\"name\":\"Carina Reifonas\",\"@id\":\"https:\\\/\\\/redenoticiaz.com.br\\\/litoralsp\\\/#\\\/schema\\\/person\\\/1f84d6e94e6a62d2d81199d7503e9e90\"},\"headline\":\"Pol\u00edcia Federal apreende 114 kg de coca\u00edna no Porto de Santos\",\"datePublished\":\"2024-08-25T12:41:47+00:00\",\"dateModified\":\"2024-08-25T12:44:51+00:00\",\"mainEntityOfPage\":{\"@id\":\"https:\\\/\\\/redenoticiaz.com.br\\\/litoralsp\\\/2024\\\/08\\\/25\\\/policia-federal-apreende-114-kg-de-cocaina-no-porto-de-santos\"},\"wordCount\":153,\"commentCount\":0,\"publisher\":{\"@id\":\"https:\\\/\\\/redenoticiaz.com.br\\\/litoralsp\\\/#organization\"},\"image\":{\"@id\":\"https:\\\/\\\/redenoticiaz.com.br\\\/litoralsp\\\/2024\\\/08\\\/25\\\/policia-federal-apreende-114-kg-de-cocaina-no-porto-de-santos#primaryimage\"},\"thumbnailUrl\":\"https:\\\/\\\/redenoticiaz.com.br\\\/litoralsp\\\/wp-content\\\/uploads\\\/sites\\\/3\\\/2024\\\/08\\\/52bee120-5c90-4d9c-bbbc-4a5bc611c651.jpeg?v=1724589463\",\"keywords\":[\"COCA\u00cdNA\",\"porto de santos\"],\"articleSection\":[\"Pol\u00edcia\"],\"inLanguage\":\"pt-BR\",\"potentialAction\":[{\"@type\":\"CommentAction\",\"name\":\"Comment\",\"target\":[\"https:\\\/\\\/redenoticiaz.com.br\\\/litoralsp\\\/2024\\\/08\\\/25\\\/policia-federal-apreende-114-kg-de-cocaina-no-porto-de-santos#respond\"]}]},{\"@type\":\"WebPage\",\"@id\":\"https:\\\/\\\/redenoticiaz.com.br\\\/litoralsp\\\/2024\\\/08\\\/25\\\/policia-federal-apreende-114-kg-de-cocaina-no-porto-de-santos\",\"url\":\"https:\\\/\\\/redenoticiaz.com.br\\\/litoralsp\\\/2024\\\/08\\\/25\\\/policia-federal-apreende-114-kg-de-cocaina-no-porto-de-santos\",\"name\":\"Pol\u00edcia Federal apreende 114 kg de coca\u00edna no Porto de Santos - Litoral SP\",\"isPartOf\":{\"@id\":\"https:\\\/\\\/redenoticiaz.com.br\\\/litoralsp\\\/#website\"},\"primaryImageOfPage\":{\"@id\":\"https:\\\/\\\/redenoticiaz.com.br\\\/litoralsp\\\/2024\\\/08\\\/25\\\/policia-federal-apreende-114-kg-de-cocaina-no-porto-de-santos#primaryimage\"},\"image\":{\"@id\":\"https:\\\/\\\/redenoticiaz.com.br\\\/litoralsp\\\/2024\\\/08\\\/25\\\/policia-federal-apreende-114-kg-de-cocaina-no-porto-de-santos#primaryimage\"},\"thumbnailUrl\":\"https:\\\/\\\/redenoticiaz.com.br\\\/litoralsp\\\/wp-content\\\/uploads\\\/sites\\\/3\\\/2024\\\/08\\\/52bee120-5c90-4d9c-bbbc-4a5bc611c651.jpeg?v=1724589463\",\"datePublished\":\"2024-08-25T12:41:47+00:00\",\"dateModified\":\"2024-08-25T12:44:51+00:00\",\"description\":\"Pol\u00edcia Federal, em a\u00e7\u00e3o conjunta com a Pol\u00edcia Militar, apreendeu aproximadamente 114 kg de coca\u00edna no Porto de Santos.\",\"inLanguage\":\"pt-BR\",\"potentialAction\":[{\"@type\":\"ReadAction\",\"target\":[\"https:\\\/\\\/redenoticiaz.com.br\\\/litoralsp\\\/2024\\\/08\\\/25\\\/policia-federal-apreende-114-kg-de-cocaina-no-porto-de-santos\"]}]},{\"@type\":\"ImageObject\",\"inLanguage\":\"pt-BR\",\"@id\":\"https:\\\/\\\/redenoticiaz.com.br\\\/litoralsp\\\/2024\\\/08\\\/25\\\/policia-federal-apreende-114-kg-de-cocaina-no-porto-de-santos#primaryimage\",\"url\":\"https:\\\/\\\/redenoticiaz.com.br\\\/litoralsp\\\/wp-content\\\/uploads\\\/sites\\\/3\\\/2024\\\/08\\\/52bee120-5c90-4d9c-bbbc-4a5bc611c651.jpeg?v=1724589463\",\"contentUrl\":\"https:\\\/\\\/redenoticiaz.com.br\\\/litoralsp\\\/wp-content\\\/uploads\\\/sites\\\/3\\\/2024\\\/08\\\/52bee120-5c90-4d9c-bbbc-4a5bc611c651.jpeg?v=1724589463\",\"width\":768,\"height\":713},{\"@type\":\"WebSite\",\"@id\":\"https:\\\/\\\/redenoticiaz.com.br\\\/litoralsp\\\/#website\",\"url\":\"https:\\\/\\\/redenoticiaz.com.br\\\/litoralsp\\\/\",\"name\":\"Litoral SP\",\"description\":\"Rede NoticiaZ\",\"publisher\":{\"@id\":\"https:\\\/\\\/redenoticiaz.com.br\\\/litoralsp\\\/#organization\"},\"potentialAction\":[{\"@type\":\"SearchAction\",\"target\":{\"@type\":\"EntryPoint\",\"urlTemplate\":\"https:\\\/\\\/redenoticiaz.com.br\\\/litoralsp\\\/?s={search_term_string}\"},\"query-input\":{\"@type\":\"PropertyValueSpecification\",\"valueRequired\":true,\"valueName\":\"search_term_string\"}}],\"inLanguage\":\"pt-BR\"},{\"@type\":\"Organization\",\"@id\":\"https:\\\/\\\/redenoticiaz.com.br\\\/litoralsp\\\/#organization\",\"name\":\"Litoral SP\",\"url\":\"https:\\\/\\\/redenoticiaz.com.br\\\/litoralsp\\\/\",\"logo\":{\"@type\":\"ImageObject\",\"inLanguage\":\"pt-BR\",\"@id\":\"https:\\\/\\\/redenoticiaz.com.br\\\/litoralsp\\\/#\\\/schema\\\/logo\\\/image\\\/\",\"url\":\"https:\\\/\\\/redenoticiaz.com.br\\\/litoralsp\\\/wp-content\\\/uploads\\\/sites\\\/3\\\/2020\\\/11\\\/logo.jpg\",\"contentUrl\":\"https:\\\/\\\/redenoticiaz.com.br\\\/litoralsp\\\/wp-content\\\/uploads\\\/sites\\\/3\\\/2020\\\/11\\\/logo.jpg\",\"width\":400,\"height\":250,\"caption\":\"Litoral SP\"},\"image\":{\"@id\":\"https:\\\/\\\/redenoticiaz.com.br\\\/litoralsp\\\/#\\\/schema\\\/logo\\\/image\\\/\"}},{\"@type\":\"Person\",\"@id\":\"https:\\\/\\\/redenoticiaz.com.br\\\/litoralsp\\\/#\\\/schema\\\/person\\\/1f84d6e94e6a62d2d81199d7503e9e90\",\"name\":\"Carina Reifonas\",\"image\":{\"@type\":\"ImageObject\",\"inLanguage\":\"pt-BR\",\"@id\":\"https:\\\/\\\/secure.gravatar.com\\\/avatar\\\/04c59859b23696cf867715880f81d5c037e60109730bdb4e6670ec2a2245bc97?s=96&d=mm&r=g\",\"url\":\"https:\\\/\\\/secure.gravatar.com\\\/avatar\\\/04c59859b23696cf867715880f81d5c037e60109730bdb4e6670ec2a2245bc97?s=96&d=mm&r=g\",\"contentUrl\":\"https:\\\/\\\/secure.gravatar.com\\\/avatar\\\/04c59859b23696cf867715880f81d5c037e60109730bdb4e6670ec2a2245bc97?s=96&d=mm&r=g\",\"caption\":\"Carina Reifonas\"},\"url\":\"https:\\\/\\\/redenoticiaz.com.br\\\/litoralsp\\\/author\\\/carinareifonas\"}]}<\/script>\n<!-- \/ Yoast SEO plugin. -->","yoast_head_json":{"title":"Pol\u00edcia Federal apreende 114 kg de coca\u00edna no Porto de Santos - Litoral SP","description":"Pol\u00edcia Federal, em a\u00e7\u00e3o conjunta com a Pol\u00edcia Militar, apreendeu aproximadamente 114 kg de coca\u00edna no Porto de Santos.","robots":{"index":"index","follow":"follow","max-snippet":"max-snippet:-1","max-image-preview":"max-image-preview:large","max-video-preview":"max-video-preview:-1"},"canonical":"https:\/\/redenoticiaz.com.br\/litoralsp\/2024\/08\/25\/policia-federal-apreende-114-kg-de-cocaina-no-porto-de-santos","og_locale":"pt_BR","og_type":"article","og_title":"Pol\u00edcia Federal apreende 114 kg de coca\u00edna no Porto de Santos - Litoral SP","og_description":"Pol\u00edcia Federal, em a\u00e7\u00e3o conjunta com a Pol\u00edcia Militar, apreendeu aproximadamente 114 kg de coca\u00edna no Porto de Santos.","og_url":"https:\/\/redenoticiaz.com.br\/litoralsp\/2024\/08\/25\/policia-federal-apreende-114-kg-de-cocaina-no-porto-de-santos","og_site_name":"Litoral SP","article_published_time":"2024-08-25T12:41:47+00:00","article_modified_time":"2024-08-25T12:44:51+00:00","og_image":[{"width":768,"height":713,"url":"https:\/\/redenoticiaz.com.br\/litoralsp\/wp-content\/uploads\/sites\/3\/2024\/08\/52bee120-5c90-4d9c-bbbc-4a5bc611c651.jpeg?v=1724589463","type":"image\/jpeg"}],"author":"Carina Reifonas","twitter_card":"summary_large_image","twitter_misc":{"Escrito por":"Carina Reifonas","Est. tempo de leitura":"2 minutos"},"schema":{"@context":"https:\/\/schema.org","@graph":[{"@type":"Article","@id":"https:\/\/redenoticiaz.com.br\/litoralsp\/2024\/08\/25\/policia-federal-apreende-114-kg-de-cocaina-no-porto-de-santos#article","isPartOf":{"@id":"https:\/\/redenoticiaz.com.br\/litoralsp\/2024\/08\/25\/policia-federal-apreende-114-kg-de-cocaina-no-porto-de-santos"},"author":{"name":"Carina Reifonas","@id":"https:\/\/redenoticiaz.com.br\/litoralsp\/#\/schema\/person\/1f84d6e94e6a62d2d81199d7503e9e90"},"headline":"Pol\u00edcia Federal apreende 114 kg de coca\u00edna no Porto de Santos","datePublished":"2024-08-25T12:41:47+00:00","dateModified":"2024-08-25T12:44:51+00:00","mainEntityOfPage":{"@id":"https:\/\/redenoticiaz.com.br\/litoralsp\/2024\/08\/25\/policia-federal-apreende-114-kg-de-cocaina-no-porto-de-santos"},"wordCount":153,"commentCount":0,"publisher":{"@id":"https:\/\/redenoticiaz.com.br\/litoralsp\/#organization"},"image":{"@id":"https:\/\/redenoticiaz.com.br\/litoralsp\/2024\/08\/25\/policia-federal-apreende-114-kg-de-cocaina-no-porto-de-santos#primaryimage"},"thumbnailUrl":"https:\/\/redenoticiaz.com.br\/litoralsp\/wp-content\/uploads\/sites\/3\/2024\/08\/52bee120-5c90-4d9c-bbbc-4a5bc611c651.jpeg?v=1724589463","keywords":["COCA\u00cdNA","porto de santos"],"articleSection":["Pol\u00edcia"],"inLanguage":"pt-BR","potentialAction":[{"@type":"CommentAction","name":"Comment","target":["https:\/\/redenoticiaz.com.br\/litoralsp\/2024\/08\/25\/policia-federal-apreende-114-kg-de-cocaina-no-porto-de-santos#respond"]}]},{"@type":"WebPage","@id":"https:\/\/redenoticiaz.com.br\/litoralsp\/2024\/08\/25\/policia-federal-apreende-114-kg-de-cocaina-no-porto-de-santos","url":"https:\/\/redenoticiaz.com.br\/litoralsp\/2024\/08\/25\/policia-federal-apreende-114-kg-de-cocaina-no-porto-de-santos","name":"Pol\u00edcia Federal apreende 114 kg de coca\u00edna no Porto de Santos - Litoral SP","isPartOf":{"@id":"https:\/\/redenoticiaz.com.br\/litoralsp\/#website"},"primaryImageOfPage":{"@id":"https:\/\/redenoticiaz.com.br\/litoralsp\/2024\/08\/25\/policia-federal-apreende-114-kg-de-cocaina-no-porto-de-santos#primaryimage"},"image":{"@id":"https:\/\/redenoticiaz.com.br\/litoralsp\/2024\/08\/25\/policia-federal-apreende-114-kg-de-cocaina-no-porto-de-santos#primaryimage"},"thumbnailUrl":"https:\/\/redenoticiaz.com.br\/litoralsp\/wp-content\/uploads\/sites\/3\/2024\/08\/52bee120-5c90-4d9c-bbbc-4a5bc611c651.jpeg?v=1724589463","datePublished":"2024-08-25T12:41:47+00:00","dateModified":"2024-08-25T12:44:51+00:00","description":"Pol\u00edcia Federal, em a\u00e7\u00e3o conjunta com a Pol\u00edcia Militar, apreendeu aproximadamente 114 kg de coca\u00edna no Porto de Santos.","inLanguage":"pt-BR","potentialAction":[{"@type":"ReadAction","target":["https:\/\/redenoticiaz.com.br\/litoralsp\/2024\/08\/25\/policia-federal-apreende-114-kg-de-cocaina-no-porto-de-santos"]}]},{"@type":"ImageObject","inLanguage":"pt-BR","@id":"https:\/\/redenoticiaz.com.br\/litoralsp\/2024\/08\/25\/policia-federal-apreende-114-kg-de-cocaina-no-porto-de-santos#primaryimage","url":"https:\/\/redenoticiaz.com.br\/litoralsp\/wp-content\/uploads\/sites\/3\/2024\/08\/52bee120-5c90-4d9c-bbbc-4a5bc611c651.jpeg?v=1724589463","contentUrl":"https:\/\/redenoticiaz.com.br\/litoralsp\/wp-content\/uploads\/sites\/3\/2024\/08\/52bee120-5c90-4d9c-bbbc-4a5bc611c651.jpeg?v=1724589463","width":768,"height":713},{"@type":"WebSite","@id":"https:\/\/redenoticiaz.com.br\/litoralsp\/#website","url":"https:\/\/redenoticiaz.com.br\/litoralsp\/","name":"Litoral SP","description":"Rede NoticiaZ","publisher":{"@id":"https:\/\/redenoticiaz.com.br\/litoralsp\/#organization"},"potentialAction":[{"@type":"SearchAction","target":{"@type":"EntryPoint","urlTemplate":"https:\/\/redenoticiaz.com.br\/litoralsp\/?s={search_term_string}"},"query-input":{"@type":"PropertyValueSpecification","valueRequired":true,"valueName":"search_term_string"}}],"inLanguage":"pt-BR"},{"@type":"Organization","@id":"https:\/\/redenoticiaz.com.br\/litoralsp\/#organization","name":"Litoral SP","url":"https:\/\/redenoticiaz.com.br\/litoralsp\/","logo":{"@type":"ImageObject","inLanguage":"pt-BR","@id":"https:\/\/redenoticiaz.com.br\/litoralsp\/#\/schema\/logo\/image\/","url":"https:\/\/redenoticiaz.com.br\/litoralsp\/wp-content\/uploads\/sites\/3\/2020\/11\/logo.jpg","contentUrl":"https:\/\/redenoticiaz.com.br\/litoralsp\/wp-content\/uploads\/sites\/3\/2020\/11\/logo.jpg","width":400,"height":250,"caption":"Litoral SP"},"image":{"@id":"https:\/\/redenoticiaz.com.br\/litoralsp\/#\/schema\/logo\/image\/"}},{"@type":"Person","@id":"https:\/\/redenoticiaz.com.br\/litoralsp\/#\/schema\/person\/1f84d6e94e6a62d2d81199d7503e9e90","name":"Carina Reifonas","image":{"@type":"ImageObject","inLanguage":"pt-BR","@id":"https:\/\/secure.gravatar.com\/avatar\/04c59859b23696cf867715880f81d5c037e60109730bdb4e6670ec2a2245bc97?s=96&d=mm&r=g","url":"https:\/\/secure.gravatar.com\/avatar\/04c59859b23696cf867715880f81d5c037e60109730bdb4e6670ec2a2245bc97?s=96&d=mm&r=g","contentUrl":"https:\/\/secure.gravatar.com\/avatar\/04c59859b23696cf867715880f81d5c037e60109730bdb4e6670ec2a2245bc97?s=96&d=mm&r=g","caption":"Carina Reifonas"},"url":"https:\/\/redenoticiaz.com.br\/litoralsp\/author\/carinareifonas"}]}},"_links":{"self":[{"href":"https:\/\/redenoticiaz.com.br\/litoralsp\/wp-json\/wp\/v2\/posts\/117922","targetHints":{"allow":["GET"]}}],"collection":[{"href":"https:\/\/redenoticiaz.com.br\/litoralsp\/wp-json\/wp\/v2\/posts"}],"about":[{"href":"https:\/\/redenoticiaz.com.br\/litoralsp\/wp-json\/wp\/v2\/types\/post"}],"author":[{"embeddable":true,"href":"https:\/\/redenoticiaz.com.br\/litoralsp\/wp-json\/wp\/v2\/users\/30"}],"replies":[{"embeddable":true,"href":"https:\/\/redenoticiaz.com.br\/litoralsp\/wp-json\/wp\/v2\/comments?post=117922"}],"version-history":[{"count":4,"href":"https:\/\/redenoticiaz.com.br\/litoralsp\/wp-json\/wp\/v2\/posts\/117922\/revisions"}],"predecessor-version":[{"id":117928,"href":"https:\/\/redenoticiaz.com.br\/litoralsp\/wp-json\/wp\/v2\/posts\/117922\/revisions\/117928"}],"wp:featuredmedia":[{"embeddable":true,"href":"https:\/\/redenoticiaz.com.br\/litoralsp\/wp-json\/wp\/v2\/media\/117923"}],"wp:attachment":[{"href":"https:\/\/redenoticiaz.com.br\/litoralsp\/wp-json\/wp\/v2\/media?parent=117922"}],"wp:term":[{"taxonomy":"category","embeddable":true,"href":"https:\/\/redenoticiaz.com.br\/litoralsp\/wp-json\/wp\/v2\/categories?post=117922"},{"taxonomy":"post_tag","embeddable":true,"href":"https:\/\/redenoticiaz.com.br\/litoralsp\/wp-json\/wp\/v2\/tags?post=117922"}],"curies":[{"name":"wp","href":"https:\/\/api.w.org\/{rel}","templated":true}]}}