{"id":118165,"date":"2024-09-08T12:00:08","date_gmt":"2024-09-08T15:00:08","guid":{"rendered":"https:\/\/redenoticiaz.com.br\/litoralsp\/?p=118165"},"modified":"2024-09-05T18:44:12","modified_gmt":"2024-09-05T21:44:12","slug":"tre-rj-muda-local-de-votacao-em-10-cidades-por-questoes-de-seguranca","status":"publish","type":"post","link":"https:\/\/redenoticiaz.com.br\/litoralsp\/2024\/09\/08\/tre-rj-muda-local-de-votacao-em-10-cidades-por-questoes-de-seguranca","title":{"rendered":"TRE-RJ muda local de vota\u00e7\u00e3o em 10 cidades por quest\u00f5es de seguran\u00e7a"},"content":{"rendered":"<p>Cerca de um\u00a0milh\u00e3o de eleitores de dez cidades do Rio de Janeiro, incluindo a capital, v\u00e3o votar no dia 6 de outubro em locais diferentes dos que estavam acostumados. De acordo com o Tribunal Regional Eleitoral (TRE), a altera\u00e7\u00e3o dos endere\u00e7os de 444 se\u00e7\u00f5es foi feita para garantir a seguran\u00e7a dos eleitores.<img decoding=\"async\" src=\"https:\/\/agenciabrasil.ebc.com.br\/ebc.png?id=1610760&amp;o=node\" \/><img decoding=\"async\" src=\"https:\/\/agenciabrasil.ebc.com.br\/ebc.gif?id=1610760&amp;o=node\" \/><\/p>\n<p>A Coordenadoria de Intelig\u00eancia e Seguran\u00e7a Institucional, da Justi\u00e7a Eleitoral do estado, mapeou 93 \u00e1reas em que as urnas eletr\u00f4nicas precisavam chegar em ve\u00edculos blindados e com a mobiliza\u00e7\u00e3o de grande efetivo policial. No entanto, desse total, o presidente do TRE, desembargador Henrique Carlos de Andrade Figueira, anunciou a escolha das 53 consideradas mais cr\u00edticas.<\/p>\n<p>O desembargador reconheceu\u00a0que os antigos locais de vota\u00e7\u00e3o n\u00e3o ofereciam seguran\u00e7a por conta de a\u00e7\u00f5es do crime organizado, e que as mudan\u00e7as visam tamb\u00e9m evitar que o eleitor se desloque por mais de um quil\u00f4metro para votar. O maior contingente de impactados pela medida est\u00e1 na capital, onde 104.598 eleitores votar\u00e3o em novos endere\u00e7os.<\/p>\n<p>A medida vale\u00a0tamb\u00e9m para\u00a0cidades de Belford Roxo, Duque de Caxias, Nova Igua\u00e7u, Itagua\u00ed, Japeri e S\u00e3o Jo\u00e3o de Meriti, na Baixada Fluminense; Itabora\u00ed e \u00a0Niter\u00f3i, na regi\u00e3o metropolitana; al\u00e9m de Sapucaia, no Centro-Sul fluminense.<\/p>\n<p>A Justi\u00e7a Eleitoral recomenda que a popula\u00e7\u00e3o consulte seu local de vota\u00e7\u00e3o com anteced\u00eancia, para evitar eventuais transtornos na hora de ir \u00e0s urnas.<\/p>\n<p>A verifica\u00e7\u00e3o pode ser feita pelo\u00a0<a href=\"https:\/\/www.tre-rj.jus.br\/#\/\" target=\"_blank\" rel=\"noopener\">site do TRE-RJ<\/a>, pelo aplicativo\u00a0<a href=\"https:\/\/www.tse.jus.br\/servicos-eleitorais\/servicos\/aplicativo-e-titulo\" target=\"_blank\" rel=\"noopener\">e-T\u00edtulo<\/a>, ou pelo Disque TRE-RJ: no n\u00famero (21) 3436-9000.<\/p>\n<p>Leia mais<\/p>\n<p><a href=\"https:\/\/redenoticiaz.com.br\/blog\/2024\/09\/05\/anatel-comunica-ao-stf-que-starlink-suspendeu-acesso-a-rede-x\">Anatel comunica ao STF que Starlink suspendeu acesso \u00e0 rede X<\/a><\/p>\n<p><a href=\"https:\/\/redenoticiaz.com.br\/blog\/2024\/08\/14\/stf-julga-regras-para-investigacao-de-acidentes-aereos\">STF julga regras para investiga\u00e7\u00e3o de acidentes a\u00e9reos<\/a><\/p>\n","protected":false},"excerpt":{"rendered":"<p>Cerca de um\u00a0milh\u00e3o de eleitores de dez cidades do Rio de Janeiro, incluindo a capital, v\u00e3o votar no dia 6 de outubro em locais diferentes dos que estavam acostumados. De acordo com o Tribunal Regional Eleitoral (TRE), a altera\u00e7\u00e3o dos endere\u00e7os de 444 se\u00e7\u00f5es foi feita para garantir a seguran\u00e7a dos eleitores. A Coordenadoria de &hellip;<\/p>\n","protected":false},"author":12,"featured_media":98344,"comment_status":"open","ping_status":"closed","sticky":false,"template":"","format":"standard","meta":{"footnotes":""},"categories":[48],"tags":[68634,68635,5661,28,893],"class_list":["post-118165","post","type-post","status-publish","format-standard","has-post-thumbnail","hentry","category-eleicoes","tag-japarei","tag-milhao","tag-rio-de-janeiro","tag-stf","tag-tre"],"yoast_head":"<!-- This site is optimized with the Yoast SEO plugin v27.4 - https:\/\/yoast.com\/product\/yoast-seo-wordpress\/ -->\n<title>TRE-RJ muda local de vota\u00e7\u00e3o em 10 cidades por quest\u00f5es de seguran\u00e7a - Litoral SP<\/title>\n<meta name=\"description\" content=\"Cerca de um\u00a0milh\u00e3o de eleitores de dez cidades do Rio de Janeiro, incluindo a capital, v\u00e3o votar no dia 6 de outubro em locais diferentes dos que estavam acostumados.\" \/>\n<meta name=\"robots\" content=\"index, follow, max-snippet:-1, max-image-preview:large, max-video-preview:-1\" \/>\n<link rel=\"canonical\" href=\"https:\/\/redenoticiaz.com.br\/litoralsp\/2024\/09\/08\/tre-rj-muda-local-de-votacao-em-10-cidades-por-questoes-de-seguranca\" \/>\n<meta property=\"og:locale\" content=\"pt_BR\" \/>\n<meta property=\"og:type\" content=\"article\" \/>\n<meta property=\"og:title\" content=\"TRE-RJ muda local de vota\u00e7\u00e3o em 10 cidades por quest\u00f5es de seguran\u00e7a - Litoral SP\" \/>\n<meta property=\"og:description\" content=\"Cerca de um\u00a0milh\u00e3o de eleitores de dez cidades do Rio de Janeiro, incluindo a capital, v\u00e3o votar no dia 6 de outubro em locais diferentes dos que estavam acostumados.\" \/>\n<meta property=\"og:url\" content=\"https:\/\/redenoticiaz.com.br\/litoralsp\/2024\/09\/08\/tre-rj-muda-local-de-votacao-em-10-cidades-por-questoes-de-seguranca\" \/>\n<meta property=\"og:site_name\" content=\"Litoral SP\" \/>\n<meta property=\"article:published_time\" content=\"2024-09-08T15:00:08+00:00\" \/>\n<meta property=\"og:image\" content=\"https:\/\/redenoticiaz.com.br\/litoralsp\/wp-content\/uploads\/sites\/3\/2023\/01\/50429036346_a9271a4327_o.jpg?v=1672960091\" \/>\n\t<meta property=\"og:image:width\" content=\"1170\" \/>\n\t<meta property=\"og:image:height\" content=\"700\" \/>\n\t<meta property=\"og:image:type\" content=\"image\/jpeg\" \/>\n<meta name=\"author\" content=\"Gustavo Silva\" \/>\n<meta name=\"twitter:card\" content=\"summary_large_image\" \/>\n<meta name=\"twitter:label1\" content=\"Escrito por\" \/>\n\t<meta name=\"twitter:data1\" content=\"Gustavo Silva\" \/>\n\t<meta name=\"twitter:label2\" content=\"Est. tempo de leitura\" \/>\n\t<meta name=\"twitter:data2\" content=\"3 minutos\" \/>\n<script type=\"application\/ld+json\" class=\"yoast-schema-graph\">{\"@context\":\"https:\\\/\\\/schema.org\",\"@graph\":[{\"@type\":\"Article\",\"@id\":\"https:\\\/\\\/redenoticiaz.com.br\\\/litoralsp\\\/2024\\\/09\\\/08\\\/tre-rj-muda-local-de-votacao-em-10-cidades-por-questoes-de-seguranca#article\",\"isPartOf\":{\"@id\":\"https:\\\/\\\/redenoticiaz.com.br\\\/litoralsp\\\/2024\\\/09\\\/08\\\/tre-rj-muda-local-de-votacao-em-10-cidades-por-questoes-de-seguranca\"},\"author\":{\"name\":\"Gustavo Silva\",\"@id\":\"https:\\\/\\\/redenoticiaz.com.br\\\/litoralsp\\\/#\\\/schema\\\/person\\\/16057b37a3c0ee6b096d7f887c566e2e\"},\"headline\":\"TRE-RJ muda local de vota\u00e7\u00e3o em 10 cidades por quest\u00f5es de seguran\u00e7a\",\"datePublished\":\"2024-09-08T15:00:08+00:00\",\"mainEntityOfPage\":{\"@id\":\"https:\\\/\\\/redenoticiaz.com.br\\\/litoralsp\\\/2024\\\/09\\\/08\\\/tre-rj-muda-local-de-votacao-em-10-cidades-por-questoes-de-seguranca\"},\"wordCount\":309,\"commentCount\":0,\"publisher\":{\"@id\":\"https:\\\/\\\/redenoticiaz.com.br\\\/litoralsp\\\/#organization\"},\"image\":{\"@id\":\"https:\\\/\\\/redenoticiaz.com.br\\\/litoralsp\\\/2024\\\/09\\\/08\\\/tre-rj-muda-local-de-votacao-em-10-cidades-por-questoes-de-seguranca#primaryimage\"},\"thumbnailUrl\":\"https:\\\/\\\/redenoticiaz.com.br\\\/litoralsp\\\/wp-content\\\/uploads\\\/sites\\\/3\\\/2023\\\/01\\\/50429036346_a9271a4327_o.jpg?v=1672960091\",\"keywords\":[\"japarei\",\"milh\u00e3o\",\"Rio de Janeiro\",\"stf\",\"TRE\"],\"articleSection\":[\"Elei\u00e7\u00f5es\"],\"inLanguage\":\"pt-BR\",\"potentialAction\":[{\"@type\":\"CommentAction\",\"name\":\"Comment\",\"target\":[\"https:\\\/\\\/redenoticiaz.com.br\\\/litoralsp\\\/2024\\\/09\\\/08\\\/tre-rj-muda-local-de-votacao-em-10-cidades-por-questoes-de-seguranca#respond\"]}]},{\"@type\":\"WebPage\",\"@id\":\"https:\\\/\\\/redenoticiaz.com.br\\\/litoralsp\\\/2024\\\/09\\\/08\\\/tre-rj-muda-local-de-votacao-em-10-cidades-por-questoes-de-seguranca\",\"url\":\"https:\\\/\\\/redenoticiaz.com.br\\\/litoralsp\\\/2024\\\/09\\\/08\\\/tre-rj-muda-local-de-votacao-em-10-cidades-por-questoes-de-seguranca\",\"name\":\"TRE-RJ muda local de vota\u00e7\u00e3o em 10 cidades por quest\u00f5es de seguran\u00e7a - Litoral SP\",\"isPartOf\":{\"@id\":\"https:\\\/\\\/redenoticiaz.com.br\\\/litoralsp\\\/#website\"},\"primaryImageOfPage\":{\"@id\":\"https:\\\/\\\/redenoticiaz.com.br\\\/litoralsp\\\/2024\\\/09\\\/08\\\/tre-rj-muda-local-de-votacao-em-10-cidades-por-questoes-de-seguranca#primaryimage\"},\"image\":{\"@id\":\"https:\\\/\\\/redenoticiaz.com.br\\\/litoralsp\\\/2024\\\/09\\\/08\\\/tre-rj-muda-local-de-votacao-em-10-cidades-por-questoes-de-seguranca#primaryimage\"},\"thumbnailUrl\":\"https:\\\/\\\/redenoticiaz.com.br\\\/litoralsp\\\/wp-content\\\/uploads\\\/sites\\\/3\\\/2023\\\/01\\\/50429036346_a9271a4327_o.jpg?v=1672960091\",\"datePublished\":\"2024-09-08T15:00:08+00:00\",\"description\":\"Cerca de um\u00a0milh\u00e3o de eleitores de dez cidades do Rio de Janeiro, incluindo a capital, v\u00e3o votar no dia 6 de outubro em locais diferentes dos que estavam acostumados.\",\"inLanguage\":\"pt-BR\",\"potentialAction\":[{\"@type\":\"ReadAction\",\"target\":[\"https:\\\/\\\/redenoticiaz.com.br\\\/litoralsp\\\/2024\\\/09\\\/08\\\/tre-rj-muda-local-de-votacao-em-10-cidades-por-questoes-de-seguranca\"]}]},{\"@type\":\"ImageObject\",\"inLanguage\":\"pt-BR\",\"@id\":\"https:\\\/\\\/redenoticiaz.com.br\\\/litoralsp\\\/2024\\\/09\\\/08\\\/tre-rj-muda-local-de-votacao-em-10-cidades-por-questoes-de-seguranca#primaryimage\",\"url\":\"https:\\\/\\\/redenoticiaz.com.br\\\/litoralsp\\\/wp-content\\\/uploads\\\/sites\\\/3\\\/2023\\\/01\\\/50429036346_a9271a4327_o.jpg?v=1672960091\",\"contentUrl\":\"https:\\\/\\\/redenoticiaz.com.br\\\/litoralsp\\\/wp-content\\\/uploads\\\/sites\\\/3\\\/2023\\\/01\\\/50429036346_a9271a4327_o.jpg?v=1672960091\",\"width\":1170,\"height\":700,\"caption\":\"Urna eletr\u00f4nica\"},{\"@type\":\"WebSite\",\"@id\":\"https:\\\/\\\/redenoticiaz.com.br\\\/litoralsp\\\/#website\",\"url\":\"https:\\\/\\\/redenoticiaz.com.br\\\/litoralsp\\\/\",\"name\":\"Litoral SP\",\"description\":\"Rede NoticiaZ\",\"publisher\":{\"@id\":\"https:\\\/\\\/redenoticiaz.com.br\\\/litoralsp\\\/#organization\"},\"potentialAction\":[{\"@type\":\"SearchAction\",\"target\":{\"@type\":\"EntryPoint\",\"urlTemplate\":\"https:\\\/\\\/redenoticiaz.com.br\\\/litoralsp\\\/?s={search_term_string}\"},\"query-input\":{\"@type\":\"PropertyValueSpecification\",\"valueRequired\":true,\"valueName\":\"search_term_string\"}}],\"inLanguage\":\"pt-BR\"},{\"@type\":\"Organization\",\"@id\":\"https:\\\/\\\/redenoticiaz.com.br\\\/litoralsp\\\/#organization\",\"name\":\"Litoral SP\",\"url\":\"https:\\\/\\\/redenoticiaz.com.br\\\/litoralsp\\\/\",\"logo\":{\"@type\":\"ImageObject\",\"inLanguage\":\"pt-BR\",\"@id\":\"https:\\\/\\\/redenoticiaz.com.br\\\/litoralsp\\\/#\\\/schema\\\/logo\\\/image\\\/\",\"url\":\"https:\\\/\\\/redenoticiaz.com.br\\\/litoralsp\\\/wp-content\\\/uploads\\\/sites\\\/3\\\/2020\\\/11\\\/logo.jpg\",\"contentUrl\":\"https:\\\/\\\/redenoticiaz.com.br\\\/litoralsp\\\/wp-content\\\/uploads\\\/sites\\\/3\\\/2020\\\/11\\\/logo.jpg\",\"width\":400,\"height\":250,\"caption\":\"Litoral SP\"},\"image\":{\"@id\":\"https:\\\/\\\/redenoticiaz.com.br\\\/litoralsp\\\/#\\\/schema\\\/logo\\\/image\\\/\"}},{\"@type\":\"Person\",\"@id\":\"https:\\\/\\\/redenoticiaz.com.br\\\/litoralsp\\\/#\\\/schema\\\/person\\\/16057b37a3c0ee6b096d7f887c566e2e\",\"name\":\"Gustavo Silva\",\"image\":{\"@type\":\"ImageObject\",\"inLanguage\":\"pt-BR\",\"@id\":\"https:\\\/\\\/secure.gravatar.com\\\/avatar\\\/3ee4e82f93b26de0a7cf4ea5eb7893da637ed6bb0c9170c58065944c56e28a33?s=96&d=mm&r=g\",\"url\":\"https:\\\/\\\/secure.gravatar.com\\\/avatar\\\/3ee4e82f93b26de0a7cf4ea5eb7893da637ed6bb0c9170c58065944c56e28a33?s=96&d=mm&r=g\",\"contentUrl\":\"https:\\\/\\\/secure.gravatar.com\\\/avatar\\\/3ee4e82f93b26de0a7cf4ea5eb7893da637ed6bb0c9170c58065944c56e28a33?s=96&d=mm&r=g\",\"caption\":\"Gustavo Silva\"},\"url\":\"https:\\\/\\\/redenoticiaz.com.br\\\/litoralsp\\\/author\\\/gustavosilva\"}]}<\/script>\n<!-- \/ Yoast SEO plugin. -->","yoast_head_json":{"title":"TRE-RJ muda local de vota\u00e7\u00e3o em 10 cidades por quest\u00f5es de seguran\u00e7a - Litoral SP","description":"Cerca de um\u00a0milh\u00e3o de eleitores de dez cidades do Rio de Janeiro, incluindo a capital, v\u00e3o votar no dia 6 de outubro em locais diferentes dos que estavam acostumados.","robots":{"index":"index","follow":"follow","max-snippet":"max-snippet:-1","max-image-preview":"max-image-preview:large","max-video-preview":"max-video-preview:-1"},"canonical":"https:\/\/redenoticiaz.com.br\/litoralsp\/2024\/09\/08\/tre-rj-muda-local-de-votacao-em-10-cidades-por-questoes-de-seguranca","og_locale":"pt_BR","og_type":"article","og_title":"TRE-RJ muda local de vota\u00e7\u00e3o em 10 cidades por quest\u00f5es de seguran\u00e7a - Litoral SP","og_description":"Cerca de um\u00a0milh\u00e3o de eleitores de dez cidades do Rio de Janeiro, incluindo a capital, v\u00e3o votar no dia 6 de outubro em locais diferentes dos que estavam acostumados.","og_url":"https:\/\/redenoticiaz.com.br\/litoralsp\/2024\/09\/08\/tre-rj-muda-local-de-votacao-em-10-cidades-por-questoes-de-seguranca","og_site_name":"Litoral SP","article_published_time":"2024-09-08T15:00:08+00:00","og_image":[{"width":1170,"height":700,"url":"https:\/\/redenoticiaz.com.br\/litoralsp\/wp-content\/uploads\/sites\/3\/2023\/01\/50429036346_a9271a4327_o.jpg?v=1672960091","type":"image\/jpeg"}],"author":"Gustavo Silva","twitter_card":"summary_large_image","twitter_misc":{"Escrito por":"Gustavo Silva","Est. tempo de leitura":"3 minutos"},"schema":{"@context":"https:\/\/schema.org","@graph":[{"@type":"Article","@id":"https:\/\/redenoticiaz.com.br\/litoralsp\/2024\/09\/08\/tre-rj-muda-local-de-votacao-em-10-cidades-por-questoes-de-seguranca#article","isPartOf":{"@id":"https:\/\/redenoticiaz.com.br\/litoralsp\/2024\/09\/08\/tre-rj-muda-local-de-votacao-em-10-cidades-por-questoes-de-seguranca"},"author":{"name":"Gustavo Silva","@id":"https:\/\/redenoticiaz.com.br\/litoralsp\/#\/schema\/person\/16057b37a3c0ee6b096d7f887c566e2e"},"headline":"TRE-RJ muda local de vota\u00e7\u00e3o em 10 cidades por quest\u00f5es de seguran\u00e7a","datePublished":"2024-09-08T15:00:08+00:00","mainEntityOfPage":{"@id":"https:\/\/redenoticiaz.com.br\/litoralsp\/2024\/09\/08\/tre-rj-muda-local-de-votacao-em-10-cidades-por-questoes-de-seguranca"},"wordCount":309,"commentCount":0,"publisher":{"@id":"https:\/\/redenoticiaz.com.br\/litoralsp\/#organization"},"image":{"@id":"https:\/\/redenoticiaz.com.br\/litoralsp\/2024\/09\/08\/tre-rj-muda-local-de-votacao-em-10-cidades-por-questoes-de-seguranca#primaryimage"},"thumbnailUrl":"https:\/\/redenoticiaz.com.br\/litoralsp\/wp-content\/uploads\/sites\/3\/2023\/01\/50429036346_a9271a4327_o.jpg?v=1672960091","keywords":["japarei","milh\u00e3o","Rio de Janeiro","stf","TRE"],"articleSection":["Elei\u00e7\u00f5es"],"inLanguage":"pt-BR","potentialAction":[{"@type":"CommentAction","name":"Comment","target":["https:\/\/redenoticiaz.com.br\/litoralsp\/2024\/09\/08\/tre-rj-muda-local-de-votacao-em-10-cidades-por-questoes-de-seguranca#respond"]}]},{"@type":"WebPage","@id":"https:\/\/redenoticiaz.com.br\/litoralsp\/2024\/09\/08\/tre-rj-muda-local-de-votacao-em-10-cidades-por-questoes-de-seguranca","url":"https:\/\/redenoticiaz.com.br\/litoralsp\/2024\/09\/08\/tre-rj-muda-local-de-votacao-em-10-cidades-por-questoes-de-seguranca","name":"TRE-RJ muda local de vota\u00e7\u00e3o em 10 cidades por quest\u00f5es de seguran\u00e7a - Litoral SP","isPartOf":{"@id":"https:\/\/redenoticiaz.com.br\/litoralsp\/#website"},"primaryImageOfPage":{"@id":"https:\/\/redenoticiaz.com.br\/litoralsp\/2024\/09\/08\/tre-rj-muda-local-de-votacao-em-10-cidades-por-questoes-de-seguranca#primaryimage"},"image":{"@id":"https:\/\/redenoticiaz.com.br\/litoralsp\/2024\/09\/08\/tre-rj-muda-local-de-votacao-em-10-cidades-por-questoes-de-seguranca#primaryimage"},"thumbnailUrl":"https:\/\/redenoticiaz.com.br\/litoralsp\/wp-content\/uploads\/sites\/3\/2023\/01\/50429036346_a9271a4327_o.jpg?v=1672960091","datePublished":"2024-09-08T15:00:08+00:00","description":"Cerca de um\u00a0milh\u00e3o de eleitores de dez cidades do Rio de Janeiro, incluindo a capital, v\u00e3o votar no dia 6 de outubro em locais diferentes dos que estavam acostumados.","inLanguage":"pt-BR","potentialAction":[{"@type":"ReadAction","target":["https:\/\/redenoticiaz.com.br\/litoralsp\/2024\/09\/08\/tre-rj-muda-local-de-votacao-em-10-cidades-por-questoes-de-seguranca"]}]},{"@type":"ImageObject","inLanguage":"pt-BR","@id":"https:\/\/redenoticiaz.com.br\/litoralsp\/2024\/09\/08\/tre-rj-muda-local-de-votacao-em-10-cidades-por-questoes-de-seguranca#primaryimage","url":"https:\/\/redenoticiaz.com.br\/litoralsp\/wp-content\/uploads\/sites\/3\/2023\/01\/50429036346_a9271a4327_o.jpg?v=1672960091","contentUrl":"https:\/\/redenoticiaz.com.br\/litoralsp\/wp-content\/uploads\/sites\/3\/2023\/01\/50429036346_a9271a4327_o.jpg?v=1672960091","width":1170,"height":700,"caption":"Urna eletr\u00f4nica"},{"@type":"WebSite","@id":"https:\/\/redenoticiaz.com.br\/litoralsp\/#website","url":"https:\/\/redenoticiaz.com.br\/litoralsp\/","name":"Litoral SP","description":"Rede NoticiaZ","publisher":{"@id":"https:\/\/redenoticiaz.com.br\/litoralsp\/#organization"},"potentialAction":[{"@type":"SearchAction","target":{"@type":"EntryPoint","urlTemplate":"https:\/\/redenoticiaz.com.br\/litoralsp\/?s={search_term_string}"},"query-input":{"@type":"PropertyValueSpecification","valueRequired":true,"valueName":"search_term_string"}}],"inLanguage":"pt-BR"},{"@type":"Organization","@id":"https:\/\/redenoticiaz.com.br\/litoralsp\/#organization","name":"Litoral SP","url":"https:\/\/redenoticiaz.com.br\/litoralsp\/","logo":{"@type":"ImageObject","inLanguage":"pt-BR","@id":"https:\/\/redenoticiaz.com.br\/litoralsp\/#\/schema\/logo\/image\/","url":"https:\/\/redenoticiaz.com.br\/litoralsp\/wp-content\/uploads\/sites\/3\/2020\/11\/logo.jpg","contentUrl":"https:\/\/redenoticiaz.com.br\/litoralsp\/wp-content\/uploads\/sites\/3\/2020\/11\/logo.jpg","width":400,"height":250,"caption":"Litoral SP"},"image":{"@id":"https:\/\/redenoticiaz.com.br\/litoralsp\/#\/schema\/logo\/image\/"}},{"@type":"Person","@id":"https:\/\/redenoticiaz.com.br\/litoralsp\/#\/schema\/person\/16057b37a3c0ee6b096d7f887c566e2e","name":"Gustavo Silva","image":{"@type":"ImageObject","inLanguage":"pt-BR","@id":"https:\/\/secure.gravatar.com\/avatar\/3ee4e82f93b26de0a7cf4ea5eb7893da637ed6bb0c9170c58065944c56e28a33?s=96&d=mm&r=g","url":"https:\/\/secure.gravatar.com\/avatar\/3ee4e82f93b26de0a7cf4ea5eb7893da637ed6bb0c9170c58065944c56e28a33?s=96&d=mm&r=g","contentUrl":"https:\/\/secure.gravatar.com\/avatar\/3ee4e82f93b26de0a7cf4ea5eb7893da637ed6bb0c9170c58065944c56e28a33?s=96&d=mm&r=g","caption":"Gustavo Silva"},"url":"https:\/\/redenoticiaz.com.br\/litoralsp\/author\/gustavosilva"}]}},"_links":{"self":[{"href":"https:\/\/redenoticiaz.com.br\/litoralsp\/wp-json\/wp\/v2\/posts\/118165","targetHints":{"allow":["GET"]}}],"collection":[{"href":"https:\/\/redenoticiaz.com.br\/litoralsp\/wp-json\/wp\/v2\/posts"}],"about":[{"href":"https:\/\/redenoticiaz.com.br\/litoralsp\/wp-json\/wp\/v2\/types\/post"}],"author":[{"embeddable":true,"href":"https:\/\/redenoticiaz.com.br\/litoralsp\/wp-json\/wp\/v2\/users\/12"}],"replies":[{"embeddable":true,"href":"https:\/\/redenoticiaz.com.br\/litoralsp\/wp-json\/wp\/v2\/comments?post=118165"}],"version-history":[{"count":1,"href":"https:\/\/redenoticiaz.com.br\/litoralsp\/wp-json\/wp\/v2\/posts\/118165\/revisions"}],"predecessor-version":[{"id":118166,"href":"https:\/\/redenoticiaz.com.br\/litoralsp\/wp-json\/wp\/v2\/posts\/118165\/revisions\/118166"}],"wp:featuredmedia":[{"embeddable":true,"href":"https:\/\/redenoticiaz.com.br\/litoralsp\/wp-json\/wp\/v2\/media\/98344"}],"wp:attachment":[{"href":"https:\/\/redenoticiaz.com.br\/litoralsp\/wp-json\/wp\/v2\/media?parent=118165"}],"wp:term":[{"taxonomy":"category","embeddable":true,"href":"https:\/\/redenoticiaz.com.br\/litoralsp\/wp-json\/wp\/v2\/categories?post=118165"},{"taxonomy":"post_tag","embeddable":true,"href":"https:\/\/redenoticiaz.com.br\/litoralsp\/wp-json\/wp\/v2\/tags?post=118165"}],"curies":[{"name":"wp","href":"https:\/\/api.w.org\/{rel}","templated":true}]}}