{"id":118186,"date":"2024-09-06T16:37:13","date_gmt":"2024-09-06T19:37:13","guid":{"rendered":"https:\/\/redenoticiaz.com.br\/litoralsp\/2024\/09\/06\/morre-o-musico-e-compositor-sergio-mendes-aos-83-anos-nos-eua"},"modified":"2024-09-06T16:39:09","modified_gmt":"2024-09-06T19:39:09","slug":"morre-o-musico-e-compositor-sergio-mendes-aos-83-anos-nos-eua","status":"publish","type":"post","link":"https:\/\/redenoticiaz.com.br\/litoralsp\/2024\/09\/06\/morre-o-musico-e-compositor-sergio-mendes-aos-83-anos-nos-eua","title":{"rendered":"Morre o m\u00fasico e compositor S\u00e9rgio Mendes aos 83 anos, nos EUA"},"content":{"rendered":"<div class=\"post-item-wrap\">\n<p>O m\u00fasico e compositor S\u00e9rgio Mendes morreu nesta quinta-feira (5), aos 83 anos, em Los Angeles, nos Estados Unidos. A informa\u00e7\u00e3o foi divulgada pela assessoria do artista, por meio de nota assinada pela fam\u00edlia de Mendes.<img decoding=\"async\" src=\"https:\/\/agenciabrasil.ebc.com.br\/ebc.png?id=1610863&amp;o=node\" \/><img decoding=\"async\" src=\"https:\/\/agenciabrasil.ebc.com.br\/ebc.gif?id=1610863&amp;o=node\" \/><\/p>\n<p>A nota informa que o m\u00fasico morreu, de forma tranquila, ao lado de sua esposa e parceira musical pelos \u00faltimos 54 anos, Gracinha Leporace Mendes, e de seus filhos. De acordo com a fam\u00edlia, Mendes teve que lidar com problemas de sa\u00fade, nos \u00faltimos meses, devido aos efeitos da covid longa.<\/p>\n<p>Segundo a nota da fam\u00edlia, o m\u00fasico fez seus \u00faltimos shows em novembro de 2023, em Paris, Londres e Barcelona, com apresenta\u00e7\u00f5es que tiveram ingressos esgotados. \u201cA fam\u00edlia est\u00e1 processando essa perda e dar\u00e1 mais detalhes sobre o vel\u00f3rio e sepultamento em breve\u201d, diz a nota.<\/p>\n<p>O m\u00fasico e amigo Herb Alpert, escreveu em suas redes sociais, que Sergio Mendes era seu \u201cirm\u00e3o de outro pa\u00eds. Ele era um verdadeiro amigo e um m\u00fasico extremamente talentoso, que trazia a m\u00fasica brasileira em todas suas varia\u00e7\u00f5es para o mundo inteiro com eleg\u00e2ncia e alegria\u201d.<\/p>\n<p>Um dos pioneiros da bossa nova, S\u00e9rgio Mendes gravou 35 \u00e1lbuns em seis d\u00e9cadas de carreira. Conquistou tr\u00eas pr\u00eamios Grammy e foi indicado uma vez ao Oscar de melhor can\u00e7\u00e3o original, em 2012, pela m\u00fasica\u00a0<em>Real in Rio<\/em>, do filme de anima\u00e7\u00e3o\u00a0<em>Rio<\/em>.<\/p>\n<p>Leia mais<\/p>\n<p><a href=\"https:\/\/redenoticiaz.com.br\/blog\/2024\/09\/06\/alguem-que-pratica-assedio-nao-vai-ficar-no-governo-diz-lula\">\u201cAlgu\u00e9m que pratica ass\u00e9dio n\u00e3o vai ficar no governo\u201d, diz Lula<\/a><\/p>\n<p><a href=\"https:\/\/redenoticiaz.com.br\/blog\/2024\/09\/06\/casal-preso-em-operacao-que-apreendeu-carros-de-luxo-serao-soltos\">Casal preso em opera\u00e7\u00e3o que apreendeu carros de luxo ser\u00e3o soltos<\/a><\/p>\n<\/div>\n","protected":false},"excerpt":{"rendered":"<p>O m\u00fasico e compositor S\u00e9rgio Mendes morreu nesta quinta-feira (5), aos 83 anos, em Los Angeles, nos Estados Unidos. A informa\u00e7\u00e3o foi divulgada pela assessoria do artista, por meio de nota assinada pela fam\u00edlia de Mendes. A nota informa que o m\u00fasico morreu, de forma tranquila, ao lado de sua esposa e parceira musical pelos &hellip;<\/p>\n","protected":false},"author":12,"featured_media":118187,"comment_status":"open","ping_status":"closed","sticky":false,"template":"","format":"standard","meta":{"footnotes":""},"categories":[60954,169,2001],"tags":[4364,37996,68639],"class_list":["post-118186","post","type-post","status-publish","format-standard","has-post-thumbnail","hentry","category-celebridades","category-cultura","category-cultura-e-musica","tag-eua","tag-morre","tag-sergio-mendes"],"yoast_head":"<!-- This site is optimized with the Yoast SEO plugin v27.4 - https:\/\/yoast.com\/product\/yoast-seo-wordpress\/ -->\n<title>Morre o m\u00fasico e compositor S\u00e9rgio Mendes aos 83 anos, nos EUA - Litoral SP<\/title>\n<meta name=\"description\" content=\"O m\u00fasico e compositor S\u00e9rgio Mendes morreu nesta quinta-feira (5), aos 83 anos, em Los Angeles, nos Estados Unidos.\" \/>\n<meta name=\"robots\" content=\"index, follow, max-snippet:-1, max-image-preview:large, max-video-preview:-1\" \/>\n<link rel=\"canonical\" href=\"https:\/\/redenoticiaz.com.br\/litoralsp\/2024\/09\/06\/morre-o-musico-e-compositor-sergio-mendes-aos-83-anos-nos-eua\" \/>\n<meta property=\"og:locale\" content=\"pt_BR\" \/>\n<meta property=\"og:type\" content=\"article\" \/>\n<meta property=\"og:title\" content=\"Morre o m\u00fasico e compositor S\u00e9rgio Mendes aos 83 anos, nos EUA - Litoral SP\" \/>\n<meta property=\"og:description\" content=\"O m\u00fasico e compositor S\u00e9rgio Mendes morreu nesta quinta-feira (5), aos 83 anos, em Los Angeles, nos Estados Unidos.\" \/>\n<meta property=\"og:url\" content=\"https:\/\/redenoticiaz.com.br\/litoralsp\/2024\/09\/06\/morre-o-musico-e-compositor-sergio-mendes-aos-83-anos-nos-eua\" \/>\n<meta property=\"og:site_name\" content=\"Litoral SP\" \/>\n<meta property=\"article:published_time\" content=\"2024-09-06T19:37:13+00:00\" \/>\n<meta property=\"article:modified_time\" content=\"2024-09-06T19:39:09+00:00\" \/>\n<meta property=\"og:image\" content=\"https:\/\/redenoticiaz.com.br\/litoralsp\/wp-content\/uploads\/sites\/3\/2024\/09\/dcf.jpg?v=1725651423\" \/>\n\t<meta property=\"og:image:width\" content=\"1200\" \/>\n\t<meta property=\"og:image:height\" content=\"809\" \/>\n\t<meta property=\"og:image:type\" content=\"image\/jpeg\" \/>\n<meta name=\"author\" content=\"Gustavo Silva\" \/>\n<meta name=\"twitter:card\" content=\"summary_large_image\" \/>\n<meta name=\"twitter:label1\" content=\"Escrito por\" \/>\n\t<meta name=\"twitter:data1\" content=\"Gustavo Silva\" \/>\n\t<meta name=\"twitter:label2\" content=\"Est. tempo de leitura\" \/>\n\t<meta name=\"twitter:data2\" content=\"2 minutos\" \/>\n<script type=\"application\/ld+json\" class=\"yoast-schema-graph\">{\"@context\":\"https:\\\/\\\/schema.org\",\"@graph\":[{\"@type\":\"Article\",\"@id\":\"https:\\\/\\\/redenoticiaz.com.br\\\/litoralsp\\\/2024\\\/09\\\/06\\\/morre-o-musico-e-compositor-sergio-mendes-aos-83-anos-nos-eua#article\",\"isPartOf\":{\"@id\":\"https:\\\/\\\/redenoticiaz.com.br\\\/litoralsp\\\/2024\\\/09\\\/06\\\/morre-o-musico-e-compositor-sergio-mendes-aos-83-anos-nos-eua\"},\"author\":{\"name\":\"Gustavo Silva\",\"@id\":\"https:\\\/\\\/redenoticiaz.com.br\\\/litoralsp\\\/#\\\/schema\\\/person\\\/16057b37a3c0ee6b096d7f887c566e2e\"},\"headline\":\"Morre o m\u00fasico e compositor S\u00e9rgio Mendes aos 83 anos, nos EUA\",\"datePublished\":\"2024-09-06T19:37:13+00:00\",\"dateModified\":\"2024-09-06T19:39:09+00:00\",\"mainEntityOfPage\":{\"@id\":\"https:\\\/\\\/redenoticiaz.com.br\\\/litoralsp\\\/2024\\\/09\\\/06\\\/morre-o-musico-e-compositor-sergio-mendes-aos-83-anos-nos-eua\"},\"wordCount\":285,\"commentCount\":0,\"publisher\":{\"@id\":\"https:\\\/\\\/redenoticiaz.com.br\\\/litoralsp\\\/#organization\"},\"image\":{\"@id\":\"https:\\\/\\\/redenoticiaz.com.br\\\/litoralsp\\\/2024\\\/09\\\/06\\\/morre-o-musico-e-compositor-sergio-mendes-aos-83-anos-nos-eua#primaryimage\"},\"thumbnailUrl\":\"https:\\\/\\\/redenoticiaz.com.br\\\/litoralsp\\\/wp-content\\\/uploads\\\/sites\\\/3\\\/2024\\\/09\\\/dcf.jpg?v=1725651423\",\"keywords\":[\"EUA\",\"MORRE\",\"s\u00e9rgio mendes\"],\"articleSection\":[\"Celebridades\",\"Cultura\",\"Cultura e M\u00fasica\"],\"inLanguage\":\"pt-BR\",\"potentialAction\":[{\"@type\":\"CommentAction\",\"name\":\"Comment\",\"target\":[\"https:\\\/\\\/redenoticiaz.com.br\\\/litoralsp\\\/2024\\\/09\\\/06\\\/morre-o-musico-e-compositor-sergio-mendes-aos-83-anos-nos-eua#respond\"]}]},{\"@type\":\"WebPage\",\"@id\":\"https:\\\/\\\/redenoticiaz.com.br\\\/litoralsp\\\/2024\\\/09\\\/06\\\/morre-o-musico-e-compositor-sergio-mendes-aos-83-anos-nos-eua\",\"url\":\"https:\\\/\\\/redenoticiaz.com.br\\\/litoralsp\\\/2024\\\/09\\\/06\\\/morre-o-musico-e-compositor-sergio-mendes-aos-83-anos-nos-eua\",\"name\":\"Morre o m\u00fasico e compositor S\u00e9rgio Mendes aos 83 anos, nos EUA - Litoral SP\",\"isPartOf\":{\"@id\":\"https:\\\/\\\/redenoticiaz.com.br\\\/litoralsp\\\/#website\"},\"primaryImageOfPage\":{\"@id\":\"https:\\\/\\\/redenoticiaz.com.br\\\/litoralsp\\\/2024\\\/09\\\/06\\\/morre-o-musico-e-compositor-sergio-mendes-aos-83-anos-nos-eua#primaryimage\"},\"image\":{\"@id\":\"https:\\\/\\\/redenoticiaz.com.br\\\/litoralsp\\\/2024\\\/09\\\/06\\\/morre-o-musico-e-compositor-sergio-mendes-aos-83-anos-nos-eua#primaryimage\"},\"thumbnailUrl\":\"https:\\\/\\\/redenoticiaz.com.br\\\/litoralsp\\\/wp-content\\\/uploads\\\/sites\\\/3\\\/2024\\\/09\\\/dcf.jpg?v=1725651423\",\"datePublished\":\"2024-09-06T19:37:13+00:00\",\"dateModified\":\"2024-09-06T19:39:09+00:00\",\"description\":\"O m\u00fasico e compositor S\u00e9rgio Mendes morreu nesta quinta-feira (5), aos 83 anos, em Los Angeles, nos Estados Unidos.\",\"inLanguage\":\"pt-BR\",\"potentialAction\":[{\"@type\":\"ReadAction\",\"target\":[\"https:\\\/\\\/redenoticiaz.com.br\\\/litoralsp\\\/2024\\\/09\\\/06\\\/morre-o-musico-e-compositor-sergio-mendes-aos-83-anos-nos-eua\"]}]},{\"@type\":\"ImageObject\",\"inLanguage\":\"pt-BR\",\"@id\":\"https:\\\/\\\/redenoticiaz.com.br\\\/litoralsp\\\/2024\\\/09\\\/06\\\/morre-o-musico-e-compositor-sergio-mendes-aos-83-anos-nos-eua#primaryimage\",\"url\":\"https:\\\/\\\/redenoticiaz.com.br\\\/litoralsp\\\/wp-content\\\/uploads\\\/sites\\\/3\\\/2024\\\/09\\\/dcf.jpg?v=1725651423\",\"contentUrl\":\"https:\\\/\\\/redenoticiaz.com.br\\\/litoralsp\\\/wp-content\\\/uploads\\\/sites\\\/3\\\/2024\\\/09\\\/dcf.jpg?v=1725651423\",\"width\":1200,\"height\":809},{\"@type\":\"WebSite\",\"@id\":\"https:\\\/\\\/redenoticiaz.com.br\\\/litoralsp\\\/#website\",\"url\":\"https:\\\/\\\/redenoticiaz.com.br\\\/litoralsp\\\/\",\"name\":\"Litoral SP\",\"description\":\"Rede NoticiaZ\",\"publisher\":{\"@id\":\"https:\\\/\\\/redenoticiaz.com.br\\\/litoralsp\\\/#organization\"},\"potentialAction\":[{\"@type\":\"SearchAction\",\"target\":{\"@type\":\"EntryPoint\",\"urlTemplate\":\"https:\\\/\\\/redenoticiaz.com.br\\\/litoralsp\\\/?s={search_term_string}\"},\"query-input\":{\"@type\":\"PropertyValueSpecification\",\"valueRequired\":true,\"valueName\":\"search_term_string\"}}],\"inLanguage\":\"pt-BR\"},{\"@type\":\"Organization\",\"@id\":\"https:\\\/\\\/redenoticiaz.com.br\\\/litoralsp\\\/#organization\",\"name\":\"Litoral SP\",\"url\":\"https:\\\/\\\/redenoticiaz.com.br\\\/litoralsp\\\/\",\"logo\":{\"@type\":\"ImageObject\",\"inLanguage\":\"pt-BR\",\"@id\":\"https:\\\/\\\/redenoticiaz.com.br\\\/litoralsp\\\/#\\\/schema\\\/logo\\\/image\\\/\",\"url\":\"https:\\\/\\\/redenoticiaz.com.br\\\/litoralsp\\\/wp-content\\\/uploads\\\/sites\\\/3\\\/2020\\\/11\\\/logo.jpg\",\"contentUrl\":\"https:\\\/\\\/redenoticiaz.com.br\\\/litoralsp\\\/wp-content\\\/uploads\\\/sites\\\/3\\\/2020\\\/11\\\/logo.jpg\",\"width\":400,\"height\":250,\"caption\":\"Litoral SP\"},\"image\":{\"@id\":\"https:\\\/\\\/redenoticiaz.com.br\\\/litoralsp\\\/#\\\/schema\\\/logo\\\/image\\\/\"}},{\"@type\":\"Person\",\"@id\":\"https:\\\/\\\/redenoticiaz.com.br\\\/litoralsp\\\/#\\\/schema\\\/person\\\/16057b37a3c0ee6b096d7f887c566e2e\",\"name\":\"Gustavo Silva\",\"image\":{\"@type\":\"ImageObject\",\"inLanguage\":\"pt-BR\",\"@id\":\"https:\\\/\\\/secure.gravatar.com\\\/avatar\\\/3ee4e82f93b26de0a7cf4ea5eb7893da637ed6bb0c9170c58065944c56e28a33?s=96&d=mm&r=g\",\"url\":\"https:\\\/\\\/secure.gravatar.com\\\/avatar\\\/3ee4e82f93b26de0a7cf4ea5eb7893da637ed6bb0c9170c58065944c56e28a33?s=96&d=mm&r=g\",\"contentUrl\":\"https:\\\/\\\/secure.gravatar.com\\\/avatar\\\/3ee4e82f93b26de0a7cf4ea5eb7893da637ed6bb0c9170c58065944c56e28a33?s=96&d=mm&r=g\",\"caption\":\"Gustavo Silva\"},\"url\":\"https:\\\/\\\/redenoticiaz.com.br\\\/litoralsp\\\/author\\\/gustavosilva\"}]}<\/script>\n<!-- \/ Yoast SEO plugin. -->","yoast_head_json":{"title":"Morre o m\u00fasico e compositor S\u00e9rgio Mendes aos 83 anos, nos EUA - Litoral SP","description":"O m\u00fasico e compositor S\u00e9rgio Mendes morreu nesta quinta-feira (5), aos 83 anos, em Los Angeles, nos Estados Unidos.","robots":{"index":"index","follow":"follow","max-snippet":"max-snippet:-1","max-image-preview":"max-image-preview:large","max-video-preview":"max-video-preview:-1"},"canonical":"https:\/\/redenoticiaz.com.br\/litoralsp\/2024\/09\/06\/morre-o-musico-e-compositor-sergio-mendes-aos-83-anos-nos-eua","og_locale":"pt_BR","og_type":"article","og_title":"Morre o m\u00fasico e compositor S\u00e9rgio Mendes aos 83 anos, nos EUA - Litoral SP","og_description":"O m\u00fasico e compositor S\u00e9rgio Mendes morreu nesta quinta-feira (5), aos 83 anos, em Los Angeles, nos Estados Unidos.","og_url":"https:\/\/redenoticiaz.com.br\/litoralsp\/2024\/09\/06\/morre-o-musico-e-compositor-sergio-mendes-aos-83-anos-nos-eua","og_site_name":"Litoral SP","article_published_time":"2024-09-06T19:37:13+00:00","article_modified_time":"2024-09-06T19:39:09+00:00","og_image":[{"width":1200,"height":809,"url":"https:\/\/redenoticiaz.com.br\/litoralsp\/wp-content\/uploads\/sites\/3\/2024\/09\/dcf.jpg?v=1725651423","type":"image\/jpeg"}],"author":"Gustavo Silva","twitter_card":"summary_large_image","twitter_misc":{"Escrito por":"Gustavo Silva","Est. tempo de leitura":"2 minutos"},"schema":{"@context":"https:\/\/schema.org","@graph":[{"@type":"Article","@id":"https:\/\/redenoticiaz.com.br\/litoralsp\/2024\/09\/06\/morre-o-musico-e-compositor-sergio-mendes-aos-83-anos-nos-eua#article","isPartOf":{"@id":"https:\/\/redenoticiaz.com.br\/litoralsp\/2024\/09\/06\/morre-o-musico-e-compositor-sergio-mendes-aos-83-anos-nos-eua"},"author":{"name":"Gustavo Silva","@id":"https:\/\/redenoticiaz.com.br\/litoralsp\/#\/schema\/person\/16057b37a3c0ee6b096d7f887c566e2e"},"headline":"Morre o m\u00fasico e compositor S\u00e9rgio Mendes aos 83 anos, nos EUA","datePublished":"2024-09-06T19:37:13+00:00","dateModified":"2024-09-06T19:39:09+00:00","mainEntityOfPage":{"@id":"https:\/\/redenoticiaz.com.br\/litoralsp\/2024\/09\/06\/morre-o-musico-e-compositor-sergio-mendes-aos-83-anos-nos-eua"},"wordCount":285,"commentCount":0,"publisher":{"@id":"https:\/\/redenoticiaz.com.br\/litoralsp\/#organization"},"image":{"@id":"https:\/\/redenoticiaz.com.br\/litoralsp\/2024\/09\/06\/morre-o-musico-e-compositor-sergio-mendes-aos-83-anos-nos-eua#primaryimage"},"thumbnailUrl":"https:\/\/redenoticiaz.com.br\/litoralsp\/wp-content\/uploads\/sites\/3\/2024\/09\/dcf.jpg?v=1725651423","keywords":["EUA","MORRE","s\u00e9rgio mendes"],"articleSection":["Celebridades","Cultura","Cultura e M\u00fasica"],"inLanguage":"pt-BR","potentialAction":[{"@type":"CommentAction","name":"Comment","target":["https:\/\/redenoticiaz.com.br\/litoralsp\/2024\/09\/06\/morre-o-musico-e-compositor-sergio-mendes-aos-83-anos-nos-eua#respond"]}]},{"@type":"WebPage","@id":"https:\/\/redenoticiaz.com.br\/litoralsp\/2024\/09\/06\/morre-o-musico-e-compositor-sergio-mendes-aos-83-anos-nos-eua","url":"https:\/\/redenoticiaz.com.br\/litoralsp\/2024\/09\/06\/morre-o-musico-e-compositor-sergio-mendes-aos-83-anos-nos-eua","name":"Morre o m\u00fasico e compositor S\u00e9rgio Mendes aos 83 anos, nos EUA - Litoral SP","isPartOf":{"@id":"https:\/\/redenoticiaz.com.br\/litoralsp\/#website"},"primaryImageOfPage":{"@id":"https:\/\/redenoticiaz.com.br\/litoralsp\/2024\/09\/06\/morre-o-musico-e-compositor-sergio-mendes-aos-83-anos-nos-eua#primaryimage"},"image":{"@id":"https:\/\/redenoticiaz.com.br\/litoralsp\/2024\/09\/06\/morre-o-musico-e-compositor-sergio-mendes-aos-83-anos-nos-eua#primaryimage"},"thumbnailUrl":"https:\/\/redenoticiaz.com.br\/litoralsp\/wp-content\/uploads\/sites\/3\/2024\/09\/dcf.jpg?v=1725651423","datePublished":"2024-09-06T19:37:13+00:00","dateModified":"2024-09-06T19:39:09+00:00","description":"O m\u00fasico e compositor S\u00e9rgio Mendes morreu nesta quinta-feira (5), aos 83 anos, em Los Angeles, nos Estados Unidos.","inLanguage":"pt-BR","potentialAction":[{"@type":"ReadAction","target":["https:\/\/redenoticiaz.com.br\/litoralsp\/2024\/09\/06\/morre-o-musico-e-compositor-sergio-mendes-aos-83-anos-nos-eua"]}]},{"@type":"ImageObject","inLanguage":"pt-BR","@id":"https:\/\/redenoticiaz.com.br\/litoralsp\/2024\/09\/06\/morre-o-musico-e-compositor-sergio-mendes-aos-83-anos-nos-eua#primaryimage","url":"https:\/\/redenoticiaz.com.br\/litoralsp\/wp-content\/uploads\/sites\/3\/2024\/09\/dcf.jpg?v=1725651423","contentUrl":"https:\/\/redenoticiaz.com.br\/litoralsp\/wp-content\/uploads\/sites\/3\/2024\/09\/dcf.jpg?v=1725651423","width":1200,"height":809},{"@type":"WebSite","@id":"https:\/\/redenoticiaz.com.br\/litoralsp\/#website","url":"https:\/\/redenoticiaz.com.br\/litoralsp\/","name":"Litoral SP","description":"Rede NoticiaZ","publisher":{"@id":"https:\/\/redenoticiaz.com.br\/litoralsp\/#organization"},"potentialAction":[{"@type":"SearchAction","target":{"@type":"EntryPoint","urlTemplate":"https:\/\/redenoticiaz.com.br\/litoralsp\/?s={search_term_string}"},"query-input":{"@type":"PropertyValueSpecification","valueRequired":true,"valueName":"search_term_string"}}],"inLanguage":"pt-BR"},{"@type":"Organization","@id":"https:\/\/redenoticiaz.com.br\/litoralsp\/#organization","name":"Litoral SP","url":"https:\/\/redenoticiaz.com.br\/litoralsp\/","logo":{"@type":"ImageObject","inLanguage":"pt-BR","@id":"https:\/\/redenoticiaz.com.br\/litoralsp\/#\/schema\/logo\/image\/","url":"https:\/\/redenoticiaz.com.br\/litoralsp\/wp-content\/uploads\/sites\/3\/2020\/11\/logo.jpg","contentUrl":"https:\/\/redenoticiaz.com.br\/litoralsp\/wp-content\/uploads\/sites\/3\/2020\/11\/logo.jpg","width":400,"height":250,"caption":"Litoral SP"},"image":{"@id":"https:\/\/redenoticiaz.com.br\/litoralsp\/#\/schema\/logo\/image\/"}},{"@type":"Person","@id":"https:\/\/redenoticiaz.com.br\/litoralsp\/#\/schema\/person\/16057b37a3c0ee6b096d7f887c566e2e","name":"Gustavo Silva","image":{"@type":"ImageObject","inLanguage":"pt-BR","@id":"https:\/\/secure.gravatar.com\/avatar\/3ee4e82f93b26de0a7cf4ea5eb7893da637ed6bb0c9170c58065944c56e28a33?s=96&d=mm&r=g","url":"https:\/\/secure.gravatar.com\/avatar\/3ee4e82f93b26de0a7cf4ea5eb7893da637ed6bb0c9170c58065944c56e28a33?s=96&d=mm&r=g","contentUrl":"https:\/\/secure.gravatar.com\/avatar\/3ee4e82f93b26de0a7cf4ea5eb7893da637ed6bb0c9170c58065944c56e28a33?s=96&d=mm&r=g","caption":"Gustavo Silva"},"url":"https:\/\/redenoticiaz.com.br\/litoralsp\/author\/gustavosilva"}]}},"_links":{"self":[{"href":"https:\/\/redenoticiaz.com.br\/litoralsp\/wp-json\/wp\/v2\/posts\/118186","targetHints":{"allow":["GET"]}}],"collection":[{"href":"https:\/\/redenoticiaz.com.br\/litoralsp\/wp-json\/wp\/v2\/posts"}],"about":[{"href":"https:\/\/redenoticiaz.com.br\/litoralsp\/wp-json\/wp\/v2\/types\/post"}],"author":[{"embeddable":true,"href":"https:\/\/redenoticiaz.com.br\/litoralsp\/wp-json\/wp\/v2\/users\/12"}],"replies":[{"embeddable":true,"href":"https:\/\/redenoticiaz.com.br\/litoralsp\/wp-json\/wp\/v2\/comments?post=118186"}],"version-history":[{"count":1,"href":"https:\/\/redenoticiaz.com.br\/litoralsp\/wp-json\/wp\/v2\/posts\/118186\/revisions"}],"predecessor-version":[{"id":118188,"href":"https:\/\/redenoticiaz.com.br\/litoralsp\/wp-json\/wp\/v2\/posts\/118186\/revisions\/118188"}],"wp:featuredmedia":[{"embeddable":true,"href":"https:\/\/redenoticiaz.com.br\/litoralsp\/wp-json\/wp\/v2\/media\/118187"}],"wp:attachment":[{"href":"https:\/\/redenoticiaz.com.br\/litoralsp\/wp-json\/wp\/v2\/media?parent=118186"}],"wp:term":[{"taxonomy":"category","embeddable":true,"href":"https:\/\/redenoticiaz.com.br\/litoralsp\/wp-json\/wp\/v2\/categories?post=118186"},{"taxonomy":"post_tag","embeddable":true,"href":"https:\/\/redenoticiaz.com.br\/litoralsp\/wp-json\/wp\/v2\/tags?post=118186"}],"curies":[{"name":"wp","href":"https:\/\/api.w.org\/{rel}","templated":true}]}}