{"id":11820,"date":"2021-07-25T11:46:50","date_gmt":"2021-07-25T14:46:50","guid":{"rendered":"https:\/\/redenoticiaz.com.br\/litoralsp\/2021\/07\/25\/brasil-segue-a-tradicao-no-judo-e-fatura-mais-uma-medalha-com-daniel-cargnin"},"modified":"2021-07-25T11:50:45","modified_gmt":"2021-07-25T14:50:45","slug":"brasil-segue-a-tradicao-no-judo-e-fatura-mais-uma-medalha-com-daniel-cargnin","status":"publish","type":"post","link":"https:\/\/redenoticiaz.com.br\/litoralsp\/2021\/07\/25\/brasil-segue-a-tradicao-no-judo-e-fatura-mais-uma-medalha-com-daniel-cargnin","title":{"rendered":"Brasil segue a tradi\u00e7\u00e3o no jud\u00f4 e fatura mais uma medalha com Daniel Cargnin"},"content":{"rendered":"<p>O judoca <strong>Daniel Cargnin<\/strong>, de 23 anos, ajudou a manter a tradi\u00e7\u00e3o do Brasil nas <a href=\"https:\/\/olympics.com\/ioc\/overview\">Olimp\u00edadas<\/a>. Ele faturou a medalha de bronze ao superar o israelense Baruch Shmailov na decis\u00e3o do terceiro lugar. Assim o Brasil sempre conquista uma medalha no jud\u00f4 desde os Jogos Ol\u00edmpicos de Los Angeles 1984.<\/p>\n<p>Daniel vinha de grande desempenho na categoria at\u00e9 66 kg, quando na semifinal enfrentou o japon\u00eas Hifumi Abe. O judoca do Jap\u00e3o aplicou o ippon e derrotou o brasileiro, e na sequ\u00eancia faturou a medalha de ouro depois de vencer o judoca da Ge\u00f3rgia Vazha Margvelashvili com um wazari.<\/p>\n<p>No duelo do terceiro jugar, Daniel Cargnin encarou um duelo bem tenso contra o israelense Baruch Shmailov. O brasileiro tinha dificuldade para conseguir a pegada, mas buscou o confronto e deu duas entradas sem sucesso. Com um minuto, Shmailov recebeu uma puni\u00e7\u00e3o por falta de combatividade. Em seguida, o brasileiro obteve um wazari com um belo golpe.<\/p>\n<div class=\"mc-column content-text active-extra-styles \" data-block-type=\"unstyled\" data-block-weight=\"73\" data-block-id=\"5\">\n<p class=\"content-text__container \" data-track-category=\"Link no Texto\" data-track-links=\"\">A luta precisou ser interrompida, porque Cargnin sofreu um corte no nariz numa entrada do israelense. Ele recebeu atendimento para deter o sangramento. Quando voltou, Shmailov veio para cima com tudo. O israelense quase completou uma queda, mas Cargnin girou no ar para evitar a pontua\u00e7\u00e3o. Nos segundos finais, o brasileiro foi malandro, tomou puni\u00e7\u00e3o por falta de combatividade, mas preservou a vit\u00f3ria. Ao fim da luta, chorou com a treinadora Yuko Fujii.<\/p>\n<p data-track-category=\"Link no Texto\" data-track-links=\"\"><strong>LEIA TAMB\u00c9M<\/strong><\/p>\n<p data-track-category=\"Link no Texto\" data-track-links=\"\"><a href=\"https:\/\/redenoticiaz.com.br\/blog\/2021\/07\/24\/volei-brasileiro-comeca-bem-nas-olimpiadas-de-toquio\">V\u00f4lei brasileiro come\u00e7a bem nas Olimp\u00edadas de T\u00f3quio<\/a><\/p>\n<\/div>\n","protected":false},"excerpt":{"rendered":"<p>O judoca Daniel Cargnin, de 23 anos, ajudou a manter a tradi\u00e7\u00e3o do Brasil nas Olimp\u00edadas. Ele faturou a medalha de bronze ao superar o israelense Baruch Shmailov na decis\u00e3o do terceiro lugar. Assim o Brasil sempre conquista uma medalha no jud\u00f4 desde os Jogos Ol\u00edmpicos de Los Angeles 1984. Daniel vinha de grande desempenho &hellip;<\/p>\n","protected":false},"author":6,"featured_media":11821,"comment_status":"open","ping_status":"closed","sticky":false,"template":"","format":"standard","meta":{"footnotes":""},"categories":[28092],"tags":[173,28530,12195,28531,28532,25633],"class_list":["post-11820","post","type-post","status-publish","format-standard","has-post-thumbnail","hentry","category-olimpiadas","tag-brasil","tag-daniel-cargnin","tag-jogos-olimpicos","tag-judo","tag-medalha-de-bronze","tag-olimpiadas-de-toquio"],"yoast_head":"<!-- This site is optimized with the Yoast SEO plugin v27.5 - https:\/\/yoast.com\/product\/yoast-seo-wordpress\/ -->\n<title>Brasil segue a tradi\u00e7\u00e3o no jud\u00f4 e fatura mais uma medalha com Daniel Cargnin - Litoral SP<\/title>\n<meta name=\"description\" content=\"O judoca Daniel Cargnin, de 23 anos, ajudou a manter a tradi\u00e7\u00e3o do Brasil nas Olimp\u00edadas. Ele faturou a medalha de bronze\" \/>\n<meta name=\"robots\" content=\"index, follow, max-snippet:-1, max-image-preview:large, max-video-preview:-1\" \/>\n<link rel=\"canonical\" href=\"https:\/\/redenoticiaz.com.br\/litoralsp\/2021\/07\/25\/brasil-segue-a-tradicao-no-judo-e-fatura-mais-uma-medalha-com-daniel-cargnin\" \/>\n<meta property=\"og:locale\" content=\"pt_BR\" \/>\n<meta property=\"og:type\" content=\"article\" \/>\n<meta property=\"og:title\" content=\"Brasil segue a tradi\u00e7\u00e3o no jud\u00f4 e fatura mais uma medalha com Daniel Cargnin - Litoral SP\" \/>\n<meta property=\"og:description\" content=\"O judoca Daniel Cargnin, de 23 anos, ajudou a manter a tradi\u00e7\u00e3o do Brasil nas Olimp\u00edadas. Ele faturou a medalha de bronze\" \/>\n<meta property=\"og:url\" content=\"https:\/\/redenoticiaz.com.br\/litoralsp\/2021\/07\/25\/brasil-segue-a-tradicao-no-judo-e-fatura-mais-uma-medalha-com-daniel-cargnin\" \/>\n<meta property=\"og:site_name\" content=\"Litoral SP\" \/>\n<meta property=\"article:published_time\" content=\"2021-07-25T14:46:50+00:00\" \/>\n<meta property=\"article:modified_time\" content=\"2021-07-25T14:50:45+00:00\" \/>\n<meta property=\"og:image\" content=\"https:\/\/redenoticiaz.com.br\/litoralsp\/wp-content\/uploads\/sites\/3\/2021\/07\/judo.jpg\" \/>\n\t<meta property=\"og:image:width\" content=\"984\" \/>\n\t<meta property=\"og:image:height\" content=\"675\" \/>\n\t<meta property=\"og:image:type\" content=\"image\/jpeg\" \/>\n<meta name=\"author\" content=\"Leonardo Francisco\" \/>\n<meta name=\"twitter:card\" content=\"summary_large_image\" \/>\n<meta name=\"twitter:label1\" content=\"Escrito por\" \/>\n\t<meta name=\"twitter:data1\" content=\"Leonardo Francisco\" \/>\n\t<meta name=\"twitter:label2\" content=\"Est. tempo de leitura\" \/>\n\t<meta name=\"twitter:data2\" content=\"1 minuto\" \/>\n<script type=\"application\/ld+json\" class=\"yoast-schema-graph\">{\"@context\":\"https:\\\/\\\/schema.org\",\"@graph\":[{\"@type\":\"Article\",\"@id\":\"https:\\\/\\\/redenoticiaz.com.br\\\/litoralsp\\\/2021\\\/07\\\/25\\\/brasil-segue-a-tradicao-no-judo-e-fatura-mais-uma-medalha-com-daniel-cargnin#article\",\"isPartOf\":{\"@id\":\"https:\\\/\\\/redenoticiaz.com.br\\\/litoralsp\\\/2021\\\/07\\\/25\\\/brasil-segue-a-tradicao-no-judo-e-fatura-mais-uma-medalha-com-daniel-cargnin\"},\"author\":{\"name\":\"Leonardo Francisco\",\"@id\":\"https:\\\/\\\/redenoticiaz.com.br\\\/litoralsp\\\/#\\\/schema\\\/person\\\/0f0b8a5bdafefe82841e07ae8d81ecb3\"},\"headline\":\"Brasil segue a tradi\u00e7\u00e3o no jud\u00f4 e fatura mais uma medalha com Daniel Cargnin\",\"datePublished\":\"2021-07-25T14:46:50+00:00\",\"dateModified\":\"2021-07-25T14:50:45+00:00\",\"mainEntityOfPage\":{\"@id\":\"https:\\\/\\\/redenoticiaz.com.br\\\/litoralsp\\\/2021\\\/07\\\/25\\\/brasil-segue-a-tradicao-no-judo-e-fatura-mais-uma-medalha-com-daniel-cargnin\"},\"wordCount\":268,\"commentCount\":0,\"publisher\":{\"@id\":\"https:\\\/\\\/redenoticiaz.com.br\\\/litoralsp\\\/#organization\"},\"image\":{\"@id\":\"https:\\\/\\\/redenoticiaz.com.br\\\/litoralsp\\\/2021\\\/07\\\/25\\\/brasil-segue-a-tradicao-no-judo-e-fatura-mais-uma-medalha-com-daniel-cargnin#primaryimage\"},\"thumbnailUrl\":\"https:\\\/\\\/redenoticiaz.com.br\\\/litoralsp\\\/wp-content\\\/uploads\\\/sites\\\/3\\\/2021\\\/07\\\/judo.jpg\",\"keywords\":[\"Brasil\",\"DANIEL CARGNIN\",\"JOGOS OL\u00cdMPICOS\",\"JUD\u00d4\",\"MEDALHA DE BRONZE\",\"OLIMP\u00cdADAS DE T\u00d3QUIO\"],\"articleSection\":[\"Olimp\u00edadas\"],\"inLanguage\":\"pt-BR\",\"potentialAction\":[{\"@type\":\"CommentAction\",\"name\":\"Comment\",\"target\":[\"https:\\\/\\\/redenoticiaz.com.br\\\/litoralsp\\\/2021\\\/07\\\/25\\\/brasil-segue-a-tradicao-no-judo-e-fatura-mais-uma-medalha-com-daniel-cargnin#respond\"]}]},{\"@type\":\"WebPage\",\"@id\":\"https:\\\/\\\/redenoticiaz.com.br\\\/litoralsp\\\/2021\\\/07\\\/25\\\/brasil-segue-a-tradicao-no-judo-e-fatura-mais-uma-medalha-com-daniel-cargnin\",\"url\":\"https:\\\/\\\/redenoticiaz.com.br\\\/litoralsp\\\/2021\\\/07\\\/25\\\/brasil-segue-a-tradicao-no-judo-e-fatura-mais-uma-medalha-com-daniel-cargnin\",\"name\":\"Brasil segue a tradi\u00e7\u00e3o no jud\u00f4 e fatura mais uma medalha com Daniel Cargnin - Litoral SP\",\"isPartOf\":{\"@id\":\"https:\\\/\\\/redenoticiaz.com.br\\\/litoralsp\\\/#website\"},\"primaryImageOfPage\":{\"@id\":\"https:\\\/\\\/redenoticiaz.com.br\\\/litoralsp\\\/2021\\\/07\\\/25\\\/brasil-segue-a-tradicao-no-judo-e-fatura-mais-uma-medalha-com-daniel-cargnin#primaryimage\"},\"image\":{\"@id\":\"https:\\\/\\\/redenoticiaz.com.br\\\/litoralsp\\\/2021\\\/07\\\/25\\\/brasil-segue-a-tradicao-no-judo-e-fatura-mais-uma-medalha-com-daniel-cargnin#primaryimage\"},\"thumbnailUrl\":\"https:\\\/\\\/redenoticiaz.com.br\\\/litoralsp\\\/wp-content\\\/uploads\\\/sites\\\/3\\\/2021\\\/07\\\/judo.jpg\",\"datePublished\":\"2021-07-25T14:46:50+00:00\",\"dateModified\":\"2021-07-25T14:50:45+00:00\",\"description\":\"O judoca Daniel Cargnin, de 23 anos, ajudou a manter a tradi\u00e7\u00e3o do Brasil nas Olimp\u00edadas. Ele faturou a medalha de bronze\",\"inLanguage\":\"pt-BR\",\"potentialAction\":[{\"@type\":\"ReadAction\",\"target\":[\"https:\\\/\\\/redenoticiaz.com.br\\\/litoralsp\\\/2021\\\/07\\\/25\\\/brasil-segue-a-tradicao-no-judo-e-fatura-mais-uma-medalha-com-daniel-cargnin\"]}]},{\"@type\":\"ImageObject\",\"inLanguage\":\"pt-BR\",\"@id\":\"https:\\\/\\\/redenoticiaz.com.br\\\/litoralsp\\\/2021\\\/07\\\/25\\\/brasil-segue-a-tradicao-no-judo-e-fatura-mais-uma-medalha-com-daniel-cargnin#primaryimage\",\"url\":\"https:\\\/\\\/redenoticiaz.com.br\\\/litoralsp\\\/wp-content\\\/uploads\\\/sites\\\/3\\\/2021\\\/07\\\/judo.jpg\",\"contentUrl\":\"https:\\\/\\\/redenoticiaz.com.br\\\/litoralsp\\\/wp-content\\\/uploads\\\/sites\\\/3\\\/2021\\\/07\\\/judo.jpg\",\"width\":984,\"height\":675,\"caption\":\"A luta contra o israelense foi dura, mas o brasileiro levou a melhor\"},{\"@type\":\"WebSite\",\"@id\":\"https:\\\/\\\/redenoticiaz.com.br\\\/litoralsp\\\/#website\",\"url\":\"https:\\\/\\\/redenoticiaz.com.br\\\/litoralsp\\\/\",\"name\":\"Litoral SP\",\"description\":\"Rede NoticiaZ\",\"publisher\":{\"@id\":\"https:\\\/\\\/redenoticiaz.com.br\\\/litoralsp\\\/#organization\"},\"potentialAction\":[{\"@type\":\"SearchAction\",\"target\":{\"@type\":\"EntryPoint\",\"urlTemplate\":\"https:\\\/\\\/redenoticiaz.com.br\\\/litoralsp\\\/?s={search_term_string}\"},\"query-input\":{\"@type\":\"PropertyValueSpecification\",\"valueRequired\":true,\"valueName\":\"search_term_string\"}}],\"inLanguage\":\"pt-BR\"},{\"@type\":\"Organization\",\"@id\":\"https:\\\/\\\/redenoticiaz.com.br\\\/litoralsp\\\/#organization\",\"name\":\"Litoral SP\",\"url\":\"https:\\\/\\\/redenoticiaz.com.br\\\/litoralsp\\\/\",\"logo\":{\"@type\":\"ImageObject\",\"inLanguage\":\"pt-BR\",\"@id\":\"https:\\\/\\\/redenoticiaz.com.br\\\/litoralsp\\\/#\\\/schema\\\/logo\\\/image\\\/\",\"url\":\"https:\\\/\\\/redenoticiaz.com.br\\\/litoralsp\\\/wp-content\\\/uploads\\\/sites\\\/3\\\/2020\\\/11\\\/logo.jpg\",\"contentUrl\":\"https:\\\/\\\/redenoticiaz.com.br\\\/litoralsp\\\/wp-content\\\/uploads\\\/sites\\\/3\\\/2020\\\/11\\\/logo.jpg\",\"width\":400,\"height\":250,\"caption\":\"Litoral SP\"},\"image\":{\"@id\":\"https:\\\/\\\/redenoticiaz.com.br\\\/litoralsp\\\/#\\\/schema\\\/logo\\\/image\\\/\"}},{\"@type\":\"Person\",\"@id\":\"https:\\\/\\\/redenoticiaz.com.br\\\/litoralsp\\\/#\\\/schema\\\/person\\\/0f0b8a5bdafefe82841e07ae8d81ecb3\",\"name\":\"Leonardo Francisco\",\"image\":{\"@type\":\"ImageObject\",\"inLanguage\":\"pt-BR\",\"@id\":\"https:\\\/\\\/secure.gravatar.com\\\/avatar\\\/a7358cb406a99b682ec6df1e77e31ae82e63601f6784e8a3df411d72b37864da?s=96&d=mm&r=g\",\"url\":\"https:\\\/\\\/secure.gravatar.com\\\/avatar\\\/a7358cb406a99b682ec6df1e77e31ae82e63601f6784e8a3df411d72b37864da?s=96&d=mm&r=g\",\"contentUrl\":\"https:\\\/\\\/secure.gravatar.com\\\/avatar\\\/a7358cb406a99b682ec6df1e77e31ae82e63601f6784e8a3df411d72b37864da?s=96&d=mm&r=g\",\"caption\":\"Leonardo Francisco\"},\"url\":\"https:\\\/\\\/redenoticiaz.com.br\\\/litoralsp\\\/author\\\/leonardo-francisco\"}]}<\/script>\n<!-- \/ Yoast SEO plugin. -->","yoast_head_json":{"title":"Brasil segue a tradi\u00e7\u00e3o no jud\u00f4 e fatura mais uma medalha com Daniel Cargnin - Litoral SP","description":"O judoca Daniel Cargnin, de 23 anos, ajudou a manter a tradi\u00e7\u00e3o do Brasil nas Olimp\u00edadas. Ele faturou a medalha de bronze","robots":{"index":"index","follow":"follow","max-snippet":"max-snippet:-1","max-image-preview":"max-image-preview:large","max-video-preview":"max-video-preview:-1"},"canonical":"https:\/\/redenoticiaz.com.br\/litoralsp\/2021\/07\/25\/brasil-segue-a-tradicao-no-judo-e-fatura-mais-uma-medalha-com-daniel-cargnin","og_locale":"pt_BR","og_type":"article","og_title":"Brasil segue a tradi\u00e7\u00e3o no jud\u00f4 e fatura mais uma medalha com Daniel Cargnin - Litoral SP","og_description":"O judoca Daniel Cargnin, de 23 anos, ajudou a manter a tradi\u00e7\u00e3o do Brasil nas Olimp\u00edadas. Ele faturou a medalha de bronze","og_url":"https:\/\/redenoticiaz.com.br\/litoralsp\/2021\/07\/25\/brasil-segue-a-tradicao-no-judo-e-fatura-mais-uma-medalha-com-daniel-cargnin","og_site_name":"Litoral SP","article_published_time":"2021-07-25T14:46:50+00:00","article_modified_time":"2021-07-25T14:50:45+00:00","og_image":[{"width":984,"height":675,"url":"https:\/\/redenoticiaz.com.br\/litoralsp\/wp-content\/uploads\/sites\/3\/2021\/07\/judo.jpg","type":"image\/jpeg"}],"author":"Leonardo Francisco","twitter_card":"summary_large_image","twitter_misc":{"Escrito por":"Leonardo Francisco","Est. tempo de leitura":"1 minuto"},"schema":{"@context":"https:\/\/schema.org","@graph":[{"@type":"Article","@id":"https:\/\/redenoticiaz.com.br\/litoralsp\/2021\/07\/25\/brasil-segue-a-tradicao-no-judo-e-fatura-mais-uma-medalha-com-daniel-cargnin#article","isPartOf":{"@id":"https:\/\/redenoticiaz.com.br\/litoralsp\/2021\/07\/25\/brasil-segue-a-tradicao-no-judo-e-fatura-mais-uma-medalha-com-daniel-cargnin"},"author":{"name":"Leonardo Francisco","@id":"https:\/\/redenoticiaz.com.br\/litoralsp\/#\/schema\/person\/0f0b8a5bdafefe82841e07ae8d81ecb3"},"headline":"Brasil segue a tradi\u00e7\u00e3o no jud\u00f4 e fatura mais uma medalha com Daniel Cargnin","datePublished":"2021-07-25T14:46:50+00:00","dateModified":"2021-07-25T14:50:45+00:00","mainEntityOfPage":{"@id":"https:\/\/redenoticiaz.com.br\/litoralsp\/2021\/07\/25\/brasil-segue-a-tradicao-no-judo-e-fatura-mais-uma-medalha-com-daniel-cargnin"},"wordCount":268,"commentCount":0,"publisher":{"@id":"https:\/\/redenoticiaz.com.br\/litoralsp\/#organization"},"image":{"@id":"https:\/\/redenoticiaz.com.br\/litoralsp\/2021\/07\/25\/brasil-segue-a-tradicao-no-judo-e-fatura-mais-uma-medalha-com-daniel-cargnin#primaryimage"},"thumbnailUrl":"https:\/\/redenoticiaz.com.br\/litoralsp\/wp-content\/uploads\/sites\/3\/2021\/07\/judo.jpg","keywords":["Brasil","DANIEL CARGNIN","JOGOS OL\u00cdMPICOS","JUD\u00d4","MEDALHA DE BRONZE","OLIMP\u00cdADAS DE T\u00d3QUIO"],"articleSection":["Olimp\u00edadas"],"inLanguage":"pt-BR","potentialAction":[{"@type":"CommentAction","name":"Comment","target":["https:\/\/redenoticiaz.com.br\/litoralsp\/2021\/07\/25\/brasil-segue-a-tradicao-no-judo-e-fatura-mais-uma-medalha-com-daniel-cargnin#respond"]}]},{"@type":"WebPage","@id":"https:\/\/redenoticiaz.com.br\/litoralsp\/2021\/07\/25\/brasil-segue-a-tradicao-no-judo-e-fatura-mais-uma-medalha-com-daniel-cargnin","url":"https:\/\/redenoticiaz.com.br\/litoralsp\/2021\/07\/25\/brasil-segue-a-tradicao-no-judo-e-fatura-mais-uma-medalha-com-daniel-cargnin","name":"Brasil segue a tradi\u00e7\u00e3o no jud\u00f4 e fatura mais uma medalha com Daniel Cargnin - Litoral SP","isPartOf":{"@id":"https:\/\/redenoticiaz.com.br\/litoralsp\/#website"},"primaryImageOfPage":{"@id":"https:\/\/redenoticiaz.com.br\/litoralsp\/2021\/07\/25\/brasil-segue-a-tradicao-no-judo-e-fatura-mais-uma-medalha-com-daniel-cargnin#primaryimage"},"image":{"@id":"https:\/\/redenoticiaz.com.br\/litoralsp\/2021\/07\/25\/brasil-segue-a-tradicao-no-judo-e-fatura-mais-uma-medalha-com-daniel-cargnin#primaryimage"},"thumbnailUrl":"https:\/\/redenoticiaz.com.br\/litoralsp\/wp-content\/uploads\/sites\/3\/2021\/07\/judo.jpg","datePublished":"2021-07-25T14:46:50+00:00","dateModified":"2021-07-25T14:50:45+00:00","description":"O judoca Daniel Cargnin, de 23 anos, ajudou a manter a tradi\u00e7\u00e3o do Brasil nas Olimp\u00edadas. Ele faturou a medalha de bronze","inLanguage":"pt-BR","potentialAction":[{"@type":"ReadAction","target":["https:\/\/redenoticiaz.com.br\/litoralsp\/2021\/07\/25\/brasil-segue-a-tradicao-no-judo-e-fatura-mais-uma-medalha-com-daniel-cargnin"]}]},{"@type":"ImageObject","inLanguage":"pt-BR","@id":"https:\/\/redenoticiaz.com.br\/litoralsp\/2021\/07\/25\/brasil-segue-a-tradicao-no-judo-e-fatura-mais-uma-medalha-com-daniel-cargnin#primaryimage","url":"https:\/\/redenoticiaz.com.br\/litoralsp\/wp-content\/uploads\/sites\/3\/2021\/07\/judo.jpg","contentUrl":"https:\/\/redenoticiaz.com.br\/litoralsp\/wp-content\/uploads\/sites\/3\/2021\/07\/judo.jpg","width":984,"height":675,"caption":"A luta contra o israelense foi dura, mas o brasileiro levou a melhor"},{"@type":"WebSite","@id":"https:\/\/redenoticiaz.com.br\/litoralsp\/#website","url":"https:\/\/redenoticiaz.com.br\/litoralsp\/","name":"Litoral SP","description":"Rede NoticiaZ","publisher":{"@id":"https:\/\/redenoticiaz.com.br\/litoralsp\/#organization"},"potentialAction":[{"@type":"SearchAction","target":{"@type":"EntryPoint","urlTemplate":"https:\/\/redenoticiaz.com.br\/litoralsp\/?s={search_term_string}"},"query-input":{"@type":"PropertyValueSpecification","valueRequired":true,"valueName":"search_term_string"}}],"inLanguage":"pt-BR"},{"@type":"Organization","@id":"https:\/\/redenoticiaz.com.br\/litoralsp\/#organization","name":"Litoral SP","url":"https:\/\/redenoticiaz.com.br\/litoralsp\/","logo":{"@type":"ImageObject","inLanguage":"pt-BR","@id":"https:\/\/redenoticiaz.com.br\/litoralsp\/#\/schema\/logo\/image\/","url":"https:\/\/redenoticiaz.com.br\/litoralsp\/wp-content\/uploads\/sites\/3\/2020\/11\/logo.jpg","contentUrl":"https:\/\/redenoticiaz.com.br\/litoralsp\/wp-content\/uploads\/sites\/3\/2020\/11\/logo.jpg","width":400,"height":250,"caption":"Litoral SP"},"image":{"@id":"https:\/\/redenoticiaz.com.br\/litoralsp\/#\/schema\/logo\/image\/"}},{"@type":"Person","@id":"https:\/\/redenoticiaz.com.br\/litoralsp\/#\/schema\/person\/0f0b8a5bdafefe82841e07ae8d81ecb3","name":"Leonardo Francisco","image":{"@type":"ImageObject","inLanguage":"pt-BR","@id":"https:\/\/secure.gravatar.com\/avatar\/a7358cb406a99b682ec6df1e77e31ae82e63601f6784e8a3df411d72b37864da?s=96&d=mm&r=g","url":"https:\/\/secure.gravatar.com\/avatar\/a7358cb406a99b682ec6df1e77e31ae82e63601f6784e8a3df411d72b37864da?s=96&d=mm&r=g","contentUrl":"https:\/\/secure.gravatar.com\/avatar\/a7358cb406a99b682ec6df1e77e31ae82e63601f6784e8a3df411d72b37864da?s=96&d=mm&r=g","caption":"Leonardo Francisco"},"url":"https:\/\/redenoticiaz.com.br\/litoralsp\/author\/leonardo-francisco"}]}},"_links":{"self":[{"href":"https:\/\/redenoticiaz.com.br\/litoralsp\/wp-json\/wp\/v2\/posts\/11820","targetHints":{"allow":["GET"]}}],"collection":[{"href":"https:\/\/redenoticiaz.com.br\/litoralsp\/wp-json\/wp\/v2\/posts"}],"about":[{"href":"https:\/\/redenoticiaz.com.br\/litoralsp\/wp-json\/wp\/v2\/types\/post"}],"author":[{"embeddable":true,"href":"https:\/\/redenoticiaz.com.br\/litoralsp\/wp-json\/wp\/v2\/users\/6"}],"replies":[{"embeddable":true,"href":"https:\/\/redenoticiaz.com.br\/litoralsp\/wp-json\/wp\/v2\/comments?post=11820"}],"version-history":[{"count":1,"href":"https:\/\/redenoticiaz.com.br\/litoralsp\/wp-json\/wp\/v2\/posts\/11820\/revisions"}],"predecessor-version":[{"id":11822,"href":"https:\/\/redenoticiaz.com.br\/litoralsp\/wp-json\/wp\/v2\/posts\/11820\/revisions\/11822"}],"wp:featuredmedia":[{"embeddable":true,"href":"https:\/\/redenoticiaz.com.br\/litoralsp\/wp-json\/wp\/v2\/media\/11821"}],"wp:attachment":[{"href":"https:\/\/redenoticiaz.com.br\/litoralsp\/wp-json\/wp\/v2\/media?parent=11820"}],"wp:term":[{"taxonomy":"category","embeddable":true,"href":"https:\/\/redenoticiaz.com.br\/litoralsp\/wp-json\/wp\/v2\/categories?post=11820"},{"taxonomy":"post_tag","embeddable":true,"href":"https:\/\/redenoticiaz.com.br\/litoralsp\/wp-json\/wp\/v2\/tags?post=11820"}],"curies":[{"name":"wp","href":"https:\/\/api.w.org\/{rel}","templated":true}]}}