{"id":118200,"date":"2024-09-07T12:30:59","date_gmt":"2024-09-07T15:30:59","guid":{"rendered":"https:\/\/redenoticiaz.com.br\/litoralsp\/?p=118200"},"modified":"2024-09-07T12:05:21","modified_gmt":"2024-09-07T15:05:21","slug":"brasil-quebra-recorde-em-paris-2024-com-77-podios","status":"publish","type":"post","link":"https:\/\/redenoticiaz.com.br\/litoralsp\/2024\/09\/07\/brasil-quebra-recorde-em-paris-2024-com-77-podios","title":{"rendered":"Brasil quebra recorde em Paris-2024 com 77 p\u00f3dios"},"content":{"rendered":"<p>No s\u00e1bado (7), a delega\u00e7\u00e3o brasileira estabeleceu um novo recorde em Paris-2024, alcan\u00e7ando 77 p\u00f3dios e superando o desempenho de T\u00f3quio-2020.<\/p>\n<p>Rayane Soares conquistou o ouro nos 400 m T13 com um novo recorde mundial de 53s55, superando a marca de Marla Runyan, que estava em vigor h\u00e1 quase 30 anos. Mariana D&#8217;Andrea tamb\u00e9m brilhou ao garantir o ouro na halterofilismo at\u00e9 73 kg, estabelecendo um novo recorde paral\u00edmpico ao levantar 148 kg.<\/p>\n<p>Outras conquistas inclu\u00edram pratas para Ricardo Mendon\u00e7a (200 m T37) e Lu\u00eds Carlos Cardoso (canoagem K1 200 m KL1), al\u00e9m de bronzes para Christian Gabriel (200 m T37), Paulo Henrique Andrade dos Reis (salto em dist\u00e2ncia T13) e Miqu\u00e9ias Rodrigues (canoagem 200 m KL3).<\/p>\n<p>O Brasil mostra uma clara evolu\u00e7\u00e3o, tendo conquistado 43 medalhas em Londres-2012, 72 em Rio-2016, 72 em T\u00f3quio-2020, e agora, 77 em Paris-2024.<\/p>\n<p>LEIA MAIS<\/p>\n<p><a href=\"https:\/\/redenoticiaz.com.br\/blog\/2024\/09\/07\/mpf-aciona-justica-para-contratacao-de-brigadistas-contra-incendios\">MPF aciona justi\u00e7a para contrata\u00e7\u00e3o de brigadistas contra inc\u00eandios<\/a><\/p>\n<p><a href=\"https:\/\/redenoticiaz.com.br\/blog\/2024\/09\/07\/sindicatos-e-mp-vao-receber-denuncias-de-assedio-eleitoral-no-trabalho\">Sindicatos e MP v\u00e3o receber den\u00fancias de ass\u00e9dio eleitoral no trabalho<\/a><\/p>\n","protected":false},"excerpt":{"rendered":"<p>No s\u00e1bado (7), a delega\u00e7\u00e3o brasileira estabeleceu um novo recorde em Paris-2024, alcan\u00e7ando 77 p\u00f3dios e superando o desempenho de T\u00f3quio-2020. Rayane Soares conquistou o ouro nos 400 m T13 com um novo recorde mundial de 53s55, superando a marca de Marla Runyan, que estava em vigor h\u00e1 quase 30 anos. Mariana D&#8217;Andrea tamb\u00e9m brilhou &hellip;<\/p>\n","protected":false},"author":30,"featured_media":118201,"comment_status":"open","ping_status":"closed","sticky":false,"template":"","format":"standard","meta":{"footnotes":""},"categories":[35,31033],"tags":[68644,29723,15024],"class_list":["post-118200","post","type-post","status-publish","format-standard","has-post-thumbnail","hentry","category-esporte","category-paralimpiadas","tag-atletas-paralimpicos","tag-paris-2024","tag-recorde"],"yoast_head":"<!-- This site is optimized with the Yoast SEO plugin v27.4 - https:\/\/yoast.com\/product\/yoast-seo-wordpress\/ -->\n<title>Brasil quebra recorde em Paris-2024 com 77 p\u00f3dios - Litoral SP<\/title>\n<meta name=\"description\" content=\"No s\u00e1bado (7), a delega\u00e7\u00e3o brasileira estabeleceu um novo recorde em Paris-2024, alcan\u00e7ando 77 p\u00f3dios e superando o desempenho de T\u00f3quio-2020.\" \/>\n<meta name=\"robots\" content=\"index, follow, max-snippet:-1, max-image-preview:large, max-video-preview:-1\" \/>\n<link rel=\"canonical\" href=\"https:\/\/redenoticiaz.com.br\/litoralsp\/2024\/09\/07\/brasil-quebra-recorde-em-paris-2024-com-77-podios\" \/>\n<meta property=\"og:locale\" content=\"pt_BR\" \/>\n<meta property=\"og:type\" content=\"article\" \/>\n<meta property=\"og:title\" content=\"Brasil quebra recorde em Paris-2024 com 77 p\u00f3dios - Litoral SP\" \/>\n<meta property=\"og:description\" content=\"No s\u00e1bado (7), a delega\u00e7\u00e3o brasileira estabeleceu um novo recorde em Paris-2024, alcan\u00e7ando 77 p\u00f3dios e superando o desempenho de T\u00f3quio-2020.\" \/>\n<meta property=\"og:url\" content=\"https:\/\/redenoticiaz.com.br\/litoralsp\/2024\/09\/07\/brasil-quebra-recorde-em-paris-2024-com-77-podios\" \/>\n<meta property=\"og:site_name\" content=\"Litoral SP\" \/>\n<meta property=\"article:published_time\" content=\"2024-09-07T15:30:59+00:00\" \/>\n<meta property=\"og:image\" content=\"https:\/\/redenoticiaz.com.br\/litoralsp\/wp-content\/uploads\/sites\/3\/2024\/09\/Captura-de-tela-2024-09-07-120415.png?v=1725721478\" \/>\n\t<meta property=\"og:image:width\" content=\"582\" \/>\n\t<meta property=\"og:image:height\" content=\"352\" \/>\n\t<meta property=\"og:image:type\" content=\"image\/png\" \/>\n<meta name=\"author\" content=\"Carina Reifonas\" \/>\n<meta name=\"twitter:card\" content=\"summary_large_image\" \/>\n<meta name=\"twitter:label1\" content=\"Escrito por\" \/>\n\t<meta name=\"twitter:data1\" content=\"Carina Reifonas\" \/>\n\t<meta name=\"twitter:label2\" content=\"Est. tempo de leitura\" \/>\n\t<meta name=\"twitter:data2\" content=\"2 minutos\" \/>\n<script type=\"application\/ld+json\" class=\"yoast-schema-graph\">{\"@context\":\"https:\\\/\\\/schema.org\",\"@graph\":[{\"@type\":\"Article\",\"@id\":\"https:\\\/\\\/redenoticiaz.com.br\\\/litoralsp\\\/2024\\\/09\\\/07\\\/brasil-quebra-recorde-em-paris-2024-com-77-podios#article\",\"isPartOf\":{\"@id\":\"https:\\\/\\\/redenoticiaz.com.br\\\/litoralsp\\\/2024\\\/09\\\/07\\\/brasil-quebra-recorde-em-paris-2024-com-77-podios\"},\"author\":{\"name\":\"Carina Reifonas\",\"@id\":\"https:\\\/\\\/redenoticiaz.com.br\\\/litoralsp\\\/#\\\/schema\\\/person\\\/1f84d6e94e6a62d2d81199d7503e9e90\"},\"headline\":\"Brasil quebra recorde em Paris-2024 com 77 p\u00f3dios\",\"datePublished\":\"2024-09-07T15:30:59+00:00\",\"mainEntityOfPage\":{\"@id\":\"https:\\\/\\\/redenoticiaz.com.br\\\/litoralsp\\\/2024\\\/09\\\/07\\\/brasil-quebra-recorde-em-paris-2024-com-77-podios\"},\"wordCount\":178,\"commentCount\":0,\"publisher\":{\"@id\":\"https:\\\/\\\/redenoticiaz.com.br\\\/litoralsp\\\/#organization\"},\"image\":{\"@id\":\"https:\\\/\\\/redenoticiaz.com.br\\\/litoralsp\\\/2024\\\/09\\\/07\\\/brasil-quebra-recorde-em-paris-2024-com-77-podios#primaryimage\"},\"thumbnailUrl\":\"https:\\\/\\\/redenoticiaz.com.br\\\/litoralsp\\\/wp-content\\\/uploads\\\/sites\\\/3\\\/2024\\\/09\\\/Captura-de-tela-2024-09-07-120415.png?v=1725721478\",\"keywords\":[\"ATLETAS PARAL\u00cdMPICOS\",\"Paris 2024\",\"recorde\"],\"articleSection\":[\"Esporte\",\"Paralimp\u00edadas\"],\"inLanguage\":\"pt-BR\",\"potentialAction\":[{\"@type\":\"CommentAction\",\"name\":\"Comment\",\"target\":[\"https:\\\/\\\/redenoticiaz.com.br\\\/litoralsp\\\/2024\\\/09\\\/07\\\/brasil-quebra-recorde-em-paris-2024-com-77-podios#respond\"]}]},{\"@type\":\"WebPage\",\"@id\":\"https:\\\/\\\/redenoticiaz.com.br\\\/litoralsp\\\/2024\\\/09\\\/07\\\/brasil-quebra-recorde-em-paris-2024-com-77-podios\",\"url\":\"https:\\\/\\\/redenoticiaz.com.br\\\/litoralsp\\\/2024\\\/09\\\/07\\\/brasil-quebra-recorde-em-paris-2024-com-77-podios\",\"name\":\"Brasil quebra recorde em Paris-2024 com 77 p\u00f3dios - Litoral SP\",\"isPartOf\":{\"@id\":\"https:\\\/\\\/redenoticiaz.com.br\\\/litoralsp\\\/#website\"},\"primaryImageOfPage\":{\"@id\":\"https:\\\/\\\/redenoticiaz.com.br\\\/litoralsp\\\/2024\\\/09\\\/07\\\/brasil-quebra-recorde-em-paris-2024-com-77-podios#primaryimage\"},\"image\":{\"@id\":\"https:\\\/\\\/redenoticiaz.com.br\\\/litoralsp\\\/2024\\\/09\\\/07\\\/brasil-quebra-recorde-em-paris-2024-com-77-podios#primaryimage\"},\"thumbnailUrl\":\"https:\\\/\\\/redenoticiaz.com.br\\\/litoralsp\\\/wp-content\\\/uploads\\\/sites\\\/3\\\/2024\\\/09\\\/Captura-de-tela-2024-09-07-120415.png?v=1725721478\",\"datePublished\":\"2024-09-07T15:30:59+00:00\",\"description\":\"No s\u00e1bado (7), a delega\u00e7\u00e3o brasileira estabeleceu um novo recorde em Paris-2024, alcan\u00e7ando 77 p\u00f3dios e superando o desempenho de T\u00f3quio-2020.\",\"inLanguage\":\"pt-BR\",\"potentialAction\":[{\"@type\":\"ReadAction\",\"target\":[\"https:\\\/\\\/redenoticiaz.com.br\\\/litoralsp\\\/2024\\\/09\\\/07\\\/brasil-quebra-recorde-em-paris-2024-com-77-podios\"]}]},{\"@type\":\"ImageObject\",\"inLanguage\":\"pt-BR\",\"@id\":\"https:\\\/\\\/redenoticiaz.com.br\\\/litoralsp\\\/2024\\\/09\\\/07\\\/brasil-quebra-recorde-em-paris-2024-com-77-podios#primaryimage\",\"url\":\"https:\\\/\\\/redenoticiaz.com.br\\\/litoralsp\\\/wp-content\\\/uploads\\\/sites\\\/3\\\/2024\\\/09\\\/Captura-de-tela-2024-09-07-120415.png?v=1725721478\",\"contentUrl\":\"https:\\\/\\\/redenoticiaz.com.br\\\/litoralsp\\\/wp-content\\\/uploads\\\/sites\\\/3\\\/2024\\\/09\\\/Captura-de-tela-2024-09-07-120415.png?v=1725721478\",\"width\":582,\"height\":352},{\"@type\":\"WebSite\",\"@id\":\"https:\\\/\\\/redenoticiaz.com.br\\\/litoralsp\\\/#website\",\"url\":\"https:\\\/\\\/redenoticiaz.com.br\\\/litoralsp\\\/\",\"name\":\"Litoral SP\",\"description\":\"Rede NoticiaZ\",\"publisher\":{\"@id\":\"https:\\\/\\\/redenoticiaz.com.br\\\/litoralsp\\\/#organization\"},\"potentialAction\":[{\"@type\":\"SearchAction\",\"target\":{\"@type\":\"EntryPoint\",\"urlTemplate\":\"https:\\\/\\\/redenoticiaz.com.br\\\/litoralsp\\\/?s={search_term_string}\"},\"query-input\":{\"@type\":\"PropertyValueSpecification\",\"valueRequired\":true,\"valueName\":\"search_term_string\"}}],\"inLanguage\":\"pt-BR\"},{\"@type\":\"Organization\",\"@id\":\"https:\\\/\\\/redenoticiaz.com.br\\\/litoralsp\\\/#organization\",\"name\":\"Litoral SP\",\"url\":\"https:\\\/\\\/redenoticiaz.com.br\\\/litoralsp\\\/\",\"logo\":{\"@type\":\"ImageObject\",\"inLanguage\":\"pt-BR\",\"@id\":\"https:\\\/\\\/redenoticiaz.com.br\\\/litoralsp\\\/#\\\/schema\\\/logo\\\/image\\\/\",\"url\":\"https:\\\/\\\/redenoticiaz.com.br\\\/litoralsp\\\/wp-content\\\/uploads\\\/sites\\\/3\\\/2020\\\/11\\\/logo.jpg\",\"contentUrl\":\"https:\\\/\\\/redenoticiaz.com.br\\\/litoralsp\\\/wp-content\\\/uploads\\\/sites\\\/3\\\/2020\\\/11\\\/logo.jpg\",\"width\":400,\"height\":250,\"caption\":\"Litoral SP\"},\"image\":{\"@id\":\"https:\\\/\\\/redenoticiaz.com.br\\\/litoralsp\\\/#\\\/schema\\\/logo\\\/image\\\/\"}},{\"@type\":\"Person\",\"@id\":\"https:\\\/\\\/redenoticiaz.com.br\\\/litoralsp\\\/#\\\/schema\\\/person\\\/1f84d6e94e6a62d2d81199d7503e9e90\",\"name\":\"Carina Reifonas\",\"image\":{\"@type\":\"ImageObject\",\"inLanguage\":\"pt-BR\",\"@id\":\"https:\\\/\\\/secure.gravatar.com\\\/avatar\\\/04c59859b23696cf867715880f81d5c037e60109730bdb4e6670ec2a2245bc97?s=96&d=mm&r=g\",\"url\":\"https:\\\/\\\/secure.gravatar.com\\\/avatar\\\/04c59859b23696cf867715880f81d5c037e60109730bdb4e6670ec2a2245bc97?s=96&d=mm&r=g\",\"contentUrl\":\"https:\\\/\\\/secure.gravatar.com\\\/avatar\\\/04c59859b23696cf867715880f81d5c037e60109730bdb4e6670ec2a2245bc97?s=96&d=mm&r=g\",\"caption\":\"Carina Reifonas\"},\"url\":\"https:\\\/\\\/redenoticiaz.com.br\\\/litoralsp\\\/author\\\/carinareifonas\"}]}<\/script>\n<!-- \/ Yoast SEO plugin. -->","yoast_head_json":{"title":"Brasil quebra recorde em Paris-2024 com 77 p\u00f3dios - Litoral SP","description":"No s\u00e1bado (7), a delega\u00e7\u00e3o brasileira estabeleceu um novo recorde em Paris-2024, alcan\u00e7ando 77 p\u00f3dios e superando o desempenho de T\u00f3quio-2020.","robots":{"index":"index","follow":"follow","max-snippet":"max-snippet:-1","max-image-preview":"max-image-preview:large","max-video-preview":"max-video-preview:-1"},"canonical":"https:\/\/redenoticiaz.com.br\/litoralsp\/2024\/09\/07\/brasil-quebra-recorde-em-paris-2024-com-77-podios","og_locale":"pt_BR","og_type":"article","og_title":"Brasil quebra recorde em Paris-2024 com 77 p\u00f3dios - Litoral SP","og_description":"No s\u00e1bado (7), a delega\u00e7\u00e3o brasileira estabeleceu um novo recorde em Paris-2024, alcan\u00e7ando 77 p\u00f3dios e superando o desempenho de T\u00f3quio-2020.","og_url":"https:\/\/redenoticiaz.com.br\/litoralsp\/2024\/09\/07\/brasil-quebra-recorde-em-paris-2024-com-77-podios","og_site_name":"Litoral SP","article_published_time":"2024-09-07T15:30:59+00:00","og_image":[{"width":582,"height":352,"url":"https:\/\/redenoticiaz.com.br\/litoralsp\/wp-content\/uploads\/sites\/3\/2024\/09\/Captura-de-tela-2024-09-07-120415.png?v=1725721478","type":"image\/png"}],"author":"Carina Reifonas","twitter_card":"summary_large_image","twitter_misc":{"Escrito por":"Carina Reifonas","Est. tempo de leitura":"2 minutos"},"schema":{"@context":"https:\/\/schema.org","@graph":[{"@type":"Article","@id":"https:\/\/redenoticiaz.com.br\/litoralsp\/2024\/09\/07\/brasil-quebra-recorde-em-paris-2024-com-77-podios#article","isPartOf":{"@id":"https:\/\/redenoticiaz.com.br\/litoralsp\/2024\/09\/07\/brasil-quebra-recorde-em-paris-2024-com-77-podios"},"author":{"name":"Carina Reifonas","@id":"https:\/\/redenoticiaz.com.br\/litoralsp\/#\/schema\/person\/1f84d6e94e6a62d2d81199d7503e9e90"},"headline":"Brasil quebra recorde em Paris-2024 com 77 p\u00f3dios","datePublished":"2024-09-07T15:30:59+00:00","mainEntityOfPage":{"@id":"https:\/\/redenoticiaz.com.br\/litoralsp\/2024\/09\/07\/brasil-quebra-recorde-em-paris-2024-com-77-podios"},"wordCount":178,"commentCount":0,"publisher":{"@id":"https:\/\/redenoticiaz.com.br\/litoralsp\/#organization"},"image":{"@id":"https:\/\/redenoticiaz.com.br\/litoralsp\/2024\/09\/07\/brasil-quebra-recorde-em-paris-2024-com-77-podios#primaryimage"},"thumbnailUrl":"https:\/\/redenoticiaz.com.br\/litoralsp\/wp-content\/uploads\/sites\/3\/2024\/09\/Captura-de-tela-2024-09-07-120415.png?v=1725721478","keywords":["ATLETAS PARAL\u00cdMPICOS","Paris 2024","recorde"],"articleSection":["Esporte","Paralimp\u00edadas"],"inLanguage":"pt-BR","potentialAction":[{"@type":"CommentAction","name":"Comment","target":["https:\/\/redenoticiaz.com.br\/litoralsp\/2024\/09\/07\/brasil-quebra-recorde-em-paris-2024-com-77-podios#respond"]}]},{"@type":"WebPage","@id":"https:\/\/redenoticiaz.com.br\/litoralsp\/2024\/09\/07\/brasil-quebra-recorde-em-paris-2024-com-77-podios","url":"https:\/\/redenoticiaz.com.br\/litoralsp\/2024\/09\/07\/brasil-quebra-recorde-em-paris-2024-com-77-podios","name":"Brasil quebra recorde em Paris-2024 com 77 p\u00f3dios - Litoral SP","isPartOf":{"@id":"https:\/\/redenoticiaz.com.br\/litoralsp\/#website"},"primaryImageOfPage":{"@id":"https:\/\/redenoticiaz.com.br\/litoralsp\/2024\/09\/07\/brasil-quebra-recorde-em-paris-2024-com-77-podios#primaryimage"},"image":{"@id":"https:\/\/redenoticiaz.com.br\/litoralsp\/2024\/09\/07\/brasil-quebra-recorde-em-paris-2024-com-77-podios#primaryimage"},"thumbnailUrl":"https:\/\/redenoticiaz.com.br\/litoralsp\/wp-content\/uploads\/sites\/3\/2024\/09\/Captura-de-tela-2024-09-07-120415.png?v=1725721478","datePublished":"2024-09-07T15:30:59+00:00","description":"No s\u00e1bado (7), a delega\u00e7\u00e3o brasileira estabeleceu um novo recorde em Paris-2024, alcan\u00e7ando 77 p\u00f3dios e superando o desempenho de T\u00f3quio-2020.","inLanguage":"pt-BR","potentialAction":[{"@type":"ReadAction","target":["https:\/\/redenoticiaz.com.br\/litoralsp\/2024\/09\/07\/brasil-quebra-recorde-em-paris-2024-com-77-podios"]}]},{"@type":"ImageObject","inLanguage":"pt-BR","@id":"https:\/\/redenoticiaz.com.br\/litoralsp\/2024\/09\/07\/brasil-quebra-recorde-em-paris-2024-com-77-podios#primaryimage","url":"https:\/\/redenoticiaz.com.br\/litoralsp\/wp-content\/uploads\/sites\/3\/2024\/09\/Captura-de-tela-2024-09-07-120415.png?v=1725721478","contentUrl":"https:\/\/redenoticiaz.com.br\/litoralsp\/wp-content\/uploads\/sites\/3\/2024\/09\/Captura-de-tela-2024-09-07-120415.png?v=1725721478","width":582,"height":352},{"@type":"WebSite","@id":"https:\/\/redenoticiaz.com.br\/litoralsp\/#website","url":"https:\/\/redenoticiaz.com.br\/litoralsp\/","name":"Litoral SP","description":"Rede NoticiaZ","publisher":{"@id":"https:\/\/redenoticiaz.com.br\/litoralsp\/#organization"},"potentialAction":[{"@type":"SearchAction","target":{"@type":"EntryPoint","urlTemplate":"https:\/\/redenoticiaz.com.br\/litoralsp\/?s={search_term_string}"},"query-input":{"@type":"PropertyValueSpecification","valueRequired":true,"valueName":"search_term_string"}}],"inLanguage":"pt-BR"},{"@type":"Organization","@id":"https:\/\/redenoticiaz.com.br\/litoralsp\/#organization","name":"Litoral SP","url":"https:\/\/redenoticiaz.com.br\/litoralsp\/","logo":{"@type":"ImageObject","inLanguage":"pt-BR","@id":"https:\/\/redenoticiaz.com.br\/litoralsp\/#\/schema\/logo\/image\/","url":"https:\/\/redenoticiaz.com.br\/litoralsp\/wp-content\/uploads\/sites\/3\/2020\/11\/logo.jpg","contentUrl":"https:\/\/redenoticiaz.com.br\/litoralsp\/wp-content\/uploads\/sites\/3\/2020\/11\/logo.jpg","width":400,"height":250,"caption":"Litoral SP"},"image":{"@id":"https:\/\/redenoticiaz.com.br\/litoralsp\/#\/schema\/logo\/image\/"}},{"@type":"Person","@id":"https:\/\/redenoticiaz.com.br\/litoralsp\/#\/schema\/person\/1f84d6e94e6a62d2d81199d7503e9e90","name":"Carina Reifonas","image":{"@type":"ImageObject","inLanguage":"pt-BR","@id":"https:\/\/secure.gravatar.com\/avatar\/04c59859b23696cf867715880f81d5c037e60109730bdb4e6670ec2a2245bc97?s=96&d=mm&r=g","url":"https:\/\/secure.gravatar.com\/avatar\/04c59859b23696cf867715880f81d5c037e60109730bdb4e6670ec2a2245bc97?s=96&d=mm&r=g","contentUrl":"https:\/\/secure.gravatar.com\/avatar\/04c59859b23696cf867715880f81d5c037e60109730bdb4e6670ec2a2245bc97?s=96&d=mm&r=g","caption":"Carina Reifonas"},"url":"https:\/\/redenoticiaz.com.br\/litoralsp\/author\/carinareifonas"}]}},"_links":{"self":[{"href":"https:\/\/redenoticiaz.com.br\/litoralsp\/wp-json\/wp\/v2\/posts\/118200","targetHints":{"allow":["GET"]}}],"collection":[{"href":"https:\/\/redenoticiaz.com.br\/litoralsp\/wp-json\/wp\/v2\/posts"}],"about":[{"href":"https:\/\/redenoticiaz.com.br\/litoralsp\/wp-json\/wp\/v2\/types\/post"}],"author":[{"embeddable":true,"href":"https:\/\/redenoticiaz.com.br\/litoralsp\/wp-json\/wp\/v2\/users\/30"}],"replies":[{"embeddable":true,"href":"https:\/\/redenoticiaz.com.br\/litoralsp\/wp-json\/wp\/v2\/comments?post=118200"}],"version-history":[{"count":1,"href":"https:\/\/redenoticiaz.com.br\/litoralsp\/wp-json\/wp\/v2\/posts\/118200\/revisions"}],"predecessor-version":[{"id":118205,"href":"https:\/\/redenoticiaz.com.br\/litoralsp\/wp-json\/wp\/v2\/posts\/118200\/revisions\/118205"}],"wp:featuredmedia":[{"embeddable":true,"href":"https:\/\/redenoticiaz.com.br\/litoralsp\/wp-json\/wp\/v2\/media\/118201"}],"wp:attachment":[{"href":"https:\/\/redenoticiaz.com.br\/litoralsp\/wp-json\/wp\/v2\/media?parent=118200"}],"wp:term":[{"taxonomy":"category","embeddable":true,"href":"https:\/\/redenoticiaz.com.br\/litoralsp\/wp-json\/wp\/v2\/categories?post=118200"},{"taxonomy":"post_tag","embeddable":true,"href":"https:\/\/redenoticiaz.com.br\/litoralsp\/wp-json\/wp\/v2\/tags?post=118200"}],"curies":[{"name":"wp","href":"https:\/\/api.w.org\/{rel}","templated":true}]}}