{"id":11823,"date":"2021-07-25T12:27:29","date_gmt":"2021-07-25T15:27:29","guid":{"rendered":"https:\/\/redenoticiaz.com.br\/litoralsp\/2021\/07\/25\/brasil-alcanca-vagas-em-finais-nas-olimpiadas-de-toquio"},"modified":"2021-07-25T12:31:10","modified_gmt":"2021-07-25T15:31:10","slug":"brasil-alcanca-vagas-em-finais-nas-olimpiadas-de-toquio","status":"publish","type":"post","link":"https:\/\/redenoticiaz.com.br\/litoralsp\/2021\/07\/25\/brasil-alcanca-vagas-em-finais-nas-olimpiadas-de-toquio","title":{"rendered":"Brasil alcan\u00e7a vagas em finais nas Olimp\u00edadas de T\u00f3quio"},"content":{"rendered":"<p>Os brasileiros tiveram bons desempenhos em algumas modalidades nas <a href=\"https:\/\/olympics.com\/ioc\/overview\">Olimp\u00edadas<\/a> de T\u00f3quio 2021. Neste domingo (25), equipes da nata\u00e7\u00e3o e da gin\u00e1stica garantiram vagas para as <strong>finais<\/strong>. E no surf, os atletas justificaram o favoritismo est\u00e3o na fase eliminat\u00f3ria.<\/p>\n<p>Na nata\u00e7\u00e3o a equipe disputou o revezamento 4&#215;100 metros livre masculino do Brasil passou para a final com o quinto tempo (3:12.59) das eliminat\u00f3rias e est\u00e1 na briga por medalha. Breno Correia, Pedro Spajari, Gabriel Santos e Marcelo Chierighini ficaram atr\u00e1s apenas dos times da It\u00e1lia, EUA, Austr\u00e1lia e Fran\u00e7a.<\/p>\n<div class=\"wall protected-content\">\n<div class=\"mc-column content-text active-extra-styles \" data-block-type=\"unstyled\" data-block-weight=\"56\" data-block-id=\"2\">\n<p class=\"content-text__container \" data-track-category=\"Link no Texto\" data-track-links=\"\">O nadador Fernando Scheffer est\u00e1 entre os 16 classificados para as semifinais dos 200 metros livre com o segundo melhor tempo (1:45.05). O pr\u00f3ximo desafio acontece ainda neste domingo, no hor\u00e1rio da noite de Bras\u00edlia. Nos 100 metros costas, Guilherme Guido se classificou com o 11\u00ba melhor tempo e tamb\u00e9m disputa uma semifinal, com 53.65.<\/p>\n<h3 data-track-category=\"Link no Texto\">Gin\u00e1stica<\/h3>\n<figure id=\"attachment_63575\" aria-describedby=\"caption-attachment-63575\" style=\"width: 330px\" class=\"wp-caption alignleft\"><img loading=\"lazy\" decoding=\"async\" class=\"size-medium wp-image-63575\" src=\"https:\/\/redenoticiaz.com.br\/wp-content\/uploads\/2021\/07\/cbg-330x220.jpeg\" alt=\"\" width=\"330\" height=\"220\" \/><figcaption id=\"caption-attachment-63575\" class=\"wp-caption-text\">Cr\u00e9ditos: Divulga\u00e7\u00e3o\/Confedera\u00e7\u00e3o Brasileira de Gin\u00e1stica<\/figcaption><\/figure>\n<p>Rebeca Andrade arrasou na apresenta\u00e7\u00e3o do solo da gin\u00e1stica art\u00edstica. Ao som de &#8216;Baile da Favela&#8217;, a ginasta de 22 anos fez uma grande apresenta\u00e7\u00e3o ap\u00f3s passar por duas cirurgias nos joelhos. No fim ela ficou na segunda posi\u00e7\u00e3o, atr\u00e1s apenas da grande estrela Simone Biles.<\/p>\n<p>&nbsp;<\/p>\n<p>Rebeca vai buscar medalha na quinta-feira (29), \u00e0s 7h50 (de Bras\u00edlia), na final do individual geral. A decis\u00e3o do salto vai ser disputada no pr\u00f3ximo domingo, e a do solo no dia 2 de agosto.<\/p>\n<h3>Surf<\/h3>\n<p>Em Tsurigasaki, em Ichinomiya, a tempestade brasileira chegou com tudo para confirmar o favoritismo no surf, que tamb\u00e9m estreia nas Olimp\u00edadas. Todos os quatro representantes brasileiros avan\u00e7aram com tranquilidade \u00e0s oitavas de final.<\/p>\n<figure id=\"attachment_63576\" aria-describedby=\"caption-attachment-63576\" style=\"width: 330px\" class=\"wp-caption alignleft\"><img loading=\"lazy\" decoding=\"async\" class=\"size-medium wp-image-63576\" src=\"https:\/\/redenoticiaz.com.br\/wp-content\/uploads\/2021\/07\/surfmasc-mj-250721-8616-330x220.jpg\" alt=\"\" width=\"330\" height=\"220\" \/><figcaption id=\"caption-attachment-63576\" class=\"wp-caption-text\">Cr\u00e9ditos: Divulga\u00e7\u00e3o\/Comit\u00ea Ol\u00edmpico Brasileiro.<\/figcaption><\/figure>\n<p>Entre os homens, Italo Ferreira foi o primeiro a entrar na \u00e1gua e somou 12.90 em bateria que teve o surfista local, Hiroto Ohhara na segunda coloca\u00e7\u00e3o, com 11.40. J\u00e1 Gabriel Medina fez 12.23 para se classificar juntamente com o taitiano que representa a Fran\u00e7a Michel Bourez, com 10.10.<\/p>\n<div class=\"mc-column content-text active-extra-styles \" data-block-type=\"unstyled\" data-block-weight=\"54\" data-block-id=\"26\">\n<p class=\"content-text__container \" data-track-category=\"Link no Texto\" data-track-links=\"\">Entre as mulheres, Tatiana Weston-Webb venceu a bateria com 6.33 e 5.00, num total de 11.33. A segunda coloca\u00e7\u00e3o ficou com a francesa Johanne Defay, que fez 10.60 com ondas de 5.67 e 4.93. Silvana Lima teve pela frente a heptacampe\u00e3 mundial Stephanie Gilmore e passou em segundo com 12.13 contra 14.50 da australiana.<\/p>\n<p data-track-category=\"Link no Texto\" data-track-links=\"\">As disputas ir\u00e3o ocorrer neste domingo (25), \u00e0s 19h, hor\u00e1rio de Bras\u00edlia (7h de segunda no hor\u00e1rio japon\u00eas).<\/p>\n<p data-track-category=\"Link no Texto\" data-track-links=\"\"><strong>LEIA TAMB\u00c9M<\/strong><\/p>\n<p data-track-category=\"Link no Texto\" data-track-links=\"\"><a href=\"https:\/\/redenoticiaz.com.br\/blog\/2021\/07\/25\/de-guaruja-para-o-mundo-kelvin-hoefler-leva-a-prata-nas-olimpiadas\">De Guaruj\u00e1 para o mundo. Kelvin Hoefler leva a prata nas Olimp\u00edadas<\/a><\/p>\n<\/div>\n<\/div>\n<\/div>\n","protected":false},"excerpt":{"rendered":"<p>Os brasileiros tiveram bons desempenhos em algumas modalidades nas Olimp\u00edadas de T\u00f3quio 2021. Neste domingo (25), equipes da nata\u00e7\u00e3o e da gin\u00e1stica garantiram vagas para as finais. E no surf, os atletas justificaram o favoritismo est\u00e3o na fase eliminat\u00f3ria. Na nata\u00e7\u00e3o a equipe disputou o revezamento 4&#215;100 metros livre masculino do Brasil passou para a &hellip;<\/p>\n","protected":false},"author":6,"featured_media":11824,"comment_status":"open","ping_status":"closed","sticky":false,"template":"","format":"standard","meta":{"footnotes":""},"categories":[28092],"tags":[28547,28451,12195,28548,25633,28549],"class_list":["post-11823","post","type-post","status-publish","format-standard","has-post-thumbnail","hentry","category-olimpiadas","tag-brasil-nas-finais","tag-ginastica-artistica","tag-jogos-olimpicos","tag-natacao","tag-olimpiadas-de-toquio","tag-surf"],"yoast_head":"<!-- This site is optimized with the Yoast SEO plugin v27.5 - https:\/\/yoast.com\/product\/yoast-seo-wordpress\/ -->\n<title>Brasil alcan\u00e7a vagas em finais nas Olimp\u00edadas de T\u00f3quio - Litoral SP<\/title>\n<meta name=\"description\" content=\"brasileiros tiveram bons desempenhos em algumas modalidades nas Olimp\u00edadas de T\u00f3quio 2021. Neste domingo (25), equipes\" \/>\n<meta name=\"robots\" content=\"index, follow, max-snippet:-1, max-image-preview:large, max-video-preview:-1\" \/>\n<link rel=\"canonical\" href=\"https:\/\/redenoticiaz.com.br\/litoralsp\/2021\/07\/25\/brasil-alcanca-vagas-em-finais-nas-olimpiadas-de-toquio\" \/>\n<meta property=\"og:locale\" content=\"pt_BR\" \/>\n<meta property=\"og:type\" content=\"article\" \/>\n<meta property=\"og:title\" content=\"Brasil alcan\u00e7a vagas em finais nas Olimp\u00edadas de T\u00f3quio - Litoral SP\" \/>\n<meta property=\"og:description\" content=\"brasileiros tiveram bons desempenhos em algumas modalidades nas Olimp\u00edadas de T\u00f3quio 2021. Neste domingo (25), equipes\" \/>\n<meta property=\"og:url\" content=\"https:\/\/redenoticiaz.com.br\/litoralsp\/2021\/07\/25\/brasil-alcanca-vagas-em-finais-nas-olimpiadas-de-toquio\" \/>\n<meta property=\"og:site_name\" content=\"Litoral SP\" \/>\n<meta property=\"article:published_time\" content=\"2021-07-25T15:27:29+00:00\" \/>\n<meta property=\"article:modified_time\" content=\"2021-07-25T15:31:10+00:00\" \/>\n<meta property=\"og:image\" content=\"https:\/\/redenoticiaz.com.br\/litoralsp\/wp-content\/uploads\/sites\/3\/2021\/07\/natacao.jpeg\" \/>\n\t<meta property=\"og:image:width\" content=\"984\" \/>\n\t<meta property=\"og:image:height\" content=\"656\" \/>\n\t<meta property=\"og:image:type\" content=\"image\/jpeg\" \/>\n<meta name=\"author\" content=\"Leonardo Francisco\" \/>\n<meta name=\"twitter:card\" content=\"summary_large_image\" \/>\n<meta name=\"twitter:label1\" content=\"Escrito por\" \/>\n\t<meta name=\"twitter:data1\" content=\"Leonardo Francisco\" \/>\n\t<meta name=\"twitter:label2\" content=\"Est. tempo de leitura\" \/>\n\t<meta name=\"twitter:data2\" content=\"2 minutos\" \/>\n<script type=\"application\/ld+json\" class=\"yoast-schema-graph\">{\"@context\":\"https:\\\/\\\/schema.org\",\"@graph\":[{\"@type\":\"Article\",\"@id\":\"https:\\\/\\\/redenoticiaz.com.br\\\/litoralsp\\\/2021\\\/07\\\/25\\\/brasil-alcanca-vagas-em-finais-nas-olimpiadas-de-toquio#article\",\"isPartOf\":{\"@id\":\"https:\\\/\\\/redenoticiaz.com.br\\\/litoralsp\\\/2021\\\/07\\\/25\\\/brasil-alcanca-vagas-em-finais-nas-olimpiadas-de-toquio\"},\"author\":{\"name\":\"Leonardo Francisco\",\"@id\":\"https:\\\/\\\/redenoticiaz.com.br\\\/litoralsp\\\/#\\\/schema\\\/person\\\/0f0b8a5bdafefe82841e07ae8d81ecb3\"},\"headline\":\"Brasil alcan\u00e7a vagas em finais nas Olimp\u00edadas de T\u00f3quio\",\"datePublished\":\"2021-07-25T15:27:29+00:00\",\"dateModified\":\"2021-07-25T15:31:10+00:00\",\"mainEntityOfPage\":{\"@id\":\"https:\\\/\\\/redenoticiaz.com.br\\\/litoralsp\\\/2021\\\/07\\\/25\\\/brasil-alcanca-vagas-em-finais-nas-olimpiadas-de-toquio\"},\"wordCount\":455,\"commentCount\":0,\"publisher\":{\"@id\":\"https:\\\/\\\/redenoticiaz.com.br\\\/litoralsp\\\/#organization\"},\"image\":{\"@id\":\"https:\\\/\\\/redenoticiaz.com.br\\\/litoralsp\\\/2021\\\/07\\\/25\\\/brasil-alcanca-vagas-em-finais-nas-olimpiadas-de-toquio#primaryimage\"},\"thumbnailUrl\":\"https:\\\/\\\/redenoticiaz.com.br\\\/litoralsp\\\/wp-content\\\/uploads\\\/sites\\\/3\\\/2021\\\/07\\\/natacao.jpeg\",\"keywords\":[\"BRASIL NAS FINAIS\",\"GIN\u00c1STICA ART\u00cdSTICA\",\"JOGOS OL\u00cdMPICOS\",\"NATA\u00c7\u00c3O\",\"OLIMP\u00cdADAS DE T\u00d3QUIO\",\"SURF\"],\"articleSection\":[\"Olimp\u00edadas\"],\"inLanguage\":\"pt-BR\",\"potentialAction\":[{\"@type\":\"CommentAction\",\"name\":\"Comment\",\"target\":[\"https:\\\/\\\/redenoticiaz.com.br\\\/litoralsp\\\/2021\\\/07\\\/25\\\/brasil-alcanca-vagas-em-finais-nas-olimpiadas-de-toquio#respond\"]}]},{\"@type\":\"WebPage\",\"@id\":\"https:\\\/\\\/redenoticiaz.com.br\\\/litoralsp\\\/2021\\\/07\\\/25\\\/brasil-alcanca-vagas-em-finais-nas-olimpiadas-de-toquio\",\"url\":\"https:\\\/\\\/redenoticiaz.com.br\\\/litoralsp\\\/2021\\\/07\\\/25\\\/brasil-alcanca-vagas-em-finais-nas-olimpiadas-de-toquio\",\"name\":\"Brasil alcan\u00e7a vagas em finais nas Olimp\u00edadas de T\u00f3quio - Litoral SP\",\"isPartOf\":{\"@id\":\"https:\\\/\\\/redenoticiaz.com.br\\\/litoralsp\\\/#website\"},\"primaryImageOfPage\":{\"@id\":\"https:\\\/\\\/redenoticiaz.com.br\\\/litoralsp\\\/2021\\\/07\\\/25\\\/brasil-alcanca-vagas-em-finais-nas-olimpiadas-de-toquio#primaryimage\"},\"image\":{\"@id\":\"https:\\\/\\\/redenoticiaz.com.br\\\/litoralsp\\\/2021\\\/07\\\/25\\\/brasil-alcanca-vagas-em-finais-nas-olimpiadas-de-toquio#primaryimage\"},\"thumbnailUrl\":\"https:\\\/\\\/redenoticiaz.com.br\\\/litoralsp\\\/wp-content\\\/uploads\\\/sites\\\/3\\\/2021\\\/07\\\/natacao.jpeg\",\"datePublished\":\"2021-07-25T15:27:29+00:00\",\"dateModified\":\"2021-07-25T15:31:10+00:00\",\"description\":\"brasileiros tiveram bons desempenhos em algumas modalidades nas Olimp\u00edadas de T\u00f3quio 2021. Neste domingo (25), equipes\",\"inLanguage\":\"pt-BR\",\"potentialAction\":[{\"@type\":\"ReadAction\",\"target\":[\"https:\\\/\\\/redenoticiaz.com.br\\\/litoralsp\\\/2021\\\/07\\\/25\\\/brasil-alcanca-vagas-em-finais-nas-olimpiadas-de-toquio\"]}]},{\"@type\":\"ImageObject\",\"inLanguage\":\"pt-BR\",\"@id\":\"https:\\\/\\\/redenoticiaz.com.br\\\/litoralsp\\\/2021\\\/07\\\/25\\\/brasil-alcanca-vagas-em-finais-nas-olimpiadas-de-toquio#primaryimage\",\"url\":\"https:\\\/\\\/redenoticiaz.com.br\\\/litoralsp\\\/wp-content\\\/uploads\\\/sites\\\/3\\\/2021\\\/07\\\/natacao.jpeg\",\"contentUrl\":\"https:\\\/\\\/redenoticiaz.com.br\\\/litoralsp\\\/wp-content\\\/uploads\\\/sites\\\/3\\\/2021\\\/07\\\/natacao.jpeg\",\"width\":984,\"height\":656,\"caption\":\"Cr\u00e9ditos: Divulga\u00e7\u00e3o\\\/Confedera\u00e7\u00e3o Brasileira de Desportos Aqu\u00e1ticos.\"},{\"@type\":\"WebSite\",\"@id\":\"https:\\\/\\\/redenoticiaz.com.br\\\/litoralsp\\\/#website\",\"url\":\"https:\\\/\\\/redenoticiaz.com.br\\\/litoralsp\\\/\",\"name\":\"Litoral SP\",\"description\":\"Rede NoticiaZ\",\"publisher\":{\"@id\":\"https:\\\/\\\/redenoticiaz.com.br\\\/litoralsp\\\/#organization\"},\"potentialAction\":[{\"@type\":\"SearchAction\",\"target\":{\"@type\":\"EntryPoint\",\"urlTemplate\":\"https:\\\/\\\/redenoticiaz.com.br\\\/litoralsp\\\/?s={search_term_string}\"},\"query-input\":{\"@type\":\"PropertyValueSpecification\",\"valueRequired\":true,\"valueName\":\"search_term_string\"}}],\"inLanguage\":\"pt-BR\"},{\"@type\":\"Organization\",\"@id\":\"https:\\\/\\\/redenoticiaz.com.br\\\/litoralsp\\\/#organization\",\"name\":\"Litoral SP\",\"url\":\"https:\\\/\\\/redenoticiaz.com.br\\\/litoralsp\\\/\",\"logo\":{\"@type\":\"ImageObject\",\"inLanguage\":\"pt-BR\",\"@id\":\"https:\\\/\\\/redenoticiaz.com.br\\\/litoralsp\\\/#\\\/schema\\\/logo\\\/image\\\/\",\"url\":\"https:\\\/\\\/redenoticiaz.com.br\\\/litoralsp\\\/wp-content\\\/uploads\\\/sites\\\/3\\\/2020\\\/11\\\/logo.jpg\",\"contentUrl\":\"https:\\\/\\\/redenoticiaz.com.br\\\/litoralsp\\\/wp-content\\\/uploads\\\/sites\\\/3\\\/2020\\\/11\\\/logo.jpg\",\"width\":400,\"height\":250,\"caption\":\"Litoral SP\"},\"image\":{\"@id\":\"https:\\\/\\\/redenoticiaz.com.br\\\/litoralsp\\\/#\\\/schema\\\/logo\\\/image\\\/\"}},{\"@type\":\"Person\",\"@id\":\"https:\\\/\\\/redenoticiaz.com.br\\\/litoralsp\\\/#\\\/schema\\\/person\\\/0f0b8a5bdafefe82841e07ae8d81ecb3\",\"name\":\"Leonardo Francisco\",\"image\":{\"@type\":\"ImageObject\",\"inLanguage\":\"pt-BR\",\"@id\":\"https:\\\/\\\/secure.gravatar.com\\\/avatar\\\/a7358cb406a99b682ec6df1e77e31ae82e63601f6784e8a3df411d72b37864da?s=96&d=mm&r=g\",\"url\":\"https:\\\/\\\/secure.gravatar.com\\\/avatar\\\/a7358cb406a99b682ec6df1e77e31ae82e63601f6784e8a3df411d72b37864da?s=96&d=mm&r=g\",\"contentUrl\":\"https:\\\/\\\/secure.gravatar.com\\\/avatar\\\/a7358cb406a99b682ec6df1e77e31ae82e63601f6784e8a3df411d72b37864da?s=96&d=mm&r=g\",\"caption\":\"Leonardo Francisco\"},\"url\":\"https:\\\/\\\/redenoticiaz.com.br\\\/litoralsp\\\/author\\\/leonardo-francisco\"}]}<\/script>\n<!-- \/ Yoast SEO plugin. -->","yoast_head_json":{"title":"Brasil alcan\u00e7a vagas em finais nas Olimp\u00edadas de T\u00f3quio - Litoral SP","description":"brasileiros tiveram bons desempenhos em algumas modalidades nas Olimp\u00edadas de T\u00f3quio 2021. Neste domingo (25), equipes","robots":{"index":"index","follow":"follow","max-snippet":"max-snippet:-1","max-image-preview":"max-image-preview:large","max-video-preview":"max-video-preview:-1"},"canonical":"https:\/\/redenoticiaz.com.br\/litoralsp\/2021\/07\/25\/brasil-alcanca-vagas-em-finais-nas-olimpiadas-de-toquio","og_locale":"pt_BR","og_type":"article","og_title":"Brasil alcan\u00e7a vagas em finais nas Olimp\u00edadas de T\u00f3quio - Litoral SP","og_description":"brasileiros tiveram bons desempenhos em algumas modalidades nas Olimp\u00edadas de T\u00f3quio 2021. Neste domingo (25), equipes","og_url":"https:\/\/redenoticiaz.com.br\/litoralsp\/2021\/07\/25\/brasil-alcanca-vagas-em-finais-nas-olimpiadas-de-toquio","og_site_name":"Litoral SP","article_published_time":"2021-07-25T15:27:29+00:00","article_modified_time":"2021-07-25T15:31:10+00:00","og_image":[{"width":984,"height":656,"url":"https:\/\/redenoticiaz.com.br\/litoralsp\/wp-content\/uploads\/sites\/3\/2021\/07\/natacao.jpeg","type":"image\/jpeg"}],"author":"Leonardo Francisco","twitter_card":"summary_large_image","twitter_misc":{"Escrito por":"Leonardo Francisco","Est. tempo de leitura":"2 minutos"},"schema":{"@context":"https:\/\/schema.org","@graph":[{"@type":"Article","@id":"https:\/\/redenoticiaz.com.br\/litoralsp\/2021\/07\/25\/brasil-alcanca-vagas-em-finais-nas-olimpiadas-de-toquio#article","isPartOf":{"@id":"https:\/\/redenoticiaz.com.br\/litoralsp\/2021\/07\/25\/brasil-alcanca-vagas-em-finais-nas-olimpiadas-de-toquio"},"author":{"name":"Leonardo Francisco","@id":"https:\/\/redenoticiaz.com.br\/litoralsp\/#\/schema\/person\/0f0b8a5bdafefe82841e07ae8d81ecb3"},"headline":"Brasil alcan\u00e7a vagas em finais nas Olimp\u00edadas de T\u00f3quio","datePublished":"2021-07-25T15:27:29+00:00","dateModified":"2021-07-25T15:31:10+00:00","mainEntityOfPage":{"@id":"https:\/\/redenoticiaz.com.br\/litoralsp\/2021\/07\/25\/brasil-alcanca-vagas-em-finais-nas-olimpiadas-de-toquio"},"wordCount":455,"commentCount":0,"publisher":{"@id":"https:\/\/redenoticiaz.com.br\/litoralsp\/#organization"},"image":{"@id":"https:\/\/redenoticiaz.com.br\/litoralsp\/2021\/07\/25\/brasil-alcanca-vagas-em-finais-nas-olimpiadas-de-toquio#primaryimage"},"thumbnailUrl":"https:\/\/redenoticiaz.com.br\/litoralsp\/wp-content\/uploads\/sites\/3\/2021\/07\/natacao.jpeg","keywords":["BRASIL NAS FINAIS","GIN\u00c1STICA ART\u00cdSTICA","JOGOS OL\u00cdMPICOS","NATA\u00c7\u00c3O","OLIMP\u00cdADAS DE T\u00d3QUIO","SURF"],"articleSection":["Olimp\u00edadas"],"inLanguage":"pt-BR","potentialAction":[{"@type":"CommentAction","name":"Comment","target":["https:\/\/redenoticiaz.com.br\/litoralsp\/2021\/07\/25\/brasil-alcanca-vagas-em-finais-nas-olimpiadas-de-toquio#respond"]}]},{"@type":"WebPage","@id":"https:\/\/redenoticiaz.com.br\/litoralsp\/2021\/07\/25\/brasil-alcanca-vagas-em-finais-nas-olimpiadas-de-toquio","url":"https:\/\/redenoticiaz.com.br\/litoralsp\/2021\/07\/25\/brasil-alcanca-vagas-em-finais-nas-olimpiadas-de-toquio","name":"Brasil alcan\u00e7a vagas em finais nas Olimp\u00edadas de T\u00f3quio - Litoral SP","isPartOf":{"@id":"https:\/\/redenoticiaz.com.br\/litoralsp\/#website"},"primaryImageOfPage":{"@id":"https:\/\/redenoticiaz.com.br\/litoralsp\/2021\/07\/25\/brasil-alcanca-vagas-em-finais-nas-olimpiadas-de-toquio#primaryimage"},"image":{"@id":"https:\/\/redenoticiaz.com.br\/litoralsp\/2021\/07\/25\/brasil-alcanca-vagas-em-finais-nas-olimpiadas-de-toquio#primaryimage"},"thumbnailUrl":"https:\/\/redenoticiaz.com.br\/litoralsp\/wp-content\/uploads\/sites\/3\/2021\/07\/natacao.jpeg","datePublished":"2021-07-25T15:27:29+00:00","dateModified":"2021-07-25T15:31:10+00:00","description":"brasileiros tiveram bons desempenhos em algumas modalidades nas Olimp\u00edadas de T\u00f3quio 2021. Neste domingo (25), equipes","inLanguage":"pt-BR","potentialAction":[{"@type":"ReadAction","target":["https:\/\/redenoticiaz.com.br\/litoralsp\/2021\/07\/25\/brasil-alcanca-vagas-em-finais-nas-olimpiadas-de-toquio"]}]},{"@type":"ImageObject","inLanguage":"pt-BR","@id":"https:\/\/redenoticiaz.com.br\/litoralsp\/2021\/07\/25\/brasil-alcanca-vagas-em-finais-nas-olimpiadas-de-toquio#primaryimage","url":"https:\/\/redenoticiaz.com.br\/litoralsp\/wp-content\/uploads\/sites\/3\/2021\/07\/natacao.jpeg","contentUrl":"https:\/\/redenoticiaz.com.br\/litoralsp\/wp-content\/uploads\/sites\/3\/2021\/07\/natacao.jpeg","width":984,"height":656,"caption":"Cr\u00e9ditos: Divulga\u00e7\u00e3o\/Confedera\u00e7\u00e3o Brasileira de Desportos Aqu\u00e1ticos."},{"@type":"WebSite","@id":"https:\/\/redenoticiaz.com.br\/litoralsp\/#website","url":"https:\/\/redenoticiaz.com.br\/litoralsp\/","name":"Litoral SP","description":"Rede NoticiaZ","publisher":{"@id":"https:\/\/redenoticiaz.com.br\/litoralsp\/#organization"},"potentialAction":[{"@type":"SearchAction","target":{"@type":"EntryPoint","urlTemplate":"https:\/\/redenoticiaz.com.br\/litoralsp\/?s={search_term_string}"},"query-input":{"@type":"PropertyValueSpecification","valueRequired":true,"valueName":"search_term_string"}}],"inLanguage":"pt-BR"},{"@type":"Organization","@id":"https:\/\/redenoticiaz.com.br\/litoralsp\/#organization","name":"Litoral SP","url":"https:\/\/redenoticiaz.com.br\/litoralsp\/","logo":{"@type":"ImageObject","inLanguage":"pt-BR","@id":"https:\/\/redenoticiaz.com.br\/litoralsp\/#\/schema\/logo\/image\/","url":"https:\/\/redenoticiaz.com.br\/litoralsp\/wp-content\/uploads\/sites\/3\/2020\/11\/logo.jpg","contentUrl":"https:\/\/redenoticiaz.com.br\/litoralsp\/wp-content\/uploads\/sites\/3\/2020\/11\/logo.jpg","width":400,"height":250,"caption":"Litoral SP"},"image":{"@id":"https:\/\/redenoticiaz.com.br\/litoralsp\/#\/schema\/logo\/image\/"}},{"@type":"Person","@id":"https:\/\/redenoticiaz.com.br\/litoralsp\/#\/schema\/person\/0f0b8a5bdafefe82841e07ae8d81ecb3","name":"Leonardo Francisco","image":{"@type":"ImageObject","inLanguage":"pt-BR","@id":"https:\/\/secure.gravatar.com\/avatar\/a7358cb406a99b682ec6df1e77e31ae82e63601f6784e8a3df411d72b37864da?s=96&d=mm&r=g","url":"https:\/\/secure.gravatar.com\/avatar\/a7358cb406a99b682ec6df1e77e31ae82e63601f6784e8a3df411d72b37864da?s=96&d=mm&r=g","contentUrl":"https:\/\/secure.gravatar.com\/avatar\/a7358cb406a99b682ec6df1e77e31ae82e63601f6784e8a3df411d72b37864da?s=96&d=mm&r=g","caption":"Leonardo Francisco"},"url":"https:\/\/redenoticiaz.com.br\/litoralsp\/author\/leonardo-francisco"}]}},"_links":{"self":[{"href":"https:\/\/redenoticiaz.com.br\/litoralsp\/wp-json\/wp\/v2\/posts\/11823","targetHints":{"allow":["GET"]}}],"collection":[{"href":"https:\/\/redenoticiaz.com.br\/litoralsp\/wp-json\/wp\/v2\/posts"}],"about":[{"href":"https:\/\/redenoticiaz.com.br\/litoralsp\/wp-json\/wp\/v2\/types\/post"}],"author":[{"embeddable":true,"href":"https:\/\/redenoticiaz.com.br\/litoralsp\/wp-json\/wp\/v2\/users\/6"}],"replies":[{"embeddable":true,"href":"https:\/\/redenoticiaz.com.br\/litoralsp\/wp-json\/wp\/v2\/comments?post=11823"}],"version-history":[{"count":1,"href":"https:\/\/redenoticiaz.com.br\/litoralsp\/wp-json\/wp\/v2\/posts\/11823\/revisions"}],"predecessor-version":[{"id":11825,"href":"https:\/\/redenoticiaz.com.br\/litoralsp\/wp-json\/wp\/v2\/posts\/11823\/revisions\/11825"}],"wp:featuredmedia":[{"embeddable":true,"href":"https:\/\/redenoticiaz.com.br\/litoralsp\/wp-json\/wp\/v2\/media\/11824"}],"wp:attachment":[{"href":"https:\/\/redenoticiaz.com.br\/litoralsp\/wp-json\/wp\/v2\/media?parent=11823"}],"wp:term":[{"taxonomy":"category","embeddable":true,"href":"https:\/\/redenoticiaz.com.br\/litoralsp\/wp-json\/wp\/v2\/categories?post=11823"},{"taxonomy":"post_tag","embeddable":true,"href":"https:\/\/redenoticiaz.com.br\/litoralsp\/wp-json\/wp\/v2\/tags?post=11823"}],"curies":[{"name":"wp","href":"https:\/\/api.w.org\/{rel}","templated":true}]}}