{"id":118239,"date":"2024-09-10T19:00:28","date_gmt":"2024-09-10T22:00:28","guid":{"rendered":"https:\/\/redenoticiaz.com.br\/litoralsp\/?p=118239"},"modified":"2024-09-10T18:12:57","modified_gmt":"2024-09-10T21:12:57","slug":"raia-ameacada-de-extincao-e-solta-no-litoral-norte-de-sao-paulo","status":"publish","type":"post","link":"https:\/\/redenoticiaz.com.br\/litoralsp\/2024\/09\/10\/raia-ameacada-de-extincao-e-solta-no-litoral-norte-de-sao-paulo","title":{"rendered":"Raia amea\u00e7ada de extin\u00e7\u00e3o \u00e9 solta no Litoral Norte de S\u00e3o Paulo"},"content":{"rendered":"<p>Uma raia amea\u00e7ada de extin\u00e7\u00e3o foi solta no Litoral Norte de S\u00e3o Paulo neste \u00faltimo domingo ap\u00f3s flagra nas proximidades da Praia do Capric\u00f3rnio em Caraguatatuba.<\/p>\n<p>De acordo com as informa\u00e7\u00f5es, Policiais Militares apreenderam duas redes de emalhe de fundo, totalizando 400 metros de redes.<\/p>\n<p>Ainda de acordo com as informa\u00e7\u00f5es, durante a retirada de um dos petrechos, um exemplar de Raia Ticonha, esp\u00e9cie listada como vulner\u00e1vel \u00e0 extin\u00e7\u00e3o, foi desemalhada e devolvida ao mar.<\/p>\n<p>Leia mais<\/p>\n<p><a href=\"https:\/\/redenoticiaz.com.br\/litoralsp\/2024\/09\/10\/segunda-semana-do-cinema-de-2024-com-ingressos-no-valor-de-r-12\">Segunda Semana do Cinema de 2024 com ingressos no valor de R$ 12<\/a><\/p>\n<p><a href=\"https:\/\/redenoticiaz.com.br\/litoralsp\/2024\/09\/09\/deolane-bezerra-deixa-cadeia-no-recife\">Deolane Bezerra deixa cadeia no Recife<\/a><\/p>\n","protected":false},"excerpt":{"rendered":"<p>Uma raia amea\u00e7ada de extin\u00e7\u00e3o foi solta no Litoral Norte de S\u00e3o Paulo neste \u00faltimo domingo ap\u00f3s flagra nas proximidades da Praia do Capric\u00f3rnio em Caraguatatuba. De acordo com as informa\u00e7\u00f5es, Policiais Militares apreenderam duas redes de emalhe de fundo, totalizando 400 metros de redes. Ainda de acordo com as informa\u00e7\u00f5es, durante a retirada de &hellip;<\/p>\n","protected":false},"author":12,"featured_media":118240,"comment_status":"open","ping_status":"closed","sticky":false,"template":"","format":"standard","meta":{"footnotes":""},"categories":[2881,10],"tags":[6496,18643,65],"class_list":["post-118239","post","type-post","status-publish","format-standard","has-post-thumbnail","hentry","category-caraguatatuba","category-policia","tag-litoral-norte","tag-raia","tag-sao-paulo"],"yoast_head":"<!-- This site is optimized with the Yoast SEO plugin v27.4 - https:\/\/yoast.com\/product\/yoast-seo-wordpress\/ -->\n<title>Raia amea\u00e7ada de extin\u00e7\u00e3o \u00e9 solta no Litoral Norte de S\u00e3o Paulo - Litoral SP<\/title>\n<meta name=\"description\" content=\"De acordo com as informa\u00e7\u00f5es, Policiais Militares apreenderam duas redes de emalhe de fundo, totalizando 400 metros de redes.\" \/>\n<meta name=\"robots\" content=\"index, follow, max-snippet:-1, max-image-preview:large, max-video-preview:-1\" \/>\n<link rel=\"canonical\" href=\"https:\/\/redenoticiaz.com.br\/litoralsp\/2024\/09\/10\/raia-ameacada-de-extincao-e-solta-no-litoral-norte-de-sao-paulo\" \/>\n<meta property=\"og:locale\" content=\"pt_BR\" \/>\n<meta property=\"og:type\" content=\"article\" \/>\n<meta property=\"og:title\" content=\"Raia amea\u00e7ada de extin\u00e7\u00e3o \u00e9 solta no Litoral Norte de S\u00e3o Paulo - Litoral SP\" \/>\n<meta property=\"og:description\" content=\"De acordo com as informa\u00e7\u00f5es, Policiais Militares apreenderam duas redes de emalhe de fundo, totalizando 400 metros de redes.\" \/>\n<meta property=\"og:url\" content=\"https:\/\/redenoticiaz.com.br\/litoralsp\/2024\/09\/10\/raia-ameacada-de-extincao-e-solta-no-litoral-norte-de-sao-paulo\" \/>\n<meta property=\"og:site_name\" content=\"Litoral SP\" \/>\n<meta property=\"article:published_time\" content=\"2024-09-10T22:00:28+00:00\" \/>\n<meta property=\"og:image\" content=\"https:\/\/redenoticiaz.com.br\/litoralsp\/wp-content\/uploads\/sites\/3\/2024\/09\/WhatsApp-Image-2024-09-10-at-07.35.22.jpeg\" \/>\n\t<meta property=\"og:image:width\" content=\"597\" \/>\n\t<meta property=\"og:image:height\" content=\"339\" \/>\n\t<meta property=\"og:image:type\" content=\"image\/jpeg\" \/>\n<meta name=\"author\" content=\"Gustavo Silva\" \/>\n<meta name=\"twitter:card\" content=\"summary_large_image\" \/>\n<meta name=\"twitter:label1\" content=\"Escrito por\" \/>\n\t<meta name=\"twitter:data1\" content=\"Gustavo Silva\" \/>\n\t<meta name=\"twitter:label2\" content=\"Est. tempo de leitura\" \/>\n\t<meta name=\"twitter:data2\" content=\"1 minuto\" \/>\n<script type=\"application\/ld+json\" class=\"yoast-schema-graph\">{\"@context\":\"https:\\\/\\\/schema.org\",\"@graph\":[{\"@type\":\"Article\",\"@id\":\"https:\\\/\\\/redenoticiaz.com.br\\\/litoralsp\\\/2024\\\/09\\\/10\\\/raia-ameacada-de-extincao-e-solta-no-litoral-norte-de-sao-paulo#article\",\"isPartOf\":{\"@id\":\"https:\\\/\\\/redenoticiaz.com.br\\\/litoralsp\\\/2024\\\/09\\\/10\\\/raia-ameacada-de-extincao-e-solta-no-litoral-norte-de-sao-paulo\"},\"author\":{\"name\":\"Gustavo Silva\",\"@id\":\"https:\\\/\\\/redenoticiaz.com.br\\\/litoralsp\\\/#\\\/schema\\\/person\\\/16057b37a3c0ee6b096d7f887c566e2e\"},\"headline\":\"Raia amea\u00e7ada de extin\u00e7\u00e3o \u00e9 solta no Litoral Norte de S\u00e3o Paulo\",\"datePublished\":\"2024-09-10T22:00:28+00:00\",\"mainEntityOfPage\":{\"@id\":\"https:\\\/\\\/redenoticiaz.com.br\\\/litoralsp\\\/2024\\\/09\\\/10\\\/raia-ameacada-de-extincao-e-solta-no-litoral-norte-de-sao-paulo\"},\"wordCount\":116,\"commentCount\":0,\"publisher\":{\"@id\":\"https:\\\/\\\/redenoticiaz.com.br\\\/litoralsp\\\/#organization\"},\"image\":{\"@id\":\"https:\\\/\\\/redenoticiaz.com.br\\\/litoralsp\\\/2024\\\/09\\\/10\\\/raia-ameacada-de-extincao-e-solta-no-litoral-norte-de-sao-paulo#primaryimage\"},\"thumbnailUrl\":\"https:\\\/\\\/redenoticiaz.com.br\\\/litoralsp\\\/wp-content\\\/uploads\\\/sites\\\/3\\\/2024\\\/09\\\/WhatsApp-Image-2024-09-10-at-07.35.22.jpeg\",\"keywords\":[\"LITORAL NORTE\",\"RAIA\",\"S\u00e3o Paulo\"],\"articleSection\":[\"Caraguatatuba\",\"Pol\u00edcia\"],\"inLanguage\":\"pt-BR\",\"potentialAction\":[{\"@type\":\"CommentAction\",\"name\":\"Comment\",\"target\":[\"https:\\\/\\\/redenoticiaz.com.br\\\/litoralsp\\\/2024\\\/09\\\/10\\\/raia-ameacada-de-extincao-e-solta-no-litoral-norte-de-sao-paulo#respond\"]}]},{\"@type\":\"WebPage\",\"@id\":\"https:\\\/\\\/redenoticiaz.com.br\\\/litoralsp\\\/2024\\\/09\\\/10\\\/raia-ameacada-de-extincao-e-solta-no-litoral-norte-de-sao-paulo\",\"url\":\"https:\\\/\\\/redenoticiaz.com.br\\\/litoralsp\\\/2024\\\/09\\\/10\\\/raia-ameacada-de-extincao-e-solta-no-litoral-norte-de-sao-paulo\",\"name\":\"Raia amea\u00e7ada de extin\u00e7\u00e3o \u00e9 solta no Litoral Norte de S\u00e3o Paulo - Litoral SP\",\"isPartOf\":{\"@id\":\"https:\\\/\\\/redenoticiaz.com.br\\\/litoralsp\\\/#website\"},\"primaryImageOfPage\":{\"@id\":\"https:\\\/\\\/redenoticiaz.com.br\\\/litoralsp\\\/2024\\\/09\\\/10\\\/raia-ameacada-de-extincao-e-solta-no-litoral-norte-de-sao-paulo#primaryimage\"},\"image\":{\"@id\":\"https:\\\/\\\/redenoticiaz.com.br\\\/litoralsp\\\/2024\\\/09\\\/10\\\/raia-ameacada-de-extincao-e-solta-no-litoral-norte-de-sao-paulo#primaryimage\"},\"thumbnailUrl\":\"https:\\\/\\\/redenoticiaz.com.br\\\/litoralsp\\\/wp-content\\\/uploads\\\/sites\\\/3\\\/2024\\\/09\\\/WhatsApp-Image-2024-09-10-at-07.35.22.jpeg\",\"datePublished\":\"2024-09-10T22:00:28+00:00\",\"description\":\"De acordo com as informa\u00e7\u00f5es, Policiais Militares apreenderam duas redes de emalhe de fundo, totalizando 400 metros de redes.\",\"inLanguage\":\"pt-BR\",\"potentialAction\":[{\"@type\":\"ReadAction\",\"target\":[\"https:\\\/\\\/redenoticiaz.com.br\\\/litoralsp\\\/2024\\\/09\\\/10\\\/raia-ameacada-de-extincao-e-solta-no-litoral-norte-de-sao-paulo\"]}]},{\"@type\":\"ImageObject\",\"inLanguage\":\"pt-BR\",\"@id\":\"https:\\\/\\\/redenoticiaz.com.br\\\/litoralsp\\\/2024\\\/09\\\/10\\\/raia-ameacada-de-extincao-e-solta-no-litoral-norte-de-sao-paulo#primaryimage\",\"url\":\"https:\\\/\\\/redenoticiaz.com.br\\\/litoralsp\\\/wp-content\\\/uploads\\\/sites\\\/3\\\/2024\\\/09\\\/WhatsApp-Image-2024-09-10-at-07.35.22.jpeg\",\"contentUrl\":\"https:\\\/\\\/redenoticiaz.com.br\\\/litoralsp\\\/wp-content\\\/uploads\\\/sites\\\/3\\\/2024\\\/09\\\/WhatsApp-Image-2024-09-10-at-07.35.22.jpeg\",\"width\":597,\"height\":339},{\"@type\":\"WebSite\",\"@id\":\"https:\\\/\\\/redenoticiaz.com.br\\\/litoralsp\\\/#website\",\"url\":\"https:\\\/\\\/redenoticiaz.com.br\\\/litoralsp\\\/\",\"name\":\"Litoral SP\",\"description\":\"Rede NoticiaZ\",\"publisher\":{\"@id\":\"https:\\\/\\\/redenoticiaz.com.br\\\/litoralsp\\\/#organization\"},\"potentialAction\":[{\"@type\":\"SearchAction\",\"target\":{\"@type\":\"EntryPoint\",\"urlTemplate\":\"https:\\\/\\\/redenoticiaz.com.br\\\/litoralsp\\\/?s={search_term_string}\"},\"query-input\":{\"@type\":\"PropertyValueSpecification\",\"valueRequired\":true,\"valueName\":\"search_term_string\"}}],\"inLanguage\":\"pt-BR\"},{\"@type\":\"Organization\",\"@id\":\"https:\\\/\\\/redenoticiaz.com.br\\\/litoralsp\\\/#organization\",\"name\":\"Litoral SP\",\"url\":\"https:\\\/\\\/redenoticiaz.com.br\\\/litoralsp\\\/\",\"logo\":{\"@type\":\"ImageObject\",\"inLanguage\":\"pt-BR\",\"@id\":\"https:\\\/\\\/redenoticiaz.com.br\\\/litoralsp\\\/#\\\/schema\\\/logo\\\/image\\\/\",\"url\":\"https:\\\/\\\/redenoticiaz.com.br\\\/litoralsp\\\/wp-content\\\/uploads\\\/sites\\\/3\\\/2020\\\/11\\\/logo.jpg\",\"contentUrl\":\"https:\\\/\\\/redenoticiaz.com.br\\\/litoralsp\\\/wp-content\\\/uploads\\\/sites\\\/3\\\/2020\\\/11\\\/logo.jpg\",\"width\":400,\"height\":250,\"caption\":\"Litoral SP\"},\"image\":{\"@id\":\"https:\\\/\\\/redenoticiaz.com.br\\\/litoralsp\\\/#\\\/schema\\\/logo\\\/image\\\/\"}},{\"@type\":\"Person\",\"@id\":\"https:\\\/\\\/redenoticiaz.com.br\\\/litoralsp\\\/#\\\/schema\\\/person\\\/16057b37a3c0ee6b096d7f887c566e2e\",\"name\":\"Gustavo Silva\",\"image\":{\"@type\":\"ImageObject\",\"inLanguage\":\"pt-BR\",\"@id\":\"https:\\\/\\\/secure.gravatar.com\\\/avatar\\\/3ee4e82f93b26de0a7cf4ea5eb7893da637ed6bb0c9170c58065944c56e28a33?s=96&d=mm&r=g\",\"url\":\"https:\\\/\\\/secure.gravatar.com\\\/avatar\\\/3ee4e82f93b26de0a7cf4ea5eb7893da637ed6bb0c9170c58065944c56e28a33?s=96&d=mm&r=g\",\"contentUrl\":\"https:\\\/\\\/secure.gravatar.com\\\/avatar\\\/3ee4e82f93b26de0a7cf4ea5eb7893da637ed6bb0c9170c58065944c56e28a33?s=96&d=mm&r=g\",\"caption\":\"Gustavo Silva\"},\"url\":\"https:\\\/\\\/redenoticiaz.com.br\\\/litoralsp\\\/author\\\/gustavosilva\"}]}<\/script>\n<!-- \/ Yoast SEO plugin. -->","yoast_head_json":{"title":"Raia amea\u00e7ada de extin\u00e7\u00e3o \u00e9 solta no Litoral Norte de S\u00e3o Paulo - Litoral SP","description":"De acordo com as informa\u00e7\u00f5es, Policiais Militares apreenderam duas redes de emalhe de fundo, totalizando 400 metros de redes.","robots":{"index":"index","follow":"follow","max-snippet":"max-snippet:-1","max-image-preview":"max-image-preview:large","max-video-preview":"max-video-preview:-1"},"canonical":"https:\/\/redenoticiaz.com.br\/litoralsp\/2024\/09\/10\/raia-ameacada-de-extincao-e-solta-no-litoral-norte-de-sao-paulo","og_locale":"pt_BR","og_type":"article","og_title":"Raia amea\u00e7ada de extin\u00e7\u00e3o \u00e9 solta no Litoral Norte de S\u00e3o Paulo - Litoral SP","og_description":"De acordo com as informa\u00e7\u00f5es, Policiais Militares apreenderam duas redes de emalhe de fundo, totalizando 400 metros de redes.","og_url":"https:\/\/redenoticiaz.com.br\/litoralsp\/2024\/09\/10\/raia-ameacada-de-extincao-e-solta-no-litoral-norte-de-sao-paulo","og_site_name":"Litoral SP","article_published_time":"2024-09-10T22:00:28+00:00","og_image":[{"width":597,"height":339,"url":"https:\/\/redenoticiaz.com.br\/litoralsp\/wp-content\/uploads\/sites\/3\/2024\/09\/WhatsApp-Image-2024-09-10-at-07.35.22.jpeg","type":"image\/jpeg"}],"author":"Gustavo Silva","twitter_card":"summary_large_image","twitter_misc":{"Escrito por":"Gustavo Silva","Est. tempo de leitura":"1 minuto"},"schema":{"@context":"https:\/\/schema.org","@graph":[{"@type":"Article","@id":"https:\/\/redenoticiaz.com.br\/litoralsp\/2024\/09\/10\/raia-ameacada-de-extincao-e-solta-no-litoral-norte-de-sao-paulo#article","isPartOf":{"@id":"https:\/\/redenoticiaz.com.br\/litoralsp\/2024\/09\/10\/raia-ameacada-de-extincao-e-solta-no-litoral-norte-de-sao-paulo"},"author":{"name":"Gustavo Silva","@id":"https:\/\/redenoticiaz.com.br\/litoralsp\/#\/schema\/person\/16057b37a3c0ee6b096d7f887c566e2e"},"headline":"Raia amea\u00e7ada de extin\u00e7\u00e3o \u00e9 solta no Litoral Norte de S\u00e3o Paulo","datePublished":"2024-09-10T22:00:28+00:00","mainEntityOfPage":{"@id":"https:\/\/redenoticiaz.com.br\/litoralsp\/2024\/09\/10\/raia-ameacada-de-extincao-e-solta-no-litoral-norte-de-sao-paulo"},"wordCount":116,"commentCount":0,"publisher":{"@id":"https:\/\/redenoticiaz.com.br\/litoralsp\/#organization"},"image":{"@id":"https:\/\/redenoticiaz.com.br\/litoralsp\/2024\/09\/10\/raia-ameacada-de-extincao-e-solta-no-litoral-norte-de-sao-paulo#primaryimage"},"thumbnailUrl":"https:\/\/redenoticiaz.com.br\/litoralsp\/wp-content\/uploads\/sites\/3\/2024\/09\/WhatsApp-Image-2024-09-10-at-07.35.22.jpeg","keywords":["LITORAL NORTE","RAIA","S\u00e3o Paulo"],"articleSection":["Caraguatatuba","Pol\u00edcia"],"inLanguage":"pt-BR","potentialAction":[{"@type":"CommentAction","name":"Comment","target":["https:\/\/redenoticiaz.com.br\/litoralsp\/2024\/09\/10\/raia-ameacada-de-extincao-e-solta-no-litoral-norte-de-sao-paulo#respond"]}]},{"@type":"WebPage","@id":"https:\/\/redenoticiaz.com.br\/litoralsp\/2024\/09\/10\/raia-ameacada-de-extincao-e-solta-no-litoral-norte-de-sao-paulo","url":"https:\/\/redenoticiaz.com.br\/litoralsp\/2024\/09\/10\/raia-ameacada-de-extincao-e-solta-no-litoral-norte-de-sao-paulo","name":"Raia amea\u00e7ada de extin\u00e7\u00e3o \u00e9 solta no Litoral Norte de S\u00e3o Paulo - Litoral SP","isPartOf":{"@id":"https:\/\/redenoticiaz.com.br\/litoralsp\/#website"},"primaryImageOfPage":{"@id":"https:\/\/redenoticiaz.com.br\/litoralsp\/2024\/09\/10\/raia-ameacada-de-extincao-e-solta-no-litoral-norte-de-sao-paulo#primaryimage"},"image":{"@id":"https:\/\/redenoticiaz.com.br\/litoralsp\/2024\/09\/10\/raia-ameacada-de-extincao-e-solta-no-litoral-norte-de-sao-paulo#primaryimage"},"thumbnailUrl":"https:\/\/redenoticiaz.com.br\/litoralsp\/wp-content\/uploads\/sites\/3\/2024\/09\/WhatsApp-Image-2024-09-10-at-07.35.22.jpeg","datePublished":"2024-09-10T22:00:28+00:00","description":"De acordo com as informa\u00e7\u00f5es, Policiais Militares apreenderam duas redes de emalhe de fundo, totalizando 400 metros de redes.","inLanguage":"pt-BR","potentialAction":[{"@type":"ReadAction","target":["https:\/\/redenoticiaz.com.br\/litoralsp\/2024\/09\/10\/raia-ameacada-de-extincao-e-solta-no-litoral-norte-de-sao-paulo"]}]},{"@type":"ImageObject","inLanguage":"pt-BR","@id":"https:\/\/redenoticiaz.com.br\/litoralsp\/2024\/09\/10\/raia-ameacada-de-extincao-e-solta-no-litoral-norte-de-sao-paulo#primaryimage","url":"https:\/\/redenoticiaz.com.br\/litoralsp\/wp-content\/uploads\/sites\/3\/2024\/09\/WhatsApp-Image-2024-09-10-at-07.35.22.jpeg","contentUrl":"https:\/\/redenoticiaz.com.br\/litoralsp\/wp-content\/uploads\/sites\/3\/2024\/09\/WhatsApp-Image-2024-09-10-at-07.35.22.jpeg","width":597,"height":339},{"@type":"WebSite","@id":"https:\/\/redenoticiaz.com.br\/litoralsp\/#website","url":"https:\/\/redenoticiaz.com.br\/litoralsp\/","name":"Litoral SP","description":"Rede NoticiaZ","publisher":{"@id":"https:\/\/redenoticiaz.com.br\/litoralsp\/#organization"},"potentialAction":[{"@type":"SearchAction","target":{"@type":"EntryPoint","urlTemplate":"https:\/\/redenoticiaz.com.br\/litoralsp\/?s={search_term_string}"},"query-input":{"@type":"PropertyValueSpecification","valueRequired":true,"valueName":"search_term_string"}}],"inLanguage":"pt-BR"},{"@type":"Organization","@id":"https:\/\/redenoticiaz.com.br\/litoralsp\/#organization","name":"Litoral SP","url":"https:\/\/redenoticiaz.com.br\/litoralsp\/","logo":{"@type":"ImageObject","inLanguage":"pt-BR","@id":"https:\/\/redenoticiaz.com.br\/litoralsp\/#\/schema\/logo\/image\/","url":"https:\/\/redenoticiaz.com.br\/litoralsp\/wp-content\/uploads\/sites\/3\/2020\/11\/logo.jpg","contentUrl":"https:\/\/redenoticiaz.com.br\/litoralsp\/wp-content\/uploads\/sites\/3\/2020\/11\/logo.jpg","width":400,"height":250,"caption":"Litoral SP"},"image":{"@id":"https:\/\/redenoticiaz.com.br\/litoralsp\/#\/schema\/logo\/image\/"}},{"@type":"Person","@id":"https:\/\/redenoticiaz.com.br\/litoralsp\/#\/schema\/person\/16057b37a3c0ee6b096d7f887c566e2e","name":"Gustavo Silva","image":{"@type":"ImageObject","inLanguage":"pt-BR","@id":"https:\/\/secure.gravatar.com\/avatar\/3ee4e82f93b26de0a7cf4ea5eb7893da637ed6bb0c9170c58065944c56e28a33?s=96&d=mm&r=g","url":"https:\/\/secure.gravatar.com\/avatar\/3ee4e82f93b26de0a7cf4ea5eb7893da637ed6bb0c9170c58065944c56e28a33?s=96&d=mm&r=g","contentUrl":"https:\/\/secure.gravatar.com\/avatar\/3ee4e82f93b26de0a7cf4ea5eb7893da637ed6bb0c9170c58065944c56e28a33?s=96&d=mm&r=g","caption":"Gustavo Silva"},"url":"https:\/\/redenoticiaz.com.br\/litoralsp\/author\/gustavosilva"}]}},"_links":{"self":[{"href":"https:\/\/redenoticiaz.com.br\/litoralsp\/wp-json\/wp\/v2\/posts\/118239","targetHints":{"allow":["GET"]}}],"collection":[{"href":"https:\/\/redenoticiaz.com.br\/litoralsp\/wp-json\/wp\/v2\/posts"}],"about":[{"href":"https:\/\/redenoticiaz.com.br\/litoralsp\/wp-json\/wp\/v2\/types\/post"}],"author":[{"embeddable":true,"href":"https:\/\/redenoticiaz.com.br\/litoralsp\/wp-json\/wp\/v2\/users\/12"}],"replies":[{"embeddable":true,"href":"https:\/\/redenoticiaz.com.br\/litoralsp\/wp-json\/wp\/v2\/comments?post=118239"}],"version-history":[{"count":1,"href":"https:\/\/redenoticiaz.com.br\/litoralsp\/wp-json\/wp\/v2\/posts\/118239\/revisions"}],"predecessor-version":[{"id":118241,"href":"https:\/\/redenoticiaz.com.br\/litoralsp\/wp-json\/wp\/v2\/posts\/118239\/revisions\/118241"}],"wp:featuredmedia":[{"embeddable":true,"href":"https:\/\/redenoticiaz.com.br\/litoralsp\/wp-json\/wp\/v2\/media\/118240"}],"wp:attachment":[{"href":"https:\/\/redenoticiaz.com.br\/litoralsp\/wp-json\/wp\/v2\/media?parent=118239"}],"wp:term":[{"taxonomy":"category","embeddable":true,"href":"https:\/\/redenoticiaz.com.br\/litoralsp\/wp-json\/wp\/v2\/categories?post=118239"},{"taxonomy":"post_tag","embeddable":true,"href":"https:\/\/redenoticiaz.com.br\/litoralsp\/wp-json\/wp\/v2\/tags?post=118239"}],"curies":[{"name":"wp","href":"https:\/\/api.w.org\/{rel}","templated":true}]}}