{"id":118299,"date":"2024-09-15T14:00:00","date_gmt":"2024-09-15T17:00:00","guid":{"rendered":"https:\/\/redenoticiaz.com.br\/litoralsp\/?p=118299"},"modified":"2024-09-13T14:17:00","modified_gmt":"2024-09-13T17:17:00","slug":"transformers-o-inicio-tera-sessao-especial-para-fas","status":"publish","type":"post","link":"https:\/\/redenoticiaz.com.br\/litoralsp\/2024\/09\/15\/transformers-o-inicio-tera-sessao-especial-para-fas","title":{"rendered":"&#8216;Transformers: O In\u00edcio&#8217; ter\u00e1 sess\u00e3o especial para f\u00e3s"},"content":{"rendered":"<p>Falta pouco para Optimus Prime e Megatron voltarem aos cinemas em\u00a0<strong>\u201cTransformers: O In\u00edcio\u201d<\/strong>, produ\u00e7\u00e3o que narra a hist\u00f3ria de origem dos amados personagens da franquia.\u00a0 Para celebrar esse novo cap\u00edtulo, a Paramount Pictures vai realizar uma pr\u00e9-estreia paga antecipada para os f\u00e3s dos autobots e decepticons.<\/p>\n<p>No dia 19 de setembro, mais de 50 cinemas pelo pa\u00eds recebem o evento\u00a0<strong>\u201cTransformers: Encontro com F\u00e3s\u201d<\/strong>. Al\u00e9m de assistirem ao longa em primeira m\u00e3o, quem participar concorre tamb\u00e9m a brindes exclusivos.\u00a0 A pr\u00e9-venda para essa sess\u00e3o j\u00e1 est\u00e1 dispon\u00edvel\u00a0<a href=\"http:\/\/www.movieid.com\/transformers_oinicio\" target=\"_blank\" rel=\"noopener noreferrer\">aqui<\/a>.<\/p>\n<p>As sess\u00f5es acontecem em S\u00e3o Paulo, Campinas, Piracicaba, S\u00e3o Caetano, Guarulhos, Mau\u00e1, Rio de Janeiro, Duque de Caxias, Niter\u00f3i, Bras\u00edlia, Curitiba, Fortaleza, Manaus, Recife, Salvador, Belo Horizonte, Goi\u00e2nia e Porto Alegre.<\/p>\n<p>Al\u00e9m do evento do dia 19, a produ\u00e7\u00e3o tamb\u00e9m ter\u00e1 pr\u00e9-estreias pagas nos dias 21 e 22 de setembro, antes da sua chegada oficial aos cinemas brasileiros no dia 26.\u00a0\u201cOs f\u00e3s de Transformers acompanham a saga dos personagens nos cinemas desde 2007.<\/p>\n<p>Com o evento \u201cTransformers: Encontro com F\u00e3s\u201d, buscamos celebrar as pessoas que s\u00e3o apaixonadas por esse universo, garantindo que sejam os primeiros a assistir a nova hist\u00f3ria, que chega pela primeira vez como anima\u00e7\u00e3o para os cinemas e sob uma perspectiva in\u00e9dita dos antagonistas Optimus Prime e Megatron. \u00c9 uma forma do est\u00fadio reconhecer e celebrar esse f\u00e3\u201d, afirma Thiago Madruga, Diretor de Vendas da Paramount Pictures Brasil.<\/p>\n<p>O longa conta a hist\u00f3ria de origem de Optimus Prime e Megatron, os maiores rivais da franquia, mas que um dia foram amigos t\u00e3o ligados quanto irm\u00e3os e que mudaram o destino de Cybertron para sempre.\u00a0 No Brasil, Romulo Estrela, Camila Queiroz e Klebber Toledo dublam D-16\/Megatron, Elita e Sentinel Prime respectivamente. O elenco de vozes originais conta com Chris Hemsworth, Brian Tyree Henry, Scarlett Johansson, Jon Hamm, Keegan-Michael Key, Steve Buscemi e Laurence Fishburne.<\/p>\n<p>&nbsp;<\/p>\n<p><strong>Transformers: O In\u00edcio<\/strong>\u00a0&#8211; 26 de setembro nos cinemas<\/p>\n<p>LEIA MAIS<\/p>\n<p><a href=\"https:\/\/redenoticiaz.com.br\/blog\/2024\/09\/13\/horario-de-verao-pode-voltar-veja-o-que-diz-o-ministro-de-minas-e-energia\">Hor\u00e1rio de ver\u00e3o pode voltar? Veja o que diz o ministro de Minas e Energia<\/a><\/p>\n<p><a href=\"https:\/\/redenoticiaz.com.br\/blog\/2024\/09\/13\/concurso-dataprev-com-2-145-vagas-e-ate-r103-mil\">Concurso Dataprev com 2.145 vagas e sal\u00e1rio at\u00e9 R$10,3 mil<\/a><\/p>\n<p>&nbsp;<\/p>\n","protected":false},"excerpt":{"rendered":"<p>Falta pouco para Optimus Prime e Megatron voltarem aos cinemas em\u00a0\u201cTransformers: O In\u00edcio\u201d, produ\u00e7\u00e3o que narra a hist\u00f3ria de origem dos amados personagens da franquia.\u00a0 Para celebrar esse novo cap\u00edtulo, a Paramount Pictures vai realizar uma pr\u00e9-estreia paga antecipada para os f\u00e3s dos autobots e decepticons. No dia 19 de setembro, mais de 50 cinemas &hellip;<\/p>\n","protected":false},"author":30,"featured_media":107227,"comment_status":"open","ping_status":"closed","sticky":false,"template":"","format":"standard","meta":{"footnotes":""},"categories":[62064],"tags":[44750,68667,68668],"class_list":["post-118299","post","type-post","status-publish","format-standard","has-post-thumbnail","hentry","category-cameraz","tag-cinema","tag-encontro-com-fas","tag-transformers-o-iniciotransformers-o-inicio"],"yoast_head":"<!-- This site is optimized with the Yoast SEO plugin v27.4 - https:\/\/yoast.com\/product\/yoast-seo-wordpress\/ -->\n<title>&#039;Transformers: O In\u00edcio&#039; ter\u00e1 sess\u00e3o especial para f\u00e3s - Litoral SP<\/title>\n<meta name=\"description\" content=\"Falta pouco para Optimus Prime e Megatron voltarem aos cinemas em \u201cTransformers: O In\u00edcio\u201d, produ\u00e7\u00e3o que narra a hist\u00f3ria de origem dos amados personagens da franquia.\" \/>\n<meta name=\"robots\" content=\"index, follow, max-snippet:-1, max-image-preview:large, max-video-preview:-1\" \/>\n<link rel=\"canonical\" href=\"https:\/\/redenoticiaz.com.br\/litoralsp\/2024\/09\/15\/transformers-o-inicio-tera-sessao-especial-para-fas\" \/>\n<meta property=\"og:locale\" content=\"pt_BR\" \/>\n<meta property=\"og:type\" content=\"article\" \/>\n<meta property=\"og:title\" content=\"&#039;Transformers: O In\u00edcio&#039; ter\u00e1 sess\u00e3o especial para f\u00e3s - Litoral SP\" \/>\n<meta property=\"og:description\" content=\"Falta pouco para Optimus Prime e Megatron voltarem aos cinemas em \u201cTransformers: O In\u00edcio\u201d, produ\u00e7\u00e3o que narra a hist\u00f3ria de origem dos amados personagens da franquia.\" \/>\n<meta property=\"og:url\" content=\"https:\/\/redenoticiaz.com.br\/litoralsp\/2024\/09\/15\/transformers-o-inicio-tera-sessao-especial-para-fas\" \/>\n<meta property=\"og:site_name\" content=\"Litoral SP\" \/>\n<meta property=\"article:published_time\" content=\"2024-09-15T17:00:00+00:00\" \/>\n<meta property=\"og:image\" content=\"https:\/\/redenoticiaz.com.br\/litoralsp\/wp-content\/uploads\/sites\/3\/2023\/06\/Trilha-sonora-de-Transformers-O-Despertar-das-Feras-ganha-playlist-oficial-no-Spotify.jpg\" \/>\n\t<meta property=\"og:image:width\" content=\"1600\" \/>\n\t<meta property=\"og:image:height\" content=\"669\" \/>\n\t<meta property=\"og:image:type\" content=\"image\/jpeg\" \/>\n<meta name=\"author\" content=\"Carina Reifonas\" \/>\n<meta name=\"twitter:card\" content=\"summary_large_image\" \/>\n<meta name=\"twitter:label1\" content=\"Escrito por\" \/>\n\t<meta name=\"twitter:data1\" content=\"Carina Reifonas\" \/>\n\t<meta name=\"twitter:label2\" content=\"Est. tempo de leitura\" \/>\n\t<meta name=\"twitter:data2\" content=\"3 minutos\" \/>\n<script type=\"application\/ld+json\" class=\"yoast-schema-graph\">{\"@context\":\"https:\\\/\\\/schema.org\",\"@graph\":[{\"@type\":\"Article\",\"@id\":\"https:\\\/\\\/redenoticiaz.com.br\\\/litoralsp\\\/2024\\\/09\\\/15\\\/transformers-o-inicio-tera-sessao-especial-para-fas#article\",\"isPartOf\":{\"@id\":\"https:\\\/\\\/redenoticiaz.com.br\\\/litoralsp\\\/2024\\\/09\\\/15\\\/transformers-o-inicio-tera-sessao-especial-para-fas\"},\"author\":{\"name\":\"Carina Reifonas\",\"@id\":\"https:\\\/\\\/redenoticiaz.com.br\\\/litoralsp\\\/#\\\/schema\\\/person\\\/1f84d6e94e6a62d2d81199d7503e9e90\"},\"headline\":\"&#8216;Transformers: O In\u00edcio&#8217; ter\u00e1 sess\u00e3o especial para f\u00e3s\",\"datePublished\":\"2024-09-15T17:00:00+00:00\",\"mainEntityOfPage\":{\"@id\":\"https:\\\/\\\/redenoticiaz.com.br\\\/litoralsp\\\/2024\\\/09\\\/15\\\/transformers-o-inicio-tera-sessao-especial-para-fas\"},\"wordCount\":384,\"commentCount\":0,\"publisher\":{\"@id\":\"https:\\\/\\\/redenoticiaz.com.br\\\/litoralsp\\\/#organization\"},\"image\":{\"@id\":\"https:\\\/\\\/redenoticiaz.com.br\\\/litoralsp\\\/2024\\\/09\\\/15\\\/transformers-o-inicio-tera-sessao-especial-para-fas#primaryimage\"},\"thumbnailUrl\":\"https:\\\/\\\/redenoticiaz.com.br\\\/litoralsp\\\/wp-content\\\/uploads\\\/sites\\\/3\\\/2023\\\/06\\\/Trilha-sonora-de-Transformers-O-Despertar-das-Feras-ganha-playlist-oficial-no-Spotify.jpg\",\"keywords\":[\"CINEMA\",\"Encontro com f\u00e3s\",\"Transformers: O In\u00edcio\u201dTransformers: O In\u00edcio\u201d\"],\"articleSection\":[\"C\u00e2mera Z\"],\"inLanguage\":\"pt-BR\",\"potentialAction\":[{\"@type\":\"CommentAction\",\"name\":\"Comment\",\"target\":[\"https:\\\/\\\/redenoticiaz.com.br\\\/litoralsp\\\/2024\\\/09\\\/15\\\/transformers-o-inicio-tera-sessao-especial-para-fas#respond\"]}]},{\"@type\":\"WebPage\",\"@id\":\"https:\\\/\\\/redenoticiaz.com.br\\\/litoralsp\\\/2024\\\/09\\\/15\\\/transformers-o-inicio-tera-sessao-especial-para-fas\",\"url\":\"https:\\\/\\\/redenoticiaz.com.br\\\/litoralsp\\\/2024\\\/09\\\/15\\\/transformers-o-inicio-tera-sessao-especial-para-fas\",\"name\":\"'Transformers: O In\u00edcio' ter\u00e1 sess\u00e3o especial para f\u00e3s - Litoral SP\",\"isPartOf\":{\"@id\":\"https:\\\/\\\/redenoticiaz.com.br\\\/litoralsp\\\/#website\"},\"primaryImageOfPage\":{\"@id\":\"https:\\\/\\\/redenoticiaz.com.br\\\/litoralsp\\\/2024\\\/09\\\/15\\\/transformers-o-inicio-tera-sessao-especial-para-fas#primaryimage\"},\"image\":{\"@id\":\"https:\\\/\\\/redenoticiaz.com.br\\\/litoralsp\\\/2024\\\/09\\\/15\\\/transformers-o-inicio-tera-sessao-especial-para-fas#primaryimage\"},\"thumbnailUrl\":\"https:\\\/\\\/redenoticiaz.com.br\\\/litoralsp\\\/wp-content\\\/uploads\\\/sites\\\/3\\\/2023\\\/06\\\/Trilha-sonora-de-Transformers-O-Despertar-das-Feras-ganha-playlist-oficial-no-Spotify.jpg\",\"datePublished\":\"2024-09-15T17:00:00+00:00\",\"description\":\"Falta pouco para Optimus Prime e Megatron voltarem aos cinemas em \u201cTransformers: O In\u00edcio\u201d, produ\u00e7\u00e3o que narra a hist\u00f3ria de origem dos amados personagens da franquia.\",\"inLanguage\":\"pt-BR\",\"potentialAction\":[{\"@type\":\"ReadAction\",\"target\":[\"https:\\\/\\\/redenoticiaz.com.br\\\/litoralsp\\\/2024\\\/09\\\/15\\\/transformers-o-inicio-tera-sessao-especial-para-fas\"]}]},{\"@type\":\"ImageObject\",\"inLanguage\":\"pt-BR\",\"@id\":\"https:\\\/\\\/redenoticiaz.com.br\\\/litoralsp\\\/2024\\\/09\\\/15\\\/transformers-o-inicio-tera-sessao-especial-para-fas#primaryimage\",\"url\":\"https:\\\/\\\/redenoticiaz.com.br\\\/litoralsp\\\/wp-content\\\/uploads\\\/sites\\\/3\\\/2023\\\/06\\\/Trilha-sonora-de-Transformers-O-Despertar-das-Feras-ganha-playlist-oficial-no-Spotify.jpg\",\"contentUrl\":\"https:\\\/\\\/redenoticiaz.com.br\\\/litoralsp\\\/wp-content\\\/uploads\\\/sites\\\/3\\\/2023\\\/06\\\/Trilha-sonora-de-Transformers-O-Despertar-das-Feras-ganha-playlist-oficial-no-Spotify.jpg\",\"width\":1600,\"height\":669,\"caption\":\"Cr\u00e9dito: Divulga\u00e7\u00e3o\"},{\"@type\":\"WebSite\",\"@id\":\"https:\\\/\\\/redenoticiaz.com.br\\\/litoralsp\\\/#website\",\"url\":\"https:\\\/\\\/redenoticiaz.com.br\\\/litoralsp\\\/\",\"name\":\"Litoral SP\",\"description\":\"Rede NoticiaZ\",\"publisher\":{\"@id\":\"https:\\\/\\\/redenoticiaz.com.br\\\/litoralsp\\\/#organization\"},\"potentialAction\":[{\"@type\":\"SearchAction\",\"target\":{\"@type\":\"EntryPoint\",\"urlTemplate\":\"https:\\\/\\\/redenoticiaz.com.br\\\/litoralsp\\\/?s={search_term_string}\"},\"query-input\":{\"@type\":\"PropertyValueSpecification\",\"valueRequired\":true,\"valueName\":\"search_term_string\"}}],\"inLanguage\":\"pt-BR\"},{\"@type\":\"Organization\",\"@id\":\"https:\\\/\\\/redenoticiaz.com.br\\\/litoralsp\\\/#organization\",\"name\":\"Litoral SP\",\"url\":\"https:\\\/\\\/redenoticiaz.com.br\\\/litoralsp\\\/\",\"logo\":{\"@type\":\"ImageObject\",\"inLanguage\":\"pt-BR\",\"@id\":\"https:\\\/\\\/redenoticiaz.com.br\\\/litoralsp\\\/#\\\/schema\\\/logo\\\/image\\\/\",\"url\":\"https:\\\/\\\/redenoticiaz.com.br\\\/litoralsp\\\/wp-content\\\/uploads\\\/sites\\\/3\\\/2020\\\/11\\\/logo.jpg\",\"contentUrl\":\"https:\\\/\\\/redenoticiaz.com.br\\\/litoralsp\\\/wp-content\\\/uploads\\\/sites\\\/3\\\/2020\\\/11\\\/logo.jpg\",\"width\":400,\"height\":250,\"caption\":\"Litoral SP\"},\"image\":{\"@id\":\"https:\\\/\\\/redenoticiaz.com.br\\\/litoralsp\\\/#\\\/schema\\\/logo\\\/image\\\/\"}},{\"@type\":\"Person\",\"@id\":\"https:\\\/\\\/redenoticiaz.com.br\\\/litoralsp\\\/#\\\/schema\\\/person\\\/1f84d6e94e6a62d2d81199d7503e9e90\",\"name\":\"Carina Reifonas\",\"image\":{\"@type\":\"ImageObject\",\"inLanguage\":\"pt-BR\",\"@id\":\"https:\\\/\\\/secure.gravatar.com\\\/avatar\\\/04c59859b23696cf867715880f81d5c037e60109730bdb4e6670ec2a2245bc97?s=96&d=mm&r=g\",\"url\":\"https:\\\/\\\/secure.gravatar.com\\\/avatar\\\/04c59859b23696cf867715880f81d5c037e60109730bdb4e6670ec2a2245bc97?s=96&d=mm&r=g\",\"contentUrl\":\"https:\\\/\\\/secure.gravatar.com\\\/avatar\\\/04c59859b23696cf867715880f81d5c037e60109730bdb4e6670ec2a2245bc97?s=96&d=mm&r=g\",\"caption\":\"Carina Reifonas\"},\"url\":\"https:\\\/\\\/redenoticiaz.com.br\\\/litoralsp\\\/author\\\/carinareifonas\"}]}<\/script>\n<!-- \/ Yoast SEO plugin. -->","yoast_head_json":{"title":"'Transformers: O In\u00edcio' ter\u00e1 sess\u00e3o especial para f\u00e3s - Litoral SP","description":"Falta pouco para Optimus Prime e Megatron voltarem aos cinemas em \u201cTransformers: O In\u00edcio\u201d, produ\u00e7\u00e3o que narra a hist\u00f3ria de origem dos amados personagens da franquia.","robots":{"index":"index","follow":"follow","max-snippet":"max-snippet:-1","max-image-preview":"max-image-preview:large","max-video-preview":"max-video-preview:-1"},"canonical":"https:\/\/redenoticiaz.com.br\/litoralsp\/2024\/09\/15\/transformers-o-inicio-tera-sessao-especial-para-fas","og_locale":"pt_BR","og_type":"article","og_title":"'Transformers: O In\u00edcio' ter\u00e1 sess\u00e3o especial para f\u00e3s - Litoral SP","og_description":"Falta pouco para Optimus Prime e Megatron voltarem aos cinemas em \u201cTransformers: O In\u00edcio\u201d, produ\u00e7\u00e3o que narra a hist\u00f3ria de origem dos amados personagens da franquia.","og_url":"https:\/\/redenoticiaz.com.br\/litoralsp\/2024\/09\/15\/transformers-o-inicio-tera-sessao-especial-para-fas","og_site_name":"Litoral SP","article_published_time":"2024-09-15T17:00:00+00:00","og_image":[{"width":1600,"height":669,"url":"https:\/\/redenoticiaz.com.br\/litoralsp\/wp-content\/uploads\/sites\/3\/2023\/06\/Trilha-sonora-de-Transformers-O-Despertar-das-Feras-ganha-playlist-oficial-no-Spotify.jpg","type":"image\/jpeg"}],"author":"Carina Reifonas","twitter_card":"summary_large_image","twitter_misc":{"Escrito por":"Carina Reifonas","Est. tempo de leitura":"3 minutos"},"schema":{"@context":"https:\/\/schema.org","@graph":[{"@type":"Article","@id":"https:\/\/redenoticiaz.com.br\/litoralsp\/2024\/09\/15\/transformers-o-inicio-tera-sessao-especial-para-fas#article","isPartOf":{"@id":"https:\/\/redenoticiaz.com.br\/litoralsp\/2024\/09\/15\/transformers-o-inicio-tera-sessao-especial-para-fas"},"author":{"name":"Carina Reifonas","@id":"https:\/\/redenoticiaz.com.br\/litoralsp\/#\/schema\/person\/1f84d6e94e6a62d2d81199d7503e9e90"},"headline":"&#8216;Transformers: O In\u00edcio&#8217; ter\u00e1 sess\u00e3o especial para f\u00e3s","datePublished":"2024-09-15T17:00:00+00:00","mainEntityOfPage":{"@id":"https:\/\/redenoticiaz.com.br\/litoralsp\/2024\/09\/15\/transformers-o-inicio-tera-sessao-especial-para-fas"},"wordCount":384,"commentCount":0,"publisher":{"@id":"https:\/\/redenoticiaz.com.br\/litoralsp\/#organization"},"image":{"@id":"https:\/\/redenoticiaz.com.br\/litoralsp\/2024\/09\/15\/transformers-o-inicio-tera-sessao-especial-para-fas#primaryimage"},"thumbnailUrl":"https:\/\/redenoticiaz.com.br\/litoralsp\/wp-content\/uploads\/sites\/3\/2023\/06\/Trilha-sonora-de-Transformers-O-Despertar-das-Feras-ganha-playlist-oficial-no-Spotify.jpg","keywords":["CINEMA","Encontro com f\u00e3s","Transformers: O In\u00edcio\u201dTransformers: O In\u00edcio\u201d"],"articleSection":["C\u00e2mera Z"],"inLanguage":"pt-BR","potentialAction":[{"@type":"CommentAction","name":"Comment","target":["https:\/\/redenoticiaz.com.br\/litoralsp\/2024\/09\/15\/transformers-o-inicio-tera-sessao-especial-para-fas#respond"]}]},{"@type":"WebPage","@id":"https:\/\/redenoticiaz.com.br\/litoralsp\/2024\/09\/15\/transformers-o-inicio-tera-sessao-especial-para-fas","url":"https:\/\/redenoticiaz.com.br\/litoralsp\/2024\/09\/15\/transformers-o-inicio-tera-sessao-especial-para-fas","name":"'Transformers: O In\u00edcio' ter\u00e1 sess\u00e3o especial para f\u00e3s - Litoral SP","isPartOf":{"@id":"https:\/\/redenoticiaz.com.br\/litoralsp\/#website"},"primaryImageOfPage":{"@id":"https:\/\/redenoticiaz.com.br\/litoralsp\/2024\/09\/15\/transformers-o-inicio-tera-sessao-especial-para-fas#primaryimage"},"image":{"@id":"https:\/\/redenoticiaz.com.br\/litoralsp\/2024\/09\/15\/transformers-o-inicio-tera-sessao-especial-para-fas#primaryimage"},"thumbnailUrl":"https:\/\/redenoticiaz.com.br\/litoralsp\/wp-content\/uploads\/sites\/3\/2023\/06\/Trilha-sonora-de-Transformers-O-Despertar-das-Feras-ganha-playlist-oficial-no-Spotify.jpg","datePublished":"2024-09-15T17:00:00+00:00","description":"Falta pouco para Optimus Prime e Megatron voltarem aos cinemas em \u201cTransformers: O In\u00edcio\u201d, produ\u00e7\u00e3o que narra a hist\u00f3ria de origem dos amados personagens da franquia.","inLanguage":"pt-BR","potentialAction":[{"@type":"ReadAction","target":["https:\/\/redenoticiaz.com.br\/litoralsp\/2024\/09\/15\/transformers-o-inicio-tera-sessao-especial-para-fas"]}]},{"@type":"ImageObject","inLanguage":"pt-BR","@id":"https:\/\/redenoticiaz.com.br\/litoralsp\/2024\/09\/15\/transformers-o-inicio-tera-sessao-especial-para-fas#primaryimage","url":"https:\/\/redenoticiaz.com.br\/litoralsp\/wp-content\/uploads\/sites\/3\/2023\/06\/Trilha-sonora-de-Transformers-O-Despertar-das-Feras-ganha-playlist-oficial-no-Spotify.jpg","contentUrl":"https:\/\/redenoticiaz.com.br\/litoralsp\/wp-content\/uploads\/sites\/3\/2023\/06\/Trilha-sonora-de-Transformers-O-Despertar-das-Feras-ganha-playlist-oficial-no-Spotify.jpg","width":1600,"height":669,"caption":"Cr\u00e9dito: Divulga\u00e7\u00e3o"},{"@type":"WebSite","@id":"https:\/\/redenoticiaz.com.br\/litoralsp\/#website","url":"https:\/\/redenoticiaz.com.br\/litoralsp\/","name":"Litoral SP","description":"Rede NoticiaZ","publisher":{"@id":"https:\/\/redenoticiaz.com.br\/litoralsp\/#organization"},"potentialAction":[{"@type":"SearchAction","target":{"@type":"EntryPoint","urlTemplate":"https:\/\/redenoticiaz.com.br\/litoralsp\/?s={search_term_string}"},"query-input":{"@type":"PropertyValueSpecification","valueRequired":true,"valueName":"search_term_string"}}],"inLanguage":"pt-BR"},{"@type":"Organization","@id":"https:\/\/redenoticiaz.com.br\/litoralsp\/#organization","name":"Litoral SP","url":"https:\/\/redenoticiaz.com.br\/litoralsp\/","logo":{"@type":"ImageObject","inLanguage":"pt-BR","@id":"https:\/\/redenoticiaz.com.br\/litoralsp\/#\/schema\/logo\/image\/","url":"https:\/\/redenoticiaz.com.br\/litoralsp\/wp-content\/uploads\/sites\/3\/2020\/11\/logo.jpg","contentUrl":"https:\/\/redenoticiaz.com.br\/litoralsp\/wp-content\/uploads\/sites\/3\/2020\/11\/logo.jpg","width":400,"height":250,"caption":"Litoral SP"},"image":{"@id":"https:\/\/redenoticiaz.com.br\/litoralsp\/#\/schema\/logo\/image\/"}},{"@type":"Person","@id":"https:\/\/redenoticiaz.com.br\/litoralsp\/#\/schema\/person\/1f84d6e94e6a62d2d81199d7503e9e90","name":"Carina Reifonas","image":{"@type":"ImageObject","inLanguage":"pt-BR","@id":"https:\/\/secure.gravatar.com\/avatar\/04c59859b23696cf867715880f81d5c037e60109730bdb4e6670ec2a2245bc97?s=96&d=mm&r=g","url":"https:\/\/secure.gravatar.com\/avatar\/04c59859b23696cf867715880f81d5c037e60109730bdb4e6670ec2a2245bc97?s=96&d=mm&r=g","contentUrl":"https:\/\/secure.gravatar.com\/avatar\/04c59859b23696cf867715880f81d5c037e60109730bdb4e6670ec2a2245bc97?s=96&d=mm&r=g","caption":"Carina Reifonas"},"url":"https:\/\/redenoticiaz.com.br\/litoralsp\/author\/carinareifonas"}]}},"_links":{"self":[{"href":"https:\/\/redenoticiaz.com.br\/litoralsp\/wp-json\/wp\/v2\/posts\/118299","targetHints":{"allow":["GET"]}}],"collection":[{"href":"https:\/\/redenoticiaz.com.br\/litoralsp\/wp-json\/wp\/v2\/posts"}],"about":[{"href":"https:\/\/redenoticiaz.com.br\/litoralsp\/wp-json\/wp\/v2\/types\/post"}],"author":[{"embeddable":true,"href":"https:\/\/redenoticiaz.com.br\/litoralsp\/wp-json\/wp\/v2\/users\/30"}],"replies":[{"embeddable":true,"href":"https:\/\/redenoticiaz.com.br\/litoralsp\/wp-json\/wp\/v2\/comments?post=118299"}],"version-history":[{"count":1,"href":"https:\/\/redenoticiaz.com.br\/litoralsp\/wp-json\/wp\/v2\/posts\/118299\/revisions"}],"predecessor-version":[{"id":118313,"href":"https:\/\/redenoticiaz.com.br\/litoralsp\/wp-json\/wp\/v2\/posts\/118299\/revisions\/118313"}],"wp:featuredmedia":[{"embeddable":true,"href":"https:\/\/redenoticiaz.com.br\/litoralsp\/wp-json\/wp\/v2\/media\/107227"}],"wp:attachment":[{"href":"https:\/\/redenoticiaz.com.br\/litoralsp\/wp-json\/wp\/v2\/media?parent=118299"}],"wp:term":[{"taxonomy":"category","embeddable":true,"href":"https:\/\/redenoticiaz.com.br\/litoralsp\/wp-json\/wp\/v2\/categories?post=118299"},{"taxonomy":"post_tag","embeddable":true,"href":"https:\/\/redenoticiaz.com.br\/litoralsp\/wp-json\/wp\/v2\/tags?post=118299"}],"curies":[{"name":"wp","href":"https:\/\/api.w.org\/{rel}","templated":true}]}}