{"id":118314,"date":"2024-09-16T09:09:09","date_gmt":"2024-09-16T12:09:09","guid":{"rendered":"https:\/\/redenoticiaz.com.br\/litoralsp\/2024\/09\/16\/video-datena-agride-marcal-em-debate-acalorado-e-e-expulso"},"modified":"2024-09-16T09:23:43","modified_gmt":"2024-09-16T12:23:43","slug":"video-datena-agride-marcal-em-debate-acalorado-e-e-expulso","status":"publish","type":"post","link":"https:\/\/redenoticiaz.com.br\/litoralsp\/2024\/09\/16\/video-datena-agride-marcal-em-debate-acalorado-e-e-expulso","title":{"rendered":"V\u00cdDEO \u2014 Datena agride Mar\u00e7al em debate acalorado e \u00e9 expulso"},"content":{"rendered":"<p>O debate para a Prefeitura de S\u00e3o Paulo, transmitido ao vivo pela TV Cultura neste domingo (15), foi marcado por um epis\u00f3dio de viol\u00eancia. Em meio a um embate acalorado entre os candidatos Jos\u00e9 Luiz Datena (PSDB) e Pablo Mar\u00e7al (PRTB), Datena agrediu fisicamente seu advers\u00e1rio, com uma cadeirada.<\/p>\n<p>A confus\u00e3o teve in\u00edcio ap\u00f3s Mar\u00e7al mencionar uma den\u00fancia de ass\u00e9dio sexual contra Datena, questionando o candidato sobre suas inten\u00e7\u00f5es de permanecer na disputa eleitoral. &#8220;Quando o senhor vai acabar com essa palha\u00e7ada?&#8221;, provocou Mar\u00e7al.<\/p>\n<p>Visivelmente irritado com a acusa\u00e7\u00e3o, Datena rebateu as declara\u00e7\u00f5es de Mar\u00e7al, classificando-as como &#8220;ofensas e cal\u00fanias&#8221;. O candidato do PSDB negou as acusa\u00e7\u00f5es, afirmando que a den\u00fancia j\u00e1 havia sido arquivada por falta de provas. No entanto, a discuss\u00e3o rapidamente escalou, e Datena, em um gesto de f\u00faria, pegou uma cadeira e atingiu Mar\u00e7al, causando grande tumulto no est\u00fadio.<\/p>\n<p>A agress\u00e3o f\u00edsica levou \u00e0 interrup\u00e7\u00e3o imediata do debate. Datena foi expulso do evento, enquanto Mar\u00e7al precisou de atendimento m\u00e9dico.<\/p>\n<div class=\"wp-playlist wp-video-playlist wp-playlist-light\">\n\t\t<video controls=\"controls\" preload=\"none\" width=\"640\"\n\t\t height=\"362\"\t><\/video>\n\t<div class=\"wp-playlist-next\"><\/div>\n\t<div class=\"wp-playlist-prev\"><\/div>\n\t<noscript>\n\t<ol>\n\t\t<li><a href='https:\/\/redenoticiaz.com.br\/litoralsp\/wp-content\/uploads\/sites\/3\/2024\/09\/Video-do-WhatsApp-de-2024-09-16-as-06.03.58_d20db145.mp4'>V\u00eddeo do WhatsApp de 2024-09-16 \u00e0(s) 06.03.58_d20db145<\/a><\/li><li><a href='https:\/\/redenoticiaz.com.br\/litoralsp\/wp-content\/uploads\/sites\/3\/2024\/09\/Video-do-WhatsApp-de-2024-09-16-as-07.29.23_8471c133.mp4'>V\u00eddeo do WhatsApp de 2024-09-16 \u00e0(s) 07.29.23_8471c133<\/a><\/li>\t<\/ol>\n\t<\/noscript>\n\t<script type=\"application\/json\" class=\"wp-playlist-script\">{\"type\":\"video\",\"tracklist\":true,\"tracknumbers\":true,\"images\":true,\"artists\":true,\"tracks\":[{\"src\":\"https:\/\/redenoticiaz.com.br\/litoralsp\/wp-content\/uploads\/sites\/3\/2024\/09\/Video-do-WhatsApp-de-2024-09-16-as-06.03.58_d20db145.mp4\",\"type\":\"video\/mp4\",\"title\":\"V\\u00eddeo do WhatsApp de 2024-09-16 \\u00e0(s) 06.03.58_d20db145\",\"caption\":\"\",\"description\":\"\",\"meta\":{\"length_formatted\":\"0:09\"},\"dimensions\":{\"original\":{\"width\":752,\"height\":480},\"resized\":{\"width\":640,\"height\":409}},\"image\":{\"src\":\"https:\/\/redenoticiaz.com.br\/litoralsp\/wp-includes\/images\/media\/video.svg\",\"width\":48,\"height\":64},\"thumb\":{\"src\":\"https:\/\/redenoticiaz.com.br\/litoralsp\/wp-includes\/images\/media\/video.svg\",\"width\":48,\"height\":64}},{\"src\":\"https:\/\/redenoticiaz.com.br\/litoralsp\/wp-content\/uploads\/sites\/3\/2024\/09\/Video-do-WhatsApp-de-2024-09-16-as-07.29.23_8471c133.mp4\",\"type\":\"video\/mp4\",\"title\":\"V\\u00eddeo do WhatsApp de 2024-09-16 \\u00e0(s) 07.29.23_8471c133\",\"caption\":\"\",\"description\":\"\",\"meta\":{\"length_formatted\":\"0:19\"},\"dimensions\":{\"original\":{\"width\":848,\"height\":480},\"resized\":{\"width\":640,\"height\":362}},\"image\":{\"src\":\"https:\/\/redenoticiaz.com.br\/litoralsp\/wp-includes\/images\/media\/video.svg\",\"width\":48,\"height\":64},\"thumb\":{\"src\":\"https:\/\/redenoticiaz.com.br\/litoralsp\/wp-includes\/images\/media\/video.svg\",\"width\":48,\"height\":64}}]}<\/script>\n<\/div>\n\t\n<p>&nbsp;<\/p>\n<p>LEIA MAIS<\/p>\n<p><a href=\"https:\/\/redenoticiaz.com.br\/blog\/2024\/09\/15\/mpox-jundiai-confirma-2-casos-da-doenca\">MPOX: Jundia\u00ed confirma 2 casos da doen\u00e7a<\/a><\/p>\n<p><a href=\"https:\/\/redenoticiaz.com.br\/blog\/2024\/09\/15\/dupla-e-presa-por-furto-qualificado-em-jundiai\">Dupla \u00e9 presa por furto qualificado em Jundia\u00ed<\/a><\/p>\n<p>&nbsp;<\/p>\n<p>&nbsp;<\/p>\n<p>&nbsp;<\/p>\n","protected":false},"excerpt":{"rendered":"<p>O debate para a Prefeitura de S\u00e3o Paulo, transmitido ao vivo pela TV Cultura neste domingo (15), foi marcado por um epis\u00f3dio de viol\u00eancia. Em meio a um embate acalorado entre os candidatos Jos\u00e9 Luiz Datena (PSDB) e Pablo Mar\u00e7al (PRTB), Datena agrediu fisicamente seu advers\u00e1rio, com uma cadeirada. A confus\u00e3o teve in\u00edcio ap\u00f3s Mar\u00e7al &hellip;<\/p>\n","protected":false},"author":30,"featured_media":118315,"comment_status":"open","ping_status":"closed","sticky":false,"template":"","format":"standard","meta":{"footnotes":""},"categories":[15],"tags":[34694,14256,68670],"class_list":["post-118314","post","type-post","status-publish","format-standard","has-post-thumbnail","hentry","category-politica","tag-datena","tag-debate","tag-marcal"],"yoast_head":"<!-- This site is optimized with the Yoast SEO plugin v27.5 - https:\/\/yoast.com\/product\/yoast-seo-wordpress\/ -->\n<title>V\u00cdDEO \u2014 Datena agride Mar\u00e7al em debate acalorado e \u00e9 expulso - Litoral SP<\/title>\n<meta name=\"description\" content=\"Em meio a um embate acalorado entre os candidatos Jos\u00e9 Luiz Datena (PSDB) e Pablo Mar\u00e7al (PRTB), Datena agrediu fisicamente seu advers\u00e1rio, com uma cadeirada.\" \/>\n<meta name=\"robots\" content=\"index, follow, max-snippet:-1, max-image-preview:large, max-video-preview:-1\" \/>\n<link rel=\"canonical\" href=\"https:\/\/redenoticiaz.com.br\/litoralsp\/2024\/09\/16\/video-datena-agride-marcal-em-debate-acalorado-e-e-expulso\" \/>\n<meta property=\"og:locale\" content=\"pt_BR\" \/>\n<meta property=\"og:type\" content=\"article\" \/>\n<meta property=\"og:title\" content=\"V\u00cdDEO \u2014 Datena agride Mar\u00e7al em debate acalorado e \u00e9 expulso - Litoral SP\" \/>\n<meta property=\"og:description\" content=\"Em meio a um embate acalorado entre os candidatos Jos\u00e9 Luiz Datena (PSDB) e Pablo Mar\u00e7al (PRTB), Datena agrediu fisicamente seu advers\u00e1rio, com uma cadeirada.\" \/>\n<meta property=\"og:url\" content=\"https:\/\/redenoticiaz.com.br\/litoralsp\/2024\/09\/16\/video-datena-agride-marcal-em-debate-acalorado-e-e-expulso\" \/>\n<meta property=\"og:site_name\" content=\"Litoral SP\" \/>\n<meta property=\"article:published_time\" content=\"2024-09-16T12:09:09+00:00\" \/>\n<meta property=\"article:modified_time\" content=\"2024-09-16T12:23:43+00:00\" \/>\n<meta property=\"og:image\" content=\"https:\/\/redenoticiaz.com.br\/litoralsp\/wp-content\/uploads\/sites\/3\/2024\/09\/DATENA-.jpg?v=1726488503\" \/>\n\t<meta property=\"og:image:width\" content=\"1524\" \/>\n\t<meta property=\"og:image:height\" content=\"874\" \/>\n\t<meta property=\"og:image:type\" content=\"image\/jpeg\" \/>\n<meta name=\"author\" content=\"Carina Reifonas\" \/>\n<meta name=\"twitter:card\" content=\"summary_large_image\" \/>\n<meta name=\"twitter:label1\" content=\"Escrito por\" \/>\n\t<meta name=\"twitter:data1\" content=\"Carina Reifonas\" \/>\n\t<meta name=\"twitter:label2\" content=\"Est. tempo de leitura\" \/>\n\t<meta name=\"twitter:data2\" content=\"2 minutos\" \/>\n<script type=\"application\/ld+json\" class=\"yoast-schema-graph\">{\"@context\":\"https:\\\/\\\/schema.org\",\"@graph\":[{\"@type\":\"Article\",\"@id\":\"https:\\\/\\\/redenoticiaz.com.br\\\/litoralsp\\\/2024\\\/09\\\/16\\\/video-datena-agride-marcal-em-debate-acalorado-e-e-expulso#article\",\"isPartOf\":{\"@id\":\"https:\\\/\\\/redenoticiaz.com.br\\\/litoralsp\\\/2024\\\/09\\\/16\\\/video-datena-agride-marcal-em-debate-acalorado-e-e-expulso\"},\"author\":{\"name\":\"Carina Reifonas\",\"@id\":\"https:\\\/\\\/redenoticiaz.com.br\\\/litoralsp\\\/#\\\/schema\\\/person\\\/1f84d6e94e6a62d2d81199d7503e9e90\"},\"headline\":\"V\u00cdDEO \u2014 Datena agride Mar\u00e7al em debate acalorado e \u00e9 expulso\",\"datePublished\":\"2024-09-16T12:09:09+00:00\",\"dateModified\":\"2024-09-16T12:23:43+00:00\",\"mainEntityOfPage\":{\"@id\":\"https:\\\/\\\/redenoticiaz.com.br\\\/litoralsp\\\/2024\\\/09\\\/16\\\/video-datena-agride-marcal-em-debate-acalorado-e-e-expulso\"},\"wordCount\":225,\"commentCount\":0,\"publisher\":{\"@id\":\"https:\\\/\\\/redenoticiaz.com.br\\\/litoralsp\\\/#organization\"},\"image\":{\"@id\":\"https:\\\/\\\/redenoticiaz.com.br\\\/litoralsp\\\/2024\\\/09\\\/16\\\/video-datena-agride-marcal-em-debate-acalorado-e-e-expulso#primaryimage\"},\"thumbnailUrl\":\"https:\\\/\\\/redenoticiaz.com.br\\\/litoralsp\\\/wp-content\\\/uploads\\\/sites\\\/3\\\/2024\\\/09\\\/DATENA-.jpg?v=1726488503\",\"keywords\":[\"DATENA\",\"Debate\",\"Mar\u00e7al\"],\"articleSection\":[\"Pol\u00edtica\"],\"inLanguage\":\"pt-BR\",\"potentialAction\":[{\"@type\":\"CommentAction\",\"name\":\"Comment\",\"target\":[\"https:\\\/\\\/redenoticiaz.com.br\\\/litoralsp\\\/2024\\\/09\\\/16\\\/video-datena-agride-marcal-em-debate-acalorado-e-e-expulso#respond\"]}]},{\"@type\":\"WebPage\",\"@id\":\"https:\\\/\\\/redenoticiaz.com.br\\\/litoralsp\\\/2024\\\/09\\\/16\\\/video-datena-agride-marcal-em-debate-acalorado-e-e-expulso\",\"url\":\"https:\\\/\\\/redenoticiaz.com.br\\\/litoralsp\\\/2024\\\/09\\\/16\\\/video-datena-agride-marcal-em-debate-acalorado-e-e-expulso\",\"name\":\"V\u00cdDEO \u2014 Datena agride Mar\u00e7al em debate acalorado e \u00e9 expulso - Litoral SP\",\"isPartOf\":{\"@id\":\"https:\\\/\\\/redenoticiaz.com.br\\\/litoralsp\\\/#website\"},\"primaryImageOfPage\":{\"@id\":\"https:\\\/\\\/redenoticiaz.com.br\\\/litoralsp\\\/2024\\\/09\\\/16\\\/video-datena-agride-marcal-em-debate-acalorado-e-e-expulso#primaryimage\"},\"image\":{\"@id\":\"https:\\\/\\\/redenoticiaz.com.br\\\/litoralsp\\\/2024\\\/09\\\/16\\\/video-datena-agride-marcal-em-debate-acalorado-e-e-expulso#primaryimage\"},\"thumbnailUrl\":\"https:\\\/\\\/redenoticiaz.com.br\\\/litoralsp\\\/wp-content\\\/uploads\\\/sites\\\/3\\\/2024\\\/09\\\/DATENA-.jpg?v=1726488503\",\"datePublished\":\"2024-09-16T12:09:09+00:00\",\"dateModified\":\"2024-09-16T12:23:43+00:00\",\"description\":\"Em meio a um embate acalorado entre os candidatos Jos\u00e9 Luiz Datena (PSDB) e Pablo Mar\u00e7al (PRTB), Datena agrediu fisicamente seu advers\u00e1rio, com uma cadeirada.\",\"inLanguage\":\"pt-BR\",\"potentialAction\":[{\"@type\":\"ReadAction\",\"target\":[\"https:\\\/\\\/redenoticiaz.com.br\\\/litoralsp\\\/2024\\\/09\\\/16\\\/video-datena-agride-marcal-em-debate-acalorado-e-e-expulso\"]}]},{\"@type\":\"ImageObject\",\"inLanguage\":\"pt-BR\",\"@id\":\"https:\\\/\\\/redenoticiaz.com.br\\\/litoralsp\\\/2024\\\/09\\\/16\\\/video-datena-agride-marcal-em-debate-acalorado-e-e-expulso#primaryimage\",\"url\":\"https:\\\/\\\/redenoticiaz.com.br\\\/litoralsp\\\/wp-content\\\/uploads\\\/sites\\\/3\\\/2024\\\/09\\\/DATENA-.jpg?v=1726488503\",\"contentUrl\":\"https:\\\/\\\/redenoticiaz.com.br\\\/litoralsp\\\/wp-content\\\/uploads\\\/sites\\\/3\\\/2024\\\/09\\\/DATENA-.jpg?v=1726488503\",\"width\":1524,\"height\":874},{\"@type\":\"WebSite\",\"@id\":\"https:\\\/\\\/redenoticiaz.com.br\\\/litoralsp\\\/#website\",\"url\":\"https:\\\/\\\/redenoticiaz.com.br\\\/litoralsp\\\/\",\"name\":\"Litoral SP\",\"description\":\"Rede NoticiaZ\",\"publisher\":{\"@id\":\"https:\\\/\\\/redenoticiaz.com.br\\\/litoralsp\\\/#organization\"},\"potentialAction\":[{\"@type\":\"SearchAction\",\"target\":{\"@type\":\"EntryPoint\",\"urlTemplate\":\"https:\\\/\\\/redenoticiaz.com.br\\\/litoralsp\\\/?s={search_term_string}\"},\"query-input\":{\"@type\":\"PropertyValueSpecification\",\"valueRequired\":true,\"valueName\":\"search_term_string\"}}],\"inLanguage\":\"pt-BR\"},{\"@type\":\"Organization\",\"@id\":\"https:\\\/\\\/redenoticiaz.com.br\\\/litoralsp\\\/#organization\",\"name\":\"Litoral SP\",\"url\":\"https:\\\/\\\/redenoticiaz.com.br\\\/litoralsp\\\/\",\"logo\":{\"@type\":\"ImageObject\",\"inLanguage\":\"pt-BR\",\"@id\":\"https:\\\/\\\/redenoticiaz.com.br\\\/litoralsp\\\/#\\\/schema\\\/logo\\\/image\\\/\",\"url\":\"https:\\\/\\\/redenoticiaz.com.br\\\/litoralsp\\\/wp-content\\\/uploads\\\/sites\\\/3\\\/2020\\\/11\\\/logo.jpg\",\"contentUrl\":\"https:\\\/\\\/redenoticiaz.com.br\\\/litoralsp\\\/wp-content\\\/uploads\\\/sites\\\/3\\\/2020\\\/11\\\/logo.jpg\",\"width\":400,\"height\":250,\"caption\":\"Litoral SP\"},\"image\":{\"@id\":\"https:\\\/\\\/redenoticiaz.com.br\\\/litoralsp\\\/#\\\/schema\\\/logo\\\/image\\\/\"}},{\"@type\":\"Person\",\"@id\":\"https:\\\/\\\/redenoticiaz.com.br\\\/litoralsp\\\/#\\\/schema\\\/person\\\/1f84d6e94e6a62d2d81199d7503e9e90\",\"name\":\"Carina Reifonas\",\"image\":{\"@type\":\"ImageObject\",\"inLanguage\":\"pt-BR\",\"@id\":\"https:\\\/\\\/secure.gravatar.com\\\/avatar\\\/04c59859b23696cf867715880f81d5c037e60109730bdb4e6670ec2a2245bc97?s=96&d=mm&r=g\",\"url\":\"https:\\\/\\\/secure.gravatar.com\\\/avatar\\\/04c59859b23696cf867715880f81d5c037e60109730bdb4e6670ec2a2245bc97?s=96&d=mm&r=g\",\"contentUrl\":\"https:\\\/\\\/secure.gravatar.com\\\/avatar\\\/04c59859b23696cf867715880f81d5c037e60109730bdb4e6670ec2a2245bc97?s=96&d=mm&r=g\",\"caption\":\"Carina Reifonas\"},\"url\":\"https:\\\/\\\/redenoticiaz.com.br\\\/litoralsp\\\/author\\\/carinareifonas\"}]}<\/script>\n<!-- \/ Yoast SEO plugin. -->","yoast_head_json":{"title":"V\u00cdDEO \u2014 Datena agride Mar\u00e7al em debate acalorado e \u00e9 expulso - Litoral SP","description":"Em meio a um embate acalorado entre os candidatos Jos\u00e9 Luiz Datena (PSDB) e Pablo Mar\u00e7al (PRTB), Datena agrediu fisicamente seu advers\u00e1rio, com uma cadeirada.","robots":{"index":"index","follow":"follow","max-snippet":"max-snippet:-1","max-image-preview":"max-image-preview:large","max-video-preview":"max-video-preview:-1"},"canonical":"https:\/\/redenoticiaz.com.br\/litoralsp\/2024\/09\/16\/video-datena-agride-marcal-em-debate-acalorado-e-e-expulso","og_locale":"pt_BR","og_type":"article","og_title":"V\u00cdDEO \u2014 Datena agride Mar\u00e7al em debate acalorado e \u00e9 expulso - Litoral SP","og_description":"Em meio a um embate acalorado entre os candidatos Jos\u00e9 Luiz Datena (PSDB) e Pablo Mar\u00e7al (PRTB), Datena agrediu fisicamente seu advers\u00e1rio, com uma cadeirada.","og_url":"https:\/\/redenoticiaz.com.br\/litoralsp\/2024\/09\/16\/video-datena-agride-marcal-em-debate-acalorado-e-e-expulso","og_site_name":"Litoral SP","article_published_time":"2024-09-16T12:09:09+00:00","article_modified_time":"2024-09-16T12:23:43+00:00","og_image":[{"width":1524,"height":874,"url":"https:\/\/redenoticiaz.com.br\/litoralsp\/wp-content\/uploads\/sites\/3\/2024\/09\/DATENA-.jpg?v=1726488503","type":"image\/jpeg"}],"author":"Carina Reifonas","twitter_card":"summary_large_image","twitter_misc":{"Escrito por":"Carina Reifonas","Est. tempo de leitura":"2 minutos"},"schema":{"@context":"https:\/\/schema.org","@graph":[{"@type":"Article","@id":"https:\/\/redenoticiaz.com.br\/litoralsp\/2024\/09\/16\/video-datena-agride-marcal-em-debate-acalorado-e-e-expulso#article","isPartOf":{"@id":"https:\/\/redenoticiaz.com.br\/litoralsp\/2024\/09\/16\/video-datena-agride-marcal-em-debate-acalorado-e-e-expulso"},"author":{"name":"Carina Reifonas","@id":"https:\/\/redenoticiaz.com.br\/litoralsp\/#\/schema\/person\/1f84d6e94e6a62d2d81199d7503e9e90"},"headline":"V\u00cdDEO \u2014 Datena agride Mar\u00e7al em debate acalorado e \u00e9 expulso","datePublished":"2024-09-16T12:09:09+00:00","dateModified":"2024-09-16T12:23:43+00:00","mainEntityOfPage":{"@id":"https:\/\/redenoticiaz.com.br\/litoralsp\/2024\/09\/16\/video-datena-agride-marcal-em-debate-acalorado-e-e-expulso"},"wordCount":225,"commentCount":0,"publisher":{"@id":"https:\/\/redenoticiaz.com.br\/litoralsp\/#organization"},"image":{"@id":"https:\/\/redenoticiaz.com.br\/litoralsp\/2024\/09\/16\/video-datena-agride-marcal-em-debate-acalorado-e-e-expulso#primaryimage"},"thumbnailUrl":"https:\/\/redenoticiaz.com.br\/litoralsp\/wp-content\/uploads\/sites\/3\/2024\/09\/DATENA-.jpg?v=1726488503","keywords":["DATENA","Debate","Mar\u00e7al"],"articleSection":["Pol\u00edtica"],"inLanguage":"pt-BR","potentialAction":[{"@type":"CommentAction","name":"Comment","target":["https:\/\/redenoticiaz.com.br\/litoralsp\/2024\/09\/16\/video-datena-agride-marcal-em-debate-acalorado-e-e-expulso#respond"]}]},{"@type":"WebPage","@id":"https:\/\/redenoticiaz.com.br\/litoralsp\/2024\/09\/16\/video-datena-agride-marcal-em-debate-acalorado-e-e-expulso","url":"https:\/\/redenoticiaz.com.br\/litoralsp\/2024\/09\/16\/video-datena-agride-marcal-em-debate-acalorado-e-e-expulso","name":"V\u00cdDEO \u2014 Datena agride Mar\u00e7al em debate acalorado e \u00e9 expulso - Litoral SP","isPartOf":{"@id":"https:\/\/redenoticiaz.com.br\/litoralsp\/#website"},"primaryImageOfPage":{"@id":"https:\/\/redenoticiaz.com.br\/litoralsp\/2024\/09\/16\/video-datena-agride-marcal-em-debate-acalorado-e-e-expulso#primaryimage"},"image":{"@id":"https:\/\/redenoticiaz.com.br\/litoralsp\/2024\/09\/16\/video-datena-agride-marcal-em-debate-acalorado-e-e-expulso#primaryimage"},"thumbnailUrl":"https:\/\/redenoticiaz.com.br\/litoralsp\/wp-content\/uploads\/sites\/3\/2024\/09\/DATENA-.jpg?v=1726488503","datePublished":"2024-09-16T12:09:09+00:00","dateModified":"2024-09-16T12:23:43+00:00","description":"Em meio a um embate acalorado entre os candidatos Jos\u00e9 Luiz Datena (PSDB) e Pablo Mar\u00e7al (PRTB), Datena agrediu fisicamente seu advers\u00e1rio, com uma cadeirada.","inLanguage":"pt-BR","potentialAction":[{"@type":"ReadAction","target":["https:\/\/redenoticiaz.com.br\/litoralsp\/2024\/09\/16\/video-datena-agride-marcal-em-debate-acalorado-e-e-expulso"]}]},{"@type":"ImageObject","inLanguage":"pt-BR","@id":"https:\/\/redenoticiaz.com.br\/litoralsp\/2024\/09\/16\/video-datena-agride-marcal-em-debate-acalorado-e-e-expulso#primaryimage","url":"https:\/\/redenoticiaz.com.br\/litoralsp\/wp-content\/uploads\/sites\/3\/2024\/09\/DATENA-.jpg?v=1726488503","contentUrl":"https:\/\/redenoticiaz.com.br\/litoralsp\/wp-content\/uploads\/sites\/3\/2024\/09\/DATENA-.jpg?v=1726488503","width":1524,"height":874},{"@type":"WebSite","@id":"https:\/\/redenoticiaz.com.br\/litoralsp\/#website","url":"https:\/\/redenoticiaz.com.br\/litoralsp\/","name":"Litoral SP","description":"Rede NoticiaZ","publisher":{"@id":"https:\/\/redenoticiaz.com.br\/litoralsp\/#organization"},"potentialAction":[{"@type":"SearchAction","target":{"@type":"EntryPoint","urlTemplate":"https:\/\/redenoticiaz.com.br\/litoralsp\/?s={search_term_string}"},"query-input":{"@type":"PropertyValueSpecification","valueRequired":true,"valueName":"search_term_string"}}],"inLanguage":"pt-BR"},{"@type":"Organization","@id":"https:\/\/redenoticiaz.com.br\/litoralsp\/#organization","name":"Litoral SP","url":"https:\/\/redenoticiaz.com.br\/litoralsp\/","logo":{"@type":"ImageObject","inLanguage":"pt-BR","@id":"https:\/\/redenoticiaz.com.br\/litoralsp\/#\/schema\/logo\/image\/","url":"https:\/\/redenoticiaz.com.br\/litoralsp\/wp-content\/uploads\/sites\/3\/2020\/11\/logo.jpg","contentUrl":"https:\/\/redenoticiaz.com.br\/litoralsp\/wp-content\/uploads\/sites\/3\/2020\/11\/logo.jpg","width":400,"height":250,"caption":"Litoral SP"},"image":{"@id":"https:\/\/redenoticiaz.com.br\/litoralsp\/#\/schema\/logo\/image\/"}},{"@type":"Person","@id":"https:\/\/redenoticiaz.com.br\/litoralsp\/#\/schema\/person\/1f84d6e94e6a62d2d81199d7503e9e90","name":"Carina Reifonas","image":{"@type":"ImageObject","inLanguage":"pt-BR","@id":"https:\/\/secure.gravatar.com\/avatar\/04c59859b23696cf867715880f81d5c037e60109730bdb4e6670ec2a2245bc97?s=96&d=mm&r=g","url":"https:\/\/secure.gravatar.com\/avatar\/04c59859b23696cf867715880f81d5c037e60109730bdb4e6670ec2a2245bc97?s=96&d=mm&r=g","contentUrl":"https:\/\/secure.gravatar.com\/avatar\/04c59859b23696cf867715880f81d5c037e60109730bdb4e6670ec2a2245bc97?s=96&d=mm&r=g","caption":"Carina Reifonas"},"url":"https:\/\/redenoticiaz.com.br\/litoralsp\/author\/carinareifonas"}]}},"_links":{"self":[{"href":"https:\/\/redenoticiaz.com.br\/litoralsp\/wp-json\/wp\/v2\/posts\/118314","targetHints":{"allow":["GET"]}}],"collection":[{"href":"https:\/\/redenoticiaz.com.br\/litoralsp\/wp-json\/wp\/v2\/posts"}],"about":[{"href":"https:\/\/redenoticiaz.com.br\/litoralsp\/wp-json\/wp\/v2\/types\/post"}],"author":[{"embeddable":true,"href":"https:\/\/redenoticiaz.com.br\/litoralsp\/wp-json\/wp\/v2\/users\/30"}],"replies":[{"embeddable":true,"href":"https:\/\/redenoticiaz.com.br\/litoralsp\/wp-json\/wp\/v2\/comments?post=118314"}],"version-history":[{"count":5,"href":"https:\/\/redenoticiaz.com.br\/litoralsp\/wp-json\/wp\/v2\/posts\/118314\/revisions"}],"predecessor-version":[{"id":118323,"href":"https:\/\/redenoticiaz.com.br\/litoralsp\/wp-json\/wp\/v2\/posts\/118314\/revisions\/118323"}],"wp:featuredmedia":[{"embeddable":true,"href":"https:\/\/redenoticiaz.com.br\/litoralsp\/wp-json\/wp\/v2\/media\/118315"}],"wp:attachment":[{"href":"https:\/\/redenoticiaz.com.br\/litoralsp\/wp-json\/wp\/v2\/media?parent=118314"}],"wp:term":[{"taxonomy":"category","embeddable":true,"href":"https:\/\/redenoticiaz.com.br\/litoralsp\/wp-json\/wp\/v2\/categories?post=118314"},{"taxonomy":"post_tag","embeddable":true,"href":"https:\/\/redenoticiaz.com.br\/litoralsp\/wp-json\/wp\/v2\/tags?post=118314"}],"curies":[{"name":"wp","href":"https:\/\/api.w.org\/{rel}","templated":true}]}}