{"id":118358,"date":"2024-09-17T18:36:11","date_gmt":"2024-09-17T21:36:11","guid":{"rendered":"https:\/\/redenoticiaz.com.br\/litoralsp\/?p=118358"},"modified":"2024-09-17T18:36:11","modified_gmt":"2024-09-17T21:36:11","slug":"recem-nascido-e-encontrado-dentro-de-vaso-sanitario","status":"publish","type":"post","link":"https:\/\/redenoticiaz.com.br\/litoralsp\/2024\/09\/17\/recem-nascido-e-encontrado-dentro-de-vaso-sanitario","title":{"rendered":"Rec\u00e9m-nascido \u00e9 encontrado dentro de vaso sanit\u00e1rio"},"content":{"rendered":"<div id=\"chunk-e6rnu\">\n<div class=\"mc-column content-text active-extra-styles \" data-block-type=\"unstyled\" data-block-weight=\"45\" data-block-id=\"2\">\n<p data-track-category=\"Link no Texto\" data-track-links=\"\" data-mrf-recirculation=\"Article links\">Um Rec\u00e9m-nascido foi encontrado dentro de um vaso sanit\u00e1rio na Unidade de Pronto Atendimento (UPA) Samambaia, em\u00a0Praia Grande (SP).<\/p>\n<p data-track-category=\"Link no Texto\" data-track-links=\"\" data-mrf-recirculation=\"Article links\">De acordo com as informa\u00e7\u00f5es, o beb\u00ea veio a \u00f3bito e o caso foi registrado como morte suspeita e est\u00e1 sendo investigado pela Pol\u00edcia Civil.<\/p>\n<p data-track-category=\"Link no Texto\" data-track-links=\"\" data-mrf-recirculation=\"Article links\">Ainda de acordo com as informa\u00e7\u00f5es de profissionais do local, uma gestante teria dado entrada no local com dores e ap\u00f3s exames foi ao banheiro, onde o feto foi encontrado.<\/p>\n<p data-track-category=\"Link no Texto\" data-track-links=\"\" data-mrf-recirculation=\"Article links\">Sendo assim, o rec\u00e9m-nascido estava cian\u00f3tico, ou seja, com a pele arroxeada devido \u00e0 falta de oxig\u00eanio, e sem resposta motora. Ele foi levado \u00e0 sala de emerg\u00eancia para tentativas de reanima\u00e7\u00e3o, mas morreu ap\u00f3s sofrer duas paradas card\u00edacas.<\/p>\n<p data-track-category=\"Link no Texto\" data-track-links=\"\" data-mrf-recirculation=\"Article links\">A m\u00e3e foi transferida para o Hospital Irm\u00e3 Dulce ap\u00f3s o parto.<\/p>\n<p data-track-category=\"Link no Texto\" data-track-links=\"\" data-mrf-recirculation=\"Article links\">Leia mais<\/p>\n<p data-track-category=\"Link no Texto\" data-track-links=\"\" data-mrf-recirculation=\"Article links\"><a href=\"https:\/\/redenoticiaz.com.br\/litoralsp\/2024\/09\/17\/acusado-de-matar-comerciante-apos-traicao-alega-que-cometeu-crime-para-se-defender\">Acusado de matar comerciante ap\u00f3s trai\u00e7\u00e3o alega que cometeu crime para se defender<\/a><\/p>\n<p data-track-category=\"Link no Texto\" data-track-links=\"\" data-mrf-recirculation=\"Article links\"><a href=\"https:\/\/redenoticiaz.com.br\/litoralsp\/2024\/09\/17\/bets-que-nao-pediram-autorizacao-serao-suspensas-a-partir-de-outubro\">Bets que n\u00e3o pediram autoriza\u00e7\u00e3o ser\u00e3o suspensas a partir de outubro<\/a><\/p>\n<\/div>\n<\/div>\n","protected":false},"excerpt":{"rendered":"<p>Um Rec\u00e9m-nascido foi encontrado dentro de um vaso sanit\u00e1rio na Unidade de Pronto Atendimento (UPA) Samambaia, em\u00a0Praia Grande (SP). De acordo com as informa\u00e7\u00f5es, o beb\u00ea veio a \u00f3bito e o caso foi registrado como morte suspeita e est\u00e1 sendo investigado pela Pol\u00edcia Civil. Ainda de acordo com as informa\u00e7\u00f5es de profissionais do local, uma &hellip;<\/p>\n","protected":false},"author":12,"featured_media":0,"comment_status":"open","ping_status":"closed","sticky":false,"template":"","format":"standard","meta":{"footnotes":""},"categories":[10,182],"tags":[68677,1101,14196],"class_list":["post-118358","post","type-post","status-publish","format-standard","hentry","category-policia","category-praia-grande","tag-feto-morto","tag-praia-grande","tag-ubs"],"yoast_head":"<!-- This site is optimized with the Yoast SEO plugin v27.5 - https:\/\/yoast.com\/product\/yoast-seo-wordpress\/ -->\n<title>Rec\u00e9m-nascido \u00e9 encontrado dentro de vaso sanit\u00e1rio - Litoral SP<\/title>\n<meta name=\"description\" content=\"Um Rec\u00e9m-nascido foi encontrado dentro de um vaso sanit\u00e1rio na Unidade de Pronto Atendimento (UPA) Samambaia, em\u00a0Praia Grande (SP).\" \/>\n<meta name=\"robots\" content=\"index, follow, max-snippet:-1, max-image-preview:large, max-video-preview:-1\" \/>\n<link rel=\"canonical\" href=\"https:\/\/redenoticiaz.com.br\/litoralsp\/2024\/09\/17\/recem-nascido-e-encontrado-dentro-de-vaso-sanitario\" \/>\n<meta property=\"og:locale\" content=\"pt_BR\" \/>\n<meta property=\"og:type\" content=\"article\" \/>\n<meta property=\"og:title\" content=\"Rec\u00e9m-nascido \u00e9 encontrado dentro de vaso sanit\u00e1rio - Litoral SP\" \/>\n<meta property=\"og:description\" content=\"Um Rec\u00e9m-nascido foi encontrado dentro de um vaso sanit\u00e1rio na Unidade de Pronto Atendimento (UPA) Samambaia, em\u00a0Praia Grande (SP).\" \/>\n<meta property=\"og:url\" content=\"https:\/\/redenoticiaz.com.br\/litoralsp\/2024\/09\/17\/recem-nascido-e-encontrado-dentro-de-vaso-sanitario\" \/>\n<meta property=\"og:site_name\" content=\"Litoral SP\" \/>\n<meta property=\"article:published_time\" content=\"2024-09-17T21:36:11+00:00\" \/>\n<meta name=\"author\" content=\"Gustavo Silva\" \/>\n<meta name=\"twitter:card\" content=\"summary_large_image\" \/>\n<meta name=\"twitter:label1\" content=\"Escrito por\" \/>\n\t<meta name=\"twitter:data1\" content=\"Gustavo Silva\" \/>\n\t<meta name=\"twitter:label2\" content=\"Est. tempo de leitura\" \/>\n\t<meta name=\"twitter:data2\" content=\"1 minuto\" \/>\n<script type=\"application\/ld+json\" class=\"yoast-schema-graph\">{\"@context\":\"https:\\\/\\\/schema.org\",\"@graph\":[{\"@type\":\"Article\",\"@id\":\"https:\\\/\\\/redenoticiaz.com.br\\\/litoralsp\\\/2024\\\/09\\\/17\\\/recem-nascido-e-encontrado-dentro-de-vaso-sanitario#article\",\"isPartOf\":{\"@id\":\"https:\\\/\\\/redenoticiaz.com.br\\\/litoralsp\\\/2024\\\/09\\\/17\\\/recem-nascido-e-encontrado-dentro-de-vaso-sanitario\"},\"author\":{\"name\":\"Gustavo Silva\",\"@id\":\"https:\\\/\\\/redenoticiaz.com.br\\\/litoralsp\\\/#\\\/schema\\\/person\\\/16057b37a3c0ee6b096d7f887c566e2e\"},\"headline\":\"Rec\u00e9m-nascido \u00e9 encontrado dentro de vaso sanit\u00e1rio\",\"datePublished\":\"2024-09-17T21:36:11+00:00\",\"mainEntityOfPage\":{\"@id\":\"https:\\\/\\\/redenoticiaz.com.br\\\/litoralsp\\\/2024\\\/09\\\/17\\\/recem-nascido-e-encontrado-dentro-de-vaso-sanitario\"},\"wordCount\":178,\"commentCount\":0,\"publisher\":{\"@id\":\"https:\\\/\\\/redenoticiaz.com.br\\\/litoralsp\\\/#organization\"},\"keywords\":[\"feto morto\",\"PRAIA GRANDE\",\"UBS\"],\"articleSection\":[\"Pol\u00edcia\",\"Praia Grande\"],\"inLanguage\":\"pt-BR\",\"potentialAction\":[{\"@type\":\"CommentAction\",\"name\":\"Comment\",\"target\":[\"https:\\\/\\\/redenoticiaz.com.br\\\/litoralsp\\\/2024\\\/09\\\/17\\\/recem-nascido-e-encontrado-dentro-de-vaso-sanitario#respond\"]}]},{\"@type\":\"WebPage\",\"@id\":\"https:\\\/\\\/redenoticiaz.com.br\\\/litoralsp\\\/2024\\\/09\\\/17\\\/recem-nascido-e-encontrado-dentro-de-vaso-sanitario\",\"url\":\"https:\\\/\\\/redenoticiaz.com.br\\\/litoralsp\\\/2024\\\/09\\\/17\\\/recem-nascido-e-encontrado-dentro-de-vaso-sanitario\",\"name\":\"Rec\u00e9m-nascido \u00e9 encontrado dentro de vaso sanit\u00e1rio - Litoral SP\",\"isPartOf\":{\"@id\":\"https:\\\/\\\/redenoticiaz.com.br\\\/litoralsp\\\/#website\"},\"datePublished\":\"2024-09-17T21:36:11+00:00\",\"description\":\"Um Rec\u00e9m-nascido foi encontrado dentro de um vaso sanit\u00e1rio na Unidade de Pronto Atendimento (UPA) Samambaia, em\u00a0Praia Grande (SP).\",\"inLanguage\":\"pt-BR\",\"potentialAction\":[{\"@type\":\"ReadAction\",\"target\":[\"https:\\\/\\\/redenoticiaz.com.br\\\/litoralsp\\\/2024\\\/09\\\/17\\\/recem-nascido-e-encontrado-dentro-de-vaso-sanitario\"]}]},{\"@type\":\"WebSite\",\"@id\":\"https:\\\/\\\/redenoticiaz.com.br\\\/litoralsp\\\/#website\",\"url\":\"https:\\\/\\\/redenoticiaz.com.br\\\/litoralsp\\\/\",\"name\":\"Litoral SP\",\"description\":\"Rede NoticiaZ\",\"publisher\":{\"@id\":\"https:\\\/\\\/redenoticiaz.com.br\\\/litoralsp\\\/#organization\"},\"potentialAction\":[{\"@type\":\"SearchAction\",\"target\":{\"@type\":\"EntryPoint\",\"urlTemplate\":\"https:\\\/\\\/redenoticiaz.com.br\\\/litoralsp\\\/?s={search_term_string}\"},\"query-input\":{\"@type\":\"PropertyValueSpecification\",\"valueRequired\":true,\"valueName\":\"search_term_string\"}}],\"inLanguage\":\"pt-BR\"},{\"@type\":\"Organization\",\"@id\":\"https:\\\/\\\/redenoticiaz.com.br\\\/litoralsp\\\/#organization\",\"name\":\"Litoral SP\",\"url\":\"https:\\\/\\\/redenoticiaz.com.br\\\/litoralsp\\\/\",\"logo\":{\"@type\":\"ImageObject\",\"inLanguage\":\"pt-BR\",\"@id\":\"https:\\\/\\\/redenoticiaz.com.br\\\/litoralsp\\\/#\\\/schema\\\/logo\\\/image\\\/\",\"url\":\"https:\\\/\\\/redenoticiaz.com.br\\\/litoralsp\\\/wp-content\\\/uploads\\\/sites\\\/3\\\/2020\\\/11\\\/logo.jpg\",\"contentUrl\":\"https:\\\/\\\/redenoticiaz.com.br\\\/litoralsp\\\/wp-content\\\/uploads\\\/sites\\\/3\\\/2020\\\/11\\\/logo.jpg\",\"width\":400,\"height\":250,\"caption\":\"Litoral SP\"},\"image\":{\"@id\":\"https:\\\/\\\/redenoticiaz.com.br\\\/litoralsp\\\/#\\\/schema\\\/logo\\\/image\\\/\"}},{\"@type\":\"Person\",\"@id\":\"https:\\\/\\\/redenoticiaz.com.br\\\/litoralsp\\\/#\\\/schema\\\/person\\\/16057b37a3c0ee6b096d7f887c566e2e\",\"name\":\"Gustavo Silva\",\"image\":{\"@type\":\"ImageObject\",\"inLanguage\":\"pt-BR\",\"@id\":\"https:\\\/\\\/secure.gravatar.com\\\/avatar\\\/3ee4e82f93b26de0a7cf4ea5eb7893da637ed6bb0c9170c58065944c56e28a33?s=96&d=mm&r=g\",\"url\":\"https:\\\/\\\/secure.gravatar.com\\\/avatar\\\/3ee4e82f93b26de0a7cf4ea5eb7893da637ed6bb0c9170c58065944c56e28a33?s=96&d=mm&r=g\",\"contentUrl\":\"https:\\\/\\\/secure.gravatar.com\\\/avatar\\\/3ee4e82f93b26de0a7cf4ea5eb7893da637ed6bb0c9170c58065944c56e28a33?s=96&d=mm&r=g\",\"caption\":\"Gustavo Silva\"},\"url\":\"https:\\\/\\\/redenoticiaz.com.br\\\/litoralsp\\\/author\\\/gustavosilva\"}]}<\/script>\n<!-- \/ Yoast SEO plugin. -->","yoast_head_json":{"title":"Rec\u00e9m-nascido \u00e9 encontrado dentro de vaso sanit\u00e1rio - Litoral SP","description":"Um Rec\u00e9m-nascido foi encontrado dentro de um vaso sanit\u00e1rio na Unidade de Pronto Atendimento (UPA) Samambaia, em\u00a0Praia Grande (SP).","robots":{"index":"index","follow":"follow","max-snippet":"max-snippet:-1","max-image-preview":"max-image-preview:large","max-video-preview":"max-video-preview:-1"},"canonical":"https:\/\/redenoticiaz.com.br\/litoralsp\/2024\/09\/17\/recem-nascido-e-encontrado-dentro-de-vaso-sanitario","og_locale":"pt_BR","og_type":"article","og_title":"Rec\u00e9m-nascido \u00e9 encontrado dentro de vaso sanit\u00e1rio - Litoral SP","og_description":"Um Rec\u00e9m-nascido foi encontrado dentro de um vaso sanit\u00e1rio na Unidade de Pronto Atendimento (UPA) Samambaia, em\u00a0Praia Grande (SP).","og_url":"https:\/\/redenoticiaz.com.br\/litoralsp\/2024\/09\/17\/recem-nascido-e-encontrado-dentro-de-vaso-sanitario","og_site_name":"Litoral SP","article_published_time":"2024-09-17T21:36:11+00:00","author":"Gustavo Silva","twitter_card":"summary_large_image","twitter_misc":{"Escrito por":"Gustavo Silva","Est. tempo de leitura":"1 minuto"},"schema":{"@context":"https:\/\/schema.org","@graph":[{"@type":"Article","@id":"https:\/\/redenoticiaz.com.br\/litoralsp\/2024\/09\/17\/recem-nascido-e-encontrado-dentro-de-vaso-sanitario#article","isPartOf":{"@id":"https:\/\/redenoticiaz.com.br\/litoralsp\/2024\/09\/17\/recem-nascido-e-encontrado-dentro-de-vaso-sanitario"},"author":{"name":"Gustavo Silva","@id":"https:\/\/redenoticiaz.com.br\/litoralsp\/#\/schema\/person\/16057b37a3c0ee6b096d7f887c566e2e"},"headline":"Rec\u00e9m-nascido \u00e9 encontrado dentro de vaso sanit\u00e1rio","datePublished":"2024-09-17T21:36:11+00:00","mainEntityOfPage":{"@id":"https:\/\/redenoticiaz.com.br\/litoralsp\/2024\/09\/17\/recem-nascido-e-encontrado-dentro-de-vaso-sanitario"},"wordCount":178,"commentCount":0,"publisher":{"@id":"https:\/\/redenoticiaz.com.br\/litoralsp\/#organization"},"keywords":["feto morto","PRAIA GRANDE","UBS"],"articleSection":["Pol\u00edcia","Praia Grande"],"inLanguage":"pt-BR","potentialAction":[{"@type":"CommentAction","name":"Comment","target":["https:\/\/redenoticiaz.com.br\/litoralsp\/2024\/09\/17\/recem-nascido-e-encontrado-dentro-de-vaso-sanitario#respond"]}]},{"@type":"WebPage","@id":"https:\/\/redenoticiaz.com.br\/litoralsp\/2024\/09\/17\/recem-nascido-e-encontrado-dentro-de-vaso-sanitario","url":"https:\/\/redenoticiaz.com.br\/litoralsp\/2024\/09\/17\/recem-nascido-e-encontrado-dentro-de-vaso-sanitario","name":"Rec\u00e9m-nascido \u00e9 encontrado dentro de vaso sanit\u00e1rio - Litoral SP","isPartOf":{"@id":"https:\/\/redenoticiaz.com.br\/litoralsp\/#website"},"datePublished":"2024-09-17T21:36:11+00:00","description":"Um Rec\u00e9m-nascido foi encontrado dentro de um vaso sanit\u00e1rio na Unidade de Pronto Atendimento (UPA) Samambaia, em\u00a0Praia Grande (SP).","inLanguage":"pt-BR","potentialAction":[{"@type":"ReadAction","target":["https:\/\/redenoticiaz.com.br\/litoralsp\/2024\/09\/17\/recem-nascido-e-encontrado-dentro-de-vaso-sanitario"]}]},{"@type":"WebSite","@id":"https:\/\/redenoticiaz.com.br\/litoralsp\/#website","url":"https:\/\/redenoticiaz.com.br\/litoralsp\/","name":"Litoral SP","description":"Rede NoticiaZ","publisher":{"@id":"https:\/\/redenoticiaz.com.br\/litoralsp\/#organization"},"potentialAction":[{"@type":"SearchAction","target":{"@type":"EntryPoint","urlTemplate":"https:\/\/redenoticiaz.com.br\/litoralsp\/?s={search_term_string}"},"query-input":{"@type":"PropertyValueSpecification","valueRequired":true,"valueName":"search_term_string"}}],"inLanguage":"pt-BR"},{"@type":"Organization","@id":"https:\/\/redenoticiaz.com.br\/litoralsp\/#organization","name":"Litoral SP","url":"https:\/\/redenoticiaz.com.br\/litoralsp\/","logo":{"@type":"ImageObject","inLanguage":"pt-BR","@id":"https:\/\/redenoticiaz.com.br\/litoralsp\/#\/schema\/logo\/image\/","url":"https:\/\/redenoticiaz.com.br\/litoralsp\/wp-content\/uploads\/sites\/3\/2020\/11\/logo.jpg","contentUrl":"https:\/\/redenoticiaz.com.br\/litoralsp\/wp-content\/uploads\/sites\/3\/2020\/11\/logo.jpg","width":400,"height":250,"caption":"Litoral SP"},"image":{"@id":"https:\/\/redenoticiaz.com.br\/litoralsp\/#\/schema\/logo\/image\/"}},{"@type":"Person","@id":"https:\/\/redenoticiaz.com.br\/litoralsp\/#\/schema\/person\/16057b37a3c0ee6b096d7f887c566e2e","name":"Gustavo Silva","image":{"@type":"ImageObject","inLanguage":"pt-BR","@id":"https:\/\/secure.gravatar.com\/avatar\/3ee4e82f93b26de0a7cf4ea5eb7893da637ed6bb0c9170c58065944c56e28a33?s=96&d=mm&r=g","url":"https:\/\/secure.gravatar.com\/avatar\/3ee4e82f93b26de0a7cf4ea5eb7893da637ed6bb0c9170c58065944c56e28a33?s=96&d=mm&r=g","contentUrl":"https:\/\/secure.gravatar.com\/avatar\/3ee4e82f93b26de0a7cf4ea5eb7893da637ed6bb0c9170c58065944c56e28a33?s=96&d=mm&r=g","caption":"Gustavo Silva"},"url":"https:\/\/redenoticiaz.com.br\/litoralsp\/author\/gustavosilva"}]}},"_links":{"self":[{"href":"https:\/\/redenoticiaz.com.br\/litoralsp\/wp-json\/wp\/v2\/posts\/118358","targetHints":{"allow":["GET"]}}],"collection":[{"href":"https:\/\/redenoticiaz.com.br\/litoralsp\/wp-json\/wp\/v2\/posts"}],"about":[{"href":"https:\/\/redenoticiaz.com.br\/litoralsp\/wp-json\/wp\/v2\/types\/post"}],"author":[{"embeddable":true,"href":"https:\/\/redenoticiaz.com.br\/litoralsp\/wp-json\/wp\/v2\/users\/12"}],"replies":[{"embeddable":true,"href":"https:\/\/redenoticiaz.com.br\/litoralsp\/wp-json\/wp\/v2\/comments?post=118358"}],"version-history":[{"count":1,"href":"https:\/\/redenoticiaz.com.br\/litoralsp\/wp-json\/wp\/v2\/posts\/118358\/revisions"}],"predecessor-version":[{"id":118359,"href":"https:\/\/redenoticiaz.com.br\/litoralsp\/wp-json\/wp\/v2\/posts\/118358\/revisions\/118359"}],"wp:attachment":[{"href":"https:\/\/redenoticiaz.com.br\/litoralsp\/wp-json\/wp\/v2\/media?parent=118358"}],"wp:term":[{"taxonomy":"category","embeddable":true,"href":"https:\/\/redenoticiaz.com.br\/litoralsp\/wp-json\/wp\/v2\/categories?post=118358"},{"taxonomy":"post_tag","embeddable":true,"href":"https:\/\/redenoticiaz.com.br\/litoralsp\/wp-json\/wp\/v2\/tags?post=118358"}],"curies":[{"name":"wp","href":"https:\/\/api.w.org\/{rel}","templated":true}]}}