{"id":118379,"date":"2024-09-18T19:40:08","date_gmt":"2024-09-18T22:40:08","guid":{"rendered":"https:\/\/redenoticiaz.com.br\/litoralsp\/?p=118379"},"modified":"2024-09-18T19:11:40","modified_gmt":"2024-09-18T22:11:40","slug":"morte-de-ex-vereador-em-sao-vicente-teve-mais-de-dez-tiros-de-armas-diferentes","status":"publish","type":"post","link":"https:\/\/redenoticiaz.com.br\/litoralsp\/2024\/09\/18\/morte-de-ex-vereador-em-sao-vicente-teve-mais-de-dez-tiros-de-armas-diferentes","title":{"rendered":"Morte de ex-vereador em s\u00e3o vicente teve mais de dez tiros de armas diferentes"},"content":{"rendered":"<p>A execu\u00e7\u00e3o do ex-vereador de s\u00e3o vicente, marcelo correia, de 51 anos, teve 15 disparos de dois tipos de armas de fogo diferentes, de acordo com o boletim de ocorr\u00eancia do caso, obtido pela imprensa. Correia foi assassinado na tarde de ontem, momento em que estava em uma padaria localizada no bairro da vila margarida.<\/p>\n<p>O boletim narra que, na cena do crime, policiais militares que foram acionados ao local identificaram seis estojos de muni\u00e7\u00f5es de fuzil e nove de pistola. As muni\u00e7\u00f5es deflagradas estavam pr\u00f3ximas ao corpo da v\u00edtima, que foi atingida por diversos disparos.<\/p>\n<p>Os autores dos tiros ainda n\u00e3o foram identificados, mas, conforme o documento policial, testemunhas que estavam no estabelecimento relataram que, por volta das 16h30, um carro branco parou em frente ao local. Em seguida, o motorista e o passageiro do lado esquerdo desembarcaram e abriram fogo contra marcelo, que n\u00e3o resistiu aos ferimentos e morreu no local.<\/p>\n<p>O homic\u00eddio foi registrado e ser\u00e1 investigado pelo 2\u00ba distrito policial de s\u00e3o Vicente.<\/p>\n<p>Leia mais<\/p>\n<p><a href=\"https:\/\/redenoticiaz.com.br\/litoralsp\/2024\/09\/18\/anatel-diz-que-verifica-relatos-de-acesso-a-rede-social-x\">Anatel diz que verifica relatos de acesso \u00e0 rede social X<\/a><\/p>\n<p><a href=\"https:\/\/redenoticiaz.com.br\/litoralsp\/2024\/09\/18\/secretario-que-matou-mae-e-cachorro-foi-denunciado-por-estupro\">Secret\u00e1rio que matou m\u00e3e e cachorro foi denunciado por estupro<\/a><\/p>\n","protected":false},"excerpt":{"rendered":"<p>A execu\u00e7\u00e3o do ex-vereador de s\u00e3o vicente, marcelo correia, de 51 anos, teve 15 disparos de dois tipos de armas de fogo diferentes, de acordo com o boletim de ocorr\u00eancia do caso, obtido pela imprensa. Correia foi assassinado na tarde de ontem, momento em que estava em uma padaria localizada no bairro da vila margarida. &hellip;<\/p>\n","protected":false},"author":12,"featured_media":118380,"comment_status":"open","ping_status":"closed","sticky":false,"template":"","format":"standard","meta":{"footnotes":""},"categories":[10,181],"tags":[10165,6426,33],"class_list":["post-118379","post","type-post","status-publish","format-standard","has-post-thumbnail","hentry","category-policia","category-sao-vicente","tag-ex-vereador","tag-guaruja-2","tag-sao-vicente"],"yoast_head":"<!-- This site is optimized with the Yoast SEO plugin v27.5 - https:\/\/yoast.com\/product\/yoast-seo-wordpress\/ -->\n<title>Morte de ex-vereador em s\u00e3o vicente teve mais de dez tiros de armas diferentes - Litoral SP<\/title>\n<meta name=\"description\" content=\"O boletim narra que, na cena do crime, policiais militares que foram acionados ao local identificaram seis estojos de muni\u00e7\u00f5es de fuzil e nove de pistola.\" \/>\n<meta name=\"robots\" content=\"index, follow, max-snippet:-1, max-image-preview:large, max-video-preview:-1\" \/>\n<link rel=\"canonical\" href=\"https:\/\/redenoticiaz.com.br\/litoralsp\/2024\/09\/18\/morte-de-ex-vereador-em-sao-vicente-teve-mais-de-dez-tiros-de-armas-diferentes\" \/>\n<meta property=\"og:locale\" content=\"pt_BR\" \/>\n<meta property=\"og:type\" content=\"article\" \/>\n<meta property=\"og:title\" content=\"Morte de ex-vereador em s\u00e3o vicente teve mais de dez tiros de armas diferentes - Litoral SP\" \/>\n<meta property=\"og:description\" content=\"O boletim narra que, na cena do crime, policiais militares que foram acionados ao local identificaram seis estojos de muni\u00e7\u00f5es de fuzil e nove de pistola.\" \/>\n<meta property=\"og:url\" content=\"https:\/\/redenoticiaz.com.br\/litoralsp\/2024\/09\/18\/morte-de-ex-vereador-em-sao-vicente-teve-mais-de-dez-tiros-de-armas-diferentes\" \/>\n<meta property=\"og:site_name\" content=\"Litoral SP\" \/>\n<meta property=\"article:published_time\" content=\"2024-09-18T22:40:08+00:00\" \/>\n<meta property=\"og:image\" content=\"https:\/\/redenoticiaz.com.br\/litoralsp\/wp-content\/uploads\/sites\/3\/2024\/09\/dvdvd.jpg\" \/>\n\t<meta property=\"og:image:width\" content=\"685\" \/>\n\t<meta property=\"og:image:height\" content=\"497\" \/>\n\t<meta property=\"og:image:type\" content=\"image\/jpeg\" \/>\n<meta name=\"author\" content=\"Gustavo Silva\" \/>\n<meta name=\"twitter:card\" content=\"summary_large_image\" \/>\n<meta name=\"twitter:label1\" content=\"Escrito por\" \/>\n\t<meta name=\"twitter:data1\" content=\"Gustavo Silva\" \/>\n\t<meta name=\"twitter:label2\" content=\"Est. tempo de leitura\" \/>\n\t<meta name=\"twitter:data2\" content=\"2 minutos\" \/>\n<script type=\"application\/ld+json\" class=\"yoast-schema-graph\">{\"@context\":\"https:\\\/\\\/schema.org\",\"@graph\":[{\"@type\":\"Article\",\"@id\":\"https:\\\/\\\/redenoticiaz.com.br\\\/litoralsp\\\/2024\\\/09\\\/18\\\/morte-de-ex-vereador-em-sao-vicente-teve-mais-de-dez-tiros-de-armas-diferentes#article\",\"isPartOf\":{\"@id\":\"https:\\\/\\\/redenoticiaz.com.br\\\/litoralsp\\\/2024\\\/09\\\/18\\\/morte-de-ex-vereador-em-sao-vicente-teve-mais-de-dez-tiros-de-armas-diferentes\"},\"author\":{\"name\":\"Gustavo Silva\",\"@id\":\"https:\\\/\\\/redenoticiaz.com.br\\\/litoralsp\\\/#\\\/schema\\\/person\\\/16057b37a3c0ee6b096d7f887c566e2e\"},\"headline\":\"Morte de ex-vereador em s\u00e3o vicente teve mais de dez tiros de armas diferentes\",\"datePublished\":\"2024-09-18T22:40:08+00:00\",\"mainEntityOfPage\":{\"@id\":\"https:\\\/\\\/redenoticiaz.com.br\\\/litoralsp\\\/2024\\\/09\\\/18\\\/morte-de-ex-vereador-em-sao-vicente-teve-mais-de-dez-tiros-de-armas-diferentes\"},\"wordCount\":214,\"commentCount\":0,\"publisher\":{\"@id\":\"https:\\\/\\\/redenoticiaz.com.br\\\/litoralsp\\\/#organization\"},\"image\":{\"@id\":\"https:\\\/\\\/redenoticiaz.com.br\\\/litoralsp\\\/2024\\\/09\\\/18\\\/morte-de-ex-vereador-em-sao-vicente-teve-mais-de-dez-tiros-de-armas-diferentes#primaryimage\"},\"thumbnailUrl\":\"https:\\\/\\\/redenoticiaz.com.br\\\/litoralsp\\\/wp-content\\\/uploads\\\/sites\\\/3\\\/2024\\\/09\\\/dvdvd.jpg\",\"keywords\":[\"EX-VEREADOR\",\"Guaruj\u00e1\",\"S\u00e3o Vicente\"],\"articleSection\":[\"Pol\u00edcia\",\"S\u00e3o Vicente\"],\"inLanguage\":\"pt-BR\",\"potentialAction\":[{\"@type\":\"CommentAction\",\"name\":\"Comment\",\"target\":[\"https:\\\/\\\/redenoticiaz.com.br\\\/litoralsp\\\/2024\\\/09\\\/18\\\/morte-de-ex-vereador-em-sao-vicente-teve-mais-de-dez-tiros-de-armas-diferentes#respond\"]}]},{\"@type\":\"WebPage\",\"@id\":\"https:\\\/\\\/redenoticiaz.com.br\\\/litoralsp\\\/2024\\\/09\\\/18\\\/morte-de-ex-vereador-em-sao-vicente-teve-mais-de-dez-tiros-de-armas-diferentes\",\"url\":\"https:\\\/\\\/redenoticiaz.com.br\\\/litoralsp\\\/2024\\\/09\\\/18\\\/morte-de-ex-vereador-em-sao-vicente-teve-mais-de-dez-tiros-de-armas-diferentes\",\"name\":\"Morte de ex-vereador em s\u00e3o vicente teve mais de dez tiros de armas diferentes - Litoral SP\",\"isPartOf\":{\"@id\":\"https:\\\/\\\/redenoticiaz.com.br\\\/litoralsp\\\/#website\"},\"primaryImageOfPage\":{\"@id\":\"https:\\\/\\\/redenoticiaz.com.br\\\/litoralsp\\\/2024\\\/09\\\/18\\\/morte-de-ex-vereador-em-sao-vicente-teve-mais-de-dez-tiros-de-armas-diferentes#primaryimage\"},\"image\":{\"@id\":\"https:\\\/\\\/redenoticiaz.com.br\\\/litoralsp\\\/2024\\\/09\\\/18\\\/morte-de-ex-vereador-em-sao-vicente-teve-mais-de-dez-tiros-de-armas-diferentes#primaryimage\"},\"thumbnailUrl\":\"https:\\\/\\\/redenoticiaz.com.br\\\/litoralsp\\\/wp-content\\\/uploads\\\/sites\\\/3\\\/2024\\\/09\\\/dvdvd.jpg\",\"datePublished\":\"2024-09-18T22:40:08+00:00\",\"description\":\"O boletim narra que, na cena do crime, policiais militares que foram acionados ao local identificaram seis estojos de muni\u00e7\u00f5es de fuzil e nove de pistola.\",\"inLanguage\":\"pt-BR\",\"potentialAction\":[{\"@type\":\"ReadAction\",\"target\":[\"https:\\\/\\\/redenoticiaz.com.br\\\/litoralsp\\\/2024\\\/09\\\/18\\\/morte-de-ex-vereador-em-sao-vicente-teve-mais-de-dez-tiros-de-armas-diferentes\"]}]},{\"@type\":\"ImageObject\",\"inLanguage\":\"pt-BR\",\"@id\":\"https:\\\/\\\/redenoticiaz.com.br\\\/litoralsp\\\/2024\\\/09\\\/18\\\/morte-de-ex-vereador-em-sao-vicente-teve-mais-de-dez-tiros-de-armas-diferentes#primaryimage\",\"url\":\"https:\\\/\\\/redenoticiaz.com.br\\\/litoralsp\\\/wp-content\\\/uploads\\\/sites\\\/3\\\/2024\\\/09\\\/dvdvd.jpg\",\"contentUrl\":\"https:\\\/\\\/redenoticiaz.com.br\\\/litoralsp\\\/wp-content\\\/uploads\\\/sites\\\/3\\\/2024\\\/09\\\/dvdvd.jpg\",\"width\":685,\"height\":497},{\"@type\":\"WebSite\",\"@id\":\"https:\\\/\\\/redenoticiaz.com.br\\\/litoralsp\\\/#website\",\"url\":\"https:\\\/\\\/redenoticiaz.com.br\\\/litoralsp\\\/\",\"name\":\"Litoral SP\",\"description\":\"Rede NoticiaZ\",\"publisher\":{\"@id\":\"https:\\\/\\\/redenoticiaz.com.br\\\/litoralsp\\\/#organization\"},\"potentialAction\":[{\"@type\":\"SearchAction\",\"target\":{\"@type\":\"EntryPoint\",\"urlTemplate\":\"https:\\\/\\\/redenoticiaz.com.br\\\/litoralsp\\\/?s={search_term_string}\"},\"query-input\":{\"@type\":\"PropertyValueSpecification\",\"valueRequired\":true,\"valueName\":\"search_term_string\"}}],\"inLanguage\":\"pt-BR\"},{\"@type\":\"Organization\",\"@id\":\"https:\\\/\\\/redenoticiaz.com.br\\\/litoralsp\\\/#organization\",\"name\":\"Litoral SP\",\"url\":\"https:\\\/\\\/redenoticiaz.com.br\\\/litoralsp\\\/\",\"logo\":{\"@type\":\"ImageObject\",\"inLanguage\":\"pt-BR\",\"@id\":\"https:\\\/\\\/redenoticiaz.com.br\\\/litoralsp\\\/#\\\/schema\\\/logo\\\/image\\\/\",\"url\":\"https:\\\/\\\/redenoticiaz.com.br\\\/litoralsp\\\/wp-content\\\/uploads\\\/sites\\\/3\\\/2020\\\/11\\\/logo.jpg\",\"contentUrl\":\"https:\\\/\\\/redenoticiaz.com.br\\\/litoralsp\\\/wp-content\\\/uploads\\\/sites\\\/3\\\/2020\\\/11\\\/logo.jpg\",\"width\":400,\"height\":250,\"caption\":\"Litoral SP\"},\"image\":{\"@id\":\"https:\\\/\\\/redenoticiaz.com.br\\\/litoralsp\\\/#\\\/schema\\\/logo\\\/image\\\/\"}},{\"@type\":\"Person\",\"@id\":\"https:\\\/\\\/redenoticiaz.com.br\\\/litoralsp\\\/#\\\/schema\\\/person\\\/16057b37a3c0ee6b096d7f887c566e2e\",\"name\":\"Gustavo Silva\",\"image\":{\"@type\":\"ImageObject\",\"inLanguage\":\"pt-BR\",\"@id\":\"https:\\\/\\\/secure.gravatar.com\\\/avatar\\\/3ee4e82f93b26de0a7cf4ea5eb7893da637ed6bb0c9170c58065944c56e28a33?s=96&d=mm&r=g\",\"url\":\"https:\\\/\\\/secure.gravatar.com\\\/avatar\\\/3ee4e82f93b26de0a7cf4ea5eb7893da637ed6bb0c9170c58065944c56e28a33?s=96&d=mm&r=g\",\"contentUrl\":\"https:\\\/\\\/secure.gravatar.com\\\/avatar\\\/3ee4e82f93b26de0a7cf4ea5eb7893da637ed6bb0c9170c58065944c56e28a33?s=96&d=mm&r=g\",\"caption\":\"Gustavo Silva\"},\"url\":\"https:\\\/\\\/redenoticiaz.com.br\\\/litoralsp\\\/author\\\/gustavosilva\"}]}<\/script>\n<!-- \/ Yoast SEO plugin. -->","yoast_head_json":{"title":"Morte de ex-vereador em s\u00e3o vicente teve mais de dez tiros de armas diferentes - Litoral SP","description":"O boletim narra que, na cena do crime, policiais militares que foram acionados ao local identificaram seis estojos de muni\u00e7\u00f5es de fuzil e nove de pistola.","robots":{"index":"index","follow":"follow","max-snippet":"max-snippet:-1","max-image-preview":"max-image-preview:large","max-video-preview":"max-video-preview:-1"},"canonical":"https:\/\/redenoticiaz.com.br\/litoralsp\/2024\/09\/18\/morte-de-ex-vereador-em-sao-vicente-teve-mais-de-dez-tiros-de-armas-diferentes","og_locale":"pt_BR","og_type":"article","og_title":"Morte de ex-vereador em s\u00e3o vicente teve mais de dez tiros de armas diferentes - Litoral SP","og_description":"O boletim narra que, na cena do crime, policiais militares que foram acionados ao local identificaram seis estojos de muni\u00e7\u00f5es de fuzil e nove de pistola.","og_url":"https:\/\/redenoticiaz.com.br\/litoralsp\/2024\/09\/18\/morte-de-ex-vereador-em-sao-vicente-teve-mais-de-dez-tiros-de-armas-diferentes","og_site_name":"Litoral SP","article_published_time":"2024-09-18T22:40:08+00:00","og_image":[{"width":685,"height":497,"url":"https:\/\/redenoticiaz.com.br\/litoralsp\/wp-content\/uploads\/sites\/3\/2024\/09\/dvdvd.jpg","type":"image\/jpeg"}],"author":"Gustavo Silva","twitter_card":"summary_large_image","twitter_misc":{"Escrito por":"Gustavo Silva","Est. tempo de leitura":"2 minutos"},"schema":{"@context":"https:\/\/schema.org","@graph":[{"@type":"Article","@id":"https:\/\/redenoticiaz.com.br\/litoralsp\/2024\/09\/18\/morte-de-ex-vereador-em-sao-vicente-teve-mais-de-dez-tiros-de-armas-diferentes#article","isPartOf":{"@id":"https:\/\/redenoticiaz.com.br\/litoralsp\/2024\/09\/18\/morte-de-ex-vereador-em-sao-vicente-teve-mais-de-dez-tiros-de-armas-diferentes"},"author":{"name":"Gustavo Silva","@id":"https:\/\/redenoticiaz.com.br\/litoralsp\/#\/schema\/person\/16057b37a3c0ee6b096d7f887c566e2e"},"headline":"Morte de ex-vereador em s\u00e3o vicente teve mais de dez tiros de armas diferentes","datePublished":"2024-09-18T22:40:08+00:00","mainEntityOfPage":{"@id":"https:\/\/redenoticiaz.com.br\/litoralsp\/2024\/09\/18\/morte-de-ex-vereador-em-sao-vicente-teve-mais-de-dez-tiros-de-armas-diferentes"},"wordCount":214,"commentCount":0,"publisher":{"@id":"https:\/\/redenoticiaz.com.br\/litoralsp\/#organization"},"image":{"@id":"https:\/\/redenoticiaz.com.br\/litoralsp\/2024\/09\/18\/morte-de-ex-vereador-em-sao-vicente-teve-mais-de-dez-tiros-de-armas-diferentes#primaryimage"},"thumbnailUrl":"https:\/\/redenoticiaz.com.br\/litoralsp\/wp-content\/uploads\/sites\/3\/2024\/09\/dvdvd.jpg","keywords":["EX-VEREADOR","Guaruj\u00e1","S\u00e3o Vicente"],"articleSection":["Pol\u00edcia","S\u00e3o Vicente"],"inLanguage":"pt-BR","potentialAction":[{"@type":"CommentAction","name":"Comment","target":["https:\/\/redenoticiaz.com.br\/litoralsp\/2024\/09\/18\/morte-de-ex-vereador-em-sao-vicente-teve-mais-de-dez-tiros-de-armas-diferentes#respond"]}]},{"@type":"WebPage","@id":"https:\/\/redenoticiaz.com.br\/litoralsp\/2024\/09\/18\/morte-de-ex-vereador-em-sao-vicente-teve-mais-de-dez-tiros-de-armas-diferentes","url":"https:\/\/redenoticiaz.com.br\/litoralsp\/2024\/09\/18\/morte-de-ex-vereador-em-sao-vicente-teve-mais-de-dez-tiros-de-armas-diferentes","name":"Morte de ex-vereador em s\u00e3o vicente teve mais de dez tiros de armas diferentes - Litoral SP","isPartOf":{"@id":"https:\/\/redenoticiaz.com.br\/litoralsp\/#website"},"primaryImageOfPage":{"@id":"https:\/\/redenoticiaz.com.br\/litoralsp\/2024\/09\/18\/morte-de-ex-vereador-em-sao-vicente-teve-mais-de-dez-tiros-de-armas-diferentes#primaryimage"},"image":{"@id":"https:\/\/redenoticiaz.com.br\/litoralsp\/2024\/09\/18\/morte-de-ex-vereador-em-sao-vicente-teve-mais-de-dez-tiros-de-armas-diferentes#primaryimage"},"thumbnailUrl":"https:\/\/redenoticiaz.com.br\/litoralsp\/wp-content\/uploads\/sites\/3\/2024\/09\/dvdvd.jpg","datePublished":"2024-09-18T22:40:08+00:00","description":"O boletim narra que, na cena do crime, policiais militares que foram acionados ao local identificaram seis estojos de muni\u00e7\u00f5es de fuzil e nove de pistola.","inLanguage":"pt-BR","potentialAction":[{"@type":"ReadAction","target":["https:\/\/redenoticiaz.com.br\/litoralsp\/2024\/09\/18\/morte-de-ex-vereador-em-sao-vicente-teve-mais-de-dez-tiros-de-armas-diferentes"]}]},{"@type":"ImageObject","inLanguage":"pt-BR","@id":"https:\/\/redenoticiaz.com.br\/litoralsp\/2024\/09\/18\/morte-de-ex-vereador-em-sao-vicente-teve-mais-de-dez-tiros-de-armas-diferentes#primaryimage","url":"https:\/\/redenoticiaz.com.br\/litoralsp\/wp-content\/uploads\/sites\/3\/2024\/09\/dvdvd.jpg","contentUrl":"https:\/\/redenoticiaz.com.br\/litoralsp\/wp-content\/uploads\/sites\/3\/2024\/09\/dvdvd.jpg","width":685,"height":497},{"@type":"WebSite","@id":"https:\/\/redenoticiaz.com.br\/litoralsp\/#website","url":"https:\/\/redenoticiaz.com.br\/litoralsp\/","name":"Litoral SP","description":"Rede NoticiaZ","publisher":{"@id":"https:\/\/redenoticiaz.com.br\/litoralsp\/#organization"},"potentialAction":[{"@type":"SearchAction","target":{"@type":"EntryPoint","urlTemplate":"https:\/\/redenoticiaz.com.br\/litoralsp\/?s={search_term_string}"},"query-input":{"@type":"PropertyValueSpecification","valueRequired":true,"valueName":"search_term_string"}}],"inLanguage":"pt-BR"},{"@type":"Organization","@id":"https:\/\/redenoticiaz.com.br\/litoralsp\/#organization","name":"Litoral SP","url":"https:\/\/redenoticiaz.com.br\/litoralsp\/","logo":{"@type":"ImageObject","inLanguage":"pt-BR","@id":"https:\/\/redenoticiaz.com.br\/litoralsp\/#\/schema\/logo\/image\/","url":"https:\/\/redenoticiaz.com.br\/litoralsp\/wp-content\/uploads\/sites\/3\/2020\/11\/logo.jpg","contentUrl":"https:\/\/redenoticiaz.com.br\/litoralsp\/wp-content\/uploads\/sites\/3\/2020\/11\/logo.jpg","width":400,"height":250,"caption":"Litoral SP"},"image":{"@id":"https:\/\/redenoticiaz.com.br\/litoralsp\/#\/schema\/logo\/image\/"}},{"@type":"Person","@id":"https:\/\/redenoticiaz.com.br\/litoralsp\/#\/schema\/person\/16057b37a3c0ee6b096d7f887c566e2e","name":"Gustavo Silva","image":{"@type":"ImageObject","inLanguage":"pt-BR","@id":"https:\/\/secure.gravatar.com\/avatar\/3ee4e82f93b26de0a7cf4ea5eb7893da637ed6bb0c9170c58065944c56e28a33?s=96&d=mm&r=g","url":"https:\/\/secure.gravatar.com\/avatar\/3ee4e82f93b26de0a7cf4ea5eb7893da637ed6bb0c9170c58065944c56e28a33?s=96&d=mm&r=g","contentUrl":"https:\/\/secure.gravatar.com\/avatar\/3ee4e82f93b26de0a7cf4ea5eb7893da637ed6bb0c9170c58065944c56e28a33?s=96&d=mm&r=g","caption":"Gustavo Silva"},"url":"https:\/\/redenoticiaz.com.br\/litoralsp\/author\/gustavosilva"}]}},"_links":{"self":[{"href":"https:\/\/redenoticiaz.com.br\/litoralsp\/wp-json\/wp\/v2\/posts\/118379","targetHints":{"allow":["GET"]}}],"collection":[{"href":"https:\/\/redenoticiaz.com.br\/litoralsp\/wp-json\/wp\/v2\/posts"}],"about":[{"href":"https:\/\/redenoticiaz.com.br\/litoralsp\/wp-json\/wp\/v2\/types\/post"}],"author":[{"embeddable":true,"href":"https:\/\/redenoticiaz.com.br\/litoralsp\/wp-json\/wp\/v2\/users\/12"}],"replies":[{"embeddable":true,"href":"https:\/\/redenoticiaz.com.br\/litoralsp\/wp-json\/wp\/v2\/comments?post=118379"}],"version-history":[{"count":1,"href":"https:\/\/redenoticiaz.com.br\/litoralsp\/wp-json\/wp\/v2\/posts\/118379\/revisions"}],"predecessor-version":[{"id":118381,"href":"https:\/\/redenoticiaz.com.br\/litoralsp\/wp-json\/wp\/v2\/posts\/118379\/revisions\/118381"}],"wp:featuredmedia":[{"embeddable":true,"href":"https:\/\/redenoticiaz.com.br\/litoralsp\/wp-json\/wp\/v2\/media\/118380"}],"wp:attachment":[{"href":"https:\/\/redenoticiaz.com.br\/litoralsp\/wp-json\/wp\/v2\/media?parent=118379"}],"wp:term":[{"taxonomy":"category","embeddable":true,"href":"https:\/\/redenoticiaz.com.br\/litoralsp\/wp-json\/wp\/v2\/categories?post=118379"},{"taxonomy":"post_tag","embeddable":true,"href":"https:\/\/redenoticiaz.com.br\/litoralsp\/wp-json\/wp\/v2\/tags?post=118379"}],"curies":[{"name":"wp","href":"https:\/\/api.w.org\/{rel}","templated":true}]}}