{"id":118490,"date":"2024-09-24T19:30:02","date_gmt":"2024-09-24T22:30:02","guid":{"rendered":"https:\/\/redenoticiaz.com.br\/litoralsp\/?p=118490"},"modified":"2024-09-24T18:22:51","modified_gmt":"2024-09-24T21:22:51","slug":"dupla-e-presa-por-tentativa-de-latrocinio-contra-um-guarda-civil","status":"publish","type":"post","link":"https:\/\/redenoticiaz.com.br\/litoralsp\/2024\/09\/24\/dupla-e-presa-por-tentativa-de-latrocinio-contra-um-guarda-civil","title":{"rendered":"Dupla \u00e9 presa por tentativa de latroc\u00ednio contra um guarda civil"},"content":{"rendered":"<div id=\"chunk-f7a0s\">\n<div class=\"mc-column content-text active-extra-styles \" data-block-type=\"unstyled\" data-block-weight=\"38\" data-block-id=\"2\">\n<p data-track-category=\"Link no Texto\" data-track-links=\"\" data-mrf-recirculation=\"Article links\">Uma dupla foi presa por tentativa de latroc\u00ednio contra um guarda civil municipal da cidade de Itanha\u00e9m.<\/p>\n<p data-track-category=\"Link no Texto\" data-track-links=\"\" data-mrf-recirculation=\"Article links\">De acordo com as informa\u00e7\u00f5es, os suspeitos de 20 e 25 anos conseguiram atingir a v\u00edtima com um tiro no ombro.<\/p>\n<p data-track-category=\"Link no Texto\" data-track-links=\"\" data-mrf-recirculation=\"Article links\">Ainda de acordo com as informa\u00e7\u00f5es, o caso aconteceu no \u00faltimo dia 17 de julho deste ano, no bairro Suar\u00e3o.<\/p>\n<p data-track-category=\"Link no Texto\" data-track-links=\"\" data-mrf-recirculation=\"Article links\">O guarda foi surpreendido por um homem, de 20 anos, que ao anunciar o assalto e perceber que se tratava de um guarda, efetuou dois disparos, atingindo o ombro da v\u00edtima.<\/p>\n<\/div>\n<\/div>\n<div class=\"wall protected-content\">\n<div id=\"chunk-72tj3\">\n<div class=\"mc-column content-text active-extra-styles \" data-block-type=\"unstyled\" data-block-weight=\"52\" data-block-id=\"5\">\n<p class=\" content-text__container \" data-track-category=\"Link no Texto\" data-track-links=\"\" data-mrf-recirculation=\"Article links\">O agente conseguiu desviar de outros disparos ao segurar a arma do suspeito. O criminoso fugiu em um carro junto com um comparsa.<\/p>\n<p data-track-category=\"Link no Texto\" data-track-links=\"\" data-mrf-recirculation=\"Article links\">Sendo assim, no\u00a0\u00faltimo s\u00e1bado (21), os investigadores localizaram o segundo suspeito, de 20 anos, no bairro Balne\u00e1rio Itagua\u00ed. Ele foi conduzido \u00e0 delegacia, interrogado e tamb\u00e9m permaneceu preso.<\/p>\n<div id=\"chunk-859hk\">\n<div class=\"mc-column content-text active-extra-styles \" data-block-type=\"unstyled\" data-block-weight=\"34\" data-block-id=\"8\">\n<p class=\" content-text__container \" data-track-category=\"Link no Texto\" data-track-links=\"\" data-mrf-recirculation=\"Article links\">Leia mais<\/p>\n<p data-track-category=\"Link no Texto\" data-track-links=\"\" data-mrf-recirculation=\"Article links\"><a href=\"https:\/\/redenoticiaz.com.br\/litoralsp\/2024\/09\/11\/corpo-de-jovem-de-19-anos-e-encontrado-por-pescadores-em-itanhaem\">Corpo de jovem de 19 anos \u00e9 encontrado por pescadores em Itanha\u00e9m<\/a><\/p>\n<p data-track-category=\"Link no Texto\" data-track-links=\"\" data-mrf-recirculation=\"Article links\"><a href=\"https:\/\/redenoticiaz.com.br\/litoralsp\/2024\/09\/24\/deolane-bezerra-e-solta-apos-conseguir-habeas-corpus\">V\u00cdDEO \u2013 A\u00e7\u00e3o do GATE evita morte de homem<\/a><\/p>\n<\/div>\n<\/div>\n<\/div>\n<\/div>\n<\/div>\n","protected":false},"excerpt":{"rendered":"<p>Uma dupla foi presa por tentativa de latroc\u00ednio contra um guarda civil municipal da cidade de Itanha\u00e9m. De acordo com as informa\u00e7\u00f5es, os suspeitos de 20 e 25 anos conseguiram atingir a v\u00edtima com um tiro no ombro. Ainda de acordo com as informa\u00e7\u00f5es, o caso aconteceu no \u00faltimo dia 17 de julho deste ano, &hellip;<\/p>\n","protected":false},"author":12,"featured_media":117751,"comment_status":"open","ping_status":"closed","sticky":false,"template":"","format":"standard","meta":{"footnotes":""},"categories":[184,10],"tags":[3728,1068,62014],"class_list":["post-118490","post","type-post","status-publish","format-standard","has-post-thumbnail","hentry","category-itanhaem","category-policia","tag-dupla","tag-itanhaem","tag-suarao"],"yoast_head":"<!-- This site is optimized with the Yoast SEO plugin v27.4 - https:\/\/yoast.com\/product\/yoast-seo-wordpress\/ -->\n<title>Dupla \u00e9 presa por tentativa de latroc\u00ednio contra um guarda civil - Litoral SP<\/title>\n<meta name=\"description\" content=\"Uma dupla foi presa por tentativa de latroc\u00ednio contra um guarda civil municipal da cidade de Itanha\u00e9m.\" \/>\n<meta name=\"robots\" content=\"index, follow, max-snippet:-1, max-image-preview:large, max-video-preview:-1\" \/>\n<link rel=\"canonical\" href=\"https:\/\/redenoticiaz.com.br\/litoralsp\/2024\/09\/24\/dupla-e-presa-por-tentativa-de-latrocinio-contra-um-guarda-civil\" \/>\n<meta property=\"og:locale\" content=\"pt_BR\" \/>\n<meta property=\"og:type\" content=\"article\" \/>\n<meta property=\"og:title\" content=\"Dupla \u00e9 presa por tentativa de latroc\u00ednio contra um guarda civil - Litoral SP\" \/>\n<meta property=\"og:description\" content=\"Uma dupla foi presa por tentativa de latroc\u00ednio contra um guarda civil municipal da cidade de Itanha\u00e9m.\" \/>\n<meta property=\"og:url\" content=\"https:\/\/redenoticiaz.com.br\/litoralsp\/2024\/09\/24\/dupla-e-presa-por-tentativa-de-latrocinio-contra-um-guarda-civil\" \/>\n<meta property=\"og:site_name\" content=\"Litoral SP\" \/>\n<meta property=\"article:published_time\" content=\"2024-09-24T22:30:02+00:00\" \/>\n<meta property=\"og:image\" content=\"https:\/\/redenoticiaz.com.br\/litoralsp\/wp-content\/uploads\/sites\/3\/2024\/08\/453042922_917600333717820_8860477121417584450_n.jpg?v=1721927834\" \/>\n\t<meta property=\"og:image:width\" content=\"960\" \/>\n\t<meta property=\"og:image:height\" content=\"503\" \/>\n\t<meta property=\"og:image:type\" content=\"image\/jpeg\" \/>\n<meta name=\"author\" content=\"Gustavo Silva\" \/>\n<meta name=\"twitter:card\" content=\"summary_large_image\" \/>\n<meta name=\"twitter:label1\" content=\"Escrito por\" \/>\n\t<meta name=\"twitter:data1\" content=\"Gustavo Silva\" \/>\n\t<meta name=\"twitter:label2\" content=\"Est. tempo de leitura\" \/>\n\t<meta name=\"twitter:data2\" content=\"1 minuto\" \/>\n<script type=\"application\/ld+json\" class=\"yoast-schema-graph\">{\"@context\":\"https:\\\/\\\/schema.org\",\"@graph\":[{\"@type\":\"Article\",\"@id\":\"https:\\\/\\\/redenoticiaz.com.br\\\/litoralsp\\\/2024\\\/09\\\/24\\\/dupla-e-presa-por-tentativa-de-latrocinio-contra-um-guarda-civil#article\",\"isPartOf\":{\"@id\":\"https:\\\/\\\/redenoticiaz.com.br\\\/litoralsp\\\/2024\\\/09\\\/24\\\/dupla-e-presa-por-tentativa-de-latrocinio-contra-um-guarda-civil\"},\"author\":{\"name\":\"Gustavo Silva\",\"@id\":\"https:\\\/\\\/redenoticiaz.com.br\\\/litoralsp\\\/#\\\/schema\\\/person\\\/16057b37a3c0ee6b096d7f887c566e2e\"},\"headline\":\"Dupla \u00e9 presa por tentativa de latroc\u00ednio contra um guarda civil\",\"datePublished\":\"2024-09-24T22:30:02+00:00\",\"mainEntityOfPage\":{\"@id\":\"https:\\\/\\\/redenoticiaz.com.br\\\/litoralsp\\\/2024\\\/09\\\/24\\\/dupla-e-presa-por-tentativa-de-latrocinio-contra-um-guarda-civil\"},\"wordCount\":178,\"commentCount\":0,\"publisher\":{\"@id\":\"https:\\\/\\\/redenoticiaz.com.br\\\/litoralsp\\\/#organization\"},\"image\":{\"@id\":\"https:\\\/\\\/redenoticiaz.com.br\\\/litoralsp\\\/2024\\\/09\\\/24\\\/dupla-e-presa-por-tentativa-de-latrocinio-contra-um-guarda-civil#primaryimage\"},\"thumbnailUrl\":\"https:\\\/\\\/redenoticiaz.com.br\\\/litoralsp\\\/wp-content\\\/uploads\\\/sites\\\/3\\\/2024\\\/08\\\/453042922_917600333717820_8860477121417584450_n.jpg?v=1721927834\",\"keywords\":[\"DUPLA\",\"ITANHA\u00c9M\",\"SUAR\u00c3O\"],\"articleSection\":[\"Itanha\u00e9m\",\"Pol\u00edcia\"],\"inLanguage\":\"pt-BR\",\"potentialAction\":[{\"@type\":\"CommentAction\",\"name\":\"Comment\",\"target\":[\"https:\\\/\\\/redenoticiaz.com.br\\\/litoralsp\\\/2024\\\/09\\\/24\\\/dupla-e-presa-por-tentativa-de-latrocinio-contra-um-guarda-civil#respond\"]}]},{\"@type\":\"WebPage\",\"@id\":\"https:\\\/\\\/redenoticiaz.com.br\\\/litoralsp\\\/2024\\\/09\\\/24\\\/dupla-e-presa-por-tentativa-de-latrocinio-contra-um-guarda-civil\",\"url\":\"https:\\\/\\\/redenoticiaz.com.br\\\/litoralsp\\\/2024\\\/09\\\/24\\\/dupla-e-presa-por-tentativa-de-latrocinio-contra-um-guarda-civil\",\"name\":\"Dupla \u00e9 presa por tentativa de latroc\u00ednio contra um guarda civil - Litoral SP\",\"isPartOf\":{\"@id\":\"https:\\\/\\\/redenoticiaz.com.br\\\/litoralsp\\\/#website\"},\"primaryImageOfPage\":{\"@id\":\"https:\\\/\\\/redenoticiaz.com.br\\\/litoralsp\\\/2024\\\/09\\\/24\\\/dupla-e-presa-por-tentativa-de-latrocinio-contra-um-guarda-civil#primaryimage\"},\"image\":{\"@id\":\"https:\\\/\\\/redenoticiaz.com.br\\\/litoralsp\\\/2024\\\/09\\\/24\\\/dupla-e-presa-por-tentativa-de-latrocinio-contra-um-guarda-civil#primaryimage\"},\"thumbnailUrl\":\"https:\\\/\\\/redenoticiaz.com.br\\\/litoralsp\\\/wp-content\\\/uploads\\\/sites\\\/3\\\/2024\\\/08\\\/453042922_917600333717820_8860477121417584450_n.jpg?v=1721927834\",\"datePublished\":\"2024-09-24T22:30:02+00:00\",\"description\":\"Uma dupla foi presa por tentativa de latroc\u00ednio contra um guarda civil municipal da cidade de Itanha\u00e9m.\",\"inLanguage\":\"pt-BR\",\"potentialAction\":[{\"@type\":\"ReadAction\",\"target\":[\"https:\\\/\\\/redenoticiaz.com.br\\\/litoralsp\\\/2024\\\/09\\\/24\\\/dupla-e-presa-por-tentativa-de-latrocinio-contra-um-guarda-civil\"]}]},{\"@type\":\"ImageObject\",\"inLanguage\":\"pt-BR\",\"@id\":\"https:\\\/\\\/redenoticiaz.com.br\\\/litoralsp\\\/2024\\\/09\\\/24\\\/dupla-e-presa-por-tentativa-de-latrocinio-contra-um-guarda-civil#primaryimage\",\"url\":\"https:\\\/\\\/redenoticiaz.com.br\\\/litoralsp\\\/wp-content\\\/uploads\\\/sites\\\/3\\\/2024\\\/08\\\/453042922_917600333717820_8860477121417584450_n.jpg?v=1721927834\",\"contentUrl\":\"https:\\\/\\\/redenoticiaz.com.br\\\/litoralsp\\\/wp-content\\\/uploads\\\/sites\\\/3\\\/2024\\\/08\\\/453042922_917600333717820_8860477121417584450_n.jpg?v=1721927834\",\"width\":960,\"height\":503},{\"@type\":\"WebSite\",\"@id\":\"https:\\\/\\\/redenoticiaz.com.br\\\/litoralsp\\\/#website\",\"url\":\"https:\\\/\\\/redenoticiaz.com.br\\\/litoralsp\\\/\",\"name\":\"Litoral SP\",\"description\":\"Rede NoticiaZ\",\"publisher\":{\"@id\":\"https:\\\/\\\/redenoticiaz.com.br\\\/litoralsp\\\/#organization\"},\"potentialAction\":[{\"@type\":\"SearchAction\",\"target\":{\"@type\":\"EntryPoint\",\"urlTemplate\":\"https:\\\/\\\/redenoticiaz.com.br\\\/litoralsp\\\/?s={search_term_string}\"},\"query-input\":{\"@type\":\"PropertyValueSpecification\",\"valueRequired\":true,\"valueName\":\"search_term_string\"}}],\"inLanguage\":\"pt-BR\"},{\"@type\":\"Organization\",\"@id\":\"https:\\\/\\\/redenoticiaz.com.br\\\/litoralsp\\\/#organization\",\"name\":\"Litoral SP\",\"url\":\"https:\\\/\\\/redenoticiaz.com.br\\\/litoralsp\\\/\",\"logo\":{\"@type\":\"ImageObject\",\"inLanguage\":\"pt-BR\",\"@id\":\"https:\\\/\\\/redenoticiaz.com.br\\\/litoralsp\\\/#\\\/schema\\\/logo\\\/image\\\/\",\"url\":\"https:\\\/\\\/redenoticiaz.com.br\\\/litoralsp\\\/wp-content\\\/uploads\\\/sites\\\/3\\\/2020\\\/11\\\/logo.jpg\",\"contentUrl\":\"https:\\\/\\\/redenoticiaz.com.br\\\/litoralsp\\\/wp-content\\\/uploads\\\/sites\\\/3\\\/2020\\\/11\\\/logo.jpg\",\"width\":400,\"height\":250,\"caption\":\"Litoral SP\"},\"image\":{\"@id\":\"https:\\\/\\\/redenoticiaz.com.br\\\/litoralsp\\\/#\\\/schema\\\/logo\\\/image\\\/\"}},{\"@type\":\"Person\",\"@id\":\"https:\\\/\\\/redenoticiaz.com.br\\\/litoralsp\\\/#\\\/schema\\\/person\\\/16057b37a3c0ee6b096d7f887c566e2e\",\"name\":\"Gustavo Silva\",\"image\":{\"@type\":\"ImageObject\",\"inLanguage\":\"pt-BR\",\"@id\":\"https:\\\/\\\/secure.gravatar.com\\\/avatar\\\/3ee4e82f93b26de0a7cf4ea5eb7893da637ed6bb0c9170c58065944c56e28a33?s=96&d=mm&r=g\",\"url\":\"https:\\\/\\\/secure.gravatar.com\\\/avatar\\\/3ee4e82f93b26de0a7cf4ea5eb7893da637ed6bb0c9170c58065944c56e28a33?s=96&d=mm&r=g\",\"contentUrl\":\"https:\\\/\\\/secure.gravatar.com\\\/avatar\\\/3ee4e82f93b26de0a7cf4ea5eb7893da637ed6bb0c9170c58065944c56e28a33?s=96&d=mm&r=g\",\"caption\":\"Gustavo Silva\"},\"url\":\"https:\\\/\\\/redenoticiaz.com.br\\\/litoralsp\\\/author\\\/gustavosilva\"}]}<\/script>\n<!-- \/ Yoast SEO plugin. -->","yoast_head_json":{"title":"Dupla \u00e9 presa por tentativa de latroc\u00ednio contra um guarda civil - Litoral SP","description":"Uma dupla foi presa por tentativa de latroc\u00ednio contra um guarda civil municipal da cidade de Itanha\u00e9m.","robots":{"index":"index","follow":"follow","max-snippet":"max-snippet:-1","max-image-preview":"max-image-preview:large","max-video-preview":"max-video-preview:-1"},"canonical":"https:\/\/redenoticiaz.com.br\/litoralsp\/2024\/09\/24\/dupla-e-presa-por-tentativa-de-latrocinio-contra-um-guarda-civil","og_locale":"pt_BR","og_type":"article","og_title":"Dupla \u00e9 presa por tentativa de latroc\u00ednio contra um guarda civil - Litoral SP","og_description":"Uma dupla foi presa por tentativa de latroc\u00ednio contra um guarda civil municipal da cidade de Itanha\u00e9m.","og_url":"https:\/\/redenoticiaz.com.br\/litoralsp\/2024\/09\/24\/dupla-e-presa-por-tentativa-de-latrocinio-contra-um-guarda-civil","og_site_name":"Litoral SP","article_published_time":"2024-09-24T22:30:02+00:00","og_image":[{"width":960,"height":503,"url":"https:\/\/redenoticiaz.com.br\/litoralsp\/wp-content\/uploads\/sites\/3\/2024\/08\/453042922_917600333717820_8860477121417584450_n.jpg?v=1721927834","type":"image\/jpeg"}],"author":"Gustavo Silva","twitter_card":"summary_large_image","twitter_misc":{"Escrito por":"Gustavo Silva","Est. tempo de leitura":"1 minuto"},"schema":{"@context":"https:\/\/schema.org","@graph":[{"@type":"Article","@id":"https:\/\/redenoticiaz.com.br\/litoralsp\/2024\/09\/24\/dupla-e-presa-por-tentativa-de-latrocinio-contra-um-guarda-civil#article","isPartOf":{"@id":"https:\/\/redenoticiaz.com.br\/litoralsp\/2024\/09\/24\/dupla-e-presa-por-tentativa-de-latrocinio-contra-um-guarda-civil"},"author":{"name":"Gustavo Silva","@id":"https:\/\/redenoticiaz.com.br\/litoralsp\/#\/schema\/person\/16057b37a3c0ee6b096d7f887c566e2e"},"headline":"Dupla \u00e9 presa por tentativa de latroc\u00ednio contra um guarda civil","datePublished":"2024-09-24T22:30:02+00:00","mainEntityOfPage":{"@id":"https:\/\/redenoticiaz.com.br\/litoralsp\/2024\/09\/24\/dupla-e-presa-por-tentativa-de-latrocinio-contra-um-guarda-civil"},"wordCount":178,"commentCount":0,"publisher":{"@id":"https:\/\/redenoticiaz.com.br\/litoralsp\/#organization"},"image":{"@id":"https:\/\/redenoticiaz.com.br\/litoralsp\/2024\/09\/24\/dupla-e-presa-por-tentativa-de-latrocinio-contra-um-guarda-civil#primaryimage"},"thumbnailUrl":"https:\/\/redenoticiaz.com.br\/litoralsp\/wp-content\/uploads\/sites\/3\/2024\/08\/453042922_917600333717820_8860477121417584450_n.jpg?v=1721927834","keywords":["DUPLA","ITANHA\u00c9M","SUAR\u00c3O"],"articleSection":["Itanha\u00e9m","Pol\u00edcia"],"inLanguage":"pt-BR","potentialAction":[{"@type":"CommentAction","name":"Comment","target":["https:\/\/redenoticiaz.com.br\/litoralsp\/2024\/09\/24\/dupla-e-presa-por-tentativa-de-latrocinio-contra-um-guarda-civil#respond"]}]},{"@type":"WebPage","@id":"https:\/\/redenoticiaz.com.br\/litoralsp\/2024\/09\/24\/dupla-e-presa-por-tentativa-de-latrocinio-contra-um-guarda-civil","url":"https:\/\/redenoticiaz.com.br\/litoralsp\/2024\/09\/24\/dupla-e-presa-por-tentativa-de-latrocinio-contra-um-guarda-civil","name":"Dupla \u00e9 presa por tentativa de latroc\u00ednio contra um guarda civil - Litoral SP","isPartOf":{"@id":"https:\/\/redenoticiaz.com.br\/litoralsp\/#website"},"primaryImageOfPage":{"@id":"https:\/\/redenoticiaz.com.br\/litoralsp\/2024\/09\/24\/dupla-e-presa-por-tentativa-de-latrocinio-contra-um-guarda-civil#primaryimage"},"image":{"@id":"https:\/\/redenoticiaz.com.br\/litoralsp\/2024\/09\/24\/dupla-e-presa-por-tentativa-de-latrocinio-contra-um-guarda-civil#primaryimage"},"thumbnailUrl":"https:\/\/redenoticiaz.com.br\/litoralsp\/wp-content\/uploads\/sites\/3\/2024\/08\/453042922_917600333717820_8860477121417584450_n.jpg?v=1721927834","datePublished":"2024-09-24T22:30:02+00:00","description":"Uma dupla foi presa por tentativa de latroc\u00ednio contra um guarda civil municipal da cidade de Itanha\u00e9m.","inLanguage":"pt-BR","potentialAction":[{"@type":"ReadAction","target":["https:\/\/redenoticiaz.com.br\/litoralsp\/2024\/09\/24\/dupla-e-presa-por-tentativa-de-latrocinio-contra-um-guarda-civil"]}]},{"@type":"ImageObject","inLanguage":"pt-BR","@id":"https:\/\/redenoticiaz.com.br\/litoralsp\/2024\/09\/24\/dupla-e-presa-por-tentativa-de-latrocinio-contra-um-guarda-civil#primaryimage","url":"https:\/\/redenoticiaz.com.br\/litoralsp\/wp-content\/uploads\/sites\/3\/2024\/08\/453042922_917600333717820_8860477121417584450_n.jpg?v=1721927834","contentUrl":"https:\/\/redenoticiaz.com.br\/litoralsp\/wp-content\/uploads\/sites\/3\/2024\/08\/453042922_917600333717820_8860477121417584450_n.jpg?v=1721927834","width":960,"height":503},{"@type":"WebSite","@id":"https:\/\/redenoticiaz.com.br\/litoralsp\/#website","url":"https:\/\/redenoticiaz.com.br\/litoralsp\/","name":"Litoral SP","description":"Rede NoticiaZ","publisher":{"@id":"https:\/\/redenoticiaz.com.br\/litoralsp\/#organization"},"potentialAction":[{"@type":"SearchAction","target":{"@type":"EntryPoint","urlTemplate":"https:\/\/redenoticiaz.com.br\/litoralsp\/?s={search_term_string}"},"query-input":{"@type":"PropertyValueSpecification","valueRequired":true,"valueName":"search_term_string"}}],"inLanguage":"pt-BR"},{"@type":"Organization","@id":"https:\/\/redenoticiaz.com.br\/litoralsp\/#organization","name":"Litoral SP","url":"https:\/\/redenoticiaz.com.br\/litoralsp\/","logo":{"@type":"ImageObject","inLanguage":"pt-BR","@id":"https:\/\/redenoticiaz.com.br\/litoralsp\/#\/schema\/logo\/image\/","url":"https:\/\/redenoticiaz.com.br\/litoralsp\/wp-content\/uploads\/sites\/3\/2020\/11\/logo.jpg","contentUrl":"https:\/\/redenoticiaz.com.br\/litoralsp\/wp-content\/uploads\/sites\/3\/2020\/11\/logo.jpg","width":400,"height":250,"caption":"Litoral SP"},"image":{"@id":"https:\/\/redenoticiaz.com.br\/litoralsp\/#\/schema\/logo\/image\/"}},{"@type":"Person","@id":"https:\/\/redenoticiaz.com.br\/litoralsp\/#\/schema\/person\/16057b37a3c0ee6b096d7f887c566e2e","name":"Gustavo Silva","image":{"@type":"ImageObject","inLanguage":"pt-BR","@id":"https:\/\/secure.gravatar.com\/avatar\/3ee4e82f93b26de0a7cf4ea5eb7893da637ed6bb0c9170c58065944c56e28a33?s=96&d=mm&r=g","url":"https:\/\/secure.gravatar.com\/avatar\/3ee4e82f93b26de0a7cf4ea5eb7893da637ed6bb0c9170c58065944c56e28a33?s=96&d=mm&r=g","contentUrl":"https:\/\/secure.gravatar.com\/avatar\/3ee4e82f93b26de0a7cf4ea5eb7893da637ed6bb0c9170c58065944c56e28a33?s=96&d=mm&r=g","caption":"Gustavo Silva"},"url":"https:\/\/redenoticiaz.com.br\/litoralsp\/author\/gustavosilva"}]}},"_links":{"self":[{"href":"https:\/\/redenoticiaz.com.br\/litoralsp\/wp-json\/wp\/v2\/posts\/118490","targetHints":{"allow":["GET"]}}],"collection":[{"href":"https:\/\/redenoticiaz.com.br\/litoralsp\/wp-json\/wp\/v2\/posts"}],"about":[{"href":"https:\/\/redenoticiaz.com.br\/litoralsp\/wp-json\/wp\/v2\/types\/post"}],"author":[{"embeddable":true,"href":"https:\/\/redenoticiaz.com.br\/litoralsp\/wp-json\/wp\/v2\/users\/12"}],"replies":[{"embeddable":true,"href":"https:\/\/redenoticiaz.com.br\/litoralsp\/wp-json\/wp\/v2\/comments?post=118490"}],"version-history":[{"count":1,"href":"https:\/\/redenoticiaz.com.br\/litoralsp\/wp-json\/wp\/v2\/posts\/118490\/revisions"}],"predecessor-version":[{"id":118491,"href":"https:\/\/redenoticiaz.com.br\/litoralsp\/wp-json\/wp\/v2\/posts\/118490\/revisions\/118491"}],"wp:featuredmedia":[{"embeddable":true,"href":"https:\/\/redenoticiaz.com.br\/litoralsp\/wp-json\/wp\/v2\/media\/117751"}],"wp:attachment":[{"href":"https:\/\/redenoticiaz.com.br\/litoralsp\/wp-json\/wp\/v2\/media?parent=118490"}],"wp:term":[{"taxonomy":"category","embeddable":true,"href":"https:\/\/redenoticiaz.com.br\/litoralsp\/wp-json\/wp\/v2\/categories?post=118490"},{"taxonomy":"post_tag","embeddable":true,"href":"https:\/\/redenoticiaz.com.br\/litoralsp\/wp-json\/wp\/v2\/tags?post=118490"}],"curies":[{"name":"wp","href":"https:\/\/api.w.org\/{rel}","templated":true}]}}