{"id":118529,"date":"2024-09-26T19:02:22","date_gmt":"2024-09-26T22:02:22","guid":{"rendered":"https:\/\/redenoticiaz.com.br\/litoralsp\/?p=118529"},"modified":"2024-09-26T19:02:22","modified_gmt":"2024-09-26T22:02:22","slug":"morador-de-rua-e-agredido-a-pauladas-em-calcada-de-sao-vicente","status":"publish","type":"post","link":"https:\/\/redenoticiaz.com.br\/litoralsp\/2024\/09\/26\/morador-de-rua-e-agredido-a-pauladas-em-calcada-de-sao-vicente","title":{"rendered":"Morador de rua \u00e9 agredido a pauladas em cal\u00e7ada de S\u00e3o Vicente"},"content":{"rendered":"<p>Um homem, de 34 anos, foi preso ap\u00f3s agredir outro a pauladas no bairro vila margarida. A v\u00edtima foi socorrida e levada ao hospital do vicentino, onde permanece internada.<\/p>\n<p>O caso ocorreu ontem na rua monte plano, no bairro vila margarida. Nas imagens que circulam na internet, \u00e9 poss\u00edvel ver que o agressor chegou com um peda\u00e7o de madeira em uma bicicleta e deu golpes no homem, que estava deitado na cal\u00e7ada. Em seguida, ele jogou um objeto no ch\u00e3o e fugiu do local.<\/p>\n<p>Policiais militares, que estavam em patrulhamento de rotina, foram acionados por moradores que encontraram a v\u00edtima ca\u00edda no ch\u00e3o, com muitos ferimentos e sangrando. Ao chegarem no local, os policiais acionaram o corpo de bombeiros e o servi\u00e7o de atendimento m\u00f3vel de urg\u00eancia.<\/p>\n<p>Ap\u00f3s dilig\u00eancias, a pol\u00edcia localizou o agressor, que confessou ter atacado o homem com golpes de madeira. A per\u00edcia foi requisitada para analisar o objeto utilizado no crime, e o caso foi registrado como tentativa de homic\u00eddio no 2\u00ba distrito policial de s\u00e3o vicente.<\/p>\n<p><strong>Leia mais<\/strong><\/p>\n<p><a href=\"https:\/\/redenoticiaz.com.br\/litoralsp\/2024\/09\/26\/vagas-de-emprego-na-pg-inscreva-se-agora\">Vagas de emprego na P&amp;G: Inscreva-se agora<\/a><\/p>\n<p><a href=\"https:\/\/redenoticiaz.com.br\/litoralsp\/2024\/09\/25\/camara-de-santos-pede-explicacoes-sobre-barulhos-de-explosao-ao-governo-de-sao-paulo\">Pesquisadores criam modelo que prev\u00ea deslizamentos em S\u00e3o Sebasti\u00e3o<\/a><\/p>\n","protected":false},"excerpt":{"rendered":"<p>Um homem, de 34 anos, foi preso ap\u00f3s agredir outro a pauladas no bairro vila margarida. A v\u00edtima foi socorrida e levada ao hospital do vicentino, onde permanece internada. O caso ocorreu ontem na rua monte plano, no bairro vila margarida. Nas imagens que circulam na internet, \u00e9 poss\u00edvel ver que o agressor chegou com &hellip;<\/p>\n","protected":false},"author":12,"featured_media":118530,"comment_status":"open","ping_status":"closed","sticky":false,"template":"","format":"standard","meta":{"footnotes":""},"categories":[10,181],"tags":[11385,2944,33],"class_list":["post-118529","post","type-post","status-publish","format-standard","has-post-thumbnail","hentry","category-policia","category-sao-vicente","tag-morador-de-rua","tag-morte","tag-sao-vicente"],"yoast_head":"<!-- This site is optimized with the Yoast SEO plugin v27.5 - https:\/\/yoast.com\/product\/yoast-seo-wordpress\/ -->\n<title>Morador de rua \u00e9 agredido a pauladas em cal\u00e7ada de S\u00e3o Vicente - Litoral SP<\/title>\n<meta name=\"description\" content=\"Um homem, de 34 anos, foi preso ap\u00f3s agredir outro a pauladas no bairro vila margarida. A v\u00edtima foi socorrida e levada ao hospital do vicentino, onde permanece internada.\" \/>\n<meta name=\"robots\" content=\"index, follow, max-snippet:-1, max-image-preview:large, max-video-preview:-1\" \/>\n<link rel=\"canonical\" href=\"https:\/\/redenoticiaz.com.br\/litoralsp\/2024\/09\/26\/morador-de-rua-e-agredido-a-pauladas-em-calcada-de-sao-vicente\" \/>\n<meta property=\"og:locale\" content=\"pt_BR\" \/>\n<meta property=\"og:type\" content=\"article\" \/>\n<meta property=\"og:title\" content=\"Morador de rua \u00e9 agredido a pauladas em cal\u00e7ada de S\u00e3o Vicente - Litoral SP\" \/>\n<meta property=\"og:description\" content=\"Um homem, de 34 anos, foi preso ap\u00f3s agredir outro a pauladas no bairro vila margarida. A v\u00edtima foi socorrida e levada ao hospital do vicentino, onde permanece internada.\" \/>\n<meta property=\"og:url\" content=\"https:\/\/redenoticiaz.com.br\/litoralsp\/2024\/09\/26\/morador-de-rua-e-agredido-a-pauladas-em-calcada-de-sao-vicente\" \/>\n<meta property=\"og:site_name\" content=\"Litoral SP\" \/>\n<meta property=\"article:published_time\" content=\"2024-09-26T22:02:22+00:00\" \/>\n<meta property=\"og:image\" content=\"https:\/\/redenoticiaz.com.br\/litoralsp\/wp-content\/uploads\/sites\/3\/2024\/09\/WhatsApp-Image-2024-09-25-at-14.39.47-1024x768-1.jpg\" \/>\n\t<meta property=\"og:image:width\" content=\"1024\" \/>\n\t<meta property=\"og:image:height\" content=\"768\" \/>\n\t<meta property=\"og:image:type\" content=\"image\/jpeg\" \/>\n<meta name=\"author\" content=\"Gustavo Silva\" \/>\n<meta name=\"twitter:card\" content=\"summary_large_image\" \/>\n<meta name=\"twitter:label1\" content=\"Escrito por\" \/>\n\t<meta name=\"twitter:data1\" content=\"Gustavo Silva\" \/>\n\t<meta name=\"twitter:label2\" content=\"Est. tempo de leitura\" \/>\n\t<meta name=\"twitter:data2\" content=\"2 minutos\" \/>\n<script type=\"application\/ld+json\" class=\"yoast-schema-graph\">{\"@context\":\"https:\\\/\\\/schema.org\",\"@graph\":[{\"@type\":\"Article\",\"@id\":\"https:\\\/\\\/redenoticiaz.com.br\\\/litoralsp\\\/2024\\\/09\\\/26\\\/morador-de-rua-e-agredido-a-pauladas-em-calcada-de-sao-vicente#article\",\"isPartOf\":{\"@id\":\"https:\\\/\\\/redenoticiaz.com.br\\\/litoralsp\\\/2024\\\/09\\\/26\\\/morador-de-rua-e-agredido-a-pauladas-em-calcada-de-sao-vicente\"},\"author\":{\"name\":\"Gustavo Silva\",\"@id\":\"https:\\\/\\\/redenoticiaz.com.br\\\/litoralsp\\\/#\\\/schema\\\/person\\\/16057b37a3c0ee6b096d7f887c566e2e\"},\"headline\":\"Morador de rua \u00e9 agredido a pauladas em cal\u00e7ada de S\u00e3o Vicente\",\"datePublished\":\"2024-09-26T22:02:22+00:00\",\"mainEntityOfPage\":{\"@id\":\"https:\\\/\\\/redenoticiaz.com.br\\\/litoralsp\\\/2024\\\/09\\\/26\\\/morador-de-rua-e-agredido-a-pauladas-em-calcada-de-sao-vicente\"},\"wordCount\":221,\"commentCount\":0,\"publisher\":{\"@id\":\"https:\\\/\\\/redenoticiaz.com.br\\\/litoralsp\\\/#organization\"},\"image\":{\"@id\":\"https:\\\/\\\/redenoticiaz.com.br\\\/litoralsp\\\/2024\\\/09\\\/26\\\/morador-de-rua-e-agredido-a-pauladas-em-calcada-de-sao-vicente#primaryimage\"},\"thumbnailUrl\":\"https:\\\/\\\/redenoticiaz.com.br\\\/litoralsp\\\/wp-content\\\/uploads\\\/sites\\\/3\\\/2024\\\/09\\\/WhatsApp-Image-2024-09-25-at-14.39.47-1024x768-1.jpg\",\"keywords\":[\"MORADOR DE RUA\",\"MORTE\",\"S\u00e3o Vicente\"],\"articleSection\":[\"Pol\u00edcia\",\"S\u00e3o Vicente\"],\"inLanguage\":\"pt-BR\",\"potentialAction\":[{\"@type\":\"CommentAction\",\"name\":\"Comment\",\"target\":[\"https:\\\/\\\/redenoticiaz.com.br\\\/litoralsp\\\/2024\\\/09\\\/26\\\/morador-de-rua-e-agredido-a-pauladas-em-calcada-de-sao-vicente#respond\"]}]},{\"@type\":\"WebPage\",\"@id\":\"https:\\\/\\\/redenoticiaz.com.br\\\/litoralsp\\\/2024\\\/09\\\/26\\\/morador-de-rua-e-agredido-a-pauladas-em-calcada-de-sao-vicente\",\"url\":\"https:\\\/\\\/redenoticiaz.com.br\\\/litoralsp\\\/2024\\\/09\\\/26\\\/morador-de-rua-e-agredido-a-pauladas-em-calcada-de-sao-vicente\",\"name\":\"Morador de rua \u00e9 agredido a pauladas em cal\u00e7ada de S\u00e3o Vicente - Litoral SP\",\"isPartOf\":{\"@id\":\"https:\\\/\\\/redenoticiaz.com.br\\\/litoralsp\\\/#website\"},\"primaryImageOfPage\":{\"@id\":\"https:\\\/\\\/redenoticiaz.com.br\\\/litoralsp\\\/2024\\\/09\\\/26\\\/morador-de-rua-e-agredido-a-pauladas-em-calcada-de-sao-vicente#primaryimage\"},\"image\":{\"@id\":\"https:\\\/\\\/redenoticiaz.com.br\\\/litoralsp\\\/2024\\\/09\\\/26\\\/morador-de-rua-e-agredido-a-pauladas-em-calcada-de-sao-vicente#primaryimage\"},\"thumbnailUrl\":\"https:\\\/\\\/redenoticiaz.com.br\\\/litoralsp\\\/wp-content\\\/uploads\\\/sites\\\/3\\\/2024\\\/09\\\/WhatsApp-Image-2024-09-25-at-14.39.47-1024x768-1.jpg\",\"datePublished\":\"2024-09-26T22:02:22+00:00\",\"description\":\"Um homem, de 34 anos, foi preso ap\u00f3s agredir outro a pauladas no bairro vila margarida. A v\u00edtima foi socorrida e levada ao hospital do vicentino, onde permanece internada.\",\"inLanguage\":\"pt-BR\",\"potentialAction\":[{\"@type\":\"ReadAction\",\"target\":[\"https:\\\/\\\/redenoticiaz.com.br\\\/litoralsp\\\/2024\\\/09\\\/26\\\/morador-de-rua-e-agredido-a-pauladas-em-calcada-de-sao-vicente\"]}]},{\"@type\":\"ImageObject\",\"inLanguage\":\"pt-BR\",\"@id\":\"https:\\\/\\\/redenoticiaz.com.br\\\/litoralsp\\\/2024\\\/09\\\/26\\\/morador-de-rua-e-agredido-a-pauladas-em-calcada-de-sao-vicente#primaryimage\",\"url\":\"https:\\\/\\\/redenoticiaz.com.br\\\/litoralsp\\\/wp-content\\\/uploads\\\/sites\\\/3\\\/2024\\\/09\\\/WhatsApp-Image-2024-09-25-at-14.39.47-1024x768-1.jpg\",\"contentUrl\":\"https:\\\/\\\/redenoticiaz.com.br\\\/litoralsp\\\/wp-content\\\/uploads\\\/sites\\\/3\\\/2024\\\/09\\\/WhatsApp-Image-2024-09-25-at-14.39.47-1024x768-1.jpg\",\"width\":1024,\"height\":768},{\"@type\":\"WebSite\",\"@id\":\"https:\\\/\\\/redenoticiaz.com.br\\\/litoralsp\\\/#website\",\"url\":\"https:\\\/\\\/redenoticiaz.com.br\\\/litoralsp\\\/\",\"name\":\"Litoral SP\",\"description\":\"Rede NoticiaZ\",\"publisher\":{\"@id\":\"https:\\\/\\\/redenoticiaz.com.br\\\/litoralsp\\\/#organization\"},\"potentialAction\":[{\"@type\":\"SearchAction\",\"target\":{\"@type\":\"EntryPoint\",\"urlTemplate\":\"https:\\\/\\\/redenoticiaz.com.br\\\/litoralsp\\\/?s={search_term_string}\"},\"query-input\":{\"@type\":\"PropertyValueSpecification\",\"valueRequired\":true,\"valueName\":\"search_term_string\"}}],\"inLanguage\":\"pt-BR\"},{\"@type\":\"Organization\",\"@id\":\"https:\\\/\\\/redenoticiaz.com.br\\\/litoralsp\\\/#organization\",\"name\":\"Litoral SP\",\"url\":\"https:\\\/\\\/redenoticiaz.com.br\\\/litoralsp\\\/\",\"logo\":{\"@type\":\"ImageObject\",\"inLanguage\":\"pt-BR\",\"@id\":\"https:\\\/\\\/redenoticiaz.com.br\\\/litoralsp\\\/#\\\/schema\\\/logo\\\/image\\\/\",\"url\":\"https:\\\/\\\/redenoticiaz.com.br\\\/litoralsp\\\/wp-content\\\/uploads\\\/sites\\\/3\\\/2020\\\/11\\\/logo.jpg\",\"contentUrl\":\"https:\\\/\\\/redenoticiaz.com.br\\\/litoralsp\\\/wp-content\\\/uploads\\\/sites\\\/3\\\/2020\\\/11\\\/logo.jpg\",\"width\":400,\"height\":250,\"caption\":\"Litoral SP\"},\"image\":{\"@id\":\"https:\\\/\\\/redenoticiaz.com.br\\\/litoralsp\\\/#\\\/schema\\\/logo\\\/image\\\/\"}},{\"@type\":\"Person\",\"@id\":\"https:\\\/\\\/redenoticiaz.com.br\\\/litoralsp\\\/#\\\/schema\\\/person\\\/16057b37a3c0ee6b096d7f887c566e2e\",\"name\":\"Gustavo Silva\",\"image\":{\"@type\":\"ImageObject\",\"inLanguage\":\"pt-BR\",\"@id\":\"https:\\\/\\\/secure.gravatar.com\\\/avatar\\\/3ee4e82f93b26de0a7cf4ea5eb7893da637ed6bb0c9170c58065944c56e28a33?s=96&d=mm&r=g\",\"url\":\"https:\\\/\\\/secure.gravatar.com\\\/avatar\\\/3ee4e82f93b26de0a7cf4ea5eb7893da637ed6bb0c9170c58065944c56e28a33?s=96&d=mm&r=g\",\"contentUrl\":\"https:\\\/\\\/secure.gravatar.com\\\/avatar\\\/3ee4e82f93b26de0a7cf4ea5eb7893da637ed6bb0c9170c58065944c56e28a33?s=96&d=mm&r=g\",\"caption\":\"Gustavo Silva\"},\"url\":\"https:\\\/\\\/redenoticiaz.com.br\\\/litoralsp\\\/author\\\/gustavosilva\"}]}<\/script>\n<!-- \/ Yoast SEO plugin. -->","yoast_head_json":{"title":"Morador de rua \u00e9 agredido a pauladas em cal\u00e7ada de S\u00e3o Vicente - Litoral SP","description":"Um homem, de 34 anos, foi preso ap\u00f3s agredir outro a pauladas no bairro vila margarida. A v\u00edtima foi socorrida e levada ao hospital do vicentino, onde permanece internada.","robots":{"index":"index","follow":"follow","max-snippet":"max-snippet:-1","max-image-preview":"max-image-preview:large","max-video-preview":"max-video-preview:-1"},"canonical":"https:\/\/redenoticiaz.com.br\/litoralsp\/2024\/09\/26\/morador-de-rua-e-agredido-a-pauladas-em-calcada-de-sao-vicente","og_locale":"pt_BR","og_type":"article","og_title":"Morador de rua \u00e9 agredido a pauladas em cal\u00e7ada de S\u00e3o Vicente - Litoral SP","og_description":"Um homem, de 34 anos, foi preso ap\u00f3s agredir outro a pauladas no bairro vila margarida. A v\u00edtima foi socorrida e levada ao hospital do vicentino, onde permanece internada.","og_url":"https:\/\/redenoticiaz.com.br\/litoralsp\/2024\/09\/26\/morador-de-rua-e-agredido-a-pauladas-em-calcada-de-sao-vicente","og_site_name":"Litoral SP","article_published_time":"2024-09-26T22:02:22+00:00","og_image":[{"width":1024,"height":768,"url":"https:\/\/redenoticiaz.com.br\/litoralsp\/wp-content\/uploads\/sites\/3\/2024\/09\/WhatsApp-Image-2024-09-25-at-14.39.47-1024x768-1.jpg","type":"image\/jpeg"}],"author":"Gustavo Silva","twitter_card":"summary_large_image","twitter_misc":{"Escrito por":"Gustavo Silva","Est. tempo de leitura":"2 minutos"},"schema":{"@context":"https:\/\/schema.org","@graph":[{"@type":"Article","@id":"https:\/\/redenoticiaz.com.br\/litoralsp\/2024\/09\/26\/morador-de-rua-e-agredido-a-pauladas-em-calcada-de-sao-vicente#article","isPartOf":{"@id":"https:\/\/redenoticiaz.com.br\/litoralsp\/2024\/09\/26\/morador-de-rua-e-agredido-a-pauladas-em-calcada-de-sao-vicente"},"author":{"name":"Gustavo Silva","@id":"https:\/\/redenoticiaz.com.br\/litoralsp\/#\/schema\/person\/16057b37a3c0ee6b096d7f887c566e2e"},"headline":"Morador de rua \u00e9 agredido a pauladas em cal\u00e7ada de S\u00e3o Vicente","datePublished":"2024-09-26T22:02:22+00:00","mainEntityOfPage":{"@id":"https:\/\/redenoticiaz.com.br\/litoralsp\/2024\/09\/26\/morador-de-rua-e-agredido-a-pauladas-em-calcada-de-sao-vicente"},"wordCount":221,"commentCount":0,"publisher":{"@id":"https:\/\/redenoticiaz.com.br\/litoralsp\/#organization"},"image":{"@id":"https:\/\/redenoticiaz.com.br\/litoralsp\/2024\/09\/26\/morador-de-rua-e-agredido-a-pauladas-em-calcada-de-sao-vicente#primaryimage"},"thumbnailUrl":"https:\/\/redenoticiaz.com.br\/litoralsp\/wp-content\/uploads\/sites\/3\/2024\/09\/WhatsApp-Image-2024-09-25-at-14.39.47-1024x768-1.jpg","keywords":["MORADOR DE RUA","MORTE","S\u00e3o Vicente"],"articleSection":["Pol\u00edcia","S\u00e3o Vicente"],"inLanguage":"pt-BR","potentialAction":[{"@type":"CommentAction","name":"Comment","target":["https:\/\/redenoticiaz.com.br\/litoralsp\/2024\/09\/26\/morador-de-rua-e-agredido-a-pauladas-em-calcada-de-sao-vicente#respond"]}]},{"@type":"WebPage","@id":"https:\/\/redenoticiaz.com.br\/litoralsp\/2024\/09\/26\/morador-de-rua-e-agredido-a-pauladas-em-calcada-de-sao-vicente","url":"https:\/\/redenoticiaz.com.br\/litoralsp\/2024\/09\/26\/morador-de-rua-e-agredido-a-pauladas-em-calcada-de-sao-vicente","name":"Morador de rua \u00e9 agredido a pauladas em cal\u00e7ada de S\u00e3o Vicente - Litoral SP","isPartOf":{"@id":"https:\/\/redenoticiaz.com.br\/litoralsp\/#website"},"primaryImageOfPage":{"@id":"https:\/\/redenoticiaz.com.br\/litoralsp\/2024\/09\/26\/morador-de-rua-e-agredido-a-pauladas-em-calcada-de-sao-vicente#primaryimage"},"image":{"@id":"https:\/\/redenoticiaz.com.br\/litoralsp\/2024\/09\/26\/morador-de-rua-e-agredido-a-pauladas-em-calcada-de-sao-vicente#primaryimage"},"thumbnailUrl":"https:\/\/redenoticiaz.com.br\/litoralsp\/wp-content\/uploads\/sites\/3\/2024\/09\/WhatsApp-Image-2024-09-25-at-14.39.47-1024x768-1.jpg","datePublished":"2024-09-26T22:02:22+00:00","description":"Um homem, de 34 anos, foi preso ap\u00f3s agredir outro a pauladas no bairro vila margarida. A v\u00edtima foi socorrida e levada ao hospital do vicentino, onde permanece internada.","inLanguage":"pt-BR","potentialAction":[{"@type":"ReadAction","target":["https:\/\/redenoticiaz.com.br\/litoralsp\/2024\/09\/26\/morador-de-rua-e-agredido-a-pauladas-em-calcada-de-sao-vicente"]}]},{"@type":"ImageObject","inLanguage":"pt-BR","@id":"https:\/\/redenoticiaz.com.br\/litoralsp\/2024\/09\/26\/morador-de-rua-e-agredido-a-pauladas-em-calcada-de-sao-vicente#primaryimage","url":"https:\/\/redenoticiaz.com.br\/litoralsp\/wp-content\/uploads\/sites\/3\/2024\/09\/WhatsApp-Image-2024-09-25-at-14.39.47-1024x768-1.jpg","contentUrl":"https:\/\/redenoticiaz.com.br\/litoralsp\/wp-content\/uploads\/sites\/3\/2024\/09\/WhatsApp-Image-2024-09-25-at-14.39.47-1024x768-1.jpg","width":1024,"height":768},{"@type":"WebSite","@id":"https:\/\/redenoticiaz.com.br\/litoralsp\/#website","url":"https:\/\/redenoticiaz.com.br\/litoralsp\/","name":"Litoral SP","description":"Rede NoticiaZ","publisher":{"@id":"https:\/\/redenoticiaz.com.br\/litoralsp\/#organization"},"potentialAction":[{"@type":"SearchAction","target":{"@type":"EntryPoint","urlTemplate":"https:\/\/redenoticiaz.com.br\/litoralsp\/?s={search_term_string}"},"query-input":{"@type":"PropertyValueSpecification","valueRequired":true,"valueName":"search_term_string"}}],"inLanguage":"pt-BR"},{"@type":"Organization","@id":"https:\/\/redenoticiaz.com.br\/litoralsp\/#organization","name":"Litoral SP","url":"https:\/\/redenoticiaz.com.br\/litoralsp\/","logo":{"@type":"ImageObject","inLanguage":"pt-BR","@id":"https:\/\/redenoticiaz.com.br\/litoralsp\/#\/schema\/logo\/image\/","url":"https:\/\/redenoticiaz.com.br\/litoralsp\/wp-content\/uploads\/sites\/3\/2020\/11\/logo.jpg","contentUrl":"https:\/\/redenoticiaz.com.br\/litoralsp\/wp-content\/uploads\/sites\/3\/2020\/11\/logo.jpg","width":400,"height":250,"caption":"Litoral SP"},"image":{"@id":"https:\/\/redenoticiaz.com.br\/litoralsp\/#\/schema\/logo\/image\/"}},{"@type":"Person","@id":"https:\/\/redenoticiaz.com.br\/litoralsp\/#\/schema\/person\/16057b37a3c0ee6b096d7f887c566e2e","name":"Gustavo Silva","image":{"@type":"ImageObject","inLanguage":"pt-BR","@id":"https:\/\/secure.gravatar.com\/avatar\/3ee4e82f93b26de0a7cf4ea5eb7893da637ed6bb0c9170c58065944c56e28a33?s=96&d=mm&r=g","url":"https:\/\/secure.gravatar.com\/avatar\/3ee4e82f93b26de0a7cf4ea5eb7893da637ed6bb0c9170c58065944c56e28a33?s=96&d=mm&r=g","contentUrl":"https:\/\/secure.gravatar.com\/avatar\/3ee4e82f93b26de0a7cf4ea5eb7893da637ed6bb0c9170c58065944c56e28a33?s=96&d=mm&r=g","caption":"Gustavo Silva"},"url":"https:\/\/redenoticiaz.com.br\/litoralsp\/author\/gustavosilva"}]}},"_links":{"self":[{"href":"https:\/\/redenoticiaz.com.br\/litoralsp\/wp-json\/wp\/v2\/posts\/118529","targetHints":{"allow":["GET"]}}],"collection":[{"href":"https:\/\/redenoticiaz.com.br\/litoralsp\/wp-json\/wp\/v2\/posts"}],"about":[{"href":"https:\/\/redenoticiaz.com.br\/litoralsp\/wp-json\/wp\/v2\/types\/post"}],"author":[{"embeddable":true,"href":"https:\/\/redenoticiaz.com.br\/litoralsp\/wp-json\/wp\/v2\/users\/12"}],"replies":[{"embeddable":true,"href":"https:\/\/redenoticiaz.com.br\/litoralsp\/wp-json\/wp\/v2\/comments?post=118529"}],"version-history":[{"count":2,"href":"https:\/\/redenoticiaz.com.br\/litoralsp\/wp-json\/wp\/v2\/posts\/118529\/revisions"}],"predecessor-version":[{"id":118532,"href":"https:\/\/redenoticiaz.com.br\/litoralsp\/wp-json\/wp\/v2\/posts\/118529\/revisions\/118532"}],"wp:featuredmedia":[{"embeddable":true,"href":"https:\/\/redenoticiaz.com.br\/litoralsp\/wp-json\/wp\/v2\/media\/118530"}],"wp:attachment":[{"href":"https:\/\/redenoticiaz.com.br\/litoralsp\/wp-json\/wp\/v2\/media?parent=118529"}],"wp:term":[{"taxonomy":"category","embeddable":true,"href":"https:\/\/redenoticiaz.com.br\/litoralsp\/wp-json\/wp\/v2\/categories?post=118529"},{"taxonomy":"post_tag","embeddable":true,"href":"https:\/\/redenoticiaz.com.br\/litoralsp\/wp-json\/wp\/v2\/tags?post=118529"}],"curies":[{"name":"wp","href":"https:\/\/api.w.org\/{rel}","templated":true}]}}