{"id":118547,"date":"2024-09-27T19:07:52","date_gmt":"2024-09-27T22:07:52","guid":{"rendered":"https:\/\/redenoticiaz.com.br\/litoralsp\/?p=118547"},"modified":"2024-09-27T19:07:52","modified_gmt":"2024-09-27T22:07:52","slug":"pai-de-menino-brutalmente-agredido-consegue-guarda-definitiva-do-filho","status":"publish","type":"post","link":"https:\/\/redenoticiaz.com.br\/litoralsp\/2024\/09\/27\/pai-de-menino-brutalmente-agredido-consegue-guarda-definitiva-do-filho","title":{"rendered":"Pai de menino brutalmente agredido consegue guarda definitiva do filho"},"content":{"rendered":"<div id=\"chunk-a4e6s\">\n<div class=\"mc-column content-text active-extra-styles \" data-block-type=\"unstyled\" data-block-weight=\"80\" data-block-id=\"2\">\n<p data-track-category=\"Link no Texto\" data-track-links=\"\" data-mrf-recirculation=\"Article links\">O pai de um menino brutalmente agredido pela m\u00e3e e padrasto na cidade de S\u00e3o Vicente conseguiu a guarda definitiva do filho.<\/p>\n<p data-track-category=\"Link no Texto\" data-track-links=\"\" data-mrf-recirculation=\"Article links\">De acordo com as informa\u00e7\u00f5es, a decis\u00e3o da justi\u00e7a foi oficializada mantendo a medida protetiva que pro\u00edbe a m\u00e3e do menino de ter qualquer aproxima\u00e7\u00e3o.<\/p>\n<p data-track-category=\"Link no Texto\" data-track-links=\"\" data-mrf-recirculation=\"Article links\">Ainda de acordo com as informa\u00e7\u00f5es, quando o crime aconteceu em 2022 a crian\u00e7a tinha 4 anos e hoje ele est\u00e1 com seis anos de idade.<\/p>\n<p data-track-category=\"Link no Texto\" data-track-links=\"\" data-mrf-recirculation=\"Article links\">Sendo assim, a mesma decis\u00e3o \u00e9 v\u00e1lida para as outras duas filhas do casal. As garotas de 8 e 11 anos tamb\u00e9m foram agredidas. Todas as crian\u00e7as est\u00e3o morando com o pai.<\/p>\n<p data-track-category=\"Link no Texto\" data-track-links=\"\" data-mrf-recirculation=\"Article links\">Por fim, em um v\u00eddeo, a m\u00e3e justificou que bateu no filho por ele estar fazendo &#8220;muita bagun\u00e7a&#8221; dentro de casa.<\/p>\n<p data-track-category=\"Link no Texto\" data-track-links=\"\" data-mrf-recirculation=\"Article links\">Leia mais<\/p>\n<p data-track-category=\"Link no Texto\" data-track-links=\"\" data-mrf-recirculation=\"Article links\"><a href=\"https:\/\/redenoticiaz.com.br\/litoralsp\/2024\/09\/27\/homem-que-matou-seguranca-em-balada-de-itanhaem-ira-a-juri-popular\">Homem que matou seguran\u00e7a em balada de Itanha\u00e9m ir\u00e1 a j\u00fari Popular<\/a><\/p>\n<p data-track-category=\"Link no Texto\" data-track-links=\"\" data-mrf-recirculation=\"Article links\"><a href=\"https:\/\/redenoticiaz.com.br\/litoralsp\/2024\/09\/18\/morte-de-ex-vereador-em-sao-vicente-teve-mais-de-dez-tiros-de-armas-diferentes\">Morte de ex-vereador em s\u00e3o vicente teve mais de dez tiros de armas diferentes<\/a><\/p>\n<\/div>\n<\/div>\n","protected":false},"excerpt":{"rendered":"<p>O pai de um menino brutalmente agredido pela m\u00e3e e padrasto na cidade de S\u00e3o Vicente conseguiu a guarda definitiva do filho. De acordo com as informa\u00e7\u00f5es, a decis\u00e3o da justi\u00e7a foi oficializada mantendo a medida protetiva que pro\u00edbe a m\u00e3e do menino de ter qualquer aproxima\u00e7\u00e3o. Ainda de acordo com as informa\u00e7\u00f5es, quando o &hellip;<\/p>\n","protected":false},"author":12,"featured_media":118548,"comment_status":"open","ping_status":"closed","sticky":false,"template":"","format":"standard","meta":{"footnotes":""},"categories":[10,181],"tags":[1544,62709,66138],"class_list":["post-118547","post","type-post","status-publish","format-standard","has-post-thumbnail","hentry","category-policia","category-sao-vicente","tag-agressao","tag-decisao","tag-informacoes"],"yoast_head":"<!-- This site is optimized with the Yoast SEO plugin v27.5 - https:\/\/yoast.com\/product\/yoast-seo-wordpress\/ -->\n<title>Pai de menino brutalmente agredido consegue guarda definitiva do filho - Litoral SP<\/title>\n<meta name=\"description\" content=\"O pai de um menino brutalmente agredido pela m\u00e3e e padrasto na cidade de S\u00e3o Vicente conseguiu a guarda definitiva do filho.\" \/>\n<meta name=\"robots\" content=\"index, follow, max-snippet:-1, max-image-preview:large, max-video-preview:-1\" \/>\n<link rel=\"canonical\" href=\"https:\/\/redenoticiaz.com.br\/litoralsp\/2024\/09\/27\/pai-de-menino-brutalmente-agredido-consegue-guarda-definitiva-do-filho\" \/>\n<meta property=\"og:locale\" content=\"pt_BR\" \/>\n<meta property=\"og:type\" content=\"article\" \/>\n<meta property=\"og:title\" content=\"Pai de menino brutalmente agredido consegue guarda definitiva do filho - Litoral SP\" \/>\n<meta property=\"og:description\" content=\"O pai de um menino brutalmente agredido pela m\u00e3e e padrasto na cidade de S\u00e3o Vicente conseguiu a guarda definitiva do filho.\" \/>\n<meta property=\"og:url\" content=\"https:\/\/redenoticiaz.com.br\/litoralsp\/2024\/09\/27\/pai-de-menino-brutalmente-agredido-consegue-guarda-definitiva-do-filho\" \/>\n<meta property=\"og:site_name\" content=\"Litoral SP\" \/>\n<meta property=\"article:published_time\" content=\"2024-09-27T22:07:52+00:00\" \/>\n<meta property=\"og:image\" content=\"https:\/\/redenoticiaz.com.br\/litoralsp\/wp-content\/uploads\/sites\/3\/2024\/09\/dscsdc.jpg\" \/>\n\t<meta property=\"og:image:width\" content=\"631\" \/>\n\t<meta property=\"og:image:height\" content=\"416\" \/>\n\t<meta property=\"og:image:type\" content=\"image\/jpeg\" \/>\n<meta name=\"author\" content=\"Gustavo Silva\" \/>\n<meta name=\"twitter:card\" content=\"summary_large_image\" \/>\n<meta name=\"twitter:label1\" content=\"Escrito por\" \/>\n\t<meta name=\"twitter:data1\" content=\"Gustavo Silva\" \/>\n\t<meta name=\"twitter:label2\" content=\"Est. tempo de leitura\" \/>\n\t<meta name=\"twitter:data2\" content=\"1 minuto\" \/>\n<script type=\"application\/ld+json\" class=\"yoast-schema-graph\">{\"@context\":\"https:\\\/\\\/schema.org\",\"@graph\":[{\"@type\":\"Article\",\"@id\":\"https:\\\/\\\/redenoticiaz.com.br\\\/litoralsp\\\/2024\\\/09\\\/27\\\/pai-de-menino-brutalmente-agredido-consegue-guarda-definitiva-do-filho#article\",\"isPartOf\":{\"@id\":\"https:\\\/\\\/redenoticiaz.com.br\\\/litoralsp\\\/2024\\\/09\\\/27\\\/pai-de-menino-brutalmente-agredido-consegue-guarda-definitiva-do-filho\"},\"author\":{\"name\":\"Gustavo Silva\",\"@id\":\"https:\\\/\\\/redenoticiaz.com.br\\\/litoralsp\\\/#\\\/schema\\\/person\\\/16057b37a3c0ee6b096d7f887c566e2e\"},\"headline\":\"Pai de menino brutalmente agredido consegue guarda definitiva do filho\",\"datePublished\":\"2024-09-27T22:07:52+00:00\",\"mainEntityOfPage\":{\"@id\":\"https:\\\/\\\/redenoticiaz.com.br\\\/litoralsp\\\/2024\\\/09\\\/27\\\/pai-de-menino-brutalmente-agredido-consegue-guarda-definitiva-do-filho\"},\"wordCount\":181,\"commentCount\":0,\"publisher\":{\"@id\":\"https:\\\/\\\/redenoticiaz.com.br\\\/litoralsp\\\/#organization\"},\"image\":{\"@id\":\"https:\\\/\\\/redenoticiaz.com.br\\\/litoralsp\\\/2024\\\/09\\\/27\\\/pai-de-menino-brutalmente-agredido-consegue-guarda-definitiva-do-filho#primaryimage\"},\"thumbnailUrl\":\"https:\\\/\\\/redenoticiaz.com.br\\\/litoralsp\\\/wp-content\\\/uploads\\\/sites\\\/3\\\/2024\\\/09\\\/dscsdc.jpg\",\"keywords\":[\"AGRESS\u00c3O\",\"decis\u00e3o\",\"informa\u00e7\u00f5es\"],\"articleSection\":[\"Pol\u00edcia\",\"S\u00e3o Vicente\"],\"inLanguage\":\"pt-BR\",\"potentialAction\":[{\"@type\":\"CommentAction\",\"name\":\"Comment\",\"target\":[\"https:\\\/\\\/redenoticiaz.com.br\\\/litoralsp\\\/2024\\\/09\\\/27\\\/pai-de-menino-brutalmente-agredido-consegue-guarda-definitiva-do-filho#respond\"]}]},{\"@type\":\"WebPage\",\"@id\":\"https:\\\/\\\/redenoticiaz.com.br\\\/litoralsp\\\/2024\\\/09\\\/27\\\/pai-de-menino-brutalmente-agredido-consegue-guarda-definitiva-do-filho\",\"url\":\"https:\\\/\\\/redenoticiaz.com.br\\\/litoralsp\\\/2024\\\/09\\\/27\\\/pai-de-menino-brutalmente-agredido-consegue-guarda-definitiva-do-filho\",\"name\":\"Pai de menino brutalmente agredido consegue guarda definitiva do filho - Litoral SP\",\"isPartOf\":{\"@id\":\"https:\\\/\\\/redenoticiaz.com.br\\\/litoralsp\\\/#website\"},\"primaryImageOfPage\":{\"@id\":\"https:\\\/\\\/redenoticiaz.com.br\\\/litoralsp\\\/2024\\\/09\\\/27\\\/pai-de-menino-brutalmente-agredido-consegue-guarda-definitiva-do-filho#primaryimage\"},\"image\":{\"@id\":\"https:\\\/\\\/redenoticiaz.com.br\\\/litoralsp\\\/2024\\\/09\\\/27\\\/pai-de-menino-brutalmente-agredido-consegue-guarda-definitiva-do-filho#primaryimage\"},\"thumbnailUrl\":\"https:\\\/\\\/redenoticiaz.com.br\\\/litoralsp\\\/wp-content\\\/uploads\\\/sites\\\/3\\\/2024\\\/09\\\/dscsdc.jpg\",\"datePublished\":\"2024-09-27T22:07:52+00:00\",\"description\":\"O pai de um menino brutalmente agredido pela m\u00e3e e padrasto na cidade de S\u00e3o Vicente conseguiu a guarda definitiva do filho.\",\"inLanguage\":\"pt-BR\",\"potentialAction\":[{\"@type\":\"ReadAction\",\"target\":[\"https:\\\/\\\/redenoticiaz.com.br\\\/litoralsp\\\/2024\\\/09\\\/27\\\/pai-de-menino-brutalmente-agredido-consegue-guarda-definitiva-do-filho\"]}]},{\"@type\":\"ImageObject\",\"inLanguage\":\"pt-BR\",\"@id\":\"https:\\\/\\\/redenoticiaz.com.br\\\/litoralsp\\\/2024\\\/09\\\/27\\\/pai-de-menino-brutalmente-agredido-consegue-guarda-definitiva-do-filho#primaryimage\",\"url\":\"https:\\\/\\\/redenoticiaz.com.br\\\/litoralsp\\\/wp-content\\\/uploads\\\/sites\\\/3\\\/2024\\\/09\\\/dscsdc.jpg\",\"contentUrl\":\"https:\\\/\\\/redenoticiaz.com.br\\\/litoralsp\\\/wp-content\\\/uploads\\\/sites\\\/3\\\/2024\\\/09\\\/dscsdc.jpg\",\"width\":631,\"height\":416},{\"@type\":\"WebSite\",\"@id\":\"https:\\\/\\\/redenoticiaz.com.br\\\/litoralsp\\\/#website\",\"url\":\"https:\\\/\\\/redenoticiaz.com.br\\\/litoralsp\\\/\",\"name\":\"Litoral SP\",\"description\":\"Rede NoticiaZ\",\"publisher\":{\"@id\":\"https:\\\/\\\/redenoticiaz.com.br\\\/litoralsp\\\/#organization\"},\"potentialAction\":[{\"@type\":\"SearchAction\",\"target\":{\"@type\":\"EntryPoint\",\"urlTemplate\":\"https:\\\/\\\/redenoticiaz.com.br\\\/litoralsp\\\/?s={search_term_string}\"},\"query-input\":{\"@type\":\"PropertyValueSpecification\",\"valueRequired\":true,\"valueName\":\"search_term_string\"}}],\"inLanguage\":\"pt-BR\"},{\"@type\":\"Organization\",\"@id\":\"https:\\\/\\\/redenoticiaz.com.br\\\/litoralsp\\\/#organization\",\"name\":\"Litoral SP\",\"url\":\"https:\\\/\\\/redenoticiaz.com.br\\\/litoralsp\\\/\",\"logo\":{\"@type\":\"ImageObject\",\"inLanguage\":\"pt-BR\",\"@id\":\"https:\\\/\\\/redenoticiaz.com.br\\\/litoralsp\\\/#\\\/schema\\\/logo\\\/image\\\/\",\"url\":\"https:\\\/\\\/redenoticiaz.com.br\\\/litoralsp\\\/wp-content\\\/uploads\\\/sites\\\/3\\\/2020\\\/11\\\/logo.jpg\",\"contentUrl\":\"https:\\\/\\\/redenoticiaz.com.br\\\/litoralsp\\\/wp-content\\\/uploads\\\/sites\\\/3\\\/2020\\\/11\\\/logo.jpg\",\"width\":400,\"height\":250,\"caption\":\"Litoral SP\"},\"image\":{\"@id\":\"https:\\\/\\\/redenoticiaz.com.br\\\/litoralsp\\\/#\\\/schema\\\/logo\\\/image\\\/\"}},{\"@type\":\"Person\",\"@id\":\"https:\\\/\\\/redenoticiaz.com.br\\\/litoralsp\\\/#\\\/schema\\\/person\\\/16057b37a3c0ee6b096d7f887c566e2e\",\"name\":\"Gustavo Silva\",\"image\":{\"@type\":\"ImageObject\",\"inLanguage\":\"pt-BR\",\"@id\":\"https:\\\/\\\/secure.gravatar.com\\\/avatar\\\/3ee4e82f93b26de0a7cf4ea5eb7893da637ed6bb0c9170c58065944c56e28a33?s=96&d=mm&r=g\",\"url\":\"https:\\\/\\\/secure.gravatar.com\\\/avatar\\\/3ee4e82f93b26de0a7cf4ea5eb7893da637ed6bb0c9170c58065944c56e28a33?s=96&d=mm&r=g\",\"contentUrl\":\"https:\\\/\\\/secure.gravatar.com\\\/avatar\\\/3ee4e82f93b26de0a7cf4ea5eb7893da637ed6bb0c9170c58065944c56e28a33?s=96&d=mm&r=g\",\"caption\":\"Gustavo Silva\"},\"url\":\"https:\\\/\\\/redenoticiaz.com.br\\\/litoralsp\\\/author\\\/gustavosilva\"}]}<\/script>\n<!-- \/ Yoast SEO plugin. -->","yoast_head_json":{"title":"Pai de menino brutalmente agredido consegue guarda definitiva do filho - Litoral SP","description":"O pai de um menino brutalmente agredido pela m\u00e3e e padrasto na cidade de S\u00e3o Vicente conseguiu a guarda definitiva do filho.","robots":{"index":"index","follow":"follow","max-snippet":"max-snippet:-1","max-image-preview":"max-image-preview:large","max-video-preview":"max-video-preview:-1"},"canonical":"https:\/\/redenoticiaz.com.br\/litoralsp\/2024\/09\/27\/pai-de-menino-brutalmente-agredido-consegue-guarda-definitiva-do-filho","og_locale":"pt_BR","og_type":"article","og_title":"Pai de menino brutalmente agredido consegue guarda definitiva do filho - Litoral SP","og_description":"O pai de um menino brutalmente agredido pela m\u00e3e e padrasto na cidade de S\u00e3o Vicente conseguiu a guarda definitiva do filho.","og_url":"https:\/\/redenoticiaz.com.br\/litoralsp\/2024\/09\/27\/pai-de-menino-brutalmente-agredido-consegue-guarda-definitiva-do-filho","og_site_name":"Litoral SP","article_published_time":"2024-09-27T22:07:52+00:00","og_image":[{"width":631,"height":416,"url":"https:\/\/redenoticiaz.com.br\/litoralsp\/wp-content\/uploads\/sites\/3\/2024\/09\/dscsdc.jpg","type":"image\/jpeg"}],"author":"Gustavo Silva","twitter_card":"summary_large_image","twitter_misc":{"Escrito por":"Gustavo Silva","Est. tempo de leitura":"1 minuto"},"schema":{"@context":"https:\/\/schema.org","@graph":[{"@type":"Article","@id":"https:\/\/redenoticiaz.com.br\/litoralsp\/2024\/09\/27\/pai-de-menino-brutalmente-agredido-consegue-guarda-definitiva-do-filho#article","isPartOf":{"@id":"https:\/\/redenoticiaz.com.br\/litoralsp\/2024\/09\/27\/pai-de-menino-brutalmente-agredido-consegue-guarda-definitiva-do-filho"},"author":{"name":"Gustavo Silva","@id":"https:\/\/redenoticiaz.com.br\/litoralsp\/#\/schema\/person\/16057b37a3c0ee6b096d7f887c566e2e"},"headline":"Pai de menino brutalmente agredido consegue guarda definitiva do filho","datePublished":"2024-09-27T22:07:52+00:00","mainEntityOfPage":{"@id":"https:\/\/redenoticiaz.com.br\/litoralsp\/2024\/09\/27\/pai-de-menino-brutalmente-agredido-consegue-guarda-definitiva-do-filho"},"wordCount":181,"commentCount":0,"publisher":{"@id":"https:\/\/redenoticiaz.com.br\/litoralsp\/#organization"},"image":{"@id":"https:\/\/redenoticiaz.com.br\/litoralsp\/2024\/09\/27\/pai-de-menino-brutalmente-agredido-consegue-guarda-definitiva-do-filho#primaryimage"},"thumbnailUrl":"https:\/\/redenoticiaz.com.br\/litoralsp\/wp-content\/uploads\/sites\/3\/2024\/09\/dscsdc.jpg","keywords":["AGRESS\u00c3O","decis\u00e3o","informa\u00e7\u00f5es"],"articleSection":["Pol\u00edcia","S\u00e3o Vicente"],"inLanguage":"pt-BR","potentialAction":[{"@type":"CommentAction","name":"Comment","target":["https:\/\/redenoticiaz.com.br\/litoralsp\/2024\/09\/27\/pai-de-menino-brutalmente-agredido-consegue-guarda-definitiva-do-filho#respond"]}]},{"@type":"WebPage","@id":"https:\/\/redenoticiaz.com.br\/litoralsp\/2024\/09\/27\/pai-de-menino-brutalmente-agredido-consegue-guarda-definitiva-do-filho","url":"https:\/\/redenoticiaz.com.br\/litoralsp\/2024\/09\/27\/pai-de-menino-brutalmente-agredido-consegue-guarda-definitiva-do-filho","name":"Pai de menino brutalmente agredido consegue guarda definitiva do filho - Litoral SP","isPartOf":{"@id":"https:\/\/redenoticiaz.com.br\/litoralsp\/#website"},"primaryImageOfPage":{"@id":"https:\/\/redenoticiaz.com.br\/litoralsp\/2024\/09\/27\/pai-de-menino-brutalmente-agredido-consegue-guarda-definitiva-do-filho#primaryimage"},"image":{"@id":"https:\/\/redenoticiaz.com.br\/litoralsp\/2024\/09\/27\/pai-de-menino-brutalmente-agredido-consegue-guarda-definitiva-do-filho#primaryimage"},"thumbnailUrl":"https:\/\/redenoticiaz.com.br\/litoralsp\/wp-content\/uploads\/sites\/3\/2024\/09\/dscsdc.jpg","datePublished":"2024-09-27T22:07:52+00:00","description":"O pai de um menino brutalmente agredido pela m\u00e3e e padrasto na cidade de S\u00e3o Vicente conseguiu a guarda definitiva do filho.","inLanguage":"pt-BR","potentialAction":[{"@type":"ReadAction","target":["https:\/\/redenoticiaz.com.br\/litoralsp\/2024\/09\/27\/pai-de-menino-brutalmente-agredido-consegue-guarda-definitiva-do-filho"]}]},{"@type":"ImageObject","inLanguage":"pt-BR","@id":"https:\/\/redenoticiaz.com.br\/litoralsp\/2024\/09\/27\/pai-de-menino-brutalmente-agredido-consegue-guarda-definitiva-do-filho#primaryimage","url":"https:\/\/redenoticiaz.com.br\/litoralsp\/wp-content\/uploads\/sites\/3\/2024\/09\/dscsdc.jpg","contentUrl":"https:\/\/redenoticiaz.com.br\/litoralsp\/wp-content\/uploads\/sites\/3\/2024\/09\/dscsdc.jpg","width":631,"height":416},{"@type":"WebSite","@id":"https:\/\/redenoticiaz.com.br\/litoralsp\/#website","url":"https:\/\/redenoticiaz.com.br\/litoralsp\/","name":"Litoral SP","description":"Rede NoticiaZ","publisher":{"@id":"https:\/\/redenoticiaz.com.br\/litoralsp\/#organization"},"potentialAction":[{"@type":"SearchAction","target":{"@type":"EntryPoint","urlTemplate":"https:\/\/redenoticiaz.com.br\/litoralsp\/?s={search_term_string}"},"query-input":{"@type":"PropertyValueSpecification","valueRequired":true,"valueName":"search_term_string"}}],"inLanguage":"pt-BR"},{"@type":"Organization","@id":"https:\/\/redenoticiaz.com.br\/litoralsp\/#organization","name":"Litoral SP","url":"https:\/\/redenoticiaz.com.br\/litoralsp\/","logo":{"@type":"ImageObject","inLanguage":"pt-BR","@id":"https:\/\/redenoticiaz.com.br\/litoralsp\/#\/schema\/logo\/image\/","url":"https:\/\/redenoticiaz.com.br\/litoralsp\/wp-content\/uploads\/sites\/3\/2020\/11\/logo.jpg","contentUrl":"https:\/\/redenoticiaz.com.br\/litoralsp\/wp-content\/uploads\/sites\/3\/2020\/11\/logo.jpg","width":400,"height":250,"caption":"Litoral SP"},"image":{"@id":"https:\/\/redenoticiaz.com.br\/litoralsp\/#\/schema\/logo\/image\/"}},{"@type":"Person","@id":"https:\/\/redenoticiaz.com.br\/litoralsp\/#\/schema\/person\/16057b37a3c0ee6b096d7f887c566e2e","name":"Gustavo Silva","image":{"@type":"ImageObject","inLanguage":"pt-BR","@id":"https:\/\/secure.gravatar.com\/avatar\/3ee4e82f93b26de0a7cf4ea5eb7893da637ed6bb0c9170c58065944c56e28a33?s=96&d=mm&r=g","url":"https:\/\/secure.gravatar.com\/avatar\/3ee4e82f93b26de0a7cf4ea5eb7893da637ed6bb0c9170c58065944c56e28a33?s=96&d=mm&r=g","contentUrl":"https:\/\/secure.gravatar.com\/avatar\/3ee4e82f93b26de0a7cf4ea5eb7893da637ed6bb0c9170c58065944c56e28a33?s=96&d=mm&r=g","caption":"Gustavo Silva"},"url":"https:\/\/redenoticiaz.com.br\/litoralsp\/author\/gustavosilva"}]}},"_links":{"self":[{"href":"https:\/\/redenoticiaz.com.br\/litoralsp\/wp-json\/wp\/v2\/posts\/118547","targetHints":{"allow":["GET"]}}],"collection":[{"href":"https:\/\/redenoticiaz.com.br\/litoralsp\/wp-json\/wp\/v2\/posts"}],"about":[{"href":"https:\/\/redenoticiaz.com.br\/litoralsp\/wp-json\/wp\/v2\/types\/post"}],"author":[{"embeddable":true,"href":"https:\/\/redenoticiaz.com.br\/litoralsp\/wp-json\/wp\/v2\/users\/12"}],"replies":[{"embeddable":true,"href":"https:\/\/redenoticiaz.com.br\/litoralsp\/wp-json\/wp\/v2\/comments?post=118547"}],"version-history":[{"count":1,"href":"https:\/\/redenoticiaz.com.br\/litoralsp\/wp-json\/wp\/v2\/posts\/118547\/revisions"}],"predecessor-version":[{"id":118549,"href":"https:\/\/redenoticiaz.com.br\/litoralsp\/wp-json\/wp\/v2\/posts\/118547\/revisions\/118549"}],"wp:featuredmedia":[{"embeddable":true,"href":"https:\/\/redenoticiaz.com.br\/litoralsp\/wp-json\/wp\/v2\/media\/118548"}],"wp:attachment":[{"href":"https:\/\/redenoticiaz.com.br\/litoralsp\/wp-json\/wp\/v2\/media?parent=118547"}],"wp:term":[{"taxonomy":"category","embeddable":true,"href":"https:\/\/redenoticiaz.com.br\/litoralsp\/wp-json\/wp\/v2\/categories?post=118547"},{"taxonomy":"post_tag","embeddable":true,"href":"https:\/\/redenoticiaz.com.br\/litoralsp\/wp-json\/wp\/v2\/tags?post=118547"}],"curies":[{"name":"wp","href":"https:\/\/api.w.org\/{rel}","templated":true}]}}