{"id":118554,"date":"2024-09-28T11:54:46","date_gmt":"2024-09-28T14:54:46","guid":{"rendered":"https:\/\/redenoticiaz.com.br\/litoralsp\/2024\/09\/28\/moraes-cobra-r-10-milhoes-de-multa-para-liberar-retorno-de-x"},"modified":"2024-09-30T06:37:07","modified_gmt":"2024-09-30T09:37:07","slug":"moraes-cobra-r-10-milhoes-de-multa-para-liberar-retorno-de-x","status":"publish","type":"post","link":"https:\/\/redenoticiaz.com.br\/litoralsp\/2024\/09\/28\/moraes-cobra-r-10-milhoes-de-multa-para-liberar-retorno-de-x","title":{"rendered":"Moraes cobra R$ 10 milh\u00f5es de multa para liberar retorno de X"},"content":{"rendered":"<p>O ministro Alexandre de Moraes, do Supremo Tribunal Federal (STF), estabeleceu nesta sexta-feira (27) novas determina\u00e7\u00f5es para liberar o funcionamento da rede social X no Brasil.<img decoding=\"async\" src=\"https:\/\/agenciabrasil.ebc.com.br\/ebc.png?id=1613838&amp;o=node\" \/><img decoding=\"async\" src=\"https:\/\/agenciabrasil.ebc.com.br\/ebc.gif?id=1613838&amp;o=node\" \/><\/p>\n<p>Na decis\u00e3o, Moraes determinou que a empresa pegue nova multa de R$ 10 milh\u00f5es. Al\u00e9m disso, o ministro tamb\u00e9m determina que a advogada Rachel de Oliveira Villa Nova pague multa de R$ 300 mil.<\/p>\n<p>Ontem (26), os advogados do X pediram ao ministro a libera\u00e7\u00e3o da plataforma ap\u00f3s apresentarem os documentos solicitados para comprovar a reativa\u00e7\u00e3o da representa\u00e7\u00e3o no Brasil, al\u00e9m de indicar a advogada Rachel de Oliveira Villa Nova para atuar como representante legal da empresa no pa\u00eds.<\/p>\n<p>No m\u00eas passado, Moraes\u00a0retirou o X do ar\u00a0ap\u00f3s a empresa fechar seu escrit\u00f3rio do Brasil, condi\u00e7\u00e3o obrigat\u00f3ria para qualquer firma funcionar no pa\u00eds.<\/p>\n<p>O bilion\u00e1rio Elon Musk, dono da rede social, anunciou o\u00a0fechamento da sede da empresa\u00a0no Brasil ap\u00f3s a rede ser multada por se recusar a cumprir a determina\u00e7\u00e3o de retirar do ar perfis de investigados pela Corte pela publica\u00e7\u00e3o de mensagens consideradas antidemocr\u00e1ticas.<\/p>\n<p>De acordo com a decis\u00e3o, o valor da multa de R$ 10 milh\u00f5es se refere ao\u00a0descumprimento de decis\u00f5es\u00a0judiciais do STF nos dias 19 e 23 de setembro, nos quais a plataforma ficou hospedada em servidores da empresa de seguran\u00e7a digital Cloudflare e permitiu o acesso aos conte\u00fados bloqueados.<\/p>\n<p>No caso da advogada, a multa de R$ 300 mil tamb\u00e9m \u00e9 cobrada em fun\u00e7\u00e3o do descumprimento das decis\u00f5es de Moraes. Rachel de Oliveira atuou como representante do X no Brasil antes do fechamento do escrit\u00f3rio no pa\u00eds e retornou para a fun\u00e7\u00e3o ap\u00f3s Musk decidir reativar a representa\u00e7\u00e3o.<\/p>\n<p><strong>Leia mais<\/strong><\/p>\n<p><a href=\"https:\/\/redenoticiaz.com.br\/blog\/2024\/09\/28\/candidata-a-vereadora-de-sp-leo-aquila-sofre-atentado-a-tiros\">Candidata a vereadora de SP, L\u00e9o \u00c1quila sofre atentado a tiros<\/a><\/p>\n<p><a href=\"https:\/\/redenoticiaz.com.br\/blog\/2024\/09\/28\/homem-e-preso-e-jovem-apreendido-por-furto-de-carros\">Homem \u00e9 preso e jovem apreendido por furto de carros<\/a><\/p>\n","protected":false},"excerpt":{"rendered":"<p>O ministro Alexandre de Moraes, do Supremo Tribunal Federal (STF), estabeleceu nesta sexta-feira (27) novas determina\u00e7\u00f5es para liberar o funcionamento da rede social X no Brasil. Na decis\u00e3o, Moraes determinou que a empresa pegue nova multa de R$ 10 milh\u00f5es. Al\u00e9m disso, o ministro tamb\u00e9m determina que a advogada Rachel de Oliveira Villa Nova pague &hellip;<\/p>\n","protected":false},"author":12,"featured_media":108655,"comment_status":"open","ping_status":"closed","sticky":false,"template":"","format":"standard","meta":{"footnotes":""},"categories":[22],"tags":[62675,54577,66357],"class_list":["post-118554","post","type-post","status-publish","format-standard","has-post-thumbnail","hentry","category-justica","tag-moraes","tag-twitter","tag-x"],"yoast_head":"<!-- This site is optimized with the Yoast SEO plugin v27.4 - https:\/\/yoast.com\/product\/yoast-seo-wordpress\/ -->\n<title>Moraes cobra R$ 10 milh\u00f5es de multa para liberar retorno de X - Litoral SP<\/title>\n<meta name=\"description\" content=\"O ministro Alexandre de Moraes, do Supremo Tribunal Federal (STF), estabeleceu nesta sexta-feira (27) novas determina\u00e7\u00f5es para liberar o funcionamento da rede social X no Brasil.\" \/>\n<meta name=\"robots\" content=\"index, follow, max-snippet:-1, max-image-preview:large, max-video-preview:-1\" \/>\n<link rel=\"canonical\" href=\"https:\/\/redenoticiaz.com.br\/litoralsp\/2024\/09\/28\/moraes-cobra-r-10-milhoes-de-multa-para-liberar-retorno-de-x\" \/>\n<meta property=\"og:locale\" content=\"pt_BR\" \/>\n<meta property=\"og:type\" content=\"article\" \/>\n<meta property=\"og:title\" content=\"Moraes cobra R$ 10 milh\u00f5es de multa para liberar retorno de X - Litoral SP\" \/>\n<meta property=\"og:description\" content=\"O ministro Alexandre de Moraes, do Supremo Tribunal Federal (STF), estabeleceu nesta sexta-feira (27) novas determina\u00e7\u00f5es para liberar o funcionamento da rede social X no Brasil.\" \/>\n<meta property=\"og:url\" content=\"https:\/\/redenoticiaz.com.br\/litoralsp\/2024\/09\/28\/moraes-cobra-r-10-milhoes-de-multa-para-liberar-retorno-de-x\" \/>\n<meta property=\"og:site_name\" content=\"Litoral SP\" \/>\n<meta property=\"article:published_time\" content=\"2024-09-28T14:54:46+00:00\" \/>\n<meta property=\"article:modified_time\" content=\"2024-09-30T09:37:07+00:00\" \/>\n<meta property=\"og:image\" content=\"https:\/\/redenoticiaz.com.br\/litoralsp\/wp-content\/uploads\/sites\/3\/2023\/07\/2023-07-24t175958z_1_lynxmpej6n0pc_rtroptp_4_twitter-musk-logo.jpg\" \/>\n\t<meta property=\"og:image:width\" content=\"1170\" \/>\n\t<meta property=\"og:image:height\" content=\"700\" \/>\n\t<meta property=\"og:image:type\" content=\"image\/jpeg\" \/>\n<meta name=\"author\" content=\"Gustavo Silva\" \/>\n<meta name=\"twitter:card\" content=\"summary_large_image\" \/>\n<meta name=\"twitter:label1\" content=\"Escrito por\" \/>\n\t<meta name=\"twitter:data1\" content=\"Gustavo Silva\" \/>\n\t<meta name=\"twitter:label2\" content=\"Est. tempo de leitura\" \/>\n\t<meta name=\"twitter:data2\" content=\"3 minutos\" \/>\n<script type=\"application\/ld+json\" class=\"yoast-schema-graph\">{\"@context\":\"https:\\\/\\\/schema.org\",\"@graph\":[{\"@type\":\"Article\",\"@id\":\"https:\\\/\\\/redenoticiaz.com.br\\\/litoralsp\\\/2024\\\/09\\\/28\\\/moraes-cobra-r-10-milhoes-de-multa-para-liberar-retorno-de-x#article\",\"isPartOf\":{\"@id\":\"https:\\\/\\\/redenoticiaz.com.br\\\/litoralsp\\\/2024\\\/09\\\/28\\\/moraes-cobra-r-10-milhoes-de-multa-para-liberar-retorno-de-x\"},\"author\":{\"name\":\"Gustavo Silva\",\"@id\":\"https:\\\/\\\/redenoticiaz.com.br\\\/litoralsp\\\/#\\\/schema\\\/person\\\/16057b37a3c0ee6b096d7f887c566e2e\"},\"headline\":\"Moraes cobra R$ 10 milh\u00f5es de multa para liberar retorno de X\",\"datePublished\":\"2024-09-28T14:54:46+00:00\",\"dateModified\":\"2024-09-30T09:37:07+00:00\",\"mainEntityOfPage\":{\"@id\":\"https:\\\/\\\/redenoticiaz.com.br\\\/litoralsp\\\/2024\\\/09\\\/28\\\/moraes-cobra-r-10-milhoes-de-multa-para-liberar-retorno-de-x\"},\"wordCount\":334,\"commentCount\":0,\"publisher\":{\"@id\":\"https:\\\/\\\/redenoticiaz.com.br\\\/litoralsp\\\/#organization\"},\"image\":{\"@id\":\"https:\\\/\\\/redenoticiaz.com.br\\\/litoralsp\\\/2024\\\/09\\\/28\\\/moraes-cobra-r-10-milhoes-de-multa-para-liberar-retorno-de-x#primaryimage\"},\"thumbnailUrl\":\"https:\\\/\\\/redenoticiaz.com.br\\\/litoralsp\\\/wp-content\\\/uploads\\\/sites\\\/3\\\/2023\\\/07\\\/2023-07-24t175958z_1_lynxmpej6n0pc_rtroptp_4_twitter-musk-logo.jpg\",\"keywords\":[\"Moraes\",\"TWITTER\",\"x\"],\"articleSection\":[\"Justi\u00e7a\"],\"inLanguage\":\"pt-BR\",\"potentialAction\":[{\"@type\":\"CommentAction\",\"name\":\"Comment\",\"target\":[\"https:\\\/\\\/redenoticiaz.com.br\\\/litoralsp\\\/2024\\\/09\\\/28\\\/moraes-cobra-r-10-milhoes-de-multa-para-liberar-retorno-de-x#respond\"]}]},{\"@type\":\"WebPage\",\"@id\":\"https:\\\/\\\/redenoticiaz.com.br\\\/litoralsp\\\/2024\\\/09\\\/28\\\/moraes-cobra-r-10-milhoes-de-multa-para-liberar-retorno-de-x\",\"url\":\"https:\\\/\\\/redenoticiaz.com.br\\\/litoralsp\\\/2024\\\/09\\\/28\\\/moraes-cobra-r-10-milhoes-de-multa-para-liberar-retorno-de-x\",\"name\":\"Moraes cobra R$ 10 milh\u00f5es de multa para liberar retorno de X - Litoral SP\",\"isPartOf\":{\"@id\":\"https:\\\/\\\/redenoticiaz.com.br\\\/litoralsp\\\/#website\"},\"primaryImageOfPage\":{\"@id\":\"https:\\\/\\\/redenoticiaz.com.br\\\/litoralsp\\\/2024\\\/09\\\/28\\\/moraes-cobra-r-10-milhoes-de-multa-para-liberar-retorno-de-x#primaryimage\"},\"image\":{\"@id\":\"https:\\\/\\\/redenoticiaz.com.br\\\/litoralsp\\\/2024\\\/09\\\/28\\\/moraes-cobra-r-10-milhoes-de-multa-para-liberar-retorno-de-x#primaryimage\"},\"thumbnailUrl\":\"https:\\\/\\\/redenoticiaz.com.br\\\/litoralsp\\\/wp-content\\\/uploads\\\/sites\\\/3\\\/2023\\\/07\\\/2023-07-24t175958z_1_lynxmpej6n0pc_rtroptp_4_twitter-musk-logo.jpg\",\"datePublished\":\"2024-09-28T14:54:46+00:00\",\"dateModified\":\"2024-09-30T09:37:07+00:00\",\"description\":\"O ministro Alexandre de Moraes, do Supremo Tribunal Federal (STF), estabeleceu nesta sexta-feira (27) novas determina\u00e7\u00f5es para liberar o funcionamento da rede social X no Brasil.\",\"inLanguage\":\"pt-BR\",\"potentialAction\":[{\"@type\":\"ReadAction\",\"target\":[\"https:\\\/\\\/redenoticiaz.com.br\\\/litoralsp\\\/2024\\\/09\\\/28\\\/moraes-cobra-r-10-milhoes-de-multa-para-liberar-retorno-de-x\"]}]},{\"@type\":\"ImageObject\",\"inLanguage\":\"pt-BR\",\"@id\":\"https:\\\/\\\/redenoticiaz.com.br\\\/litoralsp\\\/2024\\\/09\\\/28\\\/moraes-cobra-r-10-milhoes-de-multa-para-liberar-retorno-de-x#primaryimage\",\"url\":\"https:\\\/\\\/redenoticiaz.com.br\\\/litoralsp\\\/wp-content\\\/uploads\\\/sites\\\/3\\\/2023\\\/07\\\/2023-07-24t175958z_1_lynxmpej6n0pc_rtroptp_4_twitter-musk-logo.jpg\",\"contentUrl\":\"https:\\\/\\\/redenoticiaz.com.br\\\/litoralsp\\\/wp-content\\\/uploads\\\/sites\\\/3\\\/2023\\\/07\\\/2023-07-24t175958z_1_lynxmpej6n0pc_rtroptp_4_twitter-musk-logo.jpg\",\"width\":1170,\"height\":700,\"caption\":\"Twitter troca logotipo e substitui p\u00e1ssaro azul por X\"},{\"@type\":\"WebSite\",\"@id\":\"https:\\\/\\\/redenoticiaz.com.br\\\/litoralsp\\\/#website\",\"url\":\"https:\\\/\\\/redenoticiaz.com.br\\\/litoralsp\\\/\",\"name\":\"Litoral SP\",\"description\":\"Rede NoticiaZ\",\"publisher\":{\"@id\":\"https:\\\/\\\/redenoticiaz.com.br\\\/litoralsp\\\/#organization\"},\"potentialAction\":[{\"@type\":\"SearchAction\",\"target\":{\"@type\":\"EntryPoint\",\"urlTemplate\":\"https:\\\/\\\/redenoticiaz.com.br\\\/litoralsp\\\/?s={search_term_string}\"},\"query-input\":{\"@type\":\"PropertyValueSpecification\",\"valueRequired\":true,\"valueName\":\"search_term_string\"}}],\"inLanguage\":\"pt-BR\"},{\"@type\":\"Organization\",\"@id\":\"https:\\\/\\\/redenoticiaz.com.br\\\/litoralsp\\\/#organization\",\"name\":\"Litoral SP\",\"url\":\"https:\\\/\\\/redenoticiaz.com.br\\\/litoralsp\\\/\",\"logo\":{\"@type\":\"ImageObject\",\"inLanguage\":\"pt-BR\",\"@id\":\"https:\\\/\\\/redenoticiaz.com.br\\\/litoralsp\\\/#\\\/schema\\\/logo\\\/image\\\/\",\"url\":\"https:\\\/\\\/redenoticiaz.com.br\\\/litoralsp\\\/wp-content\\\/uploads\\\/sites\\\/3\\\/2020\\\/11\\\/logo.jpg\",\"contentUrl\":\"https:\\\/\\\/redenoticiaz.com.br\\\/litoralsp\\\/wp-content\\\/uploads\\\/sites\\\/3\\\/2020\\\/11\\\/logo.jpg\",\"width\":400,\"height\":250,\"caption\":\"Litoral SP\"},\"image\":{\"@id\":\"https:\\\/\\\/redenoticiaz.com.br\\\/litoralsp\\\/#\\\/schema\\\/logo\\\/image\\\/\"}},{\"@type\":\"Person\",\"@id\":\"https:\\\/\\\/redenoticiaz.com.br\\\/litoralsp\\\/#\\\/schema\\\/person\\\/16057b37a3c0ee6b096d7f887c566e2e\",\"name\":\"Gustavo Silva\",\"image\":{\"@type\":\"ImageObject\",\"inLanguage\":\"pt-BR\",\"@id\":\"https:\\\/\\\/secure.gravatar.com\\\/avatar\\\/3ee4e82f93b26de0a7cf4ea5eb7893da637ed6bb0c9170c58065944c56e28a33?s=96&d=mm&r=g\",\"url\":\"https:\\\/\\\/secure.gravatar.com\\\/avatar\\\/3ee4e82f93b26de0a7cf4ea5eb7893da637ed6bb0c9170c58065944c56e28a33?s=96&d=mm&r=g\",\"contentUrl\":\"https:\\\/\\\/secure.gravatar.com\\\/avatar\\\/3ee4e82f93b26de0a7cf4ea5eb7893da637ed6bb0c9170c58065944c56e28a33?s=96&d=mm&r=g\",\"caption\":\"Gustavo Silva\"},\"url\":\"https:\\\/\\\/redenoticiaz.com.br\\\/litoralsp\\\/author\\\/gustavosilva\"}]}<\/script>\n<!-- \/ Yoast SEO plugin. -->","yoast_head_json":{"title":"Moraes cobra R$ 10 milh\u00f5es de multa para liberar retorno de X - Litoral SP","description":"O ministro Alexandre de Moraes, do Supremo Tribunal Federal (STF), estabeleceu nesta sexta-feira (27) novas determina\u00e7\u00f5es para liberar o funcionamento da rede social X no Brasil.","robots":{"index":"index","follow":"follow","max-snippet":"max-snippet:-1","max-image-preview":"max-image-preview:large","max-video-preview":"max-video-preview:-1"},"canonical":"https:\/\/redenoticiaz.com.br\/litoralsp\/2024\/09\/28\/moraes-cobra-r-10-milhoes-de-multa-para-liberar-retorno-de-x","og_locale":"pt_BR","og_type":"article","og_title":"Moraes cobra R$ 10 milh\u00f5es de multa para liberar retorno de X - Litoral SP","og_description":"O ministro Alexandre de Moraes, do Supremo Tribunal Federal (STF), estabeleceu nesta sexta-feira (27) novas determina\u00e7\u00f5es para liberar o funcionamento da rede social X no Brasil.","og_url":"https:\/\/redenoticiaz.com.br\/litoralsp\/2024\/09\/28\/moraes-cobra-r-10-milhoes-de-multa-para-liberar-retorno-de-x","og_site_name":"Litoral SP","article_published_time":"2024-09-28T14:54:46+00:00","article_modified_time":"2024-09-30T09:37:07+00:00","og_image":[{"width":1170,"height":700,"url":"https:\/\/redenoticiaz.com.br\/litoralsp\/wp-content\/uploads\/sites\/3\/2023\/07\/2023-07-24t175958z_1_lynxmpej6n0pc_rtroptp_4_twitter-musk-logo.jpg","type":"image\/jpeg"}],"author":"Gustavo Silva","twitter_card":"summary_large_image","twitter_misc":{"Escrito por":"Gustavo Silva","Est. tempo de leitura":"3 minutos"},"schema":{"@context":"https:\/\/schema.org","@graph":[{"@type":"Article","@id":"https:\/\/redenoticiaz.com.br\/litoralsp\/2024\/09\/28\/moraes-cobra-r-10-milhoes-de-multa-para-liberar-retorno-de-x#article","isPartOf":{"@id":"https:\/\/redenoticiaz.com.br\/litoralsp\/2024\/09\/28\/moraes-cobra-r-10-milhoes-de-multa-para-liberar-retorno-de-x"},"author":{"name":"Gustavo Silva","@id":"https:\/\/redenoticiaz.com.br\/litoralsp\/#\/schema\/person\/16057b37a3c0ee6b096d7f887c566e2e"},"headline":"Moraes cobra R$ 10 milh\u00f5es de multa para liberar retorno de X","datePublished":"2024-09-28T14:54:46+00:00","dateModified":"2024-09-30T09:37:07+00:00","mainEntityOfPage":{"@id":"https:\/\/redenoticiaz.com.br\/litoralsp\/2024\/09\/28\/moraes-cobra-r-10-milhoes-de-multa-para-liberar-retorno-de-x"},"wordCount":334,"commentCount":0,"publisher":{"@id":"https:\/\/redenoticiaz.com.br\/litoralsp\/#organization"},"image":{"@id":"https:\/\/redenoticiaz.com.br\/litoralsp\/2024\/09\/28\/moraes-cobra-r-10-milhoes-de-multa-para-liberar-retorno-de-x#primaryimage"},"thumbnailUrl":"https:\/\/redenoticiaz.com.br\/litoralsp\/wp-content\/uploads\/sites\/3\/2023\/07\/2023-07-24t175958z_1_lynxmpej6n0pc_rtroptp_4_twitter-musk-logo.jpg","keywords":["Moraes","TWITTER","x"],"articleSection":["Justi\u00e7a"],"inLanguage":"pt-BR","potentialAction":[{"@type":"CommentAction","name":"Comment","target":["https:\/\/redenoticiaz.com.br\/litoralsp\/2024\/09\/28\/moraes-cobra-r-10-milhoes-de-multa-para-liberar-retorno-de-x#respond"]}]},{"@type":"WebPage","@id":"https:\/\/redenoticiaz.com.br\/litoralsp\/2024\/09\/28\/moraes-cobra-r-10-milhoes-de-multa-para-liberar-retorno-de-x","url":"https:\/\/redenoticiaz.com.br\/litoralsp\/2024\/09\/28\/moraes-cobra-r-10-milhoes-de-multa-para-liberar-retorno-de-x","name":"Moraes cobra R$ 10 milh\u00f5es de multa para liberar retorno de X - Litoral SP","isPartOf":{"@id":"https:\/\/redenoticiaz.com.br\/litoralsp\/#website"},"primaryImageOfPage":{"@id":"https:\/\/redenoticiaz.com.br\/litoralsp\/2024\/09\/28\/moraes-cobra-r-10-milhoes-de-multa-para-liberar-retorno-de-x#primaryimage"},"image":{"@id":"https:\/\/redenoticiaz.com.br\/litoralsp\/2024\/09\/28\/moraes-cobra-r-10-milhoes-de-multa-para-liberar-retorno-de-x#primaryimage"},"thumbnailUrl":"https:\/\/redenoticiaz.com.br\/litoralsp\/wp-content\/uploads\/sites\/3\/2023\/07\/2023-07-24t175958z_1_lynxmpej6n0pc_rtroptp_4_twitter-musk-logo.jpg","datePublished":"2024-09-28T14:54:46+00:00","dateModified":"2024-09-30T09:37:07+00:00","description":"O ministro Alexandre de Moraes, do Supremo Tribunal Federal (STF), estabeleceu nesta sexta-feira (27) novas determina\u00e7\u00f5es para liberar o funcionamento da rede social X no Brasil.","inLanguage":"pt-BR","potentialAction":[{"@type":"ReadAction","target":["https:\/\/redenoticiaz.com.br\/litoralsp\/2024\/09\/28\/moraes-cobra-r-10-milhoes-de-multa-para-liberar-retorno-de-x"]}]},{"@type":"ImageObject","inLanguage":"pt-BR","@id":"https:\/\/redenoticiaz.com.br\/litoralsp\/2024\/09\/28\/moraes-cobra-r-10-milhoes-de-multa-para-liberar-retorno-de-x#primaryimage","url":"https:\/\/redenoticiaz.com.br\/litoralsp\/wp-content\/uploads\/sites\/3\/2023\/07\/2023-07-24t175958z_1_lynxmpej6n0pc_rtroptp_4_twitter-musk-logo.jpg","contentUrl":"https:\/\/redenoticiaz.com.br\/litoralsp\/wp-content\/uploads\/sites\/3\/2023\/07\/2023-07-24t175958z_1_lynxmpej6n0pc_rtroptp_4_twitter-musk-logo.jpg","width":1170,"height":700,"caption":"Twitter troca logotipo e substitui p\u00e1ssaro azul por X"},{"@type":"WebSite","@id":"https:\/\/redenoticiaz.com.br\/litoralsp\/#website","url":"https:\/\/redenoticiaz.com.br\/litoralsp\/","name":"Litoral SP","description":"Rede NoticiaZ","publisher":{"@id":"https:\/\/redenoticiaz.com.br\/litoralsp\/#organization"},"potentialAction":[{"@type":"SearchAction","target":{"@type":"EntryPoint","urlTemplate":"https:\/\/redenoticiaz.com.br\/litoralsp\/?s={search_term_string}"},"query-input":{"@type":"PropertyValueSpecification","valueRequired":true,"valueName":"search_term_string"}}],"inLanguage":"pt-BR"},{"@type":"Organization","@id":"https:\/\/redenoticiaz.com.br\/litoralsp\/#organization","name":"Litoral SP","url":"https:\/\/redenoticiaz.com.br\/litoralsp\/","logo":{"@type":"ImageObject","inLanguage":"pt-BR","@id":"https:\/\/redenoticiaz.com.br\/litoralsp\/#\/schema\/logo\/image\/","url":"https:\/\/redenoticiaz.com.br\/litoralsp\/wp-content\/uploads\/sites\/3\/2020\/11\/logo.jpg","contentUrl":"https:\/\/redenoticiaz.com.br\/litoralsp\/wp-content\/uploads\/sites\/3\/2020\/11\/logo.jpg","width":400,"height":250,"caption":"Litoral SP"},"image":{"@id":"https:\/\/redenoticiaz.com.br\/litoralsp\/#\/schema\/logo\/image\/"}},{"@type":"Person","@id":"https:\/\/redenoticiaz.com.br\/litoralsp\/#\/schema\/person\/16057b37a3c0ee6b096d7f887c566e2e","name":"Gustavo Silva","image":{"@type":"ImageObject","inLanguage":"pt-BR","@id":"https:\/\/secure.gravatar.com\/avatar\/3ee4e82f93b26de0a7cf4ea5eb7893da637ed6bb0c9170c58065944c56e28a33?s=96&d=mm&r=g","url":"https:\/\/secure.gravatar.com\/avatar\/3ee4e82f93b26de0a7cf4ea5eb7893da637ed6bb0c9170c58065944c56e28a33?s=96&d=mm&r=g","contentUrl":"https:\/\/secure.gravatar.com\/avatar\/3ee4e82f93b26de0a7cf4ea5eb7893da637ed6bb0c9170c58065944c56e28a33?s=96&d=mm&r=g","caption":"Gustavo Silva"},"url":"https:\/\/redenoticiaz.com.br\/litoralsp\/author\/gustavosilva"}]}},"_links":{"self":[{"href":"https:\/\/redenoticiaz.com.br\/litoralsp\/wp-json\/wp\/v2\/posts\/118554","targetHints":{"allow":["GET"]}}],"collection":[{"href":"https:\/\/redenoticiaz.com.br\/litoralsp\/wp-json\/wp\/v2\/posts"}],"about":[{"href":"https:\/\/redenoticiaz.com.br\/litoralsp\/wp-json\/wp\/v2\/types\/post"}],"author":[{"embeddable":true,"href":"https:\/\/redenoticiaz.com.br\/litoralsp\/wp-json\/wp\/v2\/users\/12"}],"replies":[{"embeddable":true,"href":"https:\/\/redenoticiaz.com.br\/litoralsp\/wp-json\/wp\/v2\/comments?post=118554"}],"version-history":[{"count":1,"href":"https:\/\/redenoticiaz.com.br\/litoralsp\/wp-json\/wp\/v2\/posts\/118554\/revisions"}],"predecessor-version":[{"id":118566,"href":"https:\/\/redenoticiaz.com.br\/litoralsp\/wp-json\/wp\/v2\/posts\/118554\/revisions\/118566"}],"wp:featuredmedia":[{"embeddable":true,"href":"https:\/\/redenoticiaz.com.br\/litoralsp\/wp-json\/wp\/v2\/media\/108655"}],"wp:attachment":[{"href":"https:\/\/redenoticiaz.com.br\/litoralsp\/wp-json\/wp\/v2\/media?parent=118554"}],"wp:term":[{"taxonomy":"category","embeddable":true,"href":"https:\/\/redenoticiaz.com.br\/litoralsp\/wp-json\/wp\/v2\/categories?post=118554"},{"taxonomy":"post_tag","embeddable":true,"href":"https:\/\/redenoticiaz.com.br\/litoralsp\/wp-json\/wp\/v2\/tags?post=118554"}],"curies":[{"name":"wp","href":"https:\/\/api.w.org\/{rel}","templated":true}]}}