{"id":118644,"date":"2024-10-06T14:00:26","date_gmt":"2024-10-06T17:00:26","guid":{"rendered":"https:\/\/redenoticiaz.com.br\/litoralsp\/?p=118644"},"modified":"2024-10-05T13:29:58","modified_gmt":"2024-10-05T16:29:58","slug":"aviao-da-fab-parte-para-repatriacao-de-brasileiros-no-libano","status":"publish","type":"post","link":"https:\/\/redenoticiaz.com.br\/litoralsp\/2024\/10\/06\/aviao-da-fab-parte-para-repatriacao-de-brasileiros-no-libano","title":{"rendered":"Avi\u00e3o da FAB parte para repatria\u00e7\u00e3o de brasileiros no L\u00edbano"},"content":{"rendered":"<p>Neste s\u00e1bado (5), o avi\u00e3o KC-30 da For\u00e7a A\u00e9rea Brasileira (FAB) decolou de Lisboa rumo a Beirute para repatriar brasileiros que est\u00e3o no L\u00edbano. A aeronave partiu \u00e0s 6h55 e deve pousar na capital libanesa por volta das 11h, no hor\u00e1rio de Bras\u00edlia.<\/p>\n<p>A opera\u00e7\u00e3o, denominada &#8220;Ra\u00edzes de Cedro&#8221;, tem como objetivo repatriar at\u00e9 500 brasileiros por semana. Na primeira fase, 220 cidad\u00e3os devem retornar ao Brasil. A miss\u00e3o envolve militares especializados em sa\u00fade para prestar assist\u00eancia durante o voo. A decolagem foi adiada devido \u00e0 intensifica\u00e7\u00e3o dos bombardeios israelenses na regi\u00e3o.<\/p>\n<p>O KC-30, utilizado em miss\u00f5es humanit\u00e1rias de longo alcance, \u00e9 uma vers\u00e3o adaptada do Airbus 330.<\/p>\n<p>LEIA MAIS<\/p>\n<p><a href=\"https:\/\/redenoticiaz.com.br\/blog\/2024\/10\/04\/raizen-abre-vaga-hibrida-com-home-office-2x-por-semana\">Ra\u00edzen abre vaga h\u00edbrida com home office 2x por semana<\/a><\/p>\n<p><a href=\"https:\/\/redenoticiaz.com.br\/blog\/2024\/10\/04\/corra-venda-de-ingressos-do-fextou-comeca-hoje\">Corra! Venda de ingressos do Fextou come\u00e7a HOJE<\/a><\/p>\n<p>&nbsp;<\/p>\n","protected":false},"excerpt":{"rendered":"<p>Neste s\u00e1bado (5), o avi\u00e3o KC-30 da For\u00e7a A\u00e9rea Brasileira (FAB) decolou de Lisboa rumo a Beirute para repatriar brasileiros que est\u00e3o no L\u00edbano. A aeronave partiu \u00e0s 6h55 e deve pousar na capital libanesa por volta das 11h, no hor\u00e1rio de Bras\u00edlia. A opera\u00e7\u00e3o, denominada &#8220;Ra\u00edzes de Cedro&#8221;, tem como objetivo repatriar at\u00e9 500 &hellip;<\/p>\n","protected":false},"author":30,"featured_media":118645,"comment_status":"open","ping_status":"closed","sticky":false,"template":"","format":"standard","meta":{"footnotes":""},"categories":[84],"tags":[57870,11,68747],"class_list":["post-118644","post","type-post","status-publish","format-standard","has-post-thumbnail","hentry","category-mundo","tag-libano","tag-operacao","tag-repatriar-brasileiros"],"yoast_head":"<!-- This site is optimized with the Yoast SEO plugin v27.4 - https:\/\/yoast.com\/product\/yoast-seo-wordpress\/ -->\n<title>Avi\u00e3o da FAB parte para repatria\u00e7\u00e3o de brasileiros no L\u00edbano - Litoral SP<\/title>\n<meta name=\"description\" content=\"Neste s\u00e1bado (5), o avi\u00e3o KC-30 da For\u00e7a A\u00e9rea Brasileira (FAB) decolou de Lisboa rumo a Beirute para repatriar brasileiros que est\u00e3o no L\u00edbano.\" \/>\n<meta name=\"robots\" content=\"index, follow, max-snippet:-1, max-image-preview:large, max-video-preview:-1\" \/>\n<link rel=\"canonical\" href=\"https:\/\/redenoticiaz.com.br\/litoralsp\/2024\/10\/06\/aviao-da-fab-parte-para-repatriacao-de-brasileiros-no-libano\" \/>\n<meta property=\"og:locale\" content=\"pt_BR\" \/>\n<meta property=\"og:type\" content=\"article\" \/>\n<meta property=\"og:title\" content=\"Avi\u00e3o da FAB parte para repatria\u00e7\u00e3o de brasileiros no L\u00edbano - Litoral SP\" \/>\n<meta property=\"og:description\" content=\"Neste s\u00e1bado (5), o avi\u00e3o KC-30 da For\u00e7a A\u00e9rea Brasileira (FAB) decolou de Lisboa rumo a Beirute para repatriar brasileiros que est\u00e3o no L\u00edbano.\" \/>\n<meta property=\"og:url\" content=\"https:\/\/redenoticiaz.com.br\/litoralsp\/2024\/10\/06\/aviao-da-fab-parte-para-repatriacao-de-brasileiros-no-libano\" \/>\n<meta property=\"og:site_name\" content=\"Litoral SP\" \/>\n<meta property=\"article:published_time\" content=\"2024-10-06T17:00:26+00:00\" \/>\n<meta property=\"og:image\" content=\"https:\/\/redenoticiaz.com.br\/litoralsp\/wp-content\/uploads\/sites\/3\/2024\/10\/Captura-de-tela-2024-10-04-142433.jpg?v=1728062684\" \/>\n\t<meta property=\"og:image:width\" content=\"543\" \/>\n\t<meta property=\"og:image:height\" content=\"276\" \/>\n\t<meta property=\"og:image:type\" content=\"image\/jpeg\" \/>\n<meta name=\"author\" content=\"Carina Reifonas\" \/>\n<meta name=\"twitter:card\" content=\"summary_large_image\" \/>\n<meta name=\"twitter:label1\" content=\"Escrito por\" \/>\n\t<meta name=\"twitter:data1\" content=\"Carina Reifonas\" \/>\n\t<meta name=\"twitter:label2\" content=\"Est. tempo de leitura\" \/>\n\t<meta name=\"twitter:data2\" content=\"1 minuto\" \/>\n<script type=\"application\/ld+json\" class=\"yoast-schema-graph\">{\"@context\":\"https:\\\/\\\/schema.org\",\"@graph\":[{\"@type\":\"Article\",\"@id\":\"https:\\\/\\\/redenoticiaz.com.br\\\/litoralsp\\\/2024\\\/10\\\/06\\\/aviao-da-fab-parte-para-repatriacao-de-brasileiros-no-libano#article\",\"isPartOf\":{\"@id\":\"https:\\\/\\\/redenoticiaz.com.br\\\/litoralsp\\\/2024\\\/10\\\/06\\\/aviao-da-fab-parte-para-repatriacao-de-brasileiros-no-libano\"},\"author\":{\"name\":\"Carina Reifonas\",\"@id\":\"https:\\\/\\\/redenoticiaz.com.br\\\/litoralsp\\\/#\\\/schema\\\/person\\\/1f84d6e94e6a62d2d81199d7503e9e90\"},\"headline\":\"Avi\u00e3o da FAB parte para repatria\u00e7\u00e3o de brasileiros no L\u00edbano\",\"datePublished\":\"2024-10-06T17:00:26+00:00\",\"mainEntityOfPage\":{\"@id\":\"https:\\\/\\\/redenoticiaz.com.br\\\/litoralsp\\\/2024\\\/10\\\/06\\\/aviao-da-fab-parte-para-repatriacao-de-brasileiros-no-libano\"},\"wordCount\":158,\"commentCount\":0,\"publisher\":{\"@id\":\"https:\\\/\\\/redenoticiaz.com.br\\\/litoralsp\\\/#organization\"},\"image\":{\"@id\":\"https:\\\/\\\/redenoticiaz.com.br\\\/litoralsp\\\/2024\\\/10\\\/06\\\/aviao-da-fab-parte-para-repatriacao-de-brasileiros-no-libano#primaryimage\"},\"thumbnailUrl\":\"https:\\\/\\\/redenoticiaz.com.br\\\/litoralsp\\\/wp-content\\\/uploads\\\/sites\\\/3\\\/2024\\\/10\\\/Captura-de-tela-2024-10-04-142433.jpg?v=1728062684\",\"keywords\":[\"L\u00edbano\",\"opera\u00e7\u00e3o\",\"Repatriar Brasileiros\"],\"articleSection\":[\"Mundo\"],\"inLanguage\":\"pt-BR\",\"potentialAction\":[{\"@type\":\"CommentAction\",\"name\":\"Comment\",\"target\":[\"https:\\\/\\\/redenoticiaz.com.br\\\/litoralsp\\\/2024\\\/10\\\/06\\\/aviao-da-fab-parte-para-repatriacao-de-brasileiros-no-libano#respond\"]}]},{\"@type\":\"WebPage\",\"@id\":\"https:\\\/\\\/redenoticiaz.com.br\\\/litoralsp\\\/2024\\\/10\\\/06\\\/aviao-da-fab-parte-para-repatriacao-de-brasileiros-no-libano\",\"url\":\"https:\\\/\\\/redenoticiaz.com.br\\\/litoralsp\\\/2024\\\/10\\\/06\\\/aviao-da-fab-parte-para-repatriacao-de-brasileiros-no-libano\",\"name\":\"Avi\u00e3o da FAB parte para repatria\u00e7\u00e3o de brasileiros no L\u00edbano - Litoral SP\",\"isPartOf\":{\"@id\":\"https:\\\/\\\/redenoticiaz.com.br\\\/litoralsp\\\/#website\"},\"primaryImageOfPage\":{\"@id\":\"https:\\\/\\\/redenoticiaz.com.br\\\/litoralsp\\\/2024\\\/10\\\/06\\\/aviao-da-fab-parte-para-repatriacao-de-brasileiros-no-libano#primaryimage\"},\"image\":{\"@id\":\"https:\\\/\\\/redenoticiaz.com.br\\\/litoralsp\\\/2024\\\/10\\\/06\\\/aviao-da-fab-parte-para-repatriacao-de-brasileiros-no-libano#primaryimage\"},\"thumbnailUrl\":\"https:\\\/\\\/redenoticiaz.com.br\\\/litoralsp\\\/wp-content\\\/uploads\\\/sites\\\/3\\\/2024\\\/10\\\/Captura-de-tela-2024-10-04-142433.jpg?v=1728062684\",\"datePublished\":\"2024-10-06T17:00:26+00:00\",\"description\":\"Neste s\u00e1bado (5), o avi\u00e3o KC-30 da For\u00e7a A\u00e9rea Brasileira (FAB) decolou de Lisboa rumo a Beirute para repatriar brasileiros que est\u00e3o no L\u00edbano.\",\"inLanguage\":\"pt-BR\",\"potentialAction\":[{\"@type\":\"ReadAction\",\"target\":[\"https:\\\/\\\/redenoticiaz.com.br\\\/litoralsp\\\/2024\\\/10\\\/06\\\/aviao-da-fab-parte-para-repatriacao-de-brasileiros-no-libano\"]}]},{\"@type\":\"ImageObject\",\"inLanguage\":\"pt-BR\",\"@id\":\"https:\\\/\\\/redenoticiaz.com.br\\\/litoralsp\\\/2024\\\/10\\\/06\\\/aviao-da-fab-parte-para-repatriacao-de-brasileiros-no-libano#primaryimage\",\"url\":\"https:\\\/\\\/redenoticiaz.com.br\\\/litoralsp\\\/wp-content\\\/uploads\\\/sites\\\/3\\\/2024\\\/10\\\/Captura-de-tela-2024-10-04-142433.jpg?v=1728062684\",\"contentUrl\":\"https:\\\/\\\/redenoticiaz.com.br\\\/litoralsp\\\/wp-content\\\/uploads\\\/sites\\\/3\\\/2024\\\/10\\\/Captura-de-tela-2024-10-04-142433.jpg?v=1728062684\",\"width\":543,\"height\":276},{\"@type\":\"WebSite\",\"@id\":\"https:\\\/\\\/redenoticiaz.com.br\\\/litoralsp\\\/#website\",\"url\":\"https:\\\/\\\/redenoticiaz.com.br\\\/litoralsp\\\/\",\"name\":\"Litoral SP\",\"description\":\"Rede NoticiaZ\",\"publisher\":{\"@id\":\"https:\\\/\\\/redenoticiaz.com.br\\\/litoralsp\\\/#organization\"},\"potentialAction\":[{\"@type\":\"SearchAction\",\"target\":{\"@type\":\"EntryPoint\",\"urlTemplate\":\"https:\\\/\\\/redenoticiaz.com.br\\\/litoralsp\\\/?s={search_term_string}\"},\"query-input\":{\"@type\":\"PropertyValueSpecification\",\"valueRequired\":true,\"valueName\":\"search_term_string\"}}],\"inLanguage\":\"pt-BR\"},{\"@type\":\"Organization\",\"@id\":\"https:\\\/\\\/redenoticiaz.com.br\\\/litoralsp\\\/#organization\",\"name\":\"Litoral SP\",\"url\":\"https:\\\/\\\/redenoticiaz.com.br\\\/litoralsp\\\/\",\"logo\":{\"@type\":\"ImageObject\",\"inLanguage\":\"pt-BR\",\"@id\":\"https:\\\/\\\/redenoticiaz.com.br\\\/litoralsp\\\/#\\\/schema\\\/logo\\\/image\\\/\",\"url\":\"https:\\\/\\\/redenoticiaz.com.br\\\/litoralsp\\\/wp-content\\\/uploads\\\/sites\\\/3\\\/2020\\\/11\\\/logo.jpg\",\"contentUrl\":\"https:\\\/\\\/redenoticiaz.com.br\\\/litoralsp\\\/wp-content\\\/uploads\\\/sites\\\/3\\\/2020\\\/11\\\/logo.jpg\",\"width\":400,\"height\":250,\"caption\":\"Litoral SP\"},\"image\":{\"@id\":\"https:\\\/\\\/redenoticiaz.com.br\\\/litoralsp\\\/#\\\/schema\\\/logo\\\/image\\\/\"}},{\"@type\":\"Person\",\"@id\":\"https:\\\/\\\/redenoticiaz.com.br\\\/litoralsp\\\/#\\\/schema\\\/person\\\/1f84d6e94e6a62d2d81199d7503e9e90\",\"name\":\"Carina Reifonas\",\"image\":{\"@type\":\"ImageObject\",\"inLanguage\":\"pt-BR\",\"@id\":\"https:\\\/\\\/secure.gravatar.com\\\/avatar\\\/04c59859b23696cf867715880f81d5c037e60109730bdb4e6670ec2a2245bc97?s=96&d=mm&r=g\",\"url\":\"https:\\\/\\\/secure.gravatar.com\\\/avatar\\\/04c59859b23696cf867715880f81d5c037e60109730bdb4e6670ec2a2245bc97?s=96&d=mm&r=g\",\"contentUrl\":\"https:\\\/\\\/secure.gravatar.com\\\/avatar\\\/04c59859b23696cf867715880f81d5c037e60109730bdb4e6670ec2a2245bc97?s=96&d=mm&r=g\",\"caption\":\"Carina Reifonas\"},\"url\":\"https:\\\/\\\/redenoticiaz.com.br\\\/litoralsp\\\/author\\\/carinareifonas\"}]}<\/script>\n<!-- \/ Yoast SEO plugin. -->","yoast_head_json":{"title":"Avi\u00e3o da FAB parte para repatria\u00e7\u00e3o de brasileiros no L\u00edbano - Litoral SP","description":"Neste s\u00e1bado (5), o avi\u00e3o KC-30 da For\u00e7a A\u00e9rea Brasileira (FAB) decolou de Lisboa rumo a Beirute para repatriar brasileiros que est\u00e3o no L\u00edbano.","robots":{"index":"index","follow":"follow","max-snippet":"max-snippet:-1","max-image-preview":"max-image-preview:large","max-video-preview":"max-video-preview:-1"},"canonical":"https:\/\/redenoticiaz.com.br\/litoralsp\/2024\/10\/06\/aviao-da-fab-parte-para-repatriacao-de-brasileiros-no-libano","og_locale":"pt_BR","og_type":"article","og_title":"Avi\u00e3o da FAB parte para repatria\u00e7\u00e3o de brasileiros no L\u00edbano - Litoral SP","og_description":"Neste s\u00e1bado (5), o avi\u00e3o KC-30 da For\u00e7a A\u00e9rea Brasileira (FAB) decolou de Lisboa rumo a Beirute para repatriar brasileiros que est\u00e3o no L\u00edbano.","og_url":"https:\/\/redenoticiaz.com.br\/litoralsp\/2024\/10\/06\/aviao-da-fab-parte-para-repatriacao-de-brasileiros-no-libano","og_site_name":"Litoral SP","article_published_time":"2024-10-06T17:00:26+00:00","og_image":[{"width":543,"height":276,"url":"https:\/\/redenoticiaz.com.br\/litoralsp\/wp-content\/uploads\/sites\/3\/2024\/10\/Captura-de-tela-2024-10-04-142433.jpg?v=1728062684","type":"image\/jpeg"}],"author":"Carina Reifonas","twitter_card":"summary_large_image","twitter_misc":{"Escrito por":"Carina Reifonas","Est. tempo de leitura":"1 minuto"},"schema":{"@context":"https:\/\/schema.org","@graph":[{"@type":"Article","@id":"https:\/\/redenoticiaz.com.br\/litoralsp\/2024\/10\/06\/aviao-da-fab-parte-para-repatriacao-de-brasileiros-no-libano#article","isPartOf":{"@id":"https:\/\/redenoticiaz.com.br\/litoralsp\/2024\/10\/06\/aviao-da-fab-parte-para-repatriacao-de-brasileiros-no-libano"},"author":{"name":"Carina Reifonas","@id":"https:\/\/redenoticiaz.com.br\/litoralsp\/#\/schema\/person\/1f84d6e94e6a62d2d81199d7503e9e90"},"headline":"Avi\u00e3o da FAB parte para repatria\u00e7\u00e3o de brasileiros no L\u00edbano","datePublished":"2024-10-06T17:00:26+00:00","mainEntityOfPage":{"@id":"https:\/\/redenoticiaz.com.br\/litoralsp\/2024\/10\/06\/aviao-da-fab-parte-para-repatriacao-de-brasileiros-no-libano"},"wordCount":158,"commentCount":0,"publisher":{"@id":"https:\/\/redenoticiaz.com.br\/litoralsp\/#organization"},"image":{"@id":"https:\/\/redenoticiaz.com.br\/litoralsp\/2024\/10\/06\/aviao-da-fab-parte-para-repatriacao-de-brasileiros-no-libano#primaryimage"},"thumbnailUrl":"https:\/\/redenoticiaz.com.br\/litoralsp\/wp-content\/uploads\/sites\/3\/2024\/10\/Captura-de-tela-2024-10-04-142433.jpg?v=1728062684","keywords":["L\u00edbano","opera\u00e7\u00e3o","Repatriar Brasileiros"],"articleSection":["Mundo"],"inLanguage":"pt-BR","potentialAction":[{"@type":"CommentAction","name":"Comment","target":["https:\/\/redenoticiaz.com.br\/litoralsp\/2024\/10\/06\/aviao-da-fab-parte-para-repatriacao-de-brasileiros-no-libano#respond"]}]},{"@type":"WebPage","@id":"https:\/\/redenoticiaz.com.br\/litoralsp\/2024\/10\/06\/aviao-da-fab-parte-para-repatriacao-de-brasileiros-no-libano","url":"https:\/\/redenoticiaz.com.br\/litoralsp\/2024\/10\/06\/aviao-da-fab-parte-para-repatriacao-de-brasileiros-no-libano","name":"Avi\u00e3o da FAB parte para repatria\u00e7\u00e3o de brasileiros no L\u00edbano - Litoral SP","isPartOf":{"@id":"https:\/\/redenoticiaz.com.br\/litoralsp\/#website"},"primaryImageOfPage":{"@id":"https:\/\/redenoticiaz.com.br\/litoralsp\/2024\/10\/06\/aviao-da-fab-parte-para-repatriacao-de-brasileiros-no-libano#primaryimage"},"image":{"@id":"https:\/\/redenoticiaz.com.br\/litoralsp\/2024\/10\/06\/aviao-da-fab-parte-para-repatriacao-de-brasileiros-no-libano#primaryimage"},"thumbnailUrl":"https:\/\/redenoticiaz.com.br\/litoralsp\/wp-content\/uploads\/sites\/3\/2024\/10\/Captura-de-tela-2024-10-04-142433.jpg?v=1728062684","datePublished":"2024-10-06T17:00:26+00:00","description":"Neste s\u00e1bado (5), o avi\u00e3o KC-30 da For\u00e7a A\u00e9rea Brasileira (FAB) decolou de Lisboa rumo a Beirute para repatriar brasileiros que est\u00e3o no L\u00edbano.","inLanguage":"pt-BR","potentialAction":[{"@type":"ReadAction","target":["https:\/\/redenoticiaz.com.br\/litoralsp\/2024\/10\/06\/aviao-da-fab-parte-para-repatriacao-de-brasileiros-no-libano"]}]},{"@type":"ImageObject","inLanguage":"pt-BR","@id":"https:\/\/redenoticiaz.com.br\/litoralsp\/2024\/10\/06\/aviao-da-fab-parte-para-repatriacao-de-brasileiros-no-libano#primaryimage","url":"https:\/\/redenoticiaz.com.br\/litoralsp\/wp-content\/uploads\/sites\/3\/2024\/10\/Captura-de-tela-2024-10-04-142433.jpg?v=1728062684","contentUrl":"https:\/\/redenoticiaz.com.br\/litoralsp\/wp-content\/uploads\/sites\/3\/2024\/10\/Captura-de-tela-2024-10-04-142433.jpg?v=1728062684","width":543,"height":276},{"@type":"WebSite","@id":"https:\/\/redenoticiaz.com.br\/litoralsp\/#website","url":"https:\/\/redenoticiaz.com.br\/litoralsp\/","name":"Litoral SP","description":"Rede NoticiaZ","publisher":{"@id":"https:\/\/redenoticiaz.com.br\/litoralsp\/#organization"},"potentialAction":[{"@type":"SearchAction","target":{"@type":"EntryPoint","urlTemplate":"https:\/\/redenoticiaz.com.br\/litoralsp\/?s={search_term_string}"},"query-input":{"@type":"PropertyValueSpecification","valueRequired":true,"valueName":"search_term_string"}}],"inLanguage":"pt-BR"},{"@type":"Organization","@id":"https:\/\/redenoticiaz.com.br\/litoralsp\/#organization","name":"Litoral SP","url":"https:\/\/redenoticiaz.com.br\/litoralsp\/","logo":{"@type":"ImageObject","inLanguage":"pt-BR","@id":"https:\/\/redenoticiaz.com.br\/litoralsp\/#\/schema\/logo\/image\/","url":"https:\/\/redenoticiaz.com.br\/litoralsp\/wp-content\/uploads\/sites\/3\/2020\/11\/logo.jpg","contentUrl":"https:\/\/redenoticiaz.com.br\/litoralsp\/wp-content\/uploads\/sites\/3\/2020\/11\/logo.jpg","width":400,"height":250,"caption":"Litoral SP"},"image":{"@id":"https:\/\/redenoticiaz.com.br\/litoralsp\/#\/schema\/logo\/image\/"}},{"@type":"Person","@id":"https:\/\/redenoticiaz.com.br\/litoralsp\/#\/schema\/person\/1f84d6e94e6a62d2d81199d7503e9e90","name":"Carina Reifonas","image":{"@type":"ImageObject","inLanguage":"pt-BR","@id":"https:\/\/secure.gravatar.com\/avatar\/04c59859b23696cf867715880f81d5c037e60109730bdb4e6670ec2a2245bc97?s=96&d=mm&r=g","url":"https:\/\/secure.gravatar.com\/avatar\/04c59859b23696cf867715880f81d5c037e60109730bdb4e6670ec2a2245bc97?s=96&d=mm&r=g","contentUrl":"https:\/\/secure.gravatar.com\/avatar\/04c59859b23696cf867715880f81d5c037e60109730bdb4e6670ec2a2245bc97?s=96&d=mm&r=g","caption":"Carina Reifonas"},"url":"https:\/\/redenoticiaz.com.br\/litoralsp\/author\/carinareifonas"}]}},"_links":{"self":[{"href":"https:\/\/redenoticiaz.com.br\/litoralsp\/wp-json\/wp\/v2\/posts\/118644","targetHints":{"allow":["GET"]}}],"collection":[{"href":"https:\/\/redenoticiaz.com.br\/litoralsp\/wp-json\/wp\/v2\/posts"}],"about":[{"href":"https:\/\/redenoticiaz.com.br\/litoralsp\/wp-json\/wp\/v2\/types\/post"}],"author":[{"embeddable":true,"href":"https:\/\/redenoticiaz.com.br\/litoralsp\/wp-json\/wp\/v2\/users\/30"}],"replies":[{"embeddable":true,"href":"https:\/\/redenoticiaz.com.br\/litoralsp\/wp-json\/wp\/v2\/comments?post=118644"}],"version-history":[{"count":1,"href":"https:\/\/redenoticiaz.com.br\/litoralsp\/wp-json\/wp\/v2\/posts\/118644\/revisions"}],"predecessor-version":[{"id":118662,"href":"https:\/\/redenoticiaz.com.br\/litoralsp\/wp-json\/wp\/v2\/posts\/118644\/revisions\/118662"}],"wp:featuredmedia":[{"embeddable":true,"href":"https:\/\/redenoticiaz.com.br\/litoralsp\/wp-json\/wp\/v2\/media\/118645"}],"wp:attachment":[{"href":"https:\/\/redenoticiaz.com.br\/litoralsp\/wp-json\/wp\/v2\/media?parent=118644"}],"wp:term":[{"taxonomy":"category","embeddable":true,"href":"https:\/\/redenoticiaz.com.br\/litoralsp\/wp-json\/wp\/v2\/categories?post=118644"},{"taxonomy":"post_tag","embeddable":true,"href":"https:\/\/redenoticiaz.com.br\/litoralsp\/wp-json\/wp\/v2\/tags?post=118644"}],"curies":[{"name":"wp","href":"https:\/\/api.w.org\/{rel}","templated":true}]}}