{"id":118730,"date":"2024-10-09T16:58:26","date_gmt":"2024-10-09T19:58:26","guid":{"rendered":"https:\/\/redenoticiaz.com.br\/litoralsp\/2024\/10\/09\/prestadoras-sao-notificadas-pela-anatel-para-liberar-acesso-ao-x"},"modified":"2024-10-09T16:58:36","modified_gmt":"2024-10-09T19:58:36","slug":"prestadoras-sao-notificadas-pela-anatel-para-liberar-acesso-ao-x","status":"publish","type":"post","link":"https:\/\/redenoticiaz.com.br\/litoralsp\/2024\/10\/09\/prestadoras-sao-notificadas-pela-anatel-para-liberar-acesso-ao-x","title":{"rendered":"Prestadoras s\u00e3o notificadas pela Anatel para liberar acesso ao X"},"content":{"rendered":"<p>A\u00a0Ag\u00eancia Nacional de Telecomunica\u00e7\u00f5es (Anatel)\u00a0iniciou nesta quarta-feira (9) a notifica\u00e7\u00e3o das prestadoras de servi\u00e7os de telecomunica\u00e7\u00f5es para que permitam a seus clientes o acesso \u00e0 plataforma X.<img decoding=\"async\" src=\"https:\/\/agenciabrasil.ebc.com.br\/ebc.png?id=1614941&amp;o=node\" \/><img decoding=\"async\" src=\"https:\/\/agenciabrasil.ebc.com.br\/ebc.gif?id=1614941&amp;o=node\" \/><\/p>\n<p>A medida atende \u00e0 determina\u00e7\u00e3o do\u00a0Supremo Tribunal Federal\u00a0 (STF), que havia suspendido o acesso diante da recusa da plataforma em obedecer a decis\u00f5es judiciais.<\/p>\n<p>De acordo com nota da Anatel, caber\u00e1 a cada uma das prestadoras tomar as provid\u00eancias t\u00e9cnicas necess\u00e1rias para implementar a ordem judicial. O tempo para a execu\u00e7\u00e3o do desbloqueio depender\u00e1 das medidas empregadas pelas prestadoras, conforme suas especificidades.<\/p>\n<p>O ministro Alexandre de Moraes, do STF, determinou nessa ter\u00e7a-feira (8) o desbloqueio da rede social X no Brasil.\u00a0O bloqueio durou cerca de 40 dias.<\/p>\n<p>Ele foi determinado no dia 30 de setembro ap\u00f3s a empresa fechar seu escrit\u00f3rio do Brasil e deixar de ter um representante legal no pa\u00eds, condi\u00e7\u00e3o obrigat\u00f3ria para qualquer firma funcionar.<\/p>\n<p>O bilion\u00e1rio Elon Musk, dono da rede social, anunciou o fechamento da sede da empresa no Brasil ap\u00f3s a rede ser multada por se recusar a cumprir a determina\u00e7\u00e3o de retirar do ar perfis de investigados pela Corte pela publica\u00e7\u00e3o de mensagens consideradas antidemocr\u00e1ticas.<\/p>\n<p>No entanto, a representa\u00e7\u00e3o foi reativada nas \u00faltimas semanas, e a advogada Rachel Villa Nova voltou a ser a representante legal da rede. Com a reabertura da representa\u00e7\u00e3o e o pagamento de multas que somam R$ 28,6 milh\u00f5es, o X pediu ao ministro para voltar ao ar.<\/p>\n<p><strong>Leia mais<\/strong><\/p>\n<p><a href=\"https:\/\/redenoticiaz.com.br\/blog\/2023\/07\/25\/twitter-troca-logotipo-e-substitui-passaro-azul-por-x\">Twitter troca logotipo e substitui p\u00e1ssaro azul por X<\/a><\/p>\n<p><a href=\"https:\/\/redenoticiaz.com.br\/blog\/2023\/07\/25\/twitter-troca-logotipo-e-substitui-passaro-azul-por-x\">Twitter troca logotipo e substitui p\u00e1ssaro azul por X<\/a><\/p>\n","protected":false},"excerpt":{"rendered":"<p>A\u00a0Ag\u00eancia Nacional de Telecomunica\u00e7\u00f5es (Anatel)\u00a0iniciou nesta quarta-feira (9) a notifica\u00e7\u00e3o das prestadoras de servi\u00e7os de telecomunica\u00e7\u00f5es para que permitam a seus clientes o acesso \u00e0 plataforma X. A medida atende \u00e0 determina\u00e7\u00e3o do\u00a0Supremo Tribunal Federal\u00a0 (STF), que havia suspendido o acesso diante da recusa da plataforma em obedecer a decis\u00f5es judiciais. De acordo com nota &hellip;<\/p>\n","protected":false},"author":12,"featured_media":108655,"comment_status":"open","ping_status":"closed","sticky":false,"template":"","format":"standard","meta":{"footnotes":""},"categories":[22,937],"tags":[26104,54577,66357],"class_list":["post-118730","post","type-post","status-publish","format-standard","has-post-thumbnail","hentry","category-justica","category-tecnologia","tag-anatel","tag-twitter","tag-x"],"yoast_head":"<!-- This site is optimized with the Yoast SEO plugin v27.4 - https:\/\/yoast.com\/product\/yoast-seo-wordpress\/ -->\n<title>Prestadoras s\u00e3o notificadas pela Anatel para liberar acesso ao X - Litoral SP<\/title>\n<meta name=\"description\" content=\"A\u00a0Ag\u00eancia Nacional de Telecomunica\u00e7\u00f5es (Anatel)\u00a0iniciou nesta quarta-feira (9) a notifica\u00e7\u00e3o das prestadoras de servi\u00e7os de telecomunica\u00e7\u00f5es para que permitam a seus clientes o acesso \u00e0 plataforma X.\" \/>\n<meta name=\"robots\" content=\"index, follow, max-snippet:-1, max-image-preview:large, max-video-preview:-1\" \/>\n<link rel=\"canonical\" href=\"https:\/\/redenoticiaz.com.br\/litoralsp\/2024\/10\/09\/prestadoras-sao-notificadas-pela-anatel-para-liberar-acesso-ao-x\" \/>\n<meta property=\"og:locale\" content=\"pt_BR\" \/>\n<meta property=\"og:type\" content=\"article\" \/>\n<meta property=\"og:title\" content=\"Prestadoras s\u00e3o notificadas pela Anatel para liberar acesso ao X - Litoral SP\" \/>\n<meta property=\"og:description\" content=\"A\u00a0Ag\u00eancia Nacional de Telecomunica\u00e7\u00f5es (Anatel)\u00a0iniciou nesta quarta-feira (9) a notifica\u00e7\u00e3o das prestadoras de servi\u00e7os de telecomunica\u00e7\u00f5es para que permitam a seus clientes o acesso \u00e0 plataforma X.\" \/>\n<meta property=\"og:url\" content=\"https:\/\/redenoticiaz.com.br\/litoralsp\/2024\/10\/09\/prestadoras-sao-notificadas-pela-anatel-para-liberar-acesso-ao-x\" \/>\n<meta property=\"og:site_name\" content=\"Litoral SP\" \/>\n<meta property=\"article:published_time\" content=\"2024-10-09T19:58:26+00:00\" \/>\n<meta property=\"article:modified_time\" content=\"2024-10-09T19:58:36+00:00\" \/>\n<meta property=\"og:image\" content=\"https:\/\/redenoticiaz.com.br\/litoralsp\/wp-content\/uploads\/sites\/3\/2023\/07\/2023-07-24t175958z_1_lynxmpej6n0pc_rtroptp_4_twitter-musk-logo.jpg\" \/>\n\t<meta property=\"og:image:width\" content=\"1170\" \/>\n\t<meta property=\"og:image:height\" content=\"700\" \/>\n\t<meta property=\"og:image:type\" content=\"image\/jpeg\" \/>\n<meta name=\"author\" content=\"Gustavo Silva\" \/>\n<meta name=\"twitter:card\" content=\"summary_large_image\" \/>\n<meta name=\"twitter:label1\" content=\"Escrito por\" \/>\n\t<meta name=\"twitter:data1\" content=\"Gustavo Silva\" \/>\n\t<meta name=\"twitter:label2\" content=\"Est. tempo de leitura\" \/>\n\t<meta name=\"twitter:data2\" content=\"3 minutos\" \/>\n<script type=\"application\/ld+json\" class=\"yoast-schema-graph\">{\"@context\":\"https:\\\/\\\/schema.org\",\"@graph\":[{\"@type\":\"Article\",\"@id\":\"https:\\\/\\\/redenoticiaz.com.br\\\/litoralsp\\\/2024\\\/10\\\/09\\\/prestadoras-sao-notificadas-pela-anatel-para-liberar-acesso-ao-x#article\",\"isPartOf\":{\"@id\":\"https:\\\/\\\/redenoticiaz.com.br\\\/litoralsp\\\/2024\\\/10\\\/09\\\/prestadoras-sao-notificadas-pela-anatel-para-liberar-acesso-ao-x\"},\"author\":{\"name\":\"Gustavo Silva\",\"@id\":\"https:\\\/\\\/redenoticiaz.com.br\\\/litoralsp\\\/#\\\/schema\\\/person\\\/16057b37a3c0ee6b096d7f887c566e2e\"},\"headline\":\"Prestadoras s\u00e3o notificadas pela Anatel para liberar acesso ao X\",\"datePublished\":\"2024-10-09T19:58:26+00:00\",\"dateModified\":\"2024-10-09T19:58:36+00:00\",\"mainEntityOfPage\":{\"@id\":\"https:\\\/\\\/redenoticiaz.com.br\\\/litoralsp\\\/2024\\\/10\\\/09\\\/prestadoras-sao-notificadas-pela-anatel-para-liberar-acesso-ao-x\"},\"wordCount\":291,\"commentCount\":0,\"publisher\":{\"@id\":\"https:\\\/\\\/redenoticiaz.com.br\\\/litoralsp\\\/#organization\"},\"image\":{\"@id\":\"https:\\\/\\\/redenoticiaz.com.br\\\/litoralsp\\\/2024\\\/10\\\/09\\\/prestadoras-sao-notificadas-pela-anatel-para-liberar-acesso-ao-x#primaryimage\"},\"thumbnailUrl\":\"https:\\\/\\\/redenoticiaz.com.br\\\/litoralsp\\\/wp-content\\\/uploads\\\/sites\\\/3\\\/2023\\\/07\\\/2023-07-24t175958z_1_lynxmpej6n0pc_rtroptp_4_twitter-musk-logo.jpg\",\"keywords\":[\"ANATEL\",\"TWITTER\",\"x\"],\"articleSection\":[\"Justi\u00e7a\",\"Tecnologia\"],\"inLanguage\":\"pt-BR\",\"potentialAction\":[{\"@type\":\"CommentAction\",\"name\":\"Comment\",\"target\":[\"https:\\\/\\\/redenoticiaz.com.br\\\/litoralsp\\\/2024\\\/10\\\/09\\\/prestadoras-sao-notificadas-pela-anatel-para-liberar-acesso-ao-x#respond\"]}]},{\"@type\":\"WebPage\",\"@id\":\"https:\\\/\\\/redenoticiaz.com.br\\\/litoralsp\\\/2024\\\/10\\\/09\\\/prestadoras-sao-notificadas-pela-anatel-para-liberar-acesso-ao-x\",\"url\":\"https:\\\/\\\/redenoticiaz.com.br\\\/litoralsp\\\/2024\\\/10\\\/09\\\/prestadoras-sao-notificadas-pela-anatel-para-liberar-acesso-ao-x\",\"name\":\"Prestadoras s\u00e3o notificadas pela Anatel para liberar acesso ao X - Litoral SP\",\"isPartOf\":{\"@id\":\"https:\\\/\\\/redenoticiaz.com.br\\\/litoralsp\\\/#website\"},\"primaryImageOfPage\":{\"@id\":\"https:\\\/\\\/redenoticiaz.com.br\\\/litoralsp\\\/2024\\\/10\\\/09\\\/prestadoras-sao-notificadas-pela-anatel-para-liberar-acesso-ao-x#primaryimage\"},\"image\":{\"@id\":\"https:\\\/\\\/redenoticiaz.com.br\\\/litoralsp\\\/2024\\\/10\\\/09\\\/prestadoras-sao-notificadas-pela-anatel-para-liberar-acesso-ao-x#primaryimage\"},\"thumbnailUrl\":\"https:\\\/\\\/redenoticiaz.com.br\\\/litoralsp\\\/wp-content\\\/uploads\\\/sites\\\/3\\\/2023\\\/07\\\/2023-07-24t175958z_1_lynxmpej6n0pc_rtroptp_4_twitter-musk-logo.jpg\",\"datePublished\":\"2024-10-09T19:58:26+00:00\",\"dateModified\":\"2024-10-09T19:58:36+00:00\",\"description\":\"A\u00a0Ag\u00eancia Nacional de Telecomunica\u00e7\u00f5es (Anatel)\u00a0iniciou nesta quarta-feira (9) a notifica\u00e7\u00e3o das prestadoras de servi\u00e7os de telecomunica\u00e7\u00f5es para que permitam a seus clientes o acesso \u00e0 plataforma X.\",\"inLanguage\":\"pt-BR\",\"potentialAction\":[{\"@type\":\"ReadAction\",\"target\":[\"https:\\\/\\\/redenoticiaz.com.br\\\/litoralsp\\\/2024\\\/10\\\/09\\\/prestadoras-sao-notificadas-pela-anatel-para-liberar-acesso-ao-x\"]}]},{\"@type\":\"ImageObject\",\"inLanguage\":\"pt-BR\",\"@id\":\"https:\\\/\\\/redenoticiaz.com.br\\\/litoralsp\\\/2024\\\/10\\\/09\\\/prestadoras-sao-notificadas-pela-anatel-para-liberar-acesso-ao-x#primaryimage\",\"url\":\"https:\\\/\\\/redenoticiaz.com.br\\\/litoralsp\\\/wp-content\\\/uploads\\\/sites\\\/3\\\/2023\\\/07\\\/2023-07-24t175958z_1_lynxmpej6n0pc_rtroptp_4_twitter-musk-logo.jpg\",\"contentUrl\":\"https:\\\/\\\/redenoticiaz.com.br\\\/litoralsp\\\/wp-content\\\/uploads\\\/sites\\\/3\\\/2023\\\/07\\\/2023-07-24t175958z_1_lynxmpej6n0pc_rtroptp_4_twitter-musk-logo.jpg\",\"width\":1170,\"height\":700,\"caption\":\"Twitter troca logotipo e substitui p\u00e1ssaro azul por X\"},{\"@type\":\"WebSite\",\"@id\":\"https:\\\/\\\/redenoticiaz.com.br\\\/litoralsp\\\/#website\",\"url\":\"https:\\\/\\\/redenoticiaz.com.br\\\/litoralsp\\\/\",\"name\":\"Litoral SP\",\"description\":\"Rede NoticiaZ\",\"publisher\":{\"@id\":\"https:\\\/\\\/redenoticiaz.com.br\\\/litoralsp\\\/#organization\"},\"potentialAction\":[{\"@type\":\"SearchAction\",\"target\":{\"@type\":\"EntryPoint\",\"urlTemplate\":\"https:\\\/\\\/redenoticiaz.com.br\\\/litoralsp\\\/?s={search_term_string}\"},\"query-input\":{\"@type\":\"PropertyValueSpecification\",\"valueRequired\":true,\"valueName\":\"search_term_string\"}}],\"inLanguage\":\"pt-BR\"},{\"@type\":\"Organization\",\"@id\":\"https:\\\/\\\/redenoticiaz.com.br\\\/litoralsp\\\/#organization\",\"name\":\"Litoral SP\",\"url\":\"https:\\\/\\\/redenoticiaz.com.br\\\/litoralsp\\\/\",\"logo\":{\"@type\":\"ImageObject\",\"inLanguage\":\"pt-BR\",\"@id\":\"https:\\\/\\\/redenoticiaz.com.br\\\/litoralsp\\\/#\\\/schema\\\/logo\\\/image\\\/\",\"url\":\"https:\\\/\\\/redenoticiaz.com.br\\\/litoralsp\\\/wp-content\\\/uploads\\\/sites\\\/3\\\/2020\\\/11\\\/logo.jpg\",\"contentUrl\":\"https:\\\/\\\/redenoticiaz.com.br\\\/litoralsp\\\/wp-content\\\/uploads\\\/sites\\\/3\\\/2020\\\/11\\\/logo.jpg\",\"width\":400,\"height\":250,\"caption\":\"Litoral SP\"},\"image\":{\"@id\":\"https:\\\/\\\/redenoticiaz.com.br\\\/litoralsp\\\/#\\\/schema\\\/logo\\\/image\\\/\"}},{\"@type\":\"Person\",\"@id\":\"https:\\\/\\\/redenoticiaz.com.br\\\/litoralsp\\\/#\\\/schema\\\/person\\\/16057b37a3c0ee6b096d7f887c566e2e\",\"name\":\"Gustavo Silva\",\"image\":{\"@type\":\"ImageObject\",\"inLanguage\":\"pt-BR\",\"@id\":\"https:\\\/\\\/secure.gravatar.com\\\/avatar\\\/3ee4e82f93b26de0a7cf4ea5eb7893da637ed6bb0c9170c58065944c56e28a33?s=96&d=mm&r=g\",\"url\":\"https:\\\/\\\/secure.gravatar.com\\\/avatar\\\/3ee4e82f93b26de0a7cf4ea5eb7893da637ed6bb0c9170c58065944c56e28a33?s=96&d=mm&r=g\",\"contentUrl\":\"https:\\\/\\\/secure.gravatar.com\\\/avatar\\\/3ee4e82f93b26de0a7cf4ea5eb7893da637ed6bb0c9170c58065944c56e28a33?s=96&d=mm&r=g\",\"caption\":\"Gustavo Silva\"},\"url\":\"https:\\\/\\\/redenoticiaz.com.br\\\/litoralsp\\\/author\\\/gustavosilva\"}]}<\/script>\n<!-- \/ Yoast SEO plugin. -->","yoast_head_json":{"title":"Prestadoras s\u00e3o notificadas pela Anatel para liberar acesso ao X - Litoral SP","description":"A\u00a0Ag\u00eancia Nacional de Telecomunica\u00e7\u00f5es (Anatel)\u00a0iniciou nesta quarta-feira (9) a notifica\u00e7\u00e3o das prestadoras de servi\u00e7os de telecomunica\u00e7\u00f5es para que permitam a seus clientes o acesso \u00e0 plataforma X.","robots":{"index":"index","follow":"follow","max-snippet":"max-snippet:-1","max-image-preview":"max-image-preview:large","max-video-preview":"max-video-preview:-1"},"canonical":"https:\/\/redenoticiaz.com.br\/litoralsp\/2024\/10\/09\/prestadoras-sao-notificadas-pela-anatel-para-liberar-acesso-ao-x","og_locale":"pt_BR","og_type":"article","og_title":"Prestadoras s\u00e3o notificadas pela Anatel para liberar acesso ao X - Litoral SP","og_description":"A\u00a0Ag\u00eancia Nacional de Telecomunica\u00e7\u00f5es (Anatel)\u00a0iniciou nesta quarta-feira (9) a notifica\u00e7\u00e3o das prestadoras de servi\u00e7os de telecomunica\u00e7\u00f5es para que permitam a seus clientes o acesso \u00e0 plataforma X.","og_url":"https:\/\/redenoticiaz.com.br\/litoralsp\/2024\/10\/09\/prestadoras-sao-notificadas-pela-anatel-para-liberar-acesso-ao-x","og_site_name":"Litoral SP","article_published_time":"2024-10-09T19:58:26+00:00","article_modified_time":"2024-10-09T19:58:36+00:00","og_image":[{"width":1170,"height":700,"url":"https:\/\/redenoticiaz.com.br\/litoralsp\/wp-content\/uploads\/sites\/3\/2023\/07\/2023-07-24t175958z_1_lynxmpej6n0pc_rtroptp_4_twitter-musk-logo.jpg","type":"image\/jpeg"}],"author":"Gustavo Silva","twitter_card":"summary_large_image","twitter_misc":{"Escrito por":"Gustavo Silva","Est. tempo de leitura":"3 minutos"},"schema":{"@context":"https:\/\/schema.org","@graph":[{"@type":"Article","@id":"https:\/\/redenoticiaz.com.br\/litoralsp\/2024\/10\/09\/prestadoras-sao-notificadas-pela-anatel-para-liberar-acesso-ao-x#article","isPartOf":{"@id":"https:\/\/redenoticiaz.com.br\/litoralsp\/2024\/10\/09\/prestadoras-sao-notificadas-pela-anatel-para-liberar-acesso-ao-x"},"author":{"name":"Gustavo Silva","@id":"https:\/\/redenoticiaz.com.br\/litoralsp\/#\/schema\/person\/16057b37a3c0ee6b096d7f887c566e2e"},"headline":"Prestadoras s\u00e3o notificadas pela Anatel para liberar acesso ao X","datePublished":"2024-10-09T19:58:26+00:00","dateModified":"2024-10-09T19:58:36+00:00","mainEntityOfPage":{"@id":"https:\/\/redenoticiaz.com.br\/litoralsp\/2024\/10\/09\/prestadoras-sao-notificadas-pela-anatel-para-liberar-acesso-ao-x"},"wordCount":291,"commentCount":0,"publisher":{"@id":"https:\/\/redenoticiaz.com.br\/litoralsp\/#organization"},"image":{"@id":"https:\/\/redenoticiaz.com.br\/litoralsp\/2024\/10\/09\/prestadoras-sao-notificadas-pela-anatel-para-liberar-acesso-ao-x#primaryimage"},"thumbnailUrl":"https:\/\/redenoticiaz.com.br\/litoralsp\/wp-content\/uploads\/sites\/3\/2023\/07\/2023-07-24t175958z_1_lynxmpej6n0pc_rtroptp_4_twitter-musk-logo.jpg","keywords":["ANATEL","TWITTER","x"],"articleSection":["Justi\u00e7a","Tecnologia"],"inLanguage":"pt-BR","potentialAction":[{"@type":"CommentAction","name":"Comment","target":["https:\/\/redenoticiaz.com.br\/litoralsp\/2024\/10\/09\/prestadoras-sao-notificadas-pela-anatel-para-liberar-acesso-ao-x#respond"]}]},{"@type":"WebPage","@id":"https:\/\/redenoticiaz.com.br\/litoralsp\/2024\/10\/09\/prestadoras-sao-notificadas-pela-anatel-para-liberar-acesso-ao-x","url":"https:\/\/redenoticiaz.com.br\/litoralsp\/2024\/10\/09\/prestadoras-sao-notificadas-pela-anatel-para-liberar-acesso-ao-x","name":"Prestadoras s\u00e3o notificadas pela Anatel para liberar acesso ao X - Litoral SP","isPartOf":{"@id":"https:\/\/redenoticiaz.com.br\/litoralsp\/#website"},"primaryImageOfPage":{"@id":"https:\/\/redenoticiaz.com.br\/litoralsp\/2024\/10\/09\/prestadoras-sao-notificadas-pela-anatel-para-liberar-acesso-ao-x#primaryimage"},"image":{"@id":"https:\/\/redenoticiaz.com.br\/litoralsp\/2024\/10\/09\/prestadoras-sao-notificadas-pela-anatel-para-liberar-acesso-ao-x#primaryimage"},"thumbnailUrl":"https:\/\/redenoticiaz.com.br\/litoralsp\/wp-content\/uploads\/sites\/3\/2023\/07\/2023-07-24t175958z_1_lynxmpej6n0pc_rtroptp_4_twitter-musk-logo.jpg","datePublished":"2024-10-09T19:58:26+00:00","dateModified":"2024-10-09T19:58:36+00:00","description":"A\u00a0Ag\u00eancia Nacional de Telecomunica\u00e7\u00f5es (Anatel)\u00a0iniciou nesta quarta-feira (9) a notifica\u00e7\u00e3o das prestadoras de servi\u00e7os de telecomunica\u00e7\u00f5es para que permitam a seus clientes o acesso \u00e0 plataforma X.","inLanguage":"pt-BR","potentialAction":[{"@type":"ReadAction","target":["https:\/\/redenoticiaz.com.br\/litoralsp\/2024\/10\/09\/prestadoras-sao-notificadas-pela-anatel-para-liberar-acesso-ao-x"]}]},{"@type":"ImageObject","inLanguage":"pt-BR","@id":"https:\/\/redenoticiaz.com.br\/litoralsp\/2024\/10\/09\/prestadoras-sao-notificadas-pela-anatel-para-liberar-acesso-ao-x#primaryimage","url":"https:\/\/redenoticiaz.com.br\/litoralsp\/wp-content\/uploads\/sites\/3\/2023\/07\/2023-07-24t175958z_1_lynxmpej6n0pc_rtroptp_4_twitter-musk-logo.jpg","contentUrl":"https:\/\/redenoticiaz.com.br\/litoralsp\/wp-content\/uploads\/sites\/3\/2023\/07\/2023-07-24t175958z_1_lynxmpej6n0pc_rtroptp_4_twitter-musk-logo.jpg","width":1170,"height":700,"caption":"Twitter troca logotipo e substitui p\u00e1ssaro azul por X"},{"@type":"WebSite","@id":"https:\/\/redenoticiaz.com.br\/litoralsp\/#website","url":"https:\/\/redenoticiaz.com.br\/litoralsp\/","name":"Litoral SP","description":"Rede NoticiaZ","publisher":{"@id":"https:\/\/redenoticiaz.com.br\/litoralsp\/#organization"},"potentialAction":[{"@type":"SearchAction","target":{"@type":"EntryPoint","urlTemplate":"https:\/\/redenoticiaz.com.br\/litoralsp\/?s={search_term_string}"},"query-input":{"@type":"PropertyValueSpecification","valueRequired":true,"valueName":"search_term_string"}}],"inLanguage":"pt-BR"},{"@type":"Organization","@id":"https:\/\/redenoticiaz.com.br\/litoralsp\/#organization","name":"Litoral SP","url":"https:\/\/redenoticiaz.com.br\/litoralsp\/","logo":{"@type":"ImageObject","inLanguage":"pt-BR","@id":"https:\/\/redenoticiaz.com.br\/litoralsp\/#\/schema\/logo\/image\/","url":"https:\/\/redenoticiaz.com.br\/litoralsp\/wp-content\/uploads\/sites\/3\/2020\/11\/logo.jpg","contentUrl":"https:\/\/redenoticiaz.com.br\/litoralsp\/wp-content\/uploads\/sites\/3\/2020\/11\/logo.jpg","width":400,"height":250,"caption":"Litoral SP"},"image":{"@id":"https:\/\/redenoticiaz.com.br\/litoralsp\/#\/schema\/logo\/image\/"}},{"@type":"Person","@id":"https:\/\/redenoticiaz.com.br\/litoralsp\/#\/schema\/person\/16057b37a3c0ee6b096d7f887c566e2e","name":"Gustavo Silva","image":{"@type":"ImageObject","inLanguage":"pt-BR","@id":"https:\/\/secure.gravatar.com\/avatar\/3ee4e82f93b26de0a7cf4ea5eb7893da637ed6bb0c9170c58065944c56e28a33?s=96&d=mm&r=g","url":"https:\/\/secure.gravatar.com\/avatar\/3ee4e82f93b26de0a7cf4ea5eb7893da637ed6bb0c9170c58065944c56e28a33?s=96&d=mm&r=g","contentUrl":"https:\/\/secure.gravatar.com\/avatar\/3ee4e82f93b26de0a7cf4ea5eb7893da637ed6bb0c9170c58065944c56e28a33?s=96&d=mm&r=g","caption":"Gustavo Silva"},"url":"https:\/\/redenoticiaz.com.br\/litoralsp\/author\/gustavosilva"}]}},"_links":{"self":[{"href":"https:\/\/redenoticiaz.com.br\/litoralsp\/wp-json\/wp\/v2\/posts\/118730","targetHints":{"allow":["GET"]}}],"collection":[{"href":"https:\/\/redenoticiaz.com.br\/litoralsp\/wp-json\/wp\/v2\/posts"}],"about":[{"href":"https:\/\/redenoticiaz.com.br\/litoralsp\/wp-json\/wp\/v2\/types\/post"}],"author":[{"embeddable":true,"href":"https:\/\/redenoticiaz.com.br\/litoralsp\/wp-json\/wp\/v2\/users\/12"}],"replies":[{"embeddable":true,"href":"https:\/\/redenoticiaz.com.br\/litoralsp\/wp-json\/wp\/v2\/comments?post=118730"}],"version-history":[{"count":0,"href":"https:\/\/redenoticiaz.com.br\/litoralsp\/wp-json\/wp\/v2\/posts\/118730\/revisions"}],"wp:featuredmedia":[{"embeddable":true,"href":"https:\/\/redenoticiaz.com.br\/litoralsp\/wp-json\/wp\/v2\/media\/108655"}],"wp:attachment":[{"href":"https:\/\/redenoticiaz.com.br\/litoralsp\/wp-json\/wp\/v2\/media?parent=118730"}],"wp:term":[{"taxonomy":"category","embeddable":true,"href":"https:\/\/redenoticiaz.com.br\/litoralsp\/wp-json\/wp\/v2\/categories?post=118730"},{"taxonomy":"post_tag","embeddable":true,"href":"https:\/\/redenoticiaz.com.br\/litoralsp\/wp-json\/wp\/v2\/tags?post=118730"}],"curies":[{"name":"wp","href":"https:\/\/api.w.org\/{rel}","templated":true}]}}