{"id":118774,"date":"2024-10-13T13:00:39","date_gmt":"2024-10-13T16:00:39","guid":{"rendered":"https:\/\/redenoticiaz.com.br\/litoralsp\/?p=118774"},"modified":"2024-10-11T14:19:42","modified_gmt":"2024-10-11T17:19:42","slug":"preco-das-carnes-registra-a-maior-alta-desde-2020-aponta-levantamento","status":"publish","type":"post","link":"https:\/\/redenoticiaz.com.br\/litoralsp\/2024\/10\/13\/preco-das-carnes-registra-a-maior-alta-desde-2020-aponta-levantamento","title":{"rendered":"Pre\u00e7o das carnes registra a maior alta desde 2020, aponta levantamento"},"content":{"rendered":"<p>O levantamento divulgado nesta ter\u00e7a-feira (8), feito pelo Instituto Brasileiro de Geografia e Estat\u00edstica (IBGE), revelou que as carnes ficaram, em m\u00e9dia, 2,97% mais caras em setembro. Essa sendo a maior alta registrada do alimento desde dezembro de 2020, quando estes itens subiram 3,58% em apenas um m\u00eas.<\/p>\n<p>Entre os cortes mais afetados pelo aumento do valor, est\u00e3o o contra-fil\u00e9, que teve uma alta de 3,79% de agosto para setembro, em seguida do patinho e da costela, assim como da carne de porco, que tamb\u00e9m apresentam altas de 3%. De acordo com o economista e especialista em gest\u00e3o de supermercados Leandro Rosadas, o movimento deve impactar na escolha das compras feitas por brasileiros.<\/p>\n<p>\u201cEsse aumento est\u00e1 ligado a arroba do Boi Gordo. Em janeiro deste ano, o seu valor estava em R$ 249,65, em agosto seu valor teve uma queda, com a m\u00e9dia de R$ 238,33. Por\u00e9m, em setembro, a negocia\u00e7\u00e3o em torno da prote\u00edna era de R$ 268, ou seja, tendo um aumento de 12% somente em um m\u00eas. Isso acontece pela entressafra, a \u00e9poca em que os produtores precisam alimentar o gado com ra\u00e7\u00e3o, j\u00e1 que as pastagens ficam secas. Esse per\u00edodo foi intensificado pela prec\u00e1ria condi\u00e7\u00e3o clim\u00e1tica que vem sendo registrada no pa\u00eds nesses \u00faltimos meses\u201d, explica Leandro.<\/p>\n<p>Ainda segundo o especialista no setor supermercadista, o valor elevado poder\u00e1 mudar os h\u00e1bitos de consumo entre brasileiros, que v\u00e3o come\u00e7ar a buscar por prote\u00ednas que sejam mais acess\u00edveis, como a carne de frango e mesmo a de porco, que mesmo com a alta, segue mais acess\u00edvel que a bovina. Por\u00e9m, ao longo de algumas semanas, os pre\u00e7os desses itens tamb\u00e9m devem subir por conta do aumento da demanda.<\/p>\n<p>&#8220;O movimento, apesar de manter o consumo de prote\u00edna est\u00e1vel por parte do p\u00fablico nas primeiras semanas, pode resultar em uma queda nas vendas para os produtores e varejistas. Isso pode acontecer, principalmente, caso o valor de outras carnes comece a subir em larga escala. Vale ressaltar que a alta dos pre\u00e7os pode incentivar a importa\u00e7\u00e3o de carne de outros pa\u00edses, o que pode desestabilizar o mercado nacional e prejudicar os produtores nacionais&#8221;, Leandro enfatiza.<\/p>\n<p>LEIA MAIS<\/p>\n<p><a href=\"https:\/\/redenoticiaz.com.br\/blog\/2024\/10\/11\/randstad-e-mercado-livre-oferecem-800-vagas-em-acao-de-empregos-em-cajamar\">Randstad e Mercado Livre oferecem 800 vagas em a\u00e7\u00e3o de empregos em Cajamar<\/a><\/p>\n<p><a href=\"https:\/\/redenoticiaz.com.br\/blog\/2024\/10\/11\/foxconn-processo-seletivo-com-salario-de-r-9-mil\">Foxconn \u2014 Processo seletivo com sal\u00e1rio de R$ 9 mil<\/a><\/p>\n<p>&nbsp;<\/p>\n","protected":false},"excerpt":{"rendered":"<p>O levantamento divulgado nesta ter\u00e7a-feira (8), feito pelo Instituto Brasileiro de Geografia e Estat\u00edstica (IBGE), revelou que as carnes ficaram, em m\u00e9dia, 2,97% mais caras em setembro. Essa sendo a maior alta registrada do alimento desde dezembro de 2020, quando estes itens subiram 3,58% em apenas um m\u00eas. Entre os cortes mais afetados pelo aumento &hellip;<\/p>\n","protected":false},"author":30,"featured_media":118775,"comment_status":"open","ping_status":"closed","sticky":false,"template":"","format":"standard","meta":{"footnotes":""},"categories":[97],"tags":[10060,50290,2151,62137],"class_list":["post-118774","post","type-post","status-publish","format-standard","has-post-thumbnail","hentry","category-economia","tag-alimentos","tag-carne","tag-ibge","tag-supermercados"],"yoast_head":"<!-- This site is optimized with the Yoast SEO plugin v27.4 - https:\/\/yoast.com\/product\/yoast-seo-wordpress\/ -->\n<title>Pre\u00e7o das carnes registra a maior alta desde 2020, aponta levantamento - Litoral SP<\/title>\n<meta name=\"description\" content=\"O levantamento divulgado nesta ter\u00e7a-feira (8), feito pelo Instituto Brasileiro de Geografia e Estat\u00edstica (IBGE), revelou que as carnes ficaram, em m\u00e9dia, 2,97% mais caras.\" \/>\n<meta name=\"robots\" content=\"index, follow, max-snippet:-1, max-image-preview:large, max-video-preview:-1\" \/>\n<link rel=\"canonical\" href=\"https:\/\/redenoticiaz.com.br\/litoralsp\/2024\/10\/13\/preco-das-carnes-registra-a-maior-alta-desde-2020-aponta-levantamento\" \/>\n<meta property=\"og:locale\" content=\"pt_BR\" \/>\n<meta property=\"og:type\" content=\"article\" \/>\n<meta property=\"og:title\" content=\"Pre\u00e7o das carnes registra a maior alta desde 2020, aponta levantamento - Litoral SP\" \/>\n<meta property=\"og:description\" content=\"O levantamento divulgado nesta ter\u00e7a-feira (8), feito pelo Instituto Brasileiro de Geografia e Estat\u00edstica (IBGE), revelou que as carnes ficaram, em m\u00e9dia, 2,97% mais caras.\" \/>\n<meta property=\"og:url\" content=\"https:\/\/redenoticiaz.com.br\/litoralsp\/2024\/10\/13\/preco-das-carnes-registra-a-maior-alta-desde-2020-aponta-levantamento\" \/>\n<meta property=\"og:site_name\" content=\"Litoral SP\" \/>\n<meta property=\"article:published_time\" content=\"2024-10-13T16:00:39+00:00\" \/>\n<meta property=\"og:image\" content=\"https:\/\/redenoticiaz.com.br\/litoralsp\/wp-content\/uploads\/sites\/3\/2024\/10\/aumento-da-carne-creditos-freepik-scaled.jpg?v=1728667124\" \/>\n\t<meta property=\"og:image:width\" content=\"1619\" \/>\n\t<meta property=\"og:image:height\" content=\"1080\" \/>\n\t<meta property=\"og:image:type\" content=\"image\/jpeg\" \/>\n<meta name=\"author\" content=\"Carina Reifonas\" \/>\n<meta name=\"twitter:card\" content=\"summary_large_image\" \/>\n<meta name=\"twitter:label1\" content=\"Escrito por\" \/>\n\t<meta name=\"twitter:data1\" content=\"Carina Reifonas\" \/>\n\t<meta name=\"twitter:label2\" content=\"Est. tempo de leitura\" \/>\n\t<meta name=\"twitter:data2\" content=\"3 minutos\" \/>\n<script type=\"application\/ld+json\" class=\"yoast-schema-graph\">{\"@context\":\"https:\\\/\\\/schema.org\",\"@graph\":[{\"@type\":\"Article\",\"@id\":\"https:\\\/\\\/redenoticiaz.com.br\\\/litoralsp\\\/2024\\\/10\\\/13\\\/preco-das-carnes-registra-a-maior-alta-desde-2020-aponta-levantamento#article\",\"isPartOf\":{\"@id\":\"https:\\\/\\\/redenoticiaz.com.br\\\/litoralsp\\\/2024\\\/10\\\/13\\\/preco-das-carnes-registra-a-maior-alta-desde-2020-aponta-levantamento\"},\"author\":{\"name\":\"Carina Reifonas\",\"@id\":\"https:\\\/\\\/redenoticiaz.com.br\\\/litoralsp\\\/#\\\/schema\\\/person\\\/1f84d6e94e6a62d2d81199d7503e9e90\"},\"headline\":\"Pre\u00e7o das carnes registra a maior alta desde 2020, aponta levantamento\",\"datePublished\":\"2024-10-13T16:00:39+00:00\",\"mainEntityOfPage\":{\"@id\":\"https:\\\/\\\/redenoticiaz.com.br\\\/litoralsp\\\/2024\\\/10\\\/13\\\/preco-das-carnes-registra-a-maior-alta-desde-2020-aponta-levantamento\"},\"wordCount\":414,\"commentCount\":0,\"publisher\":{\"@id\":\"https:\\\/\\\/redenoticiaz.com.br\\\/litoralsp\\\/#organization\"},\"image\":{\"@id\":\"https:\\\/\\\/redenoticiaz.com.br\\\/litoralsp\\\/2024\\\/10\\\/13\\\/preco-das-carnes-registra-a-maior-alta-desde-2020-aponta-levantamento#primaryimage\"},\"thumbnailUrl\":\"https:\\\/\\\/redenoticiaz.com.br\\\/litoralsp\\\/wp-content\\\/uploads\\\/sites\\\/3\\\/2024\\\/10\\\/aumento-da-carne-creditos-freepik-scaled.jpg?v=1728667124\",\"keywords\":[\"ALIMENTOS\",\"CARNE\",\"IBGE\",\"supermercados\"],\"articleSection\":[\"Economia\"],\"inLanguage\":\"pt-BR\",\"potentialAction\":[{\"@type\":\"CommentAction\",\"name\":\"Comment\",\"target\":[\"https:\\\/\\\/redenoticiaz.com.br\\\/litoralsp\\\/2024\\\/10\\\/13\\\/preco-das-carnes-registra-a-maior-alta-desde-2020-aponta-levantamento#respond\"]}]},{\"@type\":\"WebPage\",\"@id\":\"https:\\\/\\\/redenoticiaz.com.br\\\/litoralsp\\\/2024\\\/10\\\/13\\\/preco-das-carnes-registra-a-maior-alta-desde-2020-aponta-levantamento\",\"url\":\"https:\\\/\\\/redenoticiaz.com.br\\\/litoralsp\\\/2024\\\/10\\\/13\\\/preco-das-carnes-registra-a-maior-alta-desde-2020-aponta-levantamento\",\"name\":\"Pre\u00e7o das carnes registra a maior alta desde 2020, aponta levantamento - Litoral SP\",\"isPartOf\":{\"@id\":\"https:\\\/\\\/redenoticiaz.com.br\\\/litoralsp\\\/#website\"},\"primaryImageOfPage\":{\"@id\":\"https:\\\/\\\/redenoticiaz.com.br\\\/litoralsp\\\/2024\\\/10\\\/13\\\/preco-das-carnes-registra-a-maior-alta-desde-2020-aponta-levantamento#primaryimage\"},\"image\":{\"@id\":\"https:\\\/\\\/redenoticiaz.com.br\\\/litoralsp\\\/2024\\\/10\\\/13\\\/preco-das-carnes-registra-a-maior-alta-desde-2020-aponta-levantamento#primaryimage\"},\"thumbnailUrl\":\"https:\\\/\\\/redenoticiaz.com.br\\\/litoralsp\\\/wp-content\\\/uploads\\\/sites\\\/3\\\/2024\\\/10\\\/aumento-da-carne-creditos-freepik-scaled.jpg?v=1728667124\",\"datePublished\":\"2024-10-13T16:00:39+00:00\",\"description\":\"O levantamento divulgado nesta ter\u00e7a-feira (8), feito pelo Instituto Brasileiro de Geografia e Estat\u00edstica (IBGE), revelou que as carnes ficaram, em m\u00e9dia, 2,97% mais caras.\",\"inLanguage\":\"pt-BR\",\"potentialAction\":[{\"@type\":\"ReadAction\",\"target\":[\"https:\\\/\\\/redenoticiaz.com.br\\\/litoralsp\\\/2024\\\/10\\\/13\\\/preco-das-carnes-registra-a-maior-alta-desde-2020-aponta-levantamento\"]}]},{\"@type\":\"ImageObject\",\"inLanguage\":\"pt-BR\",\"@id\":\"https:\\\/\\\/redenoticiaz.com.br\\\/litoralsp\\\/2024\\\/10\\\/13\\\/preco-das-carnes-registra-a-maior-alta-desde-2020-aponta-levantamento#primaryimage\",\"url\":\"https:\\\/\\\/redenoticiaz.com.br\\\/litoralsp\\\/wp-content\\\/uploads\\\/sites\\\/3\\\/2024\\\/10\\\/aumento-da-carne-creditos-freepik-scaled.jpg?v=1728667124\",\"contentUrl\":\"https:\\\/\\\/redenoticiaz.com.br\\\/litoralsp\\\/wp-content\\\/uploads\\\/sites\\\/3\\\/2024\\\/10\\\/aumento-da-carne-creditos-freepik-scaled.jpg?v=1728667124\",\"width\":1619,\"height\":1080,\"caption\":\"Close up of raw meat pieces and meat products in refrigerator with price tags ready for sale in meat department of store. Glass counter with plates of sliced fresh steaks. Concept of food.\"},{\"@type\":\"WebSite\",\"@id\":\"https:\\\/\\\/redenoticiaz.com.br\\\/litoralsp\\\/#website\",\"url\":\"https:\\\/\\\/redenoticiaz.com.br\\\/litoralsp\\\/\",\"name\":\"Litoral SP\",\"description\":\"Rede NoticiaZ\",\"publisher\":{\"@id\":\"https:\\\/\\\/redenoticiaz.com.br\\\/litoralsp\\\/#organization\"},\"potentialAction\":[{\"@type\":\"SearchAction\",\"target\":{\"@type\":\"EntryPoint\",\"urlTemplate\":\"https:\\\/\\\/redenoticiaz.com.br\\\/litoralsp\\\/?s={search_term_string}\"},\"query-input\":{\"@type\":\"PropertyValueSpecification\",\"valueRequired\":true,\"valueName\":\"search_term_string\"}}],\"inLanguage\":\"pt-BR\"},{\"@type\":\"Organization\",\"@id\":\"https:\\\/\\\/redenoticiaz.com.br\\\/litoralsp\\\/#organization\",\"name\":\"Litoral SP\",\"url\":\"https:\\\/\\\/redenoticiaz.com.br\\\/litoralsp\\\/\",\"logo\":{\"@type\":\"ImageObject\",\"inLanguage\":\"pt-BR\",\"@id\":\"https:\\\/\\\/redenoticiaz.com.br\\\/litoralsp\\\/#\\\/schema\\\/logo\\\/image\\\/\",\"url\":\"https:\\\/\\\/redenoticiaz.com.br\\\/litoralsp\\\/wp-content\\\/uploads\\\/sites\\\/3\\\/2020\\\/11\\\/logo.jpg\",\"contentUrl\":\"https:\\\/\\\/redenoticiaz.com.br\\\/litoralsp\\\/wp-content\\\/uploads\\\/sites\\\/3\\\/2020\\\/11\\\/logo.jpg\",\"width\":400,\"height\":250,\"caption\":\"Litoral SP\"},\"image\":{\"@id\":\"https:\\\/\\\/redenoticiaz.com.br\\\/litoralsp\\\/#\\\/schema\\\/logo\\\/image\\\/\"}},{\"@type\":\"Person\",\"@id\":\"https:\\\/\\\/redenoticiaz.com.br\\\/litoralsp\\\/#\\\/schema\\\/person\\\/1f84d6e94e6a62d2d81199d7503e9e90\",\"name\":\"Carina Reifonas\",\"image\":{\"@type\":\"ImageObject\",\"inLanguage\":\"pt-BR\",\"@id\":\"https:\\\/\\\/secure.gravatar.com\\\/avatar\\\/04c59859b23696cf867715880f81d5c037e60109730bdb4e6670ec2a2245bc97?s=96&d=mm&r=g\",\"url\":\"https:\\\/\\\/secure.gravatar.com\\\/avatar\\\/04c59859b23696cf867715880f81d5c037e60109730bdb4e6670ec2a2245bc97?s=96&d=mm&r=g\",\"contentUrl\":\"https:\\\/\\\/secure.gravatar.com\\\/avatar\\\/04c59859b23696cf867715880f81d5c037e60109730bdb4e6670ec2a2245bc97?s=96&d=mm&r=g\",\"caption\":\"Carina Reifonas\"},\"url\":\"https:\\\/\\\/redenoticiaz.com.br\\\/litoralsp\\\/author\\\/carinareifonas\"}]}<\/script>\n<!-- \/ Yoast SEO plugin. -->","yoast_head_json":{"title":"Pre\u00e7o das carnes registra a maior alta desde 2020, aponta levantamento - Litoral SP","description":"O levantamento divulgado nesta ter\u00e7a-feira (8), feito pelo Instituto Brasileiro de Geografia e Estat\u00edstica (IBGE), revelou que as carnes ficaram, em m\u00e9dia, 2,97% mais caras.","robots":{"index":"index","follow":"follow","max-snippet":"max-snippet:-1","max-image-preview":"max-image-preview:large","max-video-preview":"max-video-preview:-1"},"canonical":"https:\/\/redenoticiaz.com.br\/litoralsp\/2024\/10\/13\/preco-das-carnes-registra-a-maior-alta-desde-2020-aponta-levantamento","og_locale":"pt_BR","og_type":"article","og_title":"Pre\u00e7o das carnes registra a maior alta desde 2020, aponta levantamento - Litoral SP","og_description":"O levantamento divulgado nesta ter\u00e7a-feira (8), feito pelo Instituto Brasileiro de Geografia e Estat\u00edstica (IBGE), revelou que as carnes ficaram, em m\u00e9dia, 2,97% mais caras.","og_url":"https:\/\/redenoticiaz.com.br\/litoralsp\/2024\/10\/13\/preco-das-carnes-registra-a-maior-alta-desde-2020-aponta-levantamento","og_site_name":"Litoral SP","article_published_time":"2024-10-13T16:00:39+00:00","og_image":[{"width":1619,"height":1080,"url":"https:\/\/redenoticiaz.com.br\/litoralsp\/wp-content\/uploads\/sites\/3\/2024\/10\/aumento-da-carne-creditos-freepik-scaled.jpg?v=1728667124","type":"image\/jpeg"}],"author":"Carina Reifonas","twitter_card":"summary_large_image","twitter_misc":{"Escrito por":"Carina Reifonas","Est. tempo de leitura":"3 minutos"},"schema":{"@context":"https:\/\/schema.org","@graph":[{"@type":"Article","@id":"https:\/\/redenoticiaz.com.br\/litoralsp\/2024\/10\/13\/preco-das-carnes-registra-a-maior-alta-desde-2020-aponta-levantamento#article","isPartOf":{"@id":"https:\/\/redenoticiaz.com.br\/litoralsp\/2024\/10\/13\/preco-das-carnes-registra-a-maior-alta-desde-2020-aponta-levantamento"},"author":{"name":"Carina Reifonas","@id":"https:\/\/redenoticiaz.com.br\/litoralsp\/#\/schema\/person\/1f84d6e94e6a62d2d81199d7503e9e90"},"headline":"Pre\u00e7o das carnes registra a maior alta desde 2020, aponta levantamento","datePublished":"2024-10-13T16:00:39+00:00","mainEntityOfPage":{"@id":"https:\/\/redenoticiaz.com.br\/litoralsp\/2024\/10\/13\/preco-das-carnes-registra-a-maior-alta-desde-2020-aponta-levantamento"},"wordCount":414,"commentCount":0,"publisher":{"@id":"https:\/\/redenoticiaz.com.br\/litoralsp\/#organization"},"image":{"@id":"https:\/\/redenoticiaz.com.br\/litoralsp\/2024\/10\/13\/preco-das-carnes-registra-a-maior-alta-desde-2020-aponta-levantamento#primaryimage"},"thumbnailUrl":"https:\/\/redenoticiaz.com.br\/litoralsp\/wp-content\/uploads\/sites\/3\/2024\/10\/aumento-da-carne-creditos-freepik-scaled.jpg?v=1728667124","keywords":["ALIMENTOS","CARNE","IBGE","supermercados"],"articleSection":["Economia"],"inLanguage":"pt-BR","potentialAction":[{"@type":"CommentAction","name":"Comment","target":["https:\/\/redenoticiaz.com.br\/litoralsp\/2024\/10\/13\/preco-das-carnes-registra-a-maior-alta-desde-2020-aponta-levantamento#respond"]}]},{"@type":"WebPage","@id":"https:\/\/redenoticiaz.com.br\/litoralsp\/2024\/10\/13\/preco-das-carnes-registra-a-maior-alta-desde-2020-aponta-levantamento","url":"https:\/\/redenoticiaz.com.br\/litoralsp\/2024\/10\/13\/preco-das-carnes-registra-a-maior-alta-desde-2020-aponta-levantamento","name":"Pre\u00e7o das carnes registra a maior alta desde 2020, aponta levantamento - Litoral SP","isPartOf":{"@id":"https:\/\/redenoticiaz.com.br\/litoralsp\/#website"},"primaryImageOfPage":{"@id":"https:\/\/redenoticiaz.com.br\/litoralsp\/2024\/10\/13\/preco-das-carnes-registra-a-maior-alta-desde-2020-aponta-levantamento#primaryimage"},"image":{"@id":"https:\/\/redenoticiaz.com.br\/litoralsp\/2024\/10\/13\/preco-das-carnes-registra-a-maior-alta-desde-2020-aponta-levantamento#primaryimage"},"thumbnailUrl":"https:\/\/redenoticiaz.com.br\/litoralsp\/wp-content\/uploads\/sites\/3\/2024\/10\/aumento-da-carne-creditos-freepik-scaled.jpg?v=1728667124","datePublished":"2024-10-13T16:00:39+00:00","description":"O levantamento divulgado nesta ter\u00e7a-feira (8), feito pelo Instituto Brasileiro de Geografia e Estat\u00edstica (IBGE), revelou que as carnes ficaram, em m\u00e9dia, 2,97% mais caras.","inLanguage":"pt-BR","potentialAction":[{"@type":"ReadAction","target":["https:\/\/redenoticiaz.com.br\/litoralsp\/2024\/10\/13\/preco-das-carnes-registra-a-maior-alta-desde-2020-aponta-levantamento"]}]},{"@type":"ImageObject","inLanguage":"pt-BR","@id":"https:\/\/redenoticiaz.com.br\/litoralsp\/2024\/10\/13\/preco-das-carnes-registra-a-maior-alta-desde-2020-aponta-levantamento#primaryimage","url":"https:\/\/redenoticiaz.com.br\/litoralsp\/wp-content\/uploads\/sites\/3\/2024\/10\/aumento-da-carne-creditos-freepik-scaled.jpg?v=1728667124","contentUrl":"https:\/\/redenoticiaz.com.br\/litoralsp\/wp-content\/uploads\/sites\/3\/2024\/10\/aumento-da-carne-creditos-freepik-scaled.jpg?v=1728667124","width":1619,"height":1080,"caption":"Close up of raw meat pieces and meat products in refrigerator with price tags ready for sale in meat department of store. Glass counter with plates of sliced fresh steaks. Concept of food."},{"@type":"WebSite","@id":"https:\/\/redenoticiaz.com.br\/litoralsp\/#website","url":"https:\/\/redenoticiaz.com.br\/litoralsp\/","name":"Litoral SP","description":"Rede NoticiaZ","publisher":{"@id":"https:\/\/redenoticiaz.com.br\/litoralsp\/#organization"},"potentialAction":[{"@type":"SearchAction","target":{"@type":"EntryPoint","urlTemplate":"https:\/\/redenoticiaz.com.br\/litoralsp\/?s={search_term_string}"},"query-input":{"@type":"PropertyValueSpecification","valueRequired":true,"valueName":"search_term_string"}}],"inLanguage":"pt-BR"},{"@type":"Organization","@id":"https:\/\/redenoticiaz.com.br\/litoralsp\/#organization","name":"Litoral SP","url":"https:\/\/redenoticiaz.com.br\/litoralsp\/","logo":{"@type":"ImageObject","inLanguage":"pt-BR","@id":"https:\/\/redenoticiaz.com.br\/litoralsp\/#\/schema\/logo\/image\/","url":"https:\/\/redenoticiaz.com.br\/litoralsp\/wp-content\/uploads\/sites\/3\/2020\/11\/logo.jpg","contentUrl":"https:\/\/redenoticiaz.com.br\/litoralsp\/wp-content\/uploads\/sites\/3\/2020\/11\/logo.jpg","width":400,"height":250,"caption":"Litoral SP"},"image":{"@id":"https:\/\/redenoticiaz.com.br\/litoralsp\/#\/schema\/logo\/image\/"}},{"@type":"Person","@id":"https:\/\/redenoticiaz.com.br\/litoralsp\/#\/schema\/person\/1f84d6e94e6a62d2d81199d7503e9e90","name":"Carina Reifonas","image":{"@type":"ImageObject","inLanguage":"pt-BR","@id":"https:\/\/secure.gravatar.com\/avatar\/04c59859b23696cf867715880f81d5c037e60109730bdb4e6670ec2a2245bc97?s=96&d=mm&r=g","url":"https:\/\/secure.gravatar.com\/avatar\/04c59859b23696cf867715880f81d5c037e60109730bdb4e6670ec2a2245bc97?s=96&d=mm&r=g","contentUrl":"https:\/\/secure.gravatar.com\/avatar\/04c59859b23696cf867715880f81d5c037e60109730bdb4e6670ec2a2245bc97?s=96&d=mm&r=g","caption":"Carina Reifonas"},"url":"https:\/\/redenoticiaz.com.br\/litoralsp\/author\/carinareifonas"}]}},"_links":{"self":[{"href":"https:\/\/redenoticiaz.com.br\/litoralsp\/wp-json\/wp\/v2\/posts\/118774","targetHints":{"allow":["GET"]}}],"collection":[{"href":"https:\/\/redenoticiaz.com.br\/litoralsp\/wp-json\/wp\/v2\/posts"}],"about":[{"href":"https:\/\/redenoticiaz.com.br\/litoralsp\/wp-json\/wp\/v2\/types\/post"}],"author":[{"embeddable":true,"href":"https:\/\/redenoticiaz.com.br\/litoralsp\/wp-json\/wp\/v2\/users\/30"}],"replies":[{"embeddable":true,"href":"https:\/\/redenoticiaz.com.br\/litoralsp\/wp-json\/wp\/v2\/comments?post=118774"}],"version-history":[{"count":1,"href":"https:\/\/redenoticiaz.com.br\/litoralsp\/wp-json\/wp\/v2\/posts\/118774\/revisions"}],"predecessor-version":[{"id":118798,"href":"https:\/\/redenoticiaz.com.br\/litoralsp\/wp-json\/wp\/v2\/posts\/118774\/revisions\/118798"}],"wp:featuredmedia":[{"embeddable":true,"href":"https:\/\/redenoticiaz.com.br\/litoralsp\/wp-json\/wp\/v2\/media\/118775"}],"wp:attachment":[{"href":"https:\/\/redenoticiaz.com.br\/litoralsp\/wp-json\/wp\/v2\/media?parent=118774"}],"wp:term":[{"taxonomy":"category","embeddable":true,"href":"https:\/\/redenoticiaz.com.br\/litoralsp\/wp-json\/wp\/v2\/categories?post=118774"},{"taxonomy":"post_tag","embeddable":true,"href":"https:\/\/redenoticiaz.com.br\/litoralsp\/wp-json\/wp\/v2\/tags?post=118774"}],"curies":[{"name":"wp","href":"https:\/\/api.w.org\/{rel}","templated":true}]}}