{"id":118789,"date":"2024-10-12T14:27:24","date_gmt":"2024-10-12T17:27:24","guid":{"rendered":"https:\/\/redenoticiaz.com.br\/litoralsp\/2024\/10\/12\/humorista-ary-toledo-morre-em-sao-paulo-aos-87-anos"},"modified":"2024-10-12T14:27:59","modified_gmt":"2024-10-12T17:27:59","slug":"humorista-ary-toledo-morre-em-sao-paulo-aos-87-anos","status":"publish","type":"post","link":"https:\/\/redenoticiaz.com.br\/litoralsp\/2024\/10\/12\/humorista-ary-toledo-morre-em-sao-paulo-aos-87-anos","title":{"rendered":"Humorista Ary Toledo morre em S\u00e3o Paulo, aos 87 anos"},"content":{"rendered":"<p>O humorista Ary Toledo morreu na manh\u00e3 deste s\u00e1bado (12), em S\u00e3o Paulo. Ele tinha 87 anos,\u00a0estava internado no Hospital S\u00edrio Liban\u00eas desde o dia 2 de outubro e morreu em decorr\u00eancia de uma pneumonia, informou o hospital.<img decoding=\"async\" src=\"https:\/\/agenciabrasil.ebc.com.br\/ebc.png?id=1615200&amp;o=node\" \/><img decoding=\"async\" src=\"https:\/\/agenciabrasil.ebc.com.br\/ebc.gif?id=1615200&amp;o=node\" \/><\/p>\n<p>Por meio das redes sociais do humorista, a fam\u00edlia confirmou a not\u00edcia. &#8220;Com profundo pesar, anunciamos o falecimento de Ary Christoni de Toledo, um humorista brilhante que iluminou nossas vidas com seu talento e risadas. Que sua mem\u00f3ria continue a trazer sorrisos a todos n\u00f3s&#8230; Sentiremos a sua falta, mestre&#8221;, diz publica\u00e7\u00e3o.<\/p>\n<p><iframe id=\"instagram-embed-0\" class=\"instagram-media instagram-media-rendered\" src=\"https:\/\/www.instagram.com\/p\/DBBn0vSJmMu\/embed\/?cr=1&amp;v=14&amp;wp=675&amp;rd=https%3A%2F%2Fagenciabrasil.ebc.com.br&amp;rp=%2Fgeral%2Fnoticia%2F2024-10%2Fhumorista-ary-toledo-morre-em-sao-paulo#%7B%22ci%22%3A0%2C%22os%22%3A864.5999994277954%2C%22ls%22%3A86.30000019073486%2C%22le%22%3A721.8000001907349%7D\" height=\"881\" frameborder=\"0\" scrolling=\"no\" allowfullscreen=\"allowfullscreen\"><\/iframe><\/p>\n<p>Ary Toledo nasceu em Martin\u00f3polis, no interior paulista, mas foi criado em Ourinhos. Mudou-se para a capital do estado\u00a0aos 22 anos, quando come\u00e7ou a atuar no Teatro de Arena. Cinco anos depois, teve in\u00edcio sua carreira humor\u00edstica. Ao longo da carreira ele se apresentou em muitas emissoras de televis\u00e3o como TV Tupi, Record e SBT e tamb\u00e9m escreveu diversos livros de piadas.<\/p>\n<p>O vel\u00f3rio de Ary Toledo ser\u00e1 no Ossel Memorial, na cidade de S\u00e3o Caetano do Sul, na Grande S\u00e3o Paulo, a partir das 14h de hoje e uma cerim\u00f4nia de despedida ser\u00e1 realizada \u00e0s 19h.<\/p>\n<p>Leia mais<\/p>\n<p><a href=\"https:\/\/redenoticiaz.com.br\/blog\/2024\/10\/03\/morre-cid-moreira-icone-do-jornalismo-brasileiro-aos-97-anos\">Morre Cid Moreira, \u00edcone do jornalismo brasileiro, aos 97 anos<\/a><\/p>\n<p><a href=\"https:\/\/redenoticiaz.com.br\/blog\/2024\/09\/08\/fabio-arruda-morre-aos-54-anos-em-sao-paulo\">Homem morre ap\u00f3s acidente industrial<\/a><\/p>\n","protected":false},"excerpt":{"rendered":"<p>O humorista Ary Toledo morreu na manh\u00e3 deste s\u00e1bado (12), em S\u00e3o Paulo. Ele tinha 87 anos,\u00a0estava internado no Hospital S\u00edrio Liban\u00eas desde o dia 2 de outubro e morreu em decorr\u00eancia de uma pneumonia, informou o hospital. Por meio das redes sociais do humorista, a fam\u00edlia confirmou a not\u00edcia. &#8220;Com profundo pesar, anunciamos o &hellip;<\/p>\n","protected":false},"author":12,"featured_media":118790,"comment_status":"open","ping_status":"closed","sticky":false,"template":"","format":"standard","meta":{"footnotes":""},"categories":[60954,2001],"tags":[68779,2944,68780],"class_list":["post-118789","post","type-post","status-publish","format-standard","has-post-thumbnail","hentry","category-celebridades","category-cultura-e-musica","tag-ary-toledo","tag-morte","tag-sirio"],"yoast_head":"<!-- This site is optimized with the Yoast SEO plugin v27.5 - https:\/\/yoast.com\/product\/yoast-seo-wordpress\/ -->\n<title>Humorista Ary Toledo morre em S\u00e3o Paulo, aos 87 anos - Litoral SP<\/title>\n<meta name=\"description\" content=\"Ele tinha 87 anos,\u00a0estava internado no Hospital S\u00edrio Liban\u00eas desde o dia 2 de outubro e morreu em decorr\u00eancia de uma pneumonia, informou o hospital.\" \/>\n<meta name=\"robots\" content=\"index, follow, max-snippet:-1, max-image-preview:large, max-video-preview:-1\" \/>\n<link rel=\"canonical\" href=\"https:\/\/redenoticiaz.com.br\/litoralsp\/2024\/10\/12\/humorista-ary-toledo-morre-em-sao-paulo-aos-87-anos\" \/>\n<meta property=\"og:locale\" content=\"pt_BR\" \/>\n<meta property=\"og:type\" content=\"article\" \/>\n<meta property=\"og:title\" content=\"Humorista Ary Toledo morre em S\u00e3o Paulo, aos 87 anos - Litoral SP\" \/>\n<meta property=\"og:description\" content=\"Ele tinha 87 anos,\u00a0estava internado no Hospital S\u00edrio Liban\u00eas desde o dia 2 de outubro e morreu em decorr\u00eancia de uma pneumonia, informou o hospital.\" \/>\n<meta property=\"og:url\" content=\"https:\/\/redenoticiaz.com.br\/litoralsp\/2024\/10\/12\/humorista-ary-toledo-morre-em-sao-paulo-aos-87-anos\" \/>\n<meta property=\"og:site_name\" content=\"Litoral SP\" \/>\n<meta property=\"article:published_time\" content=\"2024-10-12T17:27:24+00:00\" \/>\n<meta property=\"article:modified_time\" content=\"2024-10-12T17:27:59+00:00\" \/>\n<meta property=\"og:image\" content=\"https:\/\/redenoticiaz.com.br\/litoralsp\/wp-content\/uploads\/sites\/3\/2024\/10\/img-564740-ary-toledo20131113111384349746_widelg.jpg?v=1728754033\" \/>\n\t<meta property=\"og:image:width\" content=\"768\" \/>\n\t<meta property=\"og:image:height\" content=\"398\" \/>\n\t<meta property=\"og:image:type\" content=\"image\/jpeg\" \/>\n<meta name=\"author\" content=\"Gustavo Silva\" \/>\n<meta name=\"twitter:card\" content=\"summary_large_image\" \/>\n<meta name=\"twitter:label1\" content=\"Escrito por\" \/>\n\t<meta name=\"twitter:data1\" content=\"Gustavo Silva\" \/>\n\t<meta name=\"twitter:label2\" content=\"Est. tempo de leitura\" \/>\n\t<meta name=\"twitter:data2\" content=\"2 minutos\" \/>\n<script type=\"application\/ld+json\" class=\"yoast-schema-graph\">{\"@context\":\"https:\\\/\\\/schema.org\",\"@graph\":[{\"@type\":\"Article\",\"@id\":\"https:\\\/\\\/redenoticiaz.com.br\\\/litoralsp\\\/2024\\\/10\\\/12\\\/humorista-ary-toledo-morre-em-sao-paulo-aos-87-anos#article\",\"isPartOf\":{\"@id\":\"https:\\\/\\\/redenoticiaz.com.br\\\/litoralsp\\\/2024\\\/10\\\/12\\\/humorista-ary-toledo-morre-em-sao-paulo-aos-87-anos\"},\"author\":{\"name\":\"Gustavo Silva\",\"@id\":\"https:\\\/\\\/redenoticiaz.com.br\\\/litoralsp\\\/#\\\/schema\\\/person\\\/16057b37a3c0ee6b096d7f887c566e2e\"},\"headline\":\"Humorista Ary Toledo morre em S\u00e3o Paulo, aos 87 anos\",\"datePublished\":\"2024-10-12T17:27:24+00:00\",\"dateModified\":\"2024-10-12T17:27:59+00:00\",\"mainEntityOfPage\":{\"@id\":\"https:\\\/\\\/redenoticiaz.com.br\\\/litoralsp\\\/2024\\\/10\\\/12\\\/humorista-ary-toledo-morre-em-sao-paulo-aos-87-anos\"},\"wordCount\":232,\"commentCount\":0,\"publisher\":{\"@id\":\"https:\\\/\\\/redenoticiaz.com.br\\\/litoralsp\\\/#organization\"},\"image\":{\"@id\":\"https:\\\/\\\/redenoticiaz.com.br\\\/litoralsp\\\/2024\\\/10\\\/12\\\/humorista-ary-toledo-morre-em-sao-paulo-aos-87-anos#primaryimage\"},\"thumbnailUrl\":\"https:\\\/\\\/redenoticiaz.com.br\\\/litoralsp\\\/wp-content\\\/uploads\\\/sites\\\/3\\\/2024\\\/10\\\/img-564740-ary-toledo20131113111384349746_widelg.jpg?v=1728754033\",\"keywords\":[\"ary toledo\",\"MORTE\",\"s\u00edrio\"],\"articleSection\":[\"Celebridades\",\"Cultura e M\u00fasica\"],\"inLanguage\":\"pt-BR\",\"potentialAction\":[{\"@type\":\"CommentAction\",\"name\":\"Comment\",\"target\":[\"https:\\\/\\\/redenoticiaz.com.br\\\/litoralsp\\\/2024\\\/10\\\/12\\\/humorista-ary-toledo-morre-em-sao-paulo-aos-87-anos#respond\"]}]},{\"@type\":\"WebPage\",\"@id\":\"https:\\\/\\\/redenoticiaz.com.br\\\/litoralsp\\\/2024\\\/10\\\/12\\\/humorista-ary-toledo-morre-em-sao-paulo-aos-87-anos\",\"url\":\"https:\\\/\\\/redenoticiaz.com.br\\\/litoralsp\\\/2024\\\/10\\\/12\\\/humorista-ary-toledo-morre-em-sao-paulo-aos-87-anos\",\"name\":\"Humorista Ary Toledo morre em S\u00e3o Paulo, aos 87 anos - Litoral SP\",\"isPartOf\":{\"@id\":\"https:\\\/\\\/redenoticiaz.com.br\\\/litoralsp\\\/#website\"},\"primaryImageOfPage\":{\"@id\":\"https:\\\/\\\/redenoticiaz.com.br\\\/litoralsp\\\/2024\\\/10\\\/12\\\/humorista-ary-toledo-morre-em-sao-paulo-aos-87-anos#primaryimage\"},\"image\":{\"@id\":\"https:\\\/\\\/redenoticiaz.com.br\\\/litoralsp\\\/2024\\\/10\\\/12\\\/humorista-ary-toledo-morre-em-sao-paulo-aos-87-anos#primaryimage\"},\"thumbnailUrl\":\"https:\\\/\\\/redenoticiaz.com.br\\\/litoralsp\\\/wp-content\\\/uploads\\\/sites\\\/3\\\/2024\\\/10\\\/img-564740-ary-toledo20131113111384349746_widelg.jpg?v=1728754033\",\"datePublished\":\"2024-10-12T17:27:24+00:00\",\"dateModified\":\"2024-10-12T17:27:59+00:00\",\"description\":\"Ele tinha 87 anos,\u00a0estava internado no Hospital S\u00edrio Liban\u00eas desde o dia 2 de outubro e morreu em decorr\u00eancia de uma pneumonia, informou o hospital.\",\"inLanguage\":\"pt-BR\",\"potentialAction\":[{\"@type\":\"ReadAction\",\"target\":[\"https:\\\/\\\/redenoticiaz.com.br\\\/litoralsp\\\/2024\\\/10\\\/12\\\/humorista-ary-toledo-morre-em-sao-paulo-aos-87-anos\"]}]},{\"@type\":\"ImageObject\",\"inLanguage\":\"pt-BR\",\"@id\":\"https:\\\/\\\/redenoticiaz.com.br\\\/litoralsp\\\/2024\\\/10\\\/12\\\/humorista-ary-toledo-morre-em-sao-paulo-aos-87-anos#primaryimage\",\"url\":\"https:\\\/\\\/redenoticiaz.com.br\\\/litoralsp\\\/wp-content\\\/uploads\\\/sites\\\/3\\\/2024\\\/10\\\/img-564740-ary-toledo20131113111384349746_widelg.jpg?v=1728754033\",\"contentUrl\":\"https:\\\/\\\/redenoticiaz.com.br\\\/litoralsp\\\/wp-content\\\/uploads\\\/sites\\\/3\\\/2024\\\/10\\\/img-564740-ary-toledo20131113111384349746_widelg.jpg?v=1728754033\",\"width\":768,\"height\":398},{\"@type\":\"WebSite\",\"@id\":\"https:\\\/\\\/redenoticiaz.com.br\\\/litoralsp\\\/#website\",\"url\":\"https:\\\/\\\/redenoticiaz.com.br\\\/litoralsp\\\/\",\"name\":\"Litoral SP\",\"description\":\"Rede NoticiaZ\",\"publisher\":{\"@id\":\"https:\\\/\\\/redenoticiaz.com.br\\\/litoralsp\\\/#organization\"},\"potentialAction\":[{\"@type\":\"SearchAction\",\"target\":{\"@type\":\"EntryPoint\",\"urlTemplate\":\"https:\\\/\\\/redenoticiaz.com.br\\\/litoralsp\\\/?s={search_term_string}\"},\"query-input\":{\"@type\":\"PropertyValueSpecification\",\"valueRequired\":true,\"valueName\":\"search_term_string\"}}],\"inLanguage\":\"pt-BR\"},{\"@type\":\"Organization\",\"@id\":\"https:\\\/\\\/redenoticiaz.com.br\\\/litoralsp\\\/#organization\",\"name\":\"Litoral SP\",\"url\":\"https:\\\/\\\/redenoticiaz.com.br\\\/litoralsp\\\/\",\"logo\":{\"@type\":\"ImageObject\",\"inLanguage\":\"pt-BR\",\"@id\":\"https:\\\/\\\/redenoticiaz.com.br\\\/litoralsp\\\/#\\\/schema\\\/logo\\\/image\\\/\",\"url\":\"https:\\\/\\\/redenoticiaz.com.br\\\/litoralsp\\\/wp-content\\\/uploads\\\/sites\\\/3\\\/2020\\\/11\\\/logo.jpg\",\"contentUrl\":\"https:\\\/\\\/redenoticiaz.com.br\\\/litoralsp\\\/wp-content\\\/uploads\\\/sites\\\/3\\\/2020\\\/11\\\/logo.jpg\",\"width\":400,\"height\":250,\"caption\":\"Litoral SP\"},\"image\":{\"@id\":\"https:\\\/\\\/redenoticiaz.com.br\\\/litoralsp\\\/#\\\/schema\\\/logo\\\/image\\\/\"}},{\"@type\":\"Person\",\"@id\":\"https:\\\/\\\/redenoticiaz.com.br\\\/litoralsp\\\/#\\\/schema\\\/person\\\/16057b37a3c0ee6b096d7f887c566e2e\",\"name\":\"Gustavo Silva\",\"image\":{\"@type\":\"ImageObject\",\"inLanguage\":\"pt-BR\",\"@id\":\"https:\\\/\\\/secure.gravatar.com\\\/avatar\\\/3ee4e82f93b26de0a7cf4ea5eb7893da637ed6bb0c9170c58065944c56e28a33?s=96&d=mm&r=g\",\"url\":\"https:\\\/\\\/secure.gravatar.com\\\/avatar\\\/3ee4e82f93b26de0a7cf4ea5eb7893da637ed6bb0c9170c58065944c56e28a33?s=96&d=mm&r=g\",\"contentUrl\":\"https:\\\/\\\/secure.gravatar.com\\\/avatar\\\/3ee4e82f93b26de0a7cf4ea5eb7893da637ed6bb0c9170c58065944c56e28a33?s=96&d=mm&r=g\",\"caption\":\"Gustavo Silva\"},\"url\":\"https:\\\/\\\/redenoticiaz.com.br\\\/litoralsp\\\/author\\\/gustavosilva\"}]}<\/script>\n<!-- \/ Yoast SEO plugin. -->","yoast_head_json":{"title":"Humorista Ary Toledo morre em S\u00e3o Paulo, aos 87 anos - Litoral SP","description":"Ele tinha 87 anos,\u00a0estava internado no Hospital S\u00edrio Liban\u00eas desde o dia 2 de outubro e morreu em decorr\u00eancia de uma pneumonia, informou o hospital.","robots":{"index":"index","follow":"follow","max-snippet":"max-snippet:-1","max-image-preview":"max-image-preview:large","max-video-preview":"max-video-preview:-1"},"canonical":"https:\/\/redenoticiaz.com.br\/litoralsp\/2024\/10\/12\/humorista-ary-toledo-morre-em-sao-paulo-aos-87-anos","og_locale":"pt_BR","og_type":"article","og_title":"Humorista Ary Toledo morre em S\u00e3o Paulo, aos 87 anos - Litoral SP","og_description":"Ele tinha 87 anos,\u00a0estava internado no Hospital S\u00edrio Liban\u00eas desde o dia 2 de outubro e morreu em decorr\u00eancia de uma pneumonia, informou o hospital.","og_url":"https:\/\/redenoticiaz.com.br\/litoralsp\/2024\/10\/12\/humorista-ary-toledo-morre-em-sao-paulo-aos-87-anos","og_site_name":"Litoral SP","article_published_time":"2024-10-12T17:27:24+00:00","article_modified_time":"2024-10-12T17:27:59+00:00","og_image":[{"width":768,"height":398,"url":"https:\/\/redenoticiaz.com.br\/litoralsp\/wp-content\/uploads\/sites\/3\/2024\/10\/img-564740-ary-toledo20131113111384349746_widelg.jpg?v=1728754033","type":"image\/jpeg"}],"author":"Gustavo Silva","twitter_card":"summary_large_image","twitter_misc":{"Escrito por":"Gustavo Silva","Est. tempo de leitura":"2 minutos"},"schema":{"@context":"https:\/\/schema.org","@graph":[{"@type":"Article","@id":"https:\/\/redenoticiaz.com.br\/litoralsp\/2024\/10\/12\/humorista-ary-toledo-morre-em-sao-paulo-aos-87-anos#article","isPartOf":{"@id":"https:\/\/redenoticiaz.com.br\/litoralsp\/2024\/10\/12\/humorista-ary-toledo-morre-em-sao-paulo-aos-87-anos"},"author":{"name":"Gustavo Silva","@id":"https:\/\/redenoticiaz.com.br\/litoralsp\/#\/schema\/person\/16057b37a3c0ee6b096d7f887c566e2e"},"headline":"Humorista Ary Toledo morre em S\u00e3o Paulo, aos 87 anos","datePublished":"2024-10-12T17:27:24+00:00","dateModified":"2024-10-12T17:27:59+00:00","mainEntityOfPage":{"@id":"https:\/\/redenoticiaz.com.br\/litoralsp\/2024\/10\/12\/humorista-ary-toledo-morre-em-sao-paulo-aos-87-anos"},"wordCount":232,"commentCount":0,"publisher":{"@id":"https:\/\/redenoticiaz.com.br\/litoralsp\/#organization"},"image":{"@id":"https:\/\/redenoticiaz.com.br\/litoralsp\/2024\/10\/12\/humorista-ary-toledo-morre-em-sao-paulo-aos-87-anos#primaryimage"},"thumbnailUrl":"https:\/\/redenoticiaz.com.br\/litoralsp\/wp-content\/uploads\/sites\/3\/2024\/10\/img-564740-ary-toledo20131113111384349746_widelg.jpg?v=1728754033","keywords":["ary toledo","MORTE","s\u00edrio"],"articleSection":["Celebridades","Cultura e M\u00fasica"],"inLanguage":"pt-BR","potentialAction":[{"@type":"CommentAction","name":"Comment","target":["https:\/\/redenoticiaz.com.br\/litoralsp\/2024\/10\/12\/humorista-ary-toledo-morre-em-sao-paulo-aos-87-anos#respond"]}]},{"@type":"WebPage","@id":"https:\/\/redenoticiaz.com.br\/litoralsp\/2024\/10\/12\/humorista-ary-toledo-morre-em-sao-paulo-aos-87-anos","url":"https:\/\/redenoticiaz.com.br\/litoralsp\/2024\/10\/12\/humorista-ary-toledo-morre-em-sao-paulo-aos-87-anos","name":"Humorista Ary Toledo morre em S\u00e3o Paulo, aos 87 anos - Litoral SP","isPartOf":{"@id":"https:\/\/redenoticiaz.com.br\/litoralsp\/#website"},"primaryImageOfPage":{"@id":"https:\/\/redenoticiaz.com.br\/litoralsp\/2024\/10\/12\/humorista-ary-toledo-morre-em-sao-paulo-aos-87-anos#primaryimage"},"image":{"@id":"https:\/\/redenoticiaz.com.br\/litoralsp\/2024\/10\/12\/humorista-ary-toledo-morre-em-sao-paulo-aos-87-anos#primaryimage"},"thumbnailUrl":"https:\/\/redenoticiaz.com.br\/litoralsp\/wp-content\/uploads\/sites\/3\/2024\/10\/img-564740-ary-toledo20131113111384349746_widelg.jpg?v=1728754033","datePublished":"2024-10-12T17:27:24+00:00","dateModified":"2024-10-12T17:27:59+00:00","description":"Ele tinha 87 anos,\u00a0estava internado no Hospital S\u00edrio Liban\u00eas desde o dia 2 de outubro e morreu em decorr\u00eancia de uma pneumonia, informou o hospital.","inLanguage":"pt-BR","potentialAction":[{"@type":"ReadAction","target":["https:\/\/redenoticiaz.com.br\/litoralsp\/2024\/10\/12\/humorista-ary-toledo-morre-em-sao-paulo-aos-87-anos"]}]},{"@type":"ImageObject","inLanguage":"pt-BR","@id":"https:\/\/redenoticiaz.com.br\/litoralsp\/2024\/10\/12\/humorista-ary-toledo-morre-em-sao-paulo-aos-87-anos#primaryimage","url":"https:\/\/redenoticiaz.com.br\/litoralsp\/wp-content\/uploads\/sites\/3\/2024\/10\/img-564740-ary-toledo20131113111384349746_widelg.jpg?v=1728754033","contentUrl":"https:\/\/redenoticiaz.com.br\/litoralsp\/wp-content\/uploads\/sites\/3\/2024\/10\/img-564740-ary-toledo20131113111384349746_widelg.jpg?v=1728754033","width":768,"height":398},{"@type":"WebSite","@id":"https:\/\/redenoticiaz.com.br\/litoralsp\/#website","url":"https:\/\/redenoticiaz.com.br\/litoralsp\/","name":"Litoral SP","description":"Rede NoticiaZ","publisher":{"@id":"https:\/\/redenoticiaz.com.br\/litoralsp\/#organization"},"potentialAction":[{"@type":"SearchAction","target":{"@type":"EntryPoint","urlTemplate":"https:\/\/redenoticiaz.com.br\/litoralsp\/?s={search_term_string}"},"query-input":{"@type":"PropertyValueSpecification","valueRequired":true,"valueName":"search_term_string"}}],"inLanguage":"pt-BR"},{"@type":"Organization","@id":"https:\/\/redenoticiaz.com.br\/litoralsp\/#organization","name":"Litoral SP","url":"https:\/\/redenoticiaz.com.br\/litoralsp\/","logo":{"@type":"ImageObject","inLanguage":"pt-BR","@id":"https:\/\/redenoticiaz.com.br\/litoralsp\/#\/schema\/logo\/image\/","url":"https:\/\/redenoticiaz.com.br\/litoralsp\/wp-content\/uploads\/sites\/3\/2020\/11\/logo.jpg","contentUrl":"https:\/\/redenoticiaz.com.br\/litoralsp\/wp-content\/uploads\/sites\/3\/2020\/11\/logo.jpg","width":400,"height":250,"caption":"Litoral SP"},"image":{"@id":"https:\/\/redenoticiaz.com.br\/litoralsp\/#\/schema\/logo\/image\/"}},{"@type":"Person","@id":"https:\/\/redenoticiaz.com.br\/litoralsp\/#\/schema\/person\/16057b37a3c0ee6b096d7f887c566e2e","name":"Gustavo Silva","image":{"@type":"ImageObject","inLanguage":"pt-BR","@id":"https:\/\/secure.gravatar.com\/avatar\/3ee4e82f93b26de0a7cf4ea5eb7893da637ed6bb0c9170c58065944c56e28a33?s=96&d=mm&r=g","url":"https:\/\/secure.gravatar.com\/avatar\/3ee4e82f93b26de0a7cf4ea5eb7893da637ed6bb0c9170c58065944c56e28a33?s=96&d=mm&r=g","contentUrl":"https:\/\/secure.gravatar.com\/avatar\/3ee4e82f93b26de0a7cf4ea5eb7893da637ed6bb0c9170c58065944c56e28a33?s=96&d=mm&r=g","caption":"Gustavo Silva"},"url":"https:\/\/redenoticiaz.com.br\/litoralsp\/author\/gustavosilva"}]}},"_links":{"self":[{"href":"https:\/\/redenoticiaz.com.br\/litoralsp\/wp-json\/wp\/v2\/posts\/118789","targetHints":{"allow":["GET"]}}],"collection":[{"href":"https:\/\/redenoticiaz.com.br\/litoralsp\/wp-json\/wp\/v2\/posts"}],"about":[{"href":"https:\/\/redenoticiaz.com.br\/litoralsp\/wp-json\/wp\/v2\/types\/post"}],"author":[{"embeddable":true,"href":"https:\/\/redenoticiaz.com.br\/litoralsp\/wp-json\/wp\/v2\/users\/12"}],"replies":[{"embeddable":true,"href":"https:\/\/redenoticiaz.com.br\/litoralsp\/wp-json\/wp\/v2\/comments?post=118789"}],"version-history":[{"count":1,"href":"https:\/\/redenoticiaz.com.br\/litoralsp\/wp-json\/wp\/v2\/posts\/118789\/revisions"}],"predecessor-version":[{"id":118791,"href":"https:\/\/redenoticiaz.com.br\/litoralsp\/wp-json\/wp\/v2\/posts\/118789\/revisions\/118791"}],"wp:featuredmedia":[{"embeddable":true,"href":"https:\/\/redenoticiaz.com.br\/litoralsp\/wp-json\/wp\/v2\/media\/118790"}],"wp:attachment":[{"href":"https:\/\/redenoticiaz.com.br\/litoralsp\/wp-json\/wp\/v2\/media?parent=118789"}],"wp:term":[{"taxonomy":"category","embeddable":true,"href":"https:\/\/redenoticiaz.com.br\/litoralsp\/wp-json\/wp\/v2\/categories?post=118789"},{"taxonomy":"post_tag","embeddable":true,"href":"https:\/\/redenoticiaz.com.br\/litoralsp\/wp-json\/wp\/v2\/tags?post=118789"}],"curies":[{"name":"wp","href":"https:\/\/api.w.org\/{rel}","templated":true}]}}