{"id":11882,"date":"2021-07-26T18:07:19","date_gmt":"2021-07-26T21:07:19","guid":{"rendered":"https:\/\/redenoticiaz.com.br\/litoralsp\/?p=11882"},"modified":"2021-07-26T18:08:18","modified_gmt":"2021-07-26T21:08:18","slug":"restricao-contra-a-covid-19-em-eventos-e-festas-sao-flexibilizadas-em-santos","status":"publish","type":"post","link":"https:\/\/redenoticiaz.com.br\/litoralsp\/2021\/07\/26\/restricao-contra-a-covid-19-em-eventos-e-festas-sao-flexibilizadas-em-santos","title":{"rendered":"Restri\u00e7\u00e3o contra a Covid-19 em eventos e festas s\u00e3o flexibilizadas em Santos"},"content":{"rendered":"<p>O setor de <strong>eventos<\/strong> tem uma boa not\u00edcia. A Prefeitura de Santos publicou uma portaria autorizando a flexibiliza\u00e7\u00e3o de medidas contra a Covid-19. Agora est\u00e3o permitidas a realiza\u00e7\u00e3o de eventos e festas, mas com a <strong>ocupa\u00e7\u00e3o m\u00e1xima de 60%<\/strong>.<\/p>\n<p>A medida j\u00e1 come\u00e7ou a valer nesta semana e ela libera a realiza\u00e7\u00e3o de atividades sociais, como anivers\u00e1rios, casamentos, formaturas, confraterniza\u00e7\u00f5es. S\u00f3 que elas ter\u00e3o de ser controladas e o limite \u00e9 de ocupa\u00e7\u00e3o de 60% da capacidade total.<\/p>\n<p>Outra determina\u00e7\u00e3o da portaria de <a href=\"https:\/\/www.santos.sp.gov.br\/\">Santos<\/a> \u00e9 que o evento dever\u00e1 ter lista de convidados por escrito, para o controle da ocupa\u00e7\u00e3o ser feito adequadamente. A dura\u00e7\u00e3o do evento poder\u00e1 ser de at\u00e9 12 horas, incluindo o tempo de montagem e desmontagem, restritos no per\u00edodo entre\u00a06h e 23h.<\/p>\n<div class=\"mc-column content-text active-extra-styles \" data-block-type=\"unstyled\" data-block-weight=\"39\" data-block-id=\"5\">\n<p class=\"content-text__container \" data-track-category=\"Link no Texto\" data-track-links=\"\">Ainda, as mesas dispostas nos eventos devem ter capacidade para at\u00e9 oito pessoas no total, com prefer\u00eancia para que sejam da mesma fam\u00edlia. Os convidados podem servir-se diretamente em buffets, desde que utilizem m\u00e1scaras e luvas descart\u00e1veis na fila.<\/p>\n<p data-track-category=\"Link no Texto\" data-track-links=\"\"><strong>LEIA TAMB\u00c9M<\/strong><\/p>\n<p data-track-category=\"Link no Texto\" data-track-links=\"\"><a href=\"https:\/\/redenoticiaz.com.br\/litoralsp\/2021\/07\/21\/evento-teste-com-publico-ocorre-em-santos\">Evento-teste com p\u00fablico ocorre em Santos<\/a><\/p>\n<\/div>\n","protected":false},"excerpt":{"rendered":"<p>O setor de eventos tem uma boa not\u00edcia. A Prefeitura de Santos publicou uma portaria autorizando a flexibiliza\u00e7\u00e3o de medidas contra a Covid-19. Agora est\u00e3o permitidas a realiza\u00e7\u00e3o de eventos e festas, mas com a ocupa\u00e7\u00e3o m\u00e1xima de 60%. A medida j\u00e1 come\u00e7ou a valer nesta semana e ela libera a realiza\u00e7\u00e3o de atividades sociais, &hellip;<\/p>\n","protected":false},"author":6,"featured_media":11661,"comment_status":"open","ping_status":"closed","sticky":false,"template":"","format":"standard","meta":{"footnotes":""},"categories":[2001,180],"tags":[28644,4753,28645,10082,28135,986],"class_list":["post-11882","post","type-post","status-publish","format-standard","has-post-thumbnail","hentry","category-cultura-e-musica","category-santos","tag-capacidade-ampliada","tag-eventos","tag-festas","tag-flexibilizacao","tag-protecao-contra-a-covid","tag-santos"],"yoast_head":"<!-- This site is optimized with the Yoast SEO plugin v27.5 - https:\/\/yoast.com\/product\/yoast-seo-wordpress\/ -->\n<title>Restri\u00e7\u00e3o contra a Covid-19 em eventos e festas s\u00e3o flexibilizadas em Santos - Litoral SP<\/title>\n<meta name=\"description\" content=\"eventos tem uma boa not\u00edcia. A Prefeitura de Santos publicou uma portaria autorizando a flexibiliza\u00e7\u00e3o de medidas\" \/>\n<meta name=\"robots\" content=\"index, follow, max-snippet:-1, max-image-preview:large, max-video-preview:-1\" \/>\n<link rel=\"canonical\" href=\"https:\/\/redenoticiaz.com.br\/litoralsp\/2021\/07\/26\/restricao-contra-a-covid-19-em-eventos-e-festas-sao-flexibilizadas-em-santos\" \/>\n<meta property=\"og:locale\" content=\"pt_BR\" \/>\n<meta property=\"og:type\" content=\"article\" \/>\n<meta property=\"og:title\" content=\"Restri\u00e7\u00e3o contra a Covid-19 em eventos e festas s\u00e3o flexibilizadas em Santos - Litoral SP\" \/>\n<meta property=\"og:description\" content=\"eventos tem uma boa not\u00edcia. A Prefeitura de Santos publicou uma portaria autorizando a flexibiliza\u00e7\u00e3o de medidas\" \/>\n<meta property=\"og:url\" content=\"https:\/\/redenoticiaz.com.br\/litoralsp\/2021\/07\/26\/restricao-contra-a-covid-19-em-eventos-e-festas-sao-flexibilizadas-em-santos\" \/>\n<meta property=\"og:site_name\" content=\"Litoral SP\" \/>\n<meta property=\"article:published_time\" content=\"2021-07-26T21:07:19+00:00\" \/>\n<meta property=\"article:modified_time\" content=\"2021-07-26T21:08:18+00:00\" \/>\n<meta property=\"og:image\" content=\"https:\/\/redenoticiaz.com.br\/litoralsp\/wp-content\/uploads\/sites\/3\/2021\/07\/evento-teste-7.jpeg\" \/>\n\t<meta property=\"og:image:width\" content=\"1000\" \/>\n\t<meta property=\"og:image:height\" content=\"665\" \/>\n\t<meta property=\"og:image:type\" content=\"image\/jpeg\" \/>\n<meta name=\"author\" content=\"Leonardo Francisco\" \/>\n<meta name=\"twitter:card\" content=\"summary_large_image\" \/>\n<meta name=\"twitter:label1\" content=\"Escrito por\" \/>\n\t<meta name=\"twitter:data1\" content=\"Leonardo Francisco\" \/>\n\t<meta name=\"twitter:label2\" content=\"Est. tempo de leitura\" \/>\n\t<meta name=\"twitter:data2\" content=\"1 minuto\" \/>\n<script type=\"application\/ld+json\" class=\"yoast-schema-graph\">{\"@context\":\"https:\\\/\\\/schema.org\",\"@graph\":[{\"@type\":\"Article\",\"@id\":\"https:\\\/\\\/redenoticiaz.com.br\\\/litoralsp\\\/2021\\\/07\\\/26\\\/restricao-contra-a-covid-19-em-eventos-e-festas-sao-flexibilizadas-em-santos#article\",\"isPartOf\":{\"@id\":\"https:\\\/\\\/redenoticiaz.com.br\\\/litoralsp\\\/2021\\\/07\\\/26\\\/restricao-contra-a-covid-19-em-eventos-e-festas-sao-flexibilizadas-em-santos\"},\"author\":{\"name\":\"Leonardo Francisco\",\"@id\":\"https:\\\/\\\/redenoticiaz.com.br\\\/litoralsp\\\/#\\\/schema\\\/person\\\/0f0b8a5bdafefe82841e07ae8d81ecb3\"},\"headline\":\"Restri\u00e7\u00e3o contra a Covid-19 em eventos e festas s\u00e3o flexibilizadas em Santos\",\"datePublished\":\"2021-07-26T21:07:19+00:00\",\"dateModified\":\"2021-07-26T21:08:18+00:00\",\"mainEntityOfPage\":{\"@id\":\"https:\\\/\\\/redenoticiaz.com.br\\\/litoralsp\\\/2021\\\/07\\\/26\\\/restricao-contra-a-covid-19-em-eventos-e-festas-sao-flexibilizadas-em-santos\"},\"wordCount\":205,\"commentCount\":0,\"publisher\":{\"@id\":\"https:\\\/\\\/redenoticiaz.com.br\\\/litoralsp\\\/#organization\"},\"image\":{\"@id\":\"https:\\\/\\\/redenoticiaz.com.br\\\/litoralsp\\\/2021\\\/07\\\/26\\\/restricao-contra-a-covid-19-em-eventos-e-festas-sao-flexibilizadas-em-santos#primaryimage\"},\"thumbnailUrl\":\"https:\\\/\\\/redenoticiaz.com.br\\\/litoralsp\\\/wp-content\\\/uploads\\\/sites\\\/3\\\/2021\\\/07\\\/evento-teste-7.jpeg\",\"keywords\":[\"CAPACIDADE AMPLIADA\",\"EVENTOS\",\"FESTAS\",\"FLEXIBILIZA\u00c7\u00c3O\",\"PROTE\u00c7\u00c3O CONTRA A COVID\",\"Santos\"],\"articleSection\":[\"Cultura e M\u00fasica\",\"Santos\"],\"inLanguage\":\"pt-BR\",\"potentialAction\":[{\"@type\":\"CommentAction\",\"name\":\"Comment\",\"target\":[\"https:\\\/\\\/redenoticiaz.com.br\\\/litoralsp\\\/2021\\\/07\\\/26\\\/restricao-contra-a-covid-19-em-eventos-e-festas-sao-flexibilizadas-em-santos#respond\"]}]},{\"@type\":\"WebPage\",\"@id\":\"https:\\\/\\\/redenoticiaz.com.br\\\/litoralsp\\\/2021\\\/07\\\/26\\\/restricao-contra-a-covid-19-em-eventos-e-festas-sao-flexibilizadas-em-santos\",\"url\":\"https:\\\/\\\/redenoticiaz.com.br\\\/litoralsp\\\/2021\\\/07\\\/26\\\/restricao-contra-a-covid-19-em-eventos-e-festas-sao-flexibilizadas-em-santos\",\"name\":\"Restri\u00e7\u00e3o contra a Covid-19 em eventos e festas s\u00e3o flexibilizadas em Santos - Litoral SP\",\"isPartOf\":{\"@id\":\"https:\\\/\\\/redenoticiaz.com.br\\\/litoralsp\\\/#website\"},\"primaryImageOfPage\":{\"@id\":\"https:\\\/\\\/redenoticiaz.com.br\\\/litoralsp\\\/2021\\\/07\\\/26\\\/restricao-contra-a-covid-19-em-eventos-e-festas-sao-flexibilizadas-em-santos#primaryimage\"},\"image\":{\"@id\":\"https:\\\/\\\/redenoticiaz.com.br\\\/litoralsp\\\/2021\\\/07\\\/26\\\/restricao-contra-a-covid-19-em-eventos-e-festas-sao-flexibilizadas-em-santos#primaryimage\"},\"thumbnailUrl\":\"https:\\\/\\\/redenoticiaz.com.br\\\/litoralsp\\\/wp-content\\\/uploads\\\/sites\\\/3\\\/2021\\\/07\\\/evento-teste-7.jpeg\",\"datePublished\":\"2021-07-26T21:07:19+00:00\",\"dateModified\":\"2021-07-26T21:08:18+00:00\",\"description\":\"eventos tem uma boa not\u00edcia. A Prefeitura de Santos publicou uma portaria autorizando a flexibiliza\u00e7\u00e3o de medidas\",\"inLanguage\":\"pt-BR\",\"potentialAction\":[{\"@type\":\"ReadAction\",\"target\":[\"https:\\\/\\\/redenoticiaz.com.br\\\/litoralsp\\\/2021\\\/07\\\/26\\\/restricao-contra-a-covid-19-em-eventos-e-festas-sao-flexibilizadas-em-santos\"]}]},{\"@type\":\"ImageObject\",\"inLanguage\":\"pt-BR\",\"@id\":\"https:\\\/\\\/redenoticiaz.com.br\\\/litoralsp\\\/2021\\\/07\\\/26\\\/restricao-contra-a-covid-19-em-eventos-e-festas-sao-flexibilizadas-em-santos#primaryimage\",\"url\":\"https:\\\/\\\/redenoticiaz.com.br\\\/litoralsp\\\/wp-content\\\/uploads\\\/sites\\\/3\\\/2021\\\/07\\\/evento-teste-7.jpeg\",\"contentUrl\":\"https:\\\/\\\/redenoticiaz.com.br\\\/litoralsp\\\/wp-content\\\/uploads\\\/sites\\\/3\\\/2021\\\/07\\\/evento-teste-7.jpeg\",\"width\":1000,\"height\":665,\"caption\":\"Cr\u00e9ditos: Divulga\u00e7\u00e3o\\\/Expo Retomada\"},{\"@type\":\"WebSite\",\"@id\":\"https:\\\/\\\/redenoticiaz.com.br\\\/litoralsp\\\/#website\",\"url\":\"https:\\\/\\\/redenoticiaz.com.br\\\/litoralsp\\\/\",\"name\":\"Litoral SP\",\"description\":\"Rede NoticiaZ\",\"publisher\":{\"@id\":\"https:\\\/\\\/redenoticiaz.com.br\\\/litoralsp\\\/#organization\"},\"potentialAction\":[{\"@type\":\"SearchAction\",\"target\":{\"@type\":\"EntryPoint\",\"urlTemplate\":\"https:\\\/\\\/redenoticiaz.com.br\\\/litoralsp\\\/?s={search_term_string}\"},\"query-input\":{\"@type\":\"PropertyValueSpecification\",\"valueRequired\":true,\"valueName\":\"search_term_string\"}}],\"inLanguage\":\"pt-BR\"},{\"@type\":\"Organization\",\"@id\":\"https:\\\/\\\/redenoticiaz.com.br\\\/litoralsp\\\/#organization\",\"name\":\"Litoral SP\",\"url\":\"https:\\\/\\\/redenoticiaz.com.br\\\/litoralsp\\\/\",\"logo\":{\"@type\":\"ImageObject\",\"inLanguage\":\"pt-BR\",\"@id\":\"https:\\\/\\\/redenoticiaz.com.br\\\/litoralsp\\\/#\\\/schema\\\/logo\\\/image\\\/\",\"url\":\"https:\\\/\\\/redenoticiaz.com.br\\\/litoralsp\\\/wp-content\\\/uploads\\\/sites\\\/3\\\/2020\\\/11\\\/logo.jpg\",\"contentUrl\":\"https:\\\/\\\/redenoticiaz.com.br\\\/litoralsp\\\/wp-content\\\/uploads\\\/sites\\\/3\\\/2020\\\/11\\\/logo.jpg\",\"width\":400,\"height\":250,\"caption\":\"Litoral SP\"},\"image\":{\"@id\":\"https:\\\/\\\/redenoticiaz.com.br\\\/litoralsp\\\/#\\\/schema\\\/logo\\\/image\\\/\"}},{\"@type\":\"Person\",\"@id\":\"https:\\\/\\\/redenoticiaz.com.br\\\/litoralsp\\\/#\\\/schema\\\/person\\\/0f0b8a5bdafefe82841e07ae8d81ecb3\",\"name\":\"Leonardo Francisco\",\"image\":{\"@type\":\"ImageObject\",\"inLanguage\":\"pt-BR\",\"@id\":\"https:\\\/\\\/secure.gravatar.com\\\/avatar\\\/a7358cb406a99b682ec6df1e77e31ae82e63601f6784e8a3df411d72b37864da?s=96&d=mm&r=g\",\"url\":\"https:\\\/\\\/secure.gravatar.com\\\/avatar\\\/a7358cb406a99b682ec6df1e77e31ae82e63601f6784e8a3df411d72b37864da?s=96&d=mm&r=g\",\"contentUrl\":\"https:\\\/\\\/secure.gravatar.com\\\/avatar\\\/a7358cb406a99b682ec6df1e77e31ae82e63601f6784e8a3df411d72b37864da?s=96&d=mm&r=g\",\"caption\":\"Leonardo Francisco\"},\"url\":\"https:\\\/\\\/redenoticiaz.com.br\\\/litoralsp\\\/author\\\/leonardo-francisco\"}]}<\/script>\n<!-- \/ Yoast SEO plugin. -->","yoast_head_json":{"title":"Restri\u00e7\u00e3o contra a Covid-19 em eventos e festas s\u00e3o flexibilizadas em Santos - Litoral SP","description":"eventos tem uma boa not\u00edcia. A Prefeitura de Santos publicou uma portaria autorizando a flexibiliza\u00e7\u00e3o de medidas","robots":{"index":"index","follow":"follow","max-snippet":"max-snippet:-1","max-image-preview":"max-image-preview:large","max-video-preview":"max-video-preview:-1"},"canonical":"https:\/\/redenoticiaz.com.br\/litoralsp\/2021\/07\/26\/restricao-contra-a-covid-19-em-eventos-e-festas-sao-flexibilizadas-em-santos","og_locale":"pt_BR","og_type":"article","og_title":"Restri\u00e7\u00e3o contra a Covid-19 em eventos e festas s\u00e3o flexibilizadas em Santos - Litoral SP","og_description":"eventos tem uma boa not\u00edcia. A Prefeitura de Santos publicou uma portaria autorizando a flexibiliza\u00e7\u00e3o de medidas","og_url":"https:\/\/redenoticiaz.com.br\/litoralsp\/2021\/07\/26\/restricao-contra-a-covid-19-em-eventos-e-festas-sao-flexibilizadas-em-santos","og_site_name":"Litoral SP","article_published_time":"2021-07-26T21:07:19+00:00","article_modified_time":"2021-07-26T21:08:18+00:00","og_image":[{"width":1000,"height":665,"url":"https:\/\/redenoticiaz.com.br\/litoralsp\/wp-content\/uploads\/sites\/3\/2021\/07\/evento-teste-7.jpeg","type":"image\/jpeg"}],"author":"Leonardo Francisco","twitter_card":"summary_large_image","twitter_misc":{"Escrito por":"Leonardo Francisco","Est. tempo de leitura":"1 minuto"},"schema":{"@context":"https:\/\/schema.org","@graph":[{"@type":"Article","@id":"https:\/\/redenoticiaz.com.br\/litoralsp\/2021\/07\/26\/restricao-contra-a-covid-19-em-eventos-e-festas-sao-flexibilizadas-em-santos#article","isPartOf":{"@id":"https:\/\/redenoticiaz.com.br\/litoralsp\/2021\/07\/26\/restricao-contra-a-covid-19-em-eventos-e-festas-sao-flexibilizadas-em-santos"},"author":{"name":"Leonardo Francisco","@id":"https:\/\/redenoticiaz.com.br\/litoralsp\/#\/schema\/person\/0f0b8a5bdafefe82841e07ae8d81ecb3"},"headline":"Restri\u00e7\u00e3o contra a Covid-19 em eventos e festas s\u00e3o flexibilizadas em Santos","datePublished":"2021-07-26T21:07:19+00:00","dateModified":"2021-07-26T21:08:18+00:00","mainEntityOfPage":{"@id":"https:\/\/redenoticiaz.com.br\/litoralsp\/2021\/07\/26\/restricao-contra-a-covid-19-em-eventos-e-festas-sao-flexibilizadas-em-santos"},"wordCount":205,"commentCount":0,"publisher":{"@id":"https:\/\/redenoticiaz.com.br\/litoralsp\/#organization"},"image":{"@id":"https:\/\/redenoticiaz.com.br\/litoralsp\/2021\/07\/26\/restricao-contra-a-covid-19-em-eventos-e-festas-sao-flexibilizadas-em-santos#primaryimage"},"thumbnailUrl":"https:\/\/redenoticiaz.com.br\/litoralsp\/wp-content\/uploads\/sites\/3\/2021\/07\/evento-teste-7.jpeg","keywords":["CAPACIDADE AMPLIADA","EVENTOS","FESTAS","FLEXIBILIZA\u00c7\u00c3O","PROTE\u00c7\u00c3O CONTRA A COVID","Santos"],"articleSection":["Cultura e M\u00fasica","Santos"],"inLanguage":"pt-BR","potentialAction":[{"@type":"CommentAction","name":"Comment","target":["https:\/\/redenoticiaz.com.br\/litoralsp\/2021\/07\/26\/restricao-contra-a-covid-19-em-eventos-e-festas-sao-flexibilizadas-em-santos#respond"]}]},{"@type":"WebPage","@id":"https:\/\/redenoticiaz.com.br\/litoralsp\/2021\/07\/26\/restricao-contra-a-covid-19-em-eventos-e-festas-sao-flexibilizadas-em-santos","url":"https:\/\/redenoticiaz.com.br\/litoralsp\/2021\/07\/26\/restricao-contra-a-covid-19-em-eventos-e-festas-sao-flexibilizadas-em-santos","name":"Restri\u00e7\u00e3o contra a Covid-19 em eventos e festas s\u00e3o flexibilizadas em Santos - Litoral SP","isPartOf":{"@id":"https:\/\/redenoticiaz.com.br\/litoralsp\/#website"},"primaryImageOfPage":{"@id":"https:\/\/redenoticiaz.com.br\/litoralsp\/2021\/07\/26\/restricao-contra-a-covid-19-em-eventos-e-festas-sao-flexibilizadas-em-santos#primaryimage"},"image":{"@id":"https:\/\/redenoticiaz.com.br\/litoralsp\/2021\/07\/26\/restricao-contra-a-covid-19-em-eventos-e-festas-sao-flexibilizadas-em-santos#primaryimage"},"thumbnailUrl":"https:\/\/redenoticiaz.com.br\/litoralsp\/wp-content\/uploads\/sites\/3\/2021\/07\/evento-teste-7.jpeg","datePublished":"2021-07-26T21:07:19+00:00","dateModified":"2021-07-26T21:08:18+00:00","description":"eventos tem uma boa not\u00edcia. A Prefeitura de Santos publicou uma portaria autorizando a flexibiliza\u00e7\u00e3o de medidas","inLanguage":"pt-BR","potentialAction":[{"@type":"ReadAction","target":["https:\/\/redenoticiaz.com.br\/litoralsp\/2021\/07\/26\/restricao-contra-a-covid-19-em-eventos-e-festas-sao-flexibilizadas-em-santos"]}]},{"@type":"ImageObject","inLanguage":"pt-BR","@id":"https:\/\/redenoticiaz.com.br\/litoralsp\/2021\/07\/26\/restricao-contra-a-covid-19-em-eventos-e-festas-sao-flexibilizadas-em-santos#primaryimage","url":"https:\/\/redenoticiaz.com.br\/litoralsp\/wp-content\/uploads\/sites\/3\/2021\/07\/evento-teste-7.jpeg","contentUrl":"https:\/\/redenoticiaz.com.br\/litoralsp\/wp-content\/uploads\/sites\/3\/2021\/07\/evento-teste-7.jpeg","width":1000,"height":665,"caption":"Cr\u00e9ditos: Divulga\u00e7\u00e3o\/Expo Retomada"},{"@type":"WebSite","@id":"https:\/\/redenoticiaz.com.br\/litoralsp\/#website","url":"https:\/\/redenoticiaz.com.br\/litoralsp\/","name":"Litoral SP","description":"Rede NoticiaZ","publisher":{"@id":"https:\/\/redenoticiaz.com.br\/litoralsp\/#organization"},"potentialAction":[{"@type":"SearchAction","target":{"@type":"EntryPoint","urlTemplate":"https:\/\/redenoticiaz.com.br\/litoralsp\/?s={search_term_string}"},"query-input":{"@type":"PropertyValueSpecification","valueRequired":true,"valueName":"search_term_string"}}],"inLanguage":"pt-BR"},{"@type":"Organization","@id":"https:\/\/redenoticiaz.com.br\/litoralsp\/#organization","name":"Litoral SP","url":"https:\/\/redenoticiaz.com.br\/litoralsp\/","logo":{"@type":"ImageObject","inLanguage":"pt-BR","@id":"https:\/\/redenoticiaz.com.br\/litoralsp\/#\/schema\/logo\/image\/","url":"https:\/\/redenoticiaz.com.br\/litoralsp\/wp-content\/uploads\/sites\/3\/2020\/11\/logo.jpg","contentUrl":"https:\/\/redenoticiaz.com.br\/litoralsp\/wp-content\/uploads\/sites\/3\/2020\/11\/logo.jpg","width":400,"height":250,"caption":"Litoral SP"},"image":{"@id":"https:\/\/redenoticiaz.com.br\/litoralsp\/#\/schema\/logo\/image\/"}},{"@type":"Person","@id":"https:\/\/redenoticiaz.com.br\/litoralsp\/#\/schema\/person\/0f0b8a5bdafefe82841e07ae8d81ecb3","name":"Leonardo Francisco","image":{"@type":"ImageObject","inLanguage":"pt-BR","@id":"https:\/\/secure.gravatar.com\/avatar\/a7358cb406a99b682ec6df1e77e31ae82e63601f6784e8a3df411d72b37864da?s=96&d=mm&r=g","url":"https:\/\/secure.gravatar.com\/avatar\/a7358cb406a99b682ec6df1e77e31ae82e63601f6784e8a3df411d72b37864da?s=96&d=mm&r=g","contentUrl":"https:\/\/secure.gravatar.com\/avatar\/a7358cb406a99b682ec6df1e77e31ae82e63601f6784e8a3df411d72b37864da?s=96&d=mm&r=g","caption":"Leonardo Francisco"},"url":"https:\/\/redenoticiaz.com.br\/litoralsp\/author\/leonardo-francisco"}]}},"_links":{"self":[{"href":"https:\/\/redenoticiaz.com.br\/litoralsp\/wp-json\/wp\/v2\/posts\/11882","targetHints":{"allow":["GET"]}}],"collection":[{"href":"https:\/\/redenoticiaz.com.br\/litoralsp\/wp-json\/wp\/v2\/posts"}],"about":[{"href":"https:\/\/redenoticiaz.com.br\/litoralsp\/wp-json\/wp\/v2\/types\/post"}],"author":[{"embeddable":true,"href":"https:\/\/redenoticiaz.com.br\/litoralsp\/wp-json\/wp\/v2\/users\/6"}],"replies":[{"embeddable":true,"href":"https:\/\/redenoticiaz.com.br\/litoralsp\/wp-json\/wp\/v2\/comments?post=11882"}],"version-history":[{"count":1,"href":"https:\/\/redenoticiaz.com.br\/litoralsp\/wp-json\/wp\/v2\/posts\/11882\/revisions"}],"predecessor-version":[{"id":11883,"href":"https:\/\/redenoticiaz.com.br\/litoralsp\/wp-json\/wp\/v2\/posts\/11882\/revisions\/11883"}],"wp:featuredmedia":[{"embeddable":true,"href":"https:\/\/redenoticiaz.com.br\/litoralsp\/wp-json\/wp\/v2\/media\/11661"}],"wp:attachment":[{"href":"https:\/\/redenoticiaz.com.br\/litoralsp\/wp-json\/wp\/v2\/media?parent=11882"}],"wp:term":[{"taxonomy":"category","embeddable":true,"href":"https:\/\/redenoticiaz.com.br\/litoralsp\/wp-json\/wp\/v2\/categories?post=11882"},{"taxonomy":"post_tag","embeddable":true,"href":"https:\/\/redenoticiaz.com.br\/litoralsp\/wp-json\/wp\/v2\/tags?post=11882"}],"curies":[{"name":"wp","href":"https:\/\/api.w.org\/{rel}","templated":true}]}}