{"id":11884,"date":"2021-07-26T18:22:28","date_gmt":"2021-07-26T21:22:28","guid":{"rendered":"https:\/\/redenoticiaz.com.br\/litoralsp\/?p=11884"},"modified":"2021-07-26T18:22:48","modified_gmt":"2021-07-26T21:22:48","slug":"navio-com-casos-de-tripulantes-com-covid-19-entra-em-quarentena","status":"publish","type":"post","link":"https:\/\/redenoticiaz.com.br\/litoralsp\/2021\/07\/26\/navio-com-casos-de-tripulantes-com-covid-19-entra-em-quarentena","title":{"rendered":"Navio com casos de tripulantes com Covid-19 entra em quarentena"},"content":{"rendered":"<p>Um <strong>navio<\/strong> que desembarcou no Porto de Santos ter\u00e1 de ficar de quarentena, devido a casos positivos de Covid-19 em tripulares. A informa\u00e7\u00e3o foi divulgada pela Santos Port Authority (SPA), autoridade respons\u00e1vel pelo complexo portu\u00e1rio. Assim a embarca\u00e7\u00e3o permanecer\u00e1 em <strong>quarentena<\/strong> por 14 dias e foi levada para a \u00e1rea de fundeio.<\/p>\n<div class=\"mc-column content-text active-extra-styles \" data-block-type=\"unstyled\" data-block-weight=\"47\" data-block-id=\"3\">\n<p class=\"content-text__container \" data-track-category=\"Link no Texto\" data-track-links=\"\">O navio MTM Southport, de bandeira de Singapura, chegou ao <a href=\"http:\/\/www.portodesantos.com.br\/\">Porto de Santos<\/a> na ter\u00e7a-feira (20), ap\u00f3s sair do Porto de Salvador, Bahia. A embarca\u00e7\u00e3o veio com uma carga de barris de etanol. S\u00f3 que na testagem, 14 dos 23 tripulantes foram diagnosticados com o coronav\u00edrus.<\/p>\n<\/div>\n<div class=\"mc-column content-text active-extra-styles \" data-block-type=\"unstyled\" data-block-weight=\"53\" data-block-id=\"4\">\n<p class=\"content-text__container \" data-track-category=\"Link no Texto\" data-track-links=\"\">A manobra de deslocamento para a \u00e1rea de fundeio aconteceu na noite deste domingo (25). Conforme informa\u00e7\u00f5es da Ag\u00eancia Nacional de Vigil\u00e2ncia Sanit\u00e1ria (Anvisa).<\/p>\n<\/div>\n<div class=\"mc-column content-text active-extra-styles \" data-block-type=\"unstyled\" data-block-weight=\"51\" data-block-id=\"5\">\n<p class=\"content-text__container \" data-track-category=\"Link no Texto\" data-track-links=\"\">Ainda de acordo com a ag\u00eancia reguladora, os tripulantes doentes est\u00e3o isolados a bordo, e nenhum deles est\u00e1 em estado grave, conforme informa a ag\u00eancia reguladora. N\u00e3o houve necessidade, at\u00e9 o momento, de desembarque por raz\u00f5es m\u00e9dicas. Tamb\u00e9m n\u00e3o h\u00e1 ind\u00edcios que relacionem os casos a suspeitas de variantes da Covid-19 que causem preocupa\u00e7\u00e3o, como a variante delta.<\/p>\n<\/div>\n<p><strong>LEIA TAMB\u00c9M<\/strong><\/p>\n<p><a href=\"https:\/\/redenoticiaz.com.br\/litoralsp\/2021\/07\/26\/hospital-de-santos-investe-r-11-milhao-no-setor-de-oftalmologia\">Hospital de Santos investe R$ 1,1 milh\u00e3o no setor de Oftalmologia<\/a><\/p>\n","protected":false},"excerpt":{"rendered":"<p>Um navio que desembarcou no Porto de Santos ter\u00e1 de ficar de quarentena, devido a casos positivos de Covid-19 em tripulares. A informa\u00e7\u00e3o foi divulgada pela Santos Port Authority (SPA), autoridade respons\u00e1vel pelo complexo portu\u00e1rio. Assim a embarca\u00e7\u00e3o permanecer\u00e1 em quarentena por 14 dias e foi levada para a \u00e1rea de fundeio. O navio MTM &hellip;<\/p>\n","protected":false},"author":6,"featured_media":11885,"comment_status":"open","ping_status":"closed","sticky":false,"template":"","format":"standard","meta":{"footnotes":""},"categories":[18537,180,23],"tags":[19110,28653,74,986],"class_list":["post-11884","post","type-post","status-publish","format-standard","has-post-thumbnail","hentry","category-porto","category-santos","category-saude","tag-casos-de-covid","tag-navio-em-quarentena","tag-porto-de-santos","tag-santos"],"yoast_head":"<!-- This site is optimized with the Yoast SEO plugin v27.5 - https:\/\/yoast.com\/product\/yoast-seo-wordpress\/ -->\n<title>Navio com casos de tripulantes com Covid-19 entra em quarentena - Litoral SP<\/title>\n<meta name=\"description\" content=\"navio que desembarcou no Porto de Santos ter\u00e1 de ficar de quarentena, devido a casos positivos de Covid-19 em tripulares. A informa\u00e7\u00e3o\" \/>\n<meta name=\"robots\" content=\"index, follow, max-snippet:-1, max-image-preview:large, max-video-preview:-1\" \/>\n<link rel=\"canonical\" href=\"https:\/\/redenoticiaz.com.br\/litoralsp\/2021\/07\/26\/navio-com-casos-de-tripulantes-com-covid-19-entra-em-quarentena\" \/>\n<meta property=\"og:locale\" content=\"pt_BR\" \/>\n<meta property=\"og:type\" content=\"article\" \/>\n<meta property=\"og:title\" content=\"Navio com casos de tripulantes com Covid-19 entra em quarentena - Litoral SP\" \/>\n<meta property=\"og:description\" content=\"navio que desembarcou no Porto de Santos ter\u00e1 de ficar de quarentena, devido a casos positivos de Covid-19 em tripulares. A informa\u00e7\u00e3o\" \/>\n<meta property=\"og:url\" content=\"https:\/\/redenoticiaz.com.br\/litoralsp\/2021\/07\/26\/navio-com-casos-de-tripulantes-com-covid-19-entra-em-quarentena\" \/>\n<meta property=\"og:site_name\" content=\"Litoral SP\" \/>\n<meta property=\"article:published_time\" content=\"2021-07-26T21:22:28+00:00\" \/>\n<meta property=\"article:modified_time\" content=\"2021-07-26T21:22:48+00:00\" \/>\n<meta property=\"og:image\" content=\"https:\/\/redenoticiaz.com.br\/litoralsp\/wp-content\/uploads\/sites\/3\/2021\/07\/navio.jpg\" \/>\n\t<meta property=\"og:image:width\" content=\"1000\" \/>\n\t<meta property=\"og:image:height\" content=\"574\" \/>\n\t<meta property=\"og:image:type\" content=\"image\/jpeg\" \/>\n<meta name=\"author\" content=\"Leonardo Francisco\" \/>\n<meta name=\"twitter:card\" content=\"summary_large_image\" \/>\n<meta name=\"twitter:label1\" content=\"Escrito por\" \/>\n\t<meta name=\"twitter:data1\" content=\"Leonardo Francisco\" \/>\n\t<meta name=\"twitter:label2\" content=\"Est. tempo de leitura\" \/>\n\t<meta name=\"twitter:data2\" content=\"1 minuto\" \/>\n<script type=\"application\/ld+json\" class=\"yoast-schema-graph\">{\"@context\":\"https:\\\/\\\/schema.org\",\"@graph\":[{\"@type\":\"Article\",\"@id\":\"https:\\\/\\\/redenoticiaz.com.br\\\/litoralsp\\\/2021\\\/07\\\/26\\\/navio-com-casos-de-tripulantes-com-covid-19-entra-em-quarentena#article\",\"isPartOf\":{\"@id\":\"https:\\\/\\\/redenoticiaz.com.br\\\/litoralsp\\\/2021\\\/07\\\/26\\\/navio-com-casos-de-tripulantes-com-covid-19-entra-em-quarentena\"},\"author\":{\"name\":\"Leonardo Francisco\",\"@id\":\"https:\\\/\\\/redenoticiaz.com.br\\\/litoralsp\\\/#\\\/schema\\\/person\\\/0f0b8a5bdafefe82841e07ae8d81ecb3\"},\"headline\":\"Navio com casos de tripulantes com Covid-19 entra em quarentena\",\"datePublished\":\"2021-07-26T21:22:28+00:00\",\"dateModified\":\"2021-07-26T21:22:48+00:00\",\"mainEntityOfPage\":{\"@id\":\"https:\\\/\\\/redenoticiaz.com.br\\\/litoralsp\\\/2021\\\/07\\\/26\\\/navio-com-casos-de-tripulantes-com-covid-19-entra-em-quarentena\"},\"wordCount\":221,\"commentCount\":0,\"publisher\":{\"@id\":\"https:\\\/\\\/redenoticiaz.com.br\\\/litoralsp\\\/#organization\"},\"image\":{\"@id\":\"https:\\\/\\\/redenoticiaz.com.br\\\/litoralsp\\\/2021\\\/07\\\/26\\\/navio-com-casos-de-tripulantes-com-covid-19-entra-em-quarentena#primaryimage\"},\"thumbnailUrl\":\"https:\\\/\\\/redenoticiaz.com.br\\\/litoralsp\\\/wp-content\\\/uploads\\\/sites\\\/3\\\/2021\\\/07\\\/navio.jpg\",\"keywords\":[\"CASOS DE COVID\",\"NAVIO EM QUARENTENA\",\"porto de santos\",\"Santos\"],\"articleSection\":[\"Porto\",\"Santos\",\"Sa\u00fade\"],\"inLanguage\":\"pt-BR\",\"potentialAction\":[{\"@type\":\"CommentAction\",\"name\":\"Comment\",\"target\":[\"https:\\\/\\\/redenoticiaz.com.br\\\/litoralsp\\\/2021\\\/07\\\/26\\\/navio-com-casos-de-tripulantes-com-covid-19-entra-em-quarentena#respond\"]}]},{\"@type\":\"WebPage\",\"@id\":\"https:\\\/\\\/redenoticiaz.com.br\\\/litoralsp\\\/2021\\\/07\\\/26\\\/navio-com-casos-de-tripulantes-com-covid-19-entra-em-quarentena\",\"url\":\"https:\\\/\\\/redenoticiaz.com.br\\\/litoralsp\\\/2021\\\/07\\\/26\\\/navio-com-casos-de-tripulantes-com-covid-19-entra-em-quarentena\",\"name\":\"Navio com casos de tripulantes com Covid-19 entra em quarentena - Litoral SP\",\"isPartOf\":{\"@id\":\"https:\\\/\\\/redenoticiaz.com.br\\\/litoralsp\\\/#website\"},\"primaryImageOfPage\":{\"@id\":\"https:\\\/\\\/redenoticiaz.com.br\\\/litoralsp\\\/2021\\\/07\\\/26\\\/navio-com-casos-de-tripulantes-com-covid-19-entra-em-quarentena#primaryimage\"},\"image\":{\"@id\":\"https:\\\/\\\/redenoticiaz.com.br\\\/litoralsp\\\/2021\\\/07\\\/26\\\/navio-com-casos-de-tripulantes-com-covid-19-entra-em-quarentena#primaryimage\"},\"thumbnailUrl\":\"https:\\\/\\\/redenoticiaz.com.br\\\/litoralsp\\\/wp-content\\\/uploads\\\/sites\\\/3\\\/2021\\\/07\\\/navio.jpg\",\"datePublished\":\"2021-07-26T21:22:28+00:00\",\"dateModified\":\"2021-07-26T21:22:48+00:00\",\"description\":\"navio que desembarcou no Porto de Santos ter\u00e1 de ficar de quarentena, devido a casos positivos de Covid-19 em tripulares. A informa\u00e7\u00e3o\",\"inLanguage\":\"pt-BR\",\"potentialAction\":[{\"@type\":\"ReadAction\",\"target\":[\"https:\\\/\\\/redenoticiaz.com.br\\\/litoralsp\\\/2021\\\/07\\\/26\\\/navio-com-casos-de-tripulantes-com-covid-19-entra-em-quarentena\"]}]},{\"@type\":\"ImageObject\",\"inLanguage\":\"pt-BR\",\"@id\":\"https:\\\/\\\/redenoticiaz.com.br\\\/litoralsp\\\/2021\\\/07\\\/26\\\/navio-com-casos-de-tripulantes-com-covid-19-entra-em-quarentena#primaryimage\",\"url\":\"https:\\\/\\\/redenoticiaz.com.br\\\/litoralsp\\\/wp-content\\\/uploads\\\/sites\\\/3\\\/2021\\\/07\\\/navio.jpg\",\"contentUrl\":\"https:\\\/\\\/redenoticiaz.com.br\\\/litoralsp\\\/wp-content\\\/uploads\\\/sites\\\/3\\\/2021\\\/07\\\/navio.jpg\",\"width\":1000,\"height\":574,\"caption\":\"Cr\u00e9ditos: Reprodu\u00e7\u00e3o\\\/Marine Traffic.\"},{\"@type\":\"WebSite\",\"@id\":\"https:\\\/\\\/redenoticiaz.com.br\\\/litoralsp\\\/#website\",\"url\":\"https:\\\/\\\/redenoticiaz.com.br\\\/litoralsp\\\/\",\"name\":\"Litoral SP\",\"description\":\"Rede NoticiaZ\",\"publisher\":{\"@id\":\"https:\\\/\\\/redenoticiaz.com.br\\\/litoralsp\\\/#organization\"},\"potentialAction\":[{\"@type\":\"SearchAction\",\"target\":{\"@type\":\"EntryPoint\",\"urlTemplate\":\"https:\\\/\\\/redenoticiaz.com.br\\\/litoralsp\\\/?s={search_term_string}\"},\"query-input\":{\"@type\":\"PropertyValueSpecification\",\"valueRequired\":true,\"valueName\":\"search_term_string\"}}],\"inLanguage\":\"pt-BR\"},{\"@type\":\"Organization\",\"@id\":\"https:\\\/\\\/redenoticiaz.com.br\\\/litoralsp\\\/#organization\",\"name\":\"Litoral SP\",\"url\":\"https:\\\/\\\/redenoticiaz.com.br\\\/litoralsp\\\/\",\"logo\":{\"@type\":\"ImageObject\",\"inLanguage\":\"pt-BR\",\"@id\":\"https:\\\/\\\/redenoticiaz.com.br\\\/litoralsp\\\/#\\\/schema\\\/logo\\\/image\\\/\",\"url\":\"https:\\\/\\\/redenoticiaz.com.br\\\/litoralsp\\\/wp-content\\\/uploads\\\/sites\\\/3\\\/2020\\\/11\\\/logo.jpg\",\"contentUrl\":\"https:\\\/\\\/redenoticiaz.com.br\\\/litoralsp\\\/wp-content\\\/uploads\\\/sites\\\/3\\\/2020\\\/11\\\/logo.jpg\",\"width\":400,\"height\":250,\"caption\":\"Litoral SP\"},\"image\":{\"@id\":\"https:\\\/\\\/redenoticiaz.com.br\\\/litoralsp\\\/#\\\/schema\\\/logo\\\/image\\\/\"}},{\"@type\":\"Person\",\"@id\":\"https:\\\/\\\/redenoticiaz.com.br\\\/litoralsp\\\/#\\\/schema\\\/person\\\/0f0b8a5bdafefe82841e07ae8d81ecb3\",\"name\":\"Leonardo Francisco\",\"image\":{\"@type\":\"ImageObject\",\"inLanguage\":\"pt-BR\",\"@id\":\"https:\\\/\\\/secure.gravatar.com\\\/avatar\\\/a7358cb406a99b682ec6df1e77e31ae82e63601f6784e8a3df411d72b37864da?s=96&d=mm&r=g\",\"url\":\"https:\\\/\\\/secure.gravatar.com\\\/avatar\\\/a7358cb406a99b682ec6df1e77e31ae82e63601f6784e8a3df411d72b37864da?s=96&d=mm&r=g\",\"contentUrl\":\"https:\\\/\\\/secure.gravatar.com\\\/avatar\\\/a7358cb406a99b682ec6df1e77e31ae82e63601f6784e8a3df411d72b37864da?s=96&d=mm&r=g\",\"caption\":\"Leonardo Francisco\"},\"url\":\"https:\\\/\\\/redenoticiaz.com.br\\\/litoralsp\\\/author\\\/leonardo-francisco\"}]}<\/script>\n<!-- \/ Yoast SEO plugin. -->","yoast_head_json":{"title":"Navio com casos de tripulantes com Covid-19 entra em quarentena - Litoral SP","description":"navio que desembarcou no Porto de Santos ter\u00e1 de ficar de quarentena, devido a casos positivos de Covid-19 em tripulares. A informa\u00e7\u00e3o","robots":{"index":"index","follow":"follow","max-snippet":"max-snippet:-1","max-image-preview":"max-image-preview:large","max-video-preview":"max-video-preview:-1"},"canonical":"https:\/\/redenoticiaz.com.br\/litoralsp\/2021\/07\/26\/navio-com-casos-de-tripulantes-com-covid-19-entra-em-quarentena","og_locale":"pt_BR","og_type":"article","og_title":"Navio com casos de tripulantes com Covid-19 entra em quarentena - Litoral SP","og_description":"navio que desembarcou no Porto de Santos ter\u00e1 de ficar de quarentena, devido a casos positivos de Covid-19 em tripulares. A informa\u00e7\u00e3o","og_url":"https:\/\/redenoticiaz.com.br\/litoralsp\/2021\/07\/26\/navio-com-casos-de-tripulantes-com-covid-19-entra-em-quarentena","og_site_name":"Litoral SP","article_published_time":"2021-07-26T21:22:28+00:00","article_modified_time":"2021-07-26T21:22:48+00:00","og_image":[{"width":1000,"height":574,"url":"https:\/\/redenoticiaz.com.br\/litoralsp\/wp-content\/uploads\/sites\/3\/2021\/07\/navio.jpg","type":"image\/jpeg"}],"author":"Leonardo Francisco","twitter_card":"summary_large_image","twitter_misc":{"Escrito por":"Leonardo Francisco","Est. tempo de leitura":"1 minuto"},"schema":{"@context":"https:\/\/schema.org","@graph":[{"@type":"Article","@id":"https:\/\/redenoticiaz.com.br\/litoralsp\/2021\/07\/26\/navio-com-casos-de-tripulantes-com-covid-19-entra-em-quarentena#article","isPartOf":{"@id":"https:\/\/redenoticiaz.com.br\/litoralsp\/2021\/07\/26\/navio-com-casos-de-tripulantes-com-covid-19-entra-em-quarentena"},"author":{"name":"Leonardo Francisco","@id":"https:\/\/redenoticiaz.com.br\/litoralsp\/#\/schema\/person\/0f0b8a5bdafefe82841e07ae8d81ecb3"},"headline":"Navio com casos de tripulantes com Covid-19 entra em quarentena","datePublished":"2021-07-26T21:22:28+00:00","dateModified":"2021-07-26T21:22:48+00:00","mainEntityOfPage":{"@id":"https:\/\/redenoticiaz.com.br\/litoralsp\/2021\/07\/26\/navio-com-casos-de-tripulantes-com-covid-19-entra-em-quarentena"},"wordCount":221,"commentCount":0,"publisher":{"@id":"https:\/\/redenoticiaz.com.br\/litoralsp\/#organization"},"image":{"@id":"https:\/\/redenoticiaz.com.br\/litoralsp\/2021\/07\/26\/navio-com-casos-de-tripulantes-com-covid-19-entra-em-quarentena#primaryimage"},"thumbnailUrl":"https:\/\/redenoticiaz.com.br\/litoralsp\/wp-content\/uploads\/sites\/3\/2021\/07\/navio.jpg","keywords":["CASOS DE COVID","NAVIO EM QUARENTENA","porto de santos","Santos"],"articleSection":["Porto","Santos","Sa\u00fade"],"inLanguage":"pt-BR","potentialAction":[{"@type":"CommentAction","name":"Comment","target":["https:\/\/redenoticiaz.com.br\/litoralsp\/2021\/07\/26\/navio-com-casos-de-tripulantes-com-covid-19-entra-em-quarentena#respond"]}]},{"@type":"WebPage","@id":"https:\/\/redenoticiaz.com.br\/litoralsp\/2021\/07\/26\/navio-com-casos-de-tripulantes-com-covid-19-entra-em-quarentena","url":"https:\/\/redenoticiaz.com.br\/litoralsp\/2021\/07\/26\/navio-com-casos-de-tripulantes-com-covid-19-entra-em-quarentena","name":"Navio com casos de tripulantes com Covid-19 entra em quarentena - Litoral SP","isPartOf":{"@id":"https:\/\/redenoticiaz.com.br\/litoralsp\/#website"},"primaryImageOfPage":{"@id":"https:\/\/redenoticiaz.com.br\/litoralsp\/2021\/07\/26\/navio-com-casos-de-tripulantes-com-covid-19-entra-em-quarentena#primaryimage"},"image":{"@id":"https:\/\/redenoticiaz.com.br\/litoralsp\/2021\/07\/26\/navio-com-casos-de-tripulantes-com-covid-19-entra-em-quarentena#primaryimage"},"thumbnailUrl":"https:\/\/redenoticiaz.com.br\/litoralsp\/wp-content\/uploads\/sites\/3\/2021\/07\/navio.jpg","datePublished":"2021-07-26T21:22:28+00:00","dateModified":"2021-07-26T21:22:48+00:00","description":"navio que desembarcou no Porto de Santos ter\u00e1 de ficar de quarentena, devido a casos positivos de Covid-19 em tripulares. A informa\u00e7\u00e3o","inLanguage":"pt-BR","potentialAction":[{"@type":"ReadAction","target":["https:\/\/redenoticiaz.com.br\/litoralsp\/2021\/07\/26\/navio-com-casos-de-tripulantes-com-covid-19-entra-em-quarentena"]}]},{"@type":"ImageObject","inLanguage":"pt-BR","@id":"https:\/\/redenoticiaz.com.br\/litoralsp\/2021\/07\/26\/navio-com-casos-de-tripulantes-com-covid-19-entra-em-quarentena#primaryimage","url":"https:\/\/redenoticiaz.com.br\/litoralsp\/wp-content\/uploads\/sites\/3\/2021\/07\/navio.jpg","contentUrl":"https:\/\/redenoticiaz.com.br\/litoralsp\/wp-content\/uploads\/sites\/3\/2021\/07\/navio.jpg","width":1000,"height":574,"caption":"Cr\u00e9ditos: Reprodu\u00e7\u00e3o\/Marine Traffic."},{"@type":"WebSite","@id":"https:\/\/redenoticiaz.com.br\/litoralsp\/#website","url":"https:\/\/redenoticiaz.com.br\/litoralsp\/","name":"Litoral SP","description":"Rede NoticiaZ","publisher":{"@id":"https:\/\/redenoticiaz.com.br\/litoralsp\/#organization"},"potentialAction":[{"@type":"SearchAction","target":{"@type":"EntryPoint","urlTemplate":"https:\/\/redenoticiaz.com.br\/litoralsp\/?s={search_term_string}"},"query-input":{"@type":"PropertyValueSpecification","valueRequired":true,"valueName":"search_term_string"}}],"inLanguage":"pt-BR"},{"@type":"Organization","@id":"https:\/\/redenoticiaz.com.br\/litoralsp\/#organization","name":"Litoral SP","url":"https:\/\/redenoticiaz.com.br\/litoralsp\/","logo":{"@type":"ImageObject","inLanguage":"pt-BR","@id":"https:\/\/redenoticiaz.com.br\/litoralsp\/#\/schema\/logo\/image\/","url":"https:\/\/redenoticiaz.com.br\/litoralsp\/wp-content\/uploads\/sites\/3\/2020\/11\/logo.jpg","contentUrl":"https:\/\/redenoticiaz.com.br\/litoralsp\/wp-content\/uploads\/sites\/3\/2020\/11\/logo.jpg","width":400,"height":250,"caption":"Litoral SP"},"image":{"@id":"https:\/\/redenoticiaz.com.br\/litoralsp\/#\/schema\/logo\/image\/"}},{"@type":"Person","@id":"https:\/\/redenoticiaz.com.br\/litoralsp\/#\/schema\/person\/0f0b8a5bdafefe82841e07ae8d81ecb3","name":"Leonardo Francisco","image":{"@type":"ImageObject","inLanguage":"pt-BR","@id":"https:\/\/secure.gravatar.com\/avatar\/a7358cb406a99b682ec6df1e77e31ae82e63601f6784e8a3df411d72b37864da?s=96&d=mm&r=g","url":"https:\/\/secure.gravatar.com\/avatar\/a7358cb406a99b682ec6df1e77e31ae82e63601f6784e8a3df411d72b37864da?s=96&d=mm&r=g","contentUrl":"https:\/\/secure.gravatar.com\/avatar\/a7358cb406a99b682ec6df1e77e31ae82e63601f6784e8a3df411d72b37864da?s=96&d=mm&r=g","caption":"Leonardo Francisco"},"url":"https:\/\/redenoticiaz.com.br\/litoralsp\/author\/leonardo-francisco"}]}},"_links":{"self":[{"href":"https:\/\/redenoticiaz.com.br\/litoralsp\/wp-json\/wp\/v2\/posts\/11884","targetHints":{"allow":["GET"]}}],"collection":[{"href":"https:\/\/redenoticiaz.com.br\/litoralsp\/wp-json\/wp\/v2\/posts"}],"about":[{"href":"https:\/\/redenoticiaz.com.br\/litoralsp\/wp-json\/wp\/v2\/types\/post"}],"author":[{"embeddable":true,"href":"https:\/\/redenoticiaz.com.br\/litoralsp\/wp-json\/wp\/v2\/users\/6"}],"replies":[{"embeddable":true,"href":"https:\/\/redenoticiaz.com.br\/litoralsp\/wp-json\/wp\/v2\/comments?post=11884"}],"version-history":[{"count":1,"href":"https:\/\/redenoticiaz.com.br\/litoralsp\/wp-json\/wp\/v2\/posts\/11884\/revisions"}],"predecessor-version":[{"id":11886,"href":"https:\/\/redenoticiaz.com.br\/litoralsp\/wp-json\/wp\/v2\/posts\/11884\/revisions\/11886"}],"wp:featuredmedia":[{"embeddable":true,"href":"https:\/\/redenoticiaz.com.br\/litoralsp\/wp-json\/wp\/v2\/media\/11885"}],"wp:attachment":[{"href":"https:\/\/redenoticiaz.com.br\/litoralsp\/wp-json\/wp\/v2\/media?parent=11884"}],"wp:term":[{"taxonomy":"category","embeddable":true,"href":"https:\/\/redenoticiaz.com.br\/litoralsp\/wp-json\/wp\/v2\/categories?post=11884"},{"taxonomy":"post_tag","embeddable":true,"href":"https:\/\/redenoticiaz.com.br\/litoralsp\/wp-json\/wp\/v2\/tags?post=11884"}],"curies":[{"name":"wp","href":"https:\/\/api.w.org\/{rel}","templated":true}]}}