{"id":11888,"date":"2021-07-27T10:37:55","date_gmt":"2021-07-27T13:37:55","guid":{"rendered":"https:\/\/redenoticiaz.com.br\/litoralsp\/2021\/07\/27\/italo-ferreira-faz-historia-e-fatura-o-primeiro-ouro-do-brasil-nas-olimpiadas"},"modified":"2021-07-27T10:40:57","modified_gmt":"2021-07-27T13:40:57","slug":"italo-ferreira-faz-historia-e-fatura-o-primeiro-ouro-do-brasil-nas-olimpiadas","status":"publish","type":"post","link":"https:\/\/redenoticiaz.com.br\/litoralsp\/2021\/07\/27\/italo-ferreira-faz-historia-e-fatura-o-primeiro-ouro-do-brasil-nas-olimpiadas","title":{"rendered":"Italo Ferreira faz hist\u00f3ria e fatura o primeiro ouro do Brasil nas Olimp\u00edadas"},"content":{"rendered":"<p>O Brasil, definitivamente est\u00e1 consolidado tamb\u00e9m como o pa\u00eds do surf mundial. Ap\u00f3s os t\u00edtulos conquistados no Mundial de Surf, na estreia da modalidade nos <a href=\"https:\/\/olympics.com\/ioc\/overview\">Jogos Ol\u00edmpicos<\/a>, o Brasil tamb\u00e9m faturou a medalha de ouro. O her\u00f3i desta fa\u00e7anha? <strong>Italo Ferreira<\/strong> que venceu nas Olimp\u00edadas de T\u00f3quio, no Jap\u00e3o.<\/p>\n<p>O surfista de Ba\u00eda Formosa, no Rio Grande do Norte deu um verdadeiro show ao longo da fase decisiva do surf. As decis\u00f5es na modalidade precisaram ser antecipadas devido a vinda de um tuf\u00e3o ao Jap\u00e3o. Nas quartas de final, Italo Ferreira bateu o japon\u00eas Hiroto Ohhara por 16.30 por 11.90. Nas semifinais, o brasileiro passou mais aperto, mas superou o australiano Owen Wright por 12.47 e assim se garantiu para a final.<\/p>\n<p>Na decis\u00e3o, Italo teve pela frente outro japon\u00eas, o Kanoa Igarashi, que chegou \u00e0 decis\u00e3o ap\u00f3s pol\u00eamica avalia\u00e7\u00e3o que o classificou contra o outro brasileiro, Gabriel Medina. Medina acabou perdendo a decis\u00e3o do bronze para o australiano Owen Wright.<\/p>\n<p>Veio a final e Italo Ferreira deu um verdadeiro show. S\u00f3 que no come\u00e7o, o surfista potiguar quebrou a prancha na primeira tentativa de manobra. Ainda assim o brasileiro seguiu com grandes apresenta\u00e7\u00f5es e obteve tr\u00eas \u00f3timas notados.<\/p>\n<p>A soma total foi de 15,14 contra apenas 6,60 do japon\u00eas. Assim, antes mesmo do fim da prova, j\u00e1 ficou definido que o ouro era do Brasil. Esta \u00e9 a segunda grande conquista de Italo Ferreira. Antes do ouro ol\u00edmpico ele conquistou o Mundial de Surf de 2019.<\/p>\n<p><strong>LEIA TAMB\u00c9M<\/strong><\/p>\n<p><a href=\"https:\/\/redenoticiaz.com.br\/blog\/2021\/07\/26\/na-raca-brasil-vira-sobre-a-argentina-e-vence-no-volei\">Na ra\u00e7a, Brasil vira sobre a Argentina e vence no v\u00f4lei<\/a><\/p>\n","protected":false},"excerpt":{"rendered":"<p>O Brasil, definitivamente est\u00e1 consolidado tamb\u00e9m como o pa\u00eds do surf mundial. Ap\u00f3s os t\u00edtulos conquistados no Mundial de Surf, na estreia da modalidade nos Jogos Ol\u00edmpicos, o Brasil tamb\u00e9m faturou a medalha de ouro. O her\u00f3i desta fa\u00e7anha? Italo Ferreira que venceu nas Olimp\u00edadas de T\u00f3quio, no Jap\u00e3o. O surfista de Ba\u00eda Formosa, no &hellip;<\/p>\n","protected":false},"author":6,"featured_media":11889,"comment_status":"open","ping_status":"closed","sticky":false,"template":"","format":"standard","meta":{"footnotes":""},"categories":[28092],"tags":[173,18575,12195,28654,25633,28655,16382,28549],"class_list":["post-11888","post","type-post","status-publish","format-standard","has-post-thumbnail","hentry","category-olimpiadas","tag-brasil","tag-italo-ferreira","tag-jogos-olimpicos","tag-medalha-de-ouro","tag-olimpiadas-de-toquio","tag-ouro-para-o-brasil","tag-rio-grande-do-norte","tag-surf"],"yoast_head":"<!-- This site is optimized with the Yoast SEO plugin v27.5 - https:\/\/yoast.com\/product\/yoast-seo-wordpress\/ -->\n<title>Italo Ferreira faz hist\u00f3ria e fatura o primeiro ouro do Brasil nas Olimp\u00edadas - Litoral SP<\/title>\n<meta name=\"description\" content=\"modalidade nos Jogos Ol\u00edmpicos, o Brasil tamb\u00e9m faturou a medalha de ouro. O her\u00f3i desta fa\u00e7anha? Italo Ferreira que\" \/>\n<meta name=\"robots\" content=\"index, follow, max-snippet:-1, max-image-preview:large, max-video-preview:-1\" \/>\n<link rel=\"canonical\" href=\"https:\/\/redenoticiaz.com.br\/litoralsp\/2021\/07\/27\/italo-ferreira-faz-historia-e-fatura-o-primeiro-ouro-do-brasil-nas-olimpiadas\" \/>\n<meta property=\"og:locale\" content=\"pt_BR\" \/>\n<meta property=\"og:type\" content=\"article\" \/>\n<meta property=\"og:title\" content=\"Italo Ferreira faz hist\u00f3ria e fatura o primeiro ouro do Brasil nas Olimp\u00edadas - Litoral SP\" \/>\n<meta property=\"og:description\" content=\"modalidade nos Jogos Ol\u00edmpicos, o Brasil tamb\u00e9m faturou a medalha de ouro. O her\u00f3i desta fa\u00e7anha? Italo Ferreira que\" \/>\n<meta property=\"og:url\" content=\"https:\/\/redenoticiaz.com.br\/litoralsp\/2021\/07\/27\/italo-ferreira-faz-historia-e-fatura-o-primeiro-ouro-do-brasil-nas-olimpiadas\" \/>\n<meta property=\"og:site_name\" content=\"Litoral SP\" \/>\n<meta property=\"article:published_time\" content=\"2021-07-27T13:37:55+00:00\" \/>\n<meta property=\"article:modified_time\" content=\"2021-07-27T13:40:57+00:00\" \/>\n<meta property=\"og:image\" content=\"https:\/\/redenoticiaz.com.br\/litoralsp\/wp-content\/uploads\/sites\/3\/2021\/07\/talo-ouro.jpg\" \/>\n\t<meta property=\"og:image:width\" content=\"984\" \/>\n\t<meta property=\"og:image:height\" content=\"554\" \/>\n\t<meta property=\"og:image:type\" content=\"image\/jpeg\" \/>\n<meta name=\"author\" content=\"Leonardo Francisco\" \/>\n<meta name=\"twitter:card\" content=\"summary_large_image\" \/>\n<meta name=\"twitter:label1\" content=\"Escrito por\" \/>\n\t<meta name=\"twitter:data1\" content=\"Leonardo Francisco\" \/>\n\t<meta name=\"twitter:label2\" content=\"Est. tempo de leitura\" \/>\n\t<meta name=\"twitter:data2\" content=\"1 minuto\" \/>\n<script type=\"application\/ld+json\" class=\"yoast-schema-graph\">{\"@context\":\"https:\\\/\\\/schema.org\",\"@graph\":[{\"@type\":\"Article\",\"@id\":\"https:\\\/\\\/redenoticiaz.com.br\\\/litoralsp\\\/2021\\\/07\\\/27\\\/italo-ferreira-faz-historia-e-fatura-o-primeiro-ouro-do-brasil-nas-olimpiadas#article\",\"isPartOf\":{\"@id\":\"https:\\\/\\\/redenoticiaz.com.br\\\/litoralsp\\\/2021\\\/07\\\/27\\\/italo-ferreira-faz-historia-e-fatura-o-primeiro-ouro-do-brasil-nas-olimpiadas\"},\"author\":{\"name\":\"Leonardo Francisco\",\"@id\":\"https:\\\/\\\/redenoticiaz.com.br\\\/litoralsp\\\/#\\\/schema\\\/person\\\/0f0b8a5bdafefe82841e07ae8d81ecb3\"},\"headline\":\"Italo Ferreira faz hist\u00f3ria e fatura o primeiro ouro do Brasil nas Olimp\u00edadas\",\"datePublished\":\"2021-07-27T13:37:55+00:00\",\"dateModified\":\"2021-07-27T13:40:57+00:00\",\"mainEntityOfPage\":{\"@id\":\"https:\\\/\\\/redenoticiaz.com.br\\\/litoralsp\\\/2021\\\/07\\\/27\\\/italo-ferreira-faz-historia-e-fatura-o-primeiro-ouro-do-brasil-nas-olimpiadas\"},\"wordCount\":298,\"commentCount\":0,\"publisher\":{\"@id\":\"https:\\\/\\\/redenoticiaz.com.br\\\/litoralsp\\\/#organization\"},\"image\":{\"@id\":\"https:\\\/\\\/redenoticiaz.com.br\\\/litoralsp\\\/2021\\\/07\\\/27\\\/italo-ferreira-faz-historia-e-fatura-o-primeiro-ouro-do-brasil-nas-olimpiadas#primaryimage\"},\"thumbnailUrl\":\"https:\\\/\\\/redenoticiaz.com.br\\\/litoralsp\\\/wp-content\\\/uploads\\\/sites\\\/3\\\/2021\\\/07\\\/talo-ouro.jpg\",\"keywords\":[\"Brasil\",\"\u00cdTALO FERREIRA\",\"JOGOS OL\u00cdMPICOS\",\"MEDALHA DE OURO\",\"OLIMP\u00cdADAS DE T\u00d3QUIO\",\"OURO PARA O BRASIL\",\"RIO GRANDE DO NORTE\",\"SURF\"],\"articleSection\":[\"Olimp\u00edadas\"],\"inLanguage\":\"pt-BR\",\"potentialAction\":[{\"@type\":\"CommentAction\",\"name\":\"Comment\",\"target\":[\"https:\\\/\\\/redenoticiaz.com.br\\\/litoralsp\\\/2021\\\/07\\\/27\\\/italo-ferreira-faz-historia-e-fatura-o-primeiro-ouro-do-brasil-nas-olimpiadas#respond\"]}]},{\"@type\":\"WebPage\",\"@id\":\"https:\\\/\\\/redenoticiaz.com.br\\\/litoralsp\\\/2021\\\/07\\\/27\\\/italo-ferreira-faz-historia-e-fatura-o-primeiro-ouro-do-brasil-nas-olimpiadas\",\"url\":\"https:\\\/\\\/redenoticiaz.com.br\\\/litoralsp\\\/2021\\\/07\\\/27\\\/italo-ferreira-faz-historia-e-fatura-o-primeiro-ouro-do-brasil-nas-olimpiadas\",\"name\":\"Italo Ferreira faz hist\u00f3ria e fatura o primeiro ouro do Brasil nas Olimp\u00edadas - Litoral SP\",\"isPartOf\":{\"@id\":\"https:\\\/\\\/redenoticiaz.com.br\\\/litoralsp\\\/#website\"},\"primaryImageOfPage\":{\"@id\":\"https:\\\/\\\/redenoticiaz.com.br\\\/litoralsp\\\/2021\\\/07\\\/27\\\/italo-ferreira-faz-historia-e-fatura-o-primeiro-ouro-do-brasil-nas-olimpiadas#primaryimage\"},\"image\":{\"@id\":\"https:\\\/\\\/redenoticiaz.com.br\\\/litoralsp\\\/2021\\\/07\\\/27\\\/italo-ferreira-faz-historia-e-fatura-o-primeiro-ouro-do-brasil-nas-olimpiadas#primaryimage\"},\"thumbnailUrl\":\"https:\\\/\\\/redenoticiaz.com.br\\\/litoralsp\\\/wp-content\\\/uploads\\\/sites\\\/3\\\/2021\\\/07\\\/talo-ouro.jpg\",\"datePublished\":\"2021-07-27T13:37:55+00:00\",\"dateModified\":\"2021-07-27T13:40:57+00:00\",\"description\":\"modalidade nos Jogos Ol\u00edmpicos, o Brasil tamb\u00e9m faturou a medalha de ouro. O her\u00f3i desta fa\u00e7anha? Italo Ferreira que\",\"inLanguage\":\"pt-BR\",\"potentialAction\":[{\"@type\":\"ReadAction\",\"target\":[\"https:\\\/\\\/redenoticiaz.com.br\\\/litoralsp\\\/2021\\\/07\\\/27\\\/italo-ferreira-faz-historia-e-fatura-o-primeiro-ouro-do-brasil-nas-olimpiadas\"]}]},{\"@type\":\"ImageObject\",\"inLanguage\":\"pt-BR\",\"@id\":\"https:\\\/\\\/redenoticiaz.com.br\\\/litoralsp\\\/2021\\\/07\\\/27\\\/italo-ferreira-faz-historia-e-fatura-o-primeiro-ouro-do-brasil-nas-olimpiadas#primaryimage\",\"url\":\"https:\\\/\\\/redenoticiaz.com.br\\\/litoralsp\\\/wp-content\\\/uploads\\\/sites\\\/3\\\/2021\\\/07\\\/talo-ouro.jpg\",\"contentUrl\":\"https:\\\/\\\/redenoticiaz.com.br\\\/litoralsp\\\/wp-content\\\/uploads\\\/sites\\\/3\\\/2021\\\/07\\\/talo-ouro.jpg\",\"width\":984,\"height\":554,\"caption\":\"Na estreia do surf, \u00cdtalo Ferreira se tornou o primeiro campe\u00e3o ol\u00edmpico da hist\u00f3ria da modalidade.\"},{\"@type\":\"WebSite\",\"@id\":\"https:\\\/\\\/redenoticiaz.com.br\\\/litoralsp\\\/#website\",\"url\":\"https:\\\/\\\/redenoticiaz.com.br\\\/litoralsp\\\/\",\"name\":\"Litoral SP\",\"description\":\"Rede NoticiaZ\",\"publisher\":{\"@id\":\"https:\\\/\\\/redenoticiaz.com.br\\\/litoralsp\\\/#organization\"},\"potentialAction\":[{\"@type\":\"SearchAction\",\"target\":{\"@type\":\"EntryPoint\",\"urlTemplate\":\"https:\\\/\\\/redenoticiaz.com.br\\\/litoralsp\\\/?s={search_term_string}\"},\"query-input\":{\"@type\":\"PropertyValueSpecification\",\"valueRequired\":true,\"valueName\":\"search_term_string\"}}],\"inLanguage\":\"pt-BR\"},{\"@type\":\"Organization\",\"@id\":\"https:\\\/\\\/redenoticiaz.com.br\\\/litoralsp\\\/#organization\",\"name\":\"Litoral SP\",\"url\":\"https:\\\/\\\/redenoticiaz.com.br\\\/litoralsp\\\/\",\"logo\":{\"@type\":\"ImageObject\",\"inLanguage\":\"pt-BR\",\"@id\":\"https:\\\/\\\/redenoticiaz.com.br\\\/litoralsp\\\/#\\\/schema\\\/logo\\\/image\\\/\",\"url\":\"https:\\\/\\\/redenoticiaz.com.br\\\/litoralsp\\\/wp-content\\\/uploads\\\/sites\\\/3\\\/2020\\\/11\\\/logo.jpg\",\"contentUrl\":\"https:\\\/\\\/redenoticiaz.com.br\\\/litoralsp\\\/wp-content\\\/uploads\\\/sites\\\/3\\\/2020\\\/11\\\/logo.jpg\",\"width\":400,\"height\":250,\"caption\":\"Litoral SP\"},\"image\":{\"@id\":\"https:\\\/\\\/redenoticiaz.com.br\\\/litoralsp\\\/#\\\/schema\\\/logo\\\/image\\\/\"}},{\"@type\":\"Person\",\"@id\":\"https:\\\/\\\/redenoticiaz.com.br\\\/litoralsp\\\/#\\\/schema\\\/person\\\/0f0b8a5bdafefe82841e07ae8d81ecb3\",\"name\":\"Leonardo Francisco\",\"image\":{\"@type\":\"ImageObject\",\"inLanguage\":\"pt-BR\",\"@id\":\"https:\\\/\\\/secure.gravatar.com\\\/avatar\\\/a7358cb406a99b682ec6df1e77e31ae82e63601f6784e8a3df411d72b37864da?s=96&d=mm&r=g\",\"url\":\"https:\\\/\\\/secure.gravatar.com\\\/avatar\\\/a7358cb406a99b682ec6df1e77e31ae82e63601f6784e8a3df411d72b37864da?s=96&d=mm&r=g\",\"contentUrl\":\"https:\\\/\\\/secure.gravatar.com\\\/avatar\\\/a7358cb406a99b682ec6df1e77e31ae82e63601f6784e8a3df411d72b37864da?s=96&d=mm&r=g\",\"caption\":\"Leonardo Francisco\"},\"url\":\"https:\\\/\\\/redenoticiaz.com.br\\\/litoralsp\\\/author\\\/leonardo-francisco\"}]}<\/script>\n<!-- \/ Yoast SEO plugin. -->","yoast_head_json":{"title":"Italo Ferreira faz hist\u00f3ria e fatura o primeiro ouro do Brasil nas Olimp\u00edadas - Litoral SP","description":"modalidade nos Jogos Ol\u00edmpicos, o Brasil tamb\u00e9m faturou a medalha de ouro. O her\u00f3i desta fa\u00e7anha? Italo Ferreira que","robots":{"index":"index","follow":"follow","max-snippet":"max-snippet:-1","max-image-preview":"max-image-preview:large","max-video-preview":"max-video-preview:-1"},"canonical":"https:\/\/redenoticiaz.com.br\/litoralsp\/2021\/07\/27\/italo-ferreira-faz-historia-e-fatura-o-primeiro-ouro-do-brasil-nas-olimpiadas","og_locale":"pt_BR","og_type":"article","og_title":"Italo Ferreira faz hist\u00f3ria e fatura o primeiro ouro do Brasil nas Olimp\u00edadas - Litoral SP","og_description":"modalidade nos Jogos Ol\u00edmpicos, o Brasil tamb\u00e9m faturou a medalha de ouro. O her\u00f3i desta fa\u00e7anha? Italo Ferreira que","og_url":"https:\/\/redenoticiaz.com.br\/litoralsp\/2021\/07\/27\/italo-ferreira-faz-historia-e-fatura-o-primeiro-ouro-do-brasil-nas-olimpiadas","og_site_name":"Litoral SP","article_published_time":"2021-07-27T13:37:55+00:00","article_modified_time":"2021-07-27T13:40:57+00:00","og_image":[{"width":984,"height":554,"url":"https:\/\/redenoticiaz.com.br\/litoralsp\/wp-content\/uploads\/sites\/3\/2021\/07\/talo-ouro.jpg","type":"image\/jpeg"}],"author":"Leonardo Francisco","twitter_card":"summary_large_image","twitter_misc":{"Escrito por":"Leonardo Francisco","Est. tempo de leitura":"1 minuto"},"schema":{"@context":"https:\/\/schema.org","@graph":[{"@type":"Article","@id":"https:\/\/redenoticiaz.com.br\/litoralsp\/2021\/07\/27\/italo-ferreira-faz-historia-e-fatura-o-primeiro-ouro-do-brasil-nas-olimpiadas#article","isPartOf":{"@id":"https:\/\/redenoticiaz.com.br\/litoralsp\/2021\/07\/27\/italo-ferreira-faz-historia-e-fatura-o-primeiro-ouro-do-brasil-nas-olimpiadas"},"author":{"name":"Leonardo Francisco","@id":"https:\/\/redenoticiaz.com.br\/litoralsp\/#\/schema\/person\/0f0b8a5bdafefe82841e07ae8d81ecb3"},"headline":"Italo Ferreira faz hist\u00f3ria e fatura o primeiro ouro do Brasil nas Olimp\u00edadas","datePublished":"2021-07-27T13:37:55+00:00","dateModified":"2021-07-27T13:40:57+00:00","mainEntityOfPage":{"@id":"https:\/\/redenoticiaz.com.br\/litoralsp\/2021\/07\/27\/italo-ferreira-faz-historia-e-fatura-o-primeiro-ouro-do-brasil-nas-olimpiadas"},"wordCount":298,"commentCount":0,"publisher":{"@id":"https:\/\/redenoticiaz.com.br\/litoralsp\/#organization"},"image":{"@id":"https:\/\/redenoticiaz.com.br\/litoralsp\/2021\/07\/27\/italo-ferreira-faz-historia-e-fatura-o-primeiro-ouro-do-brasil-nas-olimpiadas#primaryimage"},"thumbnailUrl":"https:\/\/redenoticiaz.com.br\/litoralsp\/wp-content\/uploads\/sites\/3\/2021\/07\/talo-ouro.jpg","keywords":["Brasil","\u00cdTALO FERREIRA","JOGOS OL\u00cdMPICOS","MEDALHA DE OURO","OLIMP\u00cdADAS DE T\u00d3QUIO","OURO PARA O BRASIL","RIO GRANDE DO NORTE","SURF"],"articleSection":["Olimp\u00edadas"],"inLanguage":"pt-BR","potentialAction":[{"@type":"CommentAction","name":"Comment","target":["https:\/\/redenoticiaz.com.br\/litoralsp\/2021\/07\/27\/italo-ferreira-faz-historia-e-fatura-o-primeiro-ouro-do-brasil-nas-olimpiadas#respond"]}]},{"@type":"WebPage","@id":"https:\/\/redenoticiaz.com.br\/litoralsp\/2021\/07\/27\/italo-ferreira-faz-historia-e-fatura-o-primeiro-ouro-do-brasil-nas-olimpiadas","url":"https:\/\/redenoticiaz.com.br\/litoralsp\/2021\/07\/27\/italo-ferreira-faz-historia-e-fatura-o-primeiro-ouro-do-brasil-nas-olimpiadas","name":"Italo Ferreira faz hist\u00f3ria e fatura o primeiro ouro do Brasil nas Olimp\u00edadas - Litoral SP","isPartOf":{"@id":"https:\/\/redenoticiaz.com.br\/litoralsp\/#website"},"primaryImageOfPage":{"@id":"https:\/\/redenoticiaz.com.br\/litoralsp\/2021\/07\/27\/italo-ferreira-faz-historia-e-fatura-o-primeiro-ouro-do-brasil-nas-olimpiadas#primaryimage"},"image":{"@id":"https:\/\/redenoticiaz.com.br\/litoralsp\/2021\/07\/27\/italo-ferreira-faz-historia-e-fatura-o-primeiro-ouro-do-brasil-nas-olimpiadas#primaryimage"},"thumbnailUrl":"https:\/\/redenoticiaz.com.br\/litoralsp\/wp-content\/uploads\/sites\/3\/2021\/07\/talo-ouro.jpg","datePublished":"2021-07-27T13:37:55+00:00","dateModified":"2021-07-27T13:40:57+00:00","description":"modalidade nos Jogos Ol\u00edmpicos, o Brasil tamb\u00e9m faturou a medalha de ouro. O her\u00f3i desta fa\u00e7anha? Italo Ferreira que","inLanguage":"pt-BR","potentialAction":[{"@type":"ReadAction","target":["https:\/\/redenoticiaz.com.br\/litoralsp\/2021\/07\/27\/italo-ferreira-faz-historia-e-fatura-o-primeiro-ouro-do-brasil-nas-olimpiadas"]}]},{"@type":"ImageObject","inLanguage":"pt-BR","@id":"https:\/\/redenoticiaz.com.br\/litoralsp\/2021\/07\/27\/italo-ferreira-faz-historia-e-fatura-o-primeiro-ouro-do-brasil-nas-olimpiadas#primaryimage","url":"https:\/\/redenoticiaz.com.br\/litoralsp\/wp-content\/uploads\/sites\/3\/2021\/07\/talo-ouro.jpg","contentUrl":"https:\/\/redenoticiaz.com.br\/litoralsp\/wp-content\/uploads\/sites\/3\/2021\/07\/talo-ouro.jpg","width":984,"height":554,"caption":"Na estreia do surf, \u00cdtalo Ferreira se tornou o primeiro campe\u00e3o ol\u00edmpico da hist\u00f3ria da modalidade."},{"@type":"WebSite","@id":"https:\/\/redenoticiaz.com.br\/litoralsp\/#website","url":"https:\/\/redenoticiaz.com.br\/litoralsp\/","name":"Litoral SP","description":"Rede NoticiaZ","publisher":{"@id":"https:\/\/redenoticiaz.com.br\/litoralsp\/#organization"},"potentialAction":[{"@type":"SearchAction","target":{"@type":"EntryPoint","urlTemplate":"https:\/\/redenoticiaz.com.br\/litoralsp\/?s={search_term_string}"},"query-input":{"@type":"PropertyValueSpecification","valueRequired":true,"valueName":"search_term_string"}}],"inLanguage":"pt-BR"},{"@type":"Organization","@id":"https:\/\/redenoticiaz.com.br\/litoralsp\/#organization","name":"Litoral SP","url":"https:\/\/redenoticiaz.com.br\/litoralsp\/","logo":{"@type":"ImageObject","inLanguage":"pt-BR","@id":"https:\/\/redenoticiaz.com.br\/litoralsp\/#\/schema\/logo\/image\/","url":"https:\/\/redenoticiaz.com.br\/litoralsp\/wp-content\/uploads\/sites\/3\/2020\/11\/logo.jpg","contentUrl":"https:\/\/redenoticiaz.com.br\/litoralsp\/wp-content\/uploads\/sites\/3\/2020\/11\/logo.jpg","width":400,"height":250,"caption":"Litoral SP"},"image":{"@id":"https:\/\/redenoticiaz.com.br\/litoralsp\/#\/schema\/logo\/image\/"}},{"@type":"Person","@id":"https:\/\/redenoticiaz.com.br\/litoralsp\/#\/schema\/person\/0f0b8a5bdafefe82841e07ae8d81ecb3","name":"Leonardo Francisco","image":{"@type":"ImageObject","inLanguage":"pt-BR","@id":"https:\/\/secure.gravatar.com\/avatar\/a7358cb406a99b682ec6df1e77e31ae82e63601f6784e8a3df411d72b37864da?s=96&d=mm&r=g","url":"https:\/\/secure.gravatar.com\/avatar\/a7358cb406a99b682ec6df1e77e31ae82e63601f6784e8a3df411d72b37864da?s=96&d=mm&r=g","contentUrl":"https:\/\/secure.gravatar.com\/avatar\/a7358cb406a99b682ec6df1e77e31ae82e63601f6784e8a3df411d72b37864da?s=96&d=mm&r=g","caption":"Leonardo Francisco"},"url":"https:\/\/redenoticiaz.com.br\/litoralsp\/author\/leonardo-francisco"}]}},"_links":{"self":[{"href":"https:\/\/redenoticiaz.com.br\/litoralsp\/wp-json\/wp\/v2\/posts\/11888","targetHints":{"allow":["GET"]}}],"collection":[{"href":"https:\/\/redenoticiaz.com.br\/litoralsp\/wp-json\/wp\/v2\/posts"}],"about":[{"href":"https:\/\/redenoticiaz.com.br\/litoralsp\/wp-json\/wp\/v2\/types\/post"}],"author":[{"embeddable":true,"href":"https:\/\/redenoticiaz.com.br\/litoralsp\/wp-json\/wp\/v2\/users\/6"}],"replies":[{"embeddable":true,"href":"https:\/\/redenoticiaz.com.br\/litoralsp\/wp-json\/wp\/v2\/comments?post=11888"}],"version-history":[{"count":1,"href":"https:\/\/redenoticiaz.com.br\/litoralsp\/wp-json\/wp\/v2\/posts\/11888\/revisions"}],"predecessor-version":[{"id":11891,"href":"https:\/\/redenoticiaz.com.br\/litoralsp\/wp-json\/wp\/v2\/posts\/11888\/revisions\/11891"}],"wp:featuredmedia":[{"embeddable":true,"href":"https:\/\/redenoticiaz.com.br\/litoralsp\/wp-json\/wp\/v2\/media\/11889"}],"wp:attachment":[{"href":"https:\/\/redenoticiaz.com.br\/litoralsp\/wp-json\/wp\/v2\/media?parent=11888"}],"wp:term":[{"taxonomy":"category","embeddable":true,"href":"https:\/\/redenoticiaz.com.br\/litoralsp\/wp-json\/wp\/v2\/categories?post=11888"},{"taxonomy":"post_tag","embeddable":true,"href":"https:\/\/redenoticiaz.com.br\/litoralsp\/wp-json\/wp\/v2\/tags?post=11888"}],"curies":[{"name":"wp","href":"https:\/\/api.w.org\/{rel}","templated":true}]}}