{"id":118880,"date":"2024-10-18T16:45:30","date_gmt":"2024-10-18T19:45:30","guid":{"rendered":"https:\/\/redenoticiaz.com.br\/litoralsp\/?p=118880"},"modified":"2024-10-18T16:45:30","modified_gmt":"2024-10-18T19:45:30","slug":"trio-e-preso-por-morte-de-crianca","status":"publish","type":"post","link":"https:\/\/redenoticiaz.com.br\/litoralsp\/2024\/10\/18\/trio-e-preso-por-morte-de-crianca","title":{"rendered":"Trio \u00e9 preso por morte de crian\u00e7a"},"content":{"rendered":"<p>A pol\u00edcia civil prendeu um casal e a irm\u00e3 da mulher por maltratarem sete filhos em\u00a0sete barras, no interior de s\u00e3o paulo.<\/p>\n<p>De acordo com as informa\u00e7\u00f5es, uma das v\u00edtimas morreu ap\u00f3s ser internada em um hospital em registro (sp).Outra crian\u00e7a, filha de apenas uma das criminosas, foi entregue ao pai, que n\u00e3o est\u00e1 envolvido no crime. As demais foram resgatadas e levadas para um abrigo.<\/p>\n<p>Ainda de acordo com a pol\u00edcia civil, quatro crian\u00e7as s\u00e3o filhas do casal, enquanto as outras tr\u00eas s\u00e3o filhas apenas de uma das mulheres detidas. A fam\u00edlia morava em uma casa em sete barras (sp), onde os maus-tratos teriam ocorrido.<\/p>\n<p>Sendo assim, os adultos, que n\u00e3o tiveram as identidades divulgadas, foram presos na delegacia de pol\u00edcia de itabuna (ba), na quinta-feira (10), ap\u00f3s deixarem sete barras (sp) para fugir das autoridades. O trio ser\u00e1 transferido ao sistema prisional do vale do ribeira, no estado de s\u00e3o paulo.<\/p>\n<p>Em nota, a secretaria de seguran\u00e7a p\u00fablica de s\u00e3o paulo (ssp-sp) informou que o caso \u00e9 investigado por meio de inqu\u00e9rito policial. A pol\u00edcia civil afirmou que apura os\u00a0crimes de homic\u00eddio qualificado, maus-tratos, abandono material e intelectual.<\/p>\n<p>Leia mais<\/p>\n<p><a href=\"https:\/\/redenoticiaz.com.br\/litoralsp\/2024\/10\/17\/5a-companhia-de-policia-militar-ambiental-maritima-do-3o-bpamb-comemora-11-anos-de-criacao\">5\u00aa Companhia de Pol\u00edcia Militar Ambiental Mar\u00edtima do 3\u00ba BPAmb comemora 11 anos de cria\u00e7\u00e3o<\/a><\/p>\n<p><a href=\"https:\/\/redenoticiaz.com.br\/litoralsp\/2024\/10\/16\/rodovia-sera-interditada-na-baixada-santista\">Rodovia ser\u00e1 interditada na baixada santista<\/a><\/p>\n","protected":false},"excerpt":{"rendered":"<p>A pol\u00edcia civil prendeu um casal e a irm\u00e3 da mulher por maltratarem sete filhos em\u00a0sete barras, no interior de s\u00e3o paulo. De acordo com as informa\u00e7\u00f5es, uma das v\u00edtimas morreu ap\u00f3s ser internada em um hospital em registro (sp).Outra crian\u00e7a, filha de apenas uma das criminosas, foi entregue ao pai, que n\u00e3o est\u00e1 envolvido &hellip;<\/p>\n","protected":false},"author":12,"featured_media":117751,"comment_status":"open","ping_status":"closed","sticky":false,"template":"","format":"standard","meta":{"footnotes":""},"categories":[2,12778,12777,10],"tags":[68804,23143,4773],"class_list":["post-118880","post","type-post","status-publish","format-standard","has-post-thumbnail","hentry","category-cidades","category-iguape","category-ilha-comprida","category-policia","tag-hospital-sete-barras","tag-policia-2","tag-policia-civil-2"],"yoast_head":"<!-- This site is optimized with the Yoast SEO plugin v27.4 - https:\/\/yoast.com\/product\/yoast-seo-wordpress\/ -->\n<title>Trio \u00e9 preso por morte de crian\u00e7a - Litoral SP<\/title>\n<meta name=\"description\" content=\"A pol\u00edcia civil prendeu um casal e a irm\u00e3 da mulher por maltratarem sete filhos em\u00a0sete barras, no interior de s\u00e3o paulo.\" \/>\n<meta name=\"robots\" content=\"index, follow, max-snippet:-1, max-image-preview:large, max-video-preview:-1\" \/>\n<link rel=\"canonical\" href=\"https:\/\/redenoticiaz.com.br\/litoralsp\/2024\/10\/18\/trio-e-preso-por-morte-de-crianca\" \/>\n<meta property=\"og:locale\" content=\"pt_BR\" \/>\n<meta property=\"og:type\" content=\"article\" \/>\n<meta property=\"og:title\" content=\"Trio \u00e9 preso por morte de crian\u00e7a - Litoral SP\" \/>\n<meta property=\"og:description\" content=\"A pol\u00edcia civil prendeu um casal e a irm\u00e3 da mulher por maltratarem sete filhos em\u00a0sete barras, no interior de s\u00e3o paulo.\" \/>\n<meta property=\"og:url\" content=\"https:\/\/redenoticiaz.com.br\/litoralsp\/2024\/10\/18\/trio-e-preso-por-morte-de-crianca\" \/>\n<meta property=\"og:site_name\" content=\"Litoral SP\" \/>\n<meta property=\"article:published_time\" content=\"2024-10-18T19:45:30+00:00\" \/>\n<meta property=\"og:image\" content=\"https:\/\/redenoticiaz.com.br\/litoralsp\/wp-content\/uploads\/sites\/3\/2024\/08\/453042922_917600333717820_8860477121417584450_n.jpg?v=1721927834\" \/>\n\t<meta property=\"og:image:width\" content=\"960\" \/>\n\t<meta property=\"og:image:height\" content=\"503\" \/>\n\t<meta property=\"og:image:type\" content=\"image\/jpeg\" \/>\n<meta name=\"author\" content=\"Gustavo Silva\" \/>\n<meta name=\"twitter:card\" content=\"summary_large_image\" \/>\n<meta name=\"twitter:label1\" content=\"Escrito por\" \/>\n\t<meta name=\"twitter:data1\" content=\"Gustavo Silva\" \/>\n\t<meta name=\"twitter:label2\" content=\"Est. tempo de leitura\" \/>\n\t<meta name=\"twitter:data2\" content=\"2 minutos\" \/>\n<script type=\"application\/ld+json\" class=\"yoast-schema-graph\">{\"@context\":\"https:\\\/\\\/schema.org\",\"@graph\":[{\"@type\":\"Article\",\"@id\":\"https:\\\/\\\/redenoticiaz.com.br\\\/litoralsp\\\/2024\\\/10\\\/18\\\/trio-e-preso-por-morte-de-crianca#article\",\"isPartOf\":{\"@id\":\"https:\\\/\\\/redenoticiaz.com.br\\\/litoralsp\\\/2024\\\/10\\\/18\\\/trio-e-preso-por-morte-de-crianca\"},\"author\":{\"name\":\"Gustavo Silva\",\"@id\":\"https:\\\/\\\/redenoticiaz.com.br\\\/litoralsp\\\/#\\\/schema\\\/person\\\/16057b37a3c0ee6b096d7f887c566e2e\"},\"headline\":\"Trio \u00e9 preso por morte de crian\u00e7a\",\"datePublished\":\"2024-10-18T19:45:30+00:00\",\"mainEntityOfPage\":{\"@id\":\"https:\\\/\\\/redenoticiaz.com.br\\\/litoralsp\\\/2024\\\/10\\\/18\\\/trio-e-preso-por-morte-de-crianca\"},\"wordCount\":244,\"commentCount\":0,\"publisher\":{\"@id\":\"https:\\\/\\\/redenoticiaz.com.br\\\/litoralsp\\\/#organization\"},\"image\":{\"@id\":\"https:\\\/\\\/redenoticiaz.com.br\\\/litoralsp\\\/2024\\\/10\\\/18\\\/trio-e-preso-por-morte-de-crianca#primaryimage\"},\"thumbnailUrl\":\"https:\\\/\\\/redenoticiaz.com.br\\\/litoralsp\\\/wp-content\\\/uploads\\\/sites\\\/3\\\/2024\\\/08\\\/453042922_917600333717820_8860477121417584450_n.jpg?v=1721927834\",\"keywords\":[\"hospital sete barras\",\"POL\u00cdCIA\",\"POL\u00cdCIA CIVIL\"],\"articleSection\":[\"Cidades\",\"Iguape\",\"Ilha Comprida\",\"Pol\u00edcia\"],\"inLanguage\":\"pt-BR\",\"potentialAction\":[{\"@type\":\"CommentAction\",\"name\":\"Comment\",\"target\":[\"https:\\\/\\\/redenoticiaz.com.br\\\/litoralsp\\\/2024\\\/10\\\/18\\\/trio-e-preso-por-morte-de-crianca#respond\"]}]},{\"@type\":\"WebPage\",\"@id\":\"https:\\\/\\\/redenoticiaz.com.br\\\/litoralsp\\\/2024\\\/10\\\/18\\\/trio-e-preso-por-morte-de-crianca\",\"url\":\"https:\\\/\\\/redenoticiaz.com.br\\\/litoralsp\\\/2024\\\/10\\\/18\\\/trio-e-preso-por-morte-de-crianca\",\"name\":\"Trio \u00e9 preso por morte de crian\u00e7a - Litoral SP\",\"isPartOf\":{\"@id\":\"https:\\\/\\\/redenoticiaz.com.br\\\/litoralsp\\\/#website\"},\"primaryImageOfPage\":{\"@id\":\"https:\\\/\\\/redenoticiaz.com.br\\\/litoralsp\\\/2024\\\/10\\\/18\\\/trio-e-preso-por-morte-de-crianca#primaryimage\"},\"image\":{\"@id\":\"https:\\\/\\\/redenoticiaz.com.br\\\/litoralsp\\\/2024\\\/10\\\/18\\\/trio-e-preso-por-morte-de-crianca#primaryimage\"},\"thumbnailUrl\":\"https:\\\/\\\/redenoticiaz.com.br\\\/litoralsp\\\/wp-content\\\/uploads\\\/sites\\\/3\\\/2024\\\/08\\\/453042922_917600333717820_8860477121417584450_n.jpg?v=1721927834\",\"datePublished\":\"2024-10-18T19:45:30+00:00\",\"description\":\"A pol\u00edcia civil prendeu um casal e a irm\u00e3 da mulher por maltratarem sete filhos em\u00a0sete barras, no interior de s\u00e3o paulo.\",\"inLanguage\":\"pt-BR\",\"potentialAction\":[{\"@type\":\"ReadAction\",\"target\":[\"https:\\\/\\\/redenoticiaz.com.br\\\/litoralsp\\\/2024\\\/10\\\/18\\\/trio-e-preso-por-morte-de-crianca\"]}]},{\"@type\":\"ImageObject\",\"inLanguage\":\"pt-BR\",\"@id\":\"https:\\\/\\\/redenoticiaz.com.br\\\/litoralsp\\\/2024\\\/10\\\/18\\\/trio-e-preso-por-morte-de-crianca#primaryimage\",\"url\":\"https:\\\/\\\/redenoticiaz.com.br\\\/litoralsp\\\/wp-content\\\/uploads\\\/sites\\\/3\\\/2024\\\/08\\\/453042922_917600333717820_8860477121417584450_n.jpg?v=1721927834\",\"contentUrl\":\"https:\\\/\\\/redenoticiaz.com.br\\\/litoralsp\\\/wp-content\\\/uploads\\\/sites\\\/3\\\/2024\\\/08\\\/453042922_917600333717820_8860477121417584450_n.jpg?v=1721927834\",\"width\":960,\"height\":503},{\"@type\":\"WebSite\",\"@id\":\"https:\\\/\\\/redenoticiaz.com.br\\\/litoralsp\\\/#website\",\"url\":\"https:\\\/\\\/redenoticiaz.com.br\\\/litoralsp\\\/\",\"name\":\"Litoral SP\",\"description\":\"Rede NoticiaZ\",\"publisher\":{\"@id\":\"https:\\\/\\\/redenoticiaz.com.br\\\/litoralsp\\\/#organization\"},\"potentialAction\":[{\"@type\":\"SearchAction\",\"target\":{\"@type\":\"EntryPoint\",\"urlTemplate\":\"https:\\\/\\\/redenoticiaz.com.br\\\/litoralsp\\\/?s={search_term_string}\"},\"query-input\":{\"@type\":\"PropertyValueSpecification\",\"valueRequired\":true,\"valueName\":\"search_term_string\"}}],\"inLanguage\":\"pt-BR\"},{\"@type\":\"Organization\",\"@id\":\"https:\\\/\\\/redenoticiaz.com.br\\\/litoralsp\\\/#organization\",\"name\":\"Litoral SP\",\"url\":\"https:\\\/\\\/redenoticiaz.com.br\\\/litoralsp\\\/\",\"logo\":{\"@type\":\"ImageObject\",\"inLanguage\":\"pt-BR\",\"@id\":\"https:\\\/\\\/redenoticiaz.com.br\\\/litoralsp\\\/#\\\/schema\\\/logo\\\/image\\\/\",\"url\":\"https:\\\/\\\/redenoticiaz.com.br\\\/litoralsp\\\/wp-content\\\/uploads\\\/sites\\\/3\\\/2020\\\/11\\\/logo.jpg\",\"contentUrl\":\"https:\\\/\\\/redenoticiaz.com.br\\\/litoralsp\\\/wp-content\\\/uploads\\\/sites\\\/3\\\/2020\\\/11\\\/logo.jpg\",\"width\":400,\"height\":250,\"caption\":\"Litoral SP\"},\"image\":{\"@id\":\"https:\\\/\\\/redenoticiaz.com.br\\\/litoralsp\\\/#\\\/schema\\\/logo\\\/image\\\/\"}},{\"@type\":\"Person\",\"@id\":\"https:\\\/\\\/redenoticiaz.com.br\\\/litoralsp\\\/#\\\/schema\\\/person\\\/16057b37a3c0ee6b096d7f887c566e2e\",\"name\":\"Gustavo Silva\",\"image\":{\"@type\":\"ImageObject\",\"inLanguage\":\"pt-BR\",\"@id\":\"https:\\\/\\\/secure.gravatar.com\\\/avatar\\\/3ee4e82f93b26de0a7cf4ea5eb7893da637ed6bb0c9170c58065944c56e28a33?s=96&d=mm&r=g\",\"url\":\"https:\\\/\\\/secure.gravatar.com\\\/avatar\\\/3ee4e82f93b26de0a7cf4ea5eb7893da637ed6bb0c9170c58065944c56e28a33?s=96&d=mm&r=g\",\"contentUrl\":\"https:\\\/\\\/secure.gravatar.com\\\/avatar\\\/3ee4e82f93b26de0a7cf4ea5eb7893da637ed6bb0c9170c58065944c56e28a33?s=96&d=mm&r=g\",\"caption\":\"Gustavo Silva\"},\"url\":\"https:\\\/\\\/redenoticiaz.com.br\\\/litoralsp\\\/author\\\/gustavosilva\"}]}<\/script>\n<!-- \/ Yoast SEO plugin. -->","yoast_head_json":{"title":"Trio \u00e9 preso por morte de crian\u00e7a - Litoral SP","description":"A pol\u00edcia civil prendeu um casal e a irm\u00e3 da mulher por maltratarem sete filhos em\u00a0sete barras, no interior de s\u00e3o paulo.","robots":{"index":"index","follow":"follow","max-snippet":"max-snippet:-1","max-image-preview":"max-image-preview:large","max-video-preview":"max-video-preview:-1"},"canonical":"https:\/\/redenoticiaz.com.br\/litoralsp\/2024\/10\/18\/trio-e-preso-por-morte-de-crianca","og_locale":"pt_BR","og_type":"article","og_title":"Trio \u00e9 preso por morte de crian\u00e7a - Litoral SP","og_description":"A pol\u00edcia civil prendeu um casal e a irm\u00e3 da mulher por maltratarem sete filhos em\u00a0sete barras, no interior de s\u00e3o paulo.","og_url":"https:\/\/redenoticiaz.com.br\/litoralsp\/2024\/10\/18\/trio-e-preso-por-morte-de-crianca","og_site_name":"Litoral SP","article_published_time":"2024-10-18T19:45:30+00:00","og_image":[{"width":960,"height":503,"url":"https:\/\/redenoticiaz.com.br\/litoralsp\/wp-content\/uploads\/sites\/3\/2024\/08\/453042922_917600333717820_8860477121417584450_n.jpg?v=1721927834","type":"image\/jpeg"}],"author":"Gustavo Silva","twitter_card":"summary_large_image","twitter_misc":{"Escrito por":"Gustavo Silva","Est. tempo de leitura":"2 minutos"},"schema":{"@context":"https:\/\/schema.org","@graph":[{"@type":"Article","@id":"https:\/\/redenoticiaz.com.br\/litoralsp\/2024\/10\/18\/trio-e-preso-por-morte-de-crianca#article","isPartOf":{"@id":"https:\/\/redenoticiaz.com.br\/litoralsp\/2024\/10\/18\/trio-e-preso-por-morte-de-crianca"},"author":{"name":"Gustavo Silva","@id":"https:\/\/redenoticiaz.com.br\/litoralsp\/#\/schema\/person\/16057b37a3c0ee6b096d7f887c566e2e"},"headline":"Trio \u00e9 preso por morte de crian\u00e7a","datePublished":"2024-10-18T19:45:30+00:00","mainEntityOfPage":{"@id":"https:\/\/redenoticiaz.com.br\/litoralsp\/2024\/10\/18\/trio-e-preso-por-morte-de-crianca"},"wordCount":244,"commentCount":0,"publisher":{"@id":"https:\/\/redenoticiaz.com.br\/litoralsp\/#organization"},"image":{"@id":"https:\/\/redenoticiaz.com.br\/litoralsp\/2024\/10\/18\/trio-e-preso-por-morte-de-crianca#primaryimage"},"thumbnailUrl":"https:\/\/redenoticiaz.com.br\/litoralsp\/wp-content\/uploads\/sites\/3\/2024\/08\/453042922_917600333717820_8860477121417584450_n.jpg?v=1721927834","keywords":["hospital sete barras","POL\u00cdCIA","POL\u00cdCIA CIVIL"],"articleSection":["Cidades","Iguape","Ilha Comprida","Pol\u00edcia"],"inLanguage":"pt-BR","potentialAction":[{"@type":"CommentAction","name":"Comment","target":["https:\/\/redenoticiaz.com.br\/litoralsp\/2024\/10\/18\/trio-e-preso-por-morte-de-crianca#respond"]}]},{"@type":"WebPage","@id":"https:\/\/redenoticiaz.com.br\/litoralsp\/2024\/10\/18\/trio-e-preso-por-morte-de-crianca","url":"https:\/\/redenoticiaz.com.br\/litoralsp\/2024\/10\/18\/trio-e-preso-por-morte-de-crianca","name":"Trio \u00e9 preso por morte de crian\u00e7a - Litoral SP","isPartOf":{"@id":"https:\/\/redenoticiaz.com.br\/litoralsp\/#website"},"primaryImageOfPage":{"@id":"https:\/\/redenoticiaz.com.br\/litoralsp\/2024\/10\/18\/trio-e-preso-por-morte-de-crianca#primaryimage"},"image":{"@id":"https:\/\/redenoticiaz.com.br\/litoralsp\/2024\/10\/18\/trio-e-preso-por-morte-de-crianca#primaryimage"},"thumbnailUrl":"https:\/\/redenoticiaz.com.br\/litoralsp\/wp-content\/uploads\/sites\/3\/2024\/08\/453042922_917600333717820_8860477121417584450_n.jpg?v=1721927834","datePublished":"2024-10-18T19:45:30+00:00","description":"A pol\u00edcia civil prendeu um casal e a irm\u00e3 da mulher por maltratarem sete filhos em\u00a0sete barras, no interior de s\u00e3o paulo.","inLanguage":"pt-BR","potentialAction":[{"@type":"ReadAction","target":["https:\/\/redenoticiaz.com.br\/litoralsp\/2024\/10\/18\/trio-e-preso-por-morte-de-crianca"]}]},{"@type":"ImageObject","inLanguage":"pt-BR","@id":"https:\/\/redenoticiaz.com.br\/litoralsp\/2024\/10\/18\/trio-e-preso-por-morte-de-crianca#primaryimage","url":"https:\/\/redenoticiaz.com.br\/litoralsp\/wp-content\/uploads\/sites\/3\/2024\/08\/453042922_917600333717820_8860477121417584450_n.jpg?v=1721927834","contentUrl":"https:\/\/redenoticiaz.com.br\/litoralsp\/wp-content\/uploads\/sites\/3\/2024\/08\/453042922_917600333717820_8860477121417584450_n.jpg?v=1721927834","width":960,"height":503},{"@type":"WebSite","@id":"https:\/\/redenoticiaz.com.br\/litoralsp\/#website","url":"https:\/\/redenoticiaz.com.br\/litoralsp\/","name":"Litoral SP","description":"Rede NoticiaZ","publisher":{"@id":"https:\/\/redenoticiaz.com.br\/litoralsp\/#organization"},"potentialAction":[{"@type":"SearchAction","target":{"@type":"EntryPoint","urlTemplate":"https:\/\/redenoticiaz.com.br\/litoralsp\/?s={search_term_string}"},"query-input":{"@type":"PropertyValueSpecification","valueRequired":true,"valueName":"search_term_string"}}],"inLanguage":"pt-BR"},{"@type":"Organization","@id":"https:\/\/redenoticiaz.com.br\/litoralsp\/#organization","name":"Litoral SP","url":"https:\/\/redenoticiaz.com.br\/litoralsp\/","logo":{"@type":"ImageObject","inLanguage":"pt-BR","@id":"https:\/\/redenoticiaz.com.br\/litoralsp\/#\/schema\/logo\/image\/","url":"https:\/\/redenoticiaz.com.br\/litoralsp\/wp-content\/uploads\/sites\/3\/2020\/11\/logo.jpg","contentUrl":"https:\/\/redenoticiaz.com.br\/litoralsp\/wp-content\/uploads\/sites\/3\/2020\/11\/logo.jpg","width":400,"height":250,"caption":"Litoral SP"},"image":{"@id":"https:\/\/redenoticiaz.com.br\/litoralsp\/#\/schema\/logo\/image\/"}},{"@type":"Person","@id":"https:\/\/redenoticiaz.com.br\/litoralsp\/#\/schema\/person\/16057b37a3c0ee6b096d7f887c566e2e","name":"Gustavo Silva","image":{"@type":"ImageObject","inLanguage":"pt-BR","@id":"https:\/\/secure.gravatar.com\/avatar\/3ee4e82f93b26de0a7cf4ea5eb7893da637ed6bb0c9170c58065944c56e28a33?s=96&d=mm&r=g","url":"https:\/\/secure.gravatar.com\/avatar\/3ee4e82f93b26de0a7cf4ea5eb7893da637ed6bb0c9170c58065944c56e28a33?s=96&d=mm&r=g","contentUrl":"https:\/\/secure.gravatar.com\/avatar\/3ee4e82f93b26de0a7cf4ea5eb7893da637ed6bb0c9170c58065944c56e28a33?s=96&d=mm&r=g","caption":"Gustavo Silva"},"url":"https:\/\/redenoticiaz.com.br\/litoralsp\/author\/gustavosilva"}]}},"_links":{"self":[{"href":"https:\/\/redenoticiaz.com.br\/litoralsp\/wp-json\/wp\/v2\/posts\/118880","targetHints":{"allow":["GET"]}}],"collection":[{"href":"https:\/\/redenoticiaz.com.br\/litoralsp\/wp-json\/wp\/v2\/posts"}],"about":[{"href":"https:\/\/redenoticiaz.com.br\/litoralsp\/wp-json\/wp\/v2\/types\/post"}],"author":[{"embeddable":true,"href":"https:\/\/redenoticiaz.com.br\/litoralsp\/wp-json\/wp\/v2\/users\/12"}],"replies":[{"embeddable":true,"href":"https:\/\/redenoticiaz.com.br\/litoralsp\/wp-json\/wp\/v2\/comments?post=118880"}],"version-history":[{"count":1,"href":"https:\/\/redenoticiaz.com.br\/litoralsp\/wp-json\/wp\/v2\/posts\/118880\/revisions"}],"predecessor-version":[{"id":118881,"href":"https:\/\/redenoticiaz.com.br\/litoralsp\/wp-json\/wp\/v2\/posts\/118880\/revisions\/118881"}],"wp:featuredmedia":[{"embeddable":true,"href":"https:\/\/redenoticiaz.com.br\/litoralsp\/wp-json\/wp\/v2\/media\/117751"}],"wp:attachment":[{"href":"https:\/\/redenoticiaz.com.br\/litoralsp\/wp-json\/wp\/v2\/media?parent=118880"}],"wp:term":[{"taxonomy":"category","embeddable":true,"href":"https:\/\/redenoticiaz.com.br\/litoralsp\/wp-json\/wp\/v2\/categories?post=118880"},{"taxonomy":"post_tag","embeddable":true,"href":"https:\/\/redenoticiaz.com.br\/litoralsp\/wp-json\/wp\/v2\/tags?post=118880"}],"curies":[{"name":"wp","href":"https:\/\/api.w.org\/{rel}","templated":true}]}}